{"id":84898,"date":"2026-09-06T14:04:40","date_gmt":"2026-09-06T12:04:40","guid":{"rendered":"https:\/\/www.livemag.it\/index.php\/2026\/09\/06\/giustizia-nordio-sconfitta-referendum-dolorosa-ora-ci-vorra-tempo-per-riforma\/"},"modified":"2026-09-06T14:04:40","modified_gmt":"2026-09-06T12:04:40","slug":"giustizia-nordio-sconfitta-referendum-dolorosa-ora-ci-vorra-tempo-per-riforma","status":"publish","type":"post","link":"https:\/\/www.livemag.it\/index.php\/2026\/09\/06\/giustizia-nordio-sconfitta-referendum-dolorosa-ora-ci-vorra-tempo-per-riforma\/","title":{"rendered":"Giustizia, Nordio \u201cSconfitta referendum dolorosa, ora ci vorr\u00e0 tempo per riforma\u201d"},"content":{"rendered":"<div>\n<p>CERNOBBIO (ITALPRESS) \u2013 \u201cLa sconfitta al referendum \u00e8 stata dolorosa perch\u00e8 inattesa e i sondaggi nella proiezione erano favorevoli. Vista in prospettiva non \u00e8 una catastrofe, perch\u00e8 perdere 53% a 47% vuol dire che il 47% degli italiani ritiene il tema degno di essere affrontato. Ma ora che \u00e8 fallita ci vorr\u00e0 tempo per riaverla in discussione\u201d. Lo ha detto il ministro della Giustizia, Carlo Nordio, intervenendo al Forum Teha di Cernobbio.<br \/>-foto Ipa Agency-<br \/>(ITALPRESS).<\/p>\n<\/div>\n","protected":false},"excerpt":{"rendered":"<p>CERNOBBIO (ITALPRESS) \u2013 \u201cLa sconfitta al referendum \u00e8 stata dolorosa perch\u00e8 inattesa e i sondaggi nella proiezione erano favorevoli. Vista in prospettiva non \u00e8 una catastrofe, perch\u00e8 perdere 53% a 47% vuol dire che il 47% degli italiani ritiene il tema degno di essere affrontato. Ma ora che \u00e8 fallita ci vorr\u00e0 tempo per riaverla [&hellip;]<\/p>\n","protected":false},"author":16,"featured_media":84899,"comment_status":"closed","ping_status":"closed","sticky":false,"template":"","format":"standard","meta":{"jnews-multi-image_gallery":[],"jnews_single_post":[],"jnews_primary_category":[],"jnews_social_meta":[],"jnews_override_counter":[],"jnews_post_split":[],"footnotes":"","_members_access_role":[],"_members_access_error":""},"categories":[1129],"tags":[],"class_list":["post-84898","post","type-post","status-publish","format-standard","has-post-thumbnail","hentry","category-mondo"],"yoast_head":"<!-- This site is optimized with the Yoast SEO plugin v28.4 - https:\/\/yoast.com\/product\/yoast-seo-wordpress\/ -->\n<title>Giustizia, Nordio \u201cSconfitta referendum dolorosa, ora ci vorr\u00e0 tempo per riforma\u201d - Live Magazine<\/title>\n<meta name=\"robots\" content=\"index, follow, max-snippet:-1, max-image-preview:large, max-video-preview:-1\" \/>\n<link rel=\"canonical\" href=\"https:\/\/www.livemag.it\/index.php\/2026\/09\/06\/giustizia-nordio-sconfitta-referendum-dolorosa-ora-ci-vorra-tempo-per-riforma\/\" \/>\n<meta property=\"og:locale\" content=\"it_IT\" \/>\n<meta property=\"og:type\" content=\"article\" \/>\n<meta property=\"og:title\" content=\"Giustizia, Nordio \u201cSconfitta referendum dolorosa, ora ci vorr\u00e0 tempo per riforma\u201d - Live Magazine\" \/>\n<meta property=\"og:description\" content=\"CERNOBBIO (ITALPRESS) \u2013 \u201cLa sconfitta al referendum \u00e8 stata dolorosa perch\u00e8 inattesa e i sondaggi nella proiezione erano favorevoli. Vista in prospettiva non \u00e8 una catastrofe, perch\u00e8 perdere 53% a 47% vuol dire che il 47% degli italiani ritiene il tema degno di essere affrontato. Ma ora che \u00e8 fallita ci vorr\u00e0 tempo per riaverla [&hellip;]\" \/>\n<meta property=\"og:url\" content=\"https:\/\/www.livemag.it\/index.php\/2026\/09\/06\/giustizia-nordio-sconfitta-referendum-dolorosa-ora-ci-vorra-tempo-per-riforma\/\" \/>\n<meta property=\"og:site_name\" content=\"Live Magazine\" \/>\n<meta property=\"article:publisher\" content=\"https:\/\/www.facebook.com\/LiveMag\/\" \/>\n<meta property=\"article:published_time\" content=\"2026-09-06T12:04:40+00:00\" \/>\n<meta property=\"og:image\" content=\"https:\/\/www.livemag.it\/wp-content\/uploads\/2024\/02\/ograph.jpg\" \/>\n\t<meta property=\"og:image:width\" content=\"1200\" \/>\n\t<meta property=\"og:image:height\" content=\"675\" \/>\n\t<meta property=\"og:image:type\" content=\"image\/jpeg\" \/>\n<meta name=\"author\" content=\"italpress\" \/>\n<meta name=\"twitter:card\" content=\"summary_large_image\" \/>\n<meta name=\"twitter:creator\" content=\"@LiveNotizie\" \/>\n<meta name=\"twitter:site\" content=\"@LiveNotizie\" \/>\n<meta name=\"twitter:label1\" content=\"Scritto da\" \/>\n\t<meta name=\"twitter:data1\" content=\"italpress\" \/>\n<script type=\"application\/ld+json\" class=\"yoast-schema-graph\">{\"@context\":\"https:\\\/\\\/schema.org\",\"@graph\":[{\"@type\":\"Article\",\"@id\":\"https:\\\/\\\/www.livemag.it\\\/index.php\\\/2026\\\/09\\\/06\\\/giustizia-nordio-sconfitta-referendum-dolorosa-ora-ci-vorra-tempo-per-riforma\\\/#article\",\"isPartOf\":{\"@id\":\"https:\\\/\\\/www.livemag.it\\\/index.php\\\/2026\\\/09\\\/06\\\/giustizia-nordio-sconfitta-referendum-dolorosa-ora-ci-vorra-tempo-per-riforma\\\/\"},\"author\":{\"name\":\"italpress\",\"@id\":\"https:\\\/\\\/www.livemag.it\\\/#\\\/schema\\\/person\\\/b62c5f44451fdcdaeb0afe6c2424e73c\"},\"headline\":\"Giustizia, Nordio \u201cSconfitta referendum dolorosa, ora ci vorr\u00e0 tempo per riforma\u201d\",\"datePublished\":\"2026-09-06T12:04:40+00:00\",\"mainEntityOfPage\":{\"@id\":\"https:\\\/\\\/www.livemag.it\\\/index.php\\\/2026\\\/09\\\/06\\\/giustizia-nordio-sconfitta-referendum-dolorosa-ora-ci-vorra-tempo-per-riforma\\\/\"},\"wordCount\":80,\"publisher\":{\"@id\":\"https:\\\/\\\/www.livemag.it\\\/#organization\"},\"image\":{\"@id\":\"https:\\\/\\\/www.livemag.it\\\/index.php\\\/2026\\\/09\\\/06\\\/giustizia-nordio-sconfitta-referendum-dolorosa-ora-ci-vorra-tempo-per-riforma\\\/#primaryimage\"},\"thumbnailUrl\":\"https:\\\/\\\/www.livemag.it\\\/wp-content\\\/uploads\\\/2026\\\/09\\\/20260906_0425.jpg\",\"articleSection\":[\"Mondo\"],\"inLanguage\":\"it-IT\"},{\"@type\":\"WebPage\",\"@id\":\"https:\\\/\\\/www.livemag.it\\\/index.php\\\/2026\\\/09\\\/06\\\/giustizia-nordio-sconfitta-referendum-dolorosa-ora-ci-vorra-tempo-per-riforma\\\/\",\"url\":\"https:\\\/\\\/www.livemag.it\\\/index.php\\\/2026\\\/09\\\/06\\\/giustizia-nordio-sconfitta-referendum-dolorosa-ora-ci-vorra-tempo-per-riforma\\\/\",\"name\":\"Giustizia, Nordio \u201cSconfitta referendum dolorosa, ora ci vorr\u00e0 tempo per riforma\u201d - Live Magazine\",\"isPartOf\":{\"@id\":\"https:\\\/\\\/www.livemag.it\\\/#website\"},\"primaryImageOfPage\":{\"@id\":\"https:\\\/\\\/www.livemag.it\\\/index.php\\\/2026\\\/09\\\/06\\\/giustizia-nordio-sconfitta-referendum-dolorosa-ora-ci-vorra-tempo-per-riforma\\\/#primaryimage\"},\"image\":{\"@id\":\"https:\\\/\\\/www.livemag.it\\\/index.php\\\/2026\\\/09\\\/06\\\/giustizia-nordio-sconfitta-referendum-dolorosa-ora-ci-vorra-tempo-per-riforma\\\/#primaryimage\"},\"thumbnailUrl\":\"https:\\\/\\\/www.livemag.it\\\/wp-content\\\/uploads\\\/2026\\\/09\\\/20260906_0425.jpg\",\"datePublished\":\"2026-09-06T12:04:40+00:00\",\"breadcrumb\":{\"@id\":\"https:\\\/\\\/www.livemag.it\\\/index.php\\\/2026\\\/09\\\/06\\\/giustizia-nordio-sconfitta-referendum-dolorosa-ora-ci-vorra-tempo-per-riforma\\\/#breadcrumb\"},\"inLanguage\":\"it-IT\",\"potentialAction\":[{\"@type\":\"ReadAction\",\"target\":[\"https:\\\/\\\/www.livemag.it\\\/index.php\\\/2026\\\/09\\\/06\\\/giustizia-nordio-sconfitta-referendum-dolorosa-ora-ci-vorra-tempo-per-riforma\\\/\"]}]},{\"@type\":\"ImageObject\",\"inLanguage\":\"it-IT\",\"@id\":\"https:\\\/\\\/www.livemag.it\\\/index.php\\\/2026\\\/09\\\/06\\\/giustizia-nordio-sconfitta-referendum-dolorosa-ora-ci-vorra-tempo-per-riforma\\\/#primaryimage\",\"url\":\"https:\\\/\\\/www.livemag.it\\\/wp-content\\\/uploads\\\/2026\\\/09\\\/20260906_0425.jpg\",\"contentUrl\":\"https:\\\/\\\/www.livemag.it\\\/wp-content\\\/uploads\\\/2026\\\/09\\\/20260906_0425.jpg\",\"width\":1200,\"height\":800},{\"@type\":\"BreadcrumbList\",\"@id\":\"https:\\\/\\\/www.livemag.it\\\/index.php\\\/2026\\\/09\\\/06\\\/giustizia-nordio-sconfitta-referendum-dolorosa-ora-ci-vorra-tempo-per-riforma\\\/#breadcrumb\",\"itemListElement\":[{\"@type\":\"ListItem\",\"position\":1,\"name\":\"Home\",\"item\":\"https:\\\/\\\/www.livemag.it\\\/\"},{\"@type\":\"ListItem\",\"position\":2,\"name\":\"Giustizia, Nordio \u201cSconfitta referendum dolorosa, ora ci vorr\u00e0 tempo per riforma\u201d\"}]},{\"@type\":\"WebSite\",\"@id\":\"https:\\\/\\\/www.livemag.it\\\/#website\",\"url\":\"https:\\\/\\\/www.livemag.it\\\/\",\"name\":\"Live Magazine\",\"description\":\"Varie ed eventi\",\"publisher\":{\"@id\":\"https:\\\/\\\/www.livemag.it\\\/#organization\"},\"potentialAction\":[{\"@type\":\"SearchAction\",\"target\":{\"@type\":\"EntryPoint\",\"urlTemplate\":\"https:\\\/\\\/www.livemag.it\\\/?s={search_term_string}\"},\"query-input\":{\"@type\":\"PropertyValueSpecification\",\"valueRequired\":true,\"valueName\":\"search_term_string\"}}],\"inLanguage\":\"it-IT\"},{\"@type\":\"Organization\",\"@id\":\"https:\\\/\\\/www.livemag.it\\\/#organization\",\"name\":\"LiveMag\",\"alternateName\":\"LiveMag News ed eventi\",\"url\":\"https:\\\/\\\/www.livemag.it\\\/\",\"logo\":{\"@type\":\"ImageObject\",\"inLanguage\":\"it-IT\",\"@id\":\"https:\\\/\\\/www.livemag.it\\\/#\\\/schema\\\/logo\\\/image\\\/\",\"url\":\"https:\\\/\\\/www.livemag.it\\\/wp-content\\\/uploads\\\/2024\\\/02\\\/immagine-sito.jpg\",\"contentUrl\":\"https:\\\/\\\/www.livemag.it\\\/wp-content\\\/uploads\\\/2024\\\/02\\\/immagine-sito.jpg\",\"width\":696,\"height\":696,\"caption\":\"LiveMag\"},\"image\":{\"@id\":\"https:\\\/\\\/www.livemag.it\\\/#\\\/schema\\\/logo\\\/image\\\/\"},\"sameAs\":[\"https:\\\/\\\/www.facebook.com\\\/LiveMag\\\/\",\"https:\\\/\\\/x.com\\\/LiveNotizie\",\"https:\\\/\\\/www.instagram.com\\\/livemag\\\/\"]},{\"@type\":\"Person\",\"@id\":\"https:\\\/\\\/www.livemag.it\\\/#\\\/schema\\\/person\\\/b62c5f44451fdcdaeb0afe6c2424e73c\",\"name\":\"italpress\",\"image\":{\"@type\":\"ImageObject\",\"inLanguage\":\"it-IT\",\"@id\":\"https:\\\/\\\/secure.gravatar.com\\\/avatar\\\/b6a21695fc713ce7ee312cf57c97e2e641feb365be72d8745574d3c3e2b59066?s=96&r=g\",\"url\":\"https:\\\/\\\/secure.gravatar.com\\\/avatar\\\/b6a21695fc713ce7ee312cf57c97e2e641feb365be72d8745574d3c3e2b59066?s=96&r=g\",\"contentUrl\":\"https:\\\/\\\/secure.gravatar.com\\\/avatar\\\/b6a21695fc713ce7ee312cf57c97e2e641feb365be72d8745574d3c3e2b59066?s=96&r=g\",\"caption\":\"italpress\"},\"description\":\"Italpress \u00e8 un'agenzia di stampa italiana a carattere nazionale.\",\"url\":\"https:\\\/\\\/www.livemag.it\\\/index.php\\\/author\\\/italpress\\\/\"}]}<\/script>\n<!-- \/ Yoast SEO plugin. -->","yoast_head_json":{"title":"Giustizia, Nordio \u201cSconfitta referendum dolorosa, ora ci vorr\u00e0 tempo per riforma\u201d - Live Magazine","robots":{"index":"index","follow":"follow","max-snippet":"max-snippet:-1","max-image-preview":"max-image-preview:large","max-video-preview":"max-video-preview:-1"},"canonical":"https:\/\/www.livemag.it\/index.php\/2026\/09\/06\/giustizia-nordio-sconfitta-referendum-dolorosa-ora-ci-vorra-tempo-per-riforma\/","og_locale":"it_IT","og_type":"article","og_title":"Giustizia, Nordio \u201cSconfitta referendum dolorosa, ora ci vorr\u00e0 tempo per riforma\u201d - Live Magazine","og_description":"CERNOBBIO (ITALPRESS) \u2013 \u201cLa sconfitta al referendum \u00e8 stata dolorosa perch\u00e8 inattesa e i sondaggi nella proiezione erano favorevoli. Vista in prospettiva non \u00e8 una catastrofe, perch\u00e8 perdere 53% a 47% vuol dire che il 47% degli italiani ritiene il tema degno di essere affrontato. Ma ora che \u00e8 fallita ci vorr\u00e0 tempo per riaverla [&hellip;]","og_url":"https:\/\/www.livemag.it\/index.php\/2026\/09\/06\/giustizia-nordio-sconfitta-referendum-dolorosa-ora-ci-vorra-tempo-per-riforma\/","og_site_name":"Live Magazine","article_publisher":"https:\/\/www.facebook.com\/LiveMag\/","article_published_time":"2026-09-06T12:04:40+00:00","og_image":[{"width":1200,"height":675,"url":"https:\/\/www.livemag.it\/wp-content\/uploads\/2024\/02\/ograph.jpg","type":"image\/jpeg"}],"author":"italpress","twitter_card":"summary_large_image","twitter_creator":"@LiveNotizie","twitter_site":"@LiveNotizie","twitter_misc":{"Scritto da":"italpress"},"schema":{"@context":"https:\/\/schema.org","@graph":[{"@type":"Article","@id":"https:\/\/www.livemag.it\/index.php\/2026\/09\/06\/giustizia-nordio-sconfitta-referendum-dolorosa-ora-ci-vorra-tempo-per-riforma\/#article","isPartOf":{"@id":"https:\/\/www.livemag.it\/index.php\/2026\/09\/06\/giustizia-nordio-sconfitta-referendum-dolorosa-ora-ci-vorra-tempo-per-riforma\/"},"author":{"name":"italpress","@id":"https:\/\/www.livemag.it\/#\/schema\/person\/b62c5f44451fdcdaeb0afe6c2424e73c"},"headline":"Giustizia, Nordio \u201cSconfitta referendum dolorosa, ora ci vorr\u00e0 tempo per riforma\u201d","datePublished":"2026-09-06T12:04:40+00:00","mainEntityOfPage":{"@id":"https:\/\/www.livemag.it\/index.php\/2026\/09\/06\/giustizia-nordio-sconfitta-referendum-dolorosa-ora-ci-vorra-tempo-per-riforma\/"},"wordCount":80,"publisher":{"@id":"https:\/\/www.livemag.it\/#organization"},"image":{"@id":"https:\/\/www.livemag.it\/index.php\/2026\/09\/06\/giustizia-nordio-sconfitta-referendum-dolorosa-ora-ci-vorra-tempo-per-riforma\/#primaryimage"},"thumbnailUrl":"https:\/\/www.livemag.it\/wp-content\/uploads\/2026\/09\/20260906_0425.jpg","articleSection":["Mondo"],"inLanguage":"it-IT"},{"@type":"WebPage","@id":"https:\/\/www.livemag.it\/index.php\/2026\/09\/06\/giustizia-nordio-sconfitta-referendum-dolorosa-ora-ci-vorra-tempo-per-riforma\/","url":"https:\/\/www.livemag.it\/index.php\/2026\/09\/06\/giustizia-nordio-sconfitta-referendum-dolorosa-ora-ci-vorra-tempo-per-riforma\/","name":"Giustizia, Nordio \u201cSconfitta referendum dolorosa, ora ci vorr\u00e0 tempo per riforma\u201d - Live Magazine","isPartOf":{"@id":"https:\/\/www.livemag.it\/#website"},"primaryImageOfPage":{"@id":"https:\/\/www.livemag.it\/index.php\/2026\/09\/06\/giustizia-nordio-sconfitta-referendum-dolorosa-ora-ci-vorra-tempo-per-riforma\/#primaryimage"},"image":{"@id":"https:\/\/www.livemag.it\/index.php\/2026\/09\/06\/giustizia-nordio-sconfitta-referendum-dolorosa-ora-ci-vorra-tempo-per-riforma\/#primaryimage"},"thumbnailUrl":"https:\/\/www.livemag.it\/wp-content\/uploads\/2026\/09\/20260906_0425.jpg","datePublished":"2026-09-06T12:04:40+00:00","breadcrumb":{"@id":"https:\/\/www.livemag.it\/index.php\/2026\/09\/06\/giustizia-nordio-sconfitta-referendum-dolorosa-ora-ci-vorra-tempo-per-riforma\/#breadcrumb"},"inLanguage":"it-IT","potentialAction":[{"@type":"ReadAction","target":["https:\/\/www.livemag.it\/index.php\/2026\/09\/06\/giustizia-nordio-sconfitta-referendum-dolorosa-ora-ci-vorra-tempo-per-riforma\/"]}]},{"@type":"ImageObject","inLanguage":"it-IT","@id":"https:\/\/www.livemag.it\/index.php\/2026\/09\/06\/giustizia-nordio-sconfitta-referendum-dolorosa-ora-ci-vorra-tempo-per-riforma\/#primaryimage","url":"https:\/\/www.livemag.it\/wp-content\/uploads\/2026\/09\/20260906_0425.jpg","contentUrl":"https:\/\/www.livemag.it\/wp-content\/uploads\/2026\/09\/20260906_0425.jpg","width":1200,"height":800},{"@type":"BreadcrumbList","@id":"https:\/\/www.livemag.it\/index.php\/2026\/09\/06\/giustizia-nordio-sconfitta-referendum-dolorosa-ora-ci-vorra-tempo-per-riforma\/#breadcrumb","itemListElement":[{"@type":"ListItem","position":1,"name":"Home","item":"https:\/\/www.livemag.it\/"},{"@type":"ListItem","position":2,"name":"Giustizia, Nordio \u201cSconfitta referendum dolorosa, ora ci vorr\u00e0 tempo per riforma\u201d"}]},{"@type":"WebSite","@id":"https:\/\/www.livemag.it\/#website","url":"https:\/\/www.livemag.it\/","name":"Live Magazine","description":"Varie ed eventi","publisher":{"@id":"https:\/\/www.livemag.it\/#organization"},"potentialAction":[{"@type":"SearchAction","target":{"@type":"EntryPoint","urlTemplate":"https:\/\/www.livemag.it\/?s={search_term_string}"},"query-input":{"@type":"PropertyValueSpecification","valueRequired":true,"valueName":"search_term_string"}}],"inLanguage":"it-IT"},{"@type":"Organization","@id":"https:\/\/www.livemag.it\/#organization","name":"LiveMag","alternateName":"LiveMag News ed eventi","url":"https:\/\/www.livemag.it\/","logo":{"@type":"ImageObject","inLanguage":"it-IT","@id":"https:\/\/www.livemag.it\/#\/schema\/logo\/image\/","url":"https:\/\/www.livemag.it\/wp-content\/uploads\/2024\/02\/immagine-sito.jpg","contentUrl":"https:\/\/www.livemag.it\/wp-content\/uploads\/2024\/02\/immagine-sito.jpg","width":696,"height":696,"caption":"LiveMag"},"image":{"@id":"https:\/\/www.livemag.it\/#\/schema\/logo\/image\/"},"sameAs":["https:\/\/www.facebook.com\/LiveMag\/","https:\/\/x.com\/LiveNotizie","https:\/\/www.instagram.com\/livemag\/"]},{"@type":"Person","@id":"https:\/\/www.livemag.it\/#\/schema\/person\/b62c5f44451fdcdaeb0afe6c2424e73c","name":"italpress","image":{"@type":"ImageObject","inLanguage":"it-IT","@id":"https:\/\/secure.gravatar.com\/avatar\/b6a21695fc713ce7ee312cf57c97e2e641feb365be72d8745574d3c3e2b59066?s=96&r=g","url":"https:\/\/secure.gravatar.com\/avatar\/b6a21695fc713ce7ee312cf57c97e2e641feb365be72d8745574d3c3e2b59066?s=96&r=g","contentUrl":"https:\/\/secure.gravatar.com\/avatar\/b6a21695fc713ce7ee312cf57c97e2e641feb365be72d8745574d3c3e2b59066?s=96&r=g","caption":"italpress"},"description":"Italpress \u00e8 un'agenzia di stampa italiana a carattere nazionale.","url":"https:\/\/www.livemag.it\/index.php\/author\/italpress\/"}]}},"jetpack_featured_media_url":"https:\/\/www.livemag.it\/wp-content\/uploads\/2026\/09\/20260906_0425.jpg","_links":{"self":[{"href":"https:\/\/www.livemag.it\/index.php\/wp-json\/wp\/v2\/posts\/84898","targetHints":{"allow":["GET"]}}],"collection":[{"href":"https:\/\/www.livemag.it\/index.php\/wp-json\/wp\/v2\/posts"}],"about":[{"href":"https:\/\/www.livemag.it\/index.php\/wp-json\/wp\/v2\/types\/post"}],"author":[{"embeddable":true,"href":"https:\/\/www.livemag.it\/index.php\/wp-json\/wp\/v2\/users\/16"}],"replies":[{"embeddable":true,"href":"https:\/\/www.livemag.it\/index.php\/wp-json\/wp\/v2\/comments?post=84898"}],"version-history":[{"count":0,"href":"https:\/\/www.livemag.it\/index.php\/wp-json\/wp\/v2\/posts\/84898\/revisions"}],"wp:featuredmedia":[{"embeddable":true,"href":"https:\/\/www.livemag.it\/index.php\/wp-json\/wp\/v2\/media\/84899"}],"wp:attachment":[{"href":"https:\/\/www.livemag.it\/index.php\/wp-json\/wp\/v2\/media?parent=84898"}],"wp:term":[{"taxonomy":"category","embeddable":true,"href":"https:\/\/www.livemag.it\/index.php\/wp-json\/wp\/v2\/categories?post=84898"},{"taxonomy":"post_tag","embeddable":true,"href":"https:\/\/www.livemag.it\/index.php\/wp-json\/wp\/v2\/tags?post=84898"}],"curies":[{"name":"wp","href":"https:\/\/api.w.org\/{rel}","templated":true}]}}