{"id":84819,"date":"2026-09-05T11:13:21","date_gmt":"2026-09-05T09:13:21","guid":{"rendered":"https:\/\/www.livemag.it\/?p=84819"},"modified":"2026-09-05T11:13:22","modified_gmt":"2026-09-05T09:13:22","slug":"moda-televisione-e-fascino-lappuntamento-da-non-perdere-a-roma","status":"publish","type":"post","link":"https:\/\/www.livemag.it\/index.php\/2026\/09\/05\/moda-televisione-e-fascino-lappuntamento-da-non-perdere-a-roma\/","title":{"rendered":"Moda, televisione e fascino: l&#8217;appuntamento da non perdere a Roma"},"content":{"rendered":"\n<h2 class=\"wp-block-heading\">Cinecitt\u00e0 World diventa la cornice ideale di un evento straordinario dove eleganza, creativit\u00e0 e personalit\u00e0 si fondono sul palco<\/h2>\n\n\n\n<p class=\"wp-block-paragraph\">Nel mese di settembre, <strong>Cinecitt\u00e0 World<\/strong>, il <strong>Parco del Cinema e della TV di Roma<\/strong>, accoglie la <strong>Finale Nazionale di Miss Grand International Italy 2026<\/strong>, uno degli appuntamenti pi\u00f9 attesi nel mondo della moda, dell&#8217;intrattenimento e del talento giovanile. Nell&#8217;arco di <strong>otto giorni<\/strong>, le finaliste giunte da tutta Italia affrontano un percorso intenso tra shooting fotografici, sessioni di prove, attivit\u00e0 formative, esibizioni e occasioni di intrattenimento, all&#8217;interno di una manifestazione nata per premiare non solo l&#8217;aspetto estetico, ma anche il carisma, le competenze comunicative e la personalit\u00e0 delle concorrenti.<\/p>\n\n\n\n<h3 class=\"wp-block-heading\">Il programma degli appuntamenti principali a Cinecitt\u00e0 World<\/h3>\n\n\n<div class=\"wp-block-image\">\n<figure class=\"alignleft size-large is-resized\"><img fetchpriority=\"high\" decoding=\"async\" width=\"820\" height=\"1024\" src=\"https:\/\/www.livemag.it\/wp-content\/uploads\/2026\/09\/Miss-Grand-International-Italy-1-820x1024.jpg\" alt=\"Miss Grand International Italy\" class=\"wp-image-84824\" style=\"width:474px;height:auto\" srcset=\"https:\/\/www.livemag.it\/wp-content\/uploads\/2026\/09\/Miss-Grand-International-Italy-1-820x1024.jpg 820w, https:\/\/www.livemag.it\/wp-content\/uploads\/2026\/09\/Miss-Grand-International-Italy-1-240x300.jpg 240w, https:\/\/www.livemag.it\/wp-content\/uploads\/2026\/09\/Miss-Grand-International-Italy-1-768x960.jpg 768w, https:\/\/www.livemag.it\/wp-content\/uploads\/2026\/09\/Miss-Grand-International-Italy-1-1229x1536.jpg 1229w, https:\/\/www.livemag.it\/wp-content\/uploads\/2026\/09\/Miss-Grand-International-Italy-1-750x937.jpg 750w, https:\/\/www.livemag.it\/wp-content\/uploads\/2026\/09\/Miss-Grand-International-Italy-1-1140x1424.jpg 1140w, https:\/\/www.livemag.it\/wp-content\/uploads\/2026\/09\/Miss-Grand-International-Italy-1.jpg 1639w\" sizes=\"(max-width: 820px) 100vw, 820px\" \/><\/figure>\n<\/div>\n\n\n<p class=\"wp-block-paragraph\">La manifestazione si sviluppa attraverso una serie di tappe fondamentali:<\/p>\n\n\n\n<ul class=\"wp-block-list\">\n<li><strong>1 settembre \u2013 Semifinale Nazionale<\/strong>: le partecipanti si sono confrontate per ottenere l&#8217;accesso all&#8217;atto conclusivo della competizione.<\/li>\n\n\n\n<li><strong>3 settembre \u2013 Talent Show<\/strong>: una serata interamente dedicata alle performance artistiche delle concorrenti, che hanno avuto modo di mostrare agli spettatori le proprie abilit\u00e0 e il proprio talento.<\/li>\n\n\n\n<li><strong>5 settembre \u2013 Presentazione Ufficiale della Mascotte<\/strong>: un momento speciale dedicato al debutto del nuovo simbolo del concorso, ideato per affiancare il marchio nelle future iniziative sia nazionali sia internazionali.<\/li>\n\n\n\n<li><strong>6 settembre \u2013 Finalissima Nazionale<\/strong>: l&#8217;appuntamento conclusivo in cui viene eletta la vincitrice di <strong>Miss Grand International Italy 2026<\/strong>, che rappresenter\u00e0 l&#8217;Italia alla finale mondiale di <strong>Miss Grand International<\/strong>.<\/li>\n<\/ul>\n\n\n\n<h3 class=\"wp-block-heading\">Gli ospiti speciali e i personaggi del mondo dello spettacolo<\/h3>\n\n\n\n<p class=\"wp-block-paragraph\">Ad arricchire la kermesse intervengono celebri volti del panorama televisivo e dell&#8217;intrattenimento:<\/p>\n\n\n\n<ul class=\"wp-block-list\">\n<li><strong>Beppe Convertini<\/strong><\/li>\n\n\n\n<li><strong>Denny Mendez<\/strong><\/li>\n\n\n\n<li><strong>Rossella Erra<\/strong><\/li>\n\n\n\n<li><strong>Tanya La Gatta<\/strong><\/li>\n\n\n\n<li><strong>Nunzia Rinaldi<\/strong><\/li>\n\n\n\n<li><strong>Eucalipto<\/strong><\/li>\n<\/ul>\n\n\n\n<h3 class=\"wp-block-heading\">Il docufilm per Amazon Prime Video e la proclamazione finale<\/h3>\n\n\n\n<p class=\"wp-block-paragraph\">L&#8217;intero cammino delle protagoniste viene raccontato all&#8217;interno del docufilm <em>&#8220;La Bellezza Oltre lo Specchio&#8221;<\/em>, una produzione articolata in <strong>6 puntate<\/strong> distribuite sulla piattaforma <strong>Amazon Prime Video<\/strong>, con lo scopo di condurre il pubblico alla scoperta delle emozioni, dei retroscena e delle sfide vissute dalle ragazze.<\/p>\n\n\n\n<p class=\"wp-block-paragraph\">Si conclude cos\u00ec una settimana speciale all&#8217;insegna del fascino, dello spettacolo e delle forti emozioni negli spazi di <strong>Cinecitt\u00e0 World<\/strong>, dove viene incoronata la nuova ambasciatrice della bellezza italiana nel mondo.<\/p>\n","protected":false},"excerpt":{"rendered":"<p>Cinecitt\u00e0 World diventa la cornice ideale di un evento straordinario dove eleganza, creativit\u00e0 e personalit\u00e0 si fondono sul palco Nel mese di settembre, Cinecitt\u00e0 World, il Parco del Cinema e della TV di Roma, accoglie la Finale Nazionale di Miss Grand International Italy 2026, uno degli appuntamenti pi\u00f9 attesi nel mondo della moda, dell&#8217;intrattenimento e [&hellip;]<\/p>\n","protected":false},"author":20,"featured_media":84823,"comment_status":"open","ping_status":"open","sticky":false,"template":"","format":"standard","meta":{"jnews-multi-image_gallery":[],"jnews_single_post":{"format":"standard"},"jnews_primary_category":[],"jnews_social_meta":[],"jnews_override_counter":[],"jnews_post_split":[],"footnotes":"","_members_access_role":[],"_members_access_error":""},"categories":[142],"tags":[9251,2119,9249,3030,9250,7996,227],"class_list":["post-84819","post","type-post","status-publish","format-standard","has-post-thumbnail","hentry","category-cultura-eventi","tag-amazon-prime-video","tag-beppe-convertini","tag-cinecitta-world","tag-denny-mendez","tag-miss-grand-international-italy","tag-rossella-erra","tag-spettacolo"],"yoast_head":"<!-- This site is optimized with the Yoast SEO plugin v28.4 - https:\/\/yoast.com\/product\/yoast-seo-wordpress\/ -->\n<title>Moda, televisione e fascino: appuntamento da non perdere a Roma<\/title>\n<meta name=\"description\" content=\"A settembre, Cinecitt\u00e0 World, il Parco del Cinema e della TV di Roma, ospiter\u00e0 la Finale Nazionale di Miss Grand International Italy 2026\" \/>\n<meta name=\"robots\" content=\"index, follow, max-snippet:-1, max-image-preview:large, max-video-preview:-1\" \/>\n<link rel=\"canonical\" href=\"https:\/\/www.livemag.it\/index.php\/2026\/09\/05\/moda-televisione-e-fascino-lappuntamento-da-non-perdere-a-roma\/\" \/>\n<meta property=\"og:locale\" content=\"it_IT\" \/>\n<meta property=\"og:type\" content=\"article\" \/>\n<meta property=\"og:title\" content=\"Moda, televisione e fascino: appuntamento da non perdere a Roma\" \/>\n<meta property=\"og:description\" content=\"A settembre, Cinecitt\u00e0 World, il Parco del Cinema e della TV di Roma, ospiter\u00e0 la Finale Nazionale di Miss Grand International Italy 2026\" \/>\n<meta property=\"og:url\" content=\"https:\/\/www.livemag.it\/index.php\/2026\/09\/05\/moda-televisione-e-fascino-lappuntamento-da-non-perdere-a-roma\/\" \/>\n<meta property=\"og:site_name\" content=\"Live Magazine\" \/>\n<meta property=\"article:publisher\" content=\"https:\/\/www.facebook.com\/LiveMag\/\" \/>\n<meta property=\"article:published_time\" content=\"2026-09-05T09:13:21+00:00\" \/>\n<meta property=\"article:modified_time\" content=\"2026-09-05T09:13:22+00:00\" \/>\n<meta property=\"og:image\" content=\"https:\/\/www.livemag.it\/wp-content\/uploads\/2026\/09\/Miss-Grand-International-Italy.jpg\" \/>\n\t<meta property=\"og:image:width\" content=\"1634\" \/>\n\t<meta property=\"og:image:height\" content=\"1218\" \/>\n\t<meta property=\"og:image:type\" content=\"image\/jpeg\" \/>\n<meta name=\"author\" content=\"Mario Altomura\" \/>\n<meta name=\"twitter:card\" content=\"summary_large_image\" \/>\n<meta name=\"twitter:title\" content=\"Moda, televisione e fascino: appuntamento da non perdere a Roma\" \/>\n<meta name=\"twitter:description\" content=\"A settembre, Cinecitt\u00e0 World, il Parco del Cinema e della TV di Roma, ospiter\u00e0 la Finale Nazionale di Miss Grand International Italy 2026\" \/>\n<meta name=\"twitter:image\" content=\"https:\/\/www.livemag.it\/wp-content\/uploads\/2026\/09\/Miss-Grand-International-Italy.jpg\" \/>\n<meta name=\"twitter:creator\" content=\"@LiveNotizie\" \/>\n<meta name=\"twitter:site\" content=\"@LiveNotizie\" \/>\n<meta name=\"twitter:label1\" content=\"Scritto da\" \/>\n\t<meta name=\"twitter:data1\" content=\"Mario Altomura\" \/>\n\t<meta name=\"twitter:label2\" content=\"Tempo di lettura stimato\" \/>\n\t<meta name=\"twitter:data2\" content=\"3 minuti\" \/>\n<script type=\"application\/ld+json\" class=\"yoast-schema-graph\">{\"@context\":\"https:\\\/\\\/schema.org\",\"@graph\":[{\"@type\":\"Article\",\"@id\":\"https:\\\/\\\/www.livemag.it\\\/index.php\\\/2026\\\/09\\\/05\\\/moda-televisione-e-fascino-lappuntamento-da-non-perdere-a-roma\\\/#article\",\"isPartOf\":{\"@id\":\"https:\\\/\\\/www.livemag.it\\\/index.php\\\/2026\\\/09\\\/05\\\/moda-televisione-e-fascino-lappuntamento-da-non-perdere-a-roma\\\/\"},\"author\":{\"name\":\"Mario Altomura\",\"@id\":\"https:\\\/\\\/www.livemag.it\\\/#\\\/schema\\\/person\\\/cc097583ef7f4da9e9fe62e8b552ab72\"},\"headline\":\"Moda, televisione e fascino: l&#8217;appuntamento da non perdere a Roma\",\"datePublished\":\"2026-09-05T09:13:21+00:00\",\"dateModified\":\"2026-09-05T09:13:22+00:00\",\"mainEntityOfPage\":{\"@id\":\"https:\\\/\\\/www.livemag.it\\\/index.php\\\/2026\\\/09\\\/05\\\/moda-televisione-e-fascino-lappuntamento-da-non-perdere-a-roma\\\/\"},\"wordCount\":363,\"commentCount\":0,\"publisher\":{\"@id\":\"https:\\\/\\\/www.livemag.it\\\/#organization\"},\"image\":{\"@id\":\"https:\\\/\\\/www.livemag.it\\\/index.php\\\/2026\\\/09\\\/05\\\/moda-televisione-e-fascino-lappuntamento-da-non-perdere-a-roma\\\/#primaryimage\"},\"thumbnailUrl\":\"https:\\\/\\\/www.livemag.it\\\/wp-content\\\/uploads\\\/2026\\\/09\\\/Miss-Grand-International-Italy.jpg\",\"keywords\":[\"Amazon Prime Video\",\"Beppe Convertini\",\"Cinecitt\u00e0 World\",\"Denny Mendez\",\"Miss Grand International Italy\",\"Rossella Erra\",\"spettacolo\"],\"articleSection\":[\"Cultura Eventi\"],\"inLanguage\":\"it-IT\",\"potentialAction\":[{\"@type\":\"CommentAction\",\"name\":\"Comment\",\"target\":[\"https:\\\/\\\/www.livemag.it\\\/index.php\\\/2026\\\/09\\\/05\\\/moda-televisione-e-fascino-lappuntamento-da-non-perdere-a-roma\\\/#respond\"]}]},{\"@type\":\"WebPage\",\"@id\":\"https:\\\/\\\/www.livemag.it\\\/index.php\\\/2026\\\/09\\\/05\\\/moda-televisione-e-fascino-lappuntamento-da-non-perdere-a-roma\\\/\",\"url\":\"https:\\\/\\\/www.livemag.it\\\/index.php\\\/2026\\\/09\\\/05\\\/moda-televisione-e-fascino-lappuntamento-da-non-perdere-a-roma\\\/\",\"name\":\"Moda, televisione e fascino: appuntamento da non perdere a Roma\",\"isPartOf\":{\"@id\":\"https:\\\/\\\/www.livemag.it\\\/#website\"},\"primaryImageOfPage\":{\"@id\":\"https:\\\/\\\/www.livemag.it\\\/index.php\\\/2026\\\/09\\\/05\\\/moda-televisione-e-fascino-lappuntamento-da-non-perdere-a-roma\\\/#primaryimage\"},\"image\":{\"@id\":\"https:\\\/\\\/www.livemag.it\\\/index.php\\\/2026\\\/09\\\/05\\\/moda-televisione-e-fascino-lappuntamento-da-non-perdere-a-roma\\\/#primaryimage\"},\"thumbnailUrl\":\"https:\\\/\\\/www.livemag.it\\\/wp-content\\\/uploads\\\/2026\\\/09\\\/Miss-Grand-International-Italy.jpg\",\"datePublished\":\"2026-09-05T09:13:21+00:00\",\"dateModified\":\"2026-09-05T09:13:22+00:00\",\"description\":\"A settembre, Cinecitt\u00e0 World, il Parco del Cinema e della TV di Roma, ospiter\u00e0 la Finale Nazionale di Miss Grand International Italy 2026\",\"breadcrumb\":{\"@id\":\"https:\\\/\\\/www.livemag.it\\\/index.php\\\/2026\\\/09\\\/05\\\/moda-televisione-e-fascino-lappuntamento-da-non-perdere-a-roma\\\/#breadcrumb\"},\"inLanguage\":\"it-IT\",\"potentialAction\":[{\"@type\":\"ReadAction\",\"target\":[\"https:\\\/\\\/www.livemag.it\\\/index.php\\\/2026\\\/09\\\/05\\\/moda-televisione-e-fascino-lappuntamento-da-non-perdere-a-roma\\\/\"]}]},{\"@type\":\"ImageObject\",\"inLanguage\":\"it-IT\",\"@id\":\"https:\\\/\\\/www.livemag.it\\\/index.php\\\/2026\\\/09\\\/05\\\/moda-televisione-e-fascino-lappuntamento-da-non-perdere-a-roma\\\/#primaryimage\",\"url\":\"https:\\\/\\\/www.livemag.it\\\/wp-content\\\/uploads\\\/2026\\\/09\\\/Miss-Grand-International-Italy.jpg\",\"contentUrl\":\"https:\\\/\\\/www.livemag.it\\\/wp-content\\\/uploads\\\/2026\\\/09\\\/Miss-Grand-International-Italy.jpg\",\"width\":1634,\"height\":1218,\"caption\":\"Miss Grand International Italy\"},{\"@type\":\"BreadcrumbList\",\"@id\":\"https:\\\/\\\/www.livemag.it\\\/index.php\\\/2026\\\/09\\\/05\\\/moda-televisione-e-fascino-lappuntamento-da-non-perdere-a-roma\\\/#breadcrumb\",\"itemListElement\":[{\"@type\":\"ListItem\",\"position\":1,\"name\":\"Home\",\"item\":\"https:\\\/\\\/www.livemag.it\\\/\"},{\"@type\":\"ListItem\",\"position\":2,\"name\":\"Moda, televisione e fascino: l&#8217;appuntamento da non perdere a Roma\"}]},{\"@type\":\"WebSite\",\"@id\":\"https:\\\/\\\/www.livemag.it\\\/#website\",\"url\":\"https:\\\/\\\/www.livemag.it\\\/\",\"name\":\"Live Magazine\",\"description\":\"Varie ed eventi\",\"publisher\":{\"@id\":\"https:\\\/\\\/www.livemag.it\\\/#organization\"},\"potentialAction\":[{\"@type\":\"SearchAction\",\"target\":{\"@type\":\"EntryPoint\",\"urlTemplate\":\"https:\\\/\\\/www.livemag.it\\\/?s={search_term_string}\"},\"query-input\":{\"@type\":\"PropertyValueSpecification\",\"valueRequired\":true,\"valueName\":\"search_term_string\"}}],\"inLanguage\":\"it-IT\"},{\"@type\":\"Organization\",\"@id\":\"https:\\\/\\\/www.livemag.it\\\/#organization\",\"name\":\"LiveMag\",\"alternateName\":\"LiveMag News ed eventi\",\"url\":\"https:\\\/\\\/www.livemag.it\\\/\",\"logo\":{\"@type\":\"ImageObject\",\"inLanguage\":\"it-IT\",\"@id\":\"https:\\\/\\\/www.livemag.it\\\/#\\\/schema\\\/logo\\\/image\\\/\",\"url\":\"https:\\\/\\\/www.livemag.it\\\/wp-content\\\/uploads\\\/2024\\\/02\\\/immagine-sito.jpg\",\"contentUrl\":\"https:\\\/\\\/www.livemag.it\\\/wp-content\\\/uploads\\\/2024\\\/02\\\/immagine-sito.jpg\",\"width\":696,\"height\":696,\"caption\":\"LiveMag\"},\"image\":{\"@id\":\"https:\\\/\\\/www.livemag.it\\\/#\\\/schema\\\/logo\\\/image\\\/\"},\"sameAs\":[\"https:\\\/\\\/www.facebook.com\\\/LiveMag\\\/\",\"https:\\\/\\\/x.com\\\/LiveNotizie\",\"https:\\\/\\\/www.instagram.com\\\/livemag\\\/\"]},{\"@type\":\"Person\",\"@id\":\"https:\\\/\\\/www.livemag.it\\\/#\\\/schema\\\/person\\\/cc097583ef7f4da9e9fe62e8b552ab72\",\"name\":\"Mario Altomura\",\"image\":{\"@type\":\"ImageObject\",\"inLanguage\":\"it-IT\",\"@id\":\"https:\\\/\\\/secure.gravatar.com\\\/avatar\\\/3c7d3ce72a2bed6bab5e3681d59712a49247bdd227b4ef67de56814084f945dd?s=96&r=g\",\"url\":\"https:\\\/\\\/secure.gravatar.com\\\/avatar\\\/3c7d3ce72a2bed6bab5e3681d59712a49247bdd227b4ef67de56814084f945dd?s=96&r=g\",\"contentUrl\":\"https:\\\/\\\/secure.gravatar.com\\\/avatar\\\/3c7d3ce72a2bed6bab5e3681d59712a49247bdd227b4ef67de56814084f945dd?s=96&r=g\",\"caption\":\"Mario Altomura\"},\"description\":\"fotografo celebrity\",\"url\":\"https:\\\/\\\/www.livemag.it\\\/index.php\\\/author\\\/fabio-scarpati\\\/\"}]}<\/script>\n<!-- \/ Yoast SEO plugin. -->","yoast_head_json":{"title":"Moda, televisione e fascino: appuntamento da non perdere a Roma","description":"A settembre, Cinecitt\u00e0 World, il Parco del Cinema e della TV di Roma, ospiter\u00e0 la Finale Nazionale di Miss Grand International Italy 2026","robots":{"index":"index","follow":"follow","max-snippet":"max-snippet:-1","max-image-preview":"max-image-preview:large","max-video-preview":"max-video-preview:-1"},"canonical":"https:\/\/www.livemag.it\/index.php\/2026\/09\/05\/moda-televisione-e-fascino-lappuntamento-da-non-perdere-a-roma\/","og_locale":"it_IT","og_type":"article","og_title":"Moda, televisione e fascino: appuntamento da non perdere a Roma","og_description":"A settembre, Cinecitt\u00e0 World, il Parco del Cinema e della TV di Roma, ospiter\u00e0 la Finale Nazionale di Miss Grand International Italy 2026","og_url":"https:\/\/www.livemag.it\/index.php\/2026\/09\/05\/moda-televisione-e-fascino-lappuntamento-da-non-perdere-a-roma\/","og_site_name":"Live Magazine","article_publisher":"https:\/\/www.facebook.com\/LiveMag\/","article_published_time":"2026-09-05T09:13:21+00:00","article_modified_time":"2026-09-05T09:13:22+00:00","og_image":[{"width":1634,"height":1218,"url":"https:\/\/www.livemag.it\/wp-content\/uploads\/2026\/09\/Miss-Grand-International-Italy.jpg","type":"image\/jpeg"}],"author":"Mario Altomura","twitter_card":"summary_large_image","twitter_title":"Moda, televisione e fascino: appuntamento da non perdere a Roma","twitter_description":"A settembre, Cinecitt\u00e0 World, il Parco del Cinema e della TV di Roma, ospiter\u00e0 la Finale Nazionale di Miss Grand International Italy 2026","twitter_image":"https:\/\/www.livemag.it\/wp-content\/uploads\/2026\/09\/Miss-Grand-International-Italy.jpg","twitter_creator":"@LiveNotizie","twitter_site":"@LiveNotizie","twitter_misc":{"Scritto da":"Mario Altomura","Tempo di lettura stimato":"3 minuti"},"schema":{"@context":"https:\/\/schema.org","@graph":[{"@type":"Article","@id":"https:\/\/www.livemag.it\/index.php\/2026\/09\/05\/moda-televisione-e-fascino-lappuntamento-da-non-perdere-a-roma\/#article","isPartOf":{"@id":"https:\/\/www.livemag.it\/index.php\/2026\/09\/05\/moda-televisione-e-fascino-lappuntamento-da-non-perdere-a-roma\/"},"author":{"name":"Mario Altomura","@id":"https:\/\/www.livemag.it\/#\/schema\/person\/cc097583ef7f4da9e9fe62e8b552ab72"},"headline":"Moda, televisione e fascino: l&#8217;appuntamento da non perdere a Roma","datePublished":"2026-09-05T09:13:21+00:00","dateModified":"2026-09-05T09:13:22+00:00","mainEntityOfPage":{"@id":"https:\/\/www.livemag.it\/index.php\/2026\/09\/05\/moda-televisione-e-fascino-lappuntamento-da-non-perdere-a-roma\/"},"wordCount":363,"commentCount":0,"publisher":{"@id":"https:\/\/www.livemag.it\/#organization"},"image":{"@id":"https:\/\/www.livemag.it\/index.php\/2026\/09\/05\/moda-televisione-e-fascino-lappuntamento-da-non-perdere-a-roma\/#primaryimage"},"thumbnailUrl":"https:\/\/www.livemag.it\/wp-content\/uploads\/2026\/09\/Miss-Grand-International-Italy.jpg","keywords":["Amazon Prime Video","Beppe Convertini","Cinecitt\u00e0 World","Denny Mendez","Miss Grand International Italy","Rossella Erra","spettacolo"],"articleSection":["Cultura Eventi"],"inLanguage":"it-IT","potentialAction":[{"@type":"CommentAction","name":"Comment","target":["https:\/\/www.livemag.it\/index.php\/2026\/09\/05\/moda-televisione-e-fascino-lappuntamento-da-non-perdere-a-roma\/#respond"]}]},{"@type":"WebPage","@id":"https:\/\/www.livemag.it\/index.php\/2026\/09\/05\/moda-televisione-e-fascino-lappuntamento-da-non-perdere-a-roma\/","url":"https:\/\/www.livemag.it\/index.php\/2026\/09\/05\/moda-televisione-e-fascino-lappuntamento-da-non-perdere-a-roma\/","name":"Moda, televisione e fascino: appuntamento da non perdere a Roma","isPartOf":{"@id":"https:\/\/www.livemag.it\/#website"},"primaryImageOfPage":{"@id":"https:\/\/www.livemag.it\/index.php\/2026\/09\/05\/moda-televisione-e-fascino-lappuntamento-da-non-perdere-a-roma\/#primaryimage"},"image":{"@id":"https:\/\/www.livemag.it\/index.php\/2026\/09\/05\/moda-televisione-e-fascino-lappuntamento-da-non-perdere-a-roma\/#primaryimage"},"thumbnailUrl":"https:\/\/www.livemag.it\/wp-content\/uploads\/2026\/09\/Miss-Grand-International-Italy.jpg","datePublished":"2026-09-05T09:13:21+00:00","dateModified":"2026-09-05T09:13:22+00:00","description":"A settembre, Cinecitt\u00e0 World, il Parco del Cinema e della TV di Roma, ospiter\u00e0 la Finale Nazionale di Miss Grand International Italy 2026","breadcrumb":{"@id":"https:\/\/www.livemag.it\/index.php\/2026\/09\/05\/moda-televisione-e-fascino-lappuntamento-da-non-perdere-a-roma\/#breadcrumb"},"inLanguage":"it-IT","potentialAction":[{"@type":"ReadAction","target":["https:\/\/www.livemag.it\/index.php\/2026\/09\/05\/moda-televisione-e-fascino-lappuntamento-da-non-perdere-a-roma\/"]}]},{"@type":"ImageObject","inLanguage":"it-IT","@id":"https:\/\/www.livemag.it\/index.php\/2026\/09\/05\/moda-televisione-e-fascino-lappuntamento-da-non-perdere-a-roma\/#primaryimage","url":"https:\/\/www.livemag.it\/wp-content\/uploads\/2026\/09\/Miss-Grand-International-Italy.jpg","contentUrl":"https:\/\/www.livemag.it\/wp-content\/uploads\/2026\/09\/Miss-Grand-International-Italy.jpg","width":1634,"height":1218,"caption":"Miss Grand International Italy"},{"@type":"BreadcrumbList","@id":"https:\/\/www.livemag.it\/index.php\/2026\/09\/05\/moda-televisione-e-fascino-lappuntamento-da-non-perdere-a-roma\/#breadcrumb","itemListElement":[{"@type":"ListItem","position":1,"name":"Home","item":"https:\/\/www.livemag.it\/"},{"@type":"ListItem","position":2,"name":"Moda, televisione e fascino: l&#8217;appuntamento da non perdere a Roma"}]},{"@type":"WebSite","@id":"https:\/\/www.livemag.it\/#website","url":"https:\/\/www.livemag.it\/","name":"Live Magazine","description":"Varie ed eventi","publisher":{"@id":"https:\/\/www.livemag.it\/#organization"},"potentialAction":[{"@type":"SearchAction","target":{"@type":"EntryPoint","urlTemplate":"https:\/\/www.livemag.it\/?s={search_term_string}"},"query-input":{"@type":"PropertyValueSpecification","valueRequired":true,"valueName":"search_term_string"}}],"inLanguage":"it-IT"},{"@type":"Organization","@id":"https:\/\/www.livemag.it\/#organization","name":"LiveMag","alternateName":"LiveMag News ed eventi","url":"https:\/\/www.livemag.it\/","logo":{"@type":"ImageObject","inLanguage":"it-IT","@id":"https:\/\/www.livemag.it\/#\/schema\/logo\/image\/","url":"https:\/\/www.livemag.it\/wp-content\/uploads\/2024\/02\/immagine-sito.jpg","contentUrl":"https:\/\/www.livemag.it\/wp-content\/uploads\/2024\/02\/immagine-sito.jpg","width":696,"height":696,"caption":"LiveMag"},"image":{"@id":"https:\/\/www.livemag.it\/#\/schema\/logo\/image\/"},"sameAs":["https:\/\/www.facebook.com\/LiveMag\/","https:\/\/x.com\/LiveNotizie","https:\/\/www.instagram.com\/livemag\/"]},{"@type":"Person","@id":"https:\/\/www.livemag.it\/#\/schema\/person\/cc097583ef7f4da9e9fe62e8b552ab72","name":"Mario Altomura","image":{"@type":"ImageObject","inLanguage":"it-IT","@id":"https:\/\/secure.gravatar.com\/avatar\/3c7d3ce72a2bed6bab5e3681d59712a49247bdd227b4ef67de56814084f945dd?s=96&r=g","url":"https:\/\/secure.gravatar.com\/avatar\/3c7d3ce72a2bed6bab5e3681d59712a49247bdd227b4ef67de56814084f945dd?s=96&r=g","contentUrl":"https:\/\/secure.gravatar.com\/avatar\/3c7d3ce72a2bed6bab5e3681d59712a49247bdd227b4ef67de56814084f945dd?s=96&r=g","caption":"Mario Altomura"},"description":"fotografo celebrity","url":"https:\/\/www.livemag.it\/index.php\/author\/fabio-scarpati\/"}]}},"jetpack_featured_media_url":"https:\/\/www.livemag.it\/wp-content\/uploads\/2026\/09\/Miss-Grand-International-Italy.jpg","_links":{"self":[{"href":"https:\/\/www.livemag.it\/index.php\/wp-json\/wp\/v2\/posts\/84819","targetHints":{"allow":["GET"]}}],"collection":[{"href":"https:\/\/www.livemag.it\/index.php\/wp-json\/wp\/v2\/posts"}],"about":[{"href":"https:\/\/www.livemag.it\/index.php\/wp-json\/wp\/v2\/types\/post"}],"author":[{"embeddable":true,"href":"https:\/\/www.livemag.it\/index.php\/wp-json\/wp\/v2\/users\/20"}],"replies":[{"embeddable":true,"href":"https:\/\/www.livemag.it\/index.php\/wp-json\/wp\/v2\/comments?post=84819"}],"version-history":[{"count":4,"href":"https:\/\/www.livemag.it\/index.php\/wp-json\/wp\/v2\/posts\/84819\/revisions"}],"predecessor-version":[{"id":84829,"href":"https:\/\/www.livemag.it\/index.php\/wp-json\/wp\/v2\/posts\/84819\/revisions\/84829"}],"wp:featuredmedia":[{"embeddable":true,"href":"https:\/\/www.livemag.it\/index.php\/wp-json\/wp\/v2\/media\/84823"}],"wp:attachment":[{"href":"https:\/\/www.livemag.it\/index.php\/wp-json\/wp\/v2\/media?parent=84819"}],"wp:term":[{"taxonomy":"category","embeddable":true,"href":"https:\/\/www.livemag.it\/index.php\/wp-json\/wp\/v2\/categories?post=84819"},{"taxonomy":"post_tag","embeddable":true,"href":"https:\/\/www.livemag.it\/index.php\/wp-json\/wp\/v2\/tags?post=84819"}],"curies":[{"name":"wp","href":"https:\/\/api.w.org\/{rel}","templated":true}]}}