{"id":84780,"date":"2026-09-04T17:04:42","date_gmt":"2026-09-04T15:04:42","guid":{"rendered":"https:\/\/www.livemag.it\/index.php\/2026\/09\/04\/gasperini-innamorato-della-roma-dybala-non-ha-niente-di-particolare\/"},"modified":"2026-09-04T17:04:42","modified_gmt":"2026-09-04T15:04:42","slug":"gasperini-innamorato-della-roma-dybala-non-ha-niente-di-particolare","status":"publish","type":"post","link":"https:\/\/www.livemag.it\/index.php\/2026\/09\/04\/gasperini-innamorato-della-roma-dybala-non-ha-niente-di-particolare\/","title":{"rendered":"Gasperini \u201cInnamorato della Roma, Dybala non ha niente di particolare\u201d"},"content":{"rendered":"<div>\n<p>ROMA (ITALPRESS) \u2013<em> \u201c<strong>Dybala? Non ha avuto niente di particolare, gli esami non hanno evidenziato problemi.<\/strong> Oggi prova, \u00e8 importante che si senta sicuro di poter giocare e che sia tranquillo, \u00e8 una settimana con tre partite importanti in cui bisogna essere al meglio della condizione\u201d.<\/em> Lo ha detto l\u2019allenatore della Roma, Gian Piero<strong> Gasperini,<\/strong> in conferenza stampa alla vigilia del match contro l\u2019Atalanta all\u2019Olimpico, a proposito delle condizioni dell\u2019attaccante argentino, alle prese con un affaticamento.<\/p>\n<p><strong><em>\u201cE\u2019 una settimana con tre partite importanti in cui bisogna essere al meglio della condizione<\/em><\/strong> \u2013 ha aggiunto il mister giallorosso \u2013<em> Ndicka sta molto meglio, credo che domani sar\u00e0 della partita. Oggi prover\u00e0 anche lui. Bisogna verificare che tutti abbiano recuperato bene. Pellegrini ha iniziato a fare qualcosa con il gruppo, \u00e8 un bel segnale, ma per rivederlo in partita bisogner\u00e0 aspettare la gara contro l\u2019Inter o la prima dopo la sosta\u201d. \u201cSono innamorato di questo gruppo e di questi giocatori<\/em> \u2013 ha proseguito Gasp \u2013 <em>Questo \u00e8 un ambiente dove hai piacere a venire, dove non ci sono screzi, ed \u00e8 straordinario vedere con quanto piacere si allenino, nonostante il caldo e la fatica. Il merito \u00e8 dei giocatori. Indipendentemente dai risultati, il nostro \u00e8 un ambiente molto sano\u201d. <\/em><\/p>\n<p><strong><em>\u201c<\/em><\/strong><em><strong>Questa esperienza mi ha arricchito, sono arrivato in un ambiente molto diverso dopo nove anni di grandi soddisfazioni e integrazione con l\u2019ambiente di Bergamo<\/strong> \u2013 <\/em>ha sottolineato ancora Gasperini, grande ex della sfida di domani <em>\u2013 Non \u00e8 stata una scelta facile, ma sono felice di averla fatta. In quel momento non c\u2019erano pi\u00f9 le condizioni per dare qualcosa di pi\u00f9. Da parte mia, sempre con grande riconoscenza e rispetto, avevo voglia di sentirmi di nuovo vivo. E la piazza di Roma \u00e8 stata il massimo perch\u00e8 \u00e8 quella che ti motiva e stimola\u201d. \u201cIntervenire sul mercato degli svincolati? Penso sia molto difficile, non so quali possono essere le opportunit\u00e0 ma non ci conterei moltissimo. Salah-Eddine? Ha avuto parecchie opportunit\u00e0, almeno 3-4, che lui ha rifiutato. Per la Roma ho gi\u00e0 fatto delle scelte dal punto di vista tecnico e lui non rientra tra i piani\u201d,<\/em> ha concluso Gasp.<\/p>\n<p>\u2013 Foto Ipa Agency \u2013<br \/>\n(ITALPRESS).<\/p>\n<\/div>\n","protected":false},"excerpt":{"rendered":"<p>ROMA (ITALPRESS) \u2013 \u201cDybala? Non ha avuto niente di particolare, gli esami non hanno evidenziato problemi. Oggi prova, \u00e8 importante che si senta sicuro di poter giocare e che sia tranquillo, \u00e8 una settimana con tre partite importanti in cui bisogna essere al meglio della condizione\u201d. Lo ha detto l\u2019allenatore della Roma, Gian Piero Gasperini, [&hellip;]<\/p>\n","protected":false},"author":16,"featured_media":84781,"comment_status":"closed","ping_status":"closed","sticky":false,"template":"","format":"standard","meta":{"jnews-multi-image_gallery":[],"jnews_single_post":[],"jnews_primary_category":[],"jnews_social_meta":[],"jnews_override_counter":[],"jnews_post_split":[],"footnotes":"","_members_access_role":[],"_members_access_error":""},"categories":[1129],"tags":[],"class_list":["post-84780","post","type-post","status-publish","format-standard","has-post-thumbnail","hentry","category-mondo"],"yoast_head":"<!-- This site is optimized with the Yoast SEO plugin v28.4 - https:\/\/yoast.com\/product\/yoast-seo-wordpress\/ -->\n<title>Gasperini \u201cInnamorato della Roma, Dybala non ha niente di particolare\u201d - Live Magazine<\/title>\n<meta name=\"robots\" content=\"index, follow, max-snippet:-1, max-image-preview:large, max-video-preview:-1\" \/>\n<link rel=\"canonical\" href=\"https:\/\/www.livemag.it\/index.php\/2026\/09\/04\/gasperini-innamorato-della-roma-dybala-non-ha-niente-di-particolare\/\" \/>\n<meta property=\"og:locale\" content=\"it_IT\" \/>\n<meta property=\"og:type\" content=\"article\" \/>\n<meta property=\"og:title\" content=\"Gasperini \u201cInnamorato della Roma, Dybala non ha niente di particolare\u201d - Live Magazine\" \/>\n<meta property=\"og:description\" content=\"ROMA (ITALPRESS) \u2013 \u201cDybala? Non ha avuto niente di particolare, gli esami non hanno evidenziato problemi. Oggi prova, \u00e8 importante che si senta sicuro di poter giocare e che sia tranquillo, \u00e8 una settimana con tre partite importanti in cui bisogna essere al meglio della condizione\u201d. Lo ha detto l\u2019allenatore della Roma, Gian Piero Gasperini, [&hellip;]\" \/>\n<meta property=\"og:url\" content=\"https:\/\/www.livemag.it\/index.php\/2026\/09\/04\/gasperini-innamorato-della-roma-dybala-non-ha-niente-di-particolare\/\" \/>\n<meta property=\"og:site_name\" content=\"Live Magazine\" \/>\n<meta property=\"article:publisher\" content=\"https:\/\/www.facebook.com\/LiveMag\/\" \/>\n<meta property=\"article:published_time\" content=\"2026-09-04T15:04:42+00:00\" \/>\n<meta property=\"og:image\" content=\"https:\/\/www.livemag.it\/wp-content\/uploads\/2024\/02\/ograph.jpg\" \/>\n\t<meta property=\"og:image:width\" content=\"1200\" \/>\n\t<meta property=\"og:image:height\" content=\"675\" \/>\n\t<meta property=\"og:image:type\" content=\"image\/jpeg\" \/>\n<meta name=\"author\" content=\"italpress\" \/>\n<meta name=\"twitter:card\" content=\"summary_large_image\" \/>\n<meta name=\"twitter:creator\" content=\"@LiveNotizie\" \/>\n<meta name=\"twitter:site\" content=\"@LiveNotizie\" \/>\n<meta name=\"twitter:label1\" content=\"Scritto da\" \/>\n\t<meta name=\"twitter:data1\" content=\"italpress\" \/>\n\t<meta name=\"twitter:label2\" content=\"Tempo di lettura stimato\" \/>\n\t<meta name=\"twitter:data2\" content=\"2 minuti\" \/>\n<script type=\"application\/ld+json\" class=\"yoast-schema-graph\">{\"@context\":\"https:\\\/\\\/schema.org\",\"@graph\":[{\"@type\":\"Article\",\"@id\":\"https:\\\/\\\/www.livemag.it\\\/index.php\\\/2026\\\/09\\\/04\\\/gasperini-innamorato-della-roma-dybala-non-ha-niente-di-particolare\\\/#article\",\"isPartOf\":{\"@id\":\"https:\\\/\\\/www.livemag.it\\\/index.php\\\/2026\\\/09\\\/04\\\/gasperini-innamorato-della-roma-dybala-non-ha-niente-di-particolare\\\/\"},\"author\":{\"name\":\"italpress\",\"@id\":\"https:\\\/\\\/www.livemag.it\\\/#\\\/schema\\\/person\\\/b62c5f44451fdcdaeb0afe6c2424e73c\"},\"headline\":\"Gasperini \u201cInnamorato della Roma, Dybala non ha niente di particolare\u201d\",\"datePublished\":\"2026-09-04T15:04:42+00:00\",\"mainEntityOfPage\":{\"@id\":\"https:\\\/\\\/www.livemag.it\\\/index.php\\\/2026\\\/09\\\/04\\\/gasperini-innamorato-della-roma-dybala-non-ha-niente-di-particolare\\\/\"},\"wordCount\":360,\"publisher\":{\"@id\":\"https:\\\/\\\/www.livemag.it\\\/#organization\"},\"image\":{\"@id\":\"https:\\\/\\\/www.livemag.it\\\/index.php\\\/2026\\\/09\\\/04\\\/gasperini-innamorato-della-roma-dybala-non-ha-niente-di-particolare\\\/#primaryimage\"},\"thumbnailUrl\":\"https:\\\/\\\/www.livemag.it\\\/wp-content\\\/uploads\\\/2026\\\/09\\\/20260904_1191.jpg\",\"articleSection\":[\"Mondo\"],\"inLanguage\":\"it-IT\"},{\"@type\":\"WebPage\",\"@id\":\"https:\\\/\\\/www.livemag.it\\\/index.php\\\/2026\\\/09\\\/04\\\/gasperini-innamorato-della-roma-dybala-non-ha-niente-di-particolare\\\/\",\"url\":\"https:\\\/\\\/www.livemag.it\\\/index.php\\\/2026\\\/09\\\/04\\\/gasperini-innamorato-della-roma-dybala-non-ha-niente-di-particolare\\\/\",\"name\":\"Gasperini \u201cInnamorato della Roma, Dybala non ha niente di particolare\u201d - Live Magazine\",\"isPartOf\":{\"@id\":\"https:\\\/\\\/www.livemag.it\\\/#website\"},\"primaryImageOfPage\":{\"@id\":\"https:\\\/\\\/www.livemag.it\\\/index.php\\\/2026\\\/09\\\/04\\\/gasperini-innamorato-della-roma-dybala-non-ha-niente-di-particolare\\\/#primaryimage\"},\"image\":{\"@id\":\"https:\\\/\\\/www.livemag.it\\\/index.php\\\/2026\\\/09\\\/04\\\/gasperini-innamorato-della-roma-dybala-non-ha-niente-di-particolare\\\/#primaryimage\"},\"thumbnailUrl\":\"https:\\\/\\\/www.livemag.it\\\/wp-content\\\/uploads\\\/2026\\\/09\\\/20260904_1191.jpg\",\"datePublished\":\"2026-09-04T15:04:42+00:00\",\"breadcrumb\":{\"@id\":\"https:\\\/\\\/www.livemag.it\\\/index.php\\\/2026\\\/09\\\/04\\\/gasperini-innamorato-della-roma-dybala-non-ha-niente-di-particolare\\\/#breadcrumb\"},\"inLanguage\":\"it-IT\",\"potentialAction\":[{\"@type\":\"ReadAction\",\"target\":[\"https:\\\/\\\/www.livemag.it\\\/index.php\\\/2026\\\/09\\\/04\\\/gasperini-innamorato-della-roma-dybala-non-ha-niente-di-particolare\\\/\"]}]},{\"@type\":\"ImageObject\",\"inLanguage\":\"it-IT\",\"@id\":\"https:\\\/\\\/www.livemag.it\\\/index.php\\\/2026\\\/09\\\/04\\\/gasperini-innamorato-della-roma-dybala-non-ha-niente-di-particolare\\\/#primaryimage\",\"url\":\"https:\\\/\\\/www.livemag.it\\\/wp-content\\\/uploads\\\/2026\\\/09\\\/20260904_1191.jpg\",\"contentUrl\":\"https:\\\/\\\/www.livemag.it\\\/wp-content\\\/uploads\\\/2026\\\/09\\\/20260904_1191.jpg\",\"width\":1200,\"height\":800},{\"@type\":\"BreadcrumbList\",\"@id\":\"https:\\\/\\\/www.livemag.it\\\/index.php\\\/2026\\\/09\\\/04\\\/gasperini-innamorato-della-roma-dybala-non-ha-niente-di-particolare\\\/#breadcrumb\",\"itemListElement\":[{\"@type\":\"ListItem\",\"position\":1,\"name\":\"Home\",\"item\":\"https:\\\/\\\/www.livemag.it\\\/\"},{\"@type\":\"ListItem\",\"position\":2,\"name\":\"Gasperini \u201cInnamorato della Roma, Dybala non ha niente di particolare\u201d\"}]},{\"@type\":\"WebSite\",\"@id\":\"https:\\\/\\\/www.livemag.it\\\/#website\",\"url\":\"https:\\\/\\\/www.livemag.it\\\/\",\"name\":\"Live Magazine\",\"description\":\"Varie ed eventi\",\"publisher\":{\"@id\":\"https:\\\/\\\/www.livemag.it\\\/#organization\"},\"potentialAction\":[{\"@type\":\"SearchAction\",\"target\":{\"@type\":\"EntryPoint\",\"urlTemplate\":\"https:\\\/\\\/www.livemag.it\\\/?s={search_term_string}\"},\"query-input\":{\"@type\":\"PropertyValueSpecification\",\"valueRequired\":true,\"valueName\":\"search_term_string\"}}],\"inLanguage\":\"it-IT\"},{\"@type\":\"Organization\",\"@id\":\"https:\\\/\\\/www.livemag.it\\\/#organization\",\"name\":\"LiveMag\",\"alternateName\":\"LiveMag News ed eventi\",\"url\":\"https:\\\/\\\/www.livemag.it\\\/\",\"logo\":{\"@type\":\"ImageObject\",\"inLanguage\":\"it-IT\",\"@id\":\"https:\\\/\\\/www.livemag.it\\\/#\\\/schema\\\/logo\\\/image\\\/\",\"url\":\"https:\\\/\\\/www.livemag.it\\\/wp-content\\\/uploads\\\/2024\\\/02\\\/immagine-sito.jpg\",\"contentUrl\":\"https:\\\/\\\/www.livemag.it\\\/wp-content\\\/uploads\\\/2024\\\/02\\\/immagine-sito.jpg\",\"width\":696,\"height\":696,\"caption\":\"LiveMag\"},\"image\":{\"@id\":\"https:\\\/\\\/www.livemag.it\\\/#\\\/schema\\\/logo\\\/image\\\/\"},\"sameAs\":[\"https:\\\/\\\/www.facebook.com\\\/LiveMag\\\/\",\"https:\\\/\\\/x.com\\\/LiveNotizie\",\"https:\\\/\\\/www.instagram.com\\\/livemag\\\/\"]},{\"@type\":\"Person\",\"@id\":\"https:\\\/\\\/www.livemag.it\\\/#\\\/schema\\\/person\\\/b62c5f44451fdcdaeb0afe6c2424e73c\",\"name\":\"italpress\",\"image\":{\"@type\":\"ImageObject\",\"inLanguage\":\"it-IT\",\"@id\":\"https:\\\/\\\/secure.gravatar.com\\\/avatar\\\/b6a21695fc713ce7ee312cf57c97e2e641feb365be72d8745574d3c3e2b59066?s=96&r=g\",\"url\":\"https:\\\/\\\/secure.gravatar.com\\\/avatar\\\/b6a21695fc713ce7ee312cf57c97e2e641feb365be72d8745574d3c3e2b59066?s=96&r=g\",\"contentUrl\":\"https:\\\/\\\/secure.gravatar.com\\\/avatar\\\/b6a21695fc713ce7ee312cf57c97e2e641feb365be72d8745574d3c3e2b59066?s=96&r=g\",\"caption\":\"italpress\"},\"description\":\"Italpress \u00e8 un'agenzia di stampa italiana a carattere nazionale.\",\"url\":\"https:\\\/\\\/www.livemag.it\\\/index.php\\\/author\\\/italpress\\\/\"}]}<\/script>\n<!-- \/ Yoast SEO plugin. -->","yoast_head_json":{"title":"Gasperini \u201cInnamorato della Roma, Dybala non ha niente di particolare\u201d - Live Magazine","robots":{"index":"index","follow":"follow","max-snippet":"max-snippet:-1","max-image-preview":"max-image-preview:large","max-video-preview":"max-video-preview:-1"},"canonical":"https:\/\/www.livemag.it\/index.php\/2026\/09\/04\/gasperini-innamorato-della-roma-dybala-non-ha-niente-di-particolare\/","og_locale":"it_IT","og_type":"article","og_title":"Gasperini \u201cInnamorato della Roma, Dybala non ha niente di particolare\u201d - Live Magazine","og_description":"ROMA (ITALPRESS) \u2013 \u201cDybala? Non ha avuto niente di particolare, gli esami non hanno evidenziato problemi. Oggi prova, \u00e8 importante che si senta sicuro di poter giocare e che sia tranquillo, \u00e8 una settimana con tre partite importanti in cui bisogna essere al meglio della condizione\u201d. Lo ha detto l\u2019allenatore della Roma, Gian Piero Gasperini, [&hellip;]","og_url":"https:\/\/www.livemag.it\/index.php\/2026\/09\/04\/gasperini-innamorato-della-roma-dybala-non-ha-niente-di-particolare\/","og_site_name":"Live Magazine","article_publisher":"https:\/\/www.facebook.com\/LiveMag\/","article_published_time":"2026-09-04T15:04:42+00:00","og_image":[{"width":1200,"height":675,"url":"https:\/\/www.livemag.it\/wp-content\/uploads\/2024\/02\/ograph.jpg","type":"image\/jpeg"}],"author":"italpress","twitter_card":"summary_large_image","twitter_creator":"@LiveNotizie","twitter_site":"@LiveNotizie","twitter_misc":{"Scritto da":"italpress","Tempo di lettura stimato":"2 minuti"},"schema":{"@context":"https:\/\/schema.org","@graph":[{"@type":"Article","@id":"https:\/\/www.livemag.it\/index.php\/2026\/09\/04\/gasperini-innamorato-della-roma-dybala-non-ha-niente-di-particolare\/#article","isPartOf":{"@id":"https:\/\/www.livemag.it\/index.php\/2026\/09\/04\/gasperini-innamorato-della-roma-dybala-non-ha-niente-di-particolare\/"},"author":{"name":"italpress","@id":"https:\/\/www.livemag.it\/#\/schema\/person\/b62c5f44451fdcdaeb0afe6c2424e73c"},"headline":"Gasperini \u201cInnamorato della Roma, Dybala non ha niente di particolare\u201d","datePublished":"2026-09-04T15:04:42+00:00","mainEntityOfPage":{"@id":"https:\/\/www.livemag.it\/index.php\/2026\/09\/04\/gasperini-innamorato-della-roma-dybala-non-ha-niente-di-particolare\/"},"wordCount":360,"publisher":{"@id":"https:\/\/www.livemag.it\/#organization"},"image":{"@id":"https:\/\/www.livemag.it\/index.php\/2026\/09\/04\/gasperini-innamorato-della-roma-dybala-non-ha-niente-di-particolare\/#primaryimage"},"thumbnailUrl":"https:\/\/www.livemag.it\/wp-content\/uploads\/2026\/09\/20260904_1191.jpg","articleSection":["Mondo"],"inLanguage":"it-IT"},{"@type":"WebPage","@id":"https:\/\/www.livemag.it\/index.php\/2026\/09\/04\/gasperini-innamorato-della-roma-dybala-non-ha-niente-di-particolare\/","url":"https:\/\/www.livemag.it\/index.php\/2026\/09\/04\/gasperini-innamorato-della-roma-dybala-non-ha-niente-di-particolare\/","name":"Gasperini \u201cInnamorato della Roma, Dybala non ha niente di particolare\u201d - Live Magazine","isPartOf":{"@id":"https:\/\/www.livemag.it\/#website"},"primaryImageOfPage":{"@id":"https:\/\/www.livemag.it\/index.php\/2026\/09\/04\/gasperini-innamorato-della-roma-dybala-non-ha-niente-di-particolare\/#primaryimage"},"image":{"@id":"https:\/\/www.livemag.it\/index.php\/2026\/09\/04\/gasperini-innamorato-della-roma-dybala-non-ha-niente-di-particolare\/#primaryimage"},"thumbnailUrl":"https:\/\/www.livemag.it\/wp-content\/uploads\/2026\/09\/20260904_1191.jpg","datePublished":"2026-09-04T15:04:42+00:00","breadcrumb":{"@id":"https:\/\/www.livemag.it\/index.php\/2026\/09\/04\/gasperini-innamorato-della-roma-dybala-non-ha-niente-di-particolare\/#breadcrumb"},"inLanguage":"it-IT","potentialAction":[{"@type":"ReadAction","target":["https:\/\/www.livemag.it\/index.php\/2026\/09\/04\/gasperini-innamorato-della-roma-dybala-non-ha-niente-di-particolare\/"]}]},{"@type":"ImageObject","inLanguage":"it-IT","@id":"https:\/\/www.livemag.it\/index.php\/2026\/09\/04\/gasperini-innamorato-della-roma-dybala-non-ha-niente-di-particolare\/#primaryimage","url":"https:\/\/www.livemag.it\/wp-content\/uploads\/2026\/09\/20260904_1191.jpg","contentUrl":"https:\/\/www.livemag.it\/wp-content\/uploads\/2026\/09\/20260904_1191.jpg","width":1200,"height":800},{"@type":"BreadcrumbList","@id":"https:\/\/www.livemag.it\/index.php\/2026\/09\/04\/gasperini-innamorato-della-roma-dybala-non-ha-niente-di-particolare\/#breadcrumb","itemListElement":[{"@type":"ListItem","position":1,"name":"Home","item":"https:\/\/www.livemag.it\/"},{"@type":"ListItem","position":2,"name":"Gasperini \u201cInnamorato della Roma, Dybala non ha niente di particolare\u201d"}]},{"@type":"WebSite","@id":"https:\/\/www.livemag.it\/#website","url":"https:\/\/www.livemag.it\/","name":"Live Magazine","description":"Varie ed eventi","publisher":{"@id":"https:\/\/www.livemag.it\/#organization"},"potentialAction":[{"@type":"SearchAction","target":{"@type":"EntryPoint","urlTemplate":"https:\/\/www.livemag.it\/?s={search_term_string}"},"query-input":{"@type":"PropertyValueSpecification","valueRequired":true,"valueName":"search_term_string"}}],"inLanguage":"it-IT"},{"@type":"Organization","@id":"https:\/\/www.livemag.it\/#organization","name":"LiveMag","alternateName":"LiveMag News ed eventi","url":"https:\/\/www.livemag.it\/","logo":{"@type":"ImageObject","inLanguage":"it-IT","@id":"https:\/\/www.livemag.it\/#\/schema\/logo\/image\/","url":"https:\/\/www.livemag.it\/wp-content\/uploads\/2024\/02\/immagine-sito.jpg","contentUrl":"https:\/\/www.livemag.it\/wp-content\/uploads\/2024\/02\/immagine-sito.jpg","width":696,"height":696,"caption":"LiveMag"},"image":{"@id":"https:\/\/www.livemag.it\/#\/schema\/logo\/image\/"},"sameAs":["https:\/\/www.facebook.com\/LiveMag\/","https:\/\/x.com\/LiveNotizie","https:\/\/www.instagram.com\/livemag\/"]},{"@type":"Person","@id":"https:\/\/www.livemag.it\/#\/schema\/person\/b62c5f44451fdcdaeb0afe6c2424e73c","name":"italpress","image":{"@type":"ImageObject","inLanguage":"it-IT","@id":"https:\/\/secure.gravatar.com\/avatar\/b6a21695fc713ce7ee312cf57c97e2e641feb365be72d8745574d3c3e2b59066?s=96&r=g","url":"https:\/\/secure.gravatar.com\/avatar\/b6a21695fc713ce7ee312cf57c97e2e641feb365be72d8745574d3c3e2b59066?s=96&r=g","contentUrl":"https:\/\/secure.gravatar.com\/avatar\/b6a21695fc713ce7ee312cf57c97e2e641feb365be72d8745574d3c3e2b59066?s=96&r=g","caption":"italpress"},"description":"Italpress \u00e8 un'agenzia di stampa italiana a carattere nazionale.","url":"https:\/\/www.livemag.it\/index.php\/author\/italpress\/"}]}},"jetpack_featured_media_url":"https:\/\/www.livemag.it\/wp-content\/uploads\/2026\/09\/20260904_1191.jpg","_links":{"self":[{"href":"https:\/\/www.livemag.it\/index.php\/wp-json\/wp\/v2\/posts\/84780","targetHints":{"allow":["GET"]}}],"collection":[{"href":"https:\/\/www.livemag.it\/index.php\/wp-json\/wp\/v2\/posts"}],"about":[{"href":"https:\/\/www.livemag.it\/index.php\/wp-json\/wp\/v2\/types\/post"}],"author":[{"embeddable":true,"href":"https:\/\/www.livemag.it\/index.php\/wp-json\/wp\/v2\/users\/16"}],"replies":[{"embeddable":true,"href":"https:\/\/www.livemag.it\/index.php\/wp-json\/wp\/v2\/comments?post=84780"}],"version-history":[{"count":0,"href":"https:\/\/www.livemag.it\/index.php\/wp-json\/wp\/v2\/posts\/84780\/revisions"}],"wp:featuredmedia":[{"embeddable":true,"href":"https:\/\/www.livemag.it\/index.php\/wp-json\/wp\/v2\/media\/84781"}],"wp:attachment":[{"href":"https:\/\/www.livemag.it\/index.php\/wp-json\/wp\/v2\/media?parent=84780"}],"wp:term":[{"taxonomy":"category","embeddable":true,"href":"https:\/\/www.livemag.it\/index.php\/wp-json\/wp\/v2\/categories?post=84780"},{"taxonomy":"post_tag","embeddable":true,"href":"https:\/\/www.livemag.it\/index.php\/wp-json\/wp\/v2\/tags?post=84780"}],"curies":[{"name":"wp","href":"https:\/\/api.w.org\/{rel}","templated":true}]}}