{"id":84766,"date":"2026-09-04T14:04:42","date_gmt":"2026-09-04T12:04:42","guid":{"rendered":"https:\/\/www.livemag.it\/index.php\/2026\/09\/04\/a-perugia-nasce-il-comitato-regionale-asc-dellumbria-pacialeo-eletta-presidente\/"},"modified":"2026-09-04T14:04:42","modified_gmt":"2026-09-04T12:04:42","slug":"a-perugia-nasce-il-comitato-regionale-asc-dellumbria-pacialeo-eletta-presidente","status":"publish","type":"post","link":"https:\/\/www.livemag.it\/index.php\/2026\/09\/04\/a-perugia-nasce-il-comitato-regionale-asc-dellumbria-pacialeo-eletta-presidente\/","title":{"rendered":"A Perugia nasce il Comitato Regionale ASC dell\u2019Umbria, Pacialeo eletta presidente"},"content":{"rendered":"<div>\n<p>PERUGIA (ITALPRESS) \u2013 Si \u00e8 svolta a Perugia, presso la sede di Confcommercio Umbria, l\u2019Assemblea Costituente del Comitato Regionale dell\u2019Umbria di ASC \u2013 Attivit\u00e0 Sportive Confederate, Ente di Promozione Sportiva riconosciuto dal CONI. Si tratta del primo Comitato Regionale costituito nell\u2019ambito del sistema Confcommercio: un passaggio che segna concretamente l\u2019integrazione tra il mondo dello sport organizzato e la rete dell\u2019impresa italiana.<br \/>L\u2019Assemblea ha riunito numerose associazioni e societ\u00e0 sportive, dirigenti, tecnici e realt\u00e0 del territorio umbro, a testimonianza dell\u2019interesse con cui il movimento sportivo regionale guarda a una rappresentanza capace di unire sport, professioni e impresa.<br \/>Al tavolo dei lavori Stefano Lupi, Vicepresidente di Confcommercio Umbria; Alessandro Londi, Direttore Generale di ASC e Presidente della FIIS \u2013 Federazione Italiana Imprenditori Sportivi; Valter Vieri, Consigliere ASC e Presidente di EBISport; e Annamaria Pacialeo, Presidente di Confcommercio Professioni Umbria e Consigliere nel Direttivo delle Associazioni Professioni di Confcommercio Nazionale. Gli interventi hanno messo al centro il valore dell\u2019integrazione tra sport e impresa nel sistema confederale, il ruolo del CCNL Sport e della bilateralit\u00e0 di EBISport a tutela dei lavoratori e delle organizzazioni sportive, e le opportunit\u00e0 che il sistema Confcommercio offre alle realt\u00e0 sportive del territorio.<br \/>Al termine del dibattito, l\u2019Assemblea ha eletto alla Presidenza del nuovo Comitato Regionale Annamaria Pacialeo. Il Consiglio Regionale risulta composto da Vasco Gargaglia, Stefano Lupi, Giovanni Rubeca e Barbara Carli. Grande elettore dell\u2019Assemblea, Maddalena Terracina.<br \/>Il Comitato Regionale dell\u2019Umbria operer\u00e0 per lo sviluppo delle attivit\u00e0 sportive confederate sul territorio, per l\u2019affiliazione e l\u2019assistenza di ASD e SSD, per la promozione di eventi e attivit\u00e0 formative e per la costruzione di progettualit\u00e0 condivise con Confcommercio Umbria, cui va il ringraziamento di ASC per la collaborazione e l\u2019ospitalit\u00e0. <br \/>A conclusione dei lavori \u00e8 stata sottoscritta la Convenzione Quadro di adesione, integrazione confederale e disciplina dei servizi tra ASC, Confederazione dello Sport, FIIS e Confcommercio Umbria: un accordo che rende l\u2019Umbria la prima Regione in cui il sistema sportivo confederale si integra pienamente nel sistema associativo di Confcommercio.<br \/>Per effetto della Convenzione, le associazioni e societ\u00e0 sportive dilettantistiche affiliate ad ASC, le imprese sportive aderenti a FIIS e i lavoratori sportivi del territorio entrano a far parte del sistema associativo Confcommercio, con l\u2019accesso ai servizi confederali, alle convenzioni e alle agevolazioni della pi\u00f9 grande rete di rappresentanza d\u2019impresa del Paese.<br \/>L\u2019accordo, di durata triennale, prevede inoltre: servizi di consulenza, assistenza amministrativa, fiscale e giuslavoristica dedicati al mondo sportivo; attivit\u00e0 di formazione, sicurezza e welfare in raccordo con EBISport, ente bilaterale del CCNL Sport; spazi, sportelli e segreteria organizzativa presso le sedi Confcommercio; e, in senso inverso, condizioni agevolate per gli associati Confcommercio nell\u2019accesso a palestre, piscine, centri e impianti sportivi affiliati ASC, insieme a tornei, eventi e programmi di benessere aziendale dedicati alle categorie del commercio, del turismo e dei servizi. Un Tavolo Tecnico Territoriale tra le Parti ne garantir\u00e0 l\u2019attuazione e il coordinamento.<br \/>\u201cLa costituzione del Comitato Regionale dell\u2019Umbria e la firma della Convenzione Quadro \u2013 ha dichiarato Alessandro Londi, Direttore Generale di ASC \u2013 rappresentano un modello che mettiamo a disposizione dell\u2019intero sistema: lo sport come impresa e come servizio alle comunit\u00e0, con una rappresentanza territoriale che unisce associazioni e societ\u00e0 sportive, professionisti e imprese. Da oggi i nostri affiliati umbri sono parte del sistema Confcommercio, con servizi e tutele reali. L\u2019Umbria apre una strada che intendiamo percorrere in tutte le Regioni, insieme alle Confcommercio territoriali che vorranno condividere questo percorso\u201d. <br \/>\u201cRingrazio l\u2019Assemblea per la fiducia \u2013 ha aggiunto Annamaria Pacialeo -. Lavoreremo per radicare ASC sul territorio umbro, al fianco delle realt\u00e0 sportive e delle imprese del settore, valorizzando le sinergie con il sistema Confcommercio. Il primo passo concreto arriver\u00e0 gi\u00e0 nella seconda met\u00e0 di settembre, con l\u2019attivazione presso Confcommercio Umbria dello Sportello PASS \u2013 Punto Assistenza Sport e Sociale: uno sportello di orientamento gratuito rivolto ad associazioni e societ\u00e0 sportive dilettantistiche, lavoratori sportivi ed enti del Terzo Settore, che offrir\u00e0 un primo supporto informativo su adempimenti, lavoro sportivo, registri e opportunit\u00e0 di finanziamento. PASS \u00e8 la rete nazionale promossa da ASC con il sostegno del Ministero del Lavoro e delle Politiche Sociali e ospitata presso le sedi territoriali di Confcommercio: l\u2019Umbria entra cos\u00ec, da subito, in un sistema di servizi pensato per chi fa sport ogni giorno sul territorio\u201d.<\/p>\n<p>\u2013 foto ufficio stampa ASC \u2013<br \/>(ITALPRESS).<\/p>\n<\/div>\n","protected":false},"excerpt":{"rendered":"<p>PERUGIA (ITALPRESS) \u2013 Si \u00e8 svolta a Perugia, presso la sede di Confcommercio Umbria, l\u2019Assemblea Costituente del Comitato Regionale dell\u2019Umbria di ASC \u2013 Attivit\u00e0 Sportive Confederate, Ente di Promozione Sportiva riconosciuto dal CONI. Si tratta del primo Comitato Regionale costituito nell\u2019ambito del sistema Confcommercio: un passaggio che segna concretamente l\u2019integrazione tra il mondo dello sport [&hellip;]<\/p>\n","protected":false},"author":16,"featured_media":84767,"comment_status":"closed","ping_status":"closed","sticky":false,"template":"","format":"standard","meta":{"jnews-multi-image_gallery":[],"jnews_single_post":[],"jnews_primary_category":[],"jnews_social_meta":[],"jnews_override_counter":[],"jnews_post_split":[],"footnotes":"","_members_access_role":[],"_members_access_error":""},"categories":[1129],"tags":[],"class_list":["post-84766","post","type-post","status-publish","format-standard","has-post-thumbnail","hentry","category-mondo"],"yoast_head":"<!-- This site is optimized with the Yoast SEO plugin v28.4 - https:\/\/yoast.com\/product\/yoast-seo-wordpress\/ -->\n<title>A Perugia nasce il Comitato Regionale ASC dell\u2019Umbria, Pacialeo eletta presidente - Live Magazine<\/title>\n<meta name=\"robots\" content=\"index, follow, max-snippet:-1, max-image-preview:large, max-video-preview:-1\" \/>\n<link rel=\"canonical\" href=\"https:\/\/www.livemag.it\/index.php\/2026\/09\/04\/a-perugia-nasce-il-comitato-regionale-asc-dellumbria-pacialeo-eletta-presidente\/\" \/>\n<meta property=\"og:locale\" content=\"it_IT\" \/>\n<meta property=\"og:type\" content=\"article\" \/>\n<meta property=\"og:title\" content=\"A Perugia nasce il Comitato Regionale ASC dell\u2019Umbria, Pacialeo eletta presidente - Live Magazine\" \/>\n<meta property=\"og:description\" content=\"PERUGIA (ITALPRESS) \u2013 Si \u00e8 svolta a Perugia, presso la sede di Confcommercio Umbria, l\u2019Assemblea Costituente del Comitato Regionale dell\u2019Umbria di ASC \u2013 Attivit\u00e0 Sportive Confederate, Ente di Promozione Sportiva riconosciuto dal CONI. Si tratta del primo Comitato Regionale costituito nell\u2019ambito del sistema Confcommercio: un passaggio che segna concretamente l\u2019integrazione tra il mondo dello sport [&hellip;]\" \/>\n<meta property=\"og:url\" content=\"https:\/\/www.livemag.it\/index.php\/2026\/09\/04\/a-perugia-nasce-il-comitato-regionale-asc-dellumbria-pacialeo-eletta-presidente\/\" \/>\n<meta property=\"og:site_name\" content=\"Live Magazine\" \/>\n<meta property=\"article:publisher\" content=\"https:\/\/www.facebook.com\/LiveMag\/\" \/>\n<meta property=\"article:published_time\" content=\"2026-09-04T12:04:42+00:00\" \/>\n<meta property=\"og:image\" content=\"https:\/\/www.livemag.it\/wp-content\/uploads\/2024\/02\/ograph.jpg\" \/>\n\t<meta property=\"og:image:width\" content=\"1200\" \/>\n\t<meta property=\"og:image:height\" content=\"675\" \/>\n\t<meta property=\"og:image:type\" content=\"image\/jpeg\" \/>\n<meta name=\"author\" content=\"italpress\" \/>\n<meta name=\"twitter:card\" content=\"summary_large_image\" \/>\n<meta name=\"twitter:creator\" content=\"@LiveNotizie\" \/>\n<meta name=\"twitter:site\" content=\"@LiveNotizie\" \/>\n<meta name=\"twitter:label1\" content=\"Scritto da\" \/>\n\t<meta name=\"twitter:data1\" content=\"italpress\" \/>\n\t<meta name=\"twitter:label2\" content=\"Tempo di lettura stimato\" \/>\n\t<meta name=\"twitter:data2\" content=\"4 minuti\" \/>\n<script type=\"application\/ld+json\" class=\"yoast-schema-graph\">{\"@context\":\"https:\\\/\\\/schema.org\",\"@graph\":[{\"@type\":\"Article\",\"@id\":\"https:\\\/\\\/www.livemag.it\\\/index.php\\\/2026\\\/09\\\/04\\\/a-perugia-nasce-il-comitato-regionale-asc-dellumbria-pacialeo-eletta-presidente\\\/#article\",\"isPartOf\":{\"@id\":\"https:\\\/\\\/www.livemag.it\\\/index.php\\\/2026\\\/09\\\/04\\\/a-perugia-nasce-il-comitato-regionale-asc-dellumbria-pacialeo-eletta-presidente\\\/\"},\"author\":{\"name\":\"italpress\",\"@id\":\"https:\\\/\\\/www.livemag.it\\\/#\\\/schema\\\/person\\\/b62c5f44451fdcdaeb0afe6c2424e73c\"},\"headline\":\"A Perugia nasce il Comitato Regionale ASC dell\u2019Umbria, Pacialeo eletta presidente\",\"datePublished\":\"2026-09-04T12:04:42+00:00\",\"mainEntityOfPage\":{\"@id\":\"https:\\\/\\\/www.livemag.it\\\/index.php\\\/2026\\\/09\\\/04\\\/a-perugia-nasce-il-comitato-regionale-asc-dellumbria-pacialeo-eletta-presidente\\\/\"},\"wordCount\":737,\"publisher\":{\"@id\":\"https:\\\/\\\/www.livemag.it\\\/#organization\"},\"image\":{\"@id\":\"https:\\\/\\\/www.livemag.it\\\/index.php\\\/2026\\\/09\\\/04\\\/a-perugia-nasce-il-comitato-regionale-asc-dellumbria-pacialeo-eletta-presidente\\\/#primaryimage\"},\"thumbnailUrl\":\"https:\\\/\\\/www.livemag.it\\\/wp-content\\\/uploads\\\/2026\\\/09\\\/20260904_0863.jpg\",\"articleSection\":[\"Mondo\"],\"inLanguage\":\"it-IT\"},{\"@type\":\"WebPage\",\"@id\":\"https:\\\/\\\/www.livemag.it\\\/index.php\\\/2026\\\/09\\\/04\\\/a-perugia-nasce-il-comitato-regionale-asc-dellumbria-pacialeo-eletta-presidente\\\/\",\"url\":\"https:\\\/\\\/www.livemag.it\\\/index.php\\\/2026\\\/09\\\/04\\\/a-perugia-nasce-il-comitato-regionale-asc-dellumbria-pacialeo-eletta-presidente\\\/\",\"name\":\"A Perugia nasce il Comitato Regionale ASC dell\u2019Umbria, Pacialeo eletta presidente - Live Magazine\",\"isPartOf\":{\"@id\":\"https:\\\/\\\/www.livemag.it\\\/#website\"},\"primaryImageOfPage\":{\"@id\":\"https:\\\/\\\/www.livemag.it\\\/index.php\\\/2026\\\/09\\\/04\\\/a-perugia-nasce-il-comitato-regionale-asc-dellumbria-pacialeo-eletta-presidente\\\/#primaryimage\"},\"image\":{\"@id\":\"https:\\\/\\\/www.livemag.it\\\/index.php\\\/2026\\\/09\\\/04\\\/a-perugia-nasce-il-comitato-regionale-asc-dellumbria-pacialeo-eletta-presidente\\\/#primaryimage\"},\"thumbnailUrl\":\"https:\\\/\\\/www.livemag.it\\\/wp-content\\\/uploads\\\/2026\\\/09\\\/20260904_0863.jpg\",\"datePublished\":\"2026-09-04T12:04:42+00:00\",\"breadcrumb\":{\"@id\":\"https:\\\/\\\/www.livemag.it\\\/index.php\\\/2026\\\/09\\\/04\\\/a-perugia-nasce-il-comitato-regionale-asc-dellumbria-pacialeo-eletta-presidente\\\/#breadcrumb\"},\"inLanguage\":\"it-IT\",\"potentialAction\":[{\"@type\":\"ReadAction\",\"target\":[\"https:\\\/\\\/www.livemag.it\\\/index.php\\\/2026\\\/09\\\/04\\\/a-perugia-nasce-il-comitato-regionale-asc-dellumbria-pacialeo-eletta-presidente\\\/\"]}]},{\"@type\":\"ImageObject\",\"inLanguage\":\"it-IT\",\"@id\":\"https:\\\/\\\/www.livemag.it\\\/index.php\\\/2026\\\/09\\\/04\\\/a-perugia-nasce-il-comitato-regionale-asc-dellumbria-pacialeo-eletta-presidente\\\/#primaryimage\",\"url\":\"https:\\\/\\\/www.livemag.it\\\/wp-content\\\/uploads\\\/2026\\\/09\\\/20260904_0863.jpg\",\"contentUrl\":\"https:\\\/\\\/www.livemag.it\\\/wp-content\\\/uploads\\\/2026\\\/09\\\/20260904_0863.jpg\",\"width\":1024,\"height\":932},{\"@type\":\"BreadcrumbList\",\"@id\":\"https:\\\/\\\/www.livemag.it\\\/index.php\\\/2026\\\/09\\\/04\\\/a-perugia-nasce-il-comitato-regionale-asc-dellumbria-pacialeo-eletta-presidente\\\/#breadcrumb\",\"itemListElement\":[{\"@type\":\"ListItem\",\"position\":1,\"name\":\"Home\",\"item\":\"https:\\\/\\\/www.livemag.it\\\/\"},{\"@type\":\"ListItem\",\"position\":2,\"name\":\"A Perugia nasce il Comitato Regionale ASC dell\u2019Umbria, Pacialeo eletta presidente\"}]},{\"@type\":\"WebSite\",\"@id\":\"https:\\\/\\\/www.livemag.it\\\/#website\",\"url\":\"https:\\\/\\\/www.livemag.it\\\/\",\"name\":\"Live Magazine\",\"description\":\"Varie ed eventi\",\"publisher\":{\"@id\":\"https:\\\/\\\/www.livemag.it\\\/#organization\"},\"potentialAction\":[{\"@type\":\"SearchAction\",\"target\":{\"@type\":\"EntryPoint\",\"urlTemplate\":\"https:\\\/\\\/www.livemag.it\\\/?s={search_term_string}\"},\"query-input\":{\"@type\":\"PropertyValueSpecification\",\"valueRequired\":true,\"valueName\":\"search_term_string\"}}],\"inLanguage\":\"it-IT\"},{\"@type\":\"Organization\",\"@id\":\"https:\\\/\\\/www.livemag.it\\\/#organization\",\"name\":\"LiveMag\",\"alternateName\":\"LiveMag News ed eventi\",\"url\":\"https:\\\/\\\/www.livemag.it\\\/\",\"logo\":{\"@type\":\"ImageObject\",\"inLanguage\":\"it-IT\",\"@id\":\"https:\\\/\\\/www.livemag.it\\\/#\\\/schema\\\/logo\\\/image\\\/\",\"url\":\"https:\\\/\\\/www.livemag.it\\\/wp-content\\\/uploads\\\/2024\\\/02\\\/immagine-sito.jpg\",\"contentUrl\":\"https:\\\/\\\/www.livemag.it\\\/wp-content\\\/uploads\\\/2024\\\/02\\\/immagine-sito.jpg\",\"width\":696,\"height\":696,\"caption\":\"LiveMag\"},\"image\":{\"@id\":\"https:\\\/\\\/www.livemag.it\\\/#\\\/schema\\\/logo\\\/image\\\/\"},\"sameAs\":[\"https:\\\/\\\/www.facebook.com\\\/LiveMag\\\/\",\"https:\\\/\\\/x.com\\\/LiveNotizie\",\"https:\\\/\\\/www.instagram.com\\\/livemag\\\/\"]},{\"@type\":\"Person\",\"@id\":\"https:\\\/\\\/www.livemag.it\\\/#\\\/schema\\\/person\\\/b62c5f44451fdcdaeb0afe6c2424e73c\",\"name\":\"italpress\",\"image\":{\"@type\":\"ImageObject\",\"inLanguage\":\"it-IT\",\"@id\":\"https:\\\/\\\/secure.gravatar.com\\\/avatar\\\/b6a21695fc713ce7ee312cf57c97e2e641feb365be72d8745574d3c3e2b59066?s=96&r=g\",\"url\":\"https:\\\/\\\/secure.gravatar.com\\\/avatar\\\/b6a21695fc713ce7ee312cf57c97e2e641feb365be72d8745574d3c3e2b59066?s=96&r=g\",\"contentUrl\":\"https:\\\/\\\/secure.gravatar.com\\\/avatar\\\/b6a21695fc713ce7ee312cf57c97e2e641feb365be72d8745574d3c3e2b59066?s=96&r=g\",\"caption\":\"italpress\"},\"description\":\"Italpress \u00e8 un'agenzia di stampa italiana a carattere nazionale.\",\"url\":\"https:\\\/\\\/www.livemag.it\\\/index.php\\\/author\\\/italpress\\\/\"}]}<\/script>\n<!-- \/ Yoast SEO plugin. -->","yoast_head_json":{"title":"A Perugia nasce il Comitato Regionale ASC dell\u2019Umbria, Pacialeo eletta presidente - Live Magazine","robots":{"index":"index","follow":"follow","max-snippet":"max-snippet:-1","max-image-preview":"max-image-preview:large","max-video-preview":"max-video-preview:-1"},"canonical":"https:\/\/www.livemag.it\/index.php\/2026\/09\/04\/a-perugia-nasce-il-comitato-regionale-asc-dellumbria-pacialeo-eletta-presidente\/","og_locale":"it_IT","og_type":"article","og_title":"A Perugia nasce il Comitato Regionale ASC dell\u2019Umbria, Pacialeo eletta presidente - Live Magazine","og_description":"PERUGIA (ITALPRESS) \u2013 Si \u00e8 svolta a Perugia, presso la sede di Confcommercio Umbria, l\u2019Assemblea Costituente del Comitato Regionale dell\u2019Umbria di ASC \u2013 Attivit\u00e0 Sportive Confederate, Ente di Promozione Sportiva riconosciuto dal CONI. Si tratta del primo Comitato Regionale costituito nell\u2019ambito del sistema Confcommercio: un passaggio che segna concretamente l\u2019integrazione tra il mondo dello sport [&hellip;]","og_url":"https:\/\/www.livemag.it\/index.php\/2026\/09\/04\/a-perugia-nasce-il-comitato-regionale-asc-dellumbria-pacialeo-eletta-presidente\/","og_site_name":"Live Magazine","article_publisher":"https:\/\/www.facebook.com\/LiveMag\/","article_published_time":"2026-09-04T12:04:42+00:00","og_image":[{"width":1200,"height":675,"url":"https:\/\/www.livemag.it\/wp-content\/uploads\/2024\/02\/ograph.jpg","type":"image\/jpeg"}],"author":"italpress","twitter_card":"summary_large_image","twitter_creator":"@LiveNotizie","twitter_site":"@LiveNotizie","twitter_misc":{"Scritto da":"italpress","Tempo di lettura stimato":"4 minuti"},"schema":{"@context":"https:\/\/schema.org","@graph":[{"@type":"Article","@id":"https:\/\/www.livemag.it\/index.php\/2026\/09\/04\/a-perugia-nasce-il-comitato-regionale-asc-dellumbria-pacialeo-eletta-presidente\/#article","isPartOf":{"@id":"https:\/\/www.livemag.it\/index.php\/2026\/09\/04\/a-perugia-nasce-il-comitato-regionale-asc-dellumbria-pacialeo-eletta-presidente\/"},"author":{"name":"italpress","@id":"https:\/\/www.livemag.it\/#\/schema\/person\/b62c5f44451fdcdaeb0afe6c2424e73c"},"headline":"A Perugia nasce il Comitato Regionale ASC dell\u2019Umbria, Pacialeo eletta presidente","datePublished":"2026-09-04T12:04:42+00:00","mainEntityOfPage":{"@id":"https:\/\/www.livemag.it\/index.php\/2026\/09\/04\/a-perugia-nasce-il-comitato-regionale-asc-dellumbria-pacialeo-eletta-presidente\/"},"wordCount":737,"publisher":{"@id":"https:\/\/www.livemag.it\/#organization"},"image":{"@id":"https:\/\/www.livemag.it\/index.php\/2026\/09\/04\/a-perugia-nasce-il-comitato-regionale-asc-dellumbria-pacialeo-eletta-presidente\/#primaryimage"},"thumbnailUrl":"https:\/\/www.livemag.it\/wp-content\/uploads\/2026\/09\/20260904_0863.jpg","articleSection":["Mondo"],"inLanguage":"it-IT"},{"@type":"WebPage","@id":"https:\/\/www.livemag.it\/index.php\/2026\/09\/04\/a-perugia-nasce-il-comitato-regionale-asc-dellumbria-pacialeo-eletta-presidente\/","url":"https:\/\/www.livemag.it\/index.php\/2026\/09\/04\/a-perugia-nasce-il-comitato-regionale-asc-dellumbria-pacialeo-eletta-presidente\/","name":"A Perugia nasce il Comitato Regionale ASC dell\u2019Umbria, Pacialeo eletta presidente - Live Magazine","isPartOf":{"@id":"https:\/\/www.livemag.it\/#website"},"primaryImageOfPage":{"@id":"https:\/\/www.livemag.it\/index.php\/2026\/09\/04\/a-perugia-nasce-il-comitato-regionale-asc-dellumbria-pacialeo-eletta-presidente\/#primaryimage"},"image":{"@id":"https:\/\/www.livemag.it\/index.php\/2026\/09\/04\/a-perugia-nasce-il-comitato-regionale-asc-dellumbria-pacialeo-eletta-presidente\/#primaryimage"},"thumbnailUrl":"https:\/\/www.livemag.it\/wp-content\/uploads\/2026\/09\/20260904_0863.jpg","datePublished":"2026-09-04T12:04:42+00:00","breadcrumb":{"@id":"https:\/\/www.livemag.it\/index.php\/2026\/09\/04\/a-perugia-nasce-il-comitato-regionale-asc-dellumbria-pacialeo-eletta-presidente\/#breadcrumb"},"inLanguage":"it-IT","potentialAction":[{"@type":"ReadAction","target":["https:\/\/www.livemag.it\/index.php\/2026\/09\/04\/a-perugia-nasce-il-comitato-regionale-asc-dellumbria-pacialeo-eletta-presidente\/"]}]},{"@type":"ImageObject","inLanguage":"it-IT","@id":"https:\/\/www.livemag.it\/index.php\/2026\/09\/04\/a-perugia-nasce-il-comitato-regionale-asc-dellumbria-pacialeo-eletta-presidente\/#primaryimage","url":"https:\/\/www.livemag.it\/wp-content\/uploads\/2026\/09\/20260904_0863.jpg","contentUrl":"https:\/\/www.livemag.it\/wp-content\/uploads\/2026\/09\/20260904_0863.jpg","width":1024,"height":932},{"@type":"BreadcrumbList","@id":"https:\/\/www.livemag.it\/index.php\/2026\/09\/04\/a-perugia-nasce-il-comitato-regionale-asc-dellumbria-pacialeo-eletta-presidente\/#breadcrumb","itemListElement":[{"@type":"ListItem","position":1,"name":"Home","item":"https:\/\/www.livemag.it\/"},{"@type":"ListItem","position":2,"name":"A Perugia nasce il Comitato Regionale ASC dell\u2019Umbria, Pacialeo eletta presidente"}]},{"@type":"WebSite","@id":"https:\/\/www.livemag.it\/#website","url":"https:\/\/www.livemag.it\/","name":"Live Magazine","description":"Varie ed eventi","publisher":{"@id":"https:\/\/www.livemag.it\/#organization"},"potentialAction":[{"@type":"SearchAction","target":{"@type":"EntryPoint","urlTemplate":"https:\/\/www.livemag.it\/?s={search_term_string}"},"query-input":{"@type":"PropertyValueSpecification","valueRequired":true,"valueName":"search_term_string"}}],"inLanguage":"it-IT"},{"@type":"Organization","@id":"https:\/\/www.livemag.it\/#organization","name":"LiveMag","alternateName":"LiveMag News ed eventi","url":"https:\/\/www.livemag.it\/","logo":{"@type":"ImageObject","inLanguage":"it-IT","@id":"https:\/\/www.livemag.it\/#\/schema\/logo\/image\/","url":"https:\/\/www.livemag.it\/wp-content\/uploads\/2024\/02\/immagine-sito.jpg","contentUrl":"https:\/\/www.livemag.it\/wp-content\/uploads\/2024\/02\/immagine-sito.jpg","width":696,"height":696,"caption":"LiveMag"},"image":{"@id":"https:\/\/www.livemag.it\/#\/schema\/logo\/image\/"},"sameAs":["https:\/\/www.facebook.com\/LiveMag\/","https:\/\/x.com\/LiveNotizie","https:\/\/www.instagram.com\/livemag\/"]},{"@type":"Person","@id":"https:\/\/www.livemag.it\/#\/schema\/person\/b62c5f44451fdcdaeb0afe6c2424e73c","name":"italpress","image":{"@type":"ImageObject","inLanguage":"it-IT","@id":"https:\/\/secure.gravatar.com\/avatar\/b6a21695fc713ce7ee312cf57c97e2e641feb365be72d8745574d3c3e2b59066?s=96&r=g","url":"https:\/\/secure.gravatar.com\/avatar\/b6a21695fc713ce7ee312cf57c97e2e641feb365be72d8745574d3c3e2b59066?s=96&r=g","contentUrl":"https:\/\/secure.gravatar.com\/avatar\/b6a21695fc713ce7ee312cf57c97e2e641feb365be72d8745574d3c3e2b59066?s=96&r=g","caption":"italpress"},"description":"Italpress \u00e8 un'agenzia di stampa italiana a carattere nazionale.","url":"https:\/\/www.livemag.it\/index.php\/author\/italpress\/"}]}},"jetpack_featured_media_url":"https:\/\/www.livemag.it\/wp-content\/uploads\/2026\/09\/20260904_0863.jpg","_links":{"self":[{"href":"https:\/\/www.livemag.it\/index.php\/wp-json\/wp\/v2\/posts\/84766","targetHints":{"allow":["GET"]}}],"collection":[{"href":"https:\/\/www.livemag.it\/index.php\/wp-json\/wp\/v2\/posts"}],"about":[{"href":"https:\/\/www.livemag.it\/index.php\/wp-json\/wp\/v2\/types\/post"}],"author":[{"embeddable":true,"href":"https:\/\/www.livemag.it\/index.php\/wp-json\/wp\/v2\/users\/16"}],"replies":[{"embeddable":true,"href":"https:\/\/www.livemag.it\/index.php\/wp-json\/wp\/v2\/comments?post=84766"}],"version-history":[{"count":0,"href":"https:\/\/www.livemag.it\/index.php\/wp-json\/wp\/v2\/posts\/84766\/revisions"}],"wp:featuredmedia":[{"embeddable":true,"href":"https:\/\/www.livemag.it\/index.php\/wp-json\/wp\/v2\/media\/84767"}],"wp:attachment":[{"href":"https:\/\/www.livemag.it\/index.php\/wp-json\/wp\/v2\/media?parent=84766"}],"wp:term":[{"taxonomy":"category","embeddable":true,"href":"https:\/\/www.livemag.it\/index.php\/wp-json\/wp\/v2\/categories?post=84766"},{"taxonomy":"post_tag","embeddable":true,"href":"https:\/\/www.livemag.it\/index.php\/wp-json\/wp\/v2\/tags?post=84766"}],"curies":[{"name":"wp","href":"https:\/\/api.w.org\/{rel}","templated":true}]}}