{"id":84764,"date":"2026-09-04T14:04:41","date_gmt":"2026-09-04T12:04:41","guid":{"rendered":"https:\/\/www.livemag.it\/index.php\/2026\/09\/04\/mattarella-tornino-a-prevalere-modalita-di-convivenza-pacifica\/"},"modified":"2026-09-04T14:04:41","modified_gmt":"2026-09-04T12:04:41","slug":"mattarella-tornino-a-prevalere-modalita-di-convivenza-pacifica","status":"publish","type":"post","link":"https:\/\/www.livemag.it\/index.php\/2026\/09\/04\/mattarella-tornino-a-prevalere-modalita-di-convivenza-pacifica\/","title":{"rendered":"Mattarella \u201cTornino a prevalere modalit\u00e0 di convivenza pacifica\u201d"},"content":{"rendered":"<div>\n<p>CERNOBBIO (COMO) (ITALPRESS) \u2013 \u201cIl contributo dell\u2019Europa a un ordinamento internazionale equo e condiviso \u00e8 prezioso e, su questo terreno, deve saper giocare assumendo iniziative piuttosto che attestarsi su moduli di mera difesa. I necessari e urgenti cambiamenti nel funzionamento delle sue istituzioni, nella composizione, nella tempestivit\u00e0 delle decisioni, nelle priorit\u00e0, sono indispensabili per affermare le volont\u00e0 espresse dalla sovranit\u00e0 dei popoli che in essa si riuniscono\u201d. Lo ha detto il presidente della Repubblica Sergio Mattarella, in un messaggio letto in apertura della prima giornata del Forum Ambrosetti a Cernobbio. \u201cLe societ\u00e0 civili dei vari Paesi, il sistema delle imprese, sanno di avere una responsabilit\u00e0 speciale e un ruolo nel consentire all\u2019Unione di essere rilevante, di avere una propria identit\u00e0, per continuare a rappresentare un modello virtuoso cui ispirare le relazioni internazionali\u201d, ha aggiunto poi il Capo di Stato, sottolineando che \u201cl\u2019attuale contesto internazionale non ammette indugi. Occorre un chiaro percorso di azione affinch\u00e8 tornino a prevalere modalit\u00e0 di convivenza pacifica in seno alla Comunit\u00e0 degli Stati in un quadro giuridico e istituzionale condiviso e rispettato\u201d.<br \/>\u201cIn assenza di questo presupposto, sono messe a dura prova le<br \/>stesse prospettive di un\u2019economia mondiale prospera e in crescita<br \/>costante e duratura \u2013 ha concluso Mattarella -. I temi affrontati<br \/>nel corso delle diverse sessioni saranno utili a far emergere<br \/>spunti di riflessione, idee e proposte\u201d.<\/p>\n<p>\u2013 foto Ipa Agency \u2013<br \/>(ITALPRESS).<\/p>\n<\/div>\n","protected":false},"excerpt":{"rendered":"<p>CERNOBBIO (COMO) (ITALPRESS) \u2013 \u201cIl contributo dell\u2019Europa a un ordinamento internazionale equo e condiviso \u00e8 prezioso e, su questo terreno, deve saper giocare assumendo iniziative piuttosto che attestarsi su moduli di mera difesa. I necessari e urgenti cambiamenti nel funzionamento delle sue istituzioni, nella composizione, nella tempestivit\u00e0 delle decisioni, nelle priorit\u00e0, sono indispensabili per affermare [&hellip;]<\/p>\n","protected":false},"author":16,"featured_media":84765,"comment_status":"closed","ping_status":"closed","sticky":false,"template":"","format":"standard","meta":{"jnews-multi-image_gallery":[],"jnews_single_post":[],"jnews_primary_category":[],"jnews_social_meta":[],"jnews_override_counter":[],"jnews_post_split":[],"footnotes":"","_members_access_role":[],"_members_access_error":""},"categories":[1129],"tags":[],"class_list":["post-84764","post","type-post","status-publish","format-standard","has-post-thumbnail","hentry","category-mondo"],"yoast_head":"<!-- This site is optimized with the Yoast SEO plugin v28.4 - https:\/\/yoast.com\/product\/yoast-seo-wordpress\/ -->\n<title>Mattarella \u201cTornino a prevalere modalit\u00e0 di convivenza pacifica\u201d - Live Magazine<\/title>\n<meta name=\"robots\" content=\"index, follow, max-snippet:-1, max-image-preview:large, max-video-preview:-1\" \/>\n<link rel=\"canonical\" href=\"https:\/\/www.livemag.it\/index.php\/2026\/09\/04\/mattarella-tornino-a-prevalere-modalita-di-convivenza-pacifica\/\" \/>\n<meta property=\"og:locale\" content=\"it_IT\" \/>\n<meta property=\"og:type\" content=\"article\" \/>\n<meta property=\"og:title\" content=\"Mattarella \u201cTornino a prevalere modalit\u00e0 di convivenza pacifica\u201d - Live Magazine\" \/>\n<meta property=\"og:description\" content=\"CERNOBBIO (COMO) (ITALPRESS) \u2013 \u201cIl contributo dell\u2019Europa a un ordinamento internazionale equo e condiviso \u00e8 prezioso e, su questo terreno, deve saper giocare assumendo iniziative piuttosto che attestarsi su moduli di mera difesa. I necessari e urgenti cambiamenti nel funzionamento delle sue istituzioni, nella composizione, nella tempestivit\u00e0 delle decisioni, nelle priorit\u00e0, sono indispensabili per affermare [&hellip;]\" \/>\n<meta property=\"og:url\" content=\"https:\/\/www.livemag.it\/index.php\/2026\/09\/04\/mattarella-tornino-a-prevalere-modalita-di-convivenza-pacifica\/\" \/>\n<meta property=\"og:site_name\" content=\"Live Magazine\" \/>\n<meta property=\"article:publisher\" content=\"https:\/\/www.facebook.com\/LiveMag\/\" \/>\n<meta property=\"article:published_time\" content=\"2026-09-04T12:04:41+00:00\" \/>\n<meta property=\"og:image\" content=\"https:\/\/www.livemag.it\/wp-content\/uploads\/2024\/02\/ograph.jpg\" \/>\n\t<meta property=\"og:image:width\" content=\"1200\" \/>\n\t<meta property=\"og:image:height\" content=\"675\" \/>\n\t<meta property=\"og:image:type\" content=\"image\/jpeg\" \/>\n<meta name=\"author\" content=\"italpress\" \/>\n<meta name=\"twitter:card\" content=\"summary_large_image\" \/>\n<meta name=\"twitter:creator\" content=\"@LiveNotizie\" \/>\n<meta name=\"twitter:site\" content=\"@LiveNotizie\" \/>\n<meta name=\"twitter:label1\" content=\"Scritto da\" \/>\n\t<meta name=\"twitter:data1\" content=\"italpress\" \/>\n\t<meta name=\"twitter:label2\" content=\"Tempo di lettura stimato\" \/>\n\t<meta name=\"twitter:data2\" content=\"1 minuto\" \/>\n<script type=\"application\/ld+json\" class=\"yoast-schema-graph\">{\"@context\":\"https:\\\/\\\/schema.org\",\"@graph\":[{\"@type\":\"Article\",\"@id\":\"https:\\\/\\\/www.livemag.it\\\/index.php\\\/2026\\\/09\\\/04\\\/mattarella-tornino-a-prevalere-modalita-di-convivenza-pacifica\\\/#article\",\"isPartOf\":{\"@id\":\"https:\\\/\\\/www.livemag.it\\\/index.php\\\/2026\\\/09\\\/04\\\/mattarella-tornino-a-prevalere-modalita-di-convivenza-pacifica\\\/\"},\"author\":{\"name\":\"italpress\",\"@id\":\"https:\\\/\\\/www.livemag.it\\\/#\\\/schema\\\/person\\\/b62c5f44451fdcdaeb0afe6c2424e73c\"},\"headline\":\"Mattarella \u201cTornino a prevalere modalit\u00e0 di convivenza pacifica\u201d\",\"datePublished\":\"2026-09-04T12:04:41+00:00\",\"mainEntityOfPage\":{\"@id\":\"https:\\\/\\\/www.livemag.it\\\/index.php\\\/2026\\\/09\\\/04\\\/mattarella-tornino-a-prevalere-modalita-di-convivenza-pacifica\\\/\"},\"wordCount\":232,\"publisher\":{\"@id\":\"https:\\\/\\\/www.livemag.it\\\/#organization\"},\"image\":{\"@id\":\"https:\\\/\\\/www.livemag.it\\\/index.php\\\/2026\\\/09\\\/04\\\/mattarella-tornino-a-prevalere-modalita-di-convivenza-pacifica\\\/#primaryimage\"},\"thumbnailUrl\":\"https:\\\/\\\/www.livemag.it\\\/wp-content\\\/uploads\\\/2026\\\/09\\\/20260904_0425.jpg\",\"articleSection\":[\"Mondo\"],\"inLanguage\":\"it-IT\"},{\"@type\":\"WebPage\",\"@id\":\"https:\\\/\\\/www.livemag.it\\\/index.php\\\/2026\\\/09\\\/04\\\/mattarella-tornino-a-prevalere-modalita-di-convivenza-pacifica\\\/\",\"url\":\"https:\\\/\\\/www.livemag.it\\\/index.php\\\/2026\\\/09\\\/04\\\/mattarella-tornino-a-prevalere-modalita-di-convivenza-pacifica\\\/\",\"name\":\"Mattarella \u201cTornino a prevalere modalit\u00e0 di convivenza pacifica\u201d - Live Magazine\",\"isPartOf\":{\"@id\":\"https:\\\/\\\/www.livemag.it\\\/#website\"},\"primaryImageOfPage\":{\"@id\":\"https:\\\/\\\/www.livemag.it\\\/index.php\\\/2026\\\/09\\\/04\\\/mattarella-tornino-a-prevalere-modalita-di-convivenza-pacifica\\\/#primaryimage\"},\"image\":{\"@id\":\"https:\\\/\\\/www.livemag.it\\\/index.php\\\/2026\\\/09\\\/04\\\/mattarella-tornino-a-prevalere-modalita-di-convivenza-pacifica\\\/#primaryimage\"},\"thumbnailUrl\":\"https:\\\/\\\/www.livemag.it\\\/wp-content\\\/uploads\\\/2026\\\/09\\\/20260904_0425.jpg\",\"datePublished\":\"2026-09-04T12:04:41+00:00\",\"breadcrumb\":{\"@id\":\"https:\\\/\\\/www.livemag.it\\\/index.php\\\/2026\\\/09\\\/04\\\/mattarella-tornino-a-prevalere-modalita-di-convivenza-pacifica\\\/#breadcrumb\"},\"inLanguage\":\"it-IT\",\"potentialAction\":[{\"@type\":\"ReadAction\",\"target\":[\"https:\\\/\\\/www.livemag.it\\\/index.php\\\/2026\\\/09\\\/04\\\/mattarella-tornino-a-prevalere-modalita-di-convivenza-pacifica\\\/\"]}]},{\"@type\":\"ImageObject\",\"inLanguage\":\"it-IT\",\"@id\":\"https:\\\/\\\/www.livemag.it\\\/index.php\\\/2026\\\/09\\\/04\\\/mattarella-tornino-a-prevalere-modalita-di-convivenza-pacifica\\\/#primaryimage\",\"url\":\"https:\\\/\\\/www.livemag.it\\\/wp-content\\\/uploads\\\/2026\\\/09\\\/20260904_0425.jpg\",\"contentUrl\":\"https:\\\/\\\/www.livemag.it\\\/wp-content\\\/uploads\\\/2026\\\/09\\\/20260904_0425.jpg\",\"width\":1024,\"height\":688},{\"@type\":\"BreadcrumbList\",\"@id\":\"https:\\\/\\\/www.livemag.it\\\/index.php\\\/2026\\\/09\\\/04\\\/mattarella-tornino-a-prevalere-modalita-di-convivenza-pacifica\\\/#breadcrumb\",\"itemListElement\":[{\"@type\":\"ListItem\",\"position\":1,\"name\":\"Home\",\"item\":\"https:\\\/\\\/www.livemag.it\\\/\"},{\"@type\":\"ListItem\",\"position\":2,\"name\":\"Mattarella \u201cTornino a prevalere modalit\u00e0 di convivenza pacifica\u201d\"}]},{\"@type\":\"WebSite\",\"@id\":\"https:\\\/\\\/www.livemag.it\\\/#website\",\"url\":\"https:\\\/\\\/www.livemag.it\\\/\",\"name\":\"Live Magazine\",\"description\":\"Varie ed eventi\",\"publisher\":{\"@id\":\"https:\\\/\\\/www.livemag.it\\\/#organization\"},\"potentialAction\":[{\"@type\":\"SearchAction\",\"target\":{\"@type\":\"EntryPoint\",\"urlTemplate\":\"https:\\\/\\\/www.livemag.it\\\/?s={search_term_string}\"},\"query-input\":{\"@type\":\"PropertyValueSpecification\",\"valueRequired\":true,\"valueName\":\"search_term_string\"}}],\"inLanguage\":\"it-IT\"},{\"@type\":\"Organization\",\"@id\":\"https:\\\/\\\/www.livemag.it\\\/#organization\",\"name\":\"LiveMag\",\"alternateName\":\"LiveMag News ed eventi\",\"url\":\"https:\\\/\\\/www.livemag.it\\\/\",\"logo\":{\"@type\":\"ImageObject\",\"inLanguage\":\"it-IT\",\"@id\":\"https:\\\/\\\/www.livemag.it\\\/#\\\/schema\\\/logo\\\/image\\\/\",\"url\":\"https:\\\/\\\/www.livemag.it\\\/wp-content\\\/uploads\\\/2024\\\/02\\\/immagine-sito.jpg\",\"contentUrl\":\"https:\\\/\\\/www.livemag.it\\\/wp-content\\\/uploads\\\/2024\\\/02\\\/immagine-sito.jpg\",\"width\":696,\"height\":696,\"caption\":\"LiveMag\"},\"image\":{\"@id\":\"https:\\\/\\\/www.livemag.it\\\/#\\\/schema\\\/logo\\\/image\\\/\"},\"sameAs\":[\"https:\\\/\\\/www.facebook.com\\\/LiveMag\\\/\",\"https:\\\/\\\/x.com\\\/LiveNotizie\",\"https:\\\/\\\/www.instagram.com\\\/livemag\\\/\"]},{\"@type\":\"Person\",\"@id\":\"https:\\\/\\\/www.livemag.it\\\/#\\\/schema\\\/person\\\/b62c5f44451fdcdaeb0afe6c2424e73c\",\"name\":\"italpress\",\"image\":{\"@type\":\"ImageObject\",\"inLanguage\":\"it-IT\",\"@id\":\"https:\\\/\\\/secure.gravatar.com\\\/avatar\\\/b6a21695fc713ce7ee312cf57c97e2e641feb365be72d8745574d3c3e2b59066?s=96&r=g\",\"url\":\"https:\\\/\\\/secure.gravatar.com\\\/avatar\\\/b6a21695fc713ce7ee312cf57c97e2e641feb365be72d8745574d3c3e2b59066?s=96&r=g\",\"contentUrl\":\"https:\\\/\\\/secure.gravatar.com\\\/avatar\\\/b6a21695fc713ce7ee312cf57c97e2e641feb365be72d8745574d3c3e2b59066?s=96&r=g\",\"caption\":\"italpress\"},\"description\":\"Italpress \u00e8 un'agenzia di stampa italiana a carattere nazionale.\",\"url\":\"https:\\\/\\\/www.livemag.it\\\/index.php\\\/author\\\/italpress\\\/\"}]}<\/script>\n<!-- \/ Yoast SEO plugin. -->","yoast_head_json":{"title":"Mattarella \u201cTornino a prevalere modalit\u00e0 di convivenza pacifica\u201d - Live Magazine","robots":{"index":"index","follow":"follow","max-snippet":"max-snippet:-1","max-image-preview":"max-image-preview:large","max-video-preview":"max-video-preview:-1"},"canonical":"https:\/\/www.livemag.it\/index.php\/2026\/09\/04\/mattarella-tornino-a-prevalere-modalita-di-convivenza-pacifica\/","og_locale":"it_IT","og_type":"article","og_title":"Mattarella \u201cTornino a prevalere modalit\u00e0 di convivenza pacifica\u201d - Live Magazine","og_description":"CERNOBBIO (COMO) (ITALPRESS) \u2013 \u201cIl contributo dell\u2019Europa a un ordinamento internazionale equo e condiviso \u00e8 prezioso e, su questo terreno, deve saper giocare assumendo iniziative piuttosto che attestarsi su moduli di mera difesa. I necessari e urgenti cambiamenti nel funzionamento delle sue istituzioni, nella composizione, nella tempestivit\u00e0 delle decisioni, nelle priorit\u00e0, sono indispensabili per affermare [&hellip;]","og_url":"https:\/\/www.livemag.it\/index.php\/2026\/09\/04\/mattarella-tornino-a-prevalere-modalita-di-convivenza-pacifica\/","og_site_name":"Live Magazine","article_publisher":"https:\/\/www.facebook.com\/LiveMag\/","article_published_time":"2026-09-04T12:04:41+00:00","og_image":[{"width":1200,"height":675,"url":"https:\/\/www.livemag.it\/wp-content\/uploads\/2024\/02\/ograph.jpg","type":"image\/jpeg"}],"author":"italpress","twitter_card":"summary_large_image","twitter_creator":"@LiveNotizie","twitter_site":"@LiveNotizie","twitter_misc":{"Scritto da":"italpress","Tempo di lettura stimato":"1 minuto"},"schema":{"@context":"https:\/\/schema.org","@graph":[{"@type":"Article","@id":"https:\/\/www.livemag.it\/index.php\/2026\/09\/04\/mattarella-tornino-a-prevalere-modalita-di-convivenza-pacifica\/#article","isPartOf":{"@id":"https:\/\/www.livemag.it\/index.php\/2026\/09\/04\/mattarella-tornino-a-prevalere-modalita-di-convivenza-pacifica\/"},"author":{"name":"italpress","@id":"https:\/\/www.livemag.it\/#\/schema\/person\/b62c5f44451fdcdaeb0afe6c2424e73c"},"headline":"Mattarella \u201cTornino a prevalere modalit\u00e0 di convivenza pacifica\u201d","datePublished":"2026-09-04T12:04:41+00:00","mainEntityOfPage":{"@id":"https:\/\/www.livemag.it\/index.php\/2026\/09\/04\/mattarella-tornino-a-prevalere-modalita-di-convivenza-pacifica\/"},"wordCount":232,"publisher":{"@id":"https:\/\/www.livemag.it\/#organization"},"image":{"@id":"https:\/\/www.livemag.it\/index.php\/2026\/09\/04\/mattarella-tornino-a-prevalere-modalita-di-convivenza-pacifica\/#primaryimage"},"thumbnailUrl":"https:\/\/www.livemag.it\/wp-content\/uploads\/2026\/09\/20260904_0425.jpg","articleSection":["Mondo"],"inLanguage":"it-IT"},{"@type":"WebPage","@id":"https:\/\/www.livemag.it\/index.php\/2026\/09\/04\/mattarella-tornino-a-prevalere-modalita-di-convivenza-pacifica\/","url":"https:\/\/www.livemag.it\/index.php\/2026\/09\/04\/mattarella-tornino-a-prevalere-modalita-di-convivenza-pacifica\/","name":"Mattarella \u201cTornino a prevalere modalit\u00e0 di convivenza pacifica\u201d - Live Magazine","isPartOf":{"@id":"https:\/\/www.livemag.it\/#website"},"primaryImageOfPage":{"@id":"https:\/\/www.livemag.it\/index.php\/2026\/09\/04\/mattarella-tornino-a-prevalere-modalita-di-convivenza-pacifica\/#primaryimage"},"image":{"@id":"https:\/\/www.livemag.it\/index.php\/2026\/09\/04\/mattarella-tornino-a-prevalere-modalita-di-convivenza-pacifica\/#primaryimage"},"thumbnailUrl":"https:\/\/www.livemag.it\/wp-content\/uploads\/2026\/09\/20260904_0425.jpg","datePublished":"2026-09-04T12:04:41+00:00","breadcrumb":{"@id":"https:\/\/www.livemag.it\/index.php\/2026\/09\/04\/mattarella-tornino-a-prevalere-modalita-di-convivenza-pacifica\/#breadcrumb"},"inLanguage":"it-IT","potentialAction":[{"@type":"ReadAction","target":["https:\/\/www.livemag.it\/index.php\/2026\/09\/04\/mattarella-tornino-a-prevalere-modalita-di-convivenza-pacifica\/"]}]},{"@type":"ImageObject","inLanguage":"it-IT","@id":"https:\/\/www.livemag.it\/index.php\/2026\/09\/04\/mattarella-tornino-a-prevalere-modalita-di-convivenza-pacifica\/#primaryimage","url":"https:\/\/www.livemag.it\/wp-content\/uploads\/2026\/09\/20260904_0425.jpg","contentUrl":"https:\/\/www.livemag.it\/wp-content\/uploads\/2026\/09\/20260904_0425.jpg","width":1024,"height":688},{"@type":"BreadcrumbList","@id":"https:\/\/www.livemag.it\/index.php\/2026\/09\/04\/mattarella-tornino-a-prevalere-modalita-di-convivenza-pacifica\/#breadcrumb","itemListElement":[{"@type":"ListItem","position":1,"name":"Home","item":"https:\/\/www.livemag.it\/"},{"@type":"ListItem","position":2,"name":"Mattarella \u201cTornino a prevalere modalit\u00e0 di convivenza pacifica\u201d"}]},{"@type":"WebSite","@id":"https:\/\/www.livemag.it\/#website","url":"https:\/\/www.livemag.it\/","name":"Live Magazine","description":"Varie ed eventi","publisher":{"@id":"https:\/\/www.livemag.it\/#organization"},"potentialAction":[{"@type":"SearchAction","target":{"@type":"EntryPoint","urlTemplate":"https:\/\/www.livemag.it\/?s={search_term_string}"},"query-input":{"@type":"PropertyValueSpecification","valueRequired":true,"valueName":"search_term_string"}}],"inLanguage":"it-IT"},{"@type":"Organization","@id":"https:\/\/www.livemag.it\/#organization","name":"LiveMag","alternateName":"LiveMag News ed eventi","url":"https:\/\/www.livemag.it\/","logo":{"@type":"ImageObject","inLanguage":"it-IT","@id":"https:\/\/www.livemag.it\/#\/schema\/logo\/image\/","url":"https:\/\/www.livemag.it\/wp-content\/uploads\/2024\/02\/immagine-sito.jpg","contentUrl":"https:\/\/www.livemag.it\/wp-content\/uploads\/2024\/02\/immagine-sito.jpg","width":696,"height":696,"caption":"LiveMag"},"image":{"@id":"https:\/\/www.livemag.it\/#\/schema\/logo\/image\/"},"sameAs":["https:\/\/www.facebook.com\/LiveMag\/","https:\/\/x.com\/LiveNotizie","https:\/\/www.instagram.com\/livemag\/"]},{"@type":"Person","@id":"https:\/\/www.livemag.it\/#\/schema\/person\/b62c5f44451fdcdaeb0afe6c2424e73c","name":"italpress","image":{"@type":"ImageObject","inLanguage":"it-IT","@id":"https:\/\/secure.gravatar.com\/avatar\/b6a21695fc713ce7ee312cf57c97e2e641feb365be72d8745574d3c3e2b59066?s=96&r=g","url":"https:\/\/secure.gravatar.com\/avatar\/b6a21695fc713ce7ee312cf57c97e2e641feb365be72d8745574d3c3e2b59066?s=96&r=g","contentUrl":"https:\/\/secure.gravatar.com\/avatar\/b6a21695fc713ce7ee312cf57c97e2e641feb365be72d8745574d3c3e2b59066?s=96&r=g","caption":"italpress"},"description":"Italpress \u00e8 un'agenzia di stampa italiana a carattere nazionale.","url":"https:\/\/www.livemag.it\/index.php\/author\/italpress\/"}]}},"jetpack_featured_media_url":"https:\/\/www.livemag.it\/wp-content\/uploads\/2026\/09\/20260904_0425.jpg","_links":{"self":[{"href":"https:\/\/www.livemag.it\/index.php\/wp-json\/wp\/v2\/posts\/84764","targetHints":{"allow":["GET"]}}],"collection":[{"href":"https:\/\/www.livemag.it\/index.php\/wp-json\/wp\/v2\/posts"}],"about":[{"href":"https:\/\/www.livemag.it\/index.php\/wp-json\/wp\/v2\/types\/post"}],"author":[{"embeddable":true,"href":"https:\/\/www.livemag.it\/index.php\/wp-json\/wp\/v2\/users\/16"}],"replies":[{"embeddable":true,"href":"https:\/\/www.livemag.it\/index.php\/wp-json\/wp\/v2\/comments?post=84764"}],"version-history":[{"count":0,"href":"https:\/\/www.livemag.it\/index.php\/wp-json\/wp\/v2\/posts\/84764\/revisions"}],"wp:featuredmedia":[{"embeddable":true,"href":"https:\/\/www.livemag.it\/index.php\/wp-json\/wp\/v2\/media\/84765"}],"wp:attachment":[{"href":"https:\/\/www.livemag.it\/index.php\/wp-json\/wp\/v2\/media?parent=84764"}],"wp:term":[{"taxonomy":"category","embeddable":true,"href":"https:\/\/www.livemag.it\/index.php\/wp-json\/wp\/v2\/categories?post=84764"},{"taxonomy":"post_tag","embeddable":true,"href":"https:\/\/www.livemag.it\/index.php\/wp-json\/wp\/v2\/tags?post=84764"}],"curies":[{"name":"wp","href":"https:\/\/api.w.org\/{rel}","templated":true}]}}