{"id":84756,"date":"2026-09-04T14:04:33","date_gmt":"2026-09-04T12:04:33","guid":{"rendered":"https:\/\/www.livemag.it\/index.php\/2026\/09\/04\/incendio-conca-doro-a-palermo-lagalla-70-del-centro-riaprira-a-breve\/"},"modified":"2026-09-04T14:04:33","modified_gmt":"2026-09-04T12:04:33","slug":"incendio-conca-doro-a-palermo-lagalla-70-del-centro-riaprira-a-breve","status":"publish","type":"post","link":"https:\/\/www.livemag.it\/index.php\/2026\/09\/04\/incendio-conca-doro-a-palermo-lagalla-70-del-centro-riaprira-a-breve\/","title":{"rendered":"<div>Incendio Conca d&#8217;Oro a Palermo, Lagalla &#8220;70% del centro riaprir\u00e0 a breve&#8221;<\/div>"},"content":{"rendered":"<p>    <video-js id=\"videojs6a9bc1df091c1\" class=\"vjs-big-play-centered\" controls preload=\"auto\" playsinline data-setup='{\"fluid\": true}'>\r\n        <source src=\"https:\/\/video.italpress.com\/play\/mp4\/video\/qqmD\" type=\"video\/mp4\" \/>\r\n    <\/video-js>\r\n           <br \/>\n<\/p>\n<div> PALERMO (ITALPRESS) &#8211; &#8220;Non si pu\u00f2 pensare che lavoratori e famiglie colpite restino senza sostegno finanziario. \u00c8 il motivo centrale di questa riunione e la presenza dell&#8217;assessorato al lavoro, oltre che dell&#8217;Inps, \u00e8 la testimonianza di volere utilizzare al meglio e nella massima parte possibile tutti gli istituti di sostegno economico che \u00e8 possibile mettere in campo legittimamente&#8221;. Queste le parole del sindaco di Palermo, Roberto Lagalla, intervenuto a margine della riunione negli uffici dell&#8217;assessorato regionale alle Attivit\u00e0 produttive in seguito all&#8217;incendio divampato al centro commerciale Conca d&#8217;Oro, nel capoluogo siciliano. &#8220;L&#8217;incontro di oggi testimonia che il sistema citt\u00e0 ha funzionato come non mai, sul piano dei soccorsi, della risposta e concertazione istituzionale, della solidariet\u00e0 e dei servizi &#8211; aggiunge Lagalla &#8211; . Le tempistiche vanno accertate, ma \u00e8 bene non anticipare nulla per non creare illusioni. Oggi sar\u00e0 depositata la perizia tecnica del nucleo investigativo dei Vigili del Fuoco, abbiamo buon motivo per dire che i tempi di riapertura del 70% del centro non direttamente colpito siano auspicabilmente molto brevi. Per il restante 30% si deve parlare di un medio termine, che concretizzeremo nella stabilizzazione di questo tavolo presso le attivit\u00e0 produttive. Ogni settimana o dieci giorni ci riuniremo per vedere chi sta facendo cosa e con quali tempi. Vado via soddisfatto &#8211; afferma il sindaco -, il sistema citt\u00e0 sta funzionando e bene. L&#8217;unit\u00e0 di intenti &#8211; sottolinea Lagalla &#8211; \u00e8 quella di tutelare i lavoratori e si sta concretizzando attraverso la presenza alla riunione di tutti i soggetti preposti abilitati al sostegno lavorativo, quindi l&#8217;assessorato regionale al lavoro e l&#8217;Inps, primo fra tutti. Vi \u00e8 un&#8217;intensa volont\u00e0 della propriet\u00e0 del Conca d&#8217;Oro di ripristinare immediatamente la pi\u00f9 parte delle attivit\u00e0 che non sono state direttamente colpite dai danni strutturali &#8211; dichiara il primo cittadino -, tutelando e accelerando i lavori per il 30% del centro che \u00e8 compromesso. C&#8217;\u00e8 la volont\u00e0 della propriet\u00e0, oltre a quella di sostenere i lavoratori che resteranno esclusi e l&#8217;impegno per creare una procedura autorizzativa per poter tagliare tutti i tempi burocratici ordinari, che non farebbero altro che minare il raggiungimento degli obiettivi sul piano della pronta rioccupazione dei dipendenti che dell&#8217;economia produttiva del territorio&#8221;. xi6\/vbo\/azn<\/div>\n","protected":false},"excerpt":{"rendered":"<p>PALERMO (ITALPRESS) &#8211; &#8220;Non si pu\u00f2 pensare che lavoratori e famiglie colpite restino senza sostegno finanziario. \u00c8 il motivo centrale di questa riunione e la presenza dell&#8217;assessorato al lavoro, oltre che dell&#8217;Inps, \u00e8 la testimonianza di volere utilizzare al meglio e nella massima parte possibile tutti gli istituti di sostegno economico che \u00e8 possibile mettere [&hellip;]<\/p>\n","protected":false},"author":16,"featured_media":84757,"comment_status":"closed","ping_status":"closed","sticky":false,"template":"","format":"video","meta":{"jnews-multi-image_gallery":[],"jnews_single_post":[],"jnews_primary_category":[],"jnews_social_meta":[],"jnews_override_counter":[],"jnews_post_split":[],"footnotes":"","_members_access_role":[],"_members_access_error":""},"categories":[1171],"tags":[],"class_list":["post-84756","post","type-post","status-publish","format-video","has-post-thumbnail","hentry","category-video","post_format-post-format-video"],"yoast_head":"<!-- This site is optimized with the Yoast SEO plugin v28.4 - https:\/\/yoast.com\/product\/yoast-seo-wordpress\/ -->\n<title>Incendio Conca d&#039;Oro a Palermo, Lagalla &quot;70% del centro riaprir\u00e0 a breve&quot; - Live Magazine<\/title>\n<meta name=\"robots\" content=\"index, follow, max-snippet:-1, max-image-preview:large, max-video-preview:-1\" \/>\n<link rel=\"canonical\" href=\"https:\/\/www.livemag.it\/index.php\/2026\/09\/04\/incendio-conca-doro-a-palermo-lagalla-70-del-centro-riaprira-a-breve\/\" \/>\n<meta property=\"og:locale\" content=\"it_IT\" \/>\n<meta property=\"og:type\" content=\"article\" \/>\n<meta property=\"og:title\" content=\"Incendio Conca d&#039;Oro a Palermo, Lagalla &quot;70% del centro riaprir\u00e0 a breve&quot; - Live Magazine\" \/>\n<meta property=\"og:description\" content=\"PALERMO (ITALPRESS) &#8211; &#8220;Non si pu\u00f2 pensare che lavoratori e famiglie colpite restino senza sostegno finanziario. \u00c8 il motivo centrale di questa riunione e la presenza dell&#8217;assessorato al lavoro, oltre che dell&#8217;Inps, \u00e8 la testimonianza di volere utilizzare al meglio e nella massima parte possibile tutti gli istituti di sostegno economico che \u00e8 possibile mettere [&hellip;]\" \/>\n<meta property=\"og:url\" content=\"https:\/\/www.livemag.it\/index.php\/2026\/09\/04\/incendio-conca-doro-a-palermo-lagalla-70-del-centro-riaprira-a-breve\/\" \/>\n<meta property=\"og:site_name\" content=\"Live Magazine\" \/>\n<meta property=\"article:publisher\" content=\"https:\/\/www.facebook.com\/LiveMag\/\" \/>\n<meta property=\"article:published_time\" content=\"2026-09-04T12:04:33+00:00\" \/>\n<meta property=\"og:image\" content=\"https:\/\/www.livemag.it\/wp-content\/uploads\/2024\/02\/ograph.jpg\" \/>\n\t<meta property=\"og:image:width\" content=\"1200\" \/>\n\t<meta property=\"og:image:height\" content=\"675\" \/>\n\t<meta property=\"og:image:type\" content=\"image\/jpeg\" \/>\n<meta name=\"author\" content=\"italpress\" \/>\n<meta name=\"twitter:card\" content=\"summary_large_image\" \/>\n<meta name=\"twitter:creator\" content=\"@LiveNotizie\" \/>\n<meta name=\"twitter:site\" content=\"@LiveNotizie\" \/>\n<meta name=\"twitter:label1\" content=\"Scritto da\" \/>\n\t<meta name=\"twitter:data1\" content=\"italpress\" \/>\n\t<meta name=\"twitter:label2\" content=\"Tempo di lettura stimato\" \/>\n\t<meta name=\"twitter:data2\" content=\"2 minuti\" \/>\n<script type=\"application\/ld+json\" class=\"yoast-schema-graph\">{\"@context\":\"https:\\\/\\\/schema.org\",\"@graph\":[{\"@type\":\"Article\",\"@id\":\"https:\\\/\\\/www.livemag.it\\\/index.php\\\/2026\\\/09\\\/04\\\/incendio-conca-doro-a-palermo-lagalla-70-del-centro-riaprira-a-breve\\\/#article\",\"isPartOf\":{\"@id\":\"https:\\\/\\\/www.livemag.it\\\/index.php\\\/2026\\\/09\\\/04\\\/incendio-conca-doro-a-palermo-lagalla-70-del-centro-riaprira-a-breve\\\/\"},\"author\":{\"name\":\"italpress\",\"@id\":\"https:\\\/\\\/www.livemag.it\\\/#\\\/schema\\\/person\\\/b62c5f44451fdcdaeb0afe6c2424e73c\"},\"headline\":\"Incendio Conca d&#8217;Oro a Palermo, Lagalla &#8220;70% del centro riaprir\u00e0 a breve&#8221;\",\"datePublished\":\"2026-09-04T12:04:33+00:00\",\"mainEntityOfPage\":{\"@id\":\"https:\\\/\\\/www.livemag.it\\\/index.php\\\/2026\\\/09\\\/04\\\/incendio-conca-doro-a-palermo-lagalla-70-del-centro-riaprira-a-breve\\\/\"},\"wordCount\":391,\"publisher\":{\"@id\":\"https:\\\/\\\/www.livemag.it\\\/#organization\"},\"image\":{\"@id\":\"https:\\\/\\\/www.livemag.it\\\/index.php\\\/2026\\\/09\\\/04\\\/incendio-conca-doro-a-palermo-lagalla-70-del-centro-riaprira-a-breve\\\/#primaryimage\"},\"thumbnailUrl\":\"https:\\\/\\\/www.livemag.it\\\/wp-content\\\/uploads\\\/2026\\\/09\\\/qqmD.jpg\",\"articleSection\":[\"Video\"],\"inLanguage\":\"it-IT\"},{\"@type\":\"WebPage\",\"@id\":\"https:\\\/\\\/www.livemag.it\\\/index.php\\\/2026\\\/09\\\/04\\\/incendio-conca-doro-a-palermo-lagalla-70-del-centro-riaprira-a-breve\\\/\",\"url\":\"https:\\\/\\\/www.livemag.it\\\/index.php\\\/2026\\\/09\\\/04\\\/incendio-conca-doro-a-palermo-lagalla-70-del-centro-riaprira-a-breve\\\/\",\"name\":\"Incendio Conca d'Oro a Palermo, Lagalla \\\"70% del centro riaprir\u00e0 a breve\\\" - Live Magazine\",\"isPartOf\":{\"@id\":\"https:\\\/\\\/www.livemag.it\\\/#website\"},\"primaryImageOfPage\":{\"@id\":\"https:\\\/\\\/www.livemag.it\\\/index.php\\\/2026\\\/09\\\/04\\\/incendio-conca-doro-a-palermo-lagalla-70-del-centro-riaprira-a-breve\\\/#primaryimage\"},\"image\":{\"@id\":\"https:\\\/\\\/www.livemag.it\\\/index.php\\\/2026\\\/09\\\/04\\\/incendio-conca-doro-a-palermo-lagalla-70-del-centro-riaprira-a-breve\\\/#primaryimage\"},\"thumbnailUrl\":\"https:\\\/\\\/www.livemag.it\\\/wp-content\\\/uploads\\\/2026\\\/09\\\/qqmD.jpg\",\"datePublished\":\"2026-09-04T12:04:33+00:00\",\"breadcrumb\":{\"@id\":\"https:\\\/\\\/www.livemag.it\\\/index.php\\\/2026\\\/09\\\/04\\\/incendio-conca-doro-a-palermo-lagalla-70-del-centro-riaprira-a-breve\\\/#breadcrumb\"},\"inLanguage\":\"it-IT\",\"potentialAction\":[{\"@type\":\"ReadAction\",\"target\":[\"https:\\\/\\\/www.livemag.it\\\/index.php\\\/2026\\\/09\\\/04\\\/incendio-conca-doro-a-palermo-lagalla-70-del-centro-riaprira-a-breve\\\/\"]}]},{\"@type\":\"ImageObject\",\"inLanguage\":\"it-IT\",\"@id\":\"https:\\\/\\\/www.livemag.it\\\/index.php\\\/2026\\\/09\\\/04\\\/incendio-conca-doro-a-palermo-lagalla-70-del-centro-riaprira-a-breve\\\/#primaryimage\",\"url\":\"https:\\\/\\\/www.livemag.it\\\/wp-content\\\/uploads\\\/2026\\\/09\\\/qqmD.jpg\",\"contentUrl\":\"https:\\\/\\\/www.livemag.it\\\/wp-content\\\/uploads\\\/2026\\\/09\\\/qqmD.jpg\",\"width\":1920,\"height\":1080},{\"@type\":\"BreadcrumbList\",\"@id\":\"https:\\\/\\\/www.livemag.it\\\/index.php\\\/2026\\\/09\\\/04\\\/incendio-conca-doro-a-palermo-lagalla-70-del-centro-riaprira-a-breve\\\/#breadcrumb\",\"itemListElement\":[{\"@type\":\"ListItem\",\"position\":1,\"name\":\"Home\",\"item\":\"https:\\\/\\\/www.livemag.it\\\/\"},{\"@type\":\"ListItem\",\"position\":2,\"name\":\"Incendio Conca d&#8217;Oro a Palermo, Lagalla &#8220;70% del centro riaprir\u00e0 a breve&#8221;\"}]},{\"@type\":\"WebSite\",\"@id\":\"https:\\\/\\\/www.livemag.it\\\/#website\",\"url\":\"https:\\\/\\\/www.livemag.it\\\/\",\"name\":\"Live Magazine\",\"description\":\"Varie ed eventi\",\"publisher\":{\"@id\":\"https:\\\/\\\/www.livemag.it\\\/#organization\"},\"potentialAction\":[{\"@type\":\"SearchAction\",\"target\":{\"@type\":\"EntryPoint\",\"urlTemplate\":\"https:\\\/\\\/www.livemag.it\\\/?s={search_term_string}\"},\"query-input\":{\"@type\":\"PropertyValueSpecification\",\"valueRequired\":true,\"valueName\":\"search_term_string\"}}],\"inLanguage\":\"it-IT\"},{\"@type\":\"Organization\",\"@id\":\"https:\\\/\\\/www.livemag.it\\\/#organization\",\"name\":\"LiveMag\",\"alternateName\":\"LiveMag News ed eventi\",\"url\":\"https:\\\/\\\/www.livemag.it\\\/\",\"logo\":{\"@type\":\"ImageObject\",\"inLanguage\":\"it-IT\",\"@id\":\"https:\\\/\\\/www.livemag.it\\\/#\\\/schema\\\/logo\\\/image\\\/\",\"url\":\"https:\\\/\\\/www.livemag.it\\\/wp-content\\\/uploads\\\/2024\\\/02\\\/immagine-sito.jpg\",\"contentUrl\":\"https:\\\/\\\/www.livemag.it\\\/wp-content\\\/uploads\\\/2024\\\/02\\\/immagine-sito.jpg\",\"width\":696,\"height\":696,\"caption\":\"LiveMag\"},\"image\":{\"@id\":\"https:\\\/\\\/www.livemag.it\\\/#\\\/schema\\\/logo\\\/image\\\/\"},\"sameAs\":[\"https:\\\/\\\/www.facebook.com\\\/LiveMag\\\/\",\"https:\\\/\\\/x.com\\\/LiveNotizie\",\"https:\\\/\\\/www.instagram.com\\\/livemag\\\/\"]},{\"@type\":\"Person\",\"@id\":\"https:\\\/\\\/www.livemag.it\\\/#\\\/schema\\\/person\\\/b62c5f44451fdcdaeb0afe6c2424e73c\",\"name\":\"italpress\",\"image\":{\"@type\":\"ImageObject\",\"inLanguage\":\"it-IT\",\"@id\":\"https:\\\/\\\/secure.gravatar.com\\\/avatar\\\/b6a21695fc713ce7ee312cf57c97e2e641feb365be72d8745574d3c3e2b59066?s=96&r=g\",\"url\":\"https:\\\/\\\/secure.gravatar.com\\\/avatar\\\/b6a21695fc713ce7ee312cf57c97e2e641feb365be72d8745574d3c3e2b59066?s=96&r=g\",\"contentUrl\":\"https:\\\/\\\/secure.gravatar.com\\\/avatar\\\/b6a21695fc713ce7ee312cf57c97e2e641feb365be72d8745574d3c3e2b59066?s=96&r=g\",\"caption\":\"italpress\"},\"description\":\"Italpress \u00e8 un'agenzia di stampa italiana a carattere nazionale.\",\"url\":\"https:\\\/\\\/www.livemag.it\\\/index.php\\\/author\\\/italpress\\\/\"}]}<\/script>\n<!-- \/ Yoast SEO plugin. -->","yoast_head_json":{"title":"Incendio Conca d'Oro a Palermo, Lagalla \"70% del centro riaprir\u00e0 a breve\" - Live Magazine","robots":{"index":"index","follow":"follow","max-snippet":"max-snippet:-1","max-image-preview":"max-image-preview:large","max-video-preview":"max-video-preview:-1"},"canonical":"https:\/\/www.livemag.it\/index.php\/2026\/09\/04\/incendio-conca-doro-a-palermo-lagalla-70-del-centro-riaprira-a-breve\/","og_locale":"it_IT","og_type":"article","og_title":"Incendio Conca d'Oro a Palermo, Lagalla \"70% del centro riaprir\u00e0 a breve\" - Live Magazine","og_description":"PALERMO (ITALPRESS) &#8211; &#8220;Non si pu\u00f2 pensare che lavoratori e famiglie colpite restino senza sostegno finanziario. \u00c8 il motivo centrale di questa riunione e la presenza dell&#8217;assessorato al lavoro, oltre che dell&#8217;Inps, \u00e8 la testimonianza di volere utilizzare al meglio e nella massima parte possibile tutti gli istituti di sostegno economico che \u00e8 possibile mettere [&hellip;]","og_url":"https:\/\/www.livemag.it\/index.php\/2026\/09\/04\/incendio-conca-doro-a-palermo-lagalla-70-del-centro-riaprira-a-breve\/","og_site_name":"Live Magazine","article_publisher":"https:\/\/www.facebook.com\/LiveMag\/","article_published_time":"2026-09-04T12:04:33+00:00","og_image":[{"width":1200,"height":675,"url":"https:\/\/www.livemag.it\/wp-content\/uploads\/2024\/02\/ograph.jpg","type":"image\/jpeg"}],"author":"italpress","twitter_card":"summary_large_image","twitter_creator":"@LiveNotizie","twitter_site":"@LiveNotizie","twitter_misc":{"Scritto da":"italpress","Tempo di lettura stimato":"2 minuti"},"schema":{"@context":"https:\/\/schema.org","@graph":[{"@type":"Article","@id":"https:\/\/www.livemag.it\/index.php\/2026\/09\/04\/incendio-conca-doro-a-palermo-lagalla-70-del-centro-riaprira-a-breve\/#article","isPartOf":{"@id":"https:\/\/www.livemag.it\/index.php\/2026\/09\/04\/incendio-conca-doro-a-palermo-lagalla-70-del-centro-riaprira-a-breve\/"},"author":{"name":"italpress","@id":"https:\/\/www.livemag.it\/#\/schema\/person\/b62c5f44451fdcdaeb0afe6c2424e73c"},"headline":"Incendio Conca d&#8217;Oro a Palermo, Lagalla &#8220;70% del centro riaprir\u00e0 a breve&#8221;","datePublished":"2026-09-04T12:04:33+00:00","mainEntityOfPage":{"@id":"https:\/\/www.livemag.it\/index.php\/2026\/09\/04\/incendio-conca-doro-a-palermo-lagalla-70-del-centro-riaprira-a-breve\/"},"wordCount":391,"publisher":{"@id":"https:\/\/www.livemag.it\/#organization"},"image":{"@id":"https:\/\/www.livemag.it\/index.php\/2026\/09\/04\/incendio-conca-doro-a-palermo-lagalla-70-del-centro-riaprira-a-breve\/#primaryimage"},"thumbnailUrl":"https:\/\/www.livemag.it\/wp-content\/uploads\/2026\/09\/qqmD.jpg","articleSection":["Video"],"inLanguage":"it-IT"},{"@type":"WebPage","@id":"https:\/\/www.livemag.it\/index.php\/2026\/09\/04\/incendio-conca-doro-a-palermo-lagalla-70-del-centro-riaprira-a-breve\/","url":"https:\/\/www.livemag.it\/index.php\/2026\/09\/04\/incendio-conca-doro-a-palermo-lagalla-70-del-centro-riaprira-a-breve\/","name":"Incendio Conca d'Oro a Palermo, Lagalla \"70% del centro riaprir\u00e0 a breve\" - Live Magazine","isPartOf":{"@id":"https:\/\/www.livemag.it\/#website"},"primaryImageOfPage":{"@id":"https:\/\/www.livemag.it\/index.php\/2026\/09\/04\/incendio-conca-doro-a-palermo-lagalla-70-del-centro-riaprira-a-breve\/#primaryimage"},"image":{"@id":"https:\/\/www.livemag.it\/index.php\/2026\/09\/04\/incendio-conca-doro-a-palermo-lagalla-70-del-centro-riaprira-a-breve\/#primaryimage"},"thumbnailUrl":"https:\/\/www.livemag.it\/wp-content\/uploads\/2026\/09\/qqmD.jpg","datePublished":"2026-09-04T12:04:33+00:00","breadcrumb":{"@id":"https:\/\/www.livemag.it\/index.php\/2026\/09\/04\/incendio-conca-doro-a-palermo-lagalla-70-del-centro-riaprira-a-breve\/#breadcrumb"},"inLanguage":"it-IT","potentialAction":[{"@type":"ReadAction","target":["https:\/\/www.livemag.it\/index.php\/2026\/09\/04\/incendio-conca-doro-a-palermo-lagalla-70-del-centro-riaprira-a-breve\/"]}]},{"@type":"ImageObject","inLanguage":"it-IT","@id":"https:\/\/www.livemag.it\/index.php\/2026\/09\/04\/incendio-conca-doro-a-palermo-lagalla-70-del-centro-riaprira-a-breve\/#primaryimage","url":"https:\/\/www.livemag.it\/wp-content\/uploads\/2026\/09\/qqmD.jpg","contentUrl":"https:\/\/www.livemag.it\/wp-content\/uploads\/2026\/09\/qqmD.jpg","width":1920,"height":1080},{"@type":"BreadcrumbList","@id":"https:\/\/www.livemag.it\/index.php\/2026\/09\/04\/incendio-conca-doro-a-palermo-lagalla-70-del-centro-riaprira-a-breve\/#breadcrumb","itemListElement":[{"@type":"ListItem","position":1,"name":"Home","item":"https:\/\/www.livemag.it\/"},{"@type":"ListItem","position":2,"name":"Incendio Conca d&#8217;Oro a Palermo, Lagalla &#8220;70% del centro riaprir\u00e0 a breve&#8221;"}]},{"@type":"WebSite","@id":"https:\/\/www.livemag.it\/#website","url":"https:\/\/www.livemag.it\/","name":"Live Magazine","description":"Varie ed eventi","publisher":{"@id":"https:\/\/www.livemag.it\/#organization"},"potentialAction":[{"@type":"SearchAction","target":{"@type":"EntryPoint","urlTemplate":"https:\/\/www.livemag.it\/?s={search_term_string}"},"query-input":{"@type":"PropertyValueSpecification","valueRequired":true,"valueName":"search_term_string"}}],"inLanguage":"it-IT"},{"@type":"Organization","@id":"https:\/\/www.livemag.it\/#organization","name":"LiveMag","alternateName":"LiveMag News ed eventi","url":"https:\/\/www.livemag.it\/","logo":{"@type":"ImageObject","inLanguage":"it-IT","@id":"https:\/\/www.livemag.it\/#\/schema\/logo\/image\/","url":"https:\/\/www.livemag.it\/wp-content\/uploads\/2024\/02\/immagine-sito.jpg","contentUrl":"https:\/\/www.livemag.it\/wp-content\/uploads\/2024\/02\/immagine-sito.jpg","width":696,"height":696,"caption":"LiveMag"},"image":{"@id":"https:\/\/www.livemag.it\/#\/schema\/logo\/image\/"},"sameAs":["https:\/\/www.facebook.com\/LiveMag\/","https:\/\/x.com\/LiveNotizie","https:\/\/www.instagram.com\/livemag\/"]},{"@type":"Person","@id":"https:\/\/www.livemag.it\/#\/schema\/person\/b62c5f44451fdcdaeb0afe6c2424e73c","name":"italpress","image":{"@type":"ImageObject","inLanguage":"it-IT","@id":"https:\/\/secure.gravatar.com\/avatar\/b6a21695fc713ce7ee312cf57c97e2e641feb365be72d8745574d3c3e2b59066?s=96&r=g","url":"https:\/\/secure.gravatar.com\/avatar\/b6a21695fc713ce7ee312cf57c97e2e641feb365be72d8745574d3c3e2b59066?s=96&r=g","contentUrl":"https:\/\/secure.gravatar.com\/avatar\/b6a21695fc713ce7ee312cf57c97e2e641feb365be72d8745574d3c3e2b59066?s=96&r=g","caption":"italpress"},"description":"Italpress \u00e8 un'agenzia di stampa italiana a carattere nazionale.","url":"https:\/\/www.livemag.it\/index.php\/author\/italpress\/"}]}},"jetpack_featured_media_url":"https:\/\/www.livemag.it\/wp-content\/uploads\/2026\/09\/qqmD.jpg","_links":{"self":[{"href":"https:\/\/www.livemag.it\/index.php\/wp-json\/wp\/v2\/posts\/84756","targetHints":{"allow":["GET"]}}],"collection":[{"href":"https:\/\/www.livemag.it\/index.php\/wp-json\/wp\/v2\/posts"}],"about":[{"href":"https:\/\/www.livemag.it\/index.php\/wp-json\/wp\/v2\/types\/post"}],"author":[{"embeddable":true,"href":"https:\/\/www.livemag.it\/index.php\/wp-json\/wp\/v2\/users\/16"}],"replies":[{"embeddable":true,"href":"https:\/\/www.livemag.it\/index.php\/wp-json\/wp\/v2\/comments?post=84756"}],"version-history":[{"count":0,"href":"https:\/\/www.livemag.it\/index.php\/wp-json\/wp\/v2\/posts\/84756\/revisions"}],"wp:featuredmedia":[{"embeddable":true,"href":"https:\/\/www.livemag.it\/index.php\/wp-json\/wp\/v2\/media\/84757"}],"wp:attachment":[{"href":"https:\/\/www.livemag.it\/index.php\/wp-json\/wp\/v2\/media?parent=84756"}],"wp:term":[{"taxonomy":"category","embeddable":true,"href":"https:\/\/www.livemag.it\/index.php\/wp-json\/wp\/v2\/categories?post=84756"},{"taxonomy":"post_tag","embeddable":true,"href":"https:\/\/www.livemag.it\/index.php\/wp-json\/wp\/v2\/tags?post=84756"}],"curies":[{"name":"wp","href":"https:\/\/api.w.org\/{rel}","templated":true}]}}