{"id":84745,"date":"2026-09-04T11:04:41","date_gmt":"2026-09-04T09:04:41","guid":{"rendered":"https:\/\/www.livemag.it\/index.php\/2026\/09\/04\/meloni-governo-piu-longevo-della-storia-grazie-a-coalizione-unita-e-italiani\/"},"modified":"2026-09-04T11:04:41","modified_gmt":"2026-09-04T09:04:41","slug":"meloni-governo-piu-longevo-della-storia-grazie-a-coalizione-unita-e-italiani","status":"publish","type":"post","link":"https:\/\/www.livemag.it\/index.php\/2026\/09\/04\/meloni-governo-piu-longevo-della-storia-grazie-a-coalizione-unita-e-italiani\/","title":{"rendered":"Meloni: \u201cGoverno pi\u00f9 longevo della storia, grazie a coalizione unita e italiani\u201d"},"content":{"rendered":"<div>\n<p>ROMA (ITALPRESS) \u2013 \u201cOggi il nostro Governo diventa il pi\u00f9 longevo della storia della Repubblica italiana\u201d. Lo scrive il presidente del Consiglio, Giorgia Meloni, sui suoi social. \u201cE\u2019 un dato \u2013 prosegue Meloni \u2013 che accolgo con gratitudine e con un forte senso di responsabilit\u00e0. Perch\u00e8 la stabilit\u00e0 non \u00e8 un record da esibire, ma la condizione che consente a una Nazione di programmare, decidere, mantenere gli impegni e farsi rispettare. In questi anni abbiamo lavorato per aumentare l\u2019occupazione, ridurre la disoccupazione, sostenere famiglie e imprese, rafforzare la sicurezza, governare i conti pubblici con seriet\u00e0 e restituire all\u2019Italia peso e credibilit\u00e0 sulla scena internazionale. I risultati ci sono, ma sappiamo bene quante cose restino ancora da fare\u201d. \u201cQuesta stabilit\u00e0 \u2013 sottolinea \u2013 non \u00e8 merito di una persona sola. E\u2019 il risultato di una coalizione unita, che governa da quattro anni con una visione comune e che ha scelto di stare insieme non contro qualcuno, ma per realizzare un progetto per l\u2019Italia. Non credo sia un caso che, da oggi, i tre Governi pi\u00f9 longevi della storia repubblicana siano tutti governi di centrodestra. La stabilit\u00e0 si costruisce quando un\u2019alleanza condivide valori, obiettivi e una visione della Nazione, non quando l\u2019unica ragione per stare insieme \u00e8 impedire agli altri di governare\u201d. \u201cMa soprattutto, questa stabilit\u00e0 esiste grazie agli italiani che nel 2022 ci hanno dato fiducia \u2013 aggiunge -. Una fiducia che non abbiamo mai considerato un assegno in bianco e che non daremo mai per scontata\u201d. \u201cIl prossimo anno torneremo  davanti ai cittadini con quello che abbiamo fatto, con quello che resta da fare e con la nostra idea di futuro. E saranno ancora una volta loro a decidere se meritiamo di continuare questo cammino. Intanto il lavoro va avanti. E questa sera ci vediamo a Bari, insieme alla grande comunit\u00e0 di Fratelli d\u2019Italia. Sar\u00e0 l\u2019occasione per guardarci negli occhi, fare il punto sulla strada percorsa e, soprattutto, parlare di quella che abbiamo ancora davanti. Avanti, con i piedi per terra e lo sguardo rivolto al futuro\u201d, conclude Giorgia Meloni. (ITALPRESS).<\/p>\n<p>Foto: Ipa Agency<\/p>\n<\/div>\n","protected":false},"excerpt":{"rendered":"<p>ROMA (ITALPRESS) \u2013 \u201cOggi il nostro Governo diventa il pi\u00f9 longevo della storia della Repubblica italiana\u201d. Lo scrive il presidente del Consiglio, Giorgia Meloni, sui suoi social. \u201cE\u2019 un dato \u2013 prosegue Meloni \u2013 che accolgo con gratitudine e con un forte senso di responsabilit\u00e0. Perch\u00e8 la stabilit\u00e0 non \u00e8 un record da esibire, ma [&hellip;]<\/p>\n","protected":false},"author":16,"featured_media":84746,"comment_status":"closed","ping_status":"closed","sticky":false,"template":"","format":"standard","meta":{"jnews-multi-image_gallery":[],"jnews_single_post":[],"jnews_primary_category":[],"jnews_social_meta":[],"jnews_override_counter":[],"jnews_post_split":[],"footnotes":"","_members_access_role":[],"_members_access_error":""},"categories":[1129],"tags":[],"class_list":["post-84745","post","type-post","status-publish","format-standard","has-post-thumbnail","hentry","category-mondo"],"yoast_head":"<!-- This site is optimized with the Yoast SEO plugin v28.4 - https:\/\/yoast.com\/product\/yoast-seo-wordpress\/ -->\n<title>Meloni: \u201cGoverno pi\u00f9 longevo della storia, grazie a coalizione unita e italiani\u201d - Live Magazine<\/title>\n<meta name=\"robots\" content=\"index, follow, max-snippet:-1, max-image-preview:large, max-video-preview:-1\" \/>\n<link rel=\"canonical\" href=\"https:\/\/www.livemag.it\/index.php\/2026\/09\/04\/meloni-governo-piu-longevo-della-storia-grazie-a-coalizione-unita-e-italiani\/\" \/>\n<meta property=\"og:locale\" content=\"it_IT\" \/>\n<meta property=\"og:type\" content=\"article\" \/>\n<meta property=\"og:title\" content=\"Meloni: \u201cGoverno pi\u00f9 longevo della storia, grazie a coalizione unita e italiani\u201d - Live Magazine\" \/>\n<meta property=\"og:description\" content=\"ROMA (ITALPRESS) \u2013 \u201cOggi il nostro Governo diventa il pi\u00f9 longevo della storia della Repubblica italiana\u201d. Lo scrive il presidente del Consiglio, Giorgia Meloni, sui suoi social. \u201cE\u2019 un dato \u2013 prosegue Meloni \u2013 che accolgo con gratitudine e con un forte senso di responsabilit\u00e0. Perch\u00e8 la stabilit\u00e0 non \u00e8 un record da esibire, ma [&hellip;]\" \/>\n<meta property=\"og:url\" content=\"https:\/\/www.livemag.it\/index.php\/2026\/09\/04\/meloni-governo-piu-longevo-della-storia-grazie-a-coalizione-unita-e-italiani\/\" \/>\n<meta property=\"og:site_name\" content=\"Live Magazine\" \/>\n<meta property=\"article:publisher\" content=\"https:\/\/www.facebook.com\/LiveMag\/\" \/>\n<meta property=\"article:published_time\" content=\"2026-09-04T09:04:41+00:00\" \/>\n<meta property=\"og:image\" content=\"https:\/\/www.livemag.it\/wp-content\/uploads\/2024\/02\/ograph.jpg\" \/>\n\t<meta property=\"og:image:width\" content=\"1200\" \/>\n\t<meta property=\"og:image:height\" content=\"675\" \/>\n\t<meta property=\"og:image:type\" content=\"image\/jpeg\" \/>\n<meta name=\"author\" content=\"italpress\" \/>\n<meta name=\"twitter:card\" content=\"summary_large_image\" \/>\n<meta name=\"twitter:creator\" content=\"@LiveNotizie\" \/>\n<meta name=\"twitter:site\" content=\"@LiveNotizie\" \/>\n<meta name=\"twitter:label1\" content=\"Scritto da\" \/>\n\t<meta name=\"twitter:data1\" content=\"italpress\" \/>\n\t<meta name=\"twitter:label2\" content=\"Tempo di lettura stimato\" \/>\n\t<meta name=\"twitter:data2\" content=\"2 minuti\" \/>\n<script type=\"application\/ld+json\" class=\"yoast-schema-graph\">{\"@context\":\"https:\\\/\\\/schema.org\",\"@graph\":[{\"@type\":\"Article\",\"@id\":\"https:\\\/\\\/www.livemag.it\\\/index.php\\\/2026\\\/09\\\/04\\\/meloni-governo-piu-longevo-della-storia-grazie-a-coalizione-unita-e-italiani\\\/#article\",\"isPartOf\":{\"@id\":\"https:\\\/\\\/www.livemag.it\\\/index.php\\\/2026\\\/09\\\/04\\\/meloni-governo-piu-longevo-della-storia-grazie-a-coalizione-unita-e-italiani\\\/\"},\"author\":{\"name\":\"italpress\",\"@id\":\"https:\\\/\\\/www.livemag.it\\\/#\\\/schema\\\/person\\\/b62c5f44451fdcdaeb0afe6c2424e73c\"},\"headline\":\"Meloni: \u201cGoverno pi\u00f9 longevo della storia, grazie a coalizione unita e italiani\u201d\",\"datePublished\":\"2026-09-04T09:04:41+00:00\",\"mainEntityOfPage\":{\"@id\":\"https:\\\/\\\/www.livemag.it\\\/index.php\\\/2026\\\/09\\\/04\\\/meloni-governo-piu-longevo-della-storia-grazie-a-coalizione-unita-e-italiani\\\/\"},\"wordCount\":353,\"publisher\":{\"@id\":\"https:\\\/\\\/www.livemag.it\\\/#organization\"},\"image\":{\"@id\":\"https:\\\/\\\/www.livemag.it\\\/index.php\\\/2026\\\/09\\\/04\\\/meloni-governo-piu-longevo-della-storia-grazie-a-coalizione-unita-e-italiani\\\/#primaryimage\"},\"thumbnailUrl\":\"https:\\\/\\\/www.livemag.it\\\/wp-content\\\/uploads\\\/2026\\\/09\\\/20260904_0132.jpg\",\"articleSection\":[\"Mondo\"],\"inLanguage\":\"it-IT\"},{\"@type\":\"WebPage\",\"@id\":\"https:\\\/\\\/www.livemag.it\\\/index.php\\\/2026\\\/09\\\/04\\\/meloni-governo-piu-longevo-della-storia-grazie-a-coalizione-unita-e-italiani\\\/\",\"url\":\"https:\\\/\\\/www.livemag.it\\\/index.php\\\/2026\\\/09\\\/04\\\/meloni-governo-piu-longevo-della-storia-grazie-a-coalizione-unita-e-italiani\\\/\",\"name\":\"Meloni: \u201cGoverno pi\u00f9 longevo della storia, grazie a coalizione unita e italiani\u201d - Live Magazine\",\"isPartOf\":{\"@id\":\"https:\\\/\\\/www.livemag.it\\\/#website\"},\"primaryImageOfPage\":{\"@id\":\"https:\\\/\\\/www.livemag.it\\\/index.php\\\/2026\\\/09\\\/04\\\/meloni-governo-piu-longevo-della-storia-grazie-a-coalizione-unita-e-italiani\\\/#primaryimage\"},\"image\":{\"@id\":\"https:\\\/\\\/www.livemag.it\\\/index.php\\\/2026\\\/09\\\/04\\\/meloni-governo-piu-longevo-della-storia-grazie-a-coalizione-unita-e-italiani\\\/#primaryimage\"},\"thumbnailUrl\":\"https:\\\/\\\/www.livemag.it\\\/wp-content\\\/uploads\\\/2026\\\/09\\\/20260904_0132.jpg\",\"datePublished\":\"2026-09-04T09:04:41+00:00\",\"breadcrumb\":{\"@id\":\"https:\\\/\\\/www.livemag.it\\\/index.php\\\/2026\\\/09\\\/04\\\/meloni-governo-piu-longevo-della-storia-grazie-a-coalizione-unita-e-italiani\\\/#breadcrumb\"},\"inLanguage\":\"it-IT\",\"potentialAction\":[{\"@type\":\"ReadAction\",\"target\":[\"https:\\\/\\\/www.livemag.it\\\/index.php\\\/2026\\\/09\\\/04\\\/meloni-governo-piu-longevo-della-storia-grazie-a-coalizione-unita-e-italiani\\\/\"]}]},{\"@type\":\"ImageObject\",\"inLanguage\":\"it-IT\",\"@id\":\"https:\\\/\\\/www.livemag.it\\\/index.php\\\/2026\\\/09\\\/04\\\/meloni-governo-piu-longevo-della-storia-grazie-a-coalizione-unita-e-italiani\\\/#primaryimage\",\"url\":\"https:\\\/\\\/www.livemag.it\\\/wp-content\\\/uploads\\\/2026\\\/09\\\/20260904_0132.jpg\",\"contentUrl\":\"https:\\\/\\\/www.livemag.it\\\/wp-content\\\/uploads\\\/2026\\\/09\\\/20260904_0132.jpg\",\"width\":1024,\"height\":682},{\"@type\":\"BreadcrumbList\",\"@id\":\"https:\\\/\\\/www.livemag.it\\\/index.php\\\/2026\\\/09\\\/04\\\/meloni-governo-piu-longevo-della-storia-grazie-a-coalizione-unita-e-italiani\\\/#breadcrumb\",\"itemListElement\":[{\"@type\":\"ListItem\",\"position\":1,\"name\":\"Home\",\"item\":\"https:\\\/\\\/www.livemag.it\\\/\"},{\"@type\":\"ListItem\",\"position\":2,\"name\":\"Meloni: \u201cGoverno pi\u00f9 longevo della storia, grazie a coalizione unita e italiani\u201d\"}]},{\"@type\":\"WebSite\",\"@id\":\"https:\\\/\\\/www.livemag.it\\\/#website\",\"url\":\"https:\\\/\\\/www.livemag.it\\\/\",\"name\":\"Live Magazine\",\"description\":\"Varie ed eventi\",\"publisher\":{\"@id\":\"https:\\\/\\\/www.livemag.it\\\/#organization\"},\"potentialAction\":[{\"@type\":\"SearchAction\",\"target\":{\"@type\":\"EntryPoint\",\"urlTemplate\":\"https:\\\/\\\/www.livemag.it\\\/?s={search_term_string}\"},\"query-input\":{\"@type\":\"PropertyValueSpecification\",\"valueRequired\":true,\"valueName\":\"search_term_string\"}}],\"inLanguage\":\"it-IT\"},{\"@type\":\"Organization\",\"@id\":\"https:\\\/\\\/www.livemag.it\\\/#organization\",\"name\":\"LiveMag\",\"alternateName\":\"LiveMag News ed eventi\",\"url\":\"https:\\\/\\\/www.livemag.it\\\/\",\"logo\":{\"@type\":\"ImageObject\",\"inLanguage\":\"it-IT\",\"@id\":\"https:\\\/\\\/www.livemag.it\\\/#\\\/schema\\\/logo\\\/image\\\/\",\"url\":\"https:\\\/\\\/www.livemag.it\\\/wp-content\\\/uploads\\\/2024\\\/02\\\/immagine-sito.jpg\",\"contentUrl\":\"https:\\\/\\\/www.livemag.it\\\/wp-content\\\/uploads\\\/2024\\\/02\\\/immagine-sito.jpg\",\"width\":696,\"height\":696,\"caption\":\"LiveMag\"},\"image\":{\"@id\":\"https:\\\/\\\/www.livemag.it\\\/#\\\/schema\\\/logo\\\/image\\\/\"},\"sameAs\":[\"https:\\\/\\\/www.facebook.com\\\/LiveMag\\\/\",\"https:\\\/\\\/x.com\\\/LiveNotizie\",\"https:\\\/\\\/www.instagram.com\\\/livemag\\\/\"]},{\"@type\":\"Person\",\"@id\":\"https:\\\/\\\/www.livemag.it\\\/#\\\/schema\\\/person\\\/b62c5f44451fdcdaeb0afe6c2424e73c\",\"name\":\"italpress\",\"image\":{\"@type\":\"ImageObject\",\"inLanguage\":\"it-IT\",\"@id\":\"https:\\\/\\\/secure.gravatar.com\\\/avatar\\\/b6a21695fc713ce7ee312cf57c97e2e641feb365be72d8745574d3c3e2b59066?s=96&r=g\",\"url\":\"https:\\\/\\\/secure.gravatar.com\\\/avatar\\\/b6a21695fc713ce7ee312cf57c97e2e641feb365be72d8745574d3c3e2b59066?s=96&r=g\",\"contentUrl\":\"https:\\\/\\\/secure.gravatar.com\\\/avatar\\\/b6a21695fc713ce7ee312cf57c97e2e641feb365be72d8745574d3c3e2b59066?s=96&r=g\",\"caption\":\"italpress\"},\"description\":\"Italpress \u00e8 un'agenzia di stampa italiana a carattere nazionale.\",\"url\":\"https:\\\/\\\/www.livemag.it\\\/index.php\\\/author\\\/italpress\\\/\"}]}<\/script>\n<!-- \/ Yoast SEO plugin. -->","yoast_head_json":{"title":"Meloni: \u201cGoverno pi\u00f9 longevo della storia, grazie a coalizione unita e italiani\u201d - Live Magazine","robots":{"index":"index","follow":"follow","max-snippet":"max-snippet:-1","max-image-preview":"max-image-preview:large","max-video-preview":"max-video-preview:-1"},"canonical":"https:\/\/www.livemag.it\/index.php\/2026\/09\/04\/meloni-governo-piu-longevo-della-storia-grazie-a-coalizione-unita-e-italiani\/","og_locale":"it_IT","og_type":"article","og_title":"Meloni: \u201cGoverno pi\u00f9 longevo della storia, grazie a coalizione unita e italiani\u201d - Live Magazine","og_description":"ROMA (ITALPRESS) \u2013 \u201cOggi il nostro Governo diventa il pi\u00f9 longevo della storia della Repubblica italiana\u201d. Lo scrive il presidente del Consiglio, Giorgia Meloni, sui suoi social. \u201cE\u2019 un dato \u2013 prosegue Meloni \u2013 che accolgo con gratitudine e con un forte senso di responsabilit\u00e0. Perch\u00e8 la stabilit\u00e0 non \u00e8 un record da esibire, ma [&hellip;]","og_url":"https:\/\/www.livemag.it\/index.php\/2026\/09\/04\/meloni-governo-piu-longevo-della-storia-grazie-a-coalizione-unita-e-italiani\/","og_site_name":"Live Magazine","article_publisher":"https:\/\/www.facebook.com\/LiveMag\/","article_published_time":"2026-09-04T09:04:41+00:00","og_image":[{"width":1200,"height":675,"url":"https:\/\/www.livemag.it\/wp-content\/uploads\/2024\/02\/ograph.jpg","type":"image\/jpeg"}],"author":"italpress","twitter_card":"summary_large_image","twitter_creator":"@LiveNotizie","twitter_site":"@LiveNotizie","twitter_misc":{"Scritto da":"italpress","Tempo di lettura stimato":"2 minuti"},"schema":{"@context":"https:\/\/schema.org","@graph":[{"@type":"Article","@id":"https:\/\/www.livemag.it\/index.php\/2026\/09\/04\/meloni-governo-piu-longevo-della-storia-grazie-a-coalizione-unita-e-italiani\/#article","isPartOf":{"@id":"https:\/\/www.livemag.it\/index.php\/2026\/09\/04\/meloni-governo-piu-longevo-della-storia-grazie-a-coalizione-unita-e-italiani\/"},"author":{"name":"italpress","@id":"https:\/\/www.livemag.it\/#\/schema\/person\/b62c5f44451fdcdaeb0afe6c2424e73c"},"headline":"Meloni: \u201cGoverno pi\u00f9 longevo della storia, grazie a coalizione unita e italiani\u201d","datePublished":"2026-09-04T09:04:41+00:00","mainEntityOfPage":{"@id":"https:\/\/www.livemag.it\/index.php\/2026\/09\/04\/meloni-governo-piu-longevo-della-storia-grazie-a-coalizione-unita-e-italiani\/"},"wordCount":353,"publisher":{"@id":"https:\/\/www.livemag.it\/#organization"},"image":{"@id":"https:\/\/www.livemag.it\/index.php\/2026\/09\/04\/meloni-governo-piu-longevo-della-storia-grazie-a-coalizione-unita-e-italiani\/#primaryimage"},"thumbnailUrl":"https:\/\/www.livemag.it\/wp-content\/uploads\/2026\/09\/20260904_0132.jpg","articleSection":["Mondo"],"inLanguage":"it-IT"},{"@type":"WebPage","@id":"https:\/\/www.livemag.it\/index.php\/2026\/09\/04\/meloni-governo-piu-longevo-della-storia-grazie-a-coalizione-unita-e-italiani\/","url":"https:\/\/www.livemag.it\/index.php\/2026\/09\/04\/meloni-governo-piu-longevo-della-storia-grazie-a-coalizione-unita-e-italiani\/","name":"Meloni: \u201cGoverno pi\u00f9 longevo della storia, grazie a coalizione unita e italiani\u201d - Live Magazine","isPartOf":{"@id":"https:\/\/www.livemag.it\/#website"},"primaryImageOfPage":{"@id":"https:\/\/www.livemag.it\/index.php\/2026\/09\/04\/meloni-governo-piu-longevo-della-storia-grazie-a-coalizione-unita-e-italiani\/#primaryimage"},"image":{"@id":"https:\/\/www.livemag.it\/index.php\/2026\/09\/04\/meloni-governo-piu-longevo-della-storia-grazie-a-coalizione-unita-e-italiani\/#primaryimage"},"thumbnailUrl":"https:\/\/www.livemag.it\/wp-content\/uploads\/2026\/09\/20260904_0132.jpg","datePublished":"2026-09-04T09:04:41+00:00","breadcrumb":{"@id":"https:\/\/www.livemag.it\/index.php\/2026\/09\/04\/meloni-governo-piu-longevo-della-storia-grazie-a-coalizione-unita-e-italiani\/#breadcrumb"},"inLanguage":"it-IT","potentialAction":[{"@type":"ReadAction","target":["https:\/\/www.livemag.it\/index.php\/2026\/09\/04\/meloni-governo-piu-longevo-della-storia-grazie-a-coalizione-unita-e-italiani\/"]}]},{"@type":"ImageObject","inLanguage":"it-IT","@id":"https:\/\/www.livemag.it\/index.php\/2026\/09\/04\/meloni-governo-piu-longevo-della-storia-grazie-a-coalizione-unita-e-italiani\/#primaryimage","url":"https:\/\/www.livemag.it\/wp-content\/uploads\/2026\/09\/20260904_0132.jpg","contentUrl":"https:\/\/www.livemag.it\/wp-content\/uploads\/2026\/09\/20260904_0132.jpg","width":1024,"height":682},{"@type":"BreadcrumbList","@id":"https:\/\/www.livemag.it\/index.php\/2026\/09\/04\/meloni-governo-piu-longevo-della-storia-grazie-a-coalizione-unita-e-italiani\/#breadcrumb","itemListElement":[{"@type":"ListItem","position":1,"name":"Home","item":"https:\/\/www.livemag.it\/"},{"@type":"ListItem","position":2,"name":"Meloni: \u201cGoverno pi\u00f9 longevo della storia, grazie a coalizione unita e italiani\u201d"}]},{"@type":"WebSite","@id":"https:\/\/www.livemag.it\/#website","url":"https:\/\/www.livemag.it\/","name":"Live Magazine","description":"Varie ed eventi","publisher":{"@id":"https:\/\/www.livemag.it\/#organization"},"potentialAction":[{"@type":"SearchAction","target":{"@type":"EntryPoint","urlTemplate":"https:\/\/www.livemag.it\/?s={search_term_string}"},"query-input":{"@type":"PropertyValueSpecification","valueRequired":true,"valueName":"search_term_string"}}],"inLanguage":"it-IT"},{"@type":"Organization","@id":"https:\/\/www.livemag.it\/#organization","name":"LiveMag","alternateName":"LiveMag News ed eventi","url":"https:\/\/www.livemag.it\/","logo":{"@type":"ImageObject","inLanguage":"it-IT","@id":"https:\/\/www.livemag.it\/#\/schema\/logo\/image\/","url":"https:\/\/www.livemag.it\/wp-content\/uploads\/2024\/02\/immagine-sito.jpg","contentUrl":"https:\/\/www.livemag.it\/wp-content\/uploads\/2024\/02\/immagine-sito.jpg","width":696,"height":696,"caption":"LiveMag"},"image":{"@id":"https:\/\/www.livemag.it\/#\/schema\/logo\/image\/"},"sameAs":["https:\/\/www.facebook.com\/LiveMag\/","https:\/\/x.com\/LiveNotizie","https:\/\/www.instagram.com\/livemag\/"]},{"@type":"Person","@id":"https:\/\/www.livemag.it\/#\/schema\/person\/b62c5f44451fdcdaeb0afe6c2424e73c","name":"italpress","image":{"@type":"ImageObject","inLanguage":"it-IT","@id":"https:\/\/secure.gravatar.com\/avatar\/b6a21695fc713ce7ee312cf57c97e2e641feb365be72d8745574d3c3e2b59066?s=96&r=g","url":"https:\/\/secure.gravatar.com\/avatar\/b6a21695fc713ce7ee312cf57c97e2e641feb365be72d8745574d3c3e2b59066?s=96&r=g","contentUrl":"https:\/\/secure.gravatar.com\/avatar\/b6a21695fc713ce7ee312cf57c97e2e641feb365be72d8745574d3c3e2b59066?s=96&r=g","caption":"italpress"},"description":"Italpress \u00e8 un'agenzia di stampa italiana a carattere nazionale.","url":"https:\/\/www.livemag.it\/index.php\/author\/italpress\/"}]}},"jetpack_featured_media_url":"https:\/\/www.livemag.it\/wp-content\/uploads\/2026\/09\/20260904_0132.jpg","_links":{"self":[{"href":"https:\/\/www.livemag.it\/index.php\/wp-json\/wp\/v2\/posts\/84745","targetHints":{"allow":["GET"]}}],"collection":[{"href":"https:\/\/www.livemag.it\/index.php\/wp-json\/wp\/v2\/posts"}],"about":[{"href":"https:\/\/www.livemag.it\/index.php\/wp-json\/wp\/v2\/types\/post"}],"author":[{"embeddable":true,"href":"https:\/\/www.livemag.it\/index.php\/wp-json\/wp\/v2\/users\/16"}],"replies":[{"embeddable":true,"href":"https:\/\/www.livemag.it\/index.php\/wp-json\/wp\/v2\/comments?post=84745"}],"version-history":[{"count":0,"href":"https:\/\/www.livemag.it\/index.php\/wp-json\/wp\/v2\/posts\/84745\/revisions"}],"wp:featuredmedia":[{"embeddable":true,"href":"https:\/\/www.livemag.it\/index.php\/wp-json\/wp\/v2\/media\/84746"}],"wp:attachment":[{"href":"https:\/\/www.livemag.it\/index.php\/wp-json\/wp\/v2\/media?parent=84745"}],"wp:term":[{"taxonomy":"category","embeddable":true,"href":"https:\/\/www.livemag.it\/index.php\/wp-json\/wp\/v2\/categories?post=84745"},{"taxonomy":"post_tag","embeddable":true,"href":"https:\/\/www.livemag.it\/index.php\/wp-json\/wp\/v2\/tags?post=84745"}],"curies":[{"name":"wp","href":"https:\/\/api.w.org\/{rel}","templated":true}]}}