{"id":84735,"date":"2026-09-04T02:04:38","date_gmt":"2026-09-04T00:04:38","guid":{"rendered":"https:\/\/www.livemag.it\/index.php\/2026\/09\/04\/darderi-al-terzo-turno-degli-us-open-fuori-musetti-e-bellucci\/"},"modified":"2026-09-04T02:04:38","modified_gmt":"2026-09-04T00:04:38","slug":"darderi-al-terzo-turno-degli-us-open-fuori-musetti-e-bellucci","status":"publish","type":"post","link":"https:\/\/www.livemag.it\/index.php\/2026\/09\/04\/darderi-al-terzo-turno-degli-us-open-fuori-musetti-e-bellucci\/","title":{"rendered":"Darderi al terzo turno degli Us Open, fuori Musetti e Bellucci"},"content":{"rendered":"<div>\n<p>NEW YORK (STATI UNITI) (ITALPRESS) \u2013 Si assottiglia la pattuta italiana agli Us Open. Lorenzo Musetti saluta infatti lo Slam newyorkese al secondo turno sconfitto in quattro set per 3-6 6-1 6-2 6-2 dalla wild card australiana Dane Sweeny, al termine di una partita dove pi\u00f9 volte \u00e8 apparso in difficolt\u00e0 fisicamente. Prosegue il cammino del numero 123 del mondo, che affronter\u00e0 ora l\u2019altro azzurro Luciano Darderi, numero 22 del ranking Atp e 21 del seeding, che nel pomeriggio italiano supera il qualificato ceco Dalibor Svrcina in quattro set con il punteggio di 6-3 6-7(5) 6-4 6-4. Niente da fare, invece, per Mattia Bellucci. Il classe 2001 lombardo (95 Atp) cede allo statunitense Taylor Fritz, finalista a Flushing Meadows nel 2024, che si impone in tre set con il risultato di 6-0 6-1 6-1 in un\u2019ora e 38 minuti di gioco. Il tennista di casa, numero 10 del ranking Atp e nona testa di serie del tabellone maschile, affronter\u00e0 adesso l\u2019argentino Francisco Cerundolo (5-7 7-5 4-6 6-2 6-3 a Struff).<br \/>\u2013 foto Ipa Agency \u2013<br \/>(ITALPRESS).<\/p>\n<\/div>\n","protected":false},"excerpt":{"rendered":"<p>NEW YORK (STATI UNITI) (ITALPRESS) \u2013 Si assottiglia la pattuta italiana agli Us Open. Lorenzo Musetti saluta infatti lo Slam newyorkese al secondo turno sconfitto in quattro set per 3-6 6-1 6-2 6-2 dalla wild card australiana Dane Sweeny, al termine di una partita dove pi\u00f9 volte \u00e8 apparso in difficolt\u00e0 fisicamente. Prosegue il cammino [&hellip;]<\/p>\n","protected":false},"author":16,"featured_media":84736,"comment_status":"closed","ping_status":"closed","sticky":false,"template":"","format":"standard","meta":{"jnews-multi-image_gallery":[],"jnews_single_post":[],"jnews_primary_category":[],"jnews_social_meta":[],"jnews_override_counter":[],"jnews_post_split":[],"footnotes":"","_members_access_role":[],"_members_access_error":""},"categories":[1129],"tags":[],"class_list":["post-84735","post","type-post","status-publish","format-standard","has-post-thumbnail","hentry","category-mondo"],"yoast_head":"<!-- This site is optimized with the Yoast SEO plugin v28.4 - https:\/\/yoast.com\/product\/yoast-seo-wordpress\/ -->\n<title>Darderi al terzo turno degli Us Open, fuori Musetti e Bellucci - Live Magazine<\/title>\n<meta name=\"robots\" content=\"index, follow, max-snippet:-1, max-image-preview:large, max-video-preview:-1\" \/>\n<link rel=\"canonical\" href=\"https:\/\/www.livemag.it\/index.php\/2026\/09\/04\/darderi-al-terzo-turno-degli-us-open-fuori-musetti-e-bellucci\/\" \/>\n<meta property=\"og:locale\" content=\"it_IT\" \/>\n<meta property=\"og:type\" content=\"article\" \/>\n<meta property=\"og:title\" content=\"Darderi al terzo turno degli Us Open, fuori Musetti e Bellucci - Live Magazine\" \/>\n<meta property=\"og:description\" content=\"NEW YORK (STATI UNITI) (ITALPRESS) \u2013 Si assottiglia la pattuta italiana agli Us Open. Lorenzo Musetti saluta infatti lo Slam newyorkese al secondo turno sconfitto in quattro set per 3-6 6-1 6-2 6-2 dalla wild card australiana Dane Sweeny, al termine di una partita dove pi\u00f9 volte \u00e8 apparso in difficolt\u00e0 fisicamente. Prosegue il cammino [&hellip;]\" \/>\n<meta property=\"og:url\" content=\"https:\/\/www.livemag.it\/index.php\/2026\/09\/04\/darderi-al-terzo-turno-degli-us-open-fuori-musetti-e-bellucci\/\" \/>\n<meta property=\"og:site_name\" content=\"Live Magazine\" \/>\n<meta property=\"article:publisher\" content=\"https:\/\/www.facebook.com\/LiveMag\/\" \/>\n<meta property=\"article:published_time\" content=\"2026-09-04T00:04:38+00:00\" \/>\n<meta property=\"og:image\" content=\"https:\/\/www.livemag.it\/wp-content\/uploads\/2024\/02\/ograph.jpg\" \/>\n\t<meta property=\"og:image:width\" content=\"1200\" \/>\n\t<meta property=\"og:image:height\" content=\"675\" \/>\n\t<meta property=\"og:image:type\" content=\"image\/jpeg\" \/>\n<meta name=\"author\" content=\"italpress\" \/>\n<meta name=\"twitter:card\" content=\"summary_large_image\" \/>\n<meta name=\"twitter:creator\" content=\"@LiveNotizie\" \/>\n<meta name=\"twitter:site\" content=\"@LiveNotizie\" \/>\n<meta name=\"twitter:label1\" content=\"Scritto da\" \/>\n\t<meta name=\"twitter:data1\" content=\"italpress\" \/>\n\t<meta name=\"twitter:label2\" content=\"Tempo di lettura stimato\" \/>\n\t<meta name=\"twitter:data2\" content=\"1 minuto\" \/>\n<script type=\"application\/ld+json\" class=\"yoast-schema-graph\">{\"@context\":\"https:\\\/\\\/schema.org\",\"@graph\":[{\"@type\":\"Article\",\"@id\":\"https:\\\/\\\/www.livemag.it\\\/index.php\\\/2026\\\/09\\\/04\\\/darderi-al-terzo-turno-degli-us-open-fuori-musetti-e-bellucci\\\/#article\",\"isPartOf\":{\"@id\":\"https:\\\/\\\/www.livemag.it\\\/index.php\\\/2026\\\/09\\\/04\\\/darderi-al-terzo-turno-degli-us-open-fuori-musetti-e-bellucci\\\/\"},\"author\":{\"name\":\"italpress\",\"@id\":\"https:\\\/\\\/www.livemag.it\\\/#\\\/schema\\\/person\\\/b62c5f44451fdcdaeb0afe6c2424e73c\"},\"headline\":\"Darderi al terzo turno degli Us Open, fuori Musetti e Bellucci\",\"datePublished\":\"2026-09-04T00:04:38+00:00\",\"mainEntityOfPage\":{\"@id\":\"https:\\\/\\\/www.livemag.it\\\/index.php\\\/2026\\\/09\\\/04\\\/darderi-al-terzo-turno-degli-us-open-fuori-musetti-e-bellucci\\\/\"},\"wordCount\":178,\"publisher\":{\"@id\":\"https:\\\/\\\/www.livemag.it\\\/#organization\"},\"image\":{\"@id\":\"https:\\\/\\\/www.livemag.it\\\/index.php\\\/2026\\\/09\\\/04\\\/darderi-al-terzo-turno-degli-us-open-fuori-musetti-e-bellucci\\\/#primaryimage\"},\"thumbnailUrl\":\"https:\\\/\\\/www.livemag.it\\\/wp-content\\\/uploads\\\/2026\\\/09\\\/20260903_2870.jpg\",\"articleSection\":[\"Mondo\"],\"inLanguage\":\"it-IT\"},{\"@type\":\"WebPage\",\"@id\":\"https:\\\/\\\/www.livemag.it\\\/index.php\\\/2026\\\/09\\\/04\\\/darderi-al-terzo-turno-degli-us-open-fuori-musetti-e-bellucci\\\/\",\"url\":\"https:\\\/\\\/www.livemag.it\\\/index.php\\\/2026\\\/09\\\/04\\\/darderi-al-terzo-turno-degli-us-open-fuori-musetti-e-bellucci\\\/\",\"name\":\"Darderi al terzo turno degli Us Open, fuori Musetti e Bellucci - Live Magazine\",\"isPartOf\":{\"@id\":\"https:\\\/\\\/www.livemag.it\\\/#website\"},\"primaryImageOfPage\":{\"@id\":\"https:\\\/\\\/www.livemag.it\\\/index.php\\\/2026\\\/09\\\/04\\\/darderi-al-terzo-turno-degli-us-open-fuori-musetti-e-bellucci\\\/#primaryimage\"},\"image\":{\"@id\":\"https:\\\/\\\/www.livemag.it\\\/index.php\\\/2026\\\/09\\\/04\\\/darderi-al-terzo-turno-degli-us-open-fuori-musetti-e-bellucci\\\/#primaryimage\"},\"thumbnailUrl\":\"https:\\\/\\\/www.livemag.it\\\/wp-content\\\/uploads\\\/2026\\\/09\\\/20260903_2870.jpg\",\"datePublished\":\"2026-09-04T00:04:38+00:00\",\"breadcrumb\":{\"@id\":\"https:\\\/\\\/www.livemag.it\\\/index.php\\\/2026\\\/09\\\/04\\\/darderi-al-terzo-turno-degli-us-open-fuori-musetti-e-bellucci\\\/#breadcrumb\"},\"inLanguage\":\"it-IT\",\"potentialAction\":[{\"@type\":\"ReadAction\",\"target\":[\"https:\\\/\\\/www.livemag.it\\\/index.php\\\/2026\\\/09\\\/04\\\/darderi-al-terzo-turno-degli-us-open-fuori-musetti-e-bellucci\\\/\"]}]},{\"@type\":\"ImageObject\",\"inLanguage\":\"it-IT\",\"@id\":\"https:\\\/\\\/www.livemag.it\\\/index.php\\\/2026\\\/09\\\/04\\\/darderi-al-terzo-turno-degli-us-open-fuori-musetti-e-bellucci\\\/#primaryimage\",\"url\":\"https:\\\/\\\/www.livemag.it\\\/wp-content\\\/uploads\\\/2026\\\/09\\\/20260903_2870.jpg\",\"contentUrl\":\"https:\\\/\\\/www.livemag.it\\\/wp-content\\\/uploads\\\/2026\\\/09\\\/20260903_2870.jpg\",\"width\":1200,\"height\":800},{\"@type\":\"BreadcrumbList\",\"@id\":\"https:\\\/\\\/www.livemag.it\\\/index.php\\\/2026\\\/09\\\/04\\\/darderi-al-terzo-turno-degli-us-open-fuori-musetti-e-bellucci\\\/#breadcrumb\",\"itemListElement\":[{\"@type\":\"ListItem\",\"position\":1,\"name\":\"Home\",\"item\":\"https:\\\/\\\/www.livemag.it\\\/\"},{\"@type\":\"ListItem\",\"position\":2,\"name\":\"Darderi al terzo turno degli Us Open, fuori Musetti e Bellucci\"}]},{\"@type\":\"WebSite\",\"@id\":\"https:\\\/\\\/www.livemag.it\\\/#website\",\"url\":\"https:\\\/\\\/www.livemag.it\\\/\",\"name\":\"Live Magazine\",\"description\":\"Varie ed eventi\",\"publisher\":{\"@id\":\"https:\\\/\\\/www.livemag.it\\\/#organization\"},\"potentialAction\":[{\"@type\":\"SearchAction\",\"target\":{\"@type\":\"EntryPoint\",\"urlTemplate\":\"https:\\\/\\\/www.livemag.it\\\/?s={search_term_string}\"},\"query-input\":{\"@type\":\"PropertyValueSpecification\",\"valueRequired\":true,\"valueName\":\"search_term_string\"}}],\"inLanguage\":\"it-IT\"},{\"@type\":\"Organization\",\"@id\":\"https:\\\/\\\/www.livemag.it\\\/#organization\",\"name\":\"LiveMag\",\"alternateName\":\"LiveMag News ed eventi\",\"url\":\"https:\\\/\\\/www.livemag.it\\\/\",\"logo\":{\"@type\":\"ImageObject\",\"inLanguage\":\"it-IT\",\"@id\":\"https:\\\/\\\/www.livemag.it\\\/#\\\/schema\\\/logo\\\/image\\\/\",\"url\":\"https:\\\/\\\/www.livemag.it\\\/wp-content\\\/uploads\\\/2024\\\/02\\\/immagine-sito.jpg\",\"contentUrl\":\"https:\\\/\\\/www.livemag.it\\\/wp-content\\\/uploads\\\/2024\\\/02\\\/immagine-sito.jpg\",\"width\":696,\"height\":696,\"caption\":\"LiveMag\"},\"image\":{\"@id\":\"https:\\\/\\\/www.livemag.it\\\/#\\\/schema\\\/logo\\\/image\\\/\"},\"sameAs\":[\"https:\\\/\\\/www.facebook.com\\\/LiveMag\\\/\",\"https:\\\/\\\/x.com\\\/LiveNotizie\",\"https:\\\/\\\/www.instagram.com\\\/livemag\\\/\"]},{\"@type\":\"Person\",\"@id\":\"https:\\\/\\\/www.livemag.it\\\/#\\\/schema\\\/person\\\/b62c5f44451fdcdaeb0afe6c2424e73c\",\"name\":\"italpress\",\"image\":{\"@type\":\"ImageObject\",\"inLanguage\":\"it-IT\",\"@id\":\"https:\\\/\\\/secure.gravatar.com\\\/avatar\\\/b6a21695fc713ce7ee312cf57c97e2e641feb365be72d8745574d3c3e2b59066?s=96&r=g\",\"url\":\"https:\\\/\\\/secure.gravatar.com\\\/avatar\\\/b6a21695fc713ce7ee312cf57c97e2e641feb365be72d8745574d3c3e2b59066?s=96&r=g\",\"contentUrl\":\"https:\\\/\\\/secure.gravatar.com\\\/avatar\\\/b6a21695fc713ce7ee312cf57c97e2e641feb365be72d8745574d3c3e2b59066?s=96&r=g\",\"caption\":\"italpress\"},\"description\":\"Italpress \u00e8 un'agenzia di stampa italiana a carattere nazionale.\",\"url\":\"https:\\\/\\\/www.livemag.it\\\/index.php\\\/author\\\/italpress\\\/\"}]}<\/script>\n<!-- \/ Yoast SEO plugin. -->","yoast_head_json":{"title":"Darderi al terzo turno degli Us Open, fuori Musetti e Bellucci - Live Magazine","robots":{"index":"index","follow":"follow","max-snippet":"max-snippet:-1","max-image-preview":"max-image-preview:large","max-video-preview":"max-video-preview:-1"},"canonical":"https:\/\/www.livemag.it\/index.php\/2026\/09\/04\/darderi-al-terzo-turno-degli-us-open-fuori-musetti-e-bellucci\/","og_locale":"it_IT","og_type":"article","og_title":"Darderi al terzo turno degli Us Open, fuori Musetti e Bellucci - Live Magazine","og_description":"NEW YORK (STATI UNITI) (ITALPRESS) \u2013 Si assottiglia la pattuta italiana agli Us Open. Lorenzo Musetti saluta infatti lo Slam newyorkese al secondo turno sconfitto in quattro set per 3-6 6-1 6-2 6-2 dalla wild card australiana Dane Sweeny, al termine di una partita dove pi\u00f9 volte \u00e8 apparso in difficolt\u00e0 fisicamente. Prosegue il cammino [&hellip;]","og_url":"https:\/\/www.livemag.it\/index.php\/2026\/09\/04\/darderi-al-terzo-turno-degli-us-open-fuori-musetti-e-bellucci\/","og_site_name":"Live Magazine","article_publisher":"https:\/\/www.facebook.com\/LiveMag\/","article_published_time":"2026-09-04T00:04:38+00:00","og_image":[{"width":1200,"height":675,"url":"https:\/\/www.livemag.it\/wp-content\/uploads\/2024\/02\/ograph.jpg","type":"image\/jpeg"}],"author":"italpress","twitter_card":"summary_large_image","twitter_creator":"@LiveNotizie","twitter_site":"@LiveNotizie","twitter_misc":{"Scritto da":"italpress","Tempo di lettura stimato":"1 minuto"},"schema":{"@context":"https:\/\/schema.org","@graph":[{"@type":"Article","@id":"https:\/\/www.livemag.it\/index.php\/2026\/09\/04\/darderi-al-terzo-turno-degli-us-open-fuori-musetti-e-bellucci\/#article","isPartOf":{"@id":"https:\/\/www.livemag.it\/index.php\/2026\/09\/04\/darderi-al-terzo-turno-degli-us-open-fuori-musetti-e-bellucci\/"},"author":{"name":"italpress","@id":"https:\/\/www.livemag.it\/#\/schema\/person\/b62c5f44451fdcdaeb0afe6c2424e73c"},"headline":"Darderi al terzo turno degli Us Open, fuori Musetti e Bellucci","datePublished":"2026-09-04T00:04:38+00:00","mainEntityOfPage":{"@id":"https:\/\/www.livemag.it\/index.php\/2026\/09\/04\/darderi-al-terzo-turno-degli-us-open-fuori-musetti-e-bellucci\/"},"wordCount":178,"publisher":{"@id":"https:\/\/www.livemag.it\/#organization"},"image":{"@id":"https:\/\/www.livemag.it\/index.php\/2026\/09\/04\/darderi-al-terzo-turno-degli-us-open-fuori-musetti-e-bellucci\/#primaryimage"},"thumbnailUrl":"https:\/\/www.livemag.it\/wp-content\/uploads\/2026\/09\/20260903_2870.jpg","articleSection":["Mondo"],"inLanguage":"it-IT"},{"@type":"WebPage","@id":"https:\/\/www.livemag.it\/index.php\/2026\/09\/04\/darderi-al-terzo-turno-degli-us-open-fuori-musetti-e-bellucci\/","url":"https:\/\/www.livemag.it\/index.php\/2026\/09\/04\/darderi-al-terzo-turno-degli-us-open-fuori-musetti-e-bellucci\/","name":"Darderi al terzo turno degli Us Open, fuori Musetti e Bellucci - Live Magazine","isPartOf":{"@id":"https:\/\/www.livemag.it\/#website"},"primaryImageOfPage":{"@id":"https:\/\/www.livemag.it\/index.php\/2026\/09\/04\/darderi-al-terzo-turno-degli-us-open-fuori-musetti-e-bellucci\/#primaryimage"},"image":{"@id":"https:\/\/www.livemag.it\/index.php\/2026\/09\/04\/darderi-al-terzo-turno-degli-us-open-fuori-musetti-e-bellucci\/#primaryimage"},"thumbnailUrl":"https:\/\/www.livemag.it\/wp-content\/uploads\/2026\/09\/20260903_2870.jpg","datePublished":"2026-09-04T00:04:38+00:00","breadcrumb":{"@id":"https:\/\/www.livemag.it\/index.php\/2026\/09\/04\/darderi-al-terzo-turno-degli-us-open-fuori-musetti-e-bellucci\/#breadcrumb"},"inLanguage":"it-IT","potentialAction":[{"@type":"ReadAction","target":["https:\/\/www.livemag.it\/index.php\/2026\/09\/04\/darderi-al-terzo-turno-degli-us-open-fuori-musetti-e-bellucci\/"]}]},{"@type":"ImageObject","inLanguage":"it-IT","@id":"https:\/\/www.livemag.it\/index.php\/2026\/09\/04\/darderi-al-terzo-turno-degli-us-open-fuori-musetti-e-bellucci\/#primaryimage","url":"https:\/\/www.livemag.it\/wp-content\/uploads\/2026\/09\/20260903_2870.jpg","contentUrl":"https:\/\/www.livemag.it\/wp-content\/uploads\/2026\/09\/20260903_2870.jpg","width":1200,"height":800},{"@type":"BreadcrumbList","@id":"https:\/\/www.livemag.it\/index.php\/2026\/09\/04\/darderi-al-terzo-turno-degli-us-open-fuori-musetti-e-bellucci\/#breadcrumb","itemListElement":[{"@type":"ListItem","position":1,"name":"Home","item":"https:\/\/www.livemag.it\/"},{"@type":"ListItem","position":2,"name":"Darderi al terzo turno degli Us Open, fuori Musetti e Bellucci"}]},{"@type":"WebSite","@id":"https:\/\/www.livemag.it\/#website","url":"https:\/\/www.livemag.it\/","name":"Live Magazine","description":"Varie ed eventi","publisher":{"@id":"https:\/\/www.livemag.it\/#organization"},"potentialAction":[{"@type":"SearchAction","target":{"@type":"EntryPoint","urlTemplate":"https:\/\/www.livemag.it\/?s={search_term_string}"},"query-input":{"@type":"PropertyValueSpecification","valueRequired":true,"valueName":"search_term_string"}}],"inLanguage":"it-IT"},{"@type":"Organization","@id":"https:\/\/www.livemag.it\/#organization","name":"LiveMag","alternateName":"LiveMag News ed eventi","url":"https:\/\/www.livemag.it\/","logo":{"@type":"ImageObject","inLanguage":"it-IT","@id":"https:\/\/www.livemag.it\/#\/schema\/logo\/image\/","url":"https:\/\/www.livemag.it\/wp-content\/uploads\/2024\/02\/immagine-sito.jpg","contentUrl":"https:\/\/www.livemag.it\/wp-content\/uploads\/2024\/02\/immagine-sito.jpg","width":696,"height":696,"caption":"LiveMag"},"image":{"@id":"https:\/\/www.livemag.it\/#\/schema\/logo\/image\/"},"sameAs":["https:\/\/www.facebook.com\/LiveMag\/","https:\/\/x.com\/LiveNotizie","https:\/\/www.instagram.com\/livemag\/"]},{"@type":"Person","@id":"https:\/\/www.livemag.it\/#\/schema\/person\/b62c5f44451fdcdaeb0afe6c2424e73c","name":"italpress","image":{"@type":"ImageObject","inLanguage":"it-IT","@id":"https:\/\/secure.gravatar.com\/avatar\/b6a21695fc713ce7ee312cf57c97e2e641feb365be72d8745574d3c3e2b59066?s=96&r=g","url":"https:\/\/secure.gravatar.com\/avatar\/b6a21695fc713ce7ee312cf57c97e2e641feb365be72d8745574d3c3e2b59066?s=96&r=g","contentUrl":"https:\/\/secure.gravatar.com\/avatar\/b6a21695fc713ce7ee312cf57c97e2e641feb365be72d8745574d3c3e2b59066?s=96&r=g","caption":"italpress"},"description":"Italpress \u00e8 un'agenzia di stampa italiana a carattere nazionale.","url":"https:\/\/www.livemag.it\/index.php\/author\/italpress\/"}]}},"jetpack_featured_media_url":"https:\/\/www.livemag.it\/wp-content\/uploads\/2026\/09\/20260903_2870.jpg","_links":{"self":[{"href":"https:\/\/www.livemag.it\/index.php\/wp-json\/wp\/v2\/posts\/84735","targetHints":{"allow":["GET"]}}],"collection":[{"href":"https:\/\/www.livemag.it\/index.php\/wp-json\/wp\/v2\/posts"}],"about":[{"href":"https:\/\/www.livemag.it\/index.php\/wp-json\/wp\/v2\/types\/post"}],"author":[{"embeddable":true,"href":"https:\/\/www.livemag.it\/index.php\/wp-json\/wp\/v2\/users\/16"}],"replies":[{"embeddable":true,"href":"https:\/\/www.livemag.it\/index.php\/wp-json\/wp\/v2\/comments?post=84735"}],"version-history":[{"count":0,"href":"https:\/\/www.livemag.it\/index.php\/wp-json\/wp\/v2\/posts\/84735\/revisions"}],"wp:featuredmedia":[{"embeddable":true,"href":"https:\/\/www.livemag.it\/index.php\/wp-json\/wp\/v2\/media\/84736"}],"wp:attachment":[{"href":"https:\/\/www.livemag.it\/index.php\/wp-json\/wp\/v2\/media?parent=84735"}],"wp:term":[{"taxonomy":"category","embeddable":true,"href":"https:\/\/www.livemag.it\/index.php\/wp-json\/wp\/v2\/categories?post=84735"},{"taxonomy":"post_tag","embeddable":true,"href":"https:\/\/www.livemag.it\/index.php\/wp-json\/wp\/v2\/tags?post=84735"}],"curies":[{"name":"wp","href":"https:\/\/api.w.org\/{rel}","templated":true}]}}