{"id":84703,"date":"2026-09-03T17:04:52","date_gmt":"2026-09-03T15:04:52","guid":{"rendered":"https:\/\/www.livemag.it\/index.php\/2026\/09\/03\/governo-locatelli-stabilita-decisiva-per-incidere-su-famiglie-e-imprese\/"},"modified":"2026-09-03T17:04:52","modified_gmt":"2026-09-03T15:04:52","slug":"governo-locatelli-stabilita-decisiva-per-incidere-su-famiglie-e-imprese","status":"publish","type":"post","link":"https:\/\/www.livemag.it\/index.php\/2026\/09\/03\/governo-locatelli-stabilita-decisiva-per-incidere-su-famiglie-e-imprese\/","title":{"rendered":"Governo, Locatelli \u201cStabilit\u00e0 decisiva per incidere su famiglie e imprese\u201d"},"content":{"rendered":"<div>\n<p>ROMA (ITALPRESS) \u2013 La stabilit\u00e0 economica e la credibilit\u00e0 conquistata dall\u2019Italia sul piano internazionale sono tra i principali risultati che il governo pu\u00f2 rivendicare dopo aver raggiunto il traguardo della maggiore longevit\u00e0 nella storia della Repubblica. Lo ha detto all\u2019Italpress la ministra per la Disabilit\u00e0 Alessandra Locatelli. \u201cQuando \u00e8 nato questo governo, dicevano che avremmo litigato e saremmo caduti dopo poco\u201d, oppure \u201cche sarebbe stato un disastro per l\u2019economia italiana e che avremmo fatto delle figuracce\u201d a livello internazionale. \u201cInvece, dopo quattro anni, siamo qui con un riscontro di immagine, di seriet\u00e0 e di credibilit\u00e0 nei confronti degli altri Paesi. Non ci interessa il giorno in pi\u00f9 o il giorno in meno, ci interessa che grazie alla stabilit\u00e0 di questo governo abbiamo potuto portare avanti diverse misure e diversi provvedimenti\u201d, che hanno cambiato concretamente la vita degli italiani, come il superamento del Reddito di cittadinanza e il rafforzamento dell\u2019Assegno di inclusione, insieme alle politiche per favorire il lavoro, l\u2019abitazione e le infrastrutture. \u201cAbbiamo investito sulle capacit\u00e0 lavorative delle persone\u201d, osserva Locatelli, sottolineando il calo della disoccupazione e la crescita del numero degli occupati. \u201cQuesto significa che \u00e8 stata incisiva la politica di questo governo sulla vita delle persone\u201d, anche in un periodo segnato da \u201cuna difficile situazione economica e sociale\u201d. Se c\u2019\u00e8 invece un risultato sul quale \u201cvorrei che si spingesse\u201d \u00e8 la legge sul caregiver familiare, che \u201crappresenta uno strumento fondamentale per costruire politiche di sostegno per chi si prende cura quotidianamente di un proprio caro\u201d e che \u201cvorrebbe essere giustamente accompagnato anche dalle istituzioni. L\u2019abbiamo approvata subito in Consiglio dei ministri, ora \u00e8 nelle fasi finali in Commissione alla Camera e vorrei che si raggiungesse il prima possibile la piena approvazione\u201d. Sul fronte delle politiche per la disabilit\u00e0, la ministra guarda anche all\u2019avvio del bando \u201cVita e opportunit\u00e0\u201d, per il quale sono stati stanziati 380 milioni di euro. L\u2019obiettivo, spiega, \u00e8 \u201cmettere in moto anche una dinamica negli enti del terzo settore che pu\u00f2 davvero cambiare sul territorio le opportunit\u00e0 di lavoro, di formazione, di vita delle persone con disabilit\u00e0\u201d. Tra gli obiettivi su cui continuare a lavorare, Locatelli cita anche la legge elettorale, che considera ormai vicina al traguardo, e il capitolo della sicurezza. \u201cAbbiamo lavorato tantissimo \u2013 sottolinea, ricordando gli interventi sull\u2019immigrazione clandestina e sulle situazioni di disagio e criminalit\u00e0 giovanile \u2013 ma abbiamo ancora tanto da fare, e lo faremo\u201d. A meno di un anno dalla conclusione della legislatura, le priorit\u00e0 saranno anche rivolte all\u2019autonomia dei territori e per lasciare un\u2019eredit\u00e0 in grado di \u201csostenere le fasce pi\u00f9 fragili, ma anche quelle intermedie della popolazione che rischiano di scivolare nella povert\u00e0\u201d. Locatelli richiama inoltre la necessit\u00e0 di \u201ccontinuare a sostenere imprese, commercio, lavoratori autonomi e partite Iva\u201d, in una fase ancora \u201csegnata dal costo della vita e delle materie prime\u201d. In vista della prossima legge di bilancio, Locatelli indica tra le priorit\u00e0 il sostegno all\u2019economia e al lavoro, ma anche maggiori risorse per il supporto educativo degli studenti con disabilit\u00e0 e la sicurezza su cui auspica che la manovra \u201cpossa mettere a disposizione ulteriori risorse\u201d.<br \/>\n(ITALPRESS)<\/p>\n<p>\u2013 foto: Ipa Agency \u2013<\/p>\n<\/div>\n","protected":false},"excerpt":{"rendered":"<p>ROMA (ITALPRESS) \u2013 La stabilit\u00e0 economica e la credibilit\u00e0 conquistata dall\u2019Italia sul piano internazionale sono tra i principali risultati che il governo pu\u00f2 rivendicare dopo aver raggiunto il traguardo della maggiore longevit\u00e0 nella storia della Repubblica. Lo ha detto all\u2019Italpress la ministra per la Disabilit\u00e0 Alessandra Locatelli. \u201cQuando \u00e8 nato questo governo, dicevano che avremmo [&hellip;]<\/p>\n","protected":false},"author":16,"featured_media":84704,"comment_status":"closed","ping_status":"closed","sticky":false,"template":"","format":"standard","meta":{"jnews-multi-image_gallery":[],"jnews_single_post":[],"jnews_primary_category":[],"jnews_social_meta":[],"jnews_override_counter":[],"jnews_post_split":[],"footnotes":"","_members_access_role":[],"_members_access_error":""},"categories":[1129],"tags":[],"class_list":["post-84703","post","type-post","status-publish","format-standard","has-post-thumbnail","hentry","category-mondo"],"yoast_head":"<!-- This site is optimized with the Yoast SEO plugin v28.4 - https:\/\/yoast.com\/product\/yoast-seo-wordpress\/ -->\n<title>Governo, Locatelli \u201cStabilit\u00e0 decisiva per incidere su famiglie e imprese\u201d - Live Magazine<\/title>\n<meta name=\"robots\" content=\"index, follow, max-snippet:-1, max-image-preview:large, max-video-preview:-1\" \/>\n<link rel=\"canonical\" href=\"https:\/\/www.livemag.it\/index.php\/2026\/09\/03\/governo-locatelli-stabilita-decisiva-per-incidere-su-famiglie-e-imprese\/\" \/>\n<meta property=\"og:locale\" content=\"it_IT\" \/>\n<meta property=\"og:type\" content=\"article\" \/>\n<meta property=\"og:title\" content=\"Governo, Locatelli \u201cStabilit\u00e0 decisiva per incidere su famiglie e imprese\u201d - Live Magazine\" \/>\n<meta property=\"og:description\" content=\"ROMA (ITALPRESS) \u2013 La stabilit\u00e0 economica e la credibilit\u00e0 conquistata dall\u2019Italia sul piano internazionale sono tra i principali risultati che il governo pu\u00f2 rivendicare dopo aver raggiunto il traguardo della maggiore longevit\u00e0 nella storia della Repubblica. Lo ha detto all\u2019Italpress la ministra per la Disabilit\u00e0 Alessandra Locatelli. \u201cQuando \u00e8 nato questo governo, dicevano che avremmo [&hellip;]\" \/>\n<meta property=\"og:url\" content=\"https:\/\/www.livemag.it\/index.php\/2026\/09\/03\/governo-locatelli-stabilita-decisiva-per-incidere-su-famiglie-e-imprese\/\" \/>\n<meta property=\"og:site_name\" content=\"Live Magazine\" \/>\n<meta property=\"article:publisher\" content=\"https:\/\/www.facebook.com\/LiveMag\/\" \/>\n<meta property=\"article:published_time\" content=\"2026-09-03T15:04:52+00:00\" \/>\n<meta property=\"og:image\" content=\"https:\/\/www.livemag.it\/wp-content\/uploads\/2024\/02\/ograph.jpg\" \/>\n\t<meta property=\"og:image:width\" content=\"1200\" \/>\n\t<meta property=\"og:image:height\" content=\"675\" \/>\n\t<meta property=\"og:image:type\" content=\"image\/jpeg\" \/>\n<meta name=\"author\" content=\"italpress\" \/>\n<meta name=\"twitter:card\" content=\"summary_large_image\" \/>\n<meta name=\"twitter:creator\" content=\"@LiveNotizie\" \/>\n<meta name=\"twitter:site\" content=\"@LiveNotizie\" \/>\n<meta name=\"twitter:label1\" content=\"Scritto da\" \/>\n\t<meta name=\"twitter:data1\" content=\"italpress\" \/>\n\t<meta name=\"twitter:label2\" content=\"Tempo di lettura stimato\" \/>\n\t<meta name=\"twitter:data2\" content=\"3 minuti\" \/>\n<script type=\"application\/ld+json\" class=\"yoast-schema-graph\">{\"@context\":\"https:\\\/\\\/schema.org\",\"@graph\":[{\"@type\":\"Article\",\"@id\":\"https:\\\/\\\/www.livemag.it\\\/index.php\\\/2026\\\/09\\\/03\\\/governo-locatelli-stabilita-decisiva-per-incidere-su-famiglie-e-imprese\\\/#article\",\"isPartOf\":{\"@id\":\"https:\\\/\\\/www.livemag.it\\\/index.php\\\/2026\\\/09\\\/03\\\/governo-locatelli-stabilita-decisiva-per-incidere-su-famiglie-e-imprese\\\/\"},\"author\":{\"name\":\"italpress\",\"@id\":\"https:\\\/\\\/www.livemag.it\\\/#\\\/schema\\\/person\\\/b62c5f44451fdcdaeb0afe6c2424e73c\"},\"headline\":\"Governo, Locatelli \u201cStabilit\u00e0 decisiva per incidere su famiglie e imprese\u201d\",\"datePublished\":\"2026-09-03T15:04:52+00:00\",\"mainEntityOfPage\":{\"@id\":\"https:\\\/\\\/www.livemag.it\\\/index.php\\\/2026\\\/09\\\/03\\\/governo-locatelli-stabilita-decisiva-per-incidere-su-famiglie-e-imprese\\\/\"},\"wordCount\":527,\"publisher\":{\"@id\":\"https:\\\/\\\/www.livemag.it\\\/#organization\"},\"image\":{\"@id\":\"https:\\\/\\\/www.livemag.it\\\/index.php\\\/2026\\\/09\\\/03\\\/governo-locatelli-stabilita-decisiva-per-incidere-su-famiglie-e-imprese\\\/#primaryimage\"},\"thumbnailUrl\":\"https:\\\/\\\/www.livemag.it\\\/wp-content\\\/uploads\\\/2026\\\/09\\\/20260903_1311.jpg\",\"articleSection\":[\"Mondo\"],\"inLanguage\":\"it-IT\"},{\"@type\":\"WebPage\",\"@id\":\"https:\\\/\\\/www.livemag.it\\\/index.php\\\/2026\\\/09\\\/03\\\/governo-locatelli-stabilita-decisiva-per-incidere-su-famiglie-e-imprese\\\/\",\"url\":\"https:\\\/\\\/www.livemag.it\\\/index.php\\\/2026\\\/09\\\/03\\\/governo-locatelli-stabilita-decisiva-per-incidere-su-famiglie-e-imprese\\\/\",\"name\":\"Governo, Locatelli \u201cStabilit\u00e0 decisiva per incidere su famiglie e imprese\u201d - Live Magazine\",\"isPartOf\":{\"@id\":\"https:\\\/\\\/www.livemag.it\\\/#website\"},\"primaryImageOfPage\":{\"@id\":\"https:\\\/\\\/www.livemag.it\\\/index.php\\\/2026\\\/09\\\/03\\\/governo-locatelli-stabilita-decisiva-per-incidere-su-famiglie-e-imprese\\\/#primaryimage\"},\"image\":{\"@id\":\"https:\\\/\\\/www.livemag.it\\\/index.php\\\/2026\\\/09\\\/03\\\/governo-locatelli-stabilita-decisiva-per-incidere-su-famiglie-e-imprese\\\/#primaryimage\"},\"thumbnailUrl\":\"https:\\\/\\\/www.livemag.it\\\/wp-content\\\/uploads\\\/2026\\\/09\\\/20260903_1311.jpg\",\"datePublished\":\"2026-09-03T15:04:52+00:00\",\"breadcrumb\":{\"@id\":\"https:\\\/\\\/www.livemag.it\\\/index.php\\\/2026\\\/09\\\/03\\\/governo-locatelli-stabilita-decisiva-per-incidere-su-famiglie-e-imprese\\\/#breadcrumb\"},\"inLanguage\":\"it-IT\",\"potentialAction\":[{\"@type\":\"ReadAction\",\"target\":[\"https:\\\/\\\/www.livemag.it\\\/index.php\\\/2026\\\/09\\\/03\\\/governo-locatelli-stabilita-decisiva-per-incidere-su-famiglie-e-imprese\\\/\"]}]},{\"@type\":\"ImageObject\",\"inLanguage\":\"it-IT\",\"@id\":\"https:\\\/\\\/www.livemag.it\\\/index.php\\\/2026\\\/09\\\/03\\\/governo-locatelli-stabilita-decisiva-per-incidere-su-famiglie-e-imprese\\\/#primaryimage\",\"url\":\"https:\\\/\\\/www.livemag.it\\\/wp-content\\\/uploads\\\/2026\\\/09\\\/20260903_1311.jpg\",\"contentUrl\":\"https:\\\/\\\/www.livemag.it\\\/wp-content\\\/uploads\\\/2026\\\/09\\\/20260903_1311.jpg\",\"width\":1200,\"height\":778},{\"@type\":\"BreadcrumbList\",\"@id\":\"https:\\\/\\\/www.livemag.it\\\/index.php\\\/2026\\\/09\\\/03\\\/governo-locatelli-stabilita-decisiva-per-incidere-su-famiglie-e-imprese\\\/#breadcrumb\",\"itemListElement\":[{\"@type\":\"ListItem\",\"position\":1,\"name\":\"Home\",\"item\":\"https:\\\/\\\/www.livemag.it\\\/\"},{\"@type\":\"ListItem\",\"position\":2,\"name\":\"Governo, Locatelli \u201cStabilit\u00e0 decisiva per incidere su famiglie e imprese\u201d\"}]},{\"@type\":\"WebSite\",\"@id\":\"https:\\\/\\\/www.livemag.it\\\/#website\",\"url\":\"https:\\\/\\\/www.livemag.it\\\/\",\"name\":\"Live Magazine\",\"description\":\"Varie ed eventi\",\"publisher\":{\"@id\":\"https:\\\/\\\/www.livemag.it\\\/#organization\"},\"potentialAction\":[{\"@type\":\"SearchAction\",\"target\":{\"@type\":\"EntryPoint\",\"urlTemplate\":\"https:\\\/\\\/www.livemag.it\\\/?s={search_term_string}\"},\"query-input\":{\"@type\":\"PropertyValueSpecification\",\"valueRequired\":true,\"valueName\":\"search_term_string\"}}],\"inLanguage\":\"it-IT\"},{\"@type\":\"Organization\",\"@id\":\"https:\\\/\\\/www.livemag.it\\\/#organization\",\"name\":\"LiveMag\",\"alternateName\":\"LiveMag News ed eventi\",\"url\":\"https:\\\/\\\/www.livemag.it\\\/\",\"logo\":{\"@type\":\"ImageObject\",\"inLanguage\":\"it-IT\",\"@id\":\"https:\\\/\\\/www.livemag.it\\\/#\\\/schema\\\/logo\\\/image\\\/\",\"url\":\"https:\\\/\\\/www.livemag.it\\\/wp-content\\\/uploads\\\/2024\\\/02\\\/immagine-sito.jpg\",\"contentUrl\":\"https:\\\/\\\/www.livemag.it\\\/wp-content\\\/uploads\\\/2024\\\/02\\\/immagine-sito.jpg\",\"width\":696,\"height\":696,\"caption\":\"LiveMag\"},\"image\":{\"@id\":\"https:\\\/\\\/www.livemag.it\\\/#\\\/schema\\\/logo\\\/image\\\/\"},\"sameAs\":[\"https:\\\/\\\/www.facebook.com\\\/LiveMag\\\/\",\"https:\\\/\\\/x.com\\\/LiveNotizie\",\"https:\\\/\\\/www.instagram.com\\\/livemag\\\/\"]},{\"@type\":\"Person\",\"@id\":\"https:\\\/\\\/www.livemag.it\\\/#\\\/schema\\\/person\\\/b62c5f44451fdcdaeb0afe6c2424e73c\",\"name\":\"italpress\",\"image\":{\"@type\":\"ImageObject\",\"inLanguage\":\"it-IT\",\"@id\":\"https:\\\/\\\/secure.gravatar.com\\\/avatar\\\/b6a21695fc713ce7ee312cf57c97e2e641feb365be72d8745574d3c3e2b59066?s=96&r=g\",\"url\":\"https:\\\/\\\/secure.gravatar.com\\\/avatar\\\/b6a21695fc713ce7ee312cf57c97e2e641feb365be72d8745574d3c3e2b59066?s=96&r=g\",\"contentUrl\":\"https:\\\/\\\/secure.gravatar.com\\\/avatar\\\/b6a21695fc713ce7ee312cf57c97e2e641feb365be72d8745574d3c3e2b59066?s=96&r=g\",\"caption\":\"italpress\"},\"description\":\"Italpress \u00e8 un'agenzia di stampa italiana a carattere nazionale.\",\"url\":\"https:\\\/\\\/www.livemag.it\\\/index.php\\\/author\\\/italpress\\\/\"}]}<\/script>\n<!-- \/ Yoast SEO plugin. -->","yoast_head_json":{"title":"Governo, Locatelli \u201cStabilit\u00e0 decisiva per incidere su famiglie e imprese\u201d - Live Magazine","robots":{"index":"index","follow":"follow","max-snippet":"max-snippet:-1","max-image-preview":"max-image-preview:large","max-video-preview":"max-video-preview:-1"},"canonical":"https:\/\/www.livemag.it\/index.php\/2026\/09\/03\/governo-locatelli-stabilita-decisiva-per-incidere-su-famiglie-e-imprese\/","og_locale":"it_IT","og_type":"article","og_title":"Governo, Locatelli \u201cStabilit\u00e0 decisiva per incidere su famiglie e imprese\u201d - Live Magazine","og_description":"ROMA (ITALPRESS) \u2013 La stabilit\u00e0 economica e la credibilit\u00e0 conquistata dall\u2019Italia sul piano internazionale sono tra i principali risultati che il governo pu\u00f2 rivendicare dopo aver raggiunto il traguardo della maggiore longevit\u00e0 nella storia della Repubblica. Lo ha detto all\u2019Italpress la ministra per la Disabilit\u00e0 Alessandra Locatelli. \u201cQuando \u00e8 nato questo governo, dicevano che avremmo [&hellip;]","og_url":"https:\/\/www.livemag.it\/index.php\/2026\/09\/03\/governo-locatelli-stabilita-decisiva-per-incidere-su-famiglie-e-imprese\/","og_site_name":"Live Magazine","article_publisher":"https:\/\/www.facebook.com\/LiveMag\/","article_published_time":"2026-09-03T15:04:52+00:00","og_image":[{"width":1200,"height":675,"url":"https:\/\/www.livemag.it\/wp-content\/uploads\/2024\/02\/ograph.jpg","type":"image\/jpeg"}],"author":"italpress","twitter_card":"summary_large_image","twitter_creator":"@LiveNotizie","twitter_site":"@LiveNotizie","twitter_misc":{"Scritto da":"italpress","Tempo di lettura stimato":"3 minuti"},"schema":{"@context":"https:\/\/schema.org","@graph":[{"@type":"Article","@id":"https:\/\/www.livemag.it\/index.php\/2026\/09\/03\/governo-locatelli-stabilita-decisiva-per-incidere-su-famiglie-e-imprese\/#article","isPartOf":{"@id":"https:\/\/www.livemag.it\/index.php\/2026\/09\/03\/governo-locatelli-stabilita-decisiva-per-incidere-su-famiglie-e-imprese\/"},"author":{"name":"italpress","@id":"https:\/\/www.livemag.it\/#\/schema\/person\/b62c5f44451fdcdaeb0afe6c2424e73c"},"headline":"Governo, Locatelli \u201cStabilit\u00e0 decisiva per incidere su famiglie e imprese\u201d","datePublished":"2026-09-03T15:04:52+00:00","mainEntityOfPage":{"@id":"https:\/\/www.livemag.it\/index.php\/2026\/09\/03\/governo-locatelli-stabilita-decisiva-per-incidere-su-famiglie-e-imprese\/"},"wordCount":527,"publisher":{"@id":"https:\/\/www.livemag.it\/#organization"},"image":{"@id":"https:\/\/www.livemag.it\/index.php\/2026\/09\/03\/governo-locatelli-stabilita-decisiva-per-incidere-su-famiglie-e-imprese\/#primaryimage"},"thumbnailUrl":"https:\/\/www.livemag.it\/wp-content\/uploads\/2026\/09\/20260903_1311.jpg","articleSection":["Mondo"],"inLanguage":"it-IT"},{"@type":"WebPage","@id":"https:\/\/www.livemag.it\/index.php\/2026\/09\/03\/governo-locatelli-stabilita-decisiva-per-incidere-su-famiglie-e-imprese\/","url":"https:\/\/www.livemag.it\/index.php\/2026\/09\/03\/governo-locatelli-stabilita-decisiva-per-incidere-su-famiglie-e-imprese\/","name":"Governo, Locatelli \u201cStabilit\u00e0 decisiva per incidere su famiglie e imprese\u201d - Live Magazine","isPartOf":{"@id":"https:\/\/www.livemag.it\/#website"},"primaryImageOfPage":{"@id":"https:\/\/www.livemag.it\/index.php\/2026\/09\/03\/governo-locatelli-stabilita-decisiva-per-incidere-su-famiglie-e-imprese\/#primaryimage"},"image":{"@id":"https:\/\/www.livemag.it\/index.php\/2026\/09\/03\/governo-locatelli-stabilita-decisiva-per-incidere-su-famiglie-e-imprese\/#primaryimage"},"thumbnailUrl":"https:\/\/www.livemag.it\/wp-content\/uploads\/2026\/09\/20260903_1311.jpg","datePublished":"2026-09-03T15:04:52+00:00","breadcrumb":{"@id":"https:\/\/www.livemag.it\/index.php\/2026\/09\/03\/governo-locatelli-stabilita-decisiva-per-incidere-su-famiglie-e-imprese\/#breadcrumb"},"inLanguage":"it-IT","potentialAction":[{"@type":"ReadAction","target":["https:\/\/www.livemag.it\/index.php\/2026\/09\/03\/governo-locatelli-stabilita-decisiva-per-incidere-su-famiglie-e-imprese\/"]}]},{"@type":"ImageObject","inLanguage":"it-IT","@id":"https:\/\/www.livemag.it\/index.php\/2026\/09\/03\/governo-locatelli-stabilita-decisiva-per-incidere-su-famiglie-e-imprese\/#primaryimage","url":"https:\/\/www.livemag.it\/wp-content\/uploads\/2026\/09\/20260903_1311.jpg","contentUrl":"https:\/\/www.livemag.it\/wp-content\/uploads\/2026\/09\/20260903_1311.jpg","width":1200,"height":778},{"@type":"BreadcrumbList","@id":"https:\/\/www.livemag.it\/index.php\/2026\/09\/03\/governo-locatelli-stabilita-decisiva-per-incidere-su-famiglie-e-imprese\/#breadcrumb","itemListElement":[{"@type":"ListItem","position":1,"name":"Home","item":"https:\/\/www.livemag.it\/"},{"@type":"ListItem","position":2,"name":"Governo, Locatelli \u201cStabilit\u00e0 decisiva per incidere su famiglie e imprese\u201d"}]},{"@type":"WebSite","@id":"https:\/\/www.livemag.it\/#website","url":"https:\/\/www.livemag.it\/","name":"Live Magazine","description":"Varie ed eventi","publisher":{"@id":"https:\/\/www.livemag.it\/#organization"},"potentialAction":[{"@type":"SearchAction","target":{"@type":"EntryPoint","urlTemplate":"https:\/\/www.livemag.it\/?s={search_term_string}"},"query-input":{"@type":"PropertyValueSpecification","valueRequired":true,"valueName":"search_term_string"}}],"inLanguage":"it-IT"},{"@type":"Organization","@id":"https:\/\/www.livemag.it\/#organization","name":"LiveMag","alternateName":"LiveMag News ed eventi","url":"https:\/\/www.livemag.it\/","logo":{"@type":"ImageObject","inLanguage":"it-IT","@id":"https:\/\/www.livemag.it\/#\/schema\/logo\/image\/","url":"https:\/\/www.livemag.it\/wp-content\/uploads\/2024\/02\/immagine-sito.jpg","contentUrl":"https:\/\/www.livemag.it\/wp-content\/uploads\/2024\/02\/immagine-sito.jpg","width":696,"height":696,"caption":"LiveMag"},"image":{"@id":"https:\/\/www.livemag.it\/#\/schema\/logo\/image\/"},"sameAs":["https:\/\/www.facebook.com\/LiveMag\/","https:\/\/x.com\/LiveNotizie","https:\/\/www.instagram.com\/livemag\/"]},{"@type":"Person","@id":"https:\/\/www.livemag.it\/#\/schema\/person\/b62c5f44451fdcdaeb0afe6c2424e73c","name":"italpress","image":{"@type":"ImageObject","inLanguage":"it-IT","@id":"https:\/\/secure.gravatar.com\/avatar\/b6a21695fc713ce7ee312cf57c97e2e641feb365be72d8745574d3c3e2b59066?s=96&r=g","url":"https:\/\/secure.gravatar.com\/avatar\/b6a21695fc713ce7ee312cf57c97e2e641feb365be72d8745574d3c3e2b59066?s=96&r=g","contentUrl":"https:\/\/secure.gravatar.com\/avatar\/b6a21695fc713ce7ee312cf57c97e2e641feb365be72d8745574d3c3e2b59066?s=96&r=g","caption":"italpress"},"description":"Italpress \u00e8 un'agenzia di stampa italiana a carattere nazionale.","url":"https:\/\/www.livemag.it\/index.php\/author\/italpress\/"}]}},"jetpack_featured_media_url":"https:\/\/www.livemag.it\/wp-content\/uploads\/2026\/09\/20260903_1311.jpg","_links":{"self":[{"href":"https:\/\/www.livemag.it\/index.php\/wp-json\/wp\/v2\/posts\/84703","targetHints":{"allow":["GET"]}}],"collection":[{"href":"https:\/\/www.livemag.it\/index.php\/wp-json\/wp\/v2\/posts"}],"about":[{"href":"https:\/\/www.livemag.it\/index.php\/wp-json\/wp\/v2\/types\/post"}],"author":[{"embeddable":true,"href":"https:\/\/www.livemag.it\/index.php\/wp-json\/wp\/v2\/users\/16"}],"replies":[{"embeddable":true,"href":"https:\/\/www.livemag.it\/index.php\/wp-json\/wp\/v2\/comments?post=84703"}],"version-history":[{"count":0,"href":"https:\/\/www.livemag.it\/index.php\/wp-json\/wp\/v2\/posts\/84703\/revisions"}],"wp:featuredmedia":[{"embeddable":true,"href":"https:\/\/www.livemag.it\/index.php\/wp-json\/wp\/v2\/media\/84704"}],"wp:attachment":[{"href":"https:\/\/www.livemag.it\/index.php\/wp-json\/wp\/v2\/media?parent=84703"}],"wp:term":[{"taxonomy":"category","embeddable":true,"href":"https:\/\/www.livemag.it\/index.php\/wp-json\/wp\/v2\/categories?post=84703"},{"taxonomy":"post_tag","embeddable":true,"href":"https:\/\/www.livemag.it\/index.php\/wp-json\/wp\/v2\/tags?post=84703"}],"curies":[{"name":"wp","href":"https:\/\/api.w.org\/{rel}","templated":true}]}}