{"id":84641,"date":"2026-09-02T20:04:45","date_gmt":"2026-09-02T18:04:45","guid":{"rendered":"https:\/\/www.livemag.it\/index.php\/2026\/09\/02\/cina-capacita-fotovoltaica-supera-per-la-prima-volta-quella-a-carbone\/"},"modified":"2026-09-02T20:04:45","modified_gmt":"2026-09-02T18:04:45","slug":"cina-capacita-fotovoltaica-supera-per-la-prima-volta-quella-a-carbone","status":"publish","type":"post","link":"https:\/\/www.livemag.it\/index.php\/2026\/09\/02\/cina-capacita-fotovoltaica-supera-per-la-prima-volta-quella-a-carbone\/","title":{"rendered":"Cina, capacit\u00e0 fotovoltaica supera per la prima volta quella a carbone"},"content":{"rendered":"<div>\n<p>PECHINO (CINA) (XINHUA\/ITALPRESS) \u2013 La capacit\u00e0 installata del fotovoltaico (PV) in Cina ha superato per la prima volta quella delle centrali a carbone, rendendo questa risorsa la principale fonte energetica del Paese in termini di capacit\u00e0 installata, ha reso noto ieri l\u2019Amministrazione nazionale dell\u2019energia.<\/p>\n<p>Alla fine di luglio, tale capacit\u00e0 nel Paese aveva raggiunto gli 1,286 miliardi di chilowatt, superando di poco gli 1,285 miliardi delle centrali a carbone, secondo l\u2019amministrazione.<\/p>\n<p>\u201cQuesto risultato rappresenta un traguardo nella transizione energetica verde e a basse emissioni di carbonio della Cina\u201d, ha dichiarato Liu Zhiqiang, esperto del China Electricity Council, aggiungendo che il nuovo sistema elettrico del Paese, imperniato sulle nuove energie, sta prendendo forma a un ritmo accelerato.<\/p>\n<p>Alla fine di luglio, il fotovoltaico rappresentava oltre il 30% della capacit\u00e0 totale installata di generazione di energia elettrica della Cina. Considerando la capacit\u00e0 aggiunta di recente, la quota \u00e8 salita a oltre il 40% nei primi sette mesi dell\u2019anno, a conferma della rapida espansione del settore fotovoltaico.<\/p>\n<p>La Cina ha costruito una filiera completa dell\u2019industria fotovoltaica, che comprende ricerca e sviluppo, progettazione e produzione integrata. I progressi tecnologici, tra cui le ripetute innovazioni nell\u2019efficienza di conversione fotovoltaica, hanno favorito il continuo ammodernamento del settore e la rapida riduzione dei costi.<\/p>\n<p>Il rapido sviluppo del fotovoltaico e di altre forme di nuove energie in Cina sta inoltre fornendo un contributo positivo a livello globale.<\/p>\n<p>Con il sistema di energie rinnovabili pi\u00f9 grande e in pi\u00f9 rapida crescita al mondo, il Paese fornisce oltre l\u201980% dei moduli fotovoltaici e il 70% delle apparecchiature per l\u2019energia eolica a livello mondiale, sostenendo la transizione verde di numerosi Paesi.<\/p>\n<p>In particolare, in un contesto di incertezza nelle forniture globali di energia e materie prime fondamentali, la crescente capacit\u00e0 della Cina nel settore delle nuove energie ha consentito al Paese di soddisfare la domanda energetica interna, contribuendo al contempo alla stabilit\u00e0 dei mercati energetici e delle catene di approvvigionamento globali, hanno affermato gli esperti.<br \/>(ITALPRESS).<br \/>-Foto Xinhua-<\/p>\n<\/div>\n","protected":false},"excerpt":{"rendered":"<p>PECHINO (CINA) (XINHUA\/ITALPRESS) \u2013 La capacit\u00e0 installata del fotovoltaico (PV) in Cina ha superato per la prima volta quella delle centrali a carbone, rendendo questa risorsa la principale fonte energetica del Paese in termini di capacit\u00e0 installata, ha reso noto ieri l\u2019Amministrazione nazionale dell\u2019energia. Alla fine di luglio, tale capacit\u00e0 nel Paese aveva raggiunto gli [&hellip;]<\/p>\n","protected":false},"author":16,"featured_media":84642,"comment_status":"closed","ping_status":"closed","sticky":false,"template":"","format":"standard","meta":{"jnews-multi-image_gallery":[],"jnews_single_post":[],"jnews_primary_category":[],"jnews_social_meta":[],"jnews_override_counter":[],"jnews_post_split":[],"footnotes":"","_members_access_role":[],"_members_access_error":""},"categories":[1129],"tags":[],"class_list":["post-84641","post","type-post","status-publish","format-standard","has-post-thumbnail","hentry","category-mondo"],"yoast_head":"<!-- This site is optimized with the Yoast SEO plugin v28.4 - https:\/\/yoast.com\/product\/yoast-seo-wordpress\/ -->\n<title>Cina, capacit\u00e0 fotovoltaica supera per la prima volta quella a carbone - Live Magazine<\/title>\n<meta name=\"robots\" content=\"index, follow, max-snippet:-1, max-image-preview:large, max-video-preview:-1\" \/>\n<link rel=\"canonical\" href=\"https:\/\/www.livemag.it\/index.php\/2026\/09\/02\/cina-capacita-fotovoltaica-supera-per-la-prima-volta-quella-a-carbone\/\" \/>\n<meta property=\"og:locale\" content=\"it_IT\" \/>\n<meta property=\"og:type\" content=\"article\" \/>\n<meta property=\"og:title\" content=\"Cina, capacit\u00e0 fotovoltaica supera per la prima volta quella a carbone - Live Magazine\" \/>\n<meta property=\"og:description\" content=\"PECHINO (CINA) (XINHUA\/ITALPRESS) \u2013 La capacit\u00e0 installata del fotovoltaico (PV) in Cina ha superato per la prima volta quella delle centrali a carbone, rendendo questa risorsa la principale fonte energetica del Paese in termini di capacit\u00e0 installata, ha reso noto ieri l\u2019Amministrazione nazionale dell\u2019energia. Alla fine di luglio, tale capacit\u00e0 nel Paese aveva raggiunto gli [&hellip;]\" \/>\n<meta property=\"og:url\" content=\"https:\/\/www.livemag.it\/index.php\/2026\/09\/02\/cina-capacita-fotovoltaica-supera-per-la-prima-volta-quella-a-carbone\/\" \/>\n<meta property=\"og:site_name\" content=\"Live Magazine\" \/>\n<meta property=\"article:publisher\" content=\"https:\/\/www.facebook.com\/LiveMag\/\" \/>\n<meta property=\"article:published_time\" content=\"2026-09-02T18:04:45+00:00\" \/>\n<meta property=\"og:image\" content=\"https:\/\/www.livemag.it\/wp-content\/uploads\/2024\/02\/ograph.jpg\" \/>\n\t<meta property=\"og:image:width\" content=\"1200\" \/>\n\t<meta property=\"og:image:height\" content=\"675\" \/>\n\t<meta property=\"og:image:type\" content=\"image\/jpeg\" \/>\n<meta name=\"author\" content=\"italpress\" \/>\n<meta name=\"twitter:card\" content=\"summary_large_image\" \/>\n<meta name=\"twitter:creator\" content=\"@LiveNotizie\" \/>\n<meta name=\"twitter:site\" content=\"@LiveNotizie\" \/>\n<meta name=\"twitter:label1\" content=\"Scritto da\" \/>\n\t<meta name=\"twitter:data1\" content=\"italpress\" \/>\n\t<meta name=\"twitter:label2\" content=\"Tempo di lettura stimato\" \/>\n\t<meta name=\"twitter:data2\" content=\"2 minuti\" \/>\n<script type=\"application\/ld+json\" class=\"yoast-schema-graph\">{\"@context\":\"https:\\\/\\\/schema.org\",\"@graph\":[{\"@type\":\"Article\",\"@id\":\"https:\\\/\\\/www.livemag.it\\\/index.php\\\/2026\\\/09\\\/02\\\/cina-capacita-fotovoltaica-supera-per-la-prima-volta-quella-a-carbone\\\/#article\",\"isPartOf\":{\"@id\":\"https:\\\/\\\/www.livemag.it\\\/index.php\\\/2026\\\/09\\\/02\\\/cina-capacita-fotovoltaica-supera-per-la-prima-volta-quella-a-carbone\\\/\"},\"author\":{\"name\":\"italpress\",\"@id\":\"https:\\\/\\\/www.livemag.it\\\/#\\\/schema\\\/person\\\/b62c5f44451fdcdaeb0afe6c2424e73c\"},\"headline\":\"Cina, capacit\u00e0 fotovoltaica supera per la prima volta quella a carbone\",\"datePublished\":\"2026-09-02T18:04:45+00:00\",\"mainEntityOfPage\":{\"@id\":\"https:\\\/\\\/www.livemag.it\\\/index.php\\\/2026\\\/09\\\/02\\\/cina-capacita-fotovoltaica-supera-per-la-prima-volta-quella-a-carbone\\\/\"},\"wordCount\":340,\"publisher\":{\"@id\":\"https:\\\/\\\/www.livemag.it\\\/#organization\"},\"image\":{\"@id\":\"https:\\\/\\\/www.livemag.it\\\/index.php\\\/2026\\\/09\\\/02\\\/cina-capacita-fotovoltaica-supera-per-la-prima-volta-quella-a-carbone\\\/#primaryimage\"},\"thumbnailUrl\":\"https:\\\/\\\/www.livemag.it\\\/wp-content\\\/uploads\\\/2026\\\/09\\\/20260902_2604.jpg\",\"articleSection\":[\"Mondo\"],\"inLanguage\":\"it-IT\"},{\"@type\":\"WebPage\",\"@id\":\"https:\\\/\\\/www.livemag.it\\\/index.php\\\/2026\\\/09\\\/02\\\/cina-capacita-fotovoltaica-supera-per-la-prima-volta-quella-a-carbone\\\/\",\"url\":\"https:\\\/\\\/www.livemag.it\\\/index.php\\\/2026\\\/09\\\/02\\\/cina-capacita-fotovoltaica-supera-per-la-prima-volta-quella-a-carbone\\\/\",\"name\":\"Cina, capacit\u00e0 fotovoltaica supera per la prima volta quella a carbone - Live Magazine\",\"isPartOf\":{\"@id\":\"https:\\\/\\\/www.livemag.it\\\/#website\"},\"primaryImageOfPage\":{\"@id\":\"https:\\\/\\\/www.livemag.it\\\/index.php\\\/2026\\\/09\\\/02\\\/cina-capacita-fotovoltaica-supera-per-la-prima-volta-quella-a-carbone\\\/#primaryimage\"},\"image\":{\"@id\":\"https:\\\/\\\/www.livemag.it\\\/index.php\\\/2026\\\/09\\\/02\\\/cina-capacita-fotovoltaica-supera-per-la-prima-volta-quella-a-carbone\\\/#primaryimage\"},\"thumbnailUrl\":\"https:\\\/\\\/www.livemag.it\\\/wp-content\\\/uploads\\\/2026\\\/09\\\/20260902_2604.jpg\",\"datePublished\":\"2026-09-02T18:04:45+00:00\",\"breadcrumb\":{\"@id\":\"https:\\\/\\\/www.livemag.it\\\/index.php\\\/2026\\\/09\\\/02\\\/cina-capacita-fotovoltaica-supera-per-la-prima-volta-quella-a-carbone\\\/#breadcrumb\"},\"inLanguage\":\"it-IT\",\"potentialAction\":[{\"@type\":\"ReadAction\",\"target\":[\"https:\\\/\\\/www.livemag.it\\\/index.php\\\/2026\\\/09\\\/02\\\/cina-capacita-fotovoltaica-supera-per-la-prima-volta-quella-a-carbone\\\/\"]}]},{\"@type\":\"ImageObject\",\"inLanguage\":\"it-IT\",\"@id\":\"https:\\\/\\\/www.livemag.it\\\/index.php\\\/2026\\\/09\\\/02\\\/cina-capacita-fotovoltaica-supera-per-la-prima-volta-quella-a-carbone\\\/#primaryimage\",\"url\":\"https:\\\/\\\/www.livemag.it\\\/wp-content\\\/uploads\\\/2026\\\/09\\\/20260902_2604.jpg\",\"contentUrl\":\"https:\\\/\\\/www.livemag.it\\\/wp-content\\\/uploads\\\/2026\\\/09\\\/20260902_2604.jpg\",\"width\":1000,\"height\":636},{\"@type\":\"BreadcrumbList\",\"@id\":\"https:\\\/\\\/www.livemag.it\\\/index.php\\\/2026\\\/09\\\/02\\\/cina-capacita-fotovoltaica-supera-per-la-prima-volta-quella-a-carbone\\\/#breadcrumb\",\"itemListElement\":[{\"@type\":\"ListItem\",\"position\":1,\"name\":\"Home\",\"item\":\"https:\\\/\\\/www.livemag.it\\\/\"},{\"@type\":\"ListItem\",\"position\":2,\"name\":\"Cina, capacit\u00e0 fotovoltaica supera per la prima volta quella a carbone\"}]},{\"@type\":\"WebSite\",\"@id\":\"https:\\\/\\\/www.livemag.it\\\/#website\",\"url\":\"https:\\\/\\\/www.livemag.it\\\/\",\"name\":\"Live Magazine\",\"description\":\"Varie ed eventi\",\"publisher\":{\"@id\":\"https:\\\/\\\/www.livemag.it\\\/#organization\"},\"potentialAction\":[{\"@type\":\"SearchAction\",\"target\":{\"@type\":\"EntryPoint\",\"urlTemplate\":\"https:\\\/\\\/www.livemag.it\\\/?s={search_term_string}\"},\"query-input\":{\"@type\":\"PropertyValueSpecification\",\"valueRequired\":true,\"valueName\":\"search_term_string\"}}],\"inLanguage\":\"it-IT\"},{\"@type\":\"Organization\",\"@id\":\"https:\\\/\\\/www.livemag.it\\\/#organization\",\"name\":\"LiveMag\",\"alternateName\":\"LiveMag News ed eventi\",\"url\":\"https:\\\/\\\/www.livemag.it\\\/\",\"logo\":{\"@type\":\"ImageObject\",\"inLanguage\":\"it-IT\",\"@id\":\"https:\\\/\\\/www.livemag.it\\\/#\\\/schema\\\/logo\\\/image\\\/\",\"url\":\"https:\\\/\\\/www.livemag.it\\\/wp-content\\\/uploads\\\/2024\\\/02\\\/immagine-sito.jpg\",\"contentUrl\":\"https:\\\/\\\/www.livemag.it\\\/wp-content\\\/uploads\\\/2024\\\/02\\\/immagine-sito.jpg\",\"width\":696,\"height\":696,\"caption\":\"LiveMag\"},\"image\":{\"@id\":\"https:\\\/\\\/www.livemag.it\\\/#\\\/schema\\\/logo\\\/image\\\/\"},\"sameAs\":[\"https:\\\/\\\/www.facebook.com\\\/LiveMag\\\/\",\"https:\\\/\\\/x.com\\\/LiveNotizie\",\"https:\\\/\\\/www.instagram.com\\\/livemag\\\/\"]},{\"@type\":\"Person\",\"@id\":\"https:\\\/\\\/www.livemag.it\\\/#\\\/schema\\\/person\\\/b62c5f44451fdcdaeb0afe6c2424e73c\",\"name\":\"italpress\",\"image\":{\"@type\":\"ImageObject\",\"inLanguage\":\"it-IT\",\"@id\":\"https:\\\/\\\/secure.gravatar.com\\\/avatar\\\/b6a21695fc713ce7ee312cf57c97e2e641feb365be72d8745574d3c3e2b59066?s=96&r=g\",\"url\":\"https:\\\/\\\/secure.gravatar.com\\\/avatar\\\/b6a21695fc713ce7ee312cf57c97e2e641feb365be72d8745574d3c3e2b59066?s=96&r=g\",\"contentUrl\":\"https:\\\/\\\/secure.gravatar.com\\\/avatar\\\/b6a21695fc713ce7ee312cf57c97e2e641feb365be72d8745574d3c3e2b59066?s=96&r=g\",\"caption\":\"italpress\"},\"description\":\"Italpress \u00e8 un'agenzia di stampa italiana a carattere nazionale.\",\"url\":\"https:\\\/\\\/www.livemag.it\\\/index.php\\\/author\\\/italpress\\\/\"}]}<\/script>\n<!-- \/ Yoast SEO plugin. -->","yoast_head_json":{"title":"Cina, capacit\u00e0 fotovoltaica supera per la prima volta quella a carbone - Live Magazine","robots":{"index":"index","follow":"follow","max-snippet":"max-snippet:-1","max-image-preview":"max-image-preview:large","max-video-preview":"max-video-preview:-1"},"canonical":"https:\/\/www.livemag.it\/index.php\/2026\/09\/02\/cina-capacita-fotovoltaica-supera-per-la-prima-volta-quella-a-carbone\/","og_locale":"it_IT","og_type":"article","og_title":"Cina, capacit\u00e0 fotovoltaica supera per la prima volta quella a carbone - Live Magazine","og_description":"PECHINO (CINA) (XINHUA\/ITALPRESS) \u2013 La capacit\u00e0 installata del fotovoltaico (PV) in Cina ha superato per la prima volta quella delle centrali a carbone, rendendo questa risorsa la principale fonte energetica del Paese in termini di capacit\u00e0 installata, ha reso noto ieri l\u2019Amministrazione nazionale dell\u2019energia. Alla fine di luglio, tale capacit\u00e0 nel Paese aveva raggiunto gli [&hellip;]","og_url":"https:\/\/www.livemag.it\/index.php\/2026\/09\/02\/cina-capacita-fotovoltaica-supera-per-la-prima-volta-quella-a-carbone\/","og_site_name":"Live Magazine","article_publisher":"https:\/\/www.facebook.com\/LiveMag\/","article_published_time":"2026-09-02T18:04:45+00:00","og_image":[{"width":1200,"height":675,"url":"https:\/\/www.livemag.it\/wp-content\/uploads\/2024\/02\/ograph.jpg","type":"image\/jpeg"}],"author":"italpress","twitter_card":"summary_large_image","twitter_creator":"@LiveNotizie","twitter_site":"@LiveNotizie","twitter_misc":{"Scritto da":"italpress","Tempo di lettura stimato":"2 minuti"},"schema":{"@context":"https:\/\/schema.org","@graph":[{"@type":"Article","@id":"https:\/\/www.livemag.it\/index.php\/2026\/09\/02\/cina-capacita-fotovoltaica-supera-per-la-prima-volta-quella-a-carbone\/#article","isPartOf":{"@id":"https:\/\/www.livemag.it\/index.php\/2026\/09\/02\/cina-capacita-fotovoltaica-supera-per-la-prima-volta-quella-a-carbone\/"},"author":{"name":"italpress","@id":"https:\/\/www.livemag.it\/#\/schema\/person\/b62c5f44451fdcdaeb0afe6c2424e73c"},"headline":"Cina, capacit\u00e0 fotovoltaica supera per la prima volta quella a carbone","datePublished":"2026-09-02T18:04:45+00:00","mainEntityOfPage":{"@id":"https:\/\/www.livemag.it\/index.php\/2026\/09\/02\/cina-capacita-fotovoltaica-supera-per-la-prima-volta-quella-a-carbone\/"},"wordCount":340,"publisher":{"@id":"https:\/\/www.livemag.it\/#organization"},"image":{"@id":"https:\/\/www.livemag.it\/index.php\/2026\/09\/02\/cina-capacita-fotovoltaica-supera-per-la-prima-volta-quella-a-carbone\/#primaryimage"},"thumbnailUrl":"https:\/\/www.livemag.it\/wp-content\/uploads\/2026\/09\/20260902_2604.jpg","articleSection":["Mondo"],"inLanguage":"it-IT"},{"@type":"WebPage","@id":"https:\/\/www.livemag.it\/index.php\/2026\/09\/02\/cina-capacita-fotovoltaica-supera-per-la-prima-volta-quella-a-carbone\/","url":"https:\/\/www.livemag.it\/index.php\/2026\/09\/02\/cina-capacita-fotovoltaica-supera-per-la-prima-volta-quella-a-carbone\/","name":"Cina, capacit\u00e0 fotovoltaica supera per la prima volta quella a carbone - Live Magazine","isPartOf":{"@id":"https:\/\/www.livemag.it\/#website"},"primaryImageOfPage":{"@id":"https:\/\/www.livemag.it\/index.php\/2026\/09\/02\/cina-capacita-fotovoltaica-supera-per-la-prima-volta-quella-a-carbone\/#primaryimage"},"image":{"@id":"https:\/\/www.livemag.it\/index.php\/2026\/09\/02\/cina-capacita-fotovoltaica-supera-per-la-prima-volta-quella-a-carbone\/#primaryimage"},"thumbnailUrl":"https:\/\/www.livemag.it\/wp-content\/uploads\/2026\/09\/20260902_2604.jpg","datePublished":"2026-09-02T18:04:45+00:00","breadcrumb":{"@id":"https:\/\/www.livemag.it\/index.php\/2026\/09\/02\/cina-capacita-fotovoltaica-supera-per-la-prima-volta-quella-a-carbone\/#breadcrumb"},"inLanguage":"it-IT","potentialAction":[{"@type":"ReadAction","target":["https:\/\/www.livemag.it\/index.php\/2026\/09\/02\/cina-capacita-fotovoltaica-supera-per-la-prima-volta-quella-a-carbone\/"]}]},{"@type":"ImageObject","inLanguage":"it-IT","@id":"https:\/\/www.livemag.it\/index.php\/2026\/09\/02\/cina-capacita-fotovoltaica-supera-per-la-prima-volta-quella-a-carbone\/#primaryimage","url":"https:\/\/www.livemag.it\/wp-content\/uploads\/2026\/09\/20260902_2604.jpg","contentUrl":"https:\/\/www.livemag.it\/wp-content\/uploads\/2026\/09\/20260902_2604.jpg","width":1000,"height":636},{"@type":"BreadcrumbList","@id":"https:\/\/www.livemag.it\/index.php\/2026\/09\/02\/cina-capacita-fotovoltaica-supera-per-la-prima-volta-quella-a-carbone\/#breadcrumb","itemListElement":[{"@type":"ListItem","position":1,"name":"Home","item":"https:\/\/www.livemag.it\/"},{"@type":"ListItem","position":2,"name":"Cina, capacit\u00e0 fotovoltaica supera per la prima volta quella a carbone"}]},{"@type":"WebSite","@id":"https:\/\/www.livemag.it\/#website","url":"https:\/\/www.livemag.it\/","name":"Live Magazine","description":"Varie ed eventi","publisher":{"@id":"https:\/\/www.livemag.it\/#organization"},"potentialAction":[{"@type":"SearchAction","target":{"@type":"EntryPoint","urlTemplate":"https:\/\/www.livemag.it\/?s={search_term_string}"},"query-input":{"@type":"PropertyValueSpecification","valueRequired":true,"valueName":"search_term_string"}}],"inLanguage":"it-IT"},{"@type":"Organization","@id":"https:\/\/www.livemag.it\/#organization","name":"LiveMag","alternateName":"LiveMag News ed eventi","url":"https:\/\/www.livemag.it\/","logo":{"@type":"ImageObject","inLanguage":"it-IT","@id":"https:\/\/www.livemag.it\/#\/schema\/logo\/image\/","url":"https:\/\/www.livemag.it\/wp-content\/uploads\/2024\/02\/immagine-sito.jpg","contentUrl":"https:\/\/www.livemag.it\/wp-content\/uploads\/2024\/02\/immagine-sito.jpg","width":696,"height":696,"caption":"LiveMag"},"image":{"@id":"https:\/\/www.livemag.it\/#\/schema\/logo\/image\/"},"sameAs":["https:\/\/www.facebook.com\/LiveMag\/","https:\/\/x.com\/LiveNotizie","https:\/\/www.instagram.com\/livemag\/"]},{"@type":"Person","@id":"https:\/\/www.livemag.it\/#\/schema\/person\/b62c5f44451fdcdaeb0afe6c2424e73c","name":"italpress","image":{"@type":"ImageObject","inLanguage":"it-IT","@id":"https:\/\/secure.gravatar.com\/avatar\/b6a21695fc713ce7ee312cf57c97e2e641feb365be72d8745574d3c3e2b59066?s=96&r=g","url":"https:\/\/secure.gravatar.com\/avatar\/b6a21695fc713ce7ee312cf57c97e2e641feb365be72d8745574d3c3e2b59066?s=96&r=g","contentUrl":"https:\/\/secure.gravatar.com\/avatar\/b6a21695fc713ce7ee312cf57c97e2e641feb365be72d8745574d3c3e2b59066?s=96&r=g","caption":"italpress"},"description":"Italpress \u00e8 un'agenzia di stampa italiana a carattere nazionale.","url":"https:\/\/www.livemag.it\/index.php\/author\/italpress\/"}]}},"jetpack_featured_media_url":"https:\/\/www.livemag.it\/wp-content\/uploads\/2026\/09\/20260902_2604.jpg","_links":{"self":[{"href":"https:\/\/www.livemag.it\/index.php\/wp-json\/wp\/v2\/posts\/84641","targetHints":{"allow":["GET"]}}],"collection":[{"href":"https:\/\/www.livemag.it\/index.php\/wp-json\/wp\/v2\/posts"}],"about":[{"href":"https:\/\/www.livemag.it\/index.php\/wp-json\/wp\/v2\/types\/post"}],"author":[{"embeddable":true,"href":"https:\/\/www.livemag.it\/index.php\/wp-json\/wp\/v2\/users\/16"}],"replies":[{"embeddable":true,"href":"https:\/\/www.livemag.it\/index.php\/wp-json\/wp\/v2\/comments?post=84641"}],"version-history":[{"count":0,"href":"https:\/\/www.livemag.it\/index.php\/wp-json\/wp\/v2\/posts\/84641\/revisions"}],"wp:featuredmedia":[{"embeddable":true,"href":"https:\/\/www.livemag.it\/index.php\/wp-json\/wp\/v2\/media\/84642"}],"wp:attachment":[{"href":"https:\/\/www.livemag.it\/index.php\/wp-json\/wp\/v2\/media?parent=84641"}],"wp:term":[{"taxonomy":"category","embeddable":true,"href":"https:\/\/www.livemag.it\/index.php\/wp-json\/wp\/v2\/categories?post=84641"},{"taxonomy":"post_tag","embeddable":true,"href":"https:\/\/www.livemag.it\/index.php\/wp-json\/wp\/v2\/tags?post=84641"}],"curies":[{"name":"wp","href":"https:\/\/api.w.org\/{rel}","templated":true}]}}