{"id":84623,"date":"2026-09-02T17:04:45","date_gmt":"2026-09-02T15:04:45","guid":{"rendered":"https:\/\/www.livemag.it\/index.php\/2026\/09\/02\/guterres-raddoppiare-gli-sforzi-per-limitare-laumento-delle-temperature\/"},"modified":"2026-09-02T17:04:45","modified_gmt":"2026-09-02T15:04:45","slug":"guterres-raddoppiare-gli-sforzi-per-limitare-laumento-delle-temperature","status":"publish","type":"post","link":"https:\/\/www.livemag.it\/index.php\/2026\/09\/02\/guterres-raddoppiare-gli-sforzi-per-limitare-laumento-delle-temperature\/","title":{"rendered":"Guterres \u201cRaddoppiare gli sforzi per limitare l\u2019aumento delle temperature\u201d"},"content":{"rendered":"<div>\n<p>ROMA (ITALPRESS) \u2013 Il caldo torrido che ha colpito l\u2019emisfero settentrionale negli ultimi mesi, i devastanti incendi e le inondazioni mortali sono un monito su ci\u00f2 che ci aspetta. Lo ha detto il Segretario generale delle Nazioni Unite, Ant\u00f2nio Guterres, commentando il rapporto del Programma delle Nazioni unite per l\u2019ambiente (Unep). \u201cSiamo destinati a superare il limite di 1,5 \u00b0C entro i prossimi anni. La lotta per limitare l\u2019aumento della temperatura a 1,5 gradi \u00e8 una lotta per l\u2019umanit\u00e0\u201d, ha spiegato. \u201cIn tutto il mondo, le ondate di calore estreme stanno gi\u00e0 dimostrando che gli impatti climatici si faranno sentire pi\u00f9 rapidamente, con maggiore intensit\u00e0 e pi\u00f9 a lungo, causando un numero maggiore di vittime e sconvolgimenti pi\u00f9 profondi. E\u2019 giunto il momento di raddoppiare gli sforzi per contrastare il cambiamento climatico. Possiamo e dobbiamo imboccare la strada giusta, riducendo le emissioni di gas serra, rafforzando la resilienza e l\u2019adattamento e garantendo che il superamento dell\u2019aumento di temperatura di 1,5 \u00b0C sia il pi\u00f9 contenuto e di durata minore possibile\u201d. Guterres ha ricordato che nello storico Accordo di Parigi del 2015 sui cambiamenti climatici i leader mondiali si erano impegnati a mantenere l\u2019aumento della temperatura entro il limite di 1,5 \u00b0C rispetto ai livelli preindustriali, un obiettivo che, secondo gli scienziati, \u00e8 fondamentale per evitare la peggiore devastazione climatica.<br \/>\u201cDobbiamo fare in modo che il superamento di tale soglia sia il pi\u00f9 piccolo e breve possibile , limitando l\u2019entit\u00e0 dell\u2019aumento delle temperature e la durata della loro permanenza al di sopra di 1,5 \u00b0C\u201d, spiega Guterres. Questo richiede l\u2019accelerazione dell\u2019eliminazione graduale dei combustibili fossili e la rivoluzione delle energie rinnovabili, la riduzione drastica dell\u2019inquinamento da metano e la protezione di terre, foreste e oceani. \u201cLe soluzioni sono a portata di mano e il mondo non \u00e8 mai stato cos\u00ec ben attrezzato per metterle in pratica. Ora \u00e8 il momento di alzare l\u2019asticella e accelerare l\u2019azione\u201d, conclude.<br \/>(ITALPRESS) <\/p>\n<p>\u2013 foto: Ipa Agency \u2013<\/p>\n<\/div>\n","protected":false},"excerpt":{"rendered":"<p>ROMA (ITALPRESS) \u2013 Il caldo torrido che ha colpito l\u2019emisfero settentrionale negli ultimi mesi, i devastanti incendi e le inondazioni mortali sono un monito su ci\u00f2 che ci aspetta. Lo ha detto il Segretario generale delle Nazioni Unite, Ant\u00f2nio Guterres, commentando il rapporto del Programma delle Nazioni unite per l\u2019ambiente (Unep). \u201cSiamo destinati a superare [&hellip;]<\/p>\n","protected":false},"author":16,"featured_media":84624,"comment_status":"closed","ping_status":"closed","sticky":false,"template":"","format":"standard","meta":{"jnews-multi-image_gallery":[],"jnews_single_post":[],"jnews_primary_category":[],"jnews_social_meta":[],"jnews_override_counter":[],"jnews_post_split":[],"footnotes":"","_members_access_role":[],"_members_access_error":""},"categories":[1129],"tags":[],"class_list":["post-84623","post","type-post","status-publish","format-standard","has-post-thumbnail","hentry","category-mondo"],"yoast_head":"<!-- This site is optimized with the Yoast SEO plugin v28.4 - https:\/\/yoast.com\/product\/yoast-seo-wordpress\/ -->\n<title>Guterres \u201cRaddoppiare gli sforzi per limitare l\u2019aumento delle temperature\u201d - Live Magazine<\/title>\n<meta name=\"robots\" content=\"index, follow, max-snippet:-1, max-image-preview:large, max-video-preview:-1\" \/>\n<link rel=\"canonical\" href=\"https:\/\/www.livemag.it\/index.php\/2026\/09\/02\/guterres-raddoppiare-gli-sforzi-per-limitare-laumento-delle-temperature\/\" \/>\n<meta property=\"og:locale\" content=\"it_IT\" \/>\n<meta property=\"og:type\" content=\"article\" \/>\n<meta property=\"og:title\" content=\"Guterres \u201cRaddoppiare gli sforzi per limitare l\u2019aumento delle temperature\u201d - Live Magazine\" \/>\n<meta property=\"og:description\" content=\"ROMA (ITALPRESS) \u2013 Il caldo torrido che ha colpito l\u2019emisfero settentrionale negli ultimi mesi, i devastanti incendi e le inondazioni mortali sono un monito su ci\u00f2 che ci aspetta. Lo ha detto il Segretario generale delle Nazioni Unite, Ant\u00f2nio Guterres, commentando il rapporto del Programma delle Nazioni unite per l\u2019ambiente (Unep). \u201cSiamo destinati a superare [&hellip;]\" \/>\n<meta property=\"og:url\" content=\"https:\/\/www.livemag.it\/index.php\/2026\/09\/02\/guterres-raddoppiare-gli-sforzi-per-limitare-laumento-delle-temperature\/\" \/>\n<meta property=\"og:site_name\" content=\"Live Magazine\" \/>\n<meta property=\"article:publisher\" content=\"https:\/\/www.facebook.com\/LiveMag\/\" \/>\n<meta property=\"article:published_time\" content=\"2026-09-02T15:04:45+00:00\" \/>\n<meta property=\"og:image\" content=\"https:\/\/www.livemag.it\/wp-content\/uploads\/2024\/02\/ograph.jpg\" \/>\n\t<meta property=\"og:image:width\" content=\"1200\" \/>\n\t<meta property=\"og:image:height\" content=\"675\" \/>\n\t<meta property=\"og:image:type\" content=\"image\/jpeg\" \/>\n<meta name=\"author\" content=\"italpress\" \/>\n<meta name=\"twitter:card\" content=\"summary_large_image\" \/>\n<meta name=\"twitter:creator\" content=\"@LiveNotizie\" \/>\n<meta name=\"twitter:site\" content=\"@LiveNotizie\" \/>\n<meta name=\"twitter:label1\" content=\"Scritto da\" \/>\n\t<meta name=\"twitter:data1\" content=\"italpress\" \/>\n\t<meta name=\"twitter:label2\" content=\"Tempo di lettura stimato\" \/>\n\t<meta name=\"twitter:data2\" content=\"2 minuti\" \/>\n<script type=\"application\/ld+json\" class=\"yoast-schema-graph\">{\"@context\":\"https:\\\/\\\/schema.org\",\"@graph\":[{\"@type\":\"Article\",\"@id\":\"https:\\\/\\\/www.livemag.it\\\/index.php\\\/2026\\\/09\\\/02\\\/guterres-raddoppiare-gli-sforzi-per-limitare-laumento-delle-temperature\\\/#article\",\"isPartOf\":{\"@id\":\"https:\\\/\\\/www.livemag.it\\\/index.php\\\/2026\\\/09\\\/02\\\/guterres-raddoppiare-gli-sforzi-per-limitare-laumento-delle-temperature\\\/\"},\"author\":{\"name\":\"italpress\",\"@id\":\"https:\\\/\\\/www.livemag.it\\\/#\\\/schema\\\/person\\\/b62c5f44451fdcdaeb0afe6c2424e73c\"},\"headline\":\"Guterres \u201cRaddoppiare gli sforzi per limitare l\u2019aumento delle temperature\u201d\",\"datePublished\":\"2026-09-02T15:04:45+00:00\",\"mainEntityOfPage\":{\"@id\":\"https:\\\/\\\/www.livemag.it\\\/index.php\\\/2026\\\/09\\\/02\\\/guterres-raddoppiare-gli-sforzi-per-limitare-laumento-delle-temperature\\\/\"},\"wordCount\":333,\"publisher\":{\"@id\":\"https:\\\/\\\/www.livemag.it\\\/#organization\"},\"image\":{\"@id\":\"https:\\\/\\\/www.livemag.it\\\/index.php\\\/2026\\\/09\\\/02\\\/guterres-raddoppiare-gli-sforzi-per-limitare-laumento-delle-temperature\\\/#primaryimage\"},\"thumbnailUrl\":\"https:\\\/\\\/www.livemag.it\\\/wp-content\\\/uploads\\\/2026\\\/09\\\/20260902_1976.jpg\",\"articleSection\":[\"Mondo\"],\"inLanguage\":\"it-IT\"},{\"@type\":\"WebPage\",\"@id\":\"https:\\\/\\\/www.livemag.it\\\/index.php\\\/2026\\\/09\\\/02\\\/guterres-raddoppiare-gli-sforzi-per-limitare-laumento-delle-temperature\\\/\",\"url\":\"https:\\\/\\\/www.livemag.it\\\/index.php\\\/2026\\\/09\\\/02\\\/guterres-raddoppiare-gli-sforzi-per-limitare-laumento-delle-temperature\\\/\",\"name\":\"Guterres \u201cRaddoppiare gli sforzi per limitare l\u2019aumento delle temperature\u201d - Live Magazine\",\"isPartOf\":{\"@id\":\"https:\\\/\\\/www.livemag.it\\\/#website\"},\"primaryImageOfPage\":{\"@id\":\"https:\\\/\\\/www.livemag.it\\\/index.php\\\/2026\\\/09\\\/02\\\/guterres-raddoppiare-gli-sforzi-per-limitare-laumento-delle-temperature\\\/#primaryimage\"},\"image\":{\"@id\":\"https:\\\/\\\/www.livemag.it\\\/index.php\\\/2026\\\/09\\\/02\\\/guterres-raddoppiare-gli-sforzi-per-limitare-laumento-delle-temperature\\\/#primaryimage\"},\"thumbnailUrl\":\"https:\\\/\\\/www.livemag.it\\\/wp-content\\\/uploads\\\/2026\\\/09\\\/20260902_1976.jpg\",\"datePublished\":\"2026-09-02T15:04:45+00:00\",\"breadcrumb\":{\"@id\":\"https:\\\/\\\/www.livemag.it\\\/index.php\\\/2026\\\/09\\\/02\\\/guterres-raddoppiare-gli-sforzi-per-limitare-laumento-delle-temperature\\\/#breadcrumb\"},\"inLanguage\":\"it-IT\",\"potentialAction\":[{\"@type\":\"ReadAction\",\"target\":[\"https:\\\/\\\/www.livemag.it\\\/index.php\\\/2026\\\/09\\\/02\\\/guterres-raddoppiare-gli-sforzi-per-limitare-laumento-delle-temperature\\\/\"]}]},{\"@type\":\"ImageObject\",\"inLanguage\":\"it-IT\",\"@id\":\"https:\\\/\\\/www.livemag.it\\\/index.php\\\/2026\\\/09\\\/02\\\/guterres-raddoppiare-gli-sforzi-per-limitare-laumento-delle-temperature\\\/#primaryimage\",\"url\":\"https:\\\/\\\/www.livemag.it\\\/wp-content\\\/uploads\\\/2026\\\/09\\\/20260902_1976.jpg\",\"contentUrl\":\"https:\\\/\\\/www.livemag.it\\\/wp-content\\\/uploads\\\/2026\\\/09\\\/20260902_1976.jpg\",\"width\":1200,\"height\":800},{\"@type\":\"BreadcrumbList\",\"@id\":\"https:\\\/\\\/www.livemag.it\\\/index.php\\\/2026\\\/09\\\/02\\\/guterres-raddoppiare-gli-sforzi-per-limitare-laumento-delle-temperature\\\/#breadcrumb\",\"itemListElement\":[{\"@type\":\"ListItem\",\"position\":1,\"name\":\"Home\",\"item\":\"https:\\\/\\\/www.livemag.it\\\/\"},{\"@type\":\"ListItem\",\"position\":2,\"name\":\"Guterres \u201cRaddoppiare gli sforzi per limitare l\u2019aumento delle temperature\u201d\"}]},{\"@type\":\"WebSite\",\"@id\":\"https:\\\/\\\/www.livemag.it\\\/#website\",\"url\":\"https:\\\/\\\/www.livemag.it\\\/\",\"name\":\"Live Magazine\",\"description\":\"Varie ed eventi\",\"publisher\":{\"@id\":\"https:\\\/\\\/www.livemag.it\\\/#organization\"},\"potentialAction\":[{\"@type\":\"SearchAction\",\"target\":{\"@type\":\"EntryPoint\",\"urlTemplate\":\"https:\\\/\\\/www.livemag.it\\\/?s={search_term_string}\"},\"query-input\":{\"@type\":\"PropertyValueSpecification\",\"valueRequired\":true,\"valueName\":\"search_term_string\"}}],\"inLanguage\":\"it-IT\"},{\"@type\":\"Organization\",\"@id\":\"https:\\\/\\\/www.livemag.it\\\/#organization\",\"name\":\"LiveMag\",\"alternateName\":\"LiveMag News ed eventi\",\"url\":\"https:\\\/\\\/www.livemag.it\\\/\",\"logo\":{\"@type\":\"ImageObject\",\"inLanguage\":\"it-IT\",\"@id\":\"https:\\\/\\\/www.livemag.it\\\/#\\\/schema\\\/logo\\\/image\\\/\",\"url\":\"https:\\\/\\\/www.livemag.it\\\/wp-content\\\/uploads\\\/2024\\\/02\\\/immagine-sito.jpg\",\"contentUrl\":\"https:\\\/\\\/www.livemag.it\\\/wp-content\\\/uploads\\\/2024\\\/02\\\/immagine-sito.jpg\",\"width\":696,\"height\":696,\"caption\":\"LiveMag\"},\"image\":{\"@id\":\"https:\\\/\\\/www.livemag.it\\\/#\\\/schema\\\/logo\\\/image\\\/\"},\"sameAs\":[\"https:\\\/\\\/www.facebook.com\\\/LiveMag\\\/\",\"https:\\\/\\\/x.com\\\/LiveNotizie\",\"https:\\\/\\\/www.instagram.com\\\/livemag\\\/\"]},{\"@type\":\"Person\",\"@id\":\"https:\\\/\\\/www.livemag.it\\\/#\\\/schema\\\/person\\\/b62c5f44451fdcdaeb0afe6c2424e73c\",\"name\":\"italpress\",\"image\":{\"@type\":\"ImageObject\",\"inLanguage\":\"it-IT\",\"@id\":\"https:\\\/\\\/secure.gravatar.com\\\/avatar\\\/b6a21695fc713ce7ee312cf57c97e2e641feb365be72d8745574d3c3e2b59066?s=96&r=g\",\"url\":\"https:\\\/\\\/secure.gravatar.com\\\/avatar\\\/b6a21695fc713ce7ee312cf57c97e2e641feb365be72d8745574d3c3e2b59066?s=96&r=g\",\"contentUrl\":\"https:\\\/\\\/secure.gravatar.com\\\/avatar\\\/b6a21695fc713ce7ee312cf57c97e2e641feb365be72d8745574d3c3e2b59066?s=96&r=g\",\"caption\":\"italpress\"},\"description\":\"Italpress \u00e8 un'agenzia di stampa italiana a carattere nazionale.\",\"url\":\"https:\\\/\\\/www.livemag.it\\\/index.php\\\/author\\\/italpress\\\/\"}]}<\/script>\n<!-- \/ Yoast SEO plugin. -->","yoast_head_json":{"title":"Guterres \u201cRaddoppiare gli sforzi per limitare l\u2019aumento delle temperature\u201d - Live Magazine","robots":{"index":"index","follow":"follow","max-snippet":"max-snippet:-1","max-image-preview":"max-image-preview:large","max-video-preview":"max-video-preview:-1"},"canonical":"https:\/\/www.livemag.it\/index.php\/2026\/09\/02\/guterres-raddoppiare-gli-sforzi-per-limitare-laumento-delle-temperature\/","og_locale":"it_IT","og_type":"article","og_title":"Guterres \u201cRaddoppiare gli sforzi per limitare l\u2019aumento delle temperature\u201d - Live Magazine","og_description":"ROMA (ITALPRESS) \u2013 Il caldo torrido che ha colpito l\u2019emisfero settentrionale negli ultimi mesi, i devastanti incendi e le inondazioni mortali sono un monito su ci\u00f2 che ci aspetta. Lo ha detto il Segretario generale delle Nazioni Unite, Ant\u00f2nio Guterres, commentando il rapporto del Programma delle Nazioni unite per l\u2019ambiente (Unep). \u201cSiamo destinati a superare [&hellip;]","og_url":"https:\/\/www.livemag.it\/index.php\/2026\/09\/02\/guterres-raddoppiare-gli-sforzi-per-limitare-laumento-delle-temperature\/","og_site_name":"Live Magazine","article_publisher":"https:\/\/www.facebook.com\/LiveMag\/","article_published_time":"2026-09-02T15:04:45+00:00","og_image":[{"width":1200,"height":675,"url":"https:\/\/www.livemag.it\/wp-content\/uploads\/2024\/02\/ograph.jpg","type":"image\/jpeg"}],"author":"italpress","twitter_card":"summary_large_image","twitter_creator":"@LiveNotizie","twitter_site":"@LiveNotizie","twitter_misc":{"Scritto da":"italpress","Tempo di lettura stimato":"2 minuti"},"schema":{"@context":"https:\/\/schema.org","@graph":[{"@type":"Article","@id":"https:\/\/www.livemag.it\/index.php\/2026\/09\/02\/guterres-raddoppiare-gli-sforzi-per-limitare-laumento-delle-temperature\/#article","isPartOf":{"@id":"https:\/\/www.livemag.it\/index.php\/2026\/09\/02\/guterres-raddoppiare-gli-sforzi-per-limitare-laumento-delle-temperature\/"},"author":{"name":"italpress","@id":"https:\/\/www.livemag.it\/#\/schema\/person\/b62c5f44451fdcdaeb0afe6c2424e73c"},"headline":"Guterres \u201cRaddoppiare gli sforzi per limitare l\u2019aumento delle temperature\u201d","datePublished":"2026-09-02T15:04:45+00:00","mainEntityOfPage":{"@id":"https:\/\/www.livemag.it\/index.php\/2026\/09\/02\/guterres-raddoppiare-gli-sforzi-per-limitare-laumento-delle-temperature\/"},"wordCount":333,"publisher":{"@id":"https:\/\/www.livemag.it\/#organization"},"image":{"@id":"https:\/\/www.livemag.it\/index.php\/2026\/09\/02\/guterres-raddoppiare-gli-sforzi-per-limitare-laumento-delle-temperature\/#primaryimage"},"thumbnailUrl":"https:\/\/www.livemag.it\/wp-content\/uploads\/2026\/09\/20260902_1976.jpg","articleSection":["Mondo"],"inLanguage":"it-IT"},{"@type":"WebPage","@id":"https:\/\/www.livemag.it\/index.php\/2026\/09\/02\/guterres-raddoppiare-gli-sforzi-per-limitare-laumento-delle-temperature\/","url":"https:\/\/www.livemag.it\/index.php\/2026\/09\/02\/guterres-raddoppiare-gli-sforzi-per-limitare-laumento-delle-temperature\/","name":"Guterres \u201cRaddoppiare gli sforzi per limitare l\u2019aumento delle temperature\u201d - Live Magazine","isPartOf":{"@id":"https:\/\/www.livemag.it\/#website"},"primaryImageOfPage":{"@id":"https:\/\/www.livemag.it\/index.php\/2026\/09\/02\/guterres-raddoppiare-gli-sforzi-per-limitare-laumento-delle-temperature\/#primaryimage"},"image":{"@id":"https:\/\/www.livemag.it\/index.php\/2026\/09\/02\/guterres-raddoppiare-gli-sforzi-per-limitare-laumento-delle-temperature\/#primaryimage"},"thumbnailUrl":"https:\/\/www.livemag.it\/wp-content\/uploads\/2026\/09\/20260902_1976.jpg","datePublished":"2026-09-02T15:04:45+00:00","breadcrumb":{"@id":"https:\/\/www.livemag.it\/index.php\/2026\/09\/02\/guterres-raddoppiare-gli-sforzi-per-limitare-laumento-delle-temperature\/#breadcrumb"},"inLanguage":"it-IT","potentialAction":[{"@type":"ReadAction","target":["https:\/\/www.livemag.it\/index.php\/2026\/09\/02\/guterres-raddoppiare-gli-sforzi-per-limitare-laumento-delle-temperature\/"]}]},{"@type":"ImageObject","inLanguage":"it-IT","@id":"https:\/\/www.livemag.it\/index.php\/2026\/09\/02\/guterres-raddoppiare-gli-sforzi-per-limitare-laumento-delle-temperature\/#primaryimage","url":"https:\/\/www.livemag.it\/wp-content\/uploads\/2026\/09\/20260902_1976.jpg","contentUrl":"https:\/\/www.livemag.it\/wp-content\/uploads\/2026\/09\/20260902_1976.jpg","width":1200,"height":800},{"@type":"BreadcrumbList","@id":"https:\/\/www.livemag.it\/index.php\/2026\/09\/02\/guterres-raddoppiare-gli-sforzi-per-limitare-laumento-delle-temperature\/#breadcrumb","itemListElement":[{"@type":"ListItem","position":1,"name":"Home","item":"https:\/\/www.livemag.it\/"},{"@type":"ListItem","position":2,"name":"Guterres \u201cRaddoppiare gli sforzi per limitare l\u2019aumento delle temperature\u201d"}]},{"@type":"WebSite","@id":"https:\/\/www.livemag.it\/#website","url":"https:\/\/www.livemag.it\/","name":"Live Magazine","description":"Varie ed eventi","publisher":{"@id":"https:\/\/www.livemag.it\/#organization"},"potentialAction":[{"@type":"SearchAction","target":{"@type":"EntryPoint","urlTemplate":"https:\/\/www.livemag.it\/?s={search_term_string}"},"query-input":{"@type":"PropertyValueSpecification","valueRequired":true,"valueName":"search_term_string"}}],"inLanguage":"it-IT"},{"@type":"Organization","@id":"https:\/\/www.livemag.it\/#organization","name":"LiveMag","alternateName":"LiveMag News ed eventi","url":"https:\/\/www.livemag.it\/","logo":{"@type":"ImageObject","inLanguage":"it-IT","@id":"https:\/\/www.livemag.it\/#\/schema\/logo\/image\/","url":"https:\/\/www.livemag.it\/wp-content\/uploads\/2024\/02\/immagine-sito.jpg","contentUrl":"https:\/\/www.livemag.it\/wp-content\/uploads\/2024\/02\/immagine-sito.jpg","width":696,"height":696,"caption":"LiveMag"},"image":{"@id":"https:\/\/www.livemag.it\/#\/schema\/logo\/image\/"},"sameAs":["https:\/\/www.facebook.com\/LiveMag\/","https:\/\/x.com\/LiveNotizie","https:\/\/www.instagram.com\/livemag\/"]},{"@type":"Person","@id":"https:\/\/www.livemag.it\/#\/schema\/person\/b62c5f44451fdcdaeb0afe6c2424e73c","name":"italpress","image":{"@type":"ImageObject","inLanguage":"it-IT","@id":"https:\/\/secure.gravatar.com\/avatar\/b6a21695fc713ce7ee312cf57c97e2e641feb365be72d8745574d3c3e2b59066?s=96&r=g","url":"https:\/\/secure.gravatar.com\/avatar\/b6a21695fc713ce7ee312cf57c97e2e641feb365be72d8745574d3c3e2b59066?s=96&r=g","contentUrl":"https:\/\/secure.gravatar.com\/avatar\/b6a21695fc713ce7ee312cf57c97e2e641feb365be72d8745574d3c3e2b59066?s=96&r=g","caption":"italpress"},"description":"Italpress \u00e8 un'agenzia di stampa italiana a carattere nazionale.","url":"https:\/\/www.livemag.it\/index.php\/author\/italpress\/"}]}},"jetpack_featured_media_url":"https:\/\/www.livemag.it\/wp-content\/uploads\/2026\/09\/20260902_1976.jpg","_links":{"self":[{"href":"https:\/\/www.livemag.it\/index.php\/wp-json\/wp\/v2\/posts\/84623","targetHints":{"allow":["GET"]}}],"collection":[{"href":"https:\/\/www.livemag.it\/index.php\/wp-json\/wp\/v2\/posts"}],"about":[{"href":"https:\/\/www.livemag.it\/index.php\/wp-json\/wp\/v2\/types\/post"}],"author":[{"embeddable":true,"href":"https:\/\/www.livemag.it\/index.php\/wp-json\/wp\/v2\/users\/16"}],"replies":[{"embeddable":true,"href":"https:\/\/www.livemag.it\/index.php\/wp-json\/wp\/v2\/comments?post=84623"}],"version-history":[{"count":0,"href":"https:\/\/www.livemag.it\/index.php\/wp-json\/wp\/v2\/posts\/84623\/revisions"}],"wp:featuredmedia":[{"embeddable":true,"href":"https:\/\/www.livemag.it\/index.php\/wp-json\/wp\/v2\/media\/84624"}],"wp:attachment":[{"href":"https:\/\/www.livemag.it\/index.php\/wp-json\/wp\/v2\/media?parent=84623"}],"wp:term":[{"taxonomy":"category","embeddable":true,"href":"https:\/\/www.livemag.it\/index.php\/wp-json\/wp\/v2\/categories?post=84623"},{"taxonomy":"post_tag","embeddable":true,"href":"https:\/\/www.livemag.it\/index.php\/wp-json\/wp\/v2\/tags?post=84623"}],"curies":[{"name":"wp","href":"https:\/\/api.w.org\/{rel}","templated":true}]}}