{"id":84621,"date":"2026-09-02T17:04:44","date_gmt":"2026-09-02T15:04:44","guid":{"rendered":"https:\/\/www.livemag.it\/index.php\/2026\/09\/02\/germania-kallas-drone-a-lipsia-terrorismo-di-stato-piu-pressione-su-mosca\/"},"modified":"2026-09-02T17:04:44","modified_gmt":"2026-09-02T15:04:44","slug":"germania-kallas-drone-a-lipsia-terrorismo-di-stato-piu-pressione-su-mosca","status":"publish","type":"post","link":"https:\/\/www.livemag.it\/index.php\/2026\/09\/02\/germania-kallas-drone-a-lipsia-terrorismo-di-stato-piu-pressione-su-mosca\/","title":{"rendered":"Germania, Kallas \u201cDrone a Lipsia terrorismo di Stato, pi\u00f9 pressione su Mosca\u201d"},"content":{"rendered":"<div>\n<p>WICKLOW (IRLANDA) (ITALPRESS) \u2013 Gli attacchi di Lipsia hanno \u201ctutti i tratti del terrorismo sponsorizzato da uno Stato\u201d e impongono all\u2019Europa di interrogarsi su \u201ccosa possiamo fare di pi\u00f9\u201d. Kaja Kallas imprime un tono netto al Gymnich di Wicklow, indicando nella pressione sulla Russia il filo conduttore della risposta europea. \u201cAbbiamo gi\u00e0 convocato gli ambasciatori russi, come hanno fatto molti Stati membri\u201d, ha dichiarato l\u2019Alta rappresentante Ue, annunciando che sono gi\u00e0 \u201cin preparazione 1.600 designazioni per il complesso militare della Russia e forse ce ne saranno altre da aggiungere\u201d. Nessuna decisione sar\u00e0 adottata nella riunione informale, ma il dossier sanzioni resta centrale. Per Kallas, il moltiplicarsi delle operazioni ibride \u201cin tutta Europa\u201d rappresenta \u201cun campanello d\u2019allarme per i Paesi che non sono stati cos\u00ec decisi\u201d finora: \u201cSe vogliamo porre fine a questa guerra, dobbiamo concentrare tutti i nostri sforzi\u201d. Anche la reazione di Berlino viene indicata come modello politico: \u201cE\u2019 certamente un segnale molto forte\u201d, ha affermato, sottolineando che la solidariet\u00e0 espressa alla Germania dagli altri partner costituisce \u201cla risposta unitaria che dobbiamo realmente adottare\u201d. Sul fronte ucraino, Kallas denuncia una Russia che \u201csta intensificando l\u2019escalation, uccidendo civili e provocando quanti pi\u00f9 danni possibile\u201d: per questo, ha aggiunto, occorre discutere \u201ccome possiamo esercitare maggiore pressione sulla Russia affinch\u00e8 ponga fine a questa guerra\u201d. Ma il confronto di Wicklow investe anche i meccanismi decisionali europei. \u201cIl problema fondamentale che abbiamo \u00e8 unit\u00e0 contro unanimit\u00e0\u201d, ha osservato Kallas: nell\u2019attuale scenario geopolitico \u201cdobbiamo essere pi\u00f9 agili\u201d e \u201crealmente capaci di reagire alle situazioni che si presentano\u201d. <br \/>(ITALPRESS).<\/p>\n<p>\u2013 foto: Ipa Agency \u2013<\/p>\n<\/div>\n","protected":false},"excerpt":{"rendered":"<p>WICKLOW (IRLANDA) (ITALPRESS) \u2013 Gli attacchi di Lipsia hanno \u201ctutti i tratti del terrorismo sponsorizzato da uno Stato\u201d e impongono all\u2019Europa di interrogarsi su \u201ccosa possiamo fare di pi\u00f9\u201d. Kaja Kallas imprime un tono netto al Gymnich di Wicklow, indicando nella pressione sulla Russia il filo conduttore della risposta europea. \u201cAbbiamo gi\u00e0 convocato gli ambasciatori [&hellip;]<\/p>\n","protected":false},"author":16,"featured_media":84622,"comment_status":"closed","ping_status":"closed","sticky":false,"template":"","format":"standard","meta":{"jnews-multi-image_gallery":[],"jnews_single_post":[],"jnews_primary_category":[],"jnews_social_meta":[],"jnews_override_counter":[],"jnews_post_split":[],"footnotes":"","_members_access_role":[],"_members_access_error":""},"categories":[1129],"tags":[],"class_list":["post-84621","post","type-post","status-publish","format-standard","has-post-thumbnail","hentry","category-mondo"],"yoast_head":"<!-- This site is optimized with the Yoast SEO plugin v28.4 - https:\/\/yoast.com\/product\/yoast-seo-wordpress\/ -->\n<title>Germania, Kallas \u201cDrone a Lipsia terrorismo di Stato, pi\u00f9 pressione su Mosca\u201d - Live Magazine<\/title>\n<meta name=\"robots\" content=\"index, follow, max-snippet:-1, max-image-preview:large, max-video-preview:-1\" \/>\n<link rel=\"canonical\" href=\"https:\/\/www.livemag.it\/index.php\/2026\/09\/02\/germania-kallas-drone-a-lipsia-terrorismo-di-stato-piu-pressione-su-mosca\/\" \/>\n<meta property=\"og:locale\" content=\"it_IT\" \/>\n<meta property=\"og:type\" content=\"article\" \/>\n<meta property=\"og:title\" content=\"Germania, Kallas \u201cDrone a Lipsia terrorismo di Stato, pi\u00f9 pressione su Mosca\u201d - Live Magazine\" \/>\n<meta property=\"og:description\" content=\"WICKLOW (IRLANDA) (ITALPRESS) \u2013 Gli attacchi di Lipsia hanno \u201ctutti i tratti del terrorismo sponsorizzato da uno Stato\u201d e impongono all\u2019Europa di interrogarsi su \u201ccosa possiamo fare di pi\u00f9\u201d. Kaja Kallas imprime un tono netto al Gymnich di Wicklow, indicando nella pressione sulla Russia il filo conduttore della risposta europea. \u201cAbbiamo gi\u00e0 convocato gli ambasciatori [&hellip;]\" \/>\n<meta property=\"og:url\" content=\"https:\/\/www.livemag.it\/index.php\/2026\/09\/02\/germania-kallas-drone-a-lipsia-terrorismo-di-stato-piu-pressione-su-mosca\/\" \/>\n<meta property=\"og:site_name\" content=\"Live Magazine\" \/>\n<meta property=\"article:publisher\" content=\"https:\/\/www.facebook.com\/LiveMag\/\" \/>\n<meta property=\"article:published_time\" content=\"2026-09-02T15:04:44+00:00\" \/>\n<meta property=\"og:image\" content=\"https:\/\/www.livemag.it\/wp-content\/uploads\/2024\/02\/ograph.jpg\" \/>\n\t<meta property=\"og:image:width\" content=\"1200\" \/>\n\t<meta property=\"og:image:height\" content=\"675\" \/>\n\t<meta property=\"og:image:type\" content=\"image\/jpeg\" \/>\n<meta name=\"author\" content=\"italpress\" \/>\n<meta name=\"twitter:card\" content=\"summary_large_image\" \/>\n<meta name=\"twitter:creator\" content=\"@LiveNotizie\" \/>\n<meta name=\"twitter:site\" content=\"@LiveNotizie\" \/>\n<meta name=\"twitter:label1\" content=\"Scritto da\" \/>\n\t<meta name=\"twitter:data1\" content=\"italpress\" \/>\n\t<meta name=\"twitter:label2\" content=\"Tempo di lettura stimato\" \/>\n\t<meta name=\"twitter:data2\" content=\"1 minuto\" \/>\n<script type=\"application\/ld+json\" class=\"yoast-schema-graph\">{\"@context\":\"https:\\\/\\\/schema.org\",\"@graph\":[{\"@type\":\"Article\",\"@id\":\"https:\\\/\\\/www.livemag.it\\\/index.php\\\/2026\\\/09\\\/02\\\/germania-kallas-drone-a-lipsia-terrorismo-di-stato-piu-pressione-su-mosca\\\/#article\",\"isPartOf\":{\"@id\":\"https:\\\/\\\/www.livemag.it\\\/index.php\\\/2026\\\/09\\\/02\\\/germania-kallas-drone-a-lipsia-terrorismo-di-stato-piu-pressione-su-mosca\\\/\"},\"author\":{\"name\":\"italpress\",\"@id\":\"https:\\\/\\\/www.livemag.it\\\/#\\\/schema\\\/person\\\/b62c5f44451fdcdaeb0afe6c2424e73c\"},\"headline\":\"Germania, Kallas \u201cDrone a Lipsia terrorismo di Stato, pi\u00f9 pressione su Mosca\u201d\",\"datePublished\":\"2026-09-02T15:04:44+00:00\",\"mainEntityOfPage\":{\"@id\":\"https:\\\/\\\/www.livemag.it\\\/index.php\\\/2026\\\/09\\\/02\\\/germania-kallas-drone-a-lipsia-terrorismo-di-stato-piu-pressione-su-mosca\\\/\"},\"wordCount\":271,\"publisher\":{\"@id\":\"https:\\\/\\\/www.livemag.it\\\/#organization\"},\"image\":{\"@id\":\"https:\\\/\\\/www.livemag.it\\\/index.php\\\/2026\\\/09\\\/02\\\/germania-kallas-drone-a-lipsia-terrorismo-di-stato-piu-pressione-su-mosca\\\/#primaryimage\"},\"thumbnailUrl\":\"https:\\\/\\\/www.livemag.it\\\/wp-content\\\/uploads\\\/2026\\\/09\\\/20260902_1841.jpg\",\"articleSection\":[\"Mondo\"],\"inLanguage\":\"it-IT\"},{\"@type\":\"WebPage\",\"@id\":\"https:\\\/\\\/www.livemag.it\\\/index.php\\\/2026\\\/09\\\/02\\\/germania-kallas-drone-a-lipsia-terrorismo-di-stato-piu-pressione-su-mosca\\\/\",\"url\":\"https:\\\/\\\/www.livemag.it\\\/index.php\\\/2026\\\/09\\\/02\\\/germania-kallas-drone-a-lipsia-terrorismo-di-stato-piu-pressione-su-mosca\\\/\",\"name\":\"Germania, Kallas \u201cDrone a Lipsia terrorismo di Stato, pi\u00f9 pressione su Mosca\u201d - Live Magazine\",\"isPartOf\":{\"@id\":\"https:\\\/\\\/www.livemag.it\\\/#website\"},\"primaryImageOfPage\":{\"@id\":\"https:\\\/\\\/www.livemag.it\\\/index.php\\\/2026\\\/09\\\/02\\\/germania-kallas-drone-a-lipsia-terrorismo-di-stato-piu-pressione-su-mosca\\\/#primaryimage\"},\"image\":{\"@id\":\"https:\\\/\\\/www.livemag.it\\\/index.php\\\/2026\\\/09\\\/02\\\/germania-kallas-drone-a-lipsia-terrorismo-di-stato-piu-pressione-su-mosca\\\/#primaryimage\"},\"thumbnailUrl\":\"https:\\\/\\\/www.livemag.it\\\/wp-content\\\/uploads\\\/2026\\\/09\\\/20260902_1841.jpg\",\"datePublished\":\"2026-09-02T15:04:44+00:00\",\"breadcrumb\":{\"@id\":\"https:\\\/\\\/www.livemag.it\\\/index.php\\\/2026\\\/09\\\/02\\\/germania-kallas-drone-a-lipsia-terrorismo-di-stato-piu-pressione-su-mosca\\\/#breadcrumb\"},\"inLanguage\":\"it-IT\",\"potentialAction\":[{\"@type\":\"ReadAction\",\"target\":[\"https:\\\/\\\/www.livemag.it\\\/index.php\\\/2026\\\/09\\\/02\\\/germania-kallas-drone-a-lipsia-terrorismo-di-stato-piu-pressione-su-mosca\\\/\"]}]},{\"@type\":\"ImageObject\",\"inLanguage\":\"it-IT\",\"@id\":\"https:\\\/\\\/www.livemag.it\\\/index.php\\\/2026\\\/09\\\/02\\\/germania-kallas-drone-a-lipsia-terrorismo-di-stato-piu-pressione-su-mosca\\\/#primaryimage\",\"url\":\"https:\\\/\\\/www.livemag.it\\\/wp-content\\\/uploads\\\/2026\\\/09\\\/20260902_1841.jpg\",\"contentUrl\":\"https:\\\/\\\/www.livemag.it\\\/wp-content\\\/uploads\\\/2026\\\/09\\\/20260902_1841.jpg\",\"width\":900,\"height\":601},{\"@type\":\"BreadcrumbList\",\"@id\":\"https:\\\/\\\/www.livemag.it\\\/index.php\\\/2026\\\/09\\\/02\\\/germania-kallas-drone-a-lipsia-terrorismo-di-stato-piu-pressione-su-mosca\\\/#breadcrumb\",\"itemListElement\":[{\"@type\":\"ListItem\",\"position\":1,\"name\":\"Home\",\"item\":\"https:\\\/\\\/www.livemag.it\\\/\"},{\"@type\":\"ListItem\",\"position\":2,\"name\":\"Germania, Kallas \u201cDrone a Lipsia terrorismo di Stato, pi\u00f9 pressione su Mosca\u201d\"}]},{\"@type\":\"WebSite\",\"@id\":\"https:\\\/\\\/www.livemag.it\\\/#website\",\"url\":\"https:\\\/\\\/www.livemag.it\\\/\",\"name\":\"Live Magazine\",\"description\":\"Varie ed eventi\",\"publisher\":{\"@id\":\"https:\\\/\\\/www.livemag.it\\\/#organization\"},\"potentialAction\":[{\"@type\":\"SearchAction\",\"target\":{\"@type\":\"EntryPoint\",\"urlTemplate\":\"https:\\\/\\\/www.livemag.it\\\/?s={search_term_string}\"},\"query-input\":{\"@type\":\"PropertyValueSpecification\",\"valueRequired\":true,\"valueName\":\"search_term_string\"}}],\"inLanguage\":\"it-IT\"},{\"@type\":\"Organization\",\"@id\":\"https:\\\/\\\/www.livemag.it\\\/#organization\",\"name\":\"LiveMag\",\"alternateName\":\"LiveMag News ed eventi\",\"url\":\"https:\\\/\\\/www.livemag.it\\\/\",\"logo\":{\"@type\":\"ImageObject\",\"inLanguage\":\"it-IT\",\"@id\":\"https:\\\/\\\/www.livemag.it\\\/#\\\/schema\\\/logo\\\/image\\\/\",\"url\":\"https:\\\/\\\/www.livemag.it\\\/wp-content\\\/uploads\\\/2024\\\/02\\\/immagine-sito.jpg\",\"contentUrl\":\"https:\\\/\\\/www.livemag.it\\\/wp-content\\\/uploads\\\/2024\\\/02\\\/immagine-sito.jpg\",\"width\":696,\"height\":696,\"caption\":\"LiveMag\"},\"image\":{\"@id\":\"https:\\\/\\\/www.livemag.it\\\/#\\\/schema\\\/logo\\\/image\\\/\"},\"sameAs\":[\"https:\\\/\\\/www.facebook.com\\\/LiveMag\\\/\",\"https:\\\/\\\/x.com\\\/LiveNotizie\",\"https:\\\/\\\/www.instagram.com\\\/livemag\\\/\"]},{\"@type\":\"Person\",\"@id\":\"https:\\\/\\\/www.livemag.it\\\/#\\\/schema\\\/person\\\/b62c5f44451fdcdaeb0afe6c2424e73c\",\"name\":\"italpress\",\"image\":{\"@type\":\"ImageObject\",\"inLanguage\":\"it-IT\",\"@id\":\"https:\\\/\\\/secure.gravatar.com\\\/avatar\\\/b6a21695fc713ce7ee312cf57c97e2e641feb365be72d8745574d3c3e2b59066?s=96&r=g\",\"url\":\"https:\\\/\\\/secure.gravatar.com\\\/avatar\\\/b6a21695fc713ce7ee312cf57c97e2e641feb365be72d8745574d3c3e2b59066?s=96&r=g\",\"contentUrl\":\"https:\\\/\\\/secure.gravatar.com\\\/avatar\\\/b6a21695fc713ce7ee312cf57c97e2e641feb365be72d8745574d3c3e2b59066?s=96&r=g\",\"caption\":\"italpress\"},\"description\":\"Italpress \u00e8 un'agenzia di stampa italiana a carattere nazionale.\",\"url\":\"https:\\\/\\\/www.livemag.it\\\/index.php\\\/author\\\/italpress\\\/\"}]}<\/script>\n<!-- \/ Yoast SEO plugin. -->","yoast_head_json":{"title":"Germania, Kallas \u201cDrone a Lipsia terrorismo di Stato, pi\u00f9 pressione su Mosca\u201d - Live Magazine","robots":{"index":"index","follow":"follow","max-snippet":"max-snippet:-1","max-image-preview":"max-image-preview:large","max-video-preview":"max-video-preview:-1"},"canonical":"https:\/\/www.livemag.it\/index.php\/2026\/09\/02\/germania-kallas-drone-a-lipsia-terrorismo-di-stato-piu-pressione-su-mosca\/","og_locale":"it_IT","og_type":"article","og_title":"Germania, Kallas \u201cDrone a Lipsia terrorismo di Stato, pi\u00f9 pressione su Mosca\u201d - Live Magazine","og_description":"WICKLOW (IRLANDA) (ITALPRESS) \u2013 Gli attacchi di Lipsia hanno \u201ctutti i tratti del terrorismo sponsorizzato da uno Stato\u201d e impongono all\u2019Europa di interrogarsi su \u201ccosa possiamo fare di pi\u00f9\u201d. Kaja Kallas imprime un tono netto al Gymnich di Wicklow, indicando nella pressione sulla Russia il filo conduttore della risposta europea. \u201cAbbiamo gi\u00e0 convocato gli ambasciatori [&hellip;]","og_url":"https:\/\/www.livemag.it\/index.php\/2026\/09\/02\/germania-kallas-drone-a-lipsia-terrorismo-di-stato-piu-pressione-su-mosca\/","og_site_name":"Live Magazine","article_publisher":"https:\/\/www.facebook.com\/LiveMag\/","article_published_time":"2026-09-02T15:04:44+00:00","og_image":[{"width":1200,"height":675,"url":"https:\/\/www.livemag.it\/wp-content\/uploads\/2024\/02\/ograph.jpg","type":"image\/jpeg"}],"author":"italpress","twitter_card":"summary_large_image","twitter_creator":"@LiveNotizie","twitter_site":"@LiveNotizie","twitter_misc":{"Scritto da":"italpress","Tempo di lettura stimato":"1 minuto"},"schema":{"@context":"https:\/\/schema.org","@graph":[{"@type":"Article","@id":"https:\/\/www.livemag.it\/index.php\/2026\/09\/02\/germania-kallas-drone-a-lipsia-terrorismo-di-stato-piu-pressione-su-mosca\/#article","isPartOf":{"@id":"https:\/\/www.livemag.it\/index.php\/2026\/09\/02\/germania-kallas-drone-a-lipsia-terrorismo-di-stato-piu-pressione-su-mosca\/"},"author":{"name":"italpress","@id":"https:\/\/www.livemag.it\/#\/schema\/person\/b62c5f44451fdcdaeb0afe6c2424e73c"},"headline":"Germania, Kallas \u201cDrone a Lipsia terrorismo di Stato, pi\u00f9 pressione su Mosca\u201d","datePublished":"2026-09-02T15:04:44+00:00","mainEntityOfPage":{"@id":"https:\/\/www.livemag.it\/index.php\/2026\/09\/02\/germania-kallas-drone-a-lipsia-terrorismo-di-stato-piu-pressione-su-mosca\/"},"wordCount":271,"publisher":{"@id":"https:\/\/www.livemag.it\/#organization"},"image":{"@id":"https:\/\/www.livemag.it\/index.php\/2026\/09\/02\/germania-kallas-drone-a-lipsia-terrorismo-di-stato-piu-pressione-su-mosca\/#primaryimage"},"thumbnailUrl":"https:\/\/www.livemag.it\/wp-content\/uploads\/2026\/09\/20260902_1841.jpg","articleSection":["Mondo"],"inLanguage":"it-IT"},{"@type":"WebPage","@id":"https:\/\/www.livemag.it\/index.php\/2026\/09\/02\/germania-kallas-drone-a-lipsia-terrorismo-di-stato-piu-pressione-su-mosca\/","url":"https:\/\/www.livemag.it\/index.php\/2026\/09\/02\/germania-kallas-drone-a-lipsia-terrorismo-di-stato-piu-pressione-su-mosca\/","name":"Germania, Kallas \u201cDrone a Lipsia terrorismo di Stato, pi\u00f9 pressione su Mosca\u201d - Live Magazine","isPartOf":{"@id":"https:\/\/www.livemag.it\/#website"},"primaryImageOfPage":{"@id":"https:\/\/www.livemag.it\/index.php\/2026\/09\/02\/germania-kallas-drone-a-lipsia-terrorismo-di-stato-piu-pressione-su-mosca\/#primaryimage"},"image":{"@id":"https:\/\/www.livemag.it\/index.php\/2026\/09\/02\/germania-kallas-drone-a-lipsia-terrorismo-di-stato-piu-pressione-su-mosca\/#primaryimage"},"thumbnailUrl":"https:\/\/www.livemag.it\/wp-content\/uploads\/2026\/09\/20260902_1841.jpg","datePublished":"2026-09-02T15:04:44+00:00","breadcrumb":{"@id":"https:\/\/www.livemag.it\/index.php\/2026\/09\/02\/germania-kallas-drone-a-lipsia-terrorismo-di-stato-piu-pressione-su-mosca\/#breadcrumb"},"inLanguage":"it-IT","potentialAction":[{"@type":"ReadAction","target":["https:\/\/www.livemag.it\/index.php\/2026\/09\/02\/germania-kallas-drone-a-lipsia-terrorismo-di-stato-piu-pressione-su-mosca\/"]}]},{"@type":"ImageObject","inLanguage":"it-IT","@id":"https:\/\/www.livemag.it\/index.php\/2026\/09\/02\/germania-kallas-drone-a-lipsia-terrorismo-di-stato-piu-pressione-su-mosca\/#primaryimage","url":"https:\/\/www.livemag.it\/wp-content\/uploads\/2026\/09\/20260902_1841.jpg","contentUrl":"https:\/\/www.livemag.it\/wp-content\/uploads\/2026\/09\/20260902_1841.jpg","width":900,"height":601},{"@type":"BreadcrumbList","@id":"https:\/\/www.livemag.it\/index.php\/2026\/09\/02\/germania-kallas-drone-a-lipsia-terrorismo-di-stato-piu-pressione-su-mosca\/#breadcrumb","itemListElement":[{"@type":"ListItem","position":1,"name":"Home","item":"https:\/\/www.livemag.it\/"},{"@type":"ListItem","position":2,"name":"Germania, Kallas \u201cDrone a Lipsia terrorismo di Stato, pi\u00f9 pressione su Mosca\u201d"}]},{"@type":"WebSite","@id":"https:\/\/www.livemag.it\/#website","url":"https:\/\/www.livemag.it\/","name":"Live Magazine","description":"Varie ed eventi","publisher":{"@id":"https:\/\/www.livemag.it\/#organization"},"potentialAction":[{"@type":"SearchAction","target":{"@type":"EntryPoint","urlTemplate":"https:\/\/www.livemag.it\/?s={search_term_string}"},"query-input":{"@type":"PropertyValueSpecification","valueRequired":true,"valueName":"search_term_string"}}],"inLanguage":"it-IT"},{"@type":"Organization","@id":"https:\/\/www.livemag.it\/#organization","name":"LiveMag","alternateName":"LiveMag News ed eventi","url":"https:\/\/www.livemag.it\/","logo":{"@type":"ImageObject","inLanguage":"it-IT","@id":"https:\/\/www.livemag.it\/#\/schema\/logo\/image\/","url":"https:\/\/www.livemag.it\/wp-content\/uploads\/2024\/02\/immagine-sito.jpg","contentUrl":"https:\/\/www.livemag.it\/wp-content\/uploads\/2024\/02\/immagine-sito.jpg","width":696,"height":696,"caption":"LiveMag"},"image":{"@id":"https:\/\/www.livemag.it\/#\/schema\/logo\/image\/"},"sameAs":["https:\/\/www.facebook.com\/LiveMag\/","https:\/\/x.com\/LiveNotizie","https:\/\/www.instagram.com\/livemag\/"]},{"@type":"Person","@id":"https:\/\/www.livemag.it\/#\/schema\/person\/b62c5f44451fdcdaeb0afe6c2424e73c","name":"italpress","image":{"@type":"ImageObject","inLanguage":"it-IT","@id":"https:\/\/secure.gravatar.com\/avatar\/b6a21695fc713ce7ee312cf57c97e2e641feb365be72d8745574d3c3e2b59066?s=96&r=g","url":"https:\/\/secure.gravatar.com\/avatar\/b6a21695fc713ce7ee312cf57c97e2e641feb365be72d8745574d3c3e2b59066?s=96&r=g","contentUrl":"https:\/\/secure.gravatar.com\/avatar\/b6a21695fc713ce7ee312cf57c97e2e641feb365be72d8745574d3c3e2b59066?s=96&r=g","caption":"italpress"},"description":"Italpress \u00e8 un'agenzia di stampa italiana a carattere nazionale.","url":"https:\/\/www.livemag.it\/index.php\/author\/italpress\/"}]}},"jetpack_featured_media_url":"https:\/\/www.livemag.it\/wp-content\/uploads\/2026\/09\/20260902_1841.jpg","_links":{"self":[{"href":"https:\/\/www.livemag.it\/index.php\/wp-json\/wp\/v2\/posts\/84621","targetHints":{"allow":["GET"]}}],"collection":[{"href":"https:\/\/www.livemag.it\/index.php\/wp-json\/wp\/v2\/posts"}],"about":[{"href":"https:\/\/www.livemag.it\/index.php\/wp-json\/wp\/v2\/types\/post"}],"author":[{"embeddable":true,"href":"https:\/\/www.livemag.it\/index.php\/wp-json\/wp\/v2\/users\/16"}],"replies":[{"embeddable":true,"href":"https:\/\/www.livemag.it\/index.php\/wp-json\/wp\/v2\/comments?post=84621"}],"version-history":[{"count":0,"href":"https:\/\/www.livemag.it\/index.php\/wp-json\/wp\/v2\/posts\/84621\/revisions"}],"wp:featuredmedia":[{"embeddable":true,"href":"https:\/\/www.livemag.it\/index.php\/wp-json\/wp\/v2\/media\/84622"}],"wp:attachment":[{"href":"https:\/\/www.livemag.it\/index.php\/wp-json\/wp\/v2\/media?parent=84621"}],"wp:term":[{"taxonomy":"category","embeddable":true,"href":"https:\/\/www.livemag.it\/index.php\/wp-json\/wp\/v2\/categories?post=84621"},{"taxonomy":"post_tag","embeddable":true,"href":"https:\/\/www.livemag.it\/index.php\/wp-json\/wp\/v2\/tags?post=84621"}],"curies":[{"name":"wp","href":"https:\/\/api.w.org\/{rel}","templated":true}]}}