{"id":84619,"date":"2026-09-02T17:04:43","date_gmt":"2026-09-02T15:04:43","guid":{"rendered":"https:\/\/www.livemag.it\/index.php\/2026\/09\/02\/von-der-leyen-ue-e-nato-unite-manterranno-la-pressione-sulla-russia\/"},"modified":"2026-09-02T17:04:43","modified_gmt":"2026-09-02T15:04:43","slug":"von-der-leyen-ue-e-nato-unite-manterranno-la-pressione-sulla-russia","status":"publish","type":"post","link":"https:\/\/www.livemag.it\/index.php\/2026\/09\/02\/von-der-leyen-ue-e-nato-unite-manterranno-la-pressione-sulla-russia\/","title":{"rendered":"Von der Leyen \u201cUe e Nato unite, manterranno la pressione sulla Russia\u201d"},"content":{"rendered":"<div>\n<p>BRUXELLES (BELGIO) (ITALPRESS) \u2013 L\u2019Ue e la Nato manterranno la propria pressione sulla Russia. Lo ha dichiarato la presidente della Commissione europea Ursula von der Leyen in un punto stampa con il segretario generale della Nato Mark Rutte prima del loro incontro a Bruxelles. \u201cNon ci fermeremo finch\u00e8 la Russia non smetter\u00e0 di uccidere e bombardare uomini, donne e bambini innocenti in Ucraina\u201d, ha detto von der Leyen. \u201cAbbiamo visto una nuova escalation sul suolo dell\u2019Unione europea che \u00e8 direttamente attribuita alla Russia e fa parte di un modello pi\u00f9 ampio, che \u00e8 una maggiore incidenza, incursioni ripetute sui nostri spazi aerei, tentativi di paralizzare i nostri aeroporti con dei droni, attaccare le nostre infrastrutture critiche. Gli europei si trovano di fronte ad una verit\u00e0 dura, ovvero che questa \u00e8 la nuova norma\u201d, ha detto. \u201cAllora dobbiamo intervenire maggiormente, e questo vuol dire essere pronti a rispondere alla crudelt\u00e0 della Russia in modo migliore e in modo pi\u00f9 rapido. Dobbiamo trattare le nostre infrastrutture quotidiane come degli obiettivi in prima linea e dobbiamo di conseguenza proteggerle in maniera adeguata e sostenere qualunque Stato membro che venga attaccato dalla Russia. L\u2019Europa ha gi\u00e0 un team di risposta rapida che pu\u00f2 rispondere a questo tipo di attacchi, sia che accadano all\u2019interno o all\u2019esterno della nostra Unione. Quindi la nostra forza, la nostra preparazione, la nostra determinazione \u00e8 la nostra forma di deterrenza\u201d, ha concluso von der Leyen.<br \/>(ITALPRESS).<\/p>\n<p>\u2013 foto: Ipa Agency \u2013<\/p>\n<\/div>\n","protected":false},"excerpt":{"rendered":"<p>BRUXELLES (BELGIO) (ITALPRESS) \u2013 L\u2019Ue e la Nato manterranno la propria pressione sulla Russia. Lo ha dichiarato la presidente della Commissione europea Ursula von der Leyen in un punto stampa con il segretario generale della Nato Mark Rutte prima del loro incontro a Bruxelles. \u201cNon ci fermeremo finch\u00e8 la Russia non smetter\u00e0 di uccidere e [&hellip;]<\/p>\n","protected":false},"author":16,"featured_media":84620,"comment_status":"closed","ping_status":"closed","sticky":false,"template":"","format":"standard","meta":{"jnews-multi-image_gallery":[],"jnews_single_post":[],"jnews_primary_category":[],"jnews_social_meta":[],"jnews_override_counter":[],"jnews_post_split":[],"footnotes":"","_members_access_role":[],"_members_access_error":""},"categories":[1129],"tags":[],"class_list":["post-84619","post","type-post","status-publish","format-standard","has-post-thumbnail","hentry","category-mondo"],"yoast_head":"<!-- This site is optimized with the Yoast SEO plugin v28.4 - https:\/\/yoast.com\/product\/yoast-seo-wordpress\/ -->\n<title>Von der Leyen \u201cUe e Nato unite, manterranno la pressione sulla Russia\u201d - Live Magazine<\/title>\n<meta name=\"robots\" content=\"index, follow, max-snippet:-1, max-image-preview:large, max-video-preview:-1\" \/>\n<link rel=\"canonical\" href=\"https:\/\/www.livemag.it\/index.php\/2026\/09\/02\/von-der-leyen-ue-e-nato-unite-manterranno-la-pressione-sulla-russia\/\" \/>\n<meta property=\"og:locale\" content=\"it_IT\" \/>\n<meta property=\"og:type\" content=\"article\" \/>\n<meta property=\"og:title\" content=\"Von der Leyen \u201cUe e Nato unite, manterranno la pressione sulla Russia\u201d - Live Magazine\" \/>\n<meta property=\"og:description\" content=\"BRUXELLES (BELGIO) (ITALPRESS) \u2013 L\u2019Ue e la Nato manterranno la propria pressione sulla Russia. Lo ha dichiarato la presidente della Commissione europea Ursula von der Leyen in un punto stampa con il segretario generale della Nato Mark Rutte prima del loro incontro a Bruxelles. \u201cNon ci fermeremo finch\u00e8 la Russia non smetter\u00e0 di uccidere e [&hellip;]\" \/>\n<meta property=\"og:url\" content=\"https:\/\/www.livemag.it\/index.php\/2026\/09\/02\/von-der-leyen-ue-e-nato-unite-manterranno-la-pressione-sulla-russia\/\" \/>\n<meta property=\"og:site_name\" content=\"Live Magazine\" \/>\n<meta property=\"article:publisher\" content=\"https:\/\/www.facebook.com\/LiveMag\/\" \/>\n<meta property=\"article:published_time\" content=\"2026-09-02T15:04:43+00:00\" \/>\n<meta property=\"og:image\" content=\"https:\/\/www.livemag.it\/wp-content\/uploads\/2024\/02\/ograph.jpg\" \/>\n\t<meta property=\"og:image:width\" content=\"1200\" \/>\n\t<meta property=\"og:image:height\" content=\"675\" \/>\n\t<meta property=\"og:image:type\" content=\"image\/jpeg\" \/>\n<meta name=\"author\" content=\"italpress\" \/>\n<meta name=\"twitter:card\" content=\"summary_large_image\" \/>\n<meta name=\"twitter:creator\" content=\"@LiveNotizie\" \/>\n<meta name=\"twitter:site\" content=\"@LiveNotizie\" \/>\n<meta name=\"twitter:label1\" content=\"Scritto da\" \/>\n\t<meta name=\"twitter:data1\" content=\"italpress\" \/>\n\t<meta name=\"twitter:label2\" content=\"Tempo di lettura stimato\" \/>\n\t<meta name=\"twitter:data2\" content=\"1 minuto\" \/>\n<script type=\"application\/ld+json\" class=\"yoast-schema-graph\">{\"@context\":\"https:\\\/\\\/schema.org\",\"@graph\":[{\"@type\":\"Article\",\"@id\":\"https:\\\/\\\/www.livemag.it\\\/index.php\\\/2026\\\/09\\\/02\\\/von-der-leyen-ue-e-nato-unite-manterranno-la-pressione-sulla-russia\\\/#article\",\"isPartOf\":{\"@id\":\"https:\\\/\\\/www.livemag.it\\\/index.php\\\/2026\\\/09\\\/02\\\/von-der-leyen-ue-e-nato-unite-manterranno-la-pressione-sulla-russia\\\/\"},\"author\":{\"name\":\"italpress\",\"@id\":\"https:\\\/\\\/www.livemag.it\\\/#\\\/schema\\\/person\\\/b62c5f44451fdcdaeb0afe6c2424e73c\"},\"headline\":\"Von der Leyen \u201cUe e Nato unite, manterranno la pressione sulla Russia\u201d\",\"datePublished\":\"2026-09-02T15:04:43+00:00\",\"mainEntityOfPage\":{\"@id\":\"https:\\\/\\\/www.livemag.it\\\/index.php\\\/2026\\\/09\\\/02\\\/von-der-leyen-ue-e-nato-unite-manterranno-la-pressione-sulla-russia\\\/\"},\"wordCount\":251,\"publisher\":{\"@id\":\"https:\\\/\\\/www.livemag.it\\\/#organization\"},\"image\":{\"@id\":\"https:\\\/\\\/www.livemag.it\\\/index.php\\\/2026\\\/09\\\/02\\\/von-der-leyen-ue-e-nato-unite-manterranno-la-pressione-sulla-russia\\\/#primaryimage\"},\"thumbnailUrl\":\"https:\\\/\\\/www.livemag.it\\\/wp-content\\\/uploads\\\/2026\\\/09\\\/20260902_1720.jpg\",\"articleSection\":[\"Mondo\"],\"inLanguage\":\"it-IT\"},{\"@type\":\"WebPage\",\"@id\":\"https:\\\/\\\/www.livemag.it\\\/index.php\\\/2026\\\/09\\\/02\\\/von-der-leyen-ue-e-nato-unite-manterranno-la-pressione-sulla-russia\\\/\",\"url\":\"https:\\\/\\\/www.livemag.it\\\/index.php\\\/2026\\\/09\\\/02\\\/von-der-leyen-ue-e-nato-unite-manterranno-la-pressione-sulla-russia\\\/\",\"name\":\"Von der Leyen \u201cUe e Nato unite, manterranno la pressione sulla Russia\u201d - Live Magazine\",\"isPartOf\":{\"@id\":\"https:\\\/\\\/www.livemag.it\\\/#website\"},\"primaryImageOfPage\":{\"@id\":\"https:\\\/\\\/www.livemag.it\\\/index.php\\\/2026\\\/09\\\/02\\\/von-der-leyen-ue-e-nato-unite-manterranno-la-pressione-sulla-russia\\\/#primaryimage\"},\"image\":{\"@id\":\"https:\\\/\\\/www.livemag.it\\\/index.php\\\/2026\\\/09\\\/02\\\/von-der-leyen-ue-e-nato-unite-manterranno-la-pressione-sulla-russia\\\/#primaryimage\"},\"thumbnailUrl\":\"https:\\\/\\\/www.livemag.it\\\/wp-content\\\/uploads\\\/2026\\\/09\\\/20260902_1720.jpg\",\"datePublished\":\"2026-09-02T15:04:43+00:00\",\"breadcrumb\":{\"@id\":\"https:\\\/\\\/www.livemag.it\\\/index.php\\\/2026\\\/09\\\/02\\\/von-der-leyen-ue-e-nato-unite-manterranno-la-pressione-sulla-russia\\\/#breadcrumb\"},\"inLanguage\":\"it-IT\",\"potentialAction\":[{\"@type\":\"ReadAction\",\"target\":[\"https:\\\/\\\/www.livemag.it\\\/index.php\\\/2026\\\/09\\\/02\\\/von-der-leyen-ue-e-nato-unite-manterranno-la-pressione-sulla-russia\\\/\"]}]},{\"@type\":\"ImageObject\",\"inLanguage\":\"it-IT\",\"@id\":\"https:\\\/\\\/www.livemag.it\\\/index.php\\\/2026\\\/09\\\/02\\\/von-der-leyen-ue-e-nato-unite-manterranno-la-pressione-sulla-russia\\\/#primaryimage\",\"url\":\"https:\\\/\\\/www.livemag.it\\\/wp-content\\\/uploads\\\/2026\\\/09\\\/20260902_1720.jpg\",\"contentUrl\":\"https:\\\/\\\/www.livemag.it\\\/wp-content\\\/uploads\\\/2026\\\/09\\\/20260902_1720.jpg\",\"width\":1200,\"height\":800},{\"@type\":\"BreadcrumbList\",\"@id\":\"https:\\\/\\\/www.livemag.it\\\/index.php\\\/2026\\\/09\\\/02\\\/von-der-leyen-ue-e-nato-unite-manterranno-la-pressione-sulla-russia\\\/#breadcrumb\",\"itemListElement\":[{\"@type\":\"ListItem\",\"position\":1,\"name\":\"Home\",\"item\":\"https:\\\/\\\/www.livemag.it\\\/\"},{\"@type\":\"ListItem\",\"position\":2,\"name\":\"Von der Leyen \u201cUe e Nato unite, manterranno la pressione sulla Russia\u201d\"}]},{\"@type\":\"WebSite\",\"@id\":\"https:\\\/\\\/www.livemag.it\\\/#website\",\"url\":\"https:\\\/\\\/www.livemag.it\\\/\",\"name\":\"Live Magazine\",\"description\":\"Varie ed eventi\",\"publisher\":{\"@id\":\"https:\\\/\\\/www.livemag.it\\\/#organization\"},\"potentialAction\":[{\"@type\":\"SearchAction\",\"target\":{\"@type\":\"EntryPoint\",\"urlTemplate\":\"https:\\\/\\\/www.livemag.it\\\/?s={search_term_string}\"},\"query-input\":{\"@type\":\"PropertyValueSpecification\",\"valueRequired\":true,\"valueName\":\"search_term_string\"}}],\"inLanguage\":\"it-IT\"},{\"@type\":\"Organization\",\"@id\":\"https:\\\/\\\/www.livemag.it\\\/#organization\",\"name\":\"LiveMag\",\"alternateName\":\"LiveMag News ed eventi\",\"url\":\"https:\\\/\\\/www.livemag.it\\\/\",\"logo\":{\"@type\":\"ImageObject\",\"inLanguage\":\"it-IT\",\"@id\":\"https:\\\/\\\/www.livemag.it\\\/#\\\/schema\\\/logo\\\/image\\\/\",\"url\":\"https:\\\/\\\/www.livemag.it\\\/wp-content\\\/uploads\\\/2024\\\/02\\\/immagine-sito.jpg\",\"contentUrl\":\"https:\\\/\\\/www.livemag.it\\\/wp-content\\\/uploads\\\/2024\\\/02\\\/immagine-sito.jpg\",\"width\":696,\"height\":696,\"caption\":\"LiveMag\"},\"image\":{\"@id\":\"https:\\\/\\\/www.livemag.it\\\/#\\\/schema\\\/logo\\\/image\\\/\"},\"sameAs\":[\"https:\\\/\\\/www.facebook.com\\\/LiveMag\\\/\",\"https:\\\/\\\/x.com\\\/LiveNotizie\",\"https:\\\/\\\/www.instagram.com\\\/livemag\\\/\"]},{\"@type\":\"Person\",\"@id\":\"https:\\\/\\\/www.livemag.it\\\/#\\\/schema\\\/person\\\/b62c5f44451fdcdaeb0afe6c2424e73c\",\"name\":\"italpress\",\"image\":{\"@type\":\"ImageObject\",\"inLanguage\":\"it-IT\",\"@id\":\"https:\\\/\\\/secure.gravatar.com\\\/avatar\\\/b6a21695fc713ce7ee312cf57c97e2e641feb365be72d8745574d3c3e2b59066?s=96&r=g\",\"url\":\"https:\\\/\\\/secure.gravatar.com\\\/avatar\\\/b6a21695fc713ce7ee312cf57c97e2e641feb365be72d8745574d3c3e2b59066?s=96&r=g\",\"contentUrl\":\"https:\\\/\\\/secure.gravatar.com\\\/avatar\\\/b6a21695fc713ce7ee312cf57c97e2e641feb365be72d8745574d3c3e2b59066?s=96&r=g\",\"caption\":\"italpress\"},\"description\":\"Italpress \u00e8 un'agenzia di stampa italiana a carattere nazionale.\",\"url\":\"https:\\\/\\\/www.livemag.it\\\/index.php\\\/author\\\/italpress\\\/\"}]}<\/script>\n<!-- \/ Yoast SEO plugin. -->","yoast_head_json":{"title":"Von der Leyen \u201cUe e Nato unite, manterranno la pressione sulla Russia\u201d - Live Magazine","robots":{"index":"index","follow":"follow","max-snippet":"max-snippet:-1","max-image-preview":"max-image-preview:large","max-video-preview":"max-video-preview:-1"},"canonical":"https:\/\/www.livemag.it\/index.php\/2026\/09\/02\/von-der-leyen-ue-e-nato-unite-manterranno-la-pressione-sulla-russia\/","og_locale":"it_IT","og_type":"article","og_title":"Von der Leyen \u201cUe e Nato unite, manterranno la pressione sulla Russia\u201d - Live Magazine","og_description":"BRUXELLES (BELGIO) (ITALPRESS) \u2013 L\u2019Ue e la Nato manterranno la propria pressione sulla Russia. Lo ha dichiarato la presidente della Commissione europea Ursula von der Leyen in un punto stampa con il segretario generale della Nato Mark Rutte prima del loro incontro a Bruxelles. \u201cNon ci fermeremo finch\u00e8 la Russia non smetter\u00e0 di uccidere e [&hellip;]","og_url":"https:\/\/www.livemag.it\/index.php\/2026\/09\/02\/von-der-leyen-ue-e-nato-unite-manterranno-la-pressione-sulla-russia\/","og_site_name":"Live Magazine","article_publisher":"https:\/\/www.facebook.com\/LiveMag\/","article_published_time":"2026-09-02T15:04:43+00:00","og_image":[{"width":1200,"height":675,"url":"https:\/\/www.livemag.it\/wp-content\/uploads\/2024\/02\/ograph.jpg","type":"image\/jpeg"}],"author":"italpress","twitter_card":"summary_large_image","twitter_creator":"@LiveNotizie","twitter_site":"@LiveNotizie","twitter_misc":{"Scritto da":"italpress","Tempo di lettura stimato":"1 minuto"},"schema":{"@context":"https:\/\/schema.org","@graph":[{"@type":"Article","@id":"https:\/\/www.livemag.it\/index.php\/2026\/09\/02\/von-der-leyen-ue-e-nato-unite-manterranno-la-pressione-sulla-russia\/#article","isPartOf":{"@id":"https:\/\/www.livemag.it\/index.php\/2026\/09\/02\/von-der-leyen-ue-e-nato-unite-manterranno-la-pressione-sulla-russia\/"},"author":{"name":"italpress","@id":"https:\/\/www.livemag.it\/#\/schema\/person\/b62c5f44451fdcdaeb0afe6c2424e73c"},"headline":"Von der Leyen \u201cUe e Nato unite, manterranno la pressione sulla Russia\u201d","datePublished":"2026-09-02T15:04:43+00:00","mainEntityOfPage":{"@id":"https:\/\/www.livemag.it\/index.php\/2026\/09\/02\/von-der-leyen-ue-e-nato-unite-manterranno-la-pressione-sulla-russia\/"},"wordCount":251,"publisher":{"@id":"https:\/\/www.livemag.it\/#organization"},"image":{"@id":"https:\/\/www.livemag.it\/index.php\/2026\/09\/02\/von-der-leyen-ue-e-nato-unite-manterranno-la-pressione-sulla-russia\/#primaryimage"},"thumbnailUrl":"https:\/\/www.livemag.it\/wp-content\/uploads\/2026\/09\/20260902_1720.jpg","articleSection":["Mondo"],"inLanguage":"it-IT"},{"@type":"WebPage","@id":"https:\/\/www.livemag.it\/index.php\/2026\/09\/02\/von-der-leyen-ue-e-nato-unite-manterranno-la-pressione-sulla-russia\/","url":"https:\/\/www.livemag.it\/index.php\/2026\/09\/02\/von-der-leyen-ue-e-nato-unite-manterranno-la-pressione-sulla-russia\/","name":"Von der Leyen \u201cUe e Nato unite, manterranno la pressione sulla Russia\u201d - Live Magazine","isPartOf":{"@id":"https:\/\/www.livemag.it\/#website"},"primaryImageOfPage":{"@id":"https:\/\/www.livemag.it\/index.php\/2026\/09\/02\/von-der-leyen-ue-e-nato-unite-manterranno-la-pressione-sulla-russia\/#primaryimage"},"image":{"@id":"https:\/\/www.livemag.it\/index.php\/2026\/09\/02\/von-der-leyen-ue-e-nato-unite-manterranno-la-pressione-sulla-russia\/#primaryimage"},"thumbnailUrl":"https:\/\/www.livemag.it\/wp-content\/uploads\/2026\/09\/20260902_1720.jpg","datePublished":"2026-09-02T15:04:43+00:00","breadcrumb":{"@id":"https:\/\/www.livemag.it\/index.php\/2026\/09\/02\/von-der-leyen-ue-e-nato-unite-manterranno-la-pressione-sulla-russia\/#breadcrumb"},"inLanguage":"it-IT","potentialAction":[{"@type":"ReadAction","target":["https:\/\/www.livemag.it\/index.php\/2026\/09\/02\/von-der-leyen-ue-e-nato-unite-manterranno-la-pressione-sulla-russia\/"]}]},{"@type":"ImageObject","inLanguage":"it-IT","@id":"https:\/\/www.livemag.it\/index.php\/2026\/09\/02\/von-der-leyen-ue-e-nato-unite-manterranno-la-pressione-sulla-russia\/#primaryimage","url":"https:\/\/www.livemag.it\/wp-content\/uploads\/2026\/09\/20260902_1720.jpg","contentUrl":"https:\/\/www.livemag.it\/wp-content\/uploads\/2026\/09\/20260902_1720.jpg","width":1200,"height":800},{"@type":"BreadcrumbList","@id":"https:\/\/www.livemag.it\/index.php\/2026\/09\/02\/von-der-leyen-ue-e-nato-unite-manterranno-la-pressione-sulla-russia\/#breadcrumb","itemListElement":[{"@type":"ListItem","position":1,"name":"Home","item":"https:\/\/www.livemag.it\/"},{"@type":"ListItem","position":2,"name":"Von der Leyen \u201cUe e Nato unite, manterranno la pressione sulla Russia\u201d"}]},{"@type":"WebSite","@id":"https:\/\/www.livemag.it\/#website","url":"https:\/\/www.livemag.it\/","name":"Live Magazine","description":"Varie ed eventi","publisher":{"@id":"https:\/\/www.livemag.it\/#organization"},"potentialAction":[{"@type":"SearchAction","target":{"@type":"EntryPoint","urlTemplate":"https:\/\/www.livemag.it\/?s={search_term_string}"},"query-input":{"@type":"PropertyValueSpecification","valueRequired":true,"valueName":"search_term_string"}}],"inLanguage":"it-IT"},{"@type":"Organization","@id":"https:\/\/www.livemag.it\/#organization","name":"LiveMag","alternateName":"LiveMag News ed eventi","url":"https:\/\/www.livemag.it\/","logo":{"@type":"ImageObject","inLanguage":"it-IT","@id":"https:\/\/www.livemag.it\/#\/schema\/logo\/image\/","url":"https:\/\/www.livemag.it\/wp-content\/uploads\/2024\/02\/immagine-sito.jpg","contentUrl":"https:\/\/www.livemag.it\/wp-content\/uploads\/2024\/02\/immagine-sito.jpg","width":696,"height":696,"caption":"LiveMag"},"image":{"@id":"https:\/\/www.livemag.it\/#\/schema\/logo\/image\/"},"sameAs":["https:\/\/www.facebook.com\/LiveMag\/","https:\/\/x.com\/LiveNotizie","https:\/\/www.instagram.com\/livemag\/"]},{"@type":"Person","@id":"https:\/\/www.livemag.it\/#\/schema\/person\/b62c5f44451fdcdaeb0afe6c2424e73c","name":"italpress","image":{"@type":"ImageObject","inLanguage":"it-IT","@id":"https:\/\/secure.gravatar.com\/avatar\/b6a21695fc713ce7ee312cf57c97e2e641feb365be72d8745574d3c3e2b59066?s=96&r=g","url":"https:\/\/secure.gravatar.com\/avatar\/b6a21695fc713ce7ee312cf57c97e2e641feb365be72d8745574d3c3e2b59066?s=96&r=g","contentUrl":"https:\/\/secure.gravatar.com\/avatar\/b6a21695fc713ce7ee312cf57c97e2e641feb365be72d8745574d3c3e2b59066?s=96&r=g","caption":"italpress"},"description":"Italpress \u00e8 un'agenzia di stampa italiana a carattere nazionale.","url":"https:\/\/www.livemag.it\/index.php\/author\/italpress\/"}]}},"jetpack_featured_media_url":"https:\/\/www.livemag.it\/wp-content\/uploads\/2026\/09\/20260902_1720.jpg","_links":{"self":[{"href":"https:\/\/www.livemag.it\/index.php\/wp-json\/wp\/v2\/posts\/84619","targetHints":{"allow":["GET"]}}],"collection":[{"href":"https:\/\/www.livemag.it\/index.php\/wp-json\/wp\/v2\/posts"}],"about":[{"href":"https:\/\/www.livemag.it\/index.php\/wp-json\/wp\/v2\/types\/post"}],"author":[{"embeddable":true,"href":"https:\/\/www.livemag.it\/index.php\/wp-json\/wp\/v2\/users\/16"}],"replies":[{"embeddable":true,"href":"https:\/\/www.livemag.it\/index.php\/wp-json\/wp\/v2\/comments?post=84619"}],"version-history":[{"count":0,"href":"https:\/\/www.livemag.it\/index.php\/wp-json\/wp\/v2\/posts\/84619\/revisions"}],"wp:featuredmedia":[{"embeddable":true,"href":"https:\/\/www.livemag.it\/index.php\/wp-json\/wp\/v2\/media\/84620"}],"wp:attachment":[{"href":"https:\/\/www.livemag.it\/index.php\/wp-json\/wp\/v2\/media?parent=84619"}],"wp:term":[{"taxonomy":"category","embeddable":true,"href":"https:\/\/www.livemag.it\/index.php\/wp-json\/wp\/v2\/categories?post=84619"},{"taxonomy":"post_tag","embeddable":true,"href":"https:\/\/www.livemag.it\/index.php\/wp-json\/wp\/v2\/tags?post=84619"}],"curies":[{"name":"wp","href":"https:\/\/api.w.org\/{rel}","templated":true}]}}