{"id":84582,"date":"2026-09-02T11:04:45","date_gmt":"2026-09-02T09:04:45","guid":{"rendered":"https:\/\/www.livemag.it\/index.php\/2026\/09\/02\/legge-elettorale-la-russa-non-capisco-la-sinistra-era-per-il-secondo-turno\/"},"modified":"2026-09-02T11:04:45","modified_gmt":"2026-09-02T09:04:45","slug":"legge-elettorale-la-russa-non-capisco-la-sinistra-era-per-il-secondo-turno","status":"publish","type":"post","link":"https:\/\/www.livemag.it\/index.php\/2026\/09\/02\/legge-elettorale-la-russa-non-capisco-la-sinistra-era-per-il-secondo-turno\/","title":{"rendered":"Legge elettorale, La Russa \u201cNon capisco la sinistra, era per il secondo turno\u201d"},"content":{"rendered":"<div>\n<p>ROMA (ITALPRESS) \u2013 \u201cLa sinistra ha sempre lamentato, anche a ragione, che non ci fossero quasi mai modifiche tra Camera e Senato. Introdurle \u00e8 la normalit\u00e0 del bicameralismo. Anzi, dovrebbe avvenire pi\u00f9 spesso. Adesso mi rende perplesso che si lamentino della modifica proposta di far contare ai fini della vittoria di una coalizione anche i voti di tutte le forze politiche che non raggiungono il 3%. E che non siano contenti di quella a favore dell\u2019alternanza uomo-donna nella lista\u201d. Cos\u00ec, in una intervista al Corriere della Sera, in merito alle proposte di modifica della legge elettorale, il presidente del Senato, Ignazio La Russa, che aggiunge: \u201cTrovo incomprensibile la levata di scudi a sinistra contro il ballottaggio. L\u2019avevo proposto io diversi mesi fa, e nella prima bozza c\u2019era. L\u2019intento era quello di avvicinare le posizioni tra destra e sinistra, non certo di dividere. E\u2019 sempre stato pi\u00f9 gradito alla sinistra. Il costituzionalista Ceccanti, audito su richiesta del Pd, si \u00e8 speso molto a favore del ballottaggio. E anche Renzi (da capo del Pd), Bersani, D\u2019Alema e Franceschini si pronunciarono a favore\u201d.<br \/>\n\u201cLa Lega \u2013 prosegue La Russa \u2013 non \u00e8 favorevole al ballottaggio, forse temendo che favorisca a suo danno Vannacci. Lui, al contrario, protesta e non vuole che venga introdotto. In realt\u00e0 il senatore Pera ha presentato l\u2019emendamento, non per fare dispetto a lui o al Pd, ma perch\u00e8 crede sia la soluzione migliore. E la sua statura ci impedisce di pensare diversamente\u201d.<br \/>\nAlla domanda se le Camere a maggioranze difformi non spaventano, risponde: \u201cNo. Perch\u00e8 con qualsiasi legge si pu\u00f2 verificare. E perch\u00e8 se le maggioranze fossero difformi con il ballottaggio i seggi verrebbero assegnati su base proporzionale\u201d. E sulla possibilit\u00e0 che il ballottaggio rientri nel testo, dice: \u201cImprobabile ma non impossibile. Inferiori al 50%\u201d. Ed all\u2019osservazione se la Lega accetterebbe compensazioni, commenta: \u201cNel centrodestra non ragioniamo cos\u00ec e comunque non ce ne sarebbe nemmeno il tempo. Semmai tutti, compresa la Lega, dovrebbero considerare pi\u00f9 importante avere una legge che punta ad avere un governo stabile piuttosto che il legittimo interesse di partito\u201d.<br \/>\nIn merito ad eventuali possibili convergenze con Vannacci, \u201cpossiamo avere temi in comune \u2013 dichiara il presidente del Senato -, come ce l\u2019abbiamo con Schlein (sostegno Ucraina) e perfino con i Cinque stelle. Ma ci sono sostanziali difformit\u00e0: penso alla sparata contro il reato di femminicidio e alle decisive differenze in politica estera. E poi ha tradito la fiducia di Salvini. Da un generale si aspettava un comportamento etico diverso. Non glielo auguro ma non \u00e8 difficile pensare che \u2018chi tradisce una volta tradir\u00e0 ancor\u00e0. Senza contare che ha votato pi\u00f9 con la sinistra che con il centrodestra\u201d. Lui si proclama vera destra. \u201cL\u2019ho sentito dire a molti. A Forza Nuova e Casapound. Ma ancor prima Pino Rauti, pure un fior di intellettuale e legittimamente anche a Storace. Ma la continuit\u00e0 con la dovuta evoluzione \u00e8 sotto gli occhi di tutti: \u00e8 quella di Giorgia Meloni \u2013 sottolinea La Russa -. Diceva Tatarella: bisogna difendere l\u2019interesse degli italiani prima ancora di difendere doverosamente la nostra identit\u00e0. Altrimenti ci si accontenta di fare pura testimonianza, facendo vincere la sinistra, per rivendicare di essere la vera destra\u201d.<br \/>\nCapolista bloccati, preferenze farlocche? \u201cSu questo mi arrabbio. Io ho presentato cinque anni fa, quando abbiamo discusso l\u2019attuale legge, una norma che prevedeva le preferenze \u2013 risponde il presidente del Senato -. Tranne FdI l\u2019hanno bocciata tutti, non solo la sinistra. Allora presentai una proposta mediana che \u00e8 esattamente quella che ora il centrodestra ha riproposto: capolista bloccato e il resto con le preferenze. Bocciarono anche questa. Mentre adesso fanno finta di essere i difensori delle preferenze che non hanno voluto e che l\u2019attuale legge, che loro vorrebbero conservare senza modifiche, infatti non prevede\u201d.<br \/>\n\u201cIl mio auspicio \u2013 ribadisce \u2013 \u00e8 che tutti concorrano. Ma se ci\u00f2 che tu sinistra proponi da sempre, lo metto e tu poi lo bocci\u2026\u201d. In merito ai tempi, aggiunge: \u201cLa maggioranza voleva approvare la legge al Senato prima delle ferie. Se \u00e8 ancora qui \u00e8 perch\u00e8 non ho permesso forzature n\u00e8 accelerazioni eccessive\u201d.<br \/>\n\u2013 foto Ipa Agency \u2013<br \/>\n(ITALPRESS).<\/p>\n<\/div>\n","protected":false},"excerpt":{"rendered":"<p>ROMA (ITALPRESS) \u2013 \u201cLa sinistra ha sempre lamentato, anche a ragione, che non ci fossero quasi mai modifiche tra Camera e Senato. Introdurle \u00e8 la normalit\u00e0 del bicameralismo. Anzi, dovrebbe avvenire pi\u00f9 spesso. Adesso mi rende perplesso che si lamentino della modifica proposta di far contare ai fini della vittoria di una coalizione anche i [&hellip;]<\/p>\n","protected":false},"author":16,"featured_media":84583,"comment_status":"closed","ping_status":"closed","sticky":false,"template":"","format":"standard","meta":{"jnews-multi-image_gallery":[],"jnews_single_post":[],"jnews_primary_category":[],"jnews_social_meta":[],"jnews_override_counter":[],"jnews_post_split":[],"footnotes":"","_members_access_role":[],"_members_access_error":""},"categories":[1129],"tags":[],"class_list":["post-84582","post","type-post","status-publish","format-standard","has-post-thumbnail","hentry","category-mondo"],"yoast_head":"<!-- This site is optimized with the Yoast SEO plugin v28.4 - https:\/\/yoast.com\/product\/yoast-seo-wordpress\/ -->\n<title>Legge elettorale, La Russa \u201cNon capisco la sinistra, era per il secondo turno\u201d - Live Magazine<\/title>\n<meta name=\"robots\" content=\"index, follow, max-snippet:-1, max-image-preview:large, max-video-preview:-1\" \/>\n<link rel=\"canonical\" href=\"https:\/\/www.livemag.it\/index.php\/2026\/09\/02\/legge-elettorale-la-russa-non-capisco-la-sinistra-era-per-il-secondo-turno\/\" \/>\n<meta property=\"og:locale\" content=\"it_IT\" \/>\n<meta property=\"og:type\" content=\"article\" \/>\n<meta property=\"og:title\" content=\"Legge elettorale, La Russa \u201cNon capisco la sinistra, era per il secondo turno\u201d - Live Magazine\" \/>\n<meta property=\"og:description\" content=\"ROMA (ITALPRESS) \u2013 \u201cLa sinistra ha sempre lamentato, anche a ragione, che non ci fossero quasi mai modifiche tra Camera e Senato. Introdurle \u00e8 la normalit\u00e0 del bicameralismo. Anzi, dovrebbe avvenire pi\u00f9 spesso. Adesso mi rende perplesso che si lamentino della modifica proposta di far contare ai fini della vittoria di una coalizione anche i [&hellip;]\" \/>\n<meta property=\"og:url\" content=\"https:\/\/www.livemag.it\/index.php\/2026\/09\/02\/legge-elettorale-la-russa-non-capisco-la-sinistra-era-per-il-secondo-turno\/\" \/>\n<meta property=\"og:site_name\" content=\"Live Magazine\" \/>\n<meta property=\"article:publisher\" content=\"https:\/\/www.facebook.com\/LiveMag\/\" \/>\n<meta property=\"article:published_time\" content=\"2026-09-02T09:04:45+00:00\" \/>\n<meta property=\"og:image\" content=\"https:\/\/www.livemag.it\/wp-content\/uploads\/2024\/02\/ograph.jpg\" \/>\n\t<meta property=\"og:image:width\" content=\"1200\" \/>\n\t<meta property=\"og:image:height\" content=\"675\" \/>\n\t<meta property=\"og:image:type\" content=\"image\/jpeg\" \/>\n<meta name=\"author\" content=\"italpress\" \/>\n<meta name=\"twitter:card\" content=\"summary_large_image\" \/>\n<meta name=\"twitter:creator\" content=\"@LiveNotizie\" \/>\n<meta name=\"twitter:site\" content=\"@LiveNotizie\" \/>\n<meta name=\"twitter:label1\" content=\"Scritto da\" \/>\n\t<meta name=\"twitter:data1\" content=\"italpress\" \/>\n\t<meta name=\"twitter:label2\" content=\"Tempo di lettura stimato\" \/>\n\t<meta name=\"twitter:data2\" content=\"3 minuti\" \/>\n<script type=\"application\/ld+json\" class=\"yoast-schema-graph\">{\"@context\":\"https:\\\/\\\/schema.org\",\"@graph\":[{\"@type\":\"Article\",\"@id\":\"https:\\\/\\\/www.livemag.it\\\/index.php\\\/2026\\\/09\\\/02\\\/legge-elettorale-la-russa-non-capisco-la-sinistra-era-per-il-secondo-turno\\\/#article\",\"isPartOf\":{\"@id\":\"https:\\\/\\\/www.livemag.it\\\/index.php\\\/2026\\\/09\\\/02\\\/legge-elettorale-la-russa-non-capisco-la-sinistra-era-per-il-secondo-turno\\\/\"},\"author\":{\"name\":\"italpress\",\"@id\":\"https:\\\/\\\/www.livemag.it\\\/#\\\/schema\\\/person\\\/b62c5f44451fdcdaeb0afe6c2424e73c\"},\"headline\":\"Legge elettorale, La Russa \u201cNon capisco la sinistra, era per il secondo turno\u201d\",\"datePublished\":\"2026-09-02T09:04:45+00:00\",\"mainEntityOfPage\":{\"@id\":\"https:\\\/\\\/www.livemag.it\\\/index.php\\\/2026\\\/09\\\/02\\\/legge-elettorale-la-russa-non-capisco-la-sinistra-era-per-il-secondo-turno\\\/\"},\"wordCount\":688,\"publisher\":{\"@id\":\"https:\\\/\\\/www.livemag.it\\\/#organization\"},\"image\":{\"@id\":\"https:\\\/\\\/www.livemag.it\\\/index.php\\\/2026\\\/09\\\/02\\\/legge-elettorale-la-russa-non-capisco-la-sinistra-era-per-il-secondo-turno\\\/#primaryimage\"},\"thumbnailUrl\":\"https:\\\/\\\/www.livemag.it\\\/wp-content\\\/uploads\\\/2026\\\/09\\\/20260902_0088.jpg\",\"articleSection\":[\"Mondo\"],\"inLanguage\":\"it-IT\"},{\"@type\":\"WebPage\",\"@id\":\"https:\\\/\\\/www.livemag.it\\\/index.php\\\/2026\\\/09\\\/02\\\/legge-elettorale-la-russa-non-capisco-la-sinistra-era-per-il-secondo-turno\\\/\",\"url\":\"https:\\\/\\\/www.livemag.it\\\/index.php\\\/2026\\\/09\\\/02\\\/legge-elettorale-la-russa-non-capisco-la-sinistra-era-per-il-secondo-turno\\\/\",\"name\":\"Legge elettorale, La Russa \u201cNon capisco la sinistra, era per il secondo turno\u201d - Live Magazine\",\"isPartOf\":{\"@id\":\"https:\\\/\\\/www.livemag.it\\\/#website\"},\"primaryImageOfPage\":{\"@id\":\"https:\\\/\\\/www.livemag.it\\\/index.php\\\/2026\\\/09\\\/02\\\/legge-elettorale-la-russa-non-capisco-la-sinistra-era-per-il-secondo-turno\\\/#primaryimage\"},\"image\":{\"@id\":\"https:\\\/\\\/www.livemag.it\\\/index.php\\\/2026\\\/09\\\/02\\\/legge-elettorale-la-russa-non-capisco-la-sinistra-era-per-il-secondo-turno\\\/#primaryimage\"},\"thumbnailUrl\":\"https:\\\/\\\/www.livemag.it\\\/wp-content\\\/uploads\\\/2026\\\/09\\\/20260902_0088.jpg\",\"datePublished\":\"2026-09-02T09:04:45+00:00\",\"breadcrumb\":{\"@id\":\"https:\\\/\\\/www.livemag.it\\\/index.php\\\/2026\\\/09\\\/02\\\/legge-elettorale-la-russa-non-capisco-la-sinistra-era-per-il-secondo-turno\\\/#breadcrumb\"},\"inLanguage\":\"it-IT\",\"potentialAction\":[{\"@type\":\"ReadAction\",\"target\":[\"https:\\\/\\\/www.livemag.it\\\/index.php\\\/2026\\\/09\\\/02\\\/legge-elettorale-la-russa-non-capisco-la-sinistra-era-per-il-secondo-turno\\\/\"]}]},{\"@type\":\"ImageObject\",\"inLanguage\":\"it-IT\",\"@id\":\"https:\\\/\\\/www.livemag.it\\\/index.php\\\/2026\\\/09\\\/02\\\/legge-elettorale-la-russa-non-capisco-la-sinistra-era-per-il-secondo-turno\\\/#primaryimage\",\"url\":\"https:\\\/\\\/www.livemag.it\\\/wp-content\\\/uploads\\\/2026\\\/09\\\/20260902_0088.jpg\",\"contentUrl\":\"https:\\\/\\\/www.livemag.it\\\/wp-content\\\/uploads\\\/2026\\\/09\\\/20260902_0088.jpg\",\"width\":1620,\"height\":1080},{\"@type\":\"BreadcrumbList\",\"@id\":\"https:\\\/\\\/www.livemag.it\\\/index.php\\\/2026\\\/09\\\/02\\\/legge-elettorale-la-russa-non-capisco-la-sinistra-era-per-il-secondo-turno\\\/#breadcrumb\",\"itemListElement\":[{\"@type\":\"ListItem\",\"position\":1,\"name\":\"Home\",\"item\":\"https:\\\/\\\/www.livemag.it\\\/\"},{\"@type\":\"ListItem\",\"position\":2,\"name\":\"Legge elettorale, La Russa \u201cNon capisco la sinistra, era per il secondo turno\u201d\"}]},{\"@type\":\"WebSite\",\"@id\":\"https:\\\/\\\/www.livemag.it\\\/#website\",\"url\":\"https:\\\/\\\/www.livemag.it\\\/\",\"name\":\"Live Magazine\",\"description\":\"Varie ed eventi\",\"publisher\":{\"@id\":\"https:\\\/\\\/www.livemag.it\\\/#organization\"},\"potentialAction\":[{\"@type\":\"SearchAction\",\"target\":{\"@type\":\"EntryPoint\",\"urlTemplate\":\"https:\\\/\\\/www.livemag.it\\\/?s={search_term_string}\"},\"query-input\":{\"@type\":\"PropertyValueSpecification\",\"valueRequired\":true,\"valueName\":\"search_term_string\"}}],\"inLanguage\":\"it-IT\"},{\"@type\":\"Organization\",\"@id\":\"https:\\\/\\\/www.livemag.it\\\/#organization\",\"name\":\"LiveMag\",\"alternateName\":\"LiveMag News ed eventi\",\"url\":\"https:\\\/\\\/www.livemag.it\\\/\",\"logo\":{\"@type\":\"ImageObject\",\"inLanguage\":\"it-IT\",\"@id\":\"https:\\\/\\\/www.livemag.it\\\/#\\\/schema\\\/logo\\\/image\\\/\",\"url\":\"https:\\\/\\\/www.livemag.it\\\/wp-content\\\/uploads\\\/2024\\\/02\\\/immagine-sito.jpg\",\"contentUrl\":\"https:\\\/\\\/www.livemag.it\\\/wp-content\\\/uploads\\\/2024\\\/02\\\/immagine-sito.jpg\",\"width\":696,\"height\":696,\"caption\":\"LiveMag\"},\"image\":{\"@id\":\"https:\\\/\\\/www.livemag.it\\\/#\\\/schema\\\/logo\\\/image\\\/\"},\"sameAs\":[\"https:\\\/\\\/www.facebook.com\\\/LiveMag\\\/\",\"https:\\\/\\\/x.com\\\/LiveNotizie\",\"https:\\\/\\\/www.instagram.com\\\/livemag\\\/\"]},{\"@type\":\"Person\",\"@id\":\"https:\\\/\\\/www.livemag.it\\\/#\\\/schema\\\/person\\\/b62c5f44451fdcdaeb0afe6c2424e73c\",\"name\":\"italpress\",\"image\":{\"@type\":\"ImageObject\",\"inLanguage\":\"it-IT\",\"@id\":\"https:\\\/\\\/secure.gravatar.com\\\/avatar\\\/b6a21695fc713ce7ee312cf57c97e2e641feb365be72d8745574d3c3e2b59066?s=96&r=g\",\"url\":\"https:\\\/\\\/secure.gravatar.com\\\/avatar\\\/b6a21695fc713ce7ee312cf57c97e2e641feb365be72d8745574d3c3e2b59066?s=96&r=g\",\"contentUrl\":\"https:\\\/\\\/secure.gravatar.com\\\/avatar\\\/b6a21695fc713ce7ee312cf57c97e2e641feb365be72d8745574d3c3e2b59066?s=96&r=g\",\"caption\":\"italpress\"},\"description\":\"Italpress \u00e8 un'agenzia di stampa italiana a carattere nazionale.\",\"url\":\"https:\\\/\\\/www.livemag.it\\\/index.php\\\/author\\\/italpress\\\/\"}]}<\/script>\n<!-- \/ Yoast SEO plugin. -->","yoast_head_json":{"title":"Legge elettorale, La Russa \u201cNon capisco la sinistra, era per il secondo turno\u201d - Live Magazine","robots":{"index":"index","follow":"follow","max-snippet":"max-snippet:-1","max-image-preview":"max-image-preview:large","max-video-preview":"max-video-preview:-1"},"canonical":"https:\/\/www.livemag.it\/index.php\/2026\/09\/02\/legge-elettorale-la-russa-non-capisco-la-sinistra-era-per-il-secondo-turno\/","og_locale":"it_IT","og_type":"article","og_title":"Legge elettorale, La Russa \u201cNon capisco la sinistra, era per il secondo turno\u201d - Live Magazine","og_description":"ROMA (ITALPRESS) \u2013 \u201cLa sinistra ha sempre lamentato, anche a ragione, che non ci fossero quasi mai modifiche tra Camera e Senato. Introdurle \u00e8 la normalit\u00e0 del bicameralismo. Anzi, dovrebbe avvenire pi\u00f9 spesso. Adesso mi rende perplesso che si lamentino della modifica proposta di far contare ai fini della vittoria di una coalizione anche i [&hellip;]","og_url":"https:\/\/www.livemag.it\/index.php\/2026\/09\/02\/legge-elettorale-la-russa-non-capisco-la-sinistra-era-per-il-secondo-turno\/","og_site_name":"Live Magazine","article_publisher":"https:\/\/www.facebook.com\/LiveMag\/","article_published_time":"2026-09-02T09:04:45+00:00","og_image":[{"width":1200,"height":675,"url":"https:\/\/www.livemag.it\/wp-content\/uploads\/2024\/02\/ograph.jpg","type":"image\/jpeg"}],"author":"italpress","twitter_card":"summary_large_image","twitter_creator":"@LiveNotizie","twitter_site":"@LiveNotizie","twitter_misc":{"Scritto da":"italpress","Tempo di lettura stimato":"3 minuti"},"schema":{"@context":"https:\/\/schema.org","@graph":[{"@type":"Article","@id":"https:\/\/www.livemag.it\/index.php\/2026\/09\/02\/legge-elettorale-la-russa-non-capisco-la-sinistra-era-per-il-secondo-turno\/#article","isPartOf":{"@id":"https:\/\/www.livemag.it\/index.php\/2026\/09\/02\/legge-elettorale-la-russa-non-capisco-la-sinistra-era-per-il-secondo-turno\/"},"author":{"name":"italpress","@id":"https:\/\/www.livemag.it\/#\/schema\/person\/b62c5f44451fdcdaeb0afe6c2424e73c"},"headline":"Legge elettorale, La Russa \u201cNon capisco la sinistra, era per il secondo turno\u201d","datePublished":"2026-09-02T09:04:45+00:00","mainEntityOfPage":{"@id":"https:\/\/www.livemag.it\/index.php\/2026\/09\/02\/legge-elettorale-la-russa-non-capisco-la-sinistra-era-per-il-secondo-turno\/"},"wordCount":688,"publisher":{"@id":"https:\/\/www.livemag.it\/#organization"},"image":{"@id":"https:\/\/www.livemag.it\/index.php\/2026\/09\/02\/legge-elettorale-la-russa-non-capisco-la-sinistra-era-per-il-secondo-turno\/#primaryimage"},"thumbnailUrl":"https:\/\/www.livemag.it\/wp-content\/uploads\/2026\/09\/20260902_0088.jpg","articleSection":["Mondo"],"inLanguage":"it-IT"},{"@type":"WebPage","@id":"https:\/\/www.livemag.it\/index.php\/2026\/09\/02\/legge-elettorale-la-russa-non-capisco-la-sinistra-era-per-il-secondo-turno\/","url":"https:\/\/www.livemag.it\/index.php\/2026\/09\/02\/legge-elettorale-la-russa-non-capisco-la-sinistra-era-per-il-secondo-turno\/","name":"Legge elettorale, La Russa \u201cNon capisco la sinistra, era per il secondo turno\u201d - Live Magazine","isPartOf":{"@id":"https:\/\/www.livemag.it\/#website"},"primaryImageOfPage":{"@id":"https:\/\/www.livemag.it\/index.php\/2026\/09\/02\/legge-elettorale-la-russa-non-capisco-la-sinistra-era-per-il-secondo-turno\/#primaryimage"},"image":{"@id":"https:\/\/www.livemag.it\/index.php\/2026\/09\/02\/legge-elettorale-la-russa-non-capisco-la-sinistra-era-per-il-secondo-turno\/#primaryimage"},"thumbnailUrl":"https:\/\/www.livemag.it\/wp-content\/uploads\/2026\/09\/20260902_0088.jpg","datePublished":"2026-09-02T09:04:45+00:00","breadcrumb":{"@id":"https:\/\/www.livemag.it\/index.php\/2026\/09\/02\/legge-elettorale-la-russa-non-capisco-la-sinistra-era-per-il-secondo-turno\/#breadcrumb"},"inLanguage":"it-IT","potentialAction":[{"@type":"ReadAction","target":["https:\/\/www.livemag.it\/index.php\/2026\/09\/02\/legge-elettorale-la-russa-non-capisco-la-sinistra-era-per-il-secondo-turno\/"]}]},{"@type":"ImageObject","inLanguage":"it-IT","@id":"https:\/\/www.livemag.it\/index.php\/2026\/09\/02\/legge-elettorale-la-russa-non-capisco-la-sinistra-era-per-il-secondo-turno\/#primaryimage","url":"https:\/\/www.livemag.it\/wp-content\/uploads\/2026\/09\/20260902_0088.jpg","contentUrl":"https:\/\/www.livemag.it\/wp-content\/uploads\/2026\/09\/20260902_0088.jpg","width":1620,"height":1080},{"@type":"BreadcrumbList","@id":"https:\/\/www.livemag.it\/index.php\/2026\/09\/02\/legge-elettorale-la-russa-non-capisco-la-sinistra-era-per-il-secondo-turno\/#breadcrumb","itemListElement":[{"@type":"ListItem","position":1,"name":"Home","item":"https:\/\/www.livemag.it\/"},{"@type":"ListItem","position":2,"name":"Legge elettorale, La Russa \u201cNon capisco la sinistra, era per il secondo turno\u201d"}]},{"@type":"WebSite","@id":"https:\/\/www.livemag.it\/#website","url":"https:\/\/www.livemag.it\/","name":"Live Magazine","description":"Varie ed eventi","publisher":{"@id":"https:\/\/www.livemag.it\/#organization"},"potentialAction":[{"@type":"SearchAction","target":{"@type":"EntryPoint","urlTemplate":"https:\/\/www.livemag.it\/?s={search_term_string}"},"query-input":{"@type":"PropertyValueSpecification","valueRequired":true,"valueName":"search_term_string"}}],"inLanguage":"it-IT"},{"@type":"Organization","@id":"https:\/\/www.livemag.it\/#organization","name":"LiveMag","alternateName":"LiveMag News ed eventi","url":"https:\/\/www.livemag.it\/","logo":{"@type":"ImageObject","inLanguage":"it-IT","@id":"https:\/\/www.livemag.it\/#\/schema\/logo\/image\/","url":"https:\/\/www.livemag.it\/wp-content\/uploads\/2024\/02\/immagine-sito.jpg","contentUrl":"https:\/\/www.livemag.it\/wp-content\/uploads\/2024\/02\/immagine-sito.jpg","width":696,"height":696,"caption":"LiveMag"},"image":{"@id":"https:\/\/www.livemag.it\/#\/schema\/logo\/image\/"},"sameAs":["https:\/\/www.facebook.com\/LiveMag\/","https:\/\/x.com\/LiveNotizie","https:\/\/www.instagram.com\/livemag\/"]},{"@type":"Person","@id":"https:\/\/www.livemag.it\/#\/schema\/person\/b62c5f44451fdcdaeb0afe6c2424e73c","name":"italpress","image":{"@type":"ImageObject","inLanguage":"it-IT","@id":"https:\/\/secure.gravatar.com\/avatar\/b6a21695fc713ce7ee312cf57c97e2e641feb365be72d8745574d3c3e2b59066?s=96&r=g","url":"https:\/\/secure.gravatar.com\/avatar\/b6a21695fc713ce7ee312cf57c97e2e641feb365be72d8745574d3c3e2b59066?s=96&r=g","contentUrl":"https:\/\/secure.gravatar.com\/avatar\/b6a21695fc713ce7ee312cf57c97e2e641feb365be72d8745574d3c3e2b59066?s=96&r=g","caption":"italpress"},"description":"Italpress \u00e8 un'agenzia di stampa italiana a carattere nazionale.","url":"https:\/\/www.livemag.it\/index.php\/author\/italpress\/"}]}},"jetpack_featured_media_url":"https:\/\/www.livemag.it\/wp-content\/uploads\/2026\/09\/20260902_0088.jpg","_links":{"self":[{"href":"https:\/\/www.livemag.it\/index.php\/wp-json\/wp\/v2\/posts\/84582","targetHints":{"allow":["GET"]}}],"collection":[{"href":"https:\/\/www.livemag.it\/index.php\/wp-json\/wp\/v2\/posts"}],"about":[{"href":"https:\/\/www.livemag.it\/index.php\/wp-json\/wp\/v2\/types\/post"}],"author":[{"embeddable":true,"href":"https:\/\/www.livemag.it\/index.php\/wp-json\/wp\/v2\/users\/16"}],"replies":[{"embeddable":true,"href":"https:\/\/www.livemag.it\/index.php\/wp-json\/wp\/v2\/comments?post=84582"}],"version-history":[{"count":0,"href":"https:\/\/www.livemag.it\/index.php\/wp-json\/wp\/v2\/posts\/84582\/revisions"}],"wp:featuredmedia":[{"embeddable":true,"href":"https:\/\/www.livemag.it\/index.php\/wp-json\/wp\/v2\/media\/84583"}],"wp:attachment":[{"href":"https:\/\/www.livemag.it\/index.php\/wp-json\/wp\/v2\/media?parent=84582"}],"wp:term":[{"taxonomy":"category","embeddable":true,"href":"https:\/\/www.livemag.it\/index.php\/wp-json\/wp\/v2\/categories?post=84582"},{"taxonomy":"post_tag","embeddable":true,"href":"https:\/\/www.livemag.it\/index.php\/wp-json\/wp\/v2\/tags?post=84582"}],"curies":[{"name":"wp","href":"https:\/\/api.w.org\/{rel}","templated":true}]}}