{"id":84576,"date":"2026-09-02T11:04:39","date_gmt":"2026-09-02T09:04:39","guid":{"rendered":"https:\/\/www.livemag.it\/index.php\/2026\/09\/02\/inneggiava-a-jihad-e-neonazismo-misura-cautelare-per-un-16enne-in-brianza\/"},"modified":"2026-09-02T11:04:39","modified_gmt":"2026-09-02T09:04:39","slug":"inneggiava-a-jihad-e-neonazismo-misura-cautelare-per-un-16enne-in-brianza","status":"publish","type":"post","link":"https:\/\/www.livemag.it\/index.php\/2026\/09\/02\/inneggiava-a-jihad-e-neonazismo-misura-cautelare-per-un-16enne-in-brianza\/","title":{"rendered":"Inneggiava a jihad e neonazismo, misura cautelare per un 16enne in Brianza"},"content":{"rendered":"<p>    <video-js id=\"videojs6a9850161d5f0\" class=\"vjs-big-play-centered\" controls preload=\"auto\" playsinline data-setup='{\"fluid\": true}'>\r\n        <source src=\"https:\/\/video.italpress.com\/play\/mp4\/video\/7m7G\" type=\"video\/mp4\" \/>\r\n    <\/video-js>\r\n           <br \/>\n<\/p>\n<div> MONZA (ITALPRESS) &#8211; Eseguita nei confronti di un 16enne la misura cautelare del collocamento in comunit\u00e0 per radicalizzazione suprematista, neonazista e jihadista. Gli agenti della Digos della Questura di Monza e della Brianza, nell&#8217;ambito di indagini dirette dalla Procura presso il Tribunale per i Minorenni di Milano, hanno dato esecuzione nei confronti di un 16enne italiano residente in provincia di Monza e della Brianza alla misura cautelare del collocamento in comunit\u00e0 per gravi ipotesi di reato, tra cui l&#8217;autoaddestramento con finalit\u00e0 di terrorismo, oltre che per istigazione a delinquere e apologia del fascismo. L&#8217;attivit\u00e0 investigativa ha consentito di documentare un progressivo percorso di radicalizzazione digitale, caratterizzato dalla contemporanea fruizione, ricerca e conservazione di contenuti riconducibili al neonazismo, al suprematismo bianco e all&#8217;accelerazionismo, affiancati da materiale di propaganda jihadista riconducibile all&#8217;ISIS. Il minore, secondo quanto accertato dagli investigatori, avrebbe evidenziato un progressivo interesse verso contenuti di carattere tecnico e operativo relativi ad armi, esplosivi, sostanze incendiarie e modalit\u00e0 di realizzazione di azioni violente. Il fenomeno monitorato \u00e8 quello della cosiddetta radicalizzazione ibrida, nel quale contenuti propri dell&#8217;estremismo suprematista e accelerazionista risultano contaminati da simbologia, propaganda e modelli operativi mutuati dall&#8217;estremismo jihadista. Nel corso delle indagini, infatti, \u00e8 stata documentata la frequentazione, attraverso piattaforme telematiche, di numerosi gruppi, canali e comunit\u00e0 digitali estremiste, all&#8217;interno dei quali circolavano propaganda neonazista e suprematista, materiale riconducibile all&#8217;ISIS, rappresentazioni di violenza estrema e contenuti relativi ad armi nonch\u00e9 modalit\u00e0 operative per l&#8217;utilizzo delle stesse. Sono inoltre emerse numerose ricerche riguardanti autori di stragi e come procurarsi armi da fuoco e munizioni. La perquisizione eseguita a carico del minorenne ha consentito di acquisire elementi ritenuti particolarmente significativi per le indagini. Infatti, sono stati rinvenuti, occultati in un luogo riservato della camera utilizzata dal giovane, un coltello con fodero, una fascia da braccio recante una svastica e un passamontagna, oltre a diversi vessilli con simbologia nazionalsocialista e suprematista. vbo\/mca1<br \/>\n(Fonte video: Polizia di Stato)<\/div>\n","protected":false},"excerpt":{"rendered":"<p>MONZA (ITALPRESS) &#8211; Eseguita nei confronti di un 16enne la misura cautelare del collocamento in comunit\u00e0 per radicalizzazione suprematista, neonazista e jihadista. Gli agenti della Digos della Questura di Monza e della Brianza, nell&#8217;ambito di indagini dirette dalla Procura presso il Tribunale per i Minorenni di Milano, hanno dato esecuzione nei confronti di un 16enne [&hellip;]<\/p>\n","protected":false},"author":16,"featured_media":84577,"comment_status":"closed","ping_status":"closed","sticky":false,"template":"","format":"video","meta":{"jnews-multi-image_gallery":[],"jnews_single_post":[],"jnews_primary_category":[],"jnews_social_meta":[],"jnews_override_counter":[],"jnews_post_split":[],"footnotes":"","_members_access_role":[],"_members_access_error":""},"categories":[1171],"tags":[],"class_list":["post-84576","post","type-post","status-publish","format-video","has-post-thumbnail","hentry","category-video","post_format-post-format-video"],"yoast_head":"<!-- This site is optimized with the Yoast SEO plugin v28.4 - https:\/\/yoast.com\/product\/yoast-seo-wordpress\/ -->\n<title>Inneggiava a jihad e neonazismo, misura cautelare per un 16enne in Brianza - Live Magazine<\/title>\n<meta name=\"robots\" content=\"index, follow, max-snippet:-1, max-image-preview:large, max-video-preview:-1\" \/>\n<link rel=\"canonical\" href=\"https:\/\/www.livemag.it\/index.php\/2026\/09\/02\/inneggiava-a-jihad-e-neonazismo-misura-cautelare-per-un-16enne-in-brianza\/\" \/>\n<meta property=\"og:locale\" content=\"it_IT\" \/>\n<meta property=\"og:type\" content=\"article\" \/>\n<meta property=\"og:title\" content=\"Inneggiava a jihad e neonazismo, misura cautelare per un 16enne in Brianza - Live Magazine\" \/>\n<meta property=\"og:description\" content=\"MONZA (ITALPRESS) &#8211; Eseguita nei confronti di un 16enne la misura cautelare del collocamento in comunit\u00e0 per radicalizzazione suprematista, neonazista e jihadista. Gli agenti della Digos della Questura di Monza e della Brianza, nell&#8217;ambito di indagini dirette dalla Procura presso il Tribunale per i Minorenni di Milano, hanno dato esecuzione nei confronti di un 16enne [&hellip;]\" \/>\n<meta property=\"og:url\" content=\"https:\/\/www.livemag.it\/index.php\/2026\/09\/02\/inneggiava-a-jihad-e-neonazismo-misura-cautelare-per-un-16enne-in-brianza\/\" \/>\n<meta property=\"og:site_name\" content=\"Live Magazine\" \/>\n<meta property=\"article:publisher\" content=\"https:\/\/www.facebook.com\/LiveMag\/\" \/>\n<meta property=\"article:published_time\" content=\"2026-09-02T09:04:39+00:00\" \/>\n<meta property=\"og:image\" content=\"https:\/\/www.livemag.it\/wp-content\/uploads\/2024\/02\/ograph.jpg\" \/>\n\t<meta property=\"og:image:width\" content=\"1200\" \/>\n\t<meta property=\"og:image:height\" content=\"675\" \/>\n\t<meta property=\"og:image:type\" content=\"image\/jpeg\" \/>\n<meta name=\"author\" content=\"italpress\" \/>\n<meta name=\"twitter:card\" content=\"summary_large_image\" \/>\n<meta name=\"twitter:creator\" content=\"@LiveNotizie\" \/>\n<meta name=\"twitter:site\" content=\"@LiveNotizie\" \/>\n<meta name=\"twitter:label1\" content=\"Scritto da\" \/>\n\t<meta name=\"twitter:data1\" content=\"italpress\" \/>\n\t<meta name=\"twitter:label2\" content=\"Tempo di lettura stimato\" \/>\n\t<meta name=\"twitter:data2\" content=\"2 minuti\" \/>\n<script type=\"application\/ld+json\" class=\"yoast-schema-graph\">{\"@context\":\"https:\\\/\\\/schema.org\",\"@graph\":[{\"@type\":\"Article\",\"@id\":\"https:\\\/\\\/www.livemag.it\\\/index.php\\\/2026\\\/09\\\/02\\\/inneggiava-a-jihad-e-neonazismo-misura-cautelare-per-un-16enne-in-brianza\\\/#article\",\"isPartOf\":{\"@id\":\"https:\\\/\\\/www.livemag.it\\\/index.php\\\/2026\\\/09\\\/02\\\/inneggiava-a-jihad-e-neonazismo-misura-cautelare-per-un-16enne-in-brianza\\\/\"},\"author\":{\"name\":\"italpress\",\"@id\":\"https:\\\/\\\/www.livemag.it\\\/#\\\/schema\\\/person\\\/b62c5f44451fdcdaeb0afe6c2424e73c\"},\"headline\":\"Inneggiava a jihad e neonazismo, misura cautelare per un 16enne in Brianza\",\"datePublished\":\"2026-09-02T09:04:39+00:00\",\"mainEntityOfPage\":{\"@id\":\"https:\\\/\\\/www.livemag.it\\\/index.php\\\/2026\\\/09\\\/02\\\/inneggiava-a-jihad-e-neonazismo-misura-cautelare-per-un-16enne-in-brianza\\\/\"},\"wordCount\":349,\"publisher\":{\"@id\":\"https:\\\/\\\/www.livemag.it\\\/#organization\"},\"image\":{\"@id\":\"https:\\\/\\\/www.livemag.it\\\/index.php\\\/2026\\\/09\\\/02\\\/inneggiava-a-jihad-e-neonazismo-misura-cautelare-per-un-16enne-in-brianza\\\/#primaryimage\"},\"thumbnailUrl\":\"https:\\\/\\\/www.livemag.it\\\/wp-content\\\/uploads\\\/2026\\\/09\\\/7m7G.jpg\",\"articleSection\":[\"Video\"],\"inLanguage\":\"it-IT\"},{\"@type\":\"WebPage\",\"@id\":\"https:\\\/\\\/www.livemag.it\\\/index.php\\\/2026\\\/09\\\/02\\\/inneggiava-a-jihad-e-neonazismo-misura-cautelare-per-un-16enne-in-brianza\\\/\",\"url\":\"https:\\\/\\\/www.livemag.it\\\/index.php\\\/2026\\\/09\\\/02\\\/inneggiava-a-jihad-e-neonazismo-misura-cautelare-per-un-16enne-in-brianza\\\/\",\"name\":\"Inneggiava a jihad e neonazismo, misura cautelare per un 16enne in Brianza - Live Magazine\",\"isPartOf\":{\"@id\":\"https:\\\/\\\/www.livemag.it\\\/#website\"},\"primaryImageOfPage\":{\"@id\":\"https:\\\/\\\/www.livemag.it\\\/index.php\\\/2026\\\/09\\\/02\\\/inneggiava-a-jihad-e-neonazismo-misura-cautelare-per-un-16enne-in-brianza\\\/#primaryimage\"},\"image\":{\"@id\":\"https:\\\/\\\/www.livemag.it\\\/index.php\\\/2026\\\/09\\\/02\\\/inneggiava-a-jihad-e-neonazismo-misura-cautelare-per-un-16enne-in-brianza\\\/#primaryimage\"},\"thumbnailUrl\":\"https:\\\/\\\/www.livemag.it\\\/wp-content\\\/uploads\\\/2026\\\/09\\\/7m7G.jpg\",\"datePublished\":\"2026-09-02T09:04:39+00:00\",\"breadcrumb\":{\"@id\":\"https:\\\/\\\/www.livemag.it\\\/index.php\\\/2026\\\/09\\\/02\\\/inneggiava-a-jihad-e-neonazismo-misura-cautelare-per-un-16enne-in-brianza\\\/#breadcrumb\"},\"inLanguage\":\"it-IT\",\"potentialAction\":[{\"@type\":\"ReadAction\",\"target\":[\"https:\\\/\\\/www.livemag.it\\\/index.php\\\/2026\\\/09\\\/02\\\/inneggiava-a-jihad-e-neonazismo-misura-cautelare-per-un-16enne-in-brianza\\\/\"]}]},{\"@type\":\"ImageObject\",\"inLanguage\":\"it-IT\",\"@id\":\"https:\\\/\\\/www.livemag.it\\\/index.php\\\/2026\\\/09\\\/02\\\/inneggiava-a-jihad-e-neonazismo-misura-cautelare-per-un-16enne-in-brianza\\\/#primaryimage\",\"url\":\"https:\\\/\\\/www.livemag.it\\\/wp-content\\\/uploads\\\/2026\\\/09\\\/7m7G.jpg\",\"contentUrl\":\"https:\\\/\\\/www.livemag.it\\\/wp-content\\\/uploads\\\/2026\\\/09\\\/7m7G.jpg\",\"width\":1920,\"height\":1080},{\"@type\":\"BreadcrumbList\",\"@id\":\"https:\\\/\\\/www.livemag.it\\\/index.php\\\/2026\\\/09\\\/02\\\/inneggiava-a-jihad-e-neonazismo-misura-cautelare-per-un-16enne-in-brianza\\\/#breadcrumb\",\"itemListElement\":[{\"@type\":\"ListItem\",\"position\":1,\"name\":\"Home\",\"item\":\"https:\\\/\\\/www.livemag.it\\\/\"},{\"@type\":\"ListItem\",\"position\":2,\"name\":\"Inneggiava a jihad e neonazismo, misura cautelare per un 16enne in Brianza\"}]},{\"@type\":\"WebSite\",\"@id\":\"https:\\\/\\\/www.livemag.it\\\/#website\",\"url\":\"https:\\\/\\\/www.livemag.it\\\/\",\"name\":\"Live Magazine\",\"description\":\"Varie ed eventi\",\"publisher\":{\"@id\":\"https:\\\/\\\/www.livemag.it\\\/#organization\"},\"potentialAction\":[{\"@type\":\"SearchAction\",\"target\":{\"@type\":\"EntryPoint\",\"urlTemplate\":\"https:\\\/\\\/www.livemag.it\\\/?s={search_term_string}\"},\"query-input\":{\"@type\":\"PropertyValueSpecification\",\"valueRequired\":true,\"valueName\":\"search_term_string\"}}],\"inLanguage\":\"it-IT\"},{\"@type\":\"Organization\",\"@id\":\"https:\\\/\\\/www.livemag.it\\\/#organization\",\"name\":\"LiveMag\",\"alternateName\":\"LiveMag News ed eventi\",\"url\":\"https:\\\/\\\/www.livemag.it\\\/\",\"logo\":{\"@type\":\"ImageObject\",\"inLanguage\":\"it-IT\",\"@id\":\"https:\\\/\\\/www.livemag.it\\\/#\\\/schema\\\/logo\\\/image\\\/\",\"url\":\"https:\\\/\\\/www.livemag.it\\\/wp-content\\\/uploads\\\/2024\\\/02\\\/immagine-sito.jpg\",\"contentUrl\":\"https:\\\/\\\/www.livemag.it\\\/wp-content\\\/uploads\\\/2024\\\/02\\\/immagine-sito.jpg\",\"width\":696,\"height\":696,\"caption\":\"LiveMag\"},\"image\":{\"@id\":\"https:\\\/\\\/www.livemag.it\\\/#\\\/schema\\\/logo\\\/image\\\/\"},\"sameAs\":[\"https:\\\/\\\/www.facebook.com\\\/LiveMag\\\/\",\"https:\\\/\\\/x.com\\\/LiveNotizie\",\"https:\\\/\\\/www.instagram.com\\\/livemag\\\/\"]},{\"@type\":\"Person\",\"@id\":\"https:\\\/\\\/www.livemag.it\\\/#\\\/schema\\\/person\\\/b62c5f44451fdcdaeb0afe6c2424e73c\",\"name\":\"italpress\",\"image\":{\"@type\":\"ImageObject\",\"inLanguage\":\"it-IT\",\"@id\":\"https:\\\/\\\/secure.gravatar.com\\\/avatar\\\/b6a21695fc713ce7ee312cf57c97e2e641feb365be72d8745574d3c3e2b59066?s=96&r=g\",\"url\":\"https:\\\/\\\/secure.gravatar.com\\\/avatar\\\/b6a21695fc713ce7ee312cf57c97e2e641feb365be72d8745574d3c3e2b59066?s=96&r=g\",\"contentUrl\":\"https:\\\/\\\/secure.gravatar.com\\\/avatar\\\/b6a21695fc713ce7ee312cf57c97e2e641feb365be72d8745574d3c3e2b59066?s=96&r=g\",\"caption\":\"italpress\"},\"description\":\"Italpress \u00e8 un'agenzia di stampa italiana a carattere nazionale.\",\"url\":\"https:\\\/\\\/www.livemag.it\\\/index.php\\\/author\\\/italpress\\\/\"}]}<\/script>\n<!-- \/ Yoast SEO plugin. -->","yoast_head_json":{"title":"Inneggiava a jihad e neonazismo, misura cautelare per un 16enne in Brianza - Live Magazine","robots":{"index":"index","follow":"follow","max-snippet":"max-snippet:-1","max-image-preview":"max-image-preview:large","max-video-preview":"max-video-preview:-1"},"canonical":"https:\/\/www.livemag.it\/index.php\/2026\/09\/02\/inneggiava-a-jihad-e-neonazismo-misura-cautelare-per-un-16enne-in-brianza\/","og_locale":"it_IT","og_type":"article","og_title":"Inneggiava a jihad e neonazismo, misura cautelare per un 16enne in Brianza - Live Magazine","og_description":"MONZA (ITALPRESS) &#8211; Eseguita nei confronti di un 16enne la misura cautelare del collocamento in comunit\u00e0 per radicalizzazione suprematista, neonazista e jihadista. Gli agenti della Digos della Questura di Monza e della Brianza, nell&#8217;ambito di indagini dirette dalla Procura presso il Tribunale per i Minorenni di Milano, hanno dato esecuzione nei confronti di un 16enne [&hellip;]","og_url":"https:\/\/www.livemag.it\/index.php\/2026\/09\/02\/inneggiava-a-jihad-e-neonazismo-misura-cautelare-per-un-16enne-in-brianza\/","og_site_name":"Live Magazine","article_publisher":"https:\/\/www.facebook.com\/LiveMag\/","article_published_time":"2026-09-02T09:04:39+00:00","og_image":[{"width":1200,"height":675,"url":"https:\/\/www.livemag.it\/wp-content\/uploads\/2024\/02\/ograph.jpg","type":"image\/jpeg"}],"author":"italpress","twitter_card":"summary_large_image","twitter_creator":"@LiveNotizie","twitter_site":"@LiveNotizie","twitter_misc":{"Scritto da":"italpress","Tempo di lettura stimato":"2 minuti"},"schema":{"@context":"https:\/\/schema.org","@graph":[{"@type":"Article","@id":"https:\/\/www.livemag.it\/index.php\/2026\/09\/02\/inneggiava-a-jihad-e-neonazismo-misura-cautelare-per-un-16enne-in-brianza\/#article","isPartOf":{"@id":"https:\/\/www.livemag.it\/index.php\/2026\/09\/02\/inneggiava-a-jihad-e-neonazismo-misura-cautelare-per-un-16enne-in-brianza\/"},"author":{"name":"italpress","@id":"https:\/\/www.livemag.it\/#\/schema\/person\/b62c5f44451fdcdaeb0afe6c2424e73c"},"headline":"Inneggiava a jihad e neonazismo, misura cautelare per un 16enne in Brianza","datePublished":"2026-09-02T09:04:39+00:00","mainEntityOfPage":{"@id":"https:\/\/www.livemag.it\/index.php\/2026\/09\/02\/inneggiava-a-jihad-e-neonazismo-misura-cautelare-per-un-16enne-in-brianza\/"},"wordCount":349,"publisher":{"@id":"https:\/\/www.livemag.it\/#organization"},"image":{"@id":"https:\/\/www.livemag.it\/index.php\/2026\/09\/02\/inneggiava-a-jihad-e-neonazismo-misura-cautelare-per-un-16enne-in-brianza\/#primaryimage"},"thumbnailUrl":"https:\/\/www.livemag.it\/wp-content\/uploads\/2026\/09\/7m7G.jpg","articleSection":["Video"],"inLanguage":"it-IT"},{"@type":"WebPage","@id":"https:\/\/www.livemag.it\/index.php\/2026\/09\/02\/inneggiava-a-jihad-e-neonazismo-misura-cautelare-per-un-16enne-in-brianza\/","url":"https:\/\/www.livemag.it\/index.php\/2026\/09\/02\/inneggiava-a-jihad-e-neonazismo-misura-cautelare-per-un-16enne-in-brianza\/","name":"Inneggiava a jihad e neonazismo, misura cautelare per un 16enne in Brianza - Live Magazine","isPartOf":{"@id":"https:\/\/www.livemag.it\/#website"},"primaryImageOfPage":{"@id":"https:\/\/www.livemag.it\/index.php\/2026\/09\/02\/inneggiava-a-jihad-e-neonazismo-misura-cautelare-per-un-16enne-in-brianza\/#primaryimage"},"image":{"@id":"https:\/\/www.livemag.it\/index.php\/2026\/09\/02\/inneggiava-a-jihad-e-neonazismo-misura-cautelare-per-un-16enne-in-brianza\/#primaryimage"},"thumbnailUrl":"https:\/\/www.livemag.it\/wp-content\/uploads\/2026\/09\/7m7G.jpg","datePublished":"2026-09-02T09:04:39+00:00","breadcrumb":{"@id":"https:\/\/www.livemag.it\/index.php\/2026\/09\/02\/inneggiava-a-jihad-e-neonazismo-misura-cautelare-per-un-16enne-in-brianza\/#breadcrumb"},"inLanguage":"it-IT","potentialAction":[{"@type":"ReadAction","target":["https:\/\/www.livemag.it\/index.php\/2026\/09\/02\/inneggiava-a-jihad-e-neonazismo-misura-cautelare-per-un-16enne-in-brianza\/"]}]},{"@type":"ImageObject","inLanguage":"it-IT","@id":"https:\/\/www.livemag.it\/index.php\/2026\/09\/02\/inneggiava-a-jihad-e-neonazismo-misura-cautelare-per-un-16enne-in-brianza\/#primaryimage","url":"https:\/\/www.livemag.it\/wp-content\/uploads\/2026\/09\/7m7G.jpg","contentUrl":"https:\/\/www.livemag.it\/wp-content\/uploads\/2026\/09\/7m7G.jpg","width":1920,"height":1080},{"@type":"BreadcrumbList","@id":"https:\/\/www.livemag.it\/index.php\/2026\/09\/02\/inneggiava-a-jihad-e-neonazismo-misura-cautelare-per-un-16enne-in-brianza\/#breadcrumb","itemListElement":[{"@type":"ListItem","position":1,"name":"Home","item":"https:\/\/www.livemag.it\/"},{"@type":"ListItem","position":2,"name":"Inneggiava a jihad e neonazismo, misura cautelare per un 16enne in Brianza"}]},{"@type":"WebSite","@id":"https:\/\/www.livemag.it\/#website","url":"https:\/\/www.livemag.it\/","name":"Live Magazine","description":"Varie ed eventi","publisher":{"@id":"https:\/\/www.livemag.it\/#organization"},"potentialAction":[{"@type":"SearchAction","target":{"@type":"EntryPoint","urlTemplate":"https:\/\/www.livemag.it\/?s={search_term_string}"},"query-input":{"@type":"PropertyValueSpecification","valueRequired":true,"valueName":"search_term_string"}}],"inLanguage":"it-IT"},{"@type":"Organization","@id":"https:\/\/www.livemag.it\/#organization","name":"LiveMag","alternateName":"LiveMag News ed eventi","url":"https:\/\/www.livemag.it\/","logo":{"@type":"ImageObject","inLanguage":"it-IT","@id":"https:\/\/www.livemag.it\/#\/schema\/logo\/image\/","url":"https:\/\/www.livemag.it\/wp-content\/uploads\/2024\/02\/immagine-sito.jpg","contentUrl":"https:\/\/www.livemag.it\/wp-content\/uploads\/2024\/02\/immagine-sito.jpg","width":696,"height":696,"caption":"LiveMag"},"image":{"@id":"https:\/\/www.livemag.it\/#\/schema\/logo\/image\/"},"sameAs":["https:\/\/www.facebook.com\/LiveMag\/","https:\/\/x.com\/LiveNotizie","https:\/\/www.instagram.com\/livemag\/"]},{"@type":"Person","@id":"https:\/\/www.livemag.it\/#\/schema\/person\/b62c5f44451fdcdaeb0afe6c2424e73c","name":"italpress","image":{"@type":"ImageObject","inLanguage":"it-IT","@id":"https:\/\/secure.gravatar.com\/avatar\/b6a21695fc713ce7ee312cf57c97e2e641feb365be72d8745574d3c3e2b59066?s=96&r=g","url":"https:\/\/secure.gravatar.com\/avatar\/b6a21695fc713ce7ee312cf57c97e2e641feb365be72d8745574d3c3e2b59066?s=96&r=g","contentUrl":"https:\/\/secure.gravatar.com\/avatar\/b6a21695fc713ce7ee312cf57c97e2e641feb365be72d8745574d3c3e2b59066?s=96&r=g","caption":"italpress"},"description":"Italpress \u00e8 un'agenzia di stampa italiana a carattere nazionale.","url":"https:\/\/www.livemag.it\/index.php\/author\/italpress\/"}]}},"jetpack_featured_media_url":"https:\/\/www.livemag.it\/wp-content\/uploads\/2026\/09\/7m7G.jpg","_links":{"self":[{"href":"https:\/\/www.livemag.it\/index.php\/wp-json\/wp\/v2\/posts\/84576","targetHints":{"allow":["GET"]}}],"collection":[{"href":"https:\/\/www.livemag.it\/index.php\/wp-json\/wp\/v2\/posts"}],"about":[{"href":"https:\/\/www.livemag.it\/index.php\/wp-json\/wp\/v2\/types\/post"}],"author":[{"embeddable":true,"href":"https:\/\/www.livemag.it\/index.php\/wp-json\/wp\/v2\/users\/16"}],"replies":[{"embeddable":true,"href":"https:\/\/www.livemag.it\/index.php\/wp-json\/wp\/v2\/comments?post=84576"}],"version-history":[{"count":0,"href":"https:\/\/www.livemag.it\/index.php\/wp-json\/wp\/v2\/posts\/84576\/revisions"}],"wp:featuredmedia":[{"embeddable":true,"href":"https:\/\/www.livemag.it\/index.php\/wp-json\/wp\/v2\/media\/84577"}],"wp:attachment":[{"href":"https:\/\/www.livemag.it\/index.php\/wp-json\/wp\/v2\/media?parent=84576"}],"wp:term":[{"taxonomy":"category","embeddable":true,"href":"https:\/\/www.livemag.it\/index.php\/wp-json\/wp\/v2\/categories?post=84576"},{"taxonomy":"post_tag","embeddable":true,"href":"https:\/\/www.livemag.it\/index.php\/wp-json\/wp\/v2\/tags?post=84576"}],"curies":[{"name":"wp","href":"https:\/\/api.w.org\/{rel}","templated":true}]}}