{"id":84558,"date":"2026-09-01T23:04:40","date_gmt":"2026-09-01T21:04:40","guid":{"rendered":"https:\/\/www.livemag.it\/index.php\/2026\/09\/01\/cremonese-agli-ottavi-di-coppa-italia-parma-eliminato-per-2-0\/"},"modified":"2026-09-01T23:04:40","modified_gmt":"2026-09-01T21:04:40","slug":"cremonese-agli-ottavi-di-coppa-italia-parma-eliminato-per-2-0","status":"publish","type":"post","link":"https:\/\/www.livemag.it\/index.php\/2026\/09\/01\/cremonese-agli-ottavi-di-coppa-italia-parma-eliminato-per-2-0\/","title":{"rendered":"Cremonese agli ottavi di Coppa Italia, Parma eliminato per 2-0"},"content":{"rendered":"<div>\n<p>PARMA (ITALPRESS) \u2013 La Cremonese espugna il \u2018Tardin\u00ec e batte per 2-0 il Parma, accedendo cos\u00ec agli ottavi di finale di Coppa Italia, dove sfider\u00e0 il Como. Decisive le reti di Lottici Tessadri e Licina, entrambe siglate nel primo tempo. Gli ospiti sbloccano il parziale dopo appena cinque minuti, con Lottici Tessadri che sfrutta la sponda di Nasti e si invola verso l\u2019area gialloblu, battendo con il piatto Daffara. Sorpreso il Parma, che nonostante la categoria di differenza subisce le iniziative della squadra di Giampaolo, vicina al raddoppio al 17\u2032, con il mancino a giro di Licina che Daffara alza il corner. Gli emiliani provano a reagire al 35\u2019, con Frigan che si libera sulla trequarti e scarica il sinistro che termina di poco fuori alla destra di Agazzi. Scampato pericolo per la Cremonese, che nel finale di tempo raddoppia: triangolo sulla sinistra tra Berti e Licina, \u00e8 quest\u2019ultimo a scavalcare Daffara con un pallonetto che termina in rete. Prova subito a rispondere il Parma, con Elphege che colpisce di testa a pochi passi dalla rete ma Agazzi interviene in maniera reattiva. Nella ripresa Cuesta inserisce Keita in mediana e poi la coppia Tour\u00e8-Romero per dare nuovi impulsi in avanti. Anche Giampaolo opera dei cambi, con gli ingressi di Luperto e Vandeputte. Proprio da quest\u2019ultimo parte un nuovo tentativo della Cremonese, con il tiro del belga sul quale si distende in tuffo Daffara. Il Parma non riesce a trovare soluzioni offensive per accorciare le distanze, cos\u00ec la Cremonese continua a spingere mancando di poco il 3-0 con due occasioni in pochi minuti non sfruttate dal subentrato De Luca. Modera i ritmi la formazione lombarda, con il Parma che nel finale si riversa in avanti trovando la rete del 1-2 con Fabbian, annullata poi per fuorigioco. Gli emiliani si arrendono cos\u00ec al successo della Cremonese al termine dei quattro minuti di recupero concessi da Bonacina.<br \/>\u2013 Foto Ipa Agency \u2013<br \/>(ITALPRESS).<\/p>\n<\/div>\n","protected":false},"excerpt":{"rendered":"<p>PARMA (ITALPRESS) \u2013 La Cremonese espugna il \u2018Tardin\u00ec e batte per 2-0 il Parma, accedendo cos\u00ec agli ottavi di finale di Coppa Italia, dove sfider\u00e0 il Como. Decisive le reti di Lottici Tessadri e Licina, entrambe siglate nel primo tempo. Gli ospiti sbloccano il parziale dopo appena cinque minuti, con Lottici Tessadri che sfrutta la [&hellip;]<\/p>\n","protected":false},"author":16,"featured_media":84559,"comment_status":"closed","ping_status":"closed","sticky":false,"template":"","format":"standard","meta":{"jnews-multi-image_gallery":[],"jnews_single_post":[],"jnews_primary_category":[],"jnews_social_meta":[],"jnews_override_counter":[],"jnews_post_split":[],"footnotes":"","_members_access_role":[],"_members_access_error":""},"categories":[1129],"tags":[],"class_list":["post-84558","post","type-post","status-publish","format-standard","has-post-thumbnail","hentry","category-mondo"],"yoast_head":"<!-- This site is optimized with the Yoast SEO plugin v28.4 - https:\/\/yoast.com\/product\/yoast-seo-wordpress\/ -->\n<title>Cremonese agli ottavi di Coppa Italia, Parma eliminato per 2-0 - Live Magazine<\/title>\n<meta name=\"robots\" content=\"index, follow, max-snippet:-1, max-image-preview:large, max-video-preview:-1\" \/>\n<link rel=\"canonical\" href=\"https:\/\/www.livemag.it\/index.php\/2026\/09\/01\/cremonese-agli-ottavi-di-coppa-italia-parma-eliminato-per-2-0\/\" \/>\n<meta property=\"og:locale\" content=\"it_IT\" \/>\n<meta property=\"og:type\" content=\"article\" \/>\n<meta property=\"og:title\" content=\"Cremonese agli ottavi di Coppa Italia, Parma eliminato per 2-0 - Live Magazine\" \/>\n<meta property=\"og:description\" content=\"PARMA (ITALPRESS) \u2013 La Cremonese espugna il \u2018Tardin\u00ec e batte per 2-0 il Parma, accedendo cos\u00ec agli ottavi di finale di Coppa Italia, dove sfider\u00e0 il Como. Decisive le reti di Lottici Tessadri e Licina, entrambe siglate nel primo tempo. Gli ospiti sbloccano il parziale dopo appena cinque minuti, con Lottici Tessadri che sfrutta la [&hellip;]\" \/>\n<meta property=\"og:url\" content=\"https:\/\/www.livemag.it\/index.php\/2026\/09\/01\/cremonese-agli-ottavi-di-coppa-italia-parma-eliminato-per-2-0\/\" \/>\n<meta property=\"og:site_name\" content=\"Live Magazine\" \/>\n<meta property=\"article:publisher\" content=\"https:\/\/www.facebook.com\/LiveMag\/\" \/>\n<meta property=\"article:published_time\" content=\"2026-09-01T21:04:40+00:00\" \/>\n<meta property=\"og:image\" content=\"https:\/\/www.livemag.it\/wp-content\/uploads\/2024\/02\/ograph.jpg\" \/>\n\t<meta property=\"og:image:width\" content=\"1200\" \/>\n\t<meta property=\"og:image:height\" content=\"675\" \/>\n\t<meta property=\"og:image:type\" content=\"image\/jpeg\" \/>\n<meta name=\"author\" content=\"italpress\" \/>\n<meta name=\"twitter:card\" content=\"summary_large_image\" \/>\n<meta name=\"twitter:creator\" content=\"@LiveNotizie\" \/>\n<meta name=\"twitter:site\" content=\"@LiveNotizie\" \/>\n<meta name=\"twitter:label1\" content=\"Scritto da\" \/>\n\t<meta name=\"twitter:data1\" content=\"italpress\" \/>\n\t<meta name=\"twitter:label2\" content=\"Tempo di lettura stimato\" \/>\n\t<meta name=\"twitter:data2\" content=\"2 minuti\" \/>\n<script type=\"application\/ld+json\" class=\"yoast-schema-graph\">{\"@context\":\"https:\\\/\\\/schema.org\",\"@graph\":[{\"@type\":\"Article\",\"@id\":\"https:\\\/\\\/www.livemag.it\\\/index.php\\\/2026\\\/09\\\/01\\\/cremonese-agli-ottavi-di-coppa-italia-parma-eliminato-per-2-0\\\/#article\",\"isPartOf\":{\"@id\":\"https:\\\/\\\/www.livemag.it\\\/index.php\\\/2026\\\/09\\\/01\\\/cremonese-agli-ottavi-di-coppa-italia-parma-eliminato-per-2-0\\\/\"},\"author\":{\"name\":\"italpress\",\"@id\":\"https:\\\/\\\/www.livemag.it\\\/#\\\/schema\\\/person\\\/b62c5f44451fdcdaeb0afe6c2424e73c\"},\"headline\":\"Cremonese agli ottavi di Coppa Italia, Parma eliminato per 2-0\",\"datePublished\":\"2026-09-01T21:04:40+00:00\",\"mainEntityOfPage\":{\"@id\":\"https:\\\/\\\/www.livemag.it\\\/index.php\\\/2026\\\/09\\\/01\\\/cremonese-agli-ottavi-di-coppa-italia-parma-eliminato-per-2-0\\\/\"},\"wordCount\":328,\"publisher\":{\"@id\":\"https:\\\/\\\/www.livemag.it\\\/#organization\"},\"image\":{\"@id\":\"https:\\\/\\\/www.livemag.it\\\/index.php\\\/2026\\\/09\\\/01\\\/cremonese-agli-ottavi-di-coppa-italia-parma-eliminato-per-2-0\\\/#primaryimage\"},\"thumbnailUrl\":\"https:\\\/\\\/www.livemag.it\\\/wp-content\\\/uploads\\\/2026\\\/09\\\/20260901_2644.jpg\",\"articleSection\":[\"Mondo\"],\"inLanguage\":\"it-IT\"},{\"@type\":\"WebPage\",\"@id\":\"https:\\\/\\\/www.livemag.it\\\/index.php\\\/2026\\\/09\\\/01\\\/cremonese-agli-ottavi-di-coppa-italia-parma-eliminato-per-2-0\\\/\",\"url\":\"https:\\\/\\\/www.livemag.it\\\/index.php\\\/2026\\\/09\\\/01\\\/cremonese-agli-ottavi-di-coppa-italia-parma-eliminato-per-2-0\\\/\",\"name\":\"Cremonese agli ottavi di Coppa Italia, Parma eliminato per 2-0 - Live Magazine\",\"isPartOf\":{\"@id\":\"https:\\\/\\\/www.livemag.it\\\/#website\"},\"primaryImageOfPage\":{\"@id\":\"https:\\\/\\\/www.livemag.it\\\/index.php\\\/2026\\\/09\\\/01\\\/cremonese-agli-ottavi-di-coppa-italia-parma-eliminato-per-2-0\\\/#primaryimage\"},\"image\":{\"@id\":\"https:\\\/\\\/www.livemag.it\\\/index.php\\\/2026\\\/09\\\/01\\\/cremonese-agli-ottavi-di-coppa-italia-parma-eliminato-per-2-0\\\/#primaryimage\"},\"thumbnailUrl\":\"https:\\\/\\\/www.livemag.it\\\/wp-content\\\/uploads\\\/2026\\\/09\\\/20260901_2644.jpg\",\"datePublished\":\"2026-09-01T21:04:40+00:00\",\"breadcrumb\":{\"@id\":\"https:\\\/\\\/www.livemag.it\\\/index.php\\\/2026\\\/09\\\/01\\\/cremonese-agli-ottavi-di-coppa-italia-parma-eliminato-per-2-0\\\/#breadcrumb\"},\"inLanguage\":\"it-IT\",\"potentialAction\":[{\"@type\":\"ReadAction\",\"target\":[\"https:\\\/\\\/www.livemag.it\\\/index.php\\\/2026\\\/09\\\/01\\\/cremonese-agli-ottavi-di-coppa-italia-parma-eliminato-per-2-0\\\/\"]}]},{\"@type\":\"ImageObject\",\"inLanguage\":\"it-IT\",\"@id\":\"https:\\\/\\\/www.livemag.it\\\/index.php\\\/2026\\\/09\\\/01\\\/cremonese-agli-ottavi-di-coppa-italia-parma-eliminato-per-2-0\\\/#primaryimage\",\"url\":\"https:\\\/\\\/www.livemag.it\\\/wp-content\\\/uploads\\\/2026\\\/09\\\/20260901_2644.jpg\",\"contentUrl\":\"https:\\\/\\\/www.livemag.it\\\/wp-content\\\/uploads\\\/2026\\\/09\\\/20260901_2644.jpg\",\"width\":1200,\"height\":799},{\"@type\":\"BreadcrumbList\",\"@id\":\"https:\\\/\\\/www.livemag.it\\\/index.php\\\/2026\\\/09\\\/01\\\/cremonese-agli-ottavi-di-coppa-italia-parma-eliminato-per-2-0\\\/#breadcrumb\",\"itemListElement\":[{\"@type\":\"ListItem\",\"position\":1,\"name\":\"Home\",\"item\":\"https:\\\/\\\/www.livemag.it\\\/\"},{\"@type\":\"ListItem\",\"position\":2,\"name\":\"Cremonese agli ottavi di Coppa Italia, Parma eliminato per 2-0\"}]},{\"@type\":\"WebSite\",\"@id\":\"https:\\\/\\\/www.livemag.it\\\/#website\",\"url\":\"https:\\\/\\\/www.livemag.it\\\/\",\"name\":\"Live Magazine\",\"description\":\"Varie ed eventi\",\"publisher\":{\"@id\":\"https:\\\/\\\/www.livemag.it\\\/#organization\"},\"potentialAction\":[{\"@type\":\"SearchAction\",\"target\":{\"@type\":\"EntryPoint\",\"urlTemplate\":\"https:\\\/\\\/www.livemag.it\\\/?s={search_term_string}\"},\"query-input\":{\"@type\":\"PropertyValueSpecification\",\"valueRequired\":true,\"valueName\":\"search_term_string\"}}],\"inLanguage\":\"it-IT\"},{\"@type\":\"Organization\",\"@id\":\"https:\\\/\\\/www.livemag.it\\\/#organization\",\"name\":\"LiveMag\",\"alternateName\":\"LiveMag News ed eventi\",\"url\":\"https:\\\/\\\/www.livemag.it\\\/\",\"logo\":{\"@type\":\"ImageObject\",\"inLanguage\":\"it-IT\",\"@id\":\"https:\\\/\\\/www.livemag.it\\\/#\\\/schema\\\/logo\\\/image\\\/\",\"url\":\"https:\\\/\\\/www.livemag.it\\\/wp-content\\\/uploads\\\/2024\\\/02\\\/immagine-sito.jpg\",\"contentUrl\":\"https:\\\/\\\/www.livemag.it\\\/wp-content\\\/uploads\\\/2024\\\/02\\\/immagine-sito.jpg\",\"width\":696,\"height\":696,\"caption\":\"LiveMag\"},\"image\":{\"@id\":\"https:\\\/\\\/www.livemag.it\\\/#\\\/schema\\\/logo\\\/image\\\/\"},\"sameAs\":[\"https:\\\/\\\/www.facebook.com\\\/LiveMag\\\/\",\"https:\\\/\\\/x.com\\\/LiveNotizie\",\"https:\\\/\\\/www.instagram.com\\\/livemag\\\/\"]},{\"@type\":\"Person\",\"@id\":\"https:\\\/\\\/www.livemag.it\\\/#\\\/schema\\\/person\\\/b62c5f44451fdcdaeb0afe6c2424e73c\",\"name\":\"italpress\",\"image\":{\"@type\":\"ImageObject\",\"inLanguage\":\"it-IT\",\"@id\":\"https:\\\/\\\/secure.gravatar.com\\\/avatar\\\/b6a21695fc713ce7ee312cf57c97e2e641feb365be72d8745574d3c3e2b59066?s=96&r=g\",\"url\":\"https:\\\/\\\/secure.gravatar.com\\\/avatar\\\/b6a21695fc713ce7ee312cf57c97e2e641feb365be72d8745574d3c3e2b59066?s=96&r=g\",\"contentUrl\":\"https:\\\/\\\/secure.gravatar.com\\\/avatar\\\/b6a21695fc713ce7ee312cf57c97e2e641feb365be72d8745574d3c3e2b59066?s=96&r=g\",\"caption\":\"italpress\"},\"description\":\"Italpress \u00e8 un'agenzia di stampa italiana a carattere nazionale.\",\"url\":\"https:\\\/\\\/www.livemag.it\\\/index.php\\\/author\\\/italpress\\\/\"}]}<\/script>\n<!-- \/ Yoast SEO plugin. -->","yoast_head_json":{"title":"Cremonese agli ottavi di Coppa Italia, Parma eliminato per 2-0 - Live Magazine","robots":{"index":"index","follow":"follow","max-snippet":"max-snippet:-1","max-image-preview":"max-image-preview:large","max-video-preview":"max-video-preview:-1"},"canonical":"https:\/\/www.livemag.it\/index.php\/2026\/09\/01\/cremonese-agli-ottavi-di-coppa-italia-parma-eliminato-per-2-0\/","og_locale":"it_IT","og_type":"article","og_title":"Cremonese agli ottavi di Coppa Italia, Parma eliminato per 2-0 - Live Magazine","og_description":"PARMA (ITALPRESS) \u2013 La Cremonese espugna il \u2018Tardin\u00ec e batte per 2-0 il Parma, accedendo cos\u00ec agli ottavi di finale di Coppa Italia, dove sfider\u00e0 il Como. Decisive le reti di Lottici Tessadri e Licina, entrambe siglate nel primo tempo. Gli ospiti sbloccano il parziale dopo appena cinque minuti, con Lottici Tessadri che sfrutta la [&hellip;]","og_url":"https:\/\/www.livemag.it\/index.php\/2026\/09\/01\/cremonese-agli-ottavi-di-coppa-italia-parma-eliminato-per-2-0\/","og_site_name":"Live Magazine","article_publisher":"https:\/\/www.facebook.com\/LiveMag\/","article_published_time":"2026-09-01T21:04:40+00:00","og_image":[{"width":1200,"height":675,"url":"https:\/\/www.livemag.it\/wp-content\/uploads\/2024\/02\/ograph.jpg","type":"image\/jpeg"}],"author":"italpress","twitter_card":"summary_large_image","twitter_creator":"@LiveNotizie","twitter_site":"@LiveNotizie","twitter_misc":{"Scritto da":"italpress","Tempo di lettura stimato":"2 minuti"},"schema":{"@context":"https:\/\/schema.org","@graph":[{"@type":"Article","@id":"https:\/\/www.livemag.it\/index.php\/2026\/09\/01\/cremonese-agli-ottavi-di-coppa-italia-parma-eliminato-per-2-0\/#article","isPartOf":{"@id":"https:\/\/www.livemag.it\/index.php\/2026\/09\/01\/cremonese-agli-ottavi-di-coppa-italia-parma-eliminato-per-2-0\/"},"author":{"name":"italpress","@id":"https:\/\/www.livemag.it\/#\/schema\/person\/b62c5f44451fdcdaeb0afe6c2424e73c"},"headline":"Cremonese agli ottavi di Coppa Italia, Parma eliminato per 2-0","datePublished":"2026-09-01T21:04:40+00:00","mainEntityOfPage":{"@id":"https:\/\/www.livemag.it\/index.php\/2026\/09\/01\/cremonese-agli-ottavi-di-coppa-italia-parma-eliminato-per-2-0\/"},"wordCount":328,"publisher":{"@id":"https:\/\/www.livemag.it\/#organization"},"image":{"@id":"https:\/\/www.livemag.it\/index.php\/2026\/09\/01\/cremonese-agli-ottavi-di-coppa-italia-parma-eliminato-per-2-0\/#primaryimage"},"thumbnailUrl":"https:\/\/www.livemag.it\/wp-content\/uploads\/2026\/09\/20260901_2644.jpg","articleSection":["Mondo"],"inLanguage":"it-IT"},{"@type":"WebPage","@id":"https:\/\/www.livemag.it\/index.php\/2026\/09\/01\/cremonese-agli-ottavi-di-coppa-italia-parma-eliminato-per-2-0\/","url":"https:\/\/www.livemag.it\/index.php\/2026\/09\/01\/cremonese-agli-ottavi-di-coppa-italia-parma-eliminato-per-2-0\/","name":"Cremonese agli ottavi di Coppa Italia, Parma eliminato per 2-0 - Live Magazine","isPartOf":{"@id":"https:\/\/www.livemag.it\/#website"},"primaryImageOfPage":{"@id":"https:\/\/www.livemag.it\/index.php\/2026\/09\/01\/cremonese-agli-ottavi-di-coppa-italia-parma-eliminato-per-2-0\/#primaryimage"},"image":{"@id":"https:\/\/www.livemag.it\/index.php\/2026\/09\/01\/cremonese-agli-ottavi-di-coppa-italia-parma-eliminato-per-2-0\/#primaryimage"},"thumbnailUrl":"https:\/\/www.livemag.it\/wp-content\/uploads\/2026\/09\/20260901_2644.jpg","datePublished":"2026-09-01T21:04:40+00:00","breadcrumb":{"@id":"https:\/\/www.livemag.it\/index.php\/2026\/09\/01\/cremonese-agli-ottavi-di-coppa-italia-parma-eliminato-per-2-0\/#breadcrumb"},"inLanguage":"it-IT","potentialAction":[{"@type":"ReadAction","target":["https:\/\/www.livemag.it\/index.php\/2026\/09\/01\/cremonese-agli-ottavi-di-coppa-italia-parma-eliminato-per-2-0\/"]}]},{"@type":"ImageObject","inLanguage":"it-IT","@id":"https:\/\/www.livemag.it\/index.php\/2026\/09\/01\/cremonese-agli-ottavi-di-coppa-italia-parma-eliminato-per-2-0\/#primaryimage","url":"https:\/\/www.livemag.it\/wp-content\/uploads\/2026\/09\/20260901_2644.jpg","contentUrl":"https:\/\/www.livemag.it\/wp-content\/uploads\/2026\/09\/20260901_2644.jpg","width":1200,"height":799},{"@type":"BreadcrumbList","@id":"https:\/\/www.livemag.it\/index.php\/2026\/09\/01\/cremonese-agli-ottavi-di-coppa-italia-parma-eliminato-per-2-0\/#breadcrumb","itemListElement":[{"@type":"ListItem","position":1,"name":"Home","item":"https:\/\/www.livemag.it\/"},{"@type":"ListItem","position":2,"name":"Cremonese agli ottavi di Coppa Italia, Parma eliminato per 2-0"}]},{"@type":"WebSite","@id":"https:\/\/www.livemag.it\/#website","url":"https:\/\/www.livemag.it\/","name":"Live Magazine","description":"Varie ed eventi","publisher":{"@id":"https:\/\/www.livemag.it\/#organization"},"potentialAction":[{"@type":"SearchAction","target":{"@type":"EntryPoint","urlTemplate":"https:\/\/www.livemag.it\/?s={search_term_string}"},"query-input":{"@type":"PropertyValueSpecification","valueRequired":true,"valueName":"search_term_string"}}],"inLanguage":"it-IT"},{"@type":"Organization","@id":"https:\/\/www.livemag.it\/#organization","name":"LiveMag","alternateName":"LiveMag News ed eventi","url":"https:\/\/www.livemag.it\/","logo":{"@type":"ImageObject","inLanguage":"it-IT","@id":"https:\/\/www.livemag.it\/#\/schema\/logo\/image\/","url":"https:\/\/www.livemag.it\/wp-content\/uploads\/2024\/02\/immagine-sito.jpg","contentUrl":"https:\/\/www.livemag.it\/wp-content\/uploads\/2024\/02\/immagine-sito.jpg","width":696,"height":696,"caption":"LiveMag"},"image":{"@id":"https:\/\/www.livemag.it\/#\/schema\/logo\/image\/"},"sameAs":["https:\/\/www.facebook.com\/LiveMag\/","https:\/\/x.com\/LiveNotizie","https:\/\/www.instagram.com\/livemag\/"]},{"@type":"Person","@id":"https:\/\/www.livemag.it\/#\/schema\/person\/b62c5f44451fdcdaeb0afe6c2424e73c","name":"italpress","image":{"@type":"ImageObject","inLanguage":"it-IT","@id":"https:\/\/secure.gravatar.com\/avatar\/b6a21695fc713ce7ee312cf57c97e2e641feb365be72d8745574d3c3e2b59066?s=96&r=g","url":"https:\/\/secure.gravatar.com\/avatar\/b6a21695fc713ce7ee312cf57c97e2e641feb365be72d8745574d3c3e2b59066?s=96&r=g","contentUrl":"https:\/\/secure.gravatar.com\/avatar\/b6a21695fc713ce7ee312cf57c97e2e641feb365be72d8745574d3c3e2b59066?s=96&r=g","caption":"italpress"},"description":"Italpress \u00e8 un'agenzia di stampa italiana a carattere nazionale.","url":"https:\/\/www.livemag.it\/index.php\/author\/italpress\/"}]}},"jetpack_featured_media_url":"https:\/\/www.livemag.it\/wp-content\/uploads\/2026\/09\/20260901_2644.jpg","_links":{"self":[{"href":"https:\/\/www.livemag.it\/index.php\/wp-json\/wp\/v2\/posts\/84558","targetHints":{"allow":["GET"]}}],"collection":[{"href":"https:\/\/www.livemag.it\/index.php\/wp-json\/wp\/v2\/posts"}],"about":[{"href":"https:\/\/www.livemag.it\/index.php\/wp-json\/wp\/v2\/types\/post"}],"author":[{"embeddable":true,"href":"https:\/\/www.livemag.it\/index.php\/wp-json\/wp\/v2\/users\/16"}],"replies":[{"embeddable":true,"href":"https:\/\/www.livemag.it\/index.php\/wp-json\/wp\/v2\/comments?post=84558"}],"version-history":[{"count":0,"href":"https:\/\/www.livemag.it\/index.php\/wp-json\/wp\/v2\/posts\/84558\/revisions"}],"wp:featuredmedia":[{"embeddable":true,"href":"https:\/\/www.livemag.it\/index.php\/wp-json\/wp\/v2\/media\/84559"}],"wp:attachment":[{"href":"https:\/\/www.livemag.it\/index.php\/wp-json\/wp\/v2\/media?parent=84558"}],"wp:term":[{"taxonomy":"category","embeddable":true,"href":"https:\/\/www.livemag.it\/index.php\/wp-json\/wp\/v2\/categories?post=84558"},{"taxonomy":"post_tag","embeddable":true,"href":"https:\/\/www.livemag.it\/index.php\/wp-json\/wp\/v2\/tags?post=84558"}],"curies":[{"name":"wp","href":"https:\/\/api.w.org\/{rel}","templated":true}]}}