{"id":84540,"date":"2026-09-01T20:04:42","date_gmt":"2026-09-01T18:04:42","guid":{"rendered":"https:\/\/www.livemag.it\/index.php\/2026\/09\/01\/milano-calabresi-da-le-dimissioni-da-chora-media-pronto-a-candidarsi-a-sindaco\/"},"modified":"2026-09-01T20:04:42","modified_gmt":"2026-09-01T18:04:42","slug":"milano-calabresi-da-le-dimissioni-da-chora-media-pronto-a-candidarsi-a-sindaco","status":"publish","type":"post","link":"https:\/\/www.livemag.it\/index.php\/2026\/09\/01\/milano-calabresi-da-le-dimissioni-da-chora-media-pronto-a-candidarsi-a-sindaco\/","title":{"rendered":"Milano, Calabresi d\u00e0 le dimissioni da Chora Media. Pronto a candidarsi a sindaco"},"content":{"rendered":"<div>\n<p>MILANO (ITALPRESS) \u2013 Il giornalista Mario Calabresi sarebbe pronto a candidarsi a sindaco di Milano. L\u2019ex direttore de La Stampa e Repubblica avrebbe gi\u00e0 comunicato ai colleghi le proprie dimissioni dall\u2019incarico di direttore editoriale di Chora Media e dalla presidenza del Consiglio di amministrazione di Be Water Content, il gruppo che comprende Chora e Will Media. Le dimissioni, secondo quanto riportato dal Corriere della Sera, sarebbero legate alla volont\u00e0 di ufficializzare la sua candidatura alle prossime elezioni comunali di Milano, un\u2019ipotesi di cui si parla ormai da diversi mesi. \u201cDopo sei anni e 420 serie podcast lascio Chora. Scrivere questa frase mi fa fatica e molta impressione. Chora \u00e8 stata una casa ma anche la mia terza figlia. Un\u2019avventura straordinaria\u201d. Lo scrive sui social il giornalista Mario Calabresi. \u201cLa lascio quando va benissimo: \u00e8 solida, piena di energie, di idee, continua a crescere, \u00e8 in buone mani e da questa settimana ha una bellissima sede sul Naviglio. Lascio perch\u00e8 sento forte il richiamo a percorrere una strada nuova\u201d, aggiunge, sottolineando poi: \u201cDomani guarder\u00f2 al futuro, oggi voglio fermarmi a pensare con emozione e gratitudine a quello che abbiamo costruito insieme, alla visione che ho condiviso ogni giorno con Guido Brera, che non ha mai smesso di crederci, alla squadra di persone eccezionali con cui ho lavorato, alla libert\u00e0 totale che abbiamo avuto\u201d. \u201cRester\u00e0 sempre la mia casa e anche se oggi mi sono dimesso da direttore e non sono pi\u00f9 socio \u2013 conclude Calabresi -. La prossima settimana far\u00f2 ancora una volta la rassegna Seietrenta, un paio di puntate di Altre\/Storie americane e il Festival di Future4cities a Torino. Buona vita Chora, Will e Cronache, sarete sempre nel mio cuore\u201d. (ITALPRESS).<\/p>\n<p>Foto: Ipa Agency<\/p>\n<\/div>\n","protected":false},"excerpt":{"rendered":"<p>MILANO (ITALPRESS) \u2013 Il giornalista Mario Calabresi sarebbe pronto a candidarsi a sindaco di Milano. L\u2019ex direttore de La Stampa e Repubblica avrebbe gi\u00e0 comunicato ai colleghi le proprie dimissioni dall\u2019incarico di direttore editoriale di Chora Media e dalla presidenza del Consiglio di amministrazione di Be Water Content, il gruppo che comprende Chora e Will [&hellip;]<\/p>\n","protected":false},"author":16,"featured_media":84541,"comment_status":"closed","ping_status":"closed","sticky":false,"template":"","format":"standard","meta":{"jnews-multi-image_gallery":[],"jnews_single_post":[],"jnews_primary_category":[],"jnews_social_meta":[],"jnews_override_counter":[],"jnews_post_split":[],"footnotes":"","_members_access_role":[],"_members_access_error":""},"categories":[1129],"tags":[],"class_list":["post-84540","post","type-post","status-publish","format-standard","has-post-thumbnail","hentry","category-mondo"],"yoast_head":"<!-- This site is optimized with the Yoast SEO plugin v28.4 - https:\/\/yoast.com\/product\/yoast-seo-wordpress\/ -->\n<title>Milano, Calabresi d\u00e0 le dimissioni da Chora Media. Pronto a candidarsi a sindaco - Live Magazine<\/title>\n<meta name=\"robots\" content=\"index, follow, max-snippet:-1, max-image-preview:large, max-video-preview:-1\" \/>\n<link rel=\"canonical\" href=\"https:\/\/www.livemag.it\/index.php\/2026\/09\/01\/milano-calabresi-da-le-dimissioni-da-chora-media-pronto-a-candidarsi-a-sindaco\/\" \/>\n<meta property=\"og:locale\" content=\"it_IT\" \/>\n<meta property=\"og:type\" content=\"article\" \/>\n<meta property=\"og:title\" content=\"Milano, Calabresi d\u00e0 le dimissioni da Chora Media. Pronto a candidarsi a sindaco - Live Magazine\" \/>\n<meta property=\"og:description\" content=\"MILANO (ITALPRESS) \u2013 Il giornalista Mario Calabresi sarebbe pronto a candidarsi a sindaco di Milano. L\u2019ex direttore de La Stampa e Repubblica avrebbe gi\u00e0 comunicato ai colleghi le proprie dimissioni dall\u2019incarico di direttore editoriale di Chora Media e dalla presidenza del Consiglio di amministrazione di Be Water Content, il gruppo che comprende Chora e Will [&hellip;]\" \/>\n<meta property=\"og:url\" content=\"https:\/\/www.livemag.it\/index.php\/2026\/09\/01\/milano-calabresi-da-le-dimissioni-da-chora-media-pronto-a-candidarsi-a-sindaco\/\" \/>\n<meta property=\"og:site_name\" content=\"Live Magazine\" \/>\n<meta property=\"article:publisher\" content=\"https:\/\/www.facebook.com\/LiveMag\/\" \/>\n<meta property=\"article:published_time\" content=\"2026-09-01T18:04:42+00:00\" \/>\n<meta property=\"og:image\" content=\"https:\/\/www.livemag.it\/wp-content\/uploads\/2024\/02\/ograph.jpg\" \/>\n\t<meta property=\"og:image:width\" content=\"1200\" \/>\n\t<meta property=\"og:image:height\" content=\"675\" \/>\n\t<meta property=\"og:image:type\" content=\"image\/jpeg\" \/>\n<meta name=\"author\" content=\"italpress\" \/>\n<meta name=\"twitter:card\" content=\"summary_large_image\" \/>\n<meta name=\"twitter:creator\" content=\"@LiveNotizie\" \/>\n<meta name=\"twitter:site\" content=\"@LiveNotizie\" \/>\n<meta name=\"twitter:label1\" content=\"Scritto da\" \/>\n\t<meta name=\"twitter:data1\" content=\"italpress\" \/>\n\t<meta name=\"twitter:label2\" content=\"Tempo di lettura stimato\" \/>\n\t<meta name=\"twitter:data2\" content=\"1 minuto\" \/>\n<script type=\"application\/ld+json\" class=\"yoast-schema-graph\">{\"@context\":\"https:\\\/\\\/schema.org\",\"@graph\":[{\"@type\":\"Article\",\"@id\":\"https:\\\/\\\/www.livemag.it\\\/index.php\\\/2026\\\/09\\\/01\\\/milano-calabresi-da-le-dimissioni-da-chora-media-pronto-a-candidarsi-a-sindaco\\\/#article\",\"isPartOf\":{\"@id\":\"https:\\\/\\\/www.livemag.it\\\/index.php\\\/2026\\\/09\\\/01\\\/milano-calabresi-da-le-dimissioni-da-chora-media-pronto-a-candidarsi-a-sindaco\\\/\"},\"author\":{\"name\":\"italpress\",\"@id\":\"https:\\\/\\\/www.livemag.it\\\/#\\\/schema\\\/person\\\/b62c5f44451fdcdaeb0afe6c2424e73c\"},\"headline\":\"Milano, Calabresi d\u00e0 le dimissioni da Chora Media. Pronto a candidarsi a sindaco\",\"datePublished\":\"2026-09-01T18:04:42+00:00\",\"mainEntityOfPage\":{\"@id\":\"https:\\\/\\\/www.livemag.it\\\/index.php\\\/2026\\\/09\\\/01\\\/milano-calabresi-da-le-dimissioni-da-chora-media-pronto-a-candidarsi-a-sindaco\\\/\"},\"wordCount\":297,\"publisher\":{\"@id\":\"https:\\\/\\\/www.livemag.it\\\/#organization\"},\"image\":{\"@id\":\"https:\\\/\\\/www.livemag.it\\\/index.php\\\/2026\\\/09\\\/01\\\/milano-calabresi-da-le-dimissioni-da-chora-media-pronto-a-candidarsi-a-sindaco\\\/#primaryimage\"},\"thumbnailUrl\":\"https:\\\/\\\/www.livemag.it\\\/wp-content\\\/uploads\\\/2026\\\/09\\\/20260901_2115.jpg\",\"articleSection\":[\"Mondo\"],\"inLanguage\":\"it-IT\"},{\"@type\":\"WebPage\",\"@id\":\"https:\\\/\\\/www.livemag.it\\\/index.php\\\/2026\\\/09\\\/01\\\/milano-calabresi-da-le-dimissioni-da-chora-media-pronto-a-candidarsi-a-sindaco\\\/\",\"url\":\"https:\\\/\\\/www.livemag.it\\\/index.php\\\/2026\\\/09\\\/01\\\/milano-calabresi-da-le-dimissioni-da-chora-media-pronto-a-candidarsi-a-sindaco\\\/\",\"name\":\"Milano, Calabresi d\u00e0 le dimissioni da Chora Media. Pronto a candidarsi a sindaco - Live Magazine\",\"isPartOf\":{\"@id\":\"https:\\\/\\\/www.livemag.it\\\/#website\"},\"primaryImageOfPage\":{\"@id\":\"https:\\\/\\\/www.livemag.it\\\/index.php\\\/2026\\\/09\\\/01\\\/milano-calabresi-da-le-dimissioni-da-chora-media-pronto-a-candidarsi-a-sindaco\\\/#primaryimage\"},\"image\":{\"@id\":\"https:\\\/\\\/www.livemag.it\\\/index.php\\\/2026\\\/09\\\/01\\\/milano-calabresi-da-le-dimissioni-da-chora-media-pronto-a-candidarsi-a-sindaco\\\/#primaryimage\"},\"thumbnailUrl\":\"https:\\\/\\\/www.livemag.it\\\/wp-content\\\/uploads\\\/2026\\\/09\\\/20260901_2115.jpg\",\"datePublished\":\"2026-09-01T18:04:42+00:00\",\"breadcrumb\":{\"@id\":\"https:\\\/\\\/www.livemag.it\\\/index.php\\\/2026\\\/09\\\/01\\\/milano-calabresi-da-le-dimissioni-da-chora-media-pronto-a-candidarsi-a-sindaco\\\/#breadcrumb\"},\"inLanguage\":\"it-IT\",\"potentialAction\":[{\"@type\":\"ReadAction\",\"target\":[\"https:\\\/\\\/www.livemag.it\\\/index.php\\\/2026\\\/09\\\/01\\\/milano-calabresi-da-le-dimissioni-da-chora-media-pronto-a-candidarsi-a-sindaco\\\/\"]}]},{\"@type\":\"ImageObject\",\"inLanguage\":\"it-IT\",\"@id\":\"https:\\\/\\\/www.livemag.it\\\/index.php\\\/2026\\\/09\\\/01\\\/milano-calabresi-da-le-dimissioni-da-chora-media-pronto-a-candidarsi-a-sindaco\\\/#primaryimage\",\"url\":\"https:\\\/\\\/www.livemag.it\\\/wp-content\\\/uploads\\\/2026\\\/09\\\/20260901_2115.jpg\",\"contentUrl\":\"https:\\\/\\\/www.livemag.it\\\/wp-content\\\/uploads\\\/2026\\\/09\\\/20260901_2115.jpg\",\"width\":1024,\"height\":684},{\"@type\":\"BreadcrumbList\",\"@id\":\"https:\\\/\\\/www.livemag.it\\\/index.php\\\/2026\\\/09\\\/01\\\/milano-calabresi-da-le-dimissioni-da-chora-media-pronto-a-candidarsi-a-sindaco\\\/#breadcrumb\",\"itemListElement\":[{\"@type\":\"ListItem\",\"position\":1,\"name\":\"Home\",\"item\":\"https:\\\/\\\/www.livemag.it\\\/\"},{\"@type\":\"ListItem\",\"position\":2,\"name\":\"Milano, Calabresi d\u00e0 le dimissioni da Chora Media. Pronto a candidarsi a sindaco\"}]},{\"@type\":\"WebSite\",\"@id\":\"https:\\\/\\\/www.livemag.it\\\/#website\",\"url\":\"https:\\\/\\\/www.livemag.it\\\/\",\"name\":\"Live Magazine\",\"description\":\"Varie ed eventi\",\"publisher\":{\"@id\":\"https:\\\/\\\/www.livemag.it\\\/#organization\"},\"potentialAction\":[{\"@type\":\"SearchAction\",\"target\":{\"@type\":\"EntryPoint\",\"urlTemplate\":\"https:\\\/\\\/www.livemag.it\\\/?s={search_term_string}\"},\"query-input\":{\"@type\":\"PropertyValueSpecification\",\"valueRequired\":true,\"valueName\":\"search_term_string\"}}],\"inLanguage\":\"it-IT\"},{\"@type\":\"Organization\",\"@id\":\"https:\\\/\\\/www.livemag.it\\\/#organization\",\"name\":\"LiveMag\",\"alternateName\":\"LiveMag News ed eventi\",\"url\":\"https:\\\/\\\/www.livemag.it\\\/\",\"logo\":{\"@type\":\"ImageObject\",\"inLanguage\":\"it-IT\",\"@id\":\"https:\\\/\\\/www.livemag.it\\\/#\\\/schema\\\/logo\\\/image\\\/\",\"url\":\"https:\\\/\\\/www.livemag.it\\\/wp-content\\\/uploads\\\/2024\\\/02\\\/immagine-sito.jpg\",\"contentUrl\":\"https:\\\/\\\/www.livemag.it\\\/wp-content\\\/uploads\\\/2024\\\/02\\\/immagine-sito.jpg\",\"width\":696,\"height\":696,\"caption\":\"LiveMag\"},\"image\":{\"@id\":\"https:\\\/\\\/www.livemag.it\\\/#\\\/schema\\\/logo\\\/image\\\/\"},\"sameAs\":[\"https:\\\/\\\/www.facebook.com\\\/LiveMag\\\/\",\"https:\\\/\\\/x.com\\\/LiveNotizie\",\"https:\\\/\\\/www.instagram.com\\\/livemag\\\/\"]},{\"@type\":\"Person\",\"@id\":\"https:\\\/\\\/www.livemag.it\\\/#\\\/schema\\\/person\\\/b62c5f44451fdcdaeb0afe6c2424e73c\",\"name\":\"italpress\",\"image\":{\"@type\":\"ImageObject\",\"inLanguage\":\"it-IT\",\"@id\":\"https:\\\/\\\/secure.gravatar.com\\\/avatar\\\/b6a21695fc713ce7ee312cf57c97e2e641feb365be72d8745574d3c3e2b59066?s=96&r=g\",\"url\":\"https:\\\/\\\/secure.gravatar.com\\\/avatar\\\/b6a21695fc713ce7ee312cf57c97e2e641feb365be72d8745574d3c3e2b59066?s=96&r=g\",\"contentUrl\":\"https:\\\/\\\/secure.gravatar.com\\\/avatar\\\/b6a21695fc713ce7ee312cf57c97e2e641feb365be72d8745574d3c3e2b59066?s=96&r=g\",\"caption\":\"italpress\"},\"description\":\"Italpress \u00e8 un'agenzia di stampa italiana a carattere nazionale.\",\"url\":\"https:\\\/\\\/www.livemag.it\\\/index.php\\\/author\\\/italpress\\\/\"}]}<\/script>\n<!-- \/ Yoast SEO plugin. -->","yoast_head_json":{"title":"Milano, Calabresi d\u00e0 le dimissioni da Chora Media. Pronto a candidarsi a sindaco - Live Magazine","robots":{"index":"index","follow":"follow","max-snippet":"max-snippet:-1","max-image-preview":"max-image-preview:large","max-video-preview":"max-video-preview:-1"},"canonical":"https:\/\/www.livemag.it\/index.php\/2026\/09\/01\/milano-calabresi-da-le-dimissioni-da-chora-media-pronto-a-candidarsi-a-sindaco\/","og_locale":"it_IT","og_type":"article","og_title":"Milano, Calabresi d\u00e0 le dimissioni da Chora Media. Pronto a candidarsi a sindaco - Live Magazine","og_description":"MILANO (ITALPRESS) \u2013 Il giornalista Mario Calabresi sarebbe pronto a candidarsi a sindaco di Milano. L\u2019ex direttore de La Stampa e Repubblica avrebbe gi\u00e0 comunicato ai colleghi le proprie dimissioni dall\u2019incarico di direttore editoriale di Chora Media e dalla presidenza del Consiglio di amministrazione di Be Water Content, il gruppo che comprende Chora e Will [&hellip;]","og_url":"https:\/\/www.livemag.it\/index.php\/2026\/09\/01\/milano-calabresi-da-le-dimissioni-da-chora-media-pronto-a-candidarsi-a-sindaco\/","og_site_name":"Live Magazine","article_publisher":"https:\/\/www.facebook.com\/LiveMag\/","article_published_time":"2026-09-01T18:04:42+00:00","og_image":[{"width":1200,"height":675,"url":"https:\/\/www.livemag.it\/wp-content\/uploads\/2024\/02\/ograph.jpg","type":"image\/jpeg"}],"author":"italpress","twitter_card":"summary_large_image","twitter_creator":"@LiveNotizie","twitter_site":"@LiveNotizie","twitter_misc":{"Scritto da":"italpress","Tempo di lettura stimato":"1 minuto"},"schema":{"@context":"https:\/\/schema.org","@graph":[{"@type":"Article","@id":"https:\/\/www.livemag.it\/index.php\/2026\/09\/01\/milano-calabresi-da-le-dimissioni-da-chora-media-pronto-a-candidarsi-a-sindaco\/#article","isPartOf":{"@id":"https:\/\/www.livemag.it\/index.php\/2026\/09\/01\/milano-calabresi-da-le-dimissioni-da-chora-media-pronto-a-candidarsi-a-sindaco\/"},"author":{"name":"italpress","@id":"https:\/\/www.livemag.it\/#\/schema\/person\/b62c5f44451fdcdaeb0afe6c2424e73c"},"headline":"Milano, Calabresi d\u00e0 le dimissioni da Chora Media. Pronto a candidarsi a sindaco","datePublished":"2026-09-01T18:04:42+00:00","mainEntityOfPage":{"@id":"https:\/\/www.livemag.it\/index.php\/2026\/09\/01\/milano-calabresi-da-le-dimissioni-da-chora-media-pronto-a-candidarsi-a-sindaco\/"},"wordCount":297,"publisher":{"@id":"https:\/\/www.livemag.it\/#organization"},"image":{"@id":"https:\/\/www.livemag.it\/index.php\/2026\/09\/01\/milano-calabresi-da-le-dimissioni-da-chora-media-pronto-a-candidarsi-a-sindaco\/#primaryimage"},"thumbnailUrl":"https:\/\/www.livemag.it\/wp-content\/uploads\/2026\/09\/20260901_2115.jpg","articleSection":["Mondo"],"inLanguage":"it-IT"},{"@type":"WebPage","@id":"https:\/\/www.livemag.it\/index.php\/2026\/09\/01\/milano-calabresi-da-le-dimissioni-da-chora-media-pronto-a-candidarsi-a-sindaco\/","url":"https:\/\/www.livemag.it\/index.php\/2026\/09\/01\/milano-calabresi-da-le-dimissioni-da-chora-media-pronto-a-candidarsi-a-sindaco\/","name":"Milano, Calabresi d\u00e0 le dimissioni da Chora Media. Pronto a candidarsi a sindaco - Live Magazine","isPartOf":{"@id":"https:\/\/www.livemag.it\/#website"},"primaryImageOfPage":{"@id":"https:\/\/www.livemag.it\/index.php\/2026\/09\/01\/milano-calabresi-da-le-dimissioni-da-chora-media-pronto-a-candidarsi-a-sindaco\/#primaryimage"},"image":{"@id":"https:\/\/www.livemag.it\/index.php\/2026\/09\/01\/milano-calabresi-da-le-dimissioni-da-chora-media-pronto-a-candidarsi-a-sindaco\/#primaryimage"},"thumbnailUrl":"https:\/\/www.livemag.it\/wp-content\/uploads\/2026\/09\/20260901_2115.jpg","datePublished":"2026-09-01T18:04:42+00:00","breadcrumb":{"@id":"https:\/\/www.livemag.it\/index.php\/2026\/09\/01\/milano-calabresi-da-le-dimissioni-da-chora-media-pronto-a-candidarsi-a-sindaco\/#breadcrumb"},"inLanguage":"it-IT","potentialAction":[{"@type":"ReadAction","target":["https:\/\/www.livemag.it\/index.php\/2026\/09\/01\/milano-calabresi-da-le-dimissioni-da-chora-media-pronto-a-candidarsi-a-sindaco\/"]}]},{"@type":"ImageObject","inLanguage":"it-IT","@id":"https:\/\/www.livemag.it\/index.php\/2026\/09\/01\/milano-calabresi-da-le-dimissioni-da-chora-media-pronto-a-candidarsi-a-sindaco\/#primaryimage","url":"https:\/\/www.livemag.it\/wp-content\/uploads\/2026\/09\/20260901_2115.jpg","contentUrl":"https:\/\/www.livemag.it\/wp-content\/uploads\/2026\/09\/20260901_2115.jpg","width":1024,"height":684},{"@type":"BreadcrumbList","@id":"https:\/\/www.livemag.it\/index.php\/2026\/09\/01\/milano-calabresi-da-le-dimissioni-da-chora-media-pronto-a-candidarsi-a-sindaco\/#breadcrumb","itemListElement":[{"@type":"ListItem","position":1,"name":"Home","item":"https:\/\/www.livemag.it\/"},{"@type":"ListItem","position":2,"name":"Milano, Calabresi d\u00e0 le dimissioni da Chora Media. Pronto a candidarsi a sindaco"}]},{"@type":"WebSite","@id":"https:\/\/www.livemag.it\/#website","url":"https:\/\/www.livemag.it\/","name":"Live Magazine","description":"Varie ed eventi","publisher":{"@id":"https:\/\/www.livemag.it\/#organization"},"potentialAction":[{"@type":"SearchAction","target":{"@type":"EntryPoint","urlTemplate":"https:\/\/www.livemag.it\/?s={search_term_string}"},"query-input":{"@type":"PropertyValueSpecification","valueRequired":true,"valueName":"search_term_string"}}],"inLanguage":"it-IT"},{"@type":"Organization","@id":"https:\/\/www.livemag.it\/#organization","name":"LiveMag","alternateName":"LiveMag News ed eventi","url":"https:\/\/www.livemag.it\/","logo":{"@type":"ImageObject","inLanguage":"it-IT","@id":"https:\/\/www.livemag.it\/#\/schema\/logo\/image\/","url":"https:\/\/www.livemag.it\/wp-content\/uploads\/2024\/02\/immagine-sito.jpg","contentUrl":"https:\/\/www.livemag.it\/wp-content\/uploads\/2024\/02\/immagine-sito.jpg","width":696,"height":696,"caption":"LiveMag"},"image":{"@id":"https:\/\/www.livemag.it\/#\/schema\/logo\/image\/"},"sameAs":["https:\/\/www.facebook.com\/LiveMag\/","https:\/\/x.com\/LiveNotizie","https:\/\/www.instagram.com\/livemag\/"]},{"@type":"Person","@id":"https:\/\/www.livemag.it\/#\/schema\/person\/b62c5f44451fdcdaeb0afe6c2424e73c","name":"italpress","image":{"@type":"ImageObject","inLanguage":"it-IT","@id":"https:\/\/secure.gravatar.com\/avatar\/b6a21695fc713ce7ee312cf57c97e2e641feb365be72d8745574d3c3e2b59066?s=96&r=g","url":"https:\/\/secure.gravatar.com\/avatar\/b6a21695fc713ce7ee312cf57c97e2e641feb365be72d8745574d3c3e2b59066?s=96&r=g","contentUrl":"https:\/\/secure.gravatar.com\/avatar\/b6a21695fc713ce7ee312cf57c97e2e641feb365be72d8745574d3c3e2b59066?s=96&r=g","caption":"italpress"},"description":"Italpress \u00e8 un'agenzia di stampa italiana a carattere nazionale.","url":"https:\/\/www.livemag.it\/index.php\/author\/italpress\/"}]}},"jetpack_featured_media_url":"https:\/\/www.livemag.it\/wp-content\/uploads\/2026\/09\/20260901_2115.jpg","_links":{"self":[{"href":"https:\/\/www.livemag.it\/index.php\/wp-json\/wp\/v2\/posts\/84540","targetHints":{"allow":["GET"]}}],"collection":[{"href":"https:\/\/www.livemag.it\/index.php\/wp-json\/wp\/v2\/posts"}],"about":[{"href":"https:\/\/www.livemag.it\/index.php\/wp-json\/wp\/v2\/types\/post"}],"author":[{"embeddable":true,"href":"https:\/\/www.livemag.it\/index.php\/wp-json\/wp\/v2\/users\/16"}],"replies":[{"embeddable":true,"href":"https:\/\/www.livemag.it\/index.php\/wp-json\/wp\/v2\/comments?post=84540"}],"version-history":[{"count":0,"href":"https:\/\/www.livemag.it\/index.php\/wp-json\/wp\/v2\/posts\/84540\/revisions"}],"wp:featuredmedia":[{"embeddable":true,"href":"https:\/\/www.livemag.it\/index.php\/wp-json\/wp\/v2\/media\/84541"}],"wp:attachment":[{"href":"https:\/\/www.livemag.it\/index.php\/wp-json\/wp\/v2\/media?parent=84540"}],"wp:term":[{"taxonomy":"category","embeddable":true,"href":"https:\/\/www.livemag.it\/index.php\/wp-json\/wp\/v2\/categories?post=84540"},{"taxonomy":"post_tag","embeddable":true,"href":"https:\/\/www.livemag.it\/index.php\/wp-json\/wp\/v2\/tags?post=84540"}],"curies":[{"name":"wp","href":"https:\/\/api.w.org\/{rel}","templated":true}]}}