{"id":84507,"date":"2026-09-01T12:55:19","date_gmt":"2026-09-01T10:55:19","guid":{"rendered":"https:\/\/www.livemag.it\/?p=84507"},"modified":"2026-09-01T12:55:25","modified_gmt":"2026-09-01T10:55:25","slug":"al-b-band-settembre-dal-vivo-tra-bardolino-custoza-e-negrar","status":"publish","type":"post","link":"https:\/\/www.livemag.it\/index.php\/2026\/09\/01\/al-b-band-settembre-dal-vivo-tra-bardolino-custoza-e-negrar\/","title":{"rendered":"Al-B.Band, settembre dal vivo tra Bardolino, Custoza e Negrar"},"content":{"rendered":"\n<p class=\"wp-block-paragraph\">Il 4 settembre 2026 la Al-B.band di Alberto Salaorni e Davide Rossi fa ballare e cantare la storica Festa dei Osei di Cisano di Bardolino. <\/p>\n\n\n\n<p class=\"wp-block-paragraph\">L\u201911 settembre i due musicisti e la loro band restano a Bardolino, ma la loro energia la regalano a La Dacia, romantico ristorante sul Garda.<\/p>\n\n\n\n<p class=\"wp-block-paragraph\"> Il 13 settembre eccoli invece alla Festa Grande di Custoza, mentre il 26 l\u2019energia del loro concerto 100% dal vivo arriva invece al Palio del Vino e dei Sapori di Negrar (Verona).<\/p>\n\n\n\n<p class=\"wp-block-paragraph\"><strong>Riassumendo, settembre \u00e8 dolce\u2026 e scatenato, con la Al-B.Band.<\/strong><\/p>\n\n\n\n<p class=\"wp-block-paragraph\">Ballare e cantare con la Al-B.Band rilassa. Accanto ai due leader, Alberto Salaorni e Davide Rossi, si esibiscono Andrea Mai alle tastiere e Luca Modena alla batteria, mentre sul palco si alternano voci di talento come Emma Gabusi, Matilde Grillo e Giulia Baldo. Insieme danno vita a serate che fanno cantare e ballare il pubblico con un repertorio ricco e trascinante. \u00abSuoniamo insieme da 25 anni \u2013 raccontano \u2013 e l\u2019emozione \u00e8 sempre la stessa\u00bb.<\/p>\n\n\n\n<h4 class=\"wp-block-heading\">Alberto Salaorni e Davide Rossi e i loro musicisti sanno sempre come far divertire il loro pubblico. Con la consueta energia, la formazione veronese dall\u2019anima scatenata trasforma ogni esibizione in un\u2019esperienza unica. Merito di un repertorio scelto con cura, di interpretazioni intense e di una forte carica emotiva che arriva dritta al pubblico.<\/h4>\n\n\n\n<p class=\"wp-block-paragraph\">Sul palco non c\u2019\u00e8 mai una scaletta fissa. Ecco perch\u00e9 ballare e cantare con la Al-B.Band \u00e8 un\u2019emozione. Ogni concerto nasce sul momento, modellato sull\u2019interazione con chi ascolta. Le scelte musicali, mai scontate, spaziano tra Lucio Battisti, Mina e grandi classici anni \u201970, con arrangiamenti personali che danno nuova vita anche ai brani pi\u00f9 noti. Il risultato \u00e8 uno stile originale e riconoscibile, raro nel panorama attuale.<\/p>\n\n\n\n<p class=\"wp-block-paragraph\">Accanto ad <a href=\"https:\/\/www.albiband.com\/\">Alberto Salaorni <\/a>e Davide Rossi, da anni cuore della band, ci sono Andrea Mai alle tastiere, Luca Modena alla batteria e, a rotazione, le coriste Matilde Grillo e Giulia Baldo. Insieme danno vita a serate che fanno cantare e ballare, con un repertorio ampio e coinvolgente. \u201cSuoniamo insieme da 25 anni \u2013 raccontano \u2013 e l\u2019emozione continua a scorrere: \u00e8 questo che ci spinge a salire sul palco ogni volta\u201d.<\/p>\n","protected":false},"excerpt":{"rendered":"<p>Il 4 settembre 2026 la Al-B.band di Alberto Salaorni e Davide Rossi fa ballare e cantare la storica Festa dei Osei di Cisano di Bardolino. L\u201911 settembre i due musicisti e la loro band restano a Bardolino, ma la loro energia la regalano a La Dacia, romantico ristorante sul Garda. Il 13 settembre eccoli invece [&hellip;]<\/p>\n","protected":false},"author":21,"featured_media":84508,"comment_status":"open","ping_status":"open","sticky":false,"template":"","format":"standard","meta":{"jnews-multi-image_gallery":[],"jnews_single_post":{"format":"standard"},"jnews_primary_category":[],"jnews_social_meta":[],"jnews_override_counter":[],"jnews_post_split":[],"footnotes":"","_members_access_role":[],"_members_access_error":""},"categories":[1372],"tags":[2202],"class_list":["post-84507","post","type-post","status-publish","format-standard","has-post-thumbnail","hentry","category-good-life","tag-salaorni"],"yoast_head":"<!-- This site is optimized with the Yoast SEO plugin v28.3 - https:\/\/yoast.com\/product\/yoast-seo-wordpress\/ -->\n<title>Al-B.Band, settembre dal vivo tra Bardolino, Custoza e Negrar - Live Magazine<\/title>\n<meta name=\"description\" content=\"Alberto Salaorni e Davide Rossi e i loro musicisti sanno sempre come far divertire il loro pubblico. Con la consueta energia...\" \/>\n<meta name=\"robots\" content=\"index, follow, max-snippet:-1, max-image-preview:large, max-video-preview:-1\" \/>\n<link rel=\"canonical\" href=\"https:\/\/www.livemag.it\/index.php\/2026\/09\/01\/al-b-band-settembre-dal-vivo-tra-bardolino-custoza-e-negrar\/\" \/>\n<meta property=\"og:locale\" content=\"it_IT\" \/>\n<meta property=\"og:type\" content=\"article\" \/>\n<meta property=\"og:title\" content=\"Al-B.Band, settembre dal vivo tra Bardolino, Custoza e Negrar - Live Magazine\" \/>\n<meta property=\"og:description\" content=\"Alberto Salaorni e Davide Rossi e i loro musicisti sanno sempre come far divertire il loro pubblico. Con la consueta energia...\" \/>\n<meta property=\"og:url\" content=\"https:\/\/www.livemag.it\/index.php\/2026\/09\/01\/al-b-band-settembre-dal-vivo-tra-bardolino-custoza-e-negrar\/\" \/>\n<meta property=\"og:site_name\" content=\"Live Magazine\" \/>\n<meta property=\"article:publisher\" content=\"https:\/\/www.facebook.com\/LiveMag\/\" \/>\n<meta property=\"article:published_time\" content=\"2026-09-01T10:55:19+00:00\" \/>\n<meta property=\"article:modified_time\" content=\"2026-09-01T10:55:25+00:00\" \/>\n<meta property=\"og:image\" content=\"https:\/\/www.livemag.it\/wp-content\/uploads\/2026\/09\/salaorni.jpg\" \/>\n\t<meta property=\"og:image:width\" content=\"1280\" \/>\n\t<meta property=\"og:image:height\" content=\"837\" \/>\n\t<meta property=\"og:image:type\" content=\"image\/jpeg\" \/>\n<meta name=\"author\" content=\"Lorenzo Tiezzi\" \/>\n<meta name=\"twitter:card\" content=\"summary_large_image\" \/>\n<meta name=\"twitter:creator\" content=\"@LiveNotizie\" \/>\n<meta name=\"twitter:site\" content=\"@LiveNotizie\" \/>\n<meta name=\"twitter:label1\" content=\"Scritto da\" \/>\n\t<meta name=\"twitter:data1\" content=\"Lorenzo Tiezzi\" \/>\n\t<meta name=\"twitter:label2\" content=\"Tempo di lettura stimato\" \/>\n\t<meta name=\"twitter:data2\" content=\"3 minuti\" \/>\n<script type=\"application\/ld+json\" class=\"yoast-schema-graph\">{\"@context\":\"https:\\\/\\\/schema.org\",\"@graph\":[{\"@type\":\"Article\",\"@id\":\"https:\\\/\\\/www.livemag.it\\\/index.php\\\/2026\\\/09\\\/01\\\/al-b-band-settembre-dal-vivo-tra-bardolino-custoza-e-negrar\\\/#article\",\"isPartOf\":{\"@id\":\"https:\\\/\\\/www.livemag.it\\\/index.php\\\/2026\\\/09\\\/01\\\/al-b-band-settembre-dal-vivo-tra-bardolino-custoza-e-negrar\\\/\"},\"author\":{\"name\":\"Lorenzo Tiezzi\",\"@id\":\"https:\\\/\\\/www.livemag.it\\\/#\\\/schema\\\/person\\\/c6fe2dde14ae4517f823e167a12354b6\"},\"headline\":\"Al-B.Band, settembre dal vivo tra Bardolino, Custoza e Negrar\",\"datePublished\":\"2026-09-01T10:55:19+00:00\",\"dateModified\":\"2026-09-01T10:55:25+00:00\",\"mainEntityOfPage\":{\"@id\":\"https:\\\/\\\/www.livemag.it\\\/index.php\\\/2026\\\/09\\\/01\\\/al-b-band-settembre-dal-vivo-tra-bardolino-custoza-e-negrar\\\/\"},\"wordCount\":362,\"commentCount\":0,\"publisher\":{\"@id\":\"https:\\\/\\\/www.livemag.it\\\/#organization\"},\"image\":{\"@id\":\"https:\\\/\\\/www.livemag.it\\\/index.php\\\/2026\\\/09\\\/01\\\/al-b-band-settembre-dal-vivo-tra-bardolino-custoza-e-negrar\\\/#primaryimage\"},\"thumbnailUrl\":\"https:\\\/\\\/www.livemag.it\\\/wp-content\\\/uploads\\\/2026\\\/09\\\/salaorni.jpg\",\"keywords\":[\"salaorni\"],\"articleSection\":[\"Good Life\"],\"inLanguage\":\"it-IT\",\"potentialAction\":[{\"@type\":\"CommentAction\",\"name\":\"Comment\",\"target\":[\"https:\\\/\\\/www.livemag.it\\\/index.php\\\/2026\\\/09\\\/01\\\/al-b-band-settembre-dal-vivo-tra-bardolino-custoza-e-negrar\\\/#respond\"]}]},{\"@type\":\"WebPage\",\"@id\":\"https:\\\/\\\/www.livemag.it\\\/index.php\\\/2026\\\/09\\\/01\\\/al-b-band-settembre-dal-vivo-tra-bardolino-custoza-e-negrar\\\/\",\"url\":\"https:\\\/\\\/www.livemag.it\\\/index.php\\\/2026\\\/09\\\/01\\\/al-b-band-settembre-dal-vivo-tra-bardolino-custoza-e-negrar\\\/\",\"name\":\"Al-B.Band, settembre dal vivo tra Bardolino, Custoza e Negrar - Live Magazine\",\"isPartOf\":{\"@id\":\"https:\\\/\\\/www.livemag.it\\\/#website\"},\"primaryImageOfPage\":{\"@id\":\"https:\\\/\\\/www.livemag.it\\\/index.php\\\/2026\\\/09\\\/01\\\/al-b-band-settembre-dal-vivo-tra-bardolino-custoza-e-negrar\\\/#primaryimage\"},\"image\":{\"@id\":\"https:\\\/\\\/www.livemag.it\\\/index.php\\\/2026\\\/09\\\/01\\\/al-b-band-settembre-dal-vivo-tra-bardolino-custoza-e-negrar\\\/#primaryimage\"},\"thumbnailUrl\":\"https:\\\/\\\/www.livemag.it\\\/wp-content\\\/uploads\\\/2026\\\/09\\\/salaorni.jpg\",\"datePublished\":\"2026-09-01T10:55:19+00:00\",\"dateModified\":\"2026-09-01T10:55:25+00:00\",\"description\":\"Alberto Salaorni e Davide Rossi e i loro musicisti sanno sempre come far divertire il loro pubblico. Con la consueta energia...\",\"breadcrumb\":{\"@id\":\"https:\\\/\\\/www.livemag.it\\\/index.php\\\/2026\\\/09\\\/01\\\/al-b-band-settembre-dal-vivo-tra-bardolino-custoza-e-negrar\\\/#breadcrumb\"},\"inLanguage\":\"it-IT\",\"potentialAction\":[{\"@type\":\"ReadAction\",\"target\":[\"https:\\\/\\\/www.livemag.it\\\/index.php\\\/2026\\\/09\\\/01\\\/al-b-band-settembre-dal-vivo-tra-bardolino-custoza-e-negrar\\\/\"]}]},{\"@type\":\"ImageObject\",\"inLanguage\":\"it-IT\",\"@id\":\"https:\\\/\\\/www.livemag.it\\\/index.php\\\/2026\\\/09\\\/01\\\/al-b-band-settembre-dal-vivo-tra-bardolino-custoza-e-negrar\\\/#primaryimage\",\"url\":\"https:\\\/\\\/www.livemag.it\\\/wp-content\\\/uploads\\\/2026\\\/09\\\/salaorni.jpg\",\"contentUrl\":\"https:\\\/\\\/www.livemag.it\\\/wp-content\\\/uploads\\\/2026\\\/09\\\/salaorni.jpg\",\"width\":1280,\"height\":837},{\"@type\":\"BreadcrumbList\",\"@id\":\"https:\\\/\\\/www.livemag.it\\\/index.php\\\/2026\\\/09\\\/01\\\/al-b-band-settembre-dal-vivo-tra-bardolino-custoza-e-negrar\\\/#breadcrumb\",\"itemListElement\":[{\"@type\":\"ListItem\",\"position\":1,\"name\":\"Home\",\"item\":\"https:\\\/\\\/www.livemag.it\\\/\"},{\"@type\":\"ListItem\",\"position\":2,\"name\":\"Al-B.Band, settembre dal vivo tra Bardolino, Custoza e Negrar\"}]},{\"@type\":\"WebSite\",\"@id\":\"https:\\\/\\\/www.livemag.it\\\/#website\",\"url\":\"https:\\\/\\\/www.livemag.it\\\/\",\"name\":\"Live Magazine\",\"description\":\"Varie ed eventi\",\"publisher\":{\"@id\":\"https:\\\/\\\/www.livemag.it\\\/#organization\"},\"potentialAction\":[{\"@type\":\"SearchAction\",\"target\":{\"@type\":\"EntryPoint\",\"urlTemplate\":\"https:\\\/\\\/www.livemag.it\\\/?s={search_term_string}\"},\"query-input\":{\"@type\":\"PropertyValueSpecification\",\"valueRequired\":true,\"valueName\":\"search_term_string\"}}],\"inLanguage\":\"it-IT\"},{\"@type\":\"Organization\",\"@id\":\"https:\\\/\\\/www.livemag.it\\\/#organization\",\"name\":\"LiveMag\",\"alternateName\":\"LiveMag News ed eventi\",\"url\":\"https:\\\/\\\/www.livemag.it\\\/\",\"logo\":{\"@type\":\"ImageObject\",\"inLanguage\":\"it-IT\",\"@id\":\"https:\\\/\\\/www.livemag.it\\\/#\\\/schema\\\/logo\\\/image\\\/\",\"url\":\"https:\\\/\\\/www.livemag.it\\\/wp-content\\\/uploads\\\/2024\\\/02\\\/immagine-sito.jpg\",\"contentUrl\":\"https:\\\/\\\/www.livemag.it\\\/wp-content\\\/uploads\\\/2024\\\/02\\\/immagine-sito.jpg\",\"width\":696,\"height\":696,\"caption\":\"LiveMag\"},\"image\":{\"@id\":\"https:\\\/\\\/www.livemag.it\\\/#\\\/schema\\\/logo\\\/image\\\/\"},\"sameAs\":[\"https:\\\/\\\/www.facebook.com\\\/LiveMag\\\/\",\"https:\\\/\\\/x.com\\\/LiveNotizie\",\"https:\\\/\\\/www.instagram.com\\\/livemag\\\/\"]},{\"@type\":\"Person\",\"@id\":\"https:\\\/\\\/www.livemag.it\\\/#\\\/schema\\\/person\\\/c6fe2dde14ae4517f823e167a12354b6\",\"name\":\"Lorenzo Tiezzi\",\"image\":{\"@type\":\"ImageObject\",\"inLanguage\":\"it-IT\",\"@id\":\"https:\\\/\\\/secure.gravatar.com\\\/avatar\\\/055a51cbe21ba6c03af667c75f797ec8642fe78050e8602547fec943f6500144?s=96&r=g\",\"url\":\"https:\\\/\\\/secure.gravatar.com\\\/avatar\\\/055a51cbe21ba6c03af667c75f797ec8642fe78050e8602547fec943f6500144?s=96&r=g\",\"contentUrl\":\"https:\\\/\\\/secure.gravatar.com\\\/avatar\\\/055a51cbe21ba6c03af667c75f797ec8642fe78050e8602547fec943f6500144?s=96&r=g\",\"caption\":\"Lorenzo Tiezzi\"},\"description\":\"giornalista, press office, pr\",\"url\":\"https:\\\/\\\/www.livemag.it\\\/index.php\\\/author\\\/lorenzo-tiezzi\\\/\"}]}<\/script>\n<!-- \/ Yoast SEO plugin. -->","yoast_head_json":{"title":"Al-B.Band, settembre dal vivo tra Bardolino, Custoza e Negrar - Live Magazine","description":"Alberto Salaorni e Davide Rossi e i loro musicisti sanno sempre come far divertire il loro pubblico. Con la consueta energia...","robots":{"index":"index","follow":"follow","max-snippet":"max-snippet:-1","max-image-preview":"max-image-preview:large","max-video-preview":"max-video-preview:-1"},"canonical":"https:\/\/www.livemag.it\/index.php\/2026\/09\/01\/al-b-band-settembre-dal-vivo-tra-bardolino-custoza-e-negrar\/","og_locale":"it_IT","og_type":"article","og_title":"Al-B.Band, settembre dal vivo tra Bardolino, Custoza e Negrar - Live Magazine","og_description":"Alberto Salaorni e Davide Rossi e i loro musicisti sanno sempre come far divertire il loro pubblico. Con la consueta energia...","og_url":"https:\/\/www.livemag.it\/index.php\/2026\/09\/01\/al-b-band-settembre-dal-vivo-tra-bardolino-custoza-e-negrar\/","og_site_name":"Live Magazine","article_publisher":"https:\/\/www.facebook.com\/LiveMag\/","article_published_time":"2026-09-01T10:55:19+00:00","article_modified_time":"2026-09-01T10:55:25+00:00","og_image":[{"width":1280,"height":837,"url":"https:\/\/www.livemag.it\/wp-content\/uploads\/2026\/09\/salaorni.jpg","type":"image\/jpeg"}],"author":"Lorenzo Tiezzi","twitter_card":"summary_large_image","twitter_creator":"@LiveNotizie","twitter_site":"@LiveNotizie","twitter_misc":{"Scritto da":"Lorenzo Tiezzi","Tempo di lettura stimato":"3 minuti"},"schema":{"@context":"https:\/\/schema.org","@graph":[{"@type":"Article","@id":"https:\/\/www.livemag.it\/index.php\/2026\/09\/01\/al-b-band-settembre-dal-vivo-tra-bardolino-custoza-e-negrar\/#article","isPartOf":{"@id":"https:\/\/www.livemag.it\/index.php\/2026\/09\/01\/al-b-band-settembre-dal-vivo-tra-bardolino-custoza-e-negrar\/"},"author":{"name":"Lorenzo Tiezzi","@id":"https:\/\/www.livemag.it\/#\/schema\/person\/c6fe2dde14ae4517f823e167a12354b6"},"headline":"Al-B.Band, settembre dal vivo tra Bardolino, Custoza e Negrar","datePublished":"2026-09-01T10:55:19+00:00","dateModified":"2026-09-01T10:55:25+00:00","mainEntityOfPage":{"@id":"https:\/\/www.livemag.it\/index.php\/2026\/09\/01\/al-b-band-settembre-dal-vivo-tra-bardolino-custoza-e-negrar\/"},"wordCount":362,"commentCount":0,"publisher":{"@id":"https:\/\/www.livemag.it\/#organization"},"image":{"@id":"https:\/\/www.livemag.it\/index.php\/2026\/09\/01\/al-b-band-settembre-dal-vivo-tra-bardolino-custoza-e-negrar\/#primaryimage"},"thumbnailUrl":"https:\/\/www.livemag.it\/wp-content\/uploads\/2026\/09\/salaorni.jpg","keywords":["salaorni"],"articleSection":["Good Life"],"inLanguage":"it-IT","potentialAction":[{"@type":"CommentAction","name":"Comment","target":["https:\/\/www.livemag.it\/index.php\/2026\/09\/01\/al-b-band-settembre-dal-vivo-tra-bardolino-custoza-e-negrar\/#respond"]}]},{"@type":"WebPage","@id":"https:\/\/www.livemag.it\/index.php\/2026\/09\/01\/al-b-band-settembre-dal-vivo-tra-bardolino-custoza-e-negrar\/","url":"https:\/\/www.livemag.it\/index.php\/2026\/09\/01\/al-b-band-settembre-dal-vivo-tra-bardolino-custoza-e-negrar\/","name":"Al-B.Band, settembre dal vivo tra Bardolino, Custoza e Negrar - Live Magazine","isPartOf":{"@id":"https:\/\/www.livemag.it\/#website"},"primaryImageOfPage":{"@id":"https:\/\/www.livemag.it\/index.php\/2026\/09\/01\/al-b-band-settembre-dal-vivo-tra-bardolino-custoza-e-negrar\/#primaryimage"},"image":{"@id":"https:\/\/www.livemag.it\/index.php\/2026\/09\/01\/al-b-band-settembre-dal-vivo-tra-bardolino-custoza-e-negrar\/#primaryimage"},"thumbnailUrl":"https:\/\/www.livemag.it\/wp-content\/uploads\/2026\/09\/salaorni.jpg","datePublished":"2026-09-01T10:55:19+00:00","dateModified":"2026-09-01T10:55:25+00:00","description":"Alberto Salaorni e Davide Rossi e i loro musicisti sanno sempre come far divertire il loro pubblico. Con la consueta energia...","breadcrumb":{"@id":"https:\/\/www.livemag.it\/index.php\/2026\/09\/01\/al-b-band-settembre-dal-vivo-tra-bardolino-custoza-e-negrar\/#breadcrumb"},"inLanguage":"it-IT","potentialAction":[{"@type":"ReadAction","target":["https:\/\/www.livemag.it\/index.php\/2026\/09\/01\/al-b-band-settembre-dal-vivo-tra-bardolino-custoza-e-negrar\/"]}]},{"@type":"ImageObject","inLanguage":"it-IT","@id":"https:\/\/www.livemag.it\/index.php\/2026\/09\/01\/al-b-band-settembre-dal-vivo-tra-bardolino-custoza-e-negrar\/#primaryimage","url":"https:\/\/www.livemag.it\/wp-content\/uploads\/2026\/09\/salaorni.jpg","contentUrl":"https:\/\/www.livemag.it\/wp-content\/uploads\/2026\/09\/salaorni.jpg","width":1280,"height":837},{"@type":"BreadcrumbList","@id":"https:\/\/www.livemag.it\/index.php\/2026\/09\/01\/al-b-band-settembre-dal-vivo-tra-bardolino-custoza-e-negrar\/#breadcrumb","itemListElement":[{"@type":"ListItem","position":1,"name":"Home","item":"https:\/\/www.livemag.it\/"},{"@type":"ListItem","position":2,"name":"Al-B.Band, settembre dal vivo tra Bardolino, Custoza e Negrar"}]},{"@type":"WebSite","@id":"https:\/\/www.livemag.it\/#website","url":"https:\/\/www.livemag.it\/","name":"Live Magazine","description":"Varie ed eventi","publisher":{"@id":"https:\/\/www.livemag.it\/#organization"},"potentialAction":[{"@type":"SearchAction","target":{"@type":"EntryPoint","urlTemplate":"https:\/\/www.livemag.it\/?s={search_term_string}"},"query-input":{"@type":"PropertyValueSpecification","valueRequired":true,"valueName":"search_term_string"}}],"inLanguage":"it-IT"},{"@type":"Organization","@id":"https:\/\/www.livemag.it\/#organization","name":"LiveMag","alternateName":"LiveMag News ed eventi","url":"https:\/\/www.livemag.it\/","logo":{"@type":"ImageObject","inLanguage":"it-IT","@id":"https:\/\/www.livemag.it\/#\/schema\/logo\/image\/","url":"https:\/\/www.livemag.it\/wp-content\/uploads\/2024\/02\/immagine-sito.jpg","contentUrl":"https:\/\/www.livemag.it\/wp-content\/uploads\/2024\/02\/immagine-sito.jpg","width":696,"height":696,"caption":"LiveMag"},"image":{"@id":"https:\/\/www.livemag.it\/#\/schema\/logo\/image\/"},"sameAs":["https:\/\/www.facebook.com\/LiveMag\/","https:\/\/x.com\/LiveNotizie","https:\/\/www.instagram.com\/livemag\/"]},{"@type":"Person","@id":"https:\/\/www.livemag.it\/#\/schema\/person\/c6fe2dde14ae4517f823e167a12354b6","name":"Lorenzo Tiezzi","image":{"@type":"ImageObject","inLanguage":"it-IT","@id":"https:\/\/secure.gravatar.com\/avatar\/055a51cbe21ba6c03af667c75f797ec8642fe78050e8602547fec943f6500144?s=96&r=g","url":"https:\/\/secure.gravatar.com\/avatar\/055a51cbe21ba6c03af667c75f797ec8642fe78050e8602547fec943f6500144?s=96&r=g","contentUrl":"https:\/\/secure.gravatar.com\/avatar\/055a51cbe21ba6c03af667c75f797ec8642fe78050e8602547fec943f6500144?s=96&r=g","caption":"Lorenzo Tiezzi"},"description":"giornalista, press office, pr","url":"https:\/\/www.livemag.it\/index.php\/author\/lorenzo-tiezzi\/"}]}},"jetpack_featured_media_url":"https:\/\/www.livemag.it\/wp-content\/uploads\/2026\/09\/salaorni.jpg","_links":{"self":[{"href":"https:\/\/www.livemag.it\/index.php\/wp-json\/wp\/v2\/posts\/84507","targetHints":{"allow":["GET"]}}],"collection":[{"href":"https:\/\/www.livemag.it\/index.php\/wp-json\/wp\/v2\/posts"}],"about":[{"href":"https:\/\/www.livemag.it\/index.php\/wp-json\/wp\/v2\/types\/post"}],"author":[{"embeddable":true,"href":"https:\/\/www.livemag.it\/index.php\/wp-json\/wp\/v2\/users\/21"}],"replies":[{"embeddable":true,"href":"https:\/\/www.livemag.it\/index.php\/wp-json\/wp\/v2\/comments?post=84507"}],"version-history":[{"count":1,"href":"https:\/\/www.livemag.it\/index.php\/wp-json\/wp\/v2\/posts\/84507\/revisions"}],"predecessor-version":[{"id":84509,"href":"https:\/\/www.livemag.it\/index.php\/wp-json\/wp\/v2\/posts\/84507\/revisions\/84509"}],"wp:featuredmedia":[{"embeddable":true,"href":"https:\/\/www.livemag.it\/index.php\/wp-json\/wp\/v2\/media\/84508"}],"wp:attachment":[{"href":"https:\/\/www.livemag.it\/index.php\/wp-json\/wp\/v2\/media?parent=84507"}],"wp:term":[{"taxonomy":"category","embeddable":true,"href":"https:\/\/www.livemag.it\/index.php\/wp-json\/wp\/v2\/categories?post=84507"},{"taxonomy":"post_tag","embeddable":true,"href":"https:\/\/www.livemag.it\/index.php\/wp-json\/wp\/v2\/tags?post=84507"}],"curies":[{"name":"wp","href":"https:\/\/api.w.org\/{rel}","templated":true}]}}