{"id":84496,"date":"2026-09-01T11:57:25","date_gmt":"2026-09-01T09:57:25","guid":{"rendered":"https:\/\/www.livemag.it\/?p=84496"},"modified":"2026-09-01T11:57:32","modified_gmt":"2026-09-01T09:57:32","slug":"4-9-patrick-topping-5-9-kharfi-al-molo-brescia","status":"publish","type":"post","link":"https:\/\/www.livemag.it\/index.php\/2026\/09\/01\/4-9-patrick-topping-5-9-kharfi-al-molo-brescia\/","title":{"rendered":"4\/9 Patrick Topping, 5\/9 Kharfi al MOLO \u2013 Brescia"},"content":{"rendered":"\n<h4 class=\"wp-block-heading\">Tra il 3 e il 5 settembre 2026 l\u2019estate Al MOLO \u2013 Brescia continua a gonfie vele. Piove? Non c\u2019\u00e8 nessun problema. Gran parte del locale e tutta la pista sono al fresco\u2026 ma al coperto. Ecco perch\u00e9 sono gi\u00e0 confermati tre party molto diversi tra loro, tutti da vivere per chi a Brescia vuole iniziare anche a settembre 2026 ballando, dopo averlo fatto per tutto agosto, Ferragosto compreso.<\/h4>\n\n\n\n<p class=\"wp-block-paragraph\">Si parte gioved\u00ec 3 settembre con l\u2019ultimo appuntamento targato F\u00ecio! e la musica e l\u2019energia di Luca Bri, About Gala, Paolo Q e Banza. F\u00ecio! \u00e8 la serata che apre il weekend e in console schiera veri professionisti dell\u2019intrattenimento, a Brescia e non solo. Appuntamento scatenato e ad alto tasso di stile, torner\u00e0 senz\u2019altro nel 2026.<\/p>\n\n\n\n<p class=\"wp-block-paragraph\">Eccoci a venerd\u00ec 4 settembre, quando, dopo una pausa agostana tutto sommato molto breve, torna Panorama, l\u2019appuntamento pi\u00f9 house e pi\u00f9 internazionale di MOLO e Circus. Al MOLO arriva questa volta Patrick Topping (nella foto). <\/p>\n\n\n\n<p class=\"wp-block-paragraph\">Patrick Topping \u00e8 uno dei nomi di spicco della tech house moderna. Porta il suo sound dalla scena underground alle piste da ballo di tutto il mondo. Da giovane produttore di Newcastle a \u201cMiglior DJ britannico\u201d, \u00e8 diventato un vero e proprio punto di riferimento per una generazione. Con la sua etichetta Trick, non sta solo plasmando il sound, ma sta plasmando la scena stessa. Tra le sue produzioni musicali, ecco \u201cBe Sharp Say Nowt\u201d (2017), una vera e propria hit tech house. <\/p>\n\n\n\n<p class=\"wp-block-paragraph\">Il brano ha dominato le classifiche mondiali e ha ottenuto la prestigiosa certificazione d\u2019argento nel Regno Unito. Tra i mille club che fa scatenare, eccone due a Ibiza: DC10 (Ibiza). Topping \u00e8 cresciuto artisticamente proprio qui come colonna portante della storica serata Paradise. Sempre sull\u2019isola della musica, \u00e8 spesso protagonista all\u2019H\u00ef Ibiza, dove ha avuto anche una residenza in Club Room.<\/p>\n\n\n\n<p class=\"wp-block-paragraph\">Il weekend di MOLO \u2013 Brescia si chiude alla grande sabato 5 settembre con il sound scatenato di Kharfi.Kharfi, ovvero Davide Kharfi, nato a Milano nel 1997, \u00e8 tra i pi\u00f9 talentuosi della scena elettronica pop e dance nazionale. <\/p>\n\n\n\n<p class=\"wp-block-paragraph\">Cresciuto con influenze hip-hop ed edm, ha debuttato giovanissimo attirando subito il supporto di giganti del settore come Albertino su m2o e Diplo su BBC Radio 1. Il suo stile unico unisce melodie pop e ritmiche uk garage, una firma sonora che lo ha portato a firmare con l\u2019etichetta Doner Music e a scalare le classifiche di Spotify. Ha calcato i palchi di importanti festival come il Nameless a Lecco, e ha aperto i concerti di star globali del calibro di Skrillex e Clean Bandit.<\/p>\n\n\n\n<p class=\"wp-block-paragraph\"><em>Riassumendo, l\u2019estate sar\u00e0 anche molto calda, ma al MOLO \u2013 Brescia si balla. Sono davvero lontani i tempi in cui a Brescia citt\u00e0 ad agosto e soprattutto a Ferragosto, si ballava poco e niente. Anche tra fine luglio e fine agosto, per un mese intero, MOLO \u2013 Brescia, resta uno scatenato Summer Playground. Resta il posto giusto per ballare e divertirsi in citt\u00e0, in piena estate. Parliamo di cinque fine settimana di party, tre party ogni weekend, dal gioved\u00ec al sabato, ovvero 15 feste da vivere, per ragazze e ragazzi bresciani.<\/em><\/p>\n\n\n\n<p class=\"wp-block-paragraph\">Ogni weekend, oltre a chi si diverte, c\u2019\u00e8 spazio anche per i tanti, tantissimi ragazzi che ogni weekend lavorano al MOLO facendo divertire i loro coetanei. E pure a chi ha qualche anno pi\u00f9 di loro e, mentre lavora, si diverte comunque. <\/p>\n\n\n\n<p class=\"wp-block-paragraph\">Cassieri, baristi, DJ, vocalist, addetti alla sicurezza, alle pulizie, alla cambusa, al servizio\u2026 Lavorare \u00e8 sempre faticoso, ma quando ci si diverte le ore passano pi\u00f9 veloci. E mentre lo si fa, si impara un mestiere che pu\u00f2 servire. Nel settore della ristorazione la richiesta di personale qualificato \u00e8 sempre alta, ad esempio.<\/p>\n\n\n\n<p class=\"wp-block-paragraph\"><em><a href=\"https:\/\/www.molobrescia.com\">60 serate da maggio a settembre<\/a>, ogni gioved\u00ec (da fine maggio) \u00e8 Fr\u00eco!, il venerd\u00ec \u00e8 Friday Format ed \u00e8 dedicato a sonorit\u00e0 diverse e particolari, il sabato sempre eventi da non perdere; nessuna pausa a Ferragosto (cos\u00ec pu\u00f2 ballare qui anche chi resta in citt\u00e0); tanti top DJ e party molto attesi. L\u2019estate al MOLO non finisce mai.<\/em><\/p>\n\n\n\n<p class=\"wp-block-paragraph\"><\/p>\n\n\n\n<p class=\"wp-block-paragraph\"><\/p>\n","protected":false},"excerpt":{"rendered":"<p>Tra il 3 e il 5 settembre 2026 l\u2019estate Al MOLO \u2013 Brescia continua a gonfie vele. Piove? Non c\u2019\u00e8 nessun problema. Gran parte del locale e tutta la pista sono al fresco\u2026 ma al coperto. Ecco perch\u00e9 sono gi\u00e0 confermati tre party molto diversi tra loro, tutti da vivere per chi a Brescia vuole [&hellip;]<\/p>\n","protected":false},"author":21,"featured_media":84498,"comment_status":"open","ping_status":"open","sticky":false,"template":"","format":"standard","meta":{"jnews-multi-image_gallery":[],"jnews_single_post":{"format":"standard"},"jnews_primary_category":[],"jnews_social_meta":[],"jnews_override_counter":[],"jnews_post_split":[],"footnotes":"","_members_access_role":[],"_members_access_error":""},"categories":[1372],"tags":[1898],"class_list":["post-84496","post","type-post","status-publish","format-standard","has-post-thumbnail","hentry","category-good-life","tag-molo"],"yoast_head":"<!-- This site is optimized with the Yoast SEO plugin v28.3 - https:\/\/yoast.com\/product\/yoast-seo-wordpress\/ -->\n<title>4\/9 Patrick Topping, 5\/9 Kharfi al MOLO \u2013 Brescia - Live Magazine<\/title>\n<meta name=\"description\" content=\"4\/9 Patrick Topping (top DJ britannico, protagonista @ DC 10 Ibiza), 5\/9 Kharfi: al MOLO \u2013 Brescia l\u2019estate continuaTra il 3 e il 5 settembre\" \/>\n<meta name=\"robots\" content=\"index, follow, max-snippet:-1, max-image-preview:large, max-video-preview:-1\" \/>\n<link rel=\"canonical\" href=\"https:\/\/www.livemag.it\/index.php\/2026\/09\/01\/4-9-patrick-topping-5-9-kharfi-al-molo-brescia\/\" \/>\n<meta property=\"og:locale\" content=\"it_IT\" \/>\n<meta property=\"og:type\" content=\"article\" \/>\n<meta property=\"og:title\" content=\"4\/9 Patrick Topping, 5\/9 Kharfi al MOLO \u2013 Brescia - Live Magazine\" \/>\n<meta property=\"og:description\" content=\"4\/9 Patrick Topping (top DJ britannico, protagonista @ DC 10 Ibiza), 5\/9 Kharfi: al MOLO \u2013 Brescia l\u2019estate continuaTra il 3 e il 5 settembre\" \/>\n<meta property=\"og:url\" content=\"https:\/\/www.livemag.it\/index.php\/2026\/09\/01\/4-9-patrick-topping-5-9-kharfi-al-molo-brescia\/\" \/>\n<meta property=\"og:site_name\" content=\"Live Magazine\" \/>\n<meta property=\"article:publisher\" content=\"https:\/\/www.facebook.com\/LiveMag\/\" \/>\n<meta property=\"article:published_time\" content=\"2026-09-01T09:57:25+00:00\" \/>\n<meta property=\"article:modified_time\" content=\"2026-09-01T09:57:32+00:00\" \/>\n<meta property=\"og:image\" content=\"https:\/\/www.livemag.it\/wp-content\/uploads\/2026\/09\/patrcik-topping-molo-brescia.jpg\" \/>\n\t<meta property=\"og:image:width\" content=\"1024\" \/>\n\t<meta property=\"og:image:height\" content=\"735\" \/>\n\t<meta property=\"og:image:type\" content=\"image\/jpeg\" \/>\n<meta name=\"author\" content=\"Lorenzo Tiezzi\" \/>\n<meta name=\"twitter:card\" content=\"summary_large_image\" \/>\n<meta name=\"twitter:creator\" content=\"@LiveNotizie\" \/>\n<meta name=\"twitter:site\" content=\"@LiveNotizie\" \/>\n<meta name=\"twitter:label1\" content=\"Scritto da\" \/>\n\t<meta name=\"twitter:data1\" content=\"Lorenzo Tiezzi\" \/>\n\t<meta name=\"twitter:label2\" content=\"Tempo di lettura stimato\" \/>\n\t<meta name=\"twitter:data2\" content=\"4 minuti\" \/>\n<script type=\"application\/ld+json\" class=\"yoast-schema-graph\">{\"@context\":\"https:\\\/\\\/schema.org\",\"@graph\":[{\"@type\":\"Article\",\"@id\":\"https:\\\/\\\/www.livemag.it\\\/index.php\\\/2026\\\/09\\\/01\\\/4-9-patrick-topping-5-9-kharfi-al-molo-brescia\\\/#article\",\"isPartOf\":{\"@id\":\"https:\\\/\\\/www.livemag.it\\\/index.php\\\/2026\\\/09\\\/01\\\/4-9-patrick-topping-5-9-kharfi-al-molo-brescia\\\/\"},\"author\":{\"name\":\"Lorenzo Tiezzi\",\"@id\":\"https:\\\/\\\/www.livemag.it\\\/#\\\/schema\\\/person\\\/c6fe2dde14ae4517f823e167a12354b6\"},\"headline\":\"4\\\/9 Patrick Topping, 5\\\/9 Kharfi al MOLO \u2013 Brescia\",\"datePublished\":\"2026-09-01T09:57:25+00:00\",\"dateModified\":\"2026-09-01T09:57:32+00:00\",\"mainEntityOfPage\":{\"@id\":\"https:\\\/\\\/www.livemag.it\\\/index.php\\\/2026\\\/09\\\/01\\\/4-9-patrick-topping-5-9-kharfi-al-molo-brescia\\\/\"},\"wordCount\":668,\"commentCount\":0,\"publisher\":{\"@id\":\"https:\\\/\\\/www.livemag.it\\\/#organization\"},\"image\":{\"@id\":\"https:\\\/\\\/www.livemag.it\\\/index.php\\\/2026\\\/09\\\/01\\\/4-9-patrick-topping-5-9-kharfi-al-molo-brescia\\\/#primaryimage\"},\"thumbnailUrl\":\"https:\\\/\\\/www.livemag.it\\\/wp-content\\\/uploads\\\/2026\\\/09\\\/patrcik-topping-molo-brescia.jpg\",\"keywords\":[\"molo\"],\"articleSection\":[\"Good Life\"],\"inLanguage\":\"it-IT\",\"potentialAction\":[{\"@type\":\"CommentAction\",\"name\":\"Comment\",\"target\":[\"https:\\\/\\\/www.livemag.it\\\/index.php\\\/2026\\\/09\\\/01\\\/4-9-patrick-topping-5-9-kharfi-al-molo-brescia\\\/#respond\"]}]},{\"@type\":\"WebPage\",\"@id\":\"https:\\\/\\\/www.livemag.it\\\/index.php\\\/2026\\\/09\\\/01\\\/4-9-patrick-topping-5-9-kharfi-al-molo-brescia\\\/\",\"url\":\"https:\\\/\\\/www.livemag.it\\\/index.php\\\/2026\\\/09\\\/01\\\/4-9-patrick-topping-5-9-kharfi-al-molo-brescia\\\/\",\"name\":\"4\\\/9 Patrick Topping, 5\\\/9 Kharfi al MOLO \u2013 Brescia - Live Magazine\",\"isPartOf\":{\"@id\":\"https:\\\/\\\/www.livemag.it\\\/#website\"},\"primaryImageOfPage\":{\"@id\":\"https:\\\/\\\/www.livemag.it\\\/index.php\\\/2026\\\/09\\\/01\\\/4-9-patrick-topping-5-9-kharfi-al-molo-brescia\\\/#primaryimage\"},\"image\":{\"@id\":\"https:\\\/\\\/www.livemag.it\\\/index.php\\\/2026\\\/09\\\/01\\\/4-9-patrick-topping-5-9-kharfi-al-molo-brescia\\\/#primaryimage\"},\"thumbnailUrl\":\"https:\\\/\\\/www.livemag.it\\\/wp-content\\\/uploads\\\/2026\\\/09\\\/patrcik-topping-molo-brescia.jpg\",\"datePublished\":\"2026-09-01T09:57:25+00:00\",\"dateModified\":\"2026-09-01T09:57:32+00:00\",\"description\":\"4\\\/9 Patrick Topping (top DJ britannico, protagonista @ DC 10 Ibiza), 5\\\/9 Kharfi: al MOLO \u2013 Brescia l\u2019estate continuaTra il 3 e il 5 settembre\",\"breadcrumb\":{\"@id\":\"https:\\\/\\\/www.livemag.it\\\/index.php\\\/2026\\\/09\\\/01\\\/4-9-patrick-topping-5-9-kharfi-al-molo-brescia\\\/#breadcrumb\"},\"inLanguage\":\"it-IT\",\"potentialAction\":[{\"@type\":\"ReadAction\",\"target\":[\"https:\\\/\\\/www.livemag.it\\\/index.php\\\/2026\\\/09\\\/01\\\/4-9-patrick-topping-5-9-kharfi-al-molo-brescia\\\/\"]}]},{\"@type\":\"ImageObject\",\"inLanguage\":\"it-IT\",\"@id\":\"https:\\\/\\\/www.livemag.it\\\/index.php\\\/2026\\\/09\\\/01\\\/4-9-patrick-topping-5-9-kharfi-al-molo-brescia\\\/#primaryimage\",\"url\":\"https:\\\/\\\/www.livemag.it\\\/wp-content\\\/uploads\\\/2026\\\/09\\\/patrcik-topping-molo-brescia.jpg\",\"contentUrl\":\"https:\\\/\\\/www.livemag.it\\\/wp-content\\\/uploads\\\/2026\\\/09\\\/patrcik-topping-molo-brescia.jpg\",\"width\":1024,\"height\":735},{\"@type\":\"BreadcrumbList\",\"@id\":\"https:\\\/\\\/www.livemag.it\\\/index.php\\\/2026\\\/09\\\/01\\\/4-9-patrick-topping-5-9-kharfi-al-molo-brescia\\\/#breadcrumb\",\"itemListElement\":[{\"@type\":\"ListItem\",\"position\":1,\"name\":\"Home\",\"item\":\"https:\\\/\\\/www.livemag.it\\\/\"},{\"@type\":\"ListItem\",\"position\":2,\"name\":\"4\\\/9 Patrick Topping, 5\\\/9 Kharfi al MOLO \u2013 Brescia\"}]},{\"@type\":\"WebSite\",\"@id\":\"https:\\\/\\\/www.livemag.it\\\/#website\",\"url\":\"https:\\\/\\\/www.livemag.it\\\/\",\"name\":\"Live Magazine\",\"description\":\"Varie ed eventi\",\"publisher\":{\"@id\":\"https:\\\/\\\/www.livemag.it\\\/#organization\"},\"potentialAction\":[{\"@type\":\"SearchAction\",\"target\":{\"@type\":\"EntryPoint\",\"urlTemplate\":\"https:\\\/\\\/www.livemag.it\\\/?s={search_term_string}\"},\"query-input\":{\"@type\":\"PropertyValueSpecification\",\"valueRequired\":true,\"valueName\":\"search_term_string\"}}],\"inLanguage\":\"it-IT\"},{\"@type\":\"Organization\",\"@id\":\"https:\\\/\\\/www.livemag.it\\\/#organization\",\"name\":\"LiveMag\",\"alternateName\":\"LiveMag News ed eventi\",\"url\":\"https:\\\/\\\/www.livemag.it\\\/\",\"logo\":{\"@type\":\"ImageObject\",\"inLanguage\":\"it-IT\",\"@id\":\"https:\\\/\\\/www.livemag.it\\\/#\\\/schema\\\/logo\\\/image\\\/\",\"url\":\"https:\\\/\\\/www.livemag.it\\\/wp-content\\\/uploads\\\/2024\\\/02\\\/immagine-sito.jpg\",\"contentUrl\":\"https:\\\/\\\/www.livemag.it\\\/wp-content\\\/uploads\\\/2024\\\/02\\\/immagine-sito.jpg\",\"width\":696,\"height\":696,\"caption\":\"LiveMag\"},\"image\":{\"@id\":\"https:\\\/\\\/www.livemag.it\\\/#\\\/schema\\\/logo\\\/image\\\/\"},\"sameAs\":[\"https:\\\/\\\/www.facebook.com\\\/LiveMag\\\/\",\"https:\\\/\\\/x.com\\\/LiveNotizie\",\"https:\\\/\\\/www.instagram.com\\\/livemag\\\/\"]},{\"@type\":\"Person\",\"@id\":\"https:\\\/\\\/www.livemag.it\\\/#\\\/schema\\\/person\\\/c6fe2dde14ae4517f823e167a12354b6\",\"name\":\"Lorenzo Tiezzi\",\"image\":{\"@type\":\"ImageObject\",\"inLanguage\":\"it-IT\",\"@id\":\"https:\\\/\\\/secure.gravatar.com\\\/avatar\\\/055a51cbe21ba6c03af667c75f797ec8642fe78050e8602547fec943f6500144?s=96&r=g\",\"url\":\"https:\\\/\\\/secure.gravatar.com\\\/avatar\\\/055a51cbe21ba6c03af667c75f797ec8642fe78050e8602547fec943f6500144?s=96&r=g\",\"contentUrl\":\"https:\\\/\\\/secure.gravatar.com\\\/avatar\\\/055a51cbe21ba6c03af667c75f797ec8642fe78050e8602547fec943f6500144?s=96&r=g\",\"caption\":\"Lorenzo Tiezzi\"},\"description\":\"giornalista, press office, pr\",\"url\":\"https:\\\/\\\/www.livemag.it\\\/index.php\\\/author\\\/lorenzo-tiezzi\\\/\"}]}<\/script>\n<!-- \/ Yoast SEO plugin. -->","yoast_head_json":{"title":"4\/9 Patrick Topping, 5\/9 Kharfi al MOLO \u2013 Brescia - Live Magazine","description":"4\/9 Patrick Topping (top DJ britannico, protagonista @ DC 10 Ibiza), 5\/9 Kharfi: al MOLO \u2013 Brescia l\u2019estate continuaTra il 3 e il 5 settembre","robots":{"index":"index","follow":"follow","max-snippet":"max-snippet:-1","max-image-preview":"max-image-preview:large","max-video-preview":"max-video-preview:-1"},"canonical":"https:\/\/www.livemag.it\/index.php\/2026\/09\/01\/4-9-patrick-topping-5-9-kharfi-al-molo-brescia\/","og_locale":"it_IT","og_type":"article","og_title":"4\/9 Patrick Topping, 5\/9 Kharfi al MOLO \u2013 Brescia - Live Magazine","og_description":"4\/9 Patrick Topping (top DJ britannico, protagonista @ DC 10 Ibiza), 5\/9 Kharfi: al MOLO \u2013 Brescia l\u2019estate continuaTra il 3 e il 5 settembre","og_url":"https:\/\/www.livemag.it\/index.php\/2026\/09\/01\/4-9-patrick-topping-5-9-kharfi-al-molo-brescia\/","og_site_name":"Live Magazine","article_publisher":"https:\/\/www.facebook.com\/LiveMag\/","article_published_time":"2026-09-01T09:57:25+00:00","article_modified_time":"2026-09-01T09:57:32+00:00","og_image":[{"width":1024,"height":735,"url":"https:\/\/www.livemag.it\/wp-content\/uploads\/2026\/09\/patrcik-topping-molo-brescia.jpg","type":"image\/jpeg"}],"author":"Lorenzo Tiezzi","twitter_card":"summary_large_image","twitter_creator":"@LiveNotizie","twitter_site":"@LiveNotizie","twitter_misc":{"Scritto da":"Lorenzo Tiezzi","Tempo di lettura stimato":"4 minuti"},"schema":{"@context":"https:\/\/schema.org","@graph":[{"@type":"Article","@id":"https:\/\/www.livemag.it\/index.php\/2026\/09\/01\/4-9-patrick-topping-5-9-kharfi-al-molo-brescia\/#article","isPartOf":{"@id":"https:\/\/www.livemag.it\/index.php\/2026\/09\/01\/4-9-patrick-topping-5-9-kharfi-al-molo-brescia\/"},"author":{"name":"Lorenzo Tiezzi","@id":"https:\/\/www.livemag.it\/#\/schema\/person\/c6fe2dde14ae4517f823e167a12354b6"},"headline":"4\/9 Patrick Topping, 5\/9 Kharfi al MOLO \u2013 Brescia","datePublished":"2026-09-01T09:57:25+00:00","dateModified":"2026-09-01T09:57:32+00:00","mainEntityOfPage":{"@id":"https:\/\/www.livemag.it\/index.php\/2026\/09\/01\/4-9-patrick-topping-5-9-kharfi-al-molo-brescia\/"},"wordCount":668,"commentCount":0,"publisher":{"@id":"https:\/\/www.livemag.it\/#organization"},"image":{"@id":"https:\/\/www.livemag.it\/index.php\/2026\/09\/01\/4-9-patrick-topping-5-9-kharfi-al-molo-brescia\/#primaryimage"},"thumbnailUrl":"https:\/\/www.livemag.it\/wp-content\/uploads\/2026\/09\/patrcik-topping-molo-brescia.jpg","keywords":["molo"],"articleSection":["Good Life"],"inLanguage":"it-IT","potentialAction":[{"@type":"CommentAction","name":"Comment","target":["https:\/\/www.livemag.it\/index.php\/2026\/09\/01\/4-9-patrick-topping-5-9-kharfi-al-molo-brescia\/#respond"]}]},{"@type":"WebPage","@id":"https:\/\/www.livemag.it\/index.php\/2026\/09\/01\/4-9-patrick-topping-5-9-kharfi-al-molo-brescia\/","url":"https:\/\/www.livemag.it\/index.php\/2026\/09\/01\/4-9-patrick-topping-5-9-kharfi-al-molo-brescia\/","name":"4\/9 Patrick Topping, 5\/9 Kharfi al MOLO \u2013 Brescia - Live Magazine","isPartOf":{"@id":"https:\/\/www.livemag.it\/#website"},"primaryImageOfPage":{"@id":"https:\/\/www.livemag.it\/index.php\/2026\/09\/01\/4-9-patrick-topping-5-9-kharfi-al-molo-brescia\/#primaryimage"},"image":{"@id":"https:\/\/www.livemag.it\/index.php\/2026\/09\/01\/4-9-patrick-topping-5-9-kharfi-al-molo-brescia\/#primaryimage"},"thumbnailUrl":"https:\/\/www.livemag.it\/wp-content\/uploads\/2026\/09\/patrcik-topping-molo-brescia.jpg","datePublished":"2026-09-01T09:57:25+00:00","dateModified":"2026-09-01T09:57:32+00:00","description":"4\/9 Patrick Topping (top DJ britannico, protagonista @ DC 10 Ibiza), 5\/9 Kharfi: al MOLO \u2013 Brescia l\u2019estate continuaTra il 3 e il 5 settembre","breadcrumb":{"@id":"https:\/\/www.livemag.it\/index.php\/2026\/09\/01\/4-9-patrick-topping-5-9-kharfi-al-molo-brescia\/#breadcrumb"},"inLanguage":"it-IT","potentialAction":[{"@type":"ReadAction","target":["https:\/\/www.livemag.it\/index.php\/2026\/09\/01\/4-9-patrick-topping-5-9-kharfi-al-molo-brescia\/"]}]},{"@type":"ImageObject","inLanguage":"it-IT","@id":"https:\/\/www.livemag.it\/index.php\/2026\/09\/01\/4-9-patrick-topping-5-9-kharfi-al-molo-brescia\/#primaryimage","url":"https:\/\/www.livemag.it\/wp-content\/uploads\/2026\/09\/patrcik-topping-molo-brescia.jpg","contentUrl":"https:\/\/www.livemag.it\/wp-content\/uploads\/2026\/09\/patrcik-topping-molo-brescia.jpg","width":1024,"height":735},{"@type":"BreadcrumbList","@id":"https:\/\/www.livemag.it\/index.php\/2026\/09\/01\/4-9-patrick-topping-5-9-kharfi-al-molo-brescia\/#breadcrumb","itemListElement":[{"@type":"ListItem","position":1,"name":"Home","item":"https:\/\/www.livemag.it\/"},{"@type":"ListItem","position":2,"name":"4\/9 Patrick Topping, 5\/9 Kharfi al MOLO \u2013 Brescia"}]},{"@type":"WebSite","@id":"https:\/\/www.livemag.it\/#website","url":"https:\/\/www.livemag.it\/","name":"Live Magazine","description":"Varie ed eventi","publisher":{"@id":"https:\/\/www.livemag.it\/#organization"},"potentialAction":[{"@type":"SearchAction","target":{"@type":"EntryPoint","urlTemplate":"https:\/\/www.livemag.it\/?s={search_term_string}"},"query-input":{"@type":"PropertyValueSpecification","valueRequired":true,"valueName":"search_term_string"}}],"inLanguage":"it-IT"},{"@type":"Organization","@id":"https:\/\/www.livemag.it\/#organization","name":"LiveMag","alternateName":"LiveMag News ed eventi","url":"https:\/\/www.livemag.it\/","logo":{"@type":"ImageObject","inLanguage":"it-IT","@id":"https:\/\/www.livemag.it\/#\/schema\/logo\/image\/","url":"https:\/\/www.livemag.it\/wp-content\/uploads\/2024\/02\/immagine-sito.jpg","contentUrl":"https:\/\/www.livemag.it\/wp-content\/uploads\/2024\/02\/immagine-sito.jpg","width":696,"height":696,"caption":"LiveMag"},"image":{"@id":"https:\/\/www.livemag.it\/#\/schema\/logo\/image\/"},"sameAs":["https:\/\/www.facebook.com\/LiveMag\/","https:\/\/x.com\/LiveNotizie","https:\/\/www.instagram.com\/livemag\/"]},{"@type":"Person","@id":"https:\/\/www.livemag.it\/#\/schema\/person\/c6fe2dde14ae4517f823e167a12354b6","name":"Lorenzo Tiezzi","image":{"@type":"ImageObject","inLanguage":"it-IT","@id":"https:\/\/secure.gravatar.com\/avatar\/055a51cbe21ba6c03af667c75f797ec8642fe78050e8602547fec943f6500144?s=96&r=g","url":"https:\/\/secure.gravatar.com\/avatar\/055a51cbe21ba6c03af667c75f797ec8642fe78050e8602547fec943f6500144?s=96&r=g","contentUrl":"https:\/\/secure.gravatar.com\/avatar\/055a51cbe21ba6c03af667c75f797ec8642fe78050e8602547fec943f6500144?s=96&r=g","caption":"Lorenzo Tiezzi"},"description":"giornalista, press office, pr","url":"https:\/\/www.livemag.it\/index.php\/author\/lorenzo-tiezzi\/"}]}},"jetpack_featured_media_url":"https:\/\/www.livemag.it\/wp-content\/uploads\/2026\/09\/patrcik-topping-molo-brescia.jpg","_links":{"self":[{"href":"https:\/\/www.livemag.it\/index.php\/wp-json\/wp\/v2\/posts\/84496","targetHints":{"allow":["GET"]}}],"collection":[{"href":"https:\/\/www.livemag.it\/index.php\/wp-json\/wp\/v2\/posts"}],"about":[{"href":"https:\/\/www.livemag.it\/index.php\/wp-json\/wp\/v2\/types\/post"}],"author":[{"embeddable":true,"href":"https:\/\/www.livemag.it\/index.php\/wp-json\/wp\/v2\/users\/21"}],"replies":[{"embeddable":true,"href":"https:\/\/www.livemag.it\/index.php\/wp-json\/wp\/v2\/comments?post=84496"}],"version-history":[{"count":1,"href":"https:\/\/www.livemag.it\/index.php\/wp-json\/wp\/v2\/posts\/84496\/revisions"}],"predecessor-version":[{"id":84499,"href":"https:\/\/www.livemag.it\/index.php\/wp-json\/wp\/v2\/posts\/84496\/revisions\/84499"}],"wp:featuredmedia":[{"embeddable":true,"href":"https:\/\/www.livemag.it\/index.php\/wp-json\/wp\/v2\/media\/84498"}],"wp:attachment":[{"href":"https:\/\/www.livemag.it\/index.php\/wp-json\/wp\/v2\/media?parent=84496"}],"wp:term":[{"taxonomy":"category","embeddable":true,"href":"https:\/\/www.livemag.it\/index.php\/wp-json\/wp\/v2\/categories?post=84496"},{"taxonomy":"post_tag","embeddable":true,"href":"https:\/\/www.livemag.it\/index.php\/wp-json\/wp\/v2\/tags?post=84496"}],"curies":[{"name":"wp","href":"https:\/\/api.w.org\/{rel}","templated":true}]}}