{"id":84486,"date":"2026-08-31T23:04:41","date_gmt":"2026-08-31T21:04:41","guid":{"rendered":"https:\/\/www.livemag.it\/index.php\/2026\/08\/31\/milano-beauty-week-loreal-italia-protagonista-tra-innovazione-e-sostenibilita\/"},"modified":"2026-08-31T23:04:41","modified_gmt":"2026-08-31T21:04:41","slug":"milano-beauty-week-loreal-italia-protagonista-tra-innovazione-e-sostenibilita","status":"publish","type":"post","link":"https:\/\/www.livemag.it\/index.php\/2026\/08\/31\/milano-beauty-week-loreal-italia-protagonista-tra-innovazione-e-sostenibilita\/","title":{"rendered":"Milano Beauty Week, L\u2019Oreal Italia protagonista tra innovazione e sostenibilit\u00e0"},"content":{"rendered":"<div>\n<p>MILANO (ITALPRESS) \u2013 Milano si prepara a vivere una nuova edizione della Beauty Week all\u2019insegna della bellezza. L\u2019Or\u00e8al Italia porter\u00e0 in diversi angoli della citt\u00e0 un calendario di iniziative gratuite pensate per coinvolgere il pubblico, trasformando alcune delle location pi\u00f9 rappresentative del capoluogo, dal Castello Sforzesco a Corso Vittorio Emanuele, da Piazza San Babila a Piazza 25 Aprile, in veri e propri punti d\u2019incontro dedicati al mondo beauty.<br \/>Saranno dieci i brand del Gruppo coinvolti \u2013 L\u2019Or\u00e8al Paris, Garnier, NYX Professional Makeup, Vichy, CeraVe, Color Wow, Armani Beauty, Lancome, Mugler e YSL Beauty \u2013 le cui attivit\u00e0 si articoleranno attorno a quattro direttrici strategiche: Innovazione e Longevity Science, Intrattenimento e Gen-Z Culture, Sostenibilit\u00e0 e modelli circolari e Impatto sociale e territorio.<br \/>\u00abLa Milano Beauty Week rappresenta un appuntamento imprescindibile per il nostro settore, capace di valorizzare la dimensione culturale, scientifica ed economica dell\u2019industria cosmetica e di celebrarne la continua evoluzione \u2013 dichiara Ninell Sobiecka, Presidente e Amministratore Delegato di L\u2019Or\u00e8al Italia \u2013 Essere presenti nei luoghi simbolo di Milano con dieci dei nostri brand significa per noi rinnovare un dialogo vivo con la citt\u00e0, promuovendo una bellezza autentica, inclusiva, responsabile e guidata dall\u2019innovazione\u00bb.<br \/>La ricerca scientifica e l\u2019innovazione dermocosmetica saranno al centro dei pop up firmati dai brand Vichy, L\u2019Or\u00e8al Paris, Garnier e Color Wow, dal 16 al 20 settembre. All\u2019interno dei pop-up, i visitatori potranno vivere un\u2019esperienza esclusiva: analisi cutanee gratuite con consulenti dermocosmetiche, trattamenti relax dedicati e consulenze personalizzate con hairstylist professionisti. In particolare: Vichy (Piazza San Babila) presenter\u00e0 l\u2019innovativo protocollo skincare \u201cIN&amp;OUT\u201d, che unisce l\u2019efficacia topica del siero Liftactiv Collagen 16 (che corregge i 16 segni dell\u2019et\u00e0) all\u2019azione interna di Liftactiv Collagen Integratore Alimentare, a base di collagene estratto dalla membrana del guscio d\u2019uovo, acido ialuronico ed elastina.<br \/>L\u2019Or\u00e8al Paris (Piazza XXV Aprile) lancer\u00e0 l\u2019innovazione dell\u2019iconico siero Revitalift Filler, oggi arricchito con il PDRN, l\u2019ingrediente protagonista dei trend attuali skincare. Il pop-up sar\u00e0 uno spazio immersivo che coniugher\u00e0 il DNA scientifico del brand con un\u2019esperienza coinvolgente a 360 gradi.<br \/>Garnier (Piazza Castello) porter\u00e0 nel cuore della citt\u00e0 il Vitamin C Bar, un pop-up esperienziale dedicato alla gamma skincare Vitamina C, pensato per raccontare la filosofia High-Tech Nature di Garnier e il suo approccio Look Good &amp; Feel Good Beauty.<br \/>I visitatori potranno immergersi nell\u2019universo Garnier, il pi\u00f9 grande marchio di bellezza al mondo approvato da Cruelty Free International, attraverso consulenze skincare personalizzate ed experience interattive, oltre a ricevere samples e un freschissimo sorbetto. <br \/>Color Wow (Piazza San Babila) debutter\u00e0 in anteprima mondiale con Dream Coat, la cui innovazione chiave \u00e8 una tecnologia polimerica termo-attivata che crea uno scudo idrorepellente invisibile per un effetto anticrespo, antiumidit\u00e0 e glass hair. La cultura della bellezza incontra la musica, la socialit\u00e0 e l\u2019intrattenimento grazie alle esperienze immersive di NYX Professional Makeup e CeraVe dedicate alle nuove generazioni: NYX Professional Makeup, il brand di make-up professionale e accessibile amato dalla Gen-Z, animer\u00e0 dal 16 al 20 settembre Piazza San Babila con un esclusivo pop-up a tema American Diner, nel quale prender\u00e0 vita la nuova campagna globale If You NYX, You Know Volume 2. I visitatori potranno usufruire di servizi di make-up retouch affidati a make-up artist professionisti.<br \/>CeraVe: il 19 e 20 settembre, presso la Terrazza Martini, il brand presenter\u00e0 il Glow Club, un evento esclusivo di soft clubbing che unisce skincare, musica e condivisione.<br \/>Protagonista dell\u2019esperienza saranno il Siero con Vitamina C e il nuovissimo Detergente illuminante inserito in un racconto dedicato alla luminosit\u00e0 e al glow up della pelle.<br \/>L\u2019iniziativa prevede anche sessioni di skin test, prove prodotto, esperienze emozionali e momenti di ricarica interiore con spremute di arancia.<br \/>Armani Beauty (Rinascente Milano Piazza Duomo): il brand celebrer\u00e0 il lancio della nuova fragranza maschile Giorgio Armani trasformando il prestigioso department store e la piazza antistante in un palcoscenico d\u2019eccezione con un brand takeover che coinvolger\u00e0 vetrine, facciata e ambienti interni, articolandosi in due aree principali: \u2013 Il pop-up esterno (dal 16 al 20 settembre), concepito come un set cinematografico con glam cam, offrir\u00e0 ai visitatori l\u2019opportunit\u00e0 di diventare protagonisti di un video in stile hollywoodiano. Ospiter\u00e0 inoltre un ricco calendario di appuntamenti, tra cui la registrazione del podcast \u201cPassa dal BSMT\u201d di Gianluca Gazzoli (16 settembre) e sessioni aperte al pubblico di fragrance discovery (dal 17 al 20 settembre), al termine delle quali i consumatori riceveranno un omaggio e un ticket per il pop-up interno.<br \/>\u2013 Il pop-up interno (Piano -1): i consumatori potranno esplorare la nuova fragranza attraverso attivit\u00e0 interattive, servizi di personalizzazione, sessioni di make-up dedicate e momenti di scoperta sensoriale.<br \/>Il progetto di sensibilizzazione #JoinTheRefillMovement, volto a educare i consumatori verso un modello di consumo circolare, sar\u00e0 il fil rouge dell\u2019imponente spazio firmato da Lanc\u00f2me, Mugler e YSL Beauty nel cuore di Piazza San Babila \u2013 dal 16 al 20 settembre.<br \/>L\u2019esperienza si svilupper\u00e0 in un percorso diviso in due atti, che fonde l\u2019estetica di una galleria d\u2019arte con l\u2019innovazione sostenibile: Primo atto: La Fragrance \u2013 Uno spazio ispirato al mondo dell\u2019arte contemporanea, dove al posto dei quadri sulle pareti verranno esposte fragranze iconiche. Attraverso appositi pannelli, i visitatori saranno guidati alla scoperta del concetto di \u201clusso durevole\u201d, evidenziando come la scelta della ricarica (refill) unisca il piacere di un design d\u2019alta gamma alla responsabilit\u00e0 verso il pianeta.<br \/>Secondo atto: La Refill Room \u2013 Un\u2019area dedicata a mostrare la semplicit\u00e0 pratica del gesto di ricarica. L\u2019esperienza si arricchisce di una postazione ludica e interattiva ispirata alle console dei videogiochi degli anni Novanta, invitando il pubblico a esplorare la filosofia del refill in modo creativo e coinvolgente, portando con s\u00e8 un ricordo dell\u2019evento. <br \/>In occasione della Milano Beauty Week, L\u2019Or\u00e8al Italia rinnova il proprio impegno a favore della collettivit\u00e0 aderendo alle iniziative benefiche \u201cBeauty Gives Back\u201d e \u201cLove is in the Hair\u201d, a sostegno de La forza e il sorriso E.T.S, ente patrocinato da Cosmetica Italia \u2013 Associazione nazionale delle imprese cosmetiche.<br \/>Nelle giornate del 19 e 20 settembre, presso Palazzo Castiglioni, i visitatori potranno sostenere l\u2019Associazione attraverso due attivit\u00e0 solidali: Beauty Gives Back \u2013 a fronte di una donazione liberale, sar\u00e0 possibile scegliere una selezione di prodotti cosmetici messi a disposizione dall\u2019azienda e dalle altre imprese aderenti. Love is in the Hair: nelle fasce orarie gestite dall\u2019azienda, verranno utilizzati i prodotti L\u2019Or\u00e8al Professionnel, in collaborazione con Compagnia della Bellezza. Hairstylist professionisti offriranno servizi di hairstyling a fronte di una donazione consigliata.<br \/>Il ricavato andr\u00e0 a sostegno della mission de La forza e il sorriso E.T.S., contribuendo a diffondere in tutta Italia i laboratori di bellezza e benessere gratuiti per persone in trattamento oncologico, con l\u2019obiettivo di aiutarle a ritrovare fiducia in s\u00e8 stesse e riscoprire la propria identit\u00e0 durante il percorso di cura.<br \/>-foto ufficio stampa L\u2019Oreal \u2013 <br \/>(ITALPRESS).<\/p>\n<\/div>\n","protected":false},"excerpt":{"rendered":"<p>MILANO (ITALPRESS) \u2013 Milano si prepara a vivere una nuova edizione della Beauty Week all\u2019insegna della bellezza. L\u2019Or\u00e8al Italia porter\u00e0 in diversi angoli della citt\u00e0 un calendario di iniziative gratuite pensate per coinvolgere il pubblico, trasformando alcune delle location pi\u00f9 rappresentative del capoluogo, dal Castello Sforzesco a Corso Vittorio Emanuele, da Piazza San Babila a [&hellip;]<\/p>\n","protected":false},"author":16,"featured_media":84487,"comment_status":"closed","ping_status":"closed","sticky":false,"template":"","format":"standard","meta":{"jnews-multi-image_gallery":[],"jnews_single_post":[],"jnews_primary_category":[],"jnews_social_meta":[],"jnews_override_counter":[],"jnews_post_split":[],"footnotes":"","_members_access_role":[],"_members_access_error":""},"categories":[1129],"tags":[],"class_list":["post-84486","post","type-post","status-publish","format-standard","has-post-thumbnail","hentry","category-mondo"],"yoast_head":"<!-- This site is optimized with the Yoast SEO plugin v28.3 - https:\/\/yoast.com\/product\/yoast-seo-wordpress\/ -->\n<title>Milano Beauty Week, L\u2019Oreal Italia protagonista tra innovazione e sostenibilit\u00e0 - Live Magazine<\/title>\n<meta name=\"robots\" content=\"index, follow, max-snippet:-1, max-image-preview:large, max-video-preview:-1\" \/>\n<link rel=\"canonical\" href=\"https:\/\/www.livemag.it\/index.php\/2026\/08\/31\/milano-beauty-week-loreal-italia-protagonista-tra-innovazione-e-sostenibilita\/\" \/>\n<meta property=\"og:locale\" content=\"it_IT\" \/>\n<meta property=\"og:type\" content=\"article\" \/>\n<meta property=\"og:title\" content=\"Milano Beauty Week, L\u2019Oreal Italia protagonista tra innovazione e sostenibilit\u00e0 - Live Magazine\" \/>\n<meta property=\"og:description\" content=\"MILANO (ITALPRESS) \u2013 Milano si prepara a vivere una nuova edizione della Beauty Week all\u2019insegna della bellezza. L\u2019Or\u00e8al Italia porter\u00e0 in diversi angoli della citt\u00e0 un calendario di iniziative gratuite pensate per coinvolgere il pubblico, trasformando alcune delle location pi\u00f9 rappresentative del capoluogo, dal Castello Sforzesco a Corso Vittorio Emanuele, da Piazza San Babila a [&hellip;]\" \/>\n<meta property=\"og:url\" content=\"https:\/\/www.livemag.it\/index.php\/2026\/08\/31\/milano-beauty-week-loreal-italia-protagonista-tra-innovazione-e-sostenibilita\/\" \/>\n<meta property=\"og:site_name\" content=\"Live Magazine\" \/>\n<meta property=\"article:publisher\" content=\"https:\/\/www.facebook.com\/LiveMag\/\" \/>\n<meta property=\"article:published_time\" content=\"2026-08-31T21:04:41+00:00\" \/>\n<meta property=\"og:image\" content=\"https:\/\/www.livemag.it\/wp-content\/uploads\/2024\/02\/ograph.jpg\" \/>\n\t<meta property=\"og:image:width\" content=\"1200\" \/>\n\t<meta property=\"og:image:height\" content=\"675\" \/>\n\t<meta property=\"og:image:type\" content=\"image\/jpeg\" \/>\n<meta name=\"author\" content=\"italpress\" \/>\n<meta name=\"twitter:card\" content=\"summary_large_image\" \/>\n<meta name=\"twitter:creator\" content=\"@LiveNotizie\" \/>\n<meta name=\"twitter:site\" content=\"@LiveNotizie\" \/>\n<meta name=\"twitter:label1\" content=\"Scritto da\" \/>\n\t<meta name=\"twitter:data1\" content=\"italpress\" \/>\n\t<meta name=\"twitter:label2\" content=\"Tempo di lettura stimato\" \/>\n\t<meta name=\"twitter:data2\" content=\"6 minuti\" \/>\n<script type=\"application\/ld+json\" class=\"yoast-schema-graph\">{\"@context\":\"https:\\\/\\\/schema.org\",\"@graph\":[{\"@type\":\"Article\",\"@id\":\"https:\\\/\\\/www.livemag.it\\\/index.php\\\/2026\\\/08\\\/31\\\/milano-beauty-week-loreal-italia-protagonista-tra-innovazione-e-sostenibilita\\\/#article\",\"isPartOf\":{\"@id\":\"https:\\\/\\\/www.livemag.it\\\/index.php\\\/2026\\\/08\\\/31\\\/milano-beauty-week-loreal-italia-protagonista-tra-innovazione-e-sostenibilita\\\/\"},\"author\":{\"name\":\"italpress\",\"@id\":\"https:\\\/\\\/www.livemag.it\\\/#\\\/schema\\\/person\\\/b62c5f44451fdcdaeb0afe6c2424e73c\"},\"headline\":\"Milano Beauty Week, L\u2019Oreal Italia protagonista tra innovazione e sostenibilit\u00e0\",\"datePublished\":\"2026-08-31T21:04:41+00:00\",\"mainEntityOfPage\":{\"@id\":\"https:\\\/\\\/www.livemag.it\\\/index.php\\\/2026\\\/08\\\/31\\\/milano-beauty-week-loreal-italia-protagonista-tra-innovazione-e-sostenibilita\\\/\"},\"wordCount\":1147,\"publisher\":{\"@id\":\"https:\\\/\\\/www.livemag.it\\\/#organization\"},\"image\":{\"@id\":\"https:\\\/\\\/www.livemag.it\\\/index.php\\\/2026\\\/08\\\/31\\\/milano-beauty-week-loreal-italia-protagonista-tra-innovazione-e-sostenibilita\\\/#primaryimage\"},\"thumbnailUrl\":\"https:\\\/\\\/www.livemag.it\\\/wp-content\\\/uploads\\\/2026\\\/08\\\/20260831_2785.jpg\",\"articleSection\":[\"Mondo\"],\"inLanguage\":\"it-IT\"},{\"@type\":\"WebPage\",\"@id\":\"https:\\\/\\\/www.livemag.it\\\/index.php\\\/2026\\\/08\\\/31\\\/milano-beauty-week-loreal-italia-protagonista-tra-innovazione-e-sostenibilita\\\/\",\"url\":\"https:\\\/\\\/www.livemag.it\\\/index.php\\\/2026\\\/08\\\/31\\\/milano-beauty-week-loreal-italia-protagonista-tra-innovazione-e-sostenibilita\\\/\",\"name\":\"Milano Beauty Week, L\u2019Oreal Italia protagonista tra innovazione e sostenibilit\u00e0 - Live Magazine\",\"isPartOf\":{\"@id\":\"https:\\\/\\\/www.livemag.it\\\/#website\"},\"primaryImageOfPage\":{\"@id\":\"https:\\\/\\\/www.livemag.it\\\/index.php\\\/2026\\\/08\\\/31\\\/milano-beauty-week-loreal-italia-protagonista-tra-innovazione-e-sostenibilita\\\/#primaryimage\"},\"image\":{\"@id\":\"https:\\\/\\\/www.livemag.it\\\/index.php\\\/2026\\\/08\\\/31\\\/milano-beauty-week-loreal-italia-protagonista-tra-innovazione-e-sostenibilita\\\/#primaryimage\"},\"thumbnailUrl\":\"https:\\\/\\\/www.livemag.it\\\/wp-content\\\/uploads\\\/2026\\\/08\\\/20260831_2785.jpg\",\"datePublished\":\"2026-08-31T21:04:41+00:00\",\"breadcrumb\":{\"@id\":\"https:\\\/\\\/www.livemag.it\\\/index.php\\\/2026\\\/08\\\/31\\\/milano-beauty-week-loreal-italia-protagonista-tra-innovazione-e-sostenibilita\\\/#breadcrumb\"},\"inLanguage\":\"it-IT\",\"potentialAction\":[{\"@type\":\"ReadAction\",\"target\":[\"https:\\\/\\\/www.livemag.it\\\/index.php\\\/2026\\\/08\\\/31\\\/milano-beauty-week-loreal-italia-protagonista-tra-innovazione-e-sostenibilita\\\/\"]}]},{\"@type\":\"ImageObject\",\"inLanguage\":\"it-IT\",\"@id\":\"https:\\\/\\\/www.livemag.it\\\/index.php\\\/2026\\\/08\\\/31\\\/milano-beauty-week-loreal-italia-protagonista-tra-innovazione-e-sostenibilita\\\/#primaryimage\",\"url\":\"https:\\\/\\\/www.livemag.it\\\/wp-content\\\/uploads\\\/2026\\\/08\\\/20260831_2785.jpg\",\"contentUrl\":\"https:\\\/\\\/www.livemag.it\\\/wp-content\\\/uploads\\\/2026\\\/08\\\/20260831_2785.jpg\",\"width\":1200,\"height\":841},{\"@type\":\"BreadcrumbList\",\"@id\":\"https:\\\/\\\/www.livemag.it\\\/index.php\\\/2026\\\/08\\\/31\\\/milano-beauty-week-loreal-italia-protagonista-tra-innovazione-e-sostenibilita\\\/#breadcrumb\",\"itemListElement\":[{\"@type\":\"ListItem\",\"position\":1,\"name\":\"Home\",\"item\":\"https:\\\/\\\/www.livemag.it\\\/\"},{\"@type\":\"ListItem\",\"position\":2,\"name\":\"Milano Beauty Week, L\u2019Oreal Italia protagonista tra innovazione e sostenibilit\u00e0\"}]},{\"@type\":\"WebSite\",\"@id\":\"https:\\\/\\\/www.livemag.it\\\/#website\",\"url\":\"https:\\\/\\\/www.livemag.it\\\/\",\"name\":\"Live Magazine\",\"description\":\"Varie ed eventi\",\"publisher\":{\"@id\":\"https:\\\/\\\/www.livemag.it\\\/#organization\"},\"potentialAction\":[{\"@type\":\"SearchAction\",\"target\":{\"@type\":\"EntryPoint\",\"urlTemplate\":\"https:\\\/\\\/www.livemag.it\\\/?s={search_term_string}\"},\"query-input\":{\"@type\":\"PropertyValueSpecification\",\"valueRequired\":true,\"valueName\":\"search_term_string\"}}],\"inLanguage\":\"it-IT\"},{\"@type\":\"Organization\",\"@id\":\"https:\\\/\\\/www.livemag.it\\\/#organization\",\"name\":\"LiveMag\",\"alternateName\":\"LiveMag News ed eventi\",\"url\":\"https:\\\/\\\/www.livemag.it\\\/\",\"logo\":{\"@type\":\"ImageObject\",\"inLanguage\":\"it-IT\",\"@id\":\"https:\\\/\\\/www.livemag.it\\\/#\\\/schema\\\/logo\\\/image\\\/\",\"url\":\"https:\\\/\\\/www.livemag.it\\\/wp-content\\\/uploads\\\/2024\\\/02\\\/immagine-sito.jpg\",\"contentUrl\":\"https:\\\/\\\/www.livemag.it\\\/wp-content\\\/uploads\\\/2024\\\/02\\\/immagine-sito.jpg\",\"width\":696,\"height\":696,\"caption\":\"LiveMag\"},\"image\":{\"@id\":\"https:\\\/\\\/www.livemag.it\\\/#\\\/schema\\\/logo\\\/image\\\/\"},\"sameAs\":[\"https:\\\/\\\/www.facebook.com\\\/LiveMag\\\/\",\"https:\\\/\\\/x.com\\\/LiveNotizie\",\"https:\\\/\\\/www.instagram.com\\\/livemag\\\/\"]},{\"@type\":\"Person\",\"@id\":\"https:\\\/\\\/www.livemag.it\\\/#\\\/schema\\\/person\\\/b62c5f44451fdcdaeb0afe6c2424e73c\",\"name\":\"italpress\",\"image\":{\"@type\":\"ImageObject\",\"inLanguage\":\"it-IT\",\"@id\":\"https:\\\/\\\/secure.gravatar.com\\\/avatar\\\/b6a21695fc713ce7ee312cf57c97e2e641feb365be72d8745574d3c3e2b59066?s=96&r=g\",\"url\":\"https:\\\/\\\/secure.gravatar.com\\\/avatar\\\/b6a21695fc713ce7ee312cf57c97e2e641feb365be72d8745574d3c3e2b59066?s=96&r=g\",\"contentUrl\":\"https:\\\/\\\/secure.gravatar.com\\\/avatar\\\/b6a21695fc713ce7ee312cf57c97e2e641feb365be72d8745574d3c3e2b59066?s=96&r=g\",\"caption\":\"italpress\"},\"description\":\"Italpress \u00e8 un'agenzia di stampa italiana a carattere nazionale.\",\"url\":\"https:\\\/\\\/www.livemag.it\\\/index.php\\\/author\\\/italpress\\\/\"}]}<\/script>\n<!-- \/ Yoast SEO plugin. -->","yoast_head_json":{"title":"Milano Beauty Week, L\u2019Oreal Italia protagonista tra innovazione e sostenibilit\u00e0 - Live Magazine","robots":{"index":"index","follow":"follow","max-snippet":"max-snippet:-1","max-image-preview":"max-image-preview:large","max-video-preview":"max-video-preview:-1"},"canonical":"https:\/\/www.livemag.it\/index.php\/2026\/08\/31\/milano-beauty-week-loreal-italia-protagonista-tra-innovazione-e-sostenibilita\/","og_locale":"it_IT","og_type":"article","og_title":"Milano Beauty Week, L\u2019Oreal Italia protagonista tra innovazione e sostenibilit\u00e0 - Live Magazine","og_description":"MILANO (ITALPRESS) \u2013 Milano si prepara a vivere una nuova edizione della Beauty Week all\u2019insegna della bellezza. L\u2019Or\u00e8al Italia porter\u00e0 in diversi angoli della citt\u00e0 un calendario di iniziative gratuite pensate per coinvolgere il pubblico, trasformando alcune delle location pi\u00f9 rappresentative del capoluogo, dal Castello Sforzesco a Corso Vittorio Emanuele, da Piazza San Babila a [&hellip;]","og_url":"https:\/\/www.livemag.it\/index.php\/2026\/08\/31\/milano-beauty-week-loreal-italia-protagonista-tra-innovazione-e-sostenibilita\/","og_site_name":"Live Magazine","article_publisher":"https:\/\/www.facebook.com\/LiveMag\/","article_published_time":"2026-08-31T21:04:41+00:00","og_image":[{"width":1200,"height":675,"url":"https:\/\/www.livemag.it\/wp-content\/uploads\/2024\/02\/ograph.jpg","type":"image\/jpeg"}],"author":"italpress","twitter_card":"summary_large_image","twitter_creator":"@LiveNotizie","twitter_site":"@LiveNotizie","twitter_misc":{"Scritto da":"italpress","Tempo di lettura stimato":"6 minuti"},"schema":{"@context":"https:\/\/schema.org","@graph":[{"@type":"Article","@id":"https:\/\/www.livemag.it\/index.php\/2026\/08\/31\/milano-beauty-week-loreal-italia-protagonista-tra-innovazione-e-sostenibilita\/#article","isPartOf":{"@id":"https:\/\/www.livemag.it\/index.php\/2026\/08\/31\/milano-beauty-week-loreal-italia-protagonista-tra-innovazione-e-sostenibilita\/"},"author":{"name":"italpress","@id":"https:\/\/www.livemag.it\/#\/schema\/person\/b62c5f44451fdcdaeb0afe6c2424e73c"},"headline":"Milano Beauty Week, L\u2019Oreal Italia protagonista tra innovazione e sostenibilit\u00e0","datePublished":"2026-08-31T21:04:41+00:00","mainEntityOfPage":{"@id":"https:\/\/www.livemag.it\/index.php\/2026\/08\/31\/milano-beauty-week-loreal-italia-protagonista-tra-innovazione-e-sostenibilita\/"},"wordCount":1147,"publisher":{"@id":"https:\/\/www.livemag.it\/#organization"},"image":{"@id":"https:\/\/www.livemag.it\/index.php\/2026\/08\/31\/milano-beauty-week-loreal-italia-protagonista-tra-innovazione-e-sostenibilita\/#primaryimage"},"thumbnailUrl":"https:\/\/www.livemag.it\/wp-content\/uploads\/2026\/08\/20260831_2785.jpg","articleSection":["Mondo"],"inLanguage":"it-IT"},{"@type":"WebPage","@id":"https:\/\/www.livemag.it\/index.php\/2026\/08\/31\/milano-beauty-week-loreal-italia-protagonista-tra-innovazione-e-sostenibilita\/","url":"https:\/\/www.livemag.it\/index.php\/2026\/08\/31\/milano-beauty-week-loreal-italia-protagonista-tra-innovazione-e-sostenibilita\/","name":"Milano Beauty Week, L\u2019Oreal Italia protagonista tra innovazione e sostenibilit\u00e0 - Live Magazine","isPartOf":{"@id":"https:\/\/www.livemag.it\/#website"},"primaryImageOfPage":{"@id":"https:\/\/www.livemag.it\/index.php\/2026\/08\/31\/milano-beauty-week-loreal-italia-protagonista-tra-innovazione-e-sostenibilita\/#primaryimage"},"image":{"@id":"https:\/\/www.livemag.it\/index.php\/2026\/08\/31\/milano-beauty-week-loreal-italia-protagonista-tra-innovazione-e-sostenibilita\/#primaryimage"},"thumbnailUrl":"https:\/\/www.livemag.it\/wp-content\/uploads\/2026\/08\/20260831_2785.jpg","datePublished":"2026-08-31T21:04:41+00:00","breadcrumb":{"@id":"https:\/\/www.livemag.it\/index.php\/2026\/08\/31\/milano-beauty-week-loreal-italia-protagonista-tra-innovazione-e-sostenibilita\/#breadcrumb"},"inLanguage":"it-IT","potentialAction":[{"@type":"ReadAction","target":["https:\/\/www.livemag.it\/index.php\/2026\/08\/31\/milano-beauty-week-loreal-italia-protagonista-tra-innovazione-e-sostenibilita\/"]}]},{"@type":"ImageObject","inLanguage":"it-IT","@id":"https:\/\/www.livemag.it\/index.php\/2026\/08\/31\/milano-beauty-week-loreal-italia-protagonista-tra-innovazione-e-sostenibilita\/#primaryimage","url":"https:\/\/www.livemag.it\/wp-content\/uploads\/2026\/08\/20260831_2785.jpg","contentUrl":"https:\/\/www.livemag.it\/wp-content\/uploads\/2026\/08\/20260831_2785.jpg","width":1200,"height":841},{"@type":"BreadcrumbList","@id":"https:\/\/www.livemag.it\/index.php\/2026\/08\/31\/milano-beauty-week-loreal-italia-protagonista-tra-innovazione-e-sostenibilita\/#breadcrumb","itemListElement":[{"@type":"ListItem","position":1,"name":"Home","item":"https:\/\/www.livemag.it\/"},{"@type":"ListItem","position":2,"name":"Milano Beauty Week, L\u2019Oreal Italia protagonista tra innovazione e sostenibilit\u00e0"}]},{"@type":"WebSite","@id":"https:\/\/www.livemag.it\/#website","url":"https:\/\/www.livemag.it\/","name":"Live Magazine","description":"Varie ed eventi","publisher":{"@id":"https:\/\/www.livemag.it\/#organization"},"potentialAction":[{"@type":"SearchAction","target":{"@type":"EntryPoint","urlTemplate":"https:\/\/www.livemag.it\/?s={search_term_string}"},"query-input":{"@type":"PropertyValueSpecification","valueRequired":true,"valueName":"search_term_string"}}],"inLanguage":"it-IT"},{"@type":"Organization","@id":"https:\/\/www.livemag.it\/#organization","name":"LiveMag","alternateName":"LiveMag News ed eventi","url":"https:\/\/www.livemag.it\/","logo":{"@type":"ImageObject","inLanguage":"it-IT","@id":"https:\/\/www.livemag.it\/#\/schema\/logo\/image\/","url":"https:\/\/www.livemag.it\/wp-content\/uploads\/2024\/02\/immagine-sito.jpg","contentUrl":"https:\/\/www.livemag.it\/wp-content\/uploads\/2024\/02\/immagine-sito.jpg","width":696,"height":696,"caption":"LiveMag"},"image":{"@id":"https:\/\/www.livemag.it\/#\/schema\/logo\/image\/"},"sameAs":["https:\/\/www.facebook.com\/LiveMag\/","https:\/\/x.com\/LiveNotizie","https:\/\/www.instagram.com\/livemag\/"]},{"@type":"Person","@id":"https:\/\/www.livemag.it\/#\/schema\/person\/b62c5f44451fdcdaeb0afe6c2424e73c","name":"italpress","image":{"@type":"ImageObject","inLanguage":"it-IT","@id":"https:\/\/secure.gravatar.com\/avatar\/b6a21695fc713ce7ee312cf57c97e2e641feb365be72d8745574d3c3e2b59066?s=96&r=g","url":"https:\/\/secure.gravatar.com\/avatar\/b6a21695fc713ce7ee312cf57c97e2e641feb365be72d8745574d3c3e2b59066?s=96&r=g","contentUrl":"https:\/\/secure.gravatar.com\/avatar\/b6a21695fc713ce7ee312cf57c97e2e641feb365be72d8745574d3c3e2b59066?s=96&r=g","caption":"italpress"},"description":"Italpress \u00e8 un'agenzia di stampa italiana a carattere nazionale.","url":"https:\/\/www.livemag.it\/index.php\/author\/italpress\/"}]}},"jetpack_featured_media_url":"https:\/\/www.livemag.it\/wp-content\/uploads\/2026\/08\/20260831_2785.jpg","_links":{"self":[{"href":"https:\/\/www.livemag.it\/index.php\/wp-json\/wp\/v2\/posts\/84486","targetHints":{"allow":["GET"]}}],"collection":[{"href":"https:\/\/www.livemag.it\/index.php\/wp-json\/wp\/v2\/posts"}],"about":[{"href":"https:\/\/www.livemag.it\/index.php\/wp-json\/wp\/v2\/types\/post"}],"author":[{"embeddable":true,"href":"https:\/\/www.livemag.it\/index.php\/wp-json\/wp\/v2\/users\/16"}],"replies":[{"embeddable":true,"href":"https:\/\/www.livemag.it\/index.php\/wp-json\/wp\/v2\/comments?post=84486"}],"version-history":[{"count":0,"href":"https:\/\/www.livemag.it\/index.php\/wp-json\/wp\/v2\/posts\/84486\/revisions"}],"wp:featuredmedia":[{"embeddable":true,"href":"https:\/\/www.livemag.it\/index.php\/wp-json\/wp\/v2\/media\/84487"}],"wp:attachment":[{"href":"https:\/\/www.livemag.it\/index.php\/wp-json\/wp\/v2\/media?parent=84486"}],"wp:term":[{"taxonomy":"category","embeddable":true,"href":"https:\/\/www.livemag.it\/index.php\/wp-json\/wp\/v2\/categories?post=84486"},{"taxonomy":"post_tag","embeddable":true,"href":"https:\/\/www.livemag.it\/index.php\/wp-json\/wp\/v2\/tags?post=84486"}],"curies":[{"name":"wp","href":"https:\/\/api.w.org\/{rel}","templated":true}]}}