{"id":84474,"date":"2026-08-31T20:04:41","date_gmt":"2026-08-31T18:04:41","guid":{"rendered":"https:\/\/www.livemag.it\/index.php\/2026\/08\/31\/messi-dice-addio-alla-nazionale-argentina-ho-dato-tutto\/"},"modified":"2026-08-31T20:04:41","modified_gmt":"2026-08-31T18:04:41","slug":"messi-dice-addio-alla-nazionale-argentina-ho-dato-tutto","status":"publish","type":"post","link":"https:\/\/www.livemag.it\/index.php\/2026\/08\/31\/messi-dice-addio-alla-nazionale-argentina-ho-dato-tutto\/","title":{"rendered":"Messi dice addio alla nazionale argentina \u201cHo dato tutto\u201d"},"content":{"rendered":"<div>\n<p>MIAMI (STATI UNITI) (ITALPRESS) \u2013 La finale mondiale persa lo scorso 19 luglio contro la Spagna rester\u00e0 l\u2019ultima partita con la maglia dell\u2019Argentina di Lionel Messi. Il 39enne fuoriclasse di Rosario ha annunciato su Instagram la decisione di chiudere la sua lunga avventura con l\u2019Albiceleste. Lo ha fatto con un post che, solo alla fine, rivela di aver scritto due giorni dopo quella partita ma \u201coggi, dopo quello che \u00e8 successo a mio padre, sono ancora pi\u00f9 convinto di prima\u201d, il riferimento alla morte di pap\u00e0 Jorge. Messi, dunque, lascia la nazionale, una decisione che, confessa, \u201cmi ha fatto e mi fa ancora male nel profondo dell\u2019anima ma capisco che sia arrivato il momento. Vi giuro che ho sempre dato tutto, non soltanto negli ultimi anni, quelli in cui abbiamo vinto tutto, ma anche prima. Ho sempre lottato e dato tutto me stesso per questa maglia, per regalarvi gioie e farvi sentire orgogliosi di essere argentini attraverso il calcio\u201d. A 39 anni Messi sa che ci sono tappe della sua carriera che \u201csi stanno chiudendo, e questa \u00e8 una di quelle che mi fa pi\u00f9 male. Amo, ho amato e amer\u00f2 sempre essere in Nazionale. Ma sono ormai svuotato, non ho pi\u00f9 nulla da dare e, inoltre, alle mie spalle stanno arrivando ragazzi di grande valore che meritano di esserci\u201d. \u201cGrazie per tutto l\u2019affetto che mi avete dimostrato in questi 20 anni \u2013 scrive ancora Messi, il cui debutto nella Seleccion \u00e8 arrivato nell\u2019agosto 2005 con Pekerman ct \u2013 Mi mancher\u00e0 tantissimo sentirvi e vivere il vostro sostegno da dentro il campo. Ora sar\u00f2 uno di voi, a tifare e sostenere sempre da fuori (nei momenti belli e in quelli brutti, ancora di pi\u00f9). Grazie alla mia famiglia per esserci sempre stata, per avermi accompagnato in questo viaggio tanto meraviglioso quanto difficile. Grazie a tutti gli allenatori, ai compagni e ai dirigenti con cui ho avuto la fortuna di condividere questo percorso. Porto con me ricordi e momenti indimenticabili. Lascio con la serenit\u00e0 e l\u2019orgoglio di avervi regalato, insieme ai miei compagni, momenti da sogno. E\u2019 stata una follia poterli vivere insieme a voi. Vi voglio bene!Grazie Dio per avermi fatto argentino\u201d.<br \/>Messi chiude dunque la sua lunga tappa nella Seleccion dopo 207 partite e 125 gol, con sei Mondiali disputati (uno vinto nel 2022 oltre alle finali perse nel 2014 e nel 2026) e due edizioni della Coppa America conquistate.<br \/>\u2013 foto Ipa Agency \u2013<br \/>(ITALPRESS).<\/p>\n<\/div>\n","protected":false},"excerpt":{"rendered":"<p>MIAMI (STATI UNITI) (ITALPRESS) \u2013 La finale mondiale persa lo scorso 19 luglio contro la Spagna rester\u00e0 l\u2019ultima partita con la maglia dell\u2019Argentina di Lionel Messi. Il 39enne fuoriclasse di Rosario ha annunciato su Instagram la decisione di chiudere la sua lunga avventura con l\u2019Albiceleste. Lo ha fatto con un post che, solo alla fine, [&hellip;]<\/p>\n","protected":false},"author":16,"featured_media":84475,"comment_status":"closed","ping_status":"closed","sticky":false,"template":"","format":"standard","meta":{"jnews-multi-image_gallery":[],"jnews_single_post":[],"jnews_primary_category":[],"jnews_social_meta":[],"jnews_override_counter":[],"jnews_post_split":[],"footnotes":"","_members_access_role":[],"_members_access_error":""},"categories":[1129],"tags":[],"class_list":["post-84474","post","type-post","status-publish","format-standard","has-post-thumbnail","hentry","category-mondo"],"yoast_head":"<!-- This site is optimized with the Yoast SEO plugin v28.3 - https:\/\/yoast.com\/product\/yoast-seo-wordpress\/ -->\n<title>Messi dice addio alla nazionale argentina \u201cHo dato tutto\u201d - Live Magazine<\/title>\n<meta name=\"robots\" content=\"index, follow, max-snippet:-1, max-image-preview:large, max-video-preview:-1\" \/>\n<link rel=\"canonical\" href=\"https:\/\/www.livemag.it\/index.php\/2026\/08\/31\/messi-dice-addio-alla-nazionale-argentina-ho-dato-tutto\/\" \/>\n<meta property=\"og:locale\" content=\"it_IT\" \/>\n<meta property=\"og:type\" content=\"article\" \/>\n<meta property=\"og:title\" content=\"Messi dice addio alla nazionale argentina \u201cHo dato tutto\u201d - Live Magazine\" \/>\n<meta property=\"og:description\" content=\"MIAMI (STATI UNITI) (ITALPRESS) \u2013 La finale mondiale persa lo scorso 19 luglio contro la Spagna rester\u00e0 l\u2019ultima partita con la maglia dell\u2019Argentina di Lionel Messi. Il 39enne fuoriclasse di Rosario ha annunciato su Instagram la decisione di chiudere la sua lunga avventura con l\u2019Albiceleste. Lo ha fatto con un post che, solo alla fine, [&hellip;]\" \/>\n<meta property=\"og:url\" content=\"https:\/\/www.livemag.it\/index.php\/2026\/08\/31\/messi-dice-addio-alla-nazionale-argentina-ho-dato-tutto\/\" \/>\n<meta property=\"og:site_name\" content=\"Live Magazine\" \/>\n<meta property=\"article:publisher\" content=\"https:\/\/www.facebook.com\/LiveMag\/\" \/>\n<meta property=\"article:published_time\" content=\"2026-08-31T18:04:41+00:00\" \/>\n<meta property=\"og:image\" content=\"https:\/\/www.livemag.it\/wp-content\/uploads\/2024\/02\/ograph.jpg\" \/>\n\t<meta property=\"og:image:width\" content=\"1200\" \/>\n\t<meta property=\"og:image:height\" content=\"675\" \/>\n\t<meta property=\"og:image:type\" content=\"image\/jpeg\" \/>\n<meta name=\"author\" content=\"italpress\" \/>\n<meta name=\"twitter:card\" content=\"summary_large_image\" \/>\n<meta name=\"twitter:creator\" content=\"@LiveNotizie\" \/>\n<meta name=\"twitter:site\" content=\"@LiveNotizie\" \/>\n<meta name=\"twitter:label1\" content=\"Scritto da\" \/>\n\t<meta name=\"twitter:data1\" content=\"italpress\" \/>\n\t<meta name=\"twitter:label2\" content=\"Tempo di lettura stimato\" \/>\n\t<meta name=\"twitter:data2\" content=\"2 minuti\" \/>\n<script type=\"application\/ld+json\" class=\"yoast-schema-graph\">{\"@context\":\"https:\\\/\\\/schema.org\",\"@graph\":[{\"@type\":\"Article\",\"@id\":\"https:\\\/\\\/www.livemag.it\\\/index.php\\\/2026\\\/08\\\/31\\\/messi-dice-addio-alla-nazionale-argentina-ho-dato-tutto\\\/#article\",\"isPartOf\":{\"@id\":\"https:\\\/\\\/www.livemag.it\\\/index.php\\\/2026\\\/08\\\/31\\\/messi-dice-addio-alla-nazionale-argentina-ho-dato-tutto\\\/\"},\"author\":{\"name\":\"italpress\",\"@id\":\"https:\\\/\\\/www.livemag.it\\\/#\\\/schema\\\/person\\\/b62c5f44451fdcdaeb0afe6c2424e73c\"},\"headline\":\"Messi dice addio alla nazionale argentina \u201cHo dato tutto\u201d\",\"datePublished\":\"2026-08-31T18:04:41+00:00\",\"mainEntityOfPage\":{\"@id\":\"https:\\\/\\\/www.livemag.it\\\/index.php\\\/2026\\\/08\\\/31\\\/messi-dice-addio-alla-nazionale-argentina-ho-dato-tutto\\\/\"},\"wordCount\":407,\"publisher\":{\"@id\":\"https:\\\/\\\/www.livemag.it\\\/#organization\"},\"image\":{\"@id\":\"https:\\\/\\\/www.livemag.it\\\/index.php\\\/2026\\\/08\\\/31\\\/messi-dice-addio-alla-nazionale-argentina-ho-dato-tutto\\\/#primaryimage\"},\"thumbnailUrl\":\"https:\\\/\\\/www.livemag.it\\\/wp-content\\\/uploads\\\/2026\\\/08\\\/20260831_2448.jpg\",\"articleSection\":[\"Mondo\"],\"inLanguage\":\"it-IT\"},{\"@type\":\"WebPage\",\"@id\":\"https:\\\/\\\/www.livemag.it\\\/index.php\\\/2026\\\/08\\\/31\\\/messi-dice-addio-alla-nazionale-argentina-ho-dato-tutto\\\/\",\"url\":\"https:\\\/\\\/www.livemag.it\\\/index.php\\\/2026\\\/08\\\/31\\\/messi-dice-addio-alla-nazionale-argentina-ho-dato-tutto\\\/\",\"name\":\"Messi dice addio alla nazionale argentina \u201cHo dato tutto\u201d - Live Magazine\",\"isPartOf\":{\"@id\":\"https:\\\/\\\/www.livemag.it\\\/#website\"},\"primaryImageOfPage\":{\"@id\":\"https:\\\/\\\/www.livemag.it\\\/index.php\\\/2026\\\/08\\\/31\\\/messi-dice-addio-alla-nazionale-argentina-ho-dato-tutto\\\/#primaryimage\"},\"image\":{\"@id\":\"https:\\\/\\\/www.livemag.it\\\/index.php\\\/2026\\\/08\\\/31\\\/messi-dice-addio-alla-nazionale-argentina-ho-dato-tutto\\\/#primaryimage\"},\"thumbnailUrl\":\"https:\\\/\\\/www.livemag.it\\\/wp-content\\\/uploads\\\/2026\\\/08\\\/20260831_2448.jpg\",\"datePublished\":\"2026-08-31T18:04:41+00:00\",\"breadcrumb\":{\"@id\":\"https:\\\/\\\/www.livemag.it\\\/index.php\\\/2026\\\/08\\\/31\\\/messi-dice-addio-alla-nazionale-argentina-ho-dato-tutto\\\/#breadcrumb\"},\"inLanguage\":\"it-IT\",\"potentialAction\":[{\"@type\":\"ReadAction\",\"target\":[\"https:\\\/\\\/www.livemag.it\\\/index.php\\\/2026\\\/08\\\/31\\\/messi-dice-addio-alla-nazionale-argentina-ho-dato-tutto\\\/\"]}]},{\"@type\":\"ImageObject\",\"inLanguage\":\"it-IT\",\"@id\":\"https:\\\/\\\/www.livemag.it\\\/index.php\\\/2026\\\/08\\\/31\\\/messi-dice-addio-alla-nazionale-argentina-ho-dato-tutto\\\/#primaryimage\",\"url\":\"https:\\\/\\\/www.livemag.it\\\/wp-content\\\/uploads\\\/2026\\\/08\\\/20260831_2448.jpg\",\"contentUrl\":\"https:\\\/\\\/www.livemag.it\\\/wp-content\\\/uploads\\\/2026\\\/08\\\/20260831_2448.jpg\",\"width\":1200,\"height\":802},{\"@type\":\"BreadcrumbList\",\"@id\":\"https:\\\/\\\/www.livemag.it\\\/index.php\\\/2026\\\/08\\\/31\\\/messi-dice-addio-alla-nazionale-argentina-ho-dato-tutto\\\/#breadcrumb\",\"itemListElement\":[{\"@type\":\"ListItem\",\"position\":1,\"name\":\"Home\",\"item\":\"https:\\\/\\\/www.livemag.it\\\/\"},{\"@type\":\"ListItem\",\"position\":2,\"name\":\"Messi dice addio alla nazionale argentina \u201cHo dato tutto\u201d\"}]},{\"@type\":\"WebSite\",\"@id\":\"https:\\\/\\\/www.livemag.it\\\/#website\",\"url\":\"https:\\\/\\\/www.livemag.it\\\/\",\"name\":\"Live Magazine\",\"description\":\"Varie ed eventi\",\"publisher\":{\"@id\":\"https:\\\/\\\/www.livemag.it\\\/#organization\"},\"potentialAction\":[{\"@type\":\"SearchAction\",\"target\":{\"@type\":\"EntryPoint\",\"urlTemplate\":\"https:\\\/\\\/www.livemag.it\\\/?s={search_term_string}\"},\"query-input\":{\"@type\":\"PropertyValueSpecification\",\"valueRequired\":true,\"valueName\":\"search_term_string\"}}],\"inLanguage\":\"it-IT\"},{\"@type\":\"Organization\",\"@id\":\"https:\\\/\\\/www.livemag.it\\\/#organization\",\"name\":\"LiveMag\",\"alternateName\":\"LiveMag News ed eventi\",\"url\":\"https:\\\/\\\/www.livemag.it\\\/\",\"logo\":{\"@type\":\"ImageObject\",\"inLanguage\":\"it-IT\",\"@id\":\"https:\\\/\\\/www.livemag.it\\\/#\\\/schema\\\/logo\\\/image\\\/\",\"url\":\"https:\\\/\\\/www.livemag.it\\\/wp-content\\\/uploads\\\/2024\\\/02\\\/immagine-sito.jpg\",\"contentUrl\":\"https:\\\/\\\/www.livemag.it\\\/wp-content\\\/uploads\\\/2024\\\/02\\\/immagine-sito.jpg\",\"width\":696,\"height\":696,\"caption\":\"LiveMag\"},\"image\":{\"@id\":\"https:\\\/\\\/www.livemag.it\\\/#\\\/schema\\\/logo\\\/image\\\/\"},\"sameAs\":[\"https:\\\/\\\/www.facebook.com\\\/LiveMag\\\/\",\"https:\\\/\\\/x.com\\\/LiveNotizie\",\"https:\\\/\\\/www.instagram.com\\\/livemag\\\/\"]},{\"@type\":\"Person\",\"@id\":\"https:\\\/\\\/www.livemag.it\\\/#\\\/schema\\\/person\\\/b62c5f44451fdcdaeb0afe6c2424e73c\",\"name\":\"italpress\",\"image\":{\"@type\":\"ImageObject\",\"inLanguage\":\"it-IT\",\"@id\":\"https:\\\/\\\/secure.gravatar.com\\\/avatar\\\/b6a21695fc713ce7ee312cf57c97e2e641feb365be72d8745574d3c3e2b59066?s=96&r=g\",\"url\":\"https:\\\/\\\/secure.gravatar.com\\\/avatar\\\/b6a21695fc713ce7ee312cf57c97e2e641feb365be72d8745574d3c3e2b59066?s=96&r=g\",\"contentUrl\":\"https:\\\/\\\/secure.gravatar.com\\\/avatar\\\/b6a21695fc713ce7ee312cf57c97e2e641feb365be72d8745574d3c3e2b59066?s=96&r=g\",\"caption\":\"italpress\"},\"description\":\"Italpress \u00e8 un'agenzia di stampa italiana a carattere nazionale.\",\"url\":\"https:\\\/\\\/www.livemag.it\\\/index.php\\\/author\\\/italpress\\\/\"}]}<\/script>\n<!-- \/ Yoast SEO plugin. -->","yoast_head_json":{"title":"Messi dice addio alla nazionale argentina \u201cHo dato tutto\u201d - Live Magazine","robots":{"index":"index","follow":"follow","max-snippet":"max-snippet:-1","max-image-preview":"max-image-preview:large","max-video-preview":"max-video-preview:-1"},"canonical":"https:\/\/www.livemag.it\/index.php\/2026\/08\/31\/messi-dice-addio-alla-nazionale-argentina-ho-dato-tutto\/","og_locale":"it_IT","og_type":"article","og_title":"Messi dice addio alla nazionale argentina \u201cHo dato tutto\u201d - Live Magazine","og_description":"MIAMI (STATI UNITI) (ITALPRESS) \u2013 La finale mondiale persa lo scorso 19 luglio contro la Spagna rester\u00e0 l\u2019ultima partita con la maglia dell\u2019Argentina di Lionel Messi. Il 39enne fuoriclasse di Rosario ha annunciato su Instagram la decisione di chiudere la sua lunga avventura con l\u2019Albiceleste. Lo ha fatto con un post che, solo alla fine, [&hellip;]","og_url":"https:\/\/www.livemag.it\/index.php\/2026\/08\/31\/messi-dice-addio-alla-nazionale-argentina-ho-dato-tutto\/","og_site_name":"Live Magazine","article_publisher":"https:\/\/www.facebook.com\/LiveMag\/","article_published_time":"2026-08-31T18:04:41+00:00","og_image":[{"width":1200,"height":675,"url":"https:\/\/www.livemag.it\/wp-content\/uploads\/2024\/02\/ograph.jpg","type":"image\/jpeg"}],"author":"italpress","twitter_card":"summary_large_image","twitter_creator":"@LiveNotizie","twitter_site":"@LiveNotizie","twitter_misc":{"Scritto da":"italpress","Tempo di lettura stimato":"2 minuti"},"schema":{"@context":"https:\/\/schema.org","@graph":[{"@type":"Article","@id":"https:\/\/www.livemag.it\/index.php\/2026\/08\/31\/messi-dice-addio-alla-nazionale-argentina-ho-dato-tutto\/#article","isPartOf":{"@id":"https:\/\/www.livemag.it\/index.php\/2026\/08\/31\/messi-dice-addio-alla-nazionale-argentina-ho-dato-tutto\/"},"author":{"name":"italpress","@id":"https:\/\/www.livemag.it\/#\/schema\/person\/b62c5f44451fdcdaeb0afe6c2424e73c"},"headline":"Messi dice addio alla nazionale argentina \u201cHo dato tutto\u201d","datePublished":"2026-08-31T18:04:41+00:00","mainEntityOfPage":{"@id":"https:\/\/www.livemag.it\/index.php\/2026\/08\/31\/messi-dice-addio-alla-nazionale-argentina-ho-dato-tutto\/"},"wordCount":407,"publisher":{"@id":"https:\/\/www.livemag.it\/#organization"},"image":{"@id":"https:\/\/www.livemag.it\/index.php\/2026\/08\/31\/messi-dice-addio-alla-nazionale-argentina-ho-dato-tutto\/#primaryimage"},"thumbnailUrl":"https:\/\/www.livemag.it\/wp-content\/uploads\/2026\/08\/20260831_2448.jpg","articleSection":["Mondo"],"inLanguage":"it-IT"},{"@type":"WebPage","@id":"https:\/\/www.livemag.it\/index.php\/2026\/08\/31\/messi-dice-addio-alla-nazionale-argentina-ho-dato-tutto\/","url":"https:\/\/www.livemag.it\/index.php\/2026\/08\/31\/messi-dice-addio-alla-nazionale-argentina-ho-dato-tutto\/","name":"Messi dice addio alla nazionale argentina \u201cHo dato tutto\u201d - Live Magazine","isPartOf":{"@id":"https:\/\/www.livemag.it\/#website"},"primaryImageOfPage":{"@id":"https:\/\/www.livemag.it\/index.php\/2026\/08\/31\/messi-dice-addio-alla-nazionale-argentina-ho-dato-tutto\/#primaryimage"},"image":{"@id":"https:\/\/www.livemag.it\/index.php\/2026\/08\/31\/messi-dice-addio-alla-nazionale-argentina-ho-dato-tutto\/#primaryimage"},"thumbnailUrl":"https:\/\/www.livemag.it\/wp-content\/uploads\/2026\/08\/20260831_2448.jpg","datePublished":"2026-08-31T18:04:41+00:00","breadcrumb":{"@id":"https:\/\/www.livemag.it\/index.php\/2026\/08\/31\/messi-dice-addio-alla-nazionale-argentina-ho-dato-tutto\/#breadcrumb"},"inLanguage":"it-IT","potentialAction":[{"@type":"ReadAction","target":["https:\/\/www.livemag.it\/index.php\/2026\/08\/31\/messi-dice-addio-alla-nazionale-argentina-ho-dato-tutto\/"]}]},{"@type":"ImageObject","inLanguage":"it-IT","@id":"https:\/\/www.livemag.it\/index.php\/2026\/08\/31\/messi-dice-addio-alla-nazionale-argentina-ho-dato-tutto\/#primaryimage","url":"https:\/\/www.livemag.it\/wp-content\/uploads\/2026\/08\/20260831_2448.jpg","contentUrl":"https:\/\/www.livemag.it\/wp-content\/uploads\/2026\/08\/20260831_2448.jpg","width":1200,"height":802},{"@type":"BreadcrumbList","@id":"https:\/\/www.livemag.it\/index.php\/2026\/08\/31\/messi-dice-addio-alla-nazionale-argentina-ho-dato-tutto\/#breadcrumb","itemListElement":[{"@type":"ListItem","position":1,"name":"Home","item":"https:\/\/www.livemag.it\/"},{"@type":"ListItem","position":2,"name":"Messi dice addio alla nazionale argentina \u201cHo dato tutto\u201d"}]},{"@type":"WebSite","@id":"https:\/\/www.livemag.it\/#website","url":"https:\/\/www.livemag.it\/","name":"Live Magazine","description":"Varie ed eventi","publisher":{"@id":"https:\/\/www.livemag.it\/#organization"},"potentialAction":[{"@type":"SearchAction","target":{"@type":"EntryPoint","urlTemplate":"https:\/\/www.livemag.it\/?s={search_term_string}"},"query-input":{"@type":"PropertyValueSpecification","valueRequired":true,"valueName":"search_term_string"}}],"inLanguage":"it-IT"},{"@type":"Organization","@id":"https:\/\/www.livemag.it\/#organization","name":"LiveMag","alternateName":"LiveMag News ed eventi","url":"https:\/\/www.livemag.it\/","logo":{"@type":"ImageObject","inLanguage":"it-IT","@id":"https:\/\/www.livemag.it\/#\/schema\/logo\/image\/","url":"https:\/\/www.livemag.it\/wp-content\/uploads\/2024\/02\/immagine-sito.jpg","contentUrl":"https:\/\/www.livemag.it\/wp-content\/uploads\/2024\/02\/immagine-sito.jpg","width":696,"height":696,"caption":"LiveMag"},"image":{"@id":"https:\/\/www.livemag.it\/#\/schema\/logo\/image\/"},"sameAs":["https:\/\/www.facebook.com\/LiveMag\/","https:\/\/x.com\/LiveNotizie","https:\/\/www.instagram.com\/livemag\/"]},{"@type":"Person","@id":"https:\/\/www.livemag.it\/#\/schema\/person\/b62c5f44451fdcdaeb0afe6c2424e73c","name":"italpress","image":{"@type":"ImageObject","inLanguage":"it-IT","@id":"https:\/\/secure.gravatar.com\/avatar\/b6a21695fc713ce7ee312cf57c97e2e641feb365be72d8745574d3c3e2b59066?s=96&r=g","url":"https:\/\/secure.gravatar.com\/avatar\/b6a21695fc713ce7ee312cf57c97e2e641feb365be72d8745574d3c3e2b59066?s=96&r=g","contentUrl":"https:\/\/secure.gravatar.com\/avatar\/b6a21695fc713ce7ee312cf57c97e2e641feb365be72d8745574d3c3e2b59066?s=96&r=g","caption":"italpress"},"description":"Italpress \u00e8 un'agenzia di stampa italiana a carattere nazionale.","url":"https:\/\/www.livemag.it\/index.php\/author\/italpress\/"}]}},"jetpack_featured_media_url":"https:\/\/www.livemag.it\/wp-content\/uploads\/2026\/08\/20260831_2448.jpg","_links":{"self":[{"href":"https:\/\/www.livemag.it\/index.php\/wp-json\/wp\/v2\/posts\/84474","targetHints":{"allow":["GET"]}}],"collection":[{"href":"https:\/\/www.livemag.it\/index.php\/wp-json\/wp\/v2\/posts"}],"about":[{"href":"https:\/\/www.livemag.it\/index.php\/wp-json\/wp\/v2\/types\/post"}],"author":[{"embeddable":true,"href":"https:\/\/www.livemag.it\/index.php\/wp-json\/wp\/v2\/users\/16"}],"replies":[{"embeddable":true,"href":"https:\/\/www.livemag.it\/index.php\/wp-json\/wp\/v2\/comments?post=84474"}],"version-history":[{"count":0,"href":"https:\/\/www.livemag.it\/index.php\/wp-json\/wp\/v2\/posts\/84474\/revisions"}],"wp:featuredmedia":[{"embeddable":true,"href":"https:\/\/www.livemag.it\/index.php\/wp-json\/wp\/v2\/media\/84475"}],"wp:attachment":[{"href":"https:\/\/www.livemag.it\/index.php\/wp-json\/wp\/v2\/media?parent=84474"}],"wp:term":[{"taxonomy":"category","embeddable":true,"href":"https:\/\/www.livemag.it\/index.php\/wp-json\/wp\/v2\/categories?post=84474"},{"taxonomy":"post_tag","embeddable":true,"href":"https:\/\/www.livemag.it\/index.php\/wp-json\/wp\/v2\/tags?post=84474"}],"curies":[{"name":"wp","href":"https:\/\/api.w.org\/{rel}","templated":true}]}}