{"id":84462,"date":"2026-08-31T17:04:42","date_gmt":"2026-08-31T15:04:42","guid":{"rendered":"https:\/\/www.livemag.it\/index.php\/2026\/08\/31\/tivusat-a-settembre-i-grandi-nomi-della-musica-classica-opera-e-danza\/"},"modified":"2026-08-31T17:04:42","modified_gmt":"2026-08-31T15:04:42","slug":"tivusat-a-settembre-i-grandi-nomi-della-musica-classica-opera-e-danza","status":"publish","type":"post","link":"https:\/\/www.livemag.it\/index.php\/2026\/08\/31\/tivusat-a-settembre-i-grandi-nomi-della-musica-classica-opera-e-danza\/","title":{"rendered":"Tivusat, a settembre i grandi nomi della musica classica, opera e danza"},"content":{"rendered":"<div>\n<p>ROMA (ITALPRESS) \u2013 A settembre la programmazione di Mezzo (al numero 49 della piattaforma satellitare gratuita tivusat) presenta numerosi appuntamenti dedicati a diversi generi, dalla musica classica al jazz, dall\u2019opera alla danza. Tra i protagonisti i direttori d\u2019orchestra Claudio Abbado, Riccardo Muti e Dalia Stasevska, il violinista Maxim Vengerov e Renaud Capu\u00e7on, in veste di violinista e direttore dell\u2019Orchestre de Chambre de Lausanne. Ampio spazio all\u2019opera con due compositori tra i pi\u00f9 amati, Giuseppe Verdi, con gli allestimenti di Falstaff, La Traviata, Otello, Ernani, Il Trovatore e I Lombardi alla prima crociata e Claudio Monteverdi, con L\u2019incoronazione di Poppea, il Vespro della Beata Vergine e un documentario dedicato al percorso artistico del compositore cremonese raccontato dal direttore d\u2019orchestra John Eliot Gardiner. Completa il programma del mese una sezione dedicata alla danza contemporanea con le coreografie di Thierry Malandain, ispirate ai balletti di Stravinskij e Ravel, oltre ai consueti appuntamenti New Frontiers, rivoltialle nuove forme della musica classica contemporanea e New Talents, riservati ai giovani vincitori del Concorso Internazionale George Enescu. Mezzo \u00e8 un\u2019esclusiva al canale 49 di tivusat, che  oggi dispone di un\u2019offerta gratuita di 130 canali televisivi, di cui oltre 70 in Hd e sette in 4K.<br \/>Questa la programmazione: Conductors of the month \u2013 Claudio Abbado: Gil Shaham, Berliner Philharmoniker, Beethoven, Brahms, Dvor\u00e0k, Domenica 20, ore 20:30; Claudio Abbado, 10 years after, Luned\u00ec 21, ore 20:30 (Documentary). Riccardo Muti: Wiener Philharmoniker, Riccardo Muti, Beethoven: Symphony No. 9, Domenica 13, ore 20:30. Dalia Stasevska: Bruce Liu, Orchestre Symphonique de Montr\u00e8al, Gouba\u00ecdoulina, Sibelius, Domenica 27, ore 20:30. Violinist of the month \u2013 Maxim Vengerov: Tokyo Philharmonic, Myung-Whun Chung, Tchaikovsky, Stravinsky, Domenica 6, ore 20:30. Artist and conductor of the month \u2013 Renaud Capu\u00e7on: Stefan Dohr, Orchestre de Chambre de Lausanne, Mozart, Strauss, Luned\u00ec 7, ore 21:30. Composers of the month \u2013 Giuseppe Verdi: Falstaff, Sabato 5, ore 20:30; I Lombardi alla prima crociata, Marted\u00ec 8, ore 23:00; La Traviata, Sabato 12, ore 20:30; Otello, Sabato 19, ore 20:30; Requiem, Domenica 20, ore 22:20; Ernani, Gioved\u00ec 24, ore 20:30; Il Trovatore, Sabato 26, ore 20:30. Claudio Monteverdi: L\u2019incoronazione di Poppea, Mercoled\u00ec 16, ore 20:30; Vespro della Beata Vergine, Venerd\u00ec 25, ore 21:30; Monteverdi, from Mantua to Venice, John Eliot Gardiner, Luned\u00ec 28, ore 20:30 (Documentary). Choreographer of the month \u2013 Thierry Malandain: Stravinsky, The Firebird, The Rite of Spring, Marted\u00ec 15, ore 20:30; Ravel, Daphnis and Chlo\u00e8, Marted\u00ec 22, ore 20:30. New Frontiers in Prime time: Georgijs Osokins, Arvo Part 90th Anniversary concert, Venerd\u00ec 11, ore 20:30; Francesco Tristano, Frescobaldi, Berio, Franceschini, Bach, Venerd\u00ec 18, ore 20:30; Luzerner Sinfonieorchester, Michael Sanderling, Shostakovich, Venerd\u00ec 25, ore 20:30. New Talents: Concert d\u2019ouverture, Concours international George Enescu 2026, Luned\u00ec 7, ore 18:30.<br \/>-news in collaborazione con tivusat- <br \/>-foto Ipa Agency- <br \/>(ITALPRESS).<\/p>\n<\/div>\n","protected":false},"excerpt":{"rendered":"<p>ROMA (ITALPRESS) \u2013 A settembre la programmazione di Mezzo (al numero 49 della piattaforma satellitare gratuita tivusat) presenta numerosi appuntamenti dedicati a diversi generi, dalla musica classica al jazz, dall\u2019opera alla danza. Tra i protagonisti i direttori d\u2019orchestra Claudio Abbado, Riccardo Muti e Dalia Stasevska, il violinista Maxim Vengerov e Renaud Capu\u00e7on, in veste di [&hellip;]<\/p>\n","protected":false},"author":16,"featured_media":84463,"comment_status":"closed","ping_status":"closed","sticky":false,"template":"","format":"standard","meta":{"jnews-multi-image_gallery":[],"jnews_single_post":[],"jnews_primary_category":[],"jnews_social_meta":[],"jnews_override_counter":[],"jnews_post_split":[],"footnotes":"","_members_access_role":[],"_members_access_error":""},"categories":[1129],"tags":[],"class_list":["post-84462","post","type-post","status-publish","format-standard","has-post-thumbnail","hentry","category-mondo"],"yoast_head":"<!-- This site is optimized with the Yoast SEO plugin v28.3 - https:\/\/yoast.com\/product\/yoast-seo-wordpress\/ -->\n<title>Tivusat, a settembre i grandi nomi della musica classica, opera e danza - Live Magazine<\/title>\n<meta name=\"robots\" content=\"index, follow, max-snippet:-1, max-image-preview:large, max-video-preview:-1\" \/>\n<link rel=\"canonical\" href=\"https:\/\/www.livemag.it\/index.php\/2026\/08\/31\/tivusat-a-settembre-i-grandi-nomi-della-musica-classica-opera-e-danza\/\" \/>\n<meta property=\"og:locale\" content=\"it_IT\" \/>\n<meta property=\"og:type\" content=\"article\" \/>\n<meta property=\"og:title\" content=\"Tivusat, a settembre i grandi nomi della musica classica, opera e danza - Live Magazine\" \/>\n<meta property=\"og:description\" content=\"ROMA (ITALPRESS) \u2013 A settembre la programmazione di Mezzo (al numero 49 della piattaforma satellitare gratuita tivusat) presenta numerosi appuntamenti dedicati a diversi generi, dalla musica classica al jazz, dall\u2019opera alla danza. Tra i protagonisti i direttori d\u2019orchestra Claudio Abbado, Riccardo Muti e Dalia Stasevska, il violinista Maxim Vengerov e Renaud Capu\u00e7on, in veste di [&hellip;]\" \/>\n<meta property=\"og:url\" content=\"https:\/\/www.livemag.it\/index.php\/2026\/08\/31\/tivusat-a-settembre-i-grandi-nomi-della-musica-classica-opera-e-danza\/\" \/>\n<meta property=\"og:site_name\" content=\"Live Magazine\" \/>\n<meta property=\"article:publisher\" content=\"https:\/\/www.facebook.com\/LiveMag\/\" \/>\n<meta property=\"article:published_time\" content=\"2026-08-31T15:04:42+00:00\" \/>\n<meta property=\"og:image\" content=\"https:\/\/www.livemag.it\/wp-content\/uploads\/2024\/02\/ograph.jpg\" \/>\n\t<meta property=\"og:image:width\" content=\"1200\" \/>\n\t<meta property=\"og:image:height\" content=\"675\" \/>\n\t<meta property=\"og:image:type\" content=\"image\/jpeg\" \/>\n<meta name=\"author\" content=\"italpress\" \/>\n<meta name=\"twitter:card\" content=\"summary_large_image\" \/>\n<meta name=\"twitter:creator\" content=\"@LiveNotizie\" \/>\n<meta name=\"twitter:site\" content=\"@LiveNotizie\" \/>\n<meta name=\"twitter:label1\" content=\"Scritto da\" \/>\n\t<meta name=\"twitter:data1\" content=\"italpress\" \/>\n\t<meta name=\"twitter:label2\" content=\"Tempo di lettura stimato\" \/>\n\t<meta name=\"twitter:data2\" content=\"2 minuti\" \/>\n<script type=\"application\/ld+json\" class=\"yoast-schema-graph\">{\"@context\":\"https:\\\/\\\/schema.org\",\"@graph\":[{\"@type\":\"Article\",\"@id\":\"https:\\\/\\\/www.livemag.it\\\/index.php\\\/2026\\\/08\\\/31\\\/tivusat-a-settembre-i-grandi-nomi-della-musica-classica-opera-e-danza\\\/#article\",\"isPartOf\":{\"@id\":\"https:\\\/\\\/www.livemag.it\\\/index.php\\\/2026\\\/08\\\/31\\\/tivusat-a-settembre-i-grandi-nomi-della-musica-classica-opera-e-danza\\\/\"},\"author\":{\"name\":\"italpress\",\"@id\":\"https:\\\/\\\/www.livemag.it\\\/#\\\/schema\\\/person\\\/b62c5f44451fdcdaeb0afe6c2424e73c\"},\"headline\":\"Tivusat, a settembre i grandi nomi della musica classica, opera e danza\",\"datePublished\":\"2026-08-31T15:04:42+00:00\",\"mainEntityOfPage\":{\"@id\":\"https:\\\/\\\/www.livemag.it\\\/index.php\\\/2026\\\/08\\\/31\\\/tivusat-a-settembre-i-grandi-nomi-della-musica-classica-opera-e-danza\\\/\"},\"wordCount\":426,\"publisher\":{\"@id\":\"https:\\\/\\\/www.livemag.it\\\/#organization\"},\"image\":{\"@id\":\"https:\\\/\\\/www.livemag.it\\\/index.php\\\/2026\\\/08\\\/31\\\/tivusat-a-settembre-i-grandi-nomi-della-musica-classica-opera-e-danza\\\/#primaryimage\"},\"thumbnailUrl\":\"https:\\\/\\\/www.livemag.it\\\/wp-content\\\/uploads\\\/2026\\\/08\\\/20260831_1748.jpg\",\"articleSection\":[\"Mondo\"],\"inLanguage\":\"it-IT\"},{\"@type\":\"WebPage\",\"@id\":\"https:\\\/\\\/www.livemag.it\\\/index.php\\\/2026\\\/08\\\/31\\\/tivusat-a-settembre-i-grandi-nomi-della-musica-classica-opera-e-danza\\\/\",\"url\":\"https:\\\/\\\/www.livemag.it\\\/index.php\\\/2026\\\/08\\\/31\\\/tivusat-a-settembre-i-grandi-nomi-della-musica-classica-opera-e-danza\\\/\",\"name\":\"Tivusat, a settembre i grandi nomi della musica classica, opera e danza - Live Magazine\",\"isPartOf\":{\"@id\":\"https:\\\/\\\/www.livemag.it\\\/#website\"},\"primaryImageOfPage\":{\"@id\":\"https:\\\/\\\/www.livemag.it\\\/index.php\\\/2026\\\/08\\\/31\\\/tivusat-a-settembre-i-grandi-nomi-della-musica-classica-opera-e-danza\\\/#primaryimage\"},\"image\":{\"@id\":\"https:\\\/\\\/www.livemag.it\\\/index.php\\\/2026\\\/08\\\/31\\\/tivusat-a-settembre-i-grandi-nomi-della-musica-classica-opera-e-danza\\\/#primaryimage\"},\"thumbnailUrl\":\"https:\\\/\\\/www.livemag.it\\\/wp-content\\\/uploads\\\/2026\\\/08\\\/20260831_1748.jpg\",\"datePublished\":\"2026-08-31T15:04:42+00:00\",\"breadcrumb\":{\"@id\":\"https:\\\/\\\/www.livemag.it\\\/index.php\\\/2026\\\/08\\\/31\\\/tivusat-a-settembre-i-grandi-nomi-della-musica-classica-opera-e-danza\\\/#breadcrumb\"},\"inLanguage\":\"it-IT\",\"potentialAction\":[{\"@type\":\"ReadAction\",\"target\":[\"https:\\\/\\\/www.livemag.it\\\/index.php\\\/2026\\\/08\\\/31\\\/tivusat-a-settembre-i-grandi-nomi-della-musica-classica-opera-e-danza\\\/\"]}]},{\"@type\":\"ImageObject\",\"inLanguage\":\"it-IT\",\"@id\":\"https:\\\/\\\/www.livemag.it\\\/index.php\\\/2026\\\/08\\\/31\\\/tivusat-a-settembre-i-grandi-nomi-della-musica-classica-opera-e-danza\\\/#primaryimage\",\"url\":\"https:\\\/\\\/www.livemag.it\\\/wp-content\\\/uploads\\\/2026\\\/08\\\/20260831_1748.jpg\",\"contentUrl\":\"https:\\\/\\\/www.livemag.it\\\/wp-content\\\/uploads\\\/2026\\\/08\\\/20260831_1748.jpg\",\"width\":1200,\"height\":800},{\"@type\":\"BreadcrumbList\",\"@id\":\"https:\\\/\\\/www.livemag.it\\\/index.php\\\/2026\\\/08\\\/31\\\/tivusat-a-settembre-i-grandi-nomi-della-musica-classica-opera-e-danza\\\/#breadcrumb\",\"itemListElement\":[{\"@type\":\"ListItem\",\"position\":1,\"name\":\"Home\",\"item\":\"https:\\\/\\\/www.livemag.it\\\/\"},{\"@type\":\"ListItem\",\"position\":2,\"name\":\"Tivusat, a settembre i grandi nomi della musica classica, opera e danza\"}]},{\"@type\":\"WebSite\",\"@id\":\"https:\\\/\\\/www.livemag.it\\\/#website\",\"url\":\"https:\\\/\\\/www.livemag.it\\\/\",\"name\":\"Live Magazine\",\"description\":\"Varie ed eventi\",\"publisher\":{\"@id\":\"https:\\\/\\\/www.livemag.it\\\/#organization\"},\"potentialAction\":[{\"@type\":\"SearchAction\",\"target\":{\"@type\":\"EntryPoint\",\"urlTemplate\":\"https:\\\/\\\/www.livemag.it\\\/?s={search_term_string}\"},\"query-input\":{\"@type\":\"PropertyValueSpecification\",\"valueRequired\":true,\"valueName\":\"search_term_string\"}}],\"inLanguage\":\"it-IT\"},{\"@type\":\"Organization\",\"@id\":\"https:\\\/\\\/www.livemag.it\\\/#organization\",\"name\":\"LiveMag\",\"alternateName\":\"LiveMag News ed eventi\",\"url\":\"https:\\\/\\\/www.livemag.it\\\/\",\"logo\":{\"@type\":\"ImageObject\",\"inLanguage\":\"it-IT\",\"@id\":\"https:\\\/\\\/www.livemag.it\\\/#\\\/schema\\\/logo\\\/image\\\/\",\"url\":\"https:\\\/\\\/www.livemag.it\\\/wp-content\\\/uploads\\\/2024\\\/02\\\/immagine-sito.jpg\",\"contentUrl\":\"https:\\\/\\\/www.livemag.it\\\/wp-content\\\/uploads\\\/2024\\\/02\\\/immagine-sito.jpg\",\"width\":696,\"height\":696,\"caption\":\"LiveMag\"},\"image\":{\"@id\":\"https:\\\/\\\/www.livemag.it\\\/#\\\/schema\\\/logo\\\/image\\\/\"},\"sameAs\":[\"https:\\\/\\\/www.facebook.com\\\/LiveMag\\\/\",\"https:\\\/\\\/x.com\\\/LiveNotizie\",\"https:\\\/\\\/www.instagram.com\\\/livemag\\\/\"]},{\"@type\":\"Person\",\"@id\":\"https:\\\/\\\/www.livemag.it\\\/#\\\/schema\\\/person\\\/b62c5f44451fdcdaeb0afe6c2424e73c\",\"name\":\"italpress\",\"image\":{\"@type\":\"ImageObject\",\"inLanguage\":\"it-IT\",\"@id\":\"https:\\\/\\\/secure.gravatar.com\\\/avatar\\\/b6a21695fc713ce7ee312cf57c97e2e641feb365be72d8745574d3c3e2b59066?s=96&r=g\",\"url\":\"https:\\\/\\\/secure.gravatar.com\\\/avatar\\\/b6a21695fc713ce7ee312cf57c97e2e641feb365be72d8745574d3c3e2b59066?s=96&r=g\",\"contentUrl\":\"https:\\\/\\\/secure.gravatar.com\\\/avatar\\\/b6a21695fc713ce7ee312cf57c97e2e641feb365be72d8745574d3c3e2b59066?s=96&r=g\",\"caption\":\"italpress\"},\"description\":\"Italpress \u00e8 un'agenzia di stampa italiana a carattere nazionale.\",\"url\":\"https:\\\/\\\/www.livemag.it\\\/index.php\\\/author\\\/italpress\\\/\"}]}<\/script>\n<!-- \/ Yoast SEO plugin. -->","yoast_head_json":{"title":"Tivusat, a settembre i grandi nomi della musica classica, opera e danza - Live Magazine","robots":{"index":"index","follow":"follow","max-snippet":"max-snippet:-1","max-image-preview":"max-image-preview:large","max-video-preview":"max-video-preview:-1"},"canonical":"https:\/\/www.livemag.it\/index.php\/2026\/08\/31\/tivusat-a-settembre-i-grandi-nomi-della-musica-classica-opera-e-danza\/","og_locale":"it_IT","og_type":"article","og_title":"Tivusat, a settembre i grandi nomi della musica classica, opera e danza - Live Magazine","og_description":"ROMA (ITALPRESS) \u2013 A settembre la programmazione di Mezzo (al numero 49 della piattaforma satellitare gratuita tivusat) presenta numerosi appuntamenti dedicati a diversi generi, dalla musica classica al jazz, dall\u2019opera alla danza. Tra i protagonisti i direttori d\u2019orchestra Claudio Abbado, Riccardo Muti e Dalia Stasevska, il violinista Maxim Vengerov e Renaud Capu\u00e7on, in veste di [&hellip;]","og_url":"https:\/\/www.livemag.it\/index.php\/2026\/08\/31\/tivusat-a-settembre-i-grandi-nomi-della-musica-classica-opera-e-danza\/","og_site_name":"Live Magazine","article_publisher":"https:\/\/www.facebook.com\/LiveMag\/","article_published_time":"2026-08-31T15:04:42+00:00","og_image":[{"width":1200,"height":675,"url":"https:\/\/www.livemag.it\/wp-content\/uploads\/2024\/02\/ograph.jpg","type":"image\/jpeg"}],"author":"italpress","twitter_card":"summary_large_image","twitter_creator":"@LiveNotizie","twitter_site":"@LiveNotizie","twitter_misc":{"Scritto da":"italpress","Tempo di lettura stimato":"2 minuti"},"schema":{"@context":"https:\/\/schema.org","@graph":[{"@type":"Article","@id":"https:\/\/www.livemag.it\/index.php\/2026\/08\/31\/tivusat-a-settembre-i-grandi-nomi-della-musica-classica-opera-e-danza\/#article","isPartOf":{"@id":"https:\/\/www.livemag.it\/index.php\/2026\/08\/31\/tivusat-a-settembre-i-grandi-nomi-della-musica-classica-opera-e-danza\/"},"author":{"name":"italpress","@id":"https:\/\/www.livemag.it\/#\/schema\/person\/b62c5f44451fdcdaeb0afe6c2424e73c"},"headline":"Tivusat, a settembre i grandi nomi della musica classica, opera e danza","datePublished":"2026-08-31T15:04:42+00:00","mainEntityOfPage":{"@id":"https:\/\/www.livemag.it\/index.php\/2026\/08\/31\/tivusat-a-settembre-i-grandi-nomi-della-musica-classica-opera-e-danza\/"},"wordCount":426,"publisher":{"@id":"https:\/\/www.livemag.it\/#organization"},"image":{"@id":"https:\/\/www.livemag.it\/index.php\/2026\/08\/31\/tivusat-a-settembre-i-grandi-nomi-della-musica-classica-opera-e-danza\/#primaryimage"},"thumbnailUrl":"https:\/\/www.livemag.it\/wp-content\/uploads\/2026\/08\/20260831_1748.jpg","articleSection":["Mondo"],"inLanguage":"it-IT"},{"@type":"WebPage","@id":"https:\/\/www.livemag.it\/index.php\/2026\/08\/31\/tivusat-a-settembre-i-grandi-nomi-della-musica-classica-opera-e-danza\/","url":"https:\/\/www.livemag.it\/index.php\/2026\/08\/31\/tivusat-a-settembre-i-grandi-nomi-della-musica-classica-opera-e-danza\/","name":"Tivusat, a settembre i grandi nomi della musica classica, opera e danza - Live Magazine","isPartOf":{"@id":"https:\/\/www.livemag.it\/#website"},"primaryImageOfPage":{"@id":"https:\/\/www.livemag.it\/index.php\/2026\/08\/31\/tivusat-a-settembre-i-grandi-nomi-della-musica-classica-opera-e-danza\/#primaryimage"},"image":{"@id":"https:\/\/www.livemag.it\/index.php\/2026\/08\/31\/tivusat-a-settembre-i-grandi-nomi-della-musica-classica-opera-e-danza\/#primaryimage"},"thumbnailUrl":"https:\/\/www.livemag.it\/wp-content\/uploads\/2026\/08\/20260831_1748.jpg","datePublished":"2026-08-31T15:04:42+00:00","breadcrumb":{"@id":"https:\/\/www.livemag.it\/index.php\/2026\/08\/31\/tivusat-a-settembre-i-grandi-nomi-della-musica-classica-opera-e-danza\/#breadcrumb"},"inLanguage":"it-IT","potentialAction":[{"@type":"ReadAction","target":["https:\/\/www.livemag.it\/index.php\/2026\/08\/31\/tivusat-a-settembre-i-grandi-nomi-della-musica-classica-opera-e-danza\/"]}]},{"@type":"ImageObject","inLanguage":"it-IT","@id":"https:\/\/www.livemag.it\/index.php\/2026\/08\/31\/tivusat-a-settembre-i-grandi-nomi-della-musica-classica-opera-e-danza\/#primaryimage","url":"https:\/\/www.livemag.it\/wp-content\/uploads\/2026\/08\/20260831_1748.jpg","contentUrl":"https:\/\/www.livemag.it\/wp-content\/uploads\/2026\/08\/20260831_1748.jpg","width":1200,"height":800},{"@type":"BreadcrumbList","@id":"https:\/\/www.livemag.it\/index.php\/2026\/08\/31\/tivusat-a-settembre-i-grandi-nomi-della-musica-classica-opera-e-danza\/#breadcrumb","itemListElement":[{"@type":"ListItem","position":1,"name":"Home","item":"https:\/\/www.livemag.it\/"},{"@type":"ListItem","position":2,"name":"Tivusat, a settembre i grandi nomi della musica classica, opera e danza"}]},{"@type":"WebSite","@id":"https:\/\/www.livemag.it\/#website","url":"https:\/\/www.livemag.it\/","name":"Live Magazine","description":"Varie ed eventi","publisher":{"@id":"https:\/\/www.livemag.it\/#organization"},"potentialAction":[{"@type":"SearchAction","target":{"@type":"EntryPoint","urlTemplate":"https:\/\/www.livemag.it\/?s={search_term_string}"},"query-input":{"@type":"PropertyValueSpecification","valueRequired":true,"valueName":"search_term_string"}}],"inLanguage":"it-IT"},{"@type":"Organization","@id":"https:\/\/www.livemag.it\/#organization","name":"LiveMag","alternateName":"LiveMag News ed eventi","url":"https:\/\/www.livemag.it\/","logo":{"@type":"ImageObject","inLanguage":"it-IT","@id":"https:\/\/www.livemag.it\/#\/schema\/logo\/image\/","url":"https:\/\/www.livemag.it\/wp-content\/uploads\/2024\/02\/immagine-sito.jpg","contentUrl":"https:\/\/www.livemag.it\/wp-content\/uploads\/2024\/02\/immagine-sito.jpg","width":696,"height":696,"caption":"LiveMag"},"image":{"@id":"https:\/\/www.livemag.it\/#\/schema\/logo\/image\/"},"sameAs":["https:\/\/www.facebook.com\/LiveMag\/","https:\/\/x.com\/LiveNotizie","https:\/\/www.instagram.com\/livemag\/"]},{"@type":"Person","@id":"https:\/\/www.livemag.it\/#\/schema\/person\/b62c5f44451fdcdaeb0afe6c2424e73c","name":"italpress","image":{"@type":"ImageObject","inLanguage":"it-IT","@id":"https:\/\/secure.gravatar.com\/avatar\/b6a21695fc713ce7ee312cf57c97e2e641feb365be72d8745574d3c3e2b59066?s=96&r=g","url":"https:\/\/secure.gravatar.com\/avatar\/b6a21695fc713ce7ee312cf57c97e2e641feb365be72d8745574d3c3e2b59066?s=96&r=g","contentUrl":"https:\/\/secure.gravatar.com\/avatar\/b6a21695fc713ce7ee312cf57c97e2e641feb365be72d8745574d3c3e2b59066?s=96&r=g","caption":"italpress"},"description":"Italpress \u00e8 un'agenzia di stampa italiana a carattere nazionale.","url":"https:\/\/www.livemag.it\/index.php\/author\/italpress\/"}]}},"jetpack_featured_media_url":"https:\/\/www.livemag.it\/wp-content\/uploads\/2026\/08\/20260831_1748.jpg","_links":{"self":[{"href":"https:\/\/www.livemag.it\/index.php\/wp-json\/wp\/v2\/posts\/84462","targetHints":{"allow":["GET"]}}],"collection":[{"href":"https:\/\/www.livemag.it\/index.php\/wp-json\/wp\/v2\/posts"}],"about":[{"href":"https:\/\/www.livemag.it\/index.php\/wp-json\/wp\/v2\/types\/post"}],"author":[{"embeddable":true,"href":"https:\/\/www.livemag.it\/index.php\/wp-json\/wp\/v2\/users\/16"}],"replies":[{"embeddable":true,"href":"https:\/\/www.livemag.it\/index.php\/wp-json\/wp\/v2\/comments?post=84462"}],"version-history":[{"count":0,"href":"https:\/\/www.livemag.it\/index.php\/wp-json\/wp\/v2\/posts\/84462\/revisions"}],"wp:featuredmedia":[{"embeddable":true,"href":"https:\/\/www.livemag.it\/index.php\/wp-json\/wp\/v2\/media\/84463"}],"wp:attachment":[{"href":"https:\/\/www.livemag.it\/index.php\/wp-json\/wp\/v2\/media?parent=84462"}],"wp:term":[{"taxonomy":"category","embeddable":true,"href":"https:\/\/www.livemag.it\/index.php\/wp-json\/wp\/v2\/categories?post=84462"},{"taxonomy":"post_tag","embeddable":true,"href":"https:\/\/www.livemag.it\/index.php\/wp-json\/wp\/v2\/tags?post=84462"}],"curies":[{"name":"wp","href":"https:\/\/api.w.org\/{rel}","templated":true}]}}