{"id":84432,"date":"2026-08-31T11:04:40","date_gmt":"2026-08-31T09:04:40","guid":{"rendered":"https:\/\/www.livemag.it\/index.php\/2026\/08\/31\/marchetti-rotto-legame-di-fiducia-con-infantino-fifa-da-riformare\/"},"modified":"2026-08-31T11:04:40","modified_gmt":"2026-08-31T09:04:40","slug":"marchetti-rotto-legame-di-fiducia-con-infantino-fifa-da-riformare","status":"publish","type":"post","link":"https:\/\/www.livemag.it\/index.php\/2026\/08\/31\/marchetti-rotto-legame-di-fiducia-con-infantino-fifa-da-riformare\/","title":{"rendered":"Marchetti \u201cRotto legame di fiducia con Infantino, Fifa da riformare\u201d"},"content":{"rendered":"<div>\n<p>ROMA (ITALPRESS) \u2013 \u201cLe coppe europee sono difficili per tutti. Sono eccitanti, attraenti, ci sono delle sfide di grande valore. Per l\u2019Italia vedere iniziare la Champions League con Real Madrid-Inter e Napoli-Arsenal alla prima giornata non pu\u00f2 che accendere la fantasia di tutti i tifosi. Queste sono le partite che contano. Per Inter e la Roma sar\u00e0 un\u2019emozione veramente forte ritrovare subito Mourinho dall\u2019altra parte\u201d. Cos\u00ec Giorgio Marchetti, vice-segretario generale della Uefa, ospite di \u2018Radio Anch\u2019io Sport\u2019 su Rai Radio 1, sui sorteggi Champions di gioved\u00ec scorso. \u201cSe la Uefa sta preparando una denuncia penale in Svizzera contro Infantino? Tutto ci\u00f2 che stiamo facendo \u00e8 stato detto \u2013 spiega Marchetti in merito allo scontro Fifa-Uefa \u2013 Non posso esprimermi sulla parte legale, c\u2019\u00e8 qualcuno che sta lavorando e vedremo. Questa vicenda del Fifa Forward Enterprise, ovvero il tentativo di vendita di una parte dei diritti della Coppa del Mondo a degli investitori privati e il modo in cui il progetto \u00e8 stato portato avanti, ha aperto una ferita difficilmente sanabile per il calcio\u201d. L\u2019Uefa si oppone alla rielezione di Infantino alla guida del calcio mondiale, ma al momento non sembrano esserci candidati validi per poter competere alla presidenza della Fifa: \u201cNon \u00e8 questo il momento parlare di candidati \u2013 spiega il vice-segretario generale della Uefa \u2013 Quel progetto malato, sbagliato, ha dimostrato delle vulnerabilit\u00e0 importanti nel sistema di governance della Fifa, in questo momento sotto la lente d\u2019ingrandimento. La Uefa ha espresso  chiaramente l\u2019opinione che ci deve essere una riforma profonda della governance e che questo episodio ha rotto i legami di fiducia con l\u2019attuale presidente della Fifa\u201d. In merito alla maxi-sosta per le Nazionali, Marchetti ricorda che \u201c\u00e8 stato uno degli elementi discussi qualche anno fa, quando si tratt\u00f2 di fare il calendario fino al 2030. Il calendario internazionale appartiene alla Fifa, ma tutti gli stakeholder, le confederazioni, le leghe e i club sono stati coinvolti. Per questa scelta della finestra lunga \u00e8 stato deciso di provare ad accorpare due finestre per vedere di ottimizzare la situazione dei club e dei giocatori e limitare il numero di viaggi internazionali. Questo dovr\u00e0 passare lo scrutinio della prova pratica, vediamo come e se funzioner\u00e0 bene o se ci sar\u00e0 da rivedere qualcosa\u201d. Euro 2032 si avvicina e l\u2019Italia sembra essere in ritardo sul versante stadi: \u201cVedremo, noi sappiamo che stanno lavorando. A ottobre dovranno essere sottoposti i documenti. In questo momento l\u2019Italia ha un grave ritardo d\u2019impiantistica. Ci  auguriamo che la documentazione sar\u00e0 sufficiente a dissipare dubbi sui cinque stadi che l\u2019Italia dovr\u00e0 proporre per ospitare Euro 2032. Lo vedremo, \u00e8 chiaro che noi abbiamo bisogno di stadi esistenti e che rispettino tutte le condizioni. E se non sono esistenti \u2013 conclude Marchetti \u2013 che abbiano fatto tutto il percorso di approvazioni, progettistica e budget\u201d.<br \/>\u2013 Foto Ipa Agency \u2013<br \/>(ITALPRESS).<\/p>\n<\/div>\n","protected":false},"excerpt":{"rendered":"<p>ROMA (ITALPRESS) \u2013 \u201cLe coppe europee sono difficili per tutti. Sono eccitanti, attraenti, ci sono delle sfide di grande valore. Per l\u2019Italia vedere iniziare la Champions League con Real Madrid-Inter e Napoli-Arsenal alla prima giornata non pu\u00f2 che accendere la fantasia di tutti i tifosi. Queste sono le partite che contano. Per Inter e la [&hellip;]<\/p>\n","protected":false},"author":16,"featured_media":84433,"comment_status":"closed","ping_status":"closed","sticky":false,"template":"","format":"standard","meta":{"jnews-multi-image_gallery":[],"jnews_single_post":[],"jnews_primary_category":[],"jnews_social_meta":[],"jnews_override_counter":[],"jnews_post_split":[],"footnotes":"","_members_access_role":[],"_members_access_error":""},"categories":[1129],"tags":[],"class_list":["post-84432","post","type-post","status-publish","format-standard","has-post-thumbnail","hentry","category-mondo"],"yoast_head":"<!-- This site is optimized with the Yoast SEO plugin v28.3 - https:\/\/yoast.com\/product\/yoast-seo-wordpress\/ -->\n<title>Marchetti \u201cRotto legame di fiducia con Infantino, Fifa da riformare\u201d - Live Magazine<\/title>\n<meta name=\"robots\" content=\"index, follow, max-snippet:-1, max-image-preview:large, max-video-preview:-1\" \/>\n<link rel=\"canonical\" href=\"https:\/\/www.livemag.it\/index.php\/2026\/08\/31\/marchetti-rotto-legame-di-fiducia-con-infantino-fifa-da-riformare\/\" \/>\n<meta property=\"og:locale\" content=\"it_IT\" \/>\n<meta property=\"og:type\" content=\"article\" \/>\n<meta property=\"og:title\" content=\"Marchetti \u201cRotto legame di fiducia con Infantino, Fifa da riformare\u201d - Live Magazine\" \/>\n<meta property=\"og:description\" content=\"ROMA (ITALPRESS) \u2013 \u201cLe coppe europee sono difficili per tutti. Sono eccitanti, attraenti, ci sono delle sfide di grande valore. Per l\u2019Italia vedere iniziare la Champions League con Real Madrid-Inter e Napoli-Arsenal alla prima giornata non pu\u00f2 che accendere la fantasia di tutti i tifosi. Queste sono le partite che contano. Per Inter e la [&hellip;]\" \/>\n<meta property=\"og:url\" content=\"https:\/\/www.livemag.it\/index.php\/2026\/08\/31\/marchetti-rotto-legame-di-fiducia-con-infantino-fifa-da-riformare\/\" \/>\n<meta property=\"og:site_name\" content=\"Live Magazine\" \/>\n<meta property=\"article:publisher\" content=\"https:\/\/www.facebook.com\/LiveMag\/\" \/>\n<meta property=\"article:published_time\" content=\"2026-08-31T09:04:40+00:00\" \/>\n<meta property=\"og:image\" content=\"https:\/\/www.livemag.it\/wp-content\/uploads\/2024\/02\/ograph.jpg\" \/>\n\t<meta property=\"og:image:width\" content=\"1200\" \/>\n\t<meta property=\"og:image:height\" content=\"675\" \/>\n\t<meta property=\"og:image:type\" content=\"image\/jpeg\" \/>\n<meta name=\"author\" content=\"italpress\" \/>\n<meta name=\"twitter:card\" content=\"summary_large_image\" \/>\n<meta name=\"twitter:creator\" content=\"@LiveNotizie\" \/>\n<meta name=\"twitter:site\" content=\"@LiveNotizie\" \/>\n<meta name=\"twitter:label1\" content=\"Scritto da\" \/>\n\t<meta name=\"twitter:data1\" content=\"italpress\" \/>\n\t<meta name=\"twitter:label2\" content=\"Tempo di lettura stimato\" \/>\n\t<meta name=\"twitter:data2\" content=\"2 minuti\" \/>\n<script type=\"application\/ld+json\" class=\"yoast-schema-graph\">{\"@context\":\"https:\\\/\\\/schema.org\",\"@graph\":[{\"@type\":\"Article\",\"@id\":\"https:\\\/\\\/www.livemag.it\\\/index.php\\\/2026\\\/08\\\/31\\\/marchetti-rotto-legame-di-fiducia-con-infantino-fifa-da-riformare\\\/#article\",\"isPartOf\":{\"@id\":\"https:\\\/\\\/www.livemag.it\\\/index.php\\\/2026\\\/08\\\/31\\\/marchetti-rotto-legame-di-fiducia-con-infantino-fifa-da-riformare\\\/\"},\"author\":{\"name\":\"italpress\",\"@id\":\"https:\\\/\\\/www.livemag.it\\\/#\\\/schema\\\/person\\\/b62c5f44451fdcdaeb0afe6c2424e73c\"},\"headline\":\"Marchetti \u201cRotto legame di fiducia con Infantino, Fifa da riformare\u201d\",\"datePublished\":\"2026-08-31T09:04:40+00:00\",\"mainEntityOfPage\":{\"@id\":\"https:\\\/\\\/www.livemag.it\\\/index.php\\\/2026\\\/08\\\/31\\\/marchetti-rotto-legame-di-fiducia-con-infantino-fifa-da-riformare\\\/\"},\"wordCount\":473,\"publisher\":{\"@id\":\"https:\\\/\\\/www.livemag.it\\\/#organization\"},\"image\":{\"@id\":\"https:\\\/\\\/www.livemag.it\\\/index.php\\\/2026\\\/08\\\/31\\\/marchetti-rotto-legame-di-fiducia-con-infantino-fifa-da-riformare\\\/#primaryimage\"},\"thumbnailUrl\":\"https:\\\/\\\/www.livemag.it\\\/wp-content\\\/uploads\\\/2026\\\/08\\\/20260831_0234.jpg\",\"articleSection\":[\"Mondo\"],\"inLanguage\":\"it-IT\"},{\"@type\":\"WebPage\",\"@id\":\"https:\\\/\\\/www.livemag.it\\\/index.php\\\/2026\\\/08\\\/31\\\/marchetti-rotto-legame-di-fiducia-con-infantino-fifa-da-riformare\\\/\",\"url\":\"https:\\\/\\\/www.livemag.it\\\/index.php\\\/2026\\\/08\\\/31\\\/marchetti-rotto-legame-di-fiducia-con-infantino-fifa-da-riformare\\\/\",\"name\":\"Marchetti \u201cRotto legame di fiducia con Infantino, Fifa da riformare\u201d - Live Magazine\",\"isPartOf\":{\"@id\":\"https:\\\/\\\/www.livemag.it\\\/#website\"},\"primaryImageOfPage\":{\"@id\":\"https:\\\/\\\/www.livemag.it\\\/index.php\\\/2026\\\/08\\\/31\\\/marchetti-rotto-legame-di-fiducia-con-infantino-fifa-da-riformare\\\/#primaryimage\"},\"image\":{\"@id\":\"https:\\\/\\\/www.livemag.it\\\/index.php\\\/2026\\\/08\\\/31\\\/marchetti-rotto-legame-di-fiducia-con-infantino-fifa-da-riformare\\\/#primaryimage\"},\"thumbnailUrl\":\"https:\\\/\\\/www.livemag.it\\\/wp-content\\\/uploads\\\/2026\\\/08\\\/20260831_0234.jpg\",\"datePublished\":\"2026-08-31T09:04:40+00:00\",\"breadcrumb\":{\"@id\":\"https:\\\/\\\/www.livemag.it\\\/index.php\\\/2026\\\/08\\\/31\\\/marchetti-rotto-legame-di-fiducia-con-infantino-fifa-da-riformare\\\/#breadcrumb\"},\"inLanguage\":\"it-IT\",\"potentialAction\":[{\"@type\":\"ReadAction\",\"target\":[\"https:\\\/\\\/www.livemag.it\\\/index.php\\\/2026\\\/08\\\/31\\\/marchetti-rotto-legame-di-fiducia-con-infantino-fifa-da-riformare\\\/\"]}]},{\"@type\":\"ImageObject\",\"inLanguage\":\"it-IT\",\"@id\":\"https:\\\/\\\/www.livemag.it\\\/index.php\\\/2026\\\/08\\\/31\\\/marchetti-rotto-legame-di-fiducia-con-infantino-fifa-da-riformare\\\/#primaryimage\",\"url\":\"https:\\\/\\\/www.livemag.it\\\/wp-content\\\/uploads\\\/2026\\\/08\\\/20260831_0234.jpg\",\"contentUrl\":\"https:\\\/\\\/www.livemag.it\\\/wp-content\\\/uploads\\\/2026\\\/08\\\/20260831_0234.jpg\",\"width\":1200,\"height\":800},{\"@type\":\"BreadcrumbList\",\"@id\":\"https:\\\/\\\/www.livemag.it\\\/index.php\\\/2026\\\/08\\\/31\\\/marchetti-rotto-legame-di-fiducia-con-infantino-fifa-da-riformare\\\/#breadcrumb\",\"itemListElement\":[{\"@type\":\"ListItem\",\"position\":1,\"name\":\"Home\",\"item\":\"https:\\\/\\\/www.livemag.it\\\/\"},{\"@type\":\"ListItem\",\"position\":2,\"name\":\"Marchetti \u201cRotto legame di fiducia con Infantino, Fifa da riformare\u201d\"}]},{\"@type\":\"WebSite\",\"@id\":\"https:\\\/\\\/www.livemag.it\\\/#website\",\"url\":\"https:\\\/\\\/www.livemag.it\\\/\",\"name\":\"Live Magazine\",\"description\":\"Varie ed eventi\",\"publisher\":{\"@id\":\"https:\\\/\\\/www.livemag.it\\\/#organization\"},\"potentialAction\":[{\"@type\":\"SearchAction\",\"target\":{\"@type\":\"EntryPoint\",\"urlTemplate\":\"https:\\\/\\\/www.livemag.it\\\/?s={search_term_string}\"},\"query-input\":{\"@type\":\"PropertyValueSpecification\",\"valueRequired\":true,\"valueName\":\"search_term_string\"}}],\"inLanguage\":\"it-IT\"},{\"@type\":\"Organization\",\"@id\":\"https:\\\/\\\/www.livemag.it\\\/#organization\",\"name\":\"LiveMag\",\"alternateName\":\"LiveMag News ed eventi\",\"url\":\"https:\\\/\\\/www.livemag.it\\\/\",\"logo\":{\"@type\":\"ImageObject\",\"inLanguage\":\"it-IT\",\"@id\":\"https:\\\/\\\/www.livemag.it\\\/#\\\/schema\\\/logo\\\/image\\\/\",\"url\":\"https:\\\/\\\/www.livemag.it\\\/wp-content\\\/uploads\\\/2024\\\/02\\\/immagine-sito.jpg\",\"contentUrl\":\"https:\\\/\\\/www.livemag.it\\\/wp-content\\\/uploads\\\/2024\\\/02\\\/immagine-sito.jpg\",\"width\":696,\"height\":696,\"caption\":\"LiveMag\"},\"image\":{\"@id\":\"https:\\\/\\\/www.livemag.it\\\/#\\\/schema\\\/logo\\\/image\\\/\"},\"sameAs\":[\"https:\\\/\\\/www.facebook.com\\\/LiveMag\\\/\",\"https:\\\/\\\/x.com\\\/LiveNotizie\",\"https:\\\/\\\/www.instagram.com\\\/livemag\\\/\"]},{\"@type\":\"Person\",\"@id\":\"https:\\\/\\\/www.livemag.it\\\/#\\\/schema\\\/person\\\/b62c5f44451fdcdaeb0afe6c2424e73c\",\"name\":\"italpress\",\"image\":{\"@type\":\"ImageObject\",\"inLanguage\":\"it-IT\",\"@id\":\"https:\\\/\\\/secure.gravatar.com\\\/avatar\\\/b6a21695fc713ce7ee312cf57c97e2e641feb365be72d8745574d3c3e2b59066?s=96&r=g\",\"url\":\"https:\\\/\\\/secure.gravatar.com\\\/avatar\\\/b6a21695fc713ce7ee312cf57c97e2e641feb365be72d8745574d3c3e2b59066?s=96&r=g\",\"contentUrl\":\"https:\\\/\\\/secure.gravatar.com\\\/avatar\\\/b6a21695fc713ce7ee312cf57c97e2e641feb365be72d8745574d3c3e2b59066?s=96&r=g\",\"caption\":\"italpress\"},\"description\":\"Italpress \u00e8 un'agenzia di stampa italiana a carattere nazionale.\",\"url\":\"https:\\\/\\\/www.livemag.it\\\/index.php\\\/author\\\/italpress\\\/\"}]}<\/script>\n<!-- \/ Yoast SEO plugin. -->","yoast_head_json":{"title":"Marchetti \u201cRotto legame di fiducia con Infantino, Fifa da riformare\u201d - Live Magazine","robots":{"index":"index","follow":"follow","max-snippet":"max-snippet:-1","max-image-preview":"max-image-preview:large","max-video-preview":"max-video-preview:-1"},"canonical":"https:\/\/www.livemag.it\/index.php\/2026\/08\/31\/marchetti-rotto-legame-di-fiducia-con-infantino-fifa-da-riformare\/","og_locale":"it_IT","og_type":"article","og_title":"Marchetti \u201cRotto legame di fiducia con Infantino, Fifa da riformare\u201d - Live Magazine","og_description":"ROMA (ITALPRESS) \u2013 \u201cLe coppe europee sono difficili per tutti. Sono eccitanti, attraenti, ci sono delle sfide di grande valore. Per l\u2019Italia vedere iniziare la Champions League con Real Madrid-Inter e Napoli-Arsenal alla prima giornata non pu\u00f2 che accendere la fantasia di tutti i tifosi. Queste sono le partite che contano. Per Inter e la [&hellip;]","og_url":"https:\/\/www.livemag.it\/index.php\/2026\/08\/31\/marchetti-rotto-legame-di-fiducia-con-infantino-fifa-da-riformare\/","og_site_name":"Live Magazine","article_publisher":"https:\/\/www.facebook.com\/LiveMag\/","article_published_time":"2026-08-31T09:04:40+00:00","og_image":[{"width":1200,"height":675,"url":"https:\/\/www.livemag.it\/wp-content\/uploads\/2024\/02\/ograph.jpg","type":"image\/jpeg"}],"author":"italpress","twitter_card":"summary_large_image","twitter_creator":"@LiveNotizie","twitter_site":"@LiveNotizie","twitter_misc":{"Scritto da":"italpress","Tempo di lettura stimato":"2 minuti"},"schema":{"@context":"https:\/\/schema.org","@graph":[{"@type":"Article","@id":"https:\/\/www.livemag.it\/index.php\/2026\/08\/31\/marchetti-rotto-legame-di-fiducia-con-infantino-fifa-da-riformare\/#article","isPartOf":{"@id":"https:\/\/www.livemag.it\/index.php\/2026\/08\/31\/marchetti-rotto-legame-di-fiducia-con-infantino-fifa-da-riformare\/"},"author":{"name":"italpress","@id":"https:\/\/www.livemag.it\/#\/schema\/person\/b62c5f44451fdcdaeb0afe6c2424e73c"},"headline":"Marchetti \u201cRotto legame di fiducia con Infantino, Fifa da riformare\u201d","datePublished":"2026-08-31T09:04:40+00:00","mainEntityOfPage":{"@id":"https:\/\/www.livemag.it\/index.php\/2026\/08\/31\/marchetti-rotto-legame-di-fiducia-con-infantino-fifa-da-riformare\/"},"wordCount":473,"publisher":{"@id":"https:\/\/www.livemag.it\/#organization"},"image":{"@id":"https:\/\/www.livemag.it\/index.php\/2026\/08\/31\/marchetti-rotto-legame-di-fiducia-con-infantino-fifa-da-riformare\/#primaryimage"},"thumbnailUrl":"https:\/\/www.livemag.it\/wp-content\/uploads\/2026\/08\/20260831_0234.jpg","articleSection":["Mondo"],"inLanguage":"it-IT"},{"@type":"WebPage","@id":"https:\/\/www.livemag.it\/index.php\/2026\/08\/31\/marchetti-rotto-legame-di-fiducia-con-infantino-fifa-da-riformare\/","url":"https:\/\/www.livemag.it\/index.php\/2026\/08\/31\/marchetti-rotto-legame-di-fiducia-con-infantino-fifa-da-riformare\/","name":"Marchetti \u201cRotto legame di fiducia con Infantino, Fifa da riformare\u201d - Live Magazine","isPartOf":{"@id":"https:\/\/www.livemag.it\/#website"},"primaryImageOfPage":{"@id":"https:\/\/www.livemag.it\/index.php\/2026\/08\/31\/marchetti-rotto-legame-di-fiducia-con-infantino-fifa-da-riformare\/#primaryimage"},"image":{"@id":"https:\/\/www.livemag.it\/index.php\/2026\/08\/31\/marchetti-rotto-legame-di-fiducia-con-infantino-fifa-da-riformare\/#primaryimage"},"thumbnailUrl":"https:\/\/www.livemag.it\/wp-content\/uploads\/2026\/08\/20260831_0234.jpg","datePublished":"2026-08-31T09:04:40+00:00","breadcrumb":{"@id":"https:\/\/www.livemag.it\/index.php\/2026\/08\/31\/marchetti-rotto-legame-di-fiducia-con-infantino-fifa-da-riformare\/#breadcrumb"},"inLanguage":"it-IT","potentialAction":[{"@type":"ReadAction","target":["https:\/\/www.livemag.it\/index.php\/2026\/08\/31\/marchetti-rotto-legame-di-fiducia-con-infantino-fifa-da-riformare\/"]}]},{"@type":"ImageObject","inLanguage":"it-IT","@id":"https:\/\/www.livemag.it\/index.php\/2026\/08\/31\/marchetti-rotto-legame-di-fiducia-con-infantino-fifa-da-riformare\/#primaryimage","url":"https:\/\/www.livemag.it\/wp-content\/uploads\/2026\/08\/20260831_0234.jpg","contentUrl":"https:\/\/www.livemag.it\/wp-content\/uploads\/2026\/08\/20260831_0234.jpg","width":1200,"height":800},{"@type":"BreadcrumbList","@id":"https:\/\/www.livemag.it\/index.php\/2026\/08\/31\/marchetti-rotto-legame-di-fiducia-con-infantino-fifa-da-riformare\/#breadcrumb","itemListElement":[{"@type":"ListItem","position":1,"name":"Home","item":"https:\/\/www.livemag.it\/"},{"@type":"ListItem","position":2,"name":"Marchetti \u201cRotto legame di fiducia con Infantino, Fifa da riformare\u201d"}]},{"@type":"WebSite","@id":"https:\/\/www.livemag.it\/#website","url":"https:\/\/www.livemag.it\/","name":"Live Magazine","description":"Varie ed eventi","publisher":{"@id":"https:\/\/www.livemag.it\/#organization"},"potentialAction":[{"@type":"SearchAction","target":{"@type":"EntryPoint","urlTemplate":"https:\/\/www.livemag.it\/?s={search_term_string}"},"query-input":{"@type":"PropertyValueSpecification","valueRequired":true,"valueName":"search_term_string"}}],"inLanguage":"it-IT"},{"@type":"Organization","@id":"https:\/\/www.livemag.it\/#organization","name":"LiveMag","alternateName":"LiveMag News ed eventi","url":"https:\/\/www.livemag.it\/","logo":{"@type":"ImageObject","inLanguage":"it-IT","@id":"https:\/\/www.livemag.it\/#\/schema\/logo\/image\/","url":"https:\/\/www.livemag.it\/wp-content\/uploads\/2024\/02\/immagine-sito.jpg","contentUrl":"https:\/\/www.livemag.it\/wp-content\/uploads\/2024\/02\/immagine-sito.jpg","width":696,"height":696,"caption":"LiveMag"},"image":{"@id":"https:\/\/www.livemag.it\/#\/schema\/logo\/image\/"},"sameAs":["https:\/\/www.facebook.com\/LiveMag\/","https:\/\/x.com\/LiveNotizie","https:\/\/www.instagram.com\/livemag\/"]},{"@type":"Person","@id":"https:\/\/www.livemag.it\/#\/schema\/person\/b62c5f44451fdcdaeb0afe6c2424e73c","name":"italpress","image":{"@type":"ImageObject","inLanguage":"it-IT","@id":"https:\/\/secure.gravatar.com\/avatar\/b6a21695fc713ce7ee312cf57c97e2e641feb365be72d8745574d3c3e2b59066?s=96&r=g","url":"https:\/\/secure.gravatar.com\/avatar\/b6a21695fc713ce7ee312cf57c97e2e641feb365be72d8745574d3c3e2b59066?s=96&r=g","contentUrl":"https:\/\/secure.gravatar.com\/avatar\/b6a21695fc713ce7ee312cf57c97e2e641feb365be72d8745574d3c3e2b59066?s=96&r=g","caption":"italpress"},"description":"Italpress \u00e8 un'agenzia di stampa italiana a carattere nazionale.","url":"https:\/\/www.livemag.it\/index.php\/author\/italpress\/"}]}},"jetpack_featured_media_url":"https:\/\/www.livemag.it\/wp-content\/uploads\/2026\/08\/20260831_0234.jpg","_links":{"self":[{"href":"https:\/\/www.livemag.it\/index.php\/wp-json\/wp\/v2\/posts\/84432","targetHints":{"allow":["GET"]}}],"collection":[{"href":"https:\/\/www.livemag.it\/index.php\/wp-json\/wp\/v2\/posts"}],"about":[{"href":"https:\/\/www.livemag.it\/index.php\/wp-json\/wp\/v2\/types\/post"}],"author":[{"embeddable":true,"href":"https:\/\/www.livemag.it\/index.php\/wp-json\/wp\/v2\/users\/16"}],"replies":[{"embeddable":true,"href":"https:\/\/www.livemag.it\/index.php\/wp-json\/wp\/v2\/comments?post=84432"}],"version-history":[{"count":0,"href":"https:\/\/www.livemag.it\/index.php\/wp-json\/wp\/v2\/posts\/84432\/revisions"}],"wp:featuredmedia":[{"embeddable":true,"href":"https:\/\/www.livemag.it\/index.php\/wp-json\/wp\/v2\/media\/84433"}],"wp:attachment":[{"href":"https:\/\/www.livemag.it\/index.php\/wp-json\/wp\/v2\/media?parent=84432"}],"wp:term":[{"taxonomy":"category","embeddable":true,"href":"https:\/\/www.livemag.it\/index.php\/wp-json\/wp\/v2\/categories?post=84432"},{"taxonomy":"post_tag","embeddable":true,"href":"https:\/\/www.livemag.it\/index.php\/wp-json\/wp\/v2\/tags?post=84432"}],"curies":[{"name":"wp","href":"https:\/\/api.w.org\/{rel}","templated":true}]}}