{"id":84382,"date":"2026-08-30T17:04:35","date_gmt":"2026-08-30T15:04:35","guid":{"rendered":"https:\/\/www.livemag.it\/index.php\/2026\/08\/30\/lislanda-resta-fuori-dallue-al-referendum-vince-il-no\/"},"modified":"2026-08-30T17:04:35","modified_gmt":"2026-08-30T15:04:35","slug":"lislanda-resta-fuori-dallue-al-referendum-vince-il-no","status":"publish","type":"post","link":"https:\/\/www.livemag.it\/index.php\/2026\/08\/30\/lislanda-resta-fuori-dallue-al-referendum-vince-il-no\/","title":{"rendered":"L\u2019Islanda resta fuori dall\u2019Ue, al referendum vince il no"},"content":{"rendered":"<div>\n<p>REYKJAVIK (ISLANDA) (ITALPRESS) \u2013 L\u2019Islanda sceglie di restare fuori dall\u2019Unione europea. Il referendum sulla ripresa dei negoziati ha infatti sancito la vittoria del \u201cno\u201d con il 52,8% dei voti contro il 47,2% del \u201cs\u00ec\u201d, un risultato che blocca le ambizioni europeiste della premier Kristr\u00f9n Frostad\u00f2ttir. Lo scrutinio delle schede, svoltosi nella notte, ha confermato un Paese spaccato in due, ma con un orientamento chiaro delle regioni rurali e costiere, decisive nel frenare la spinta della capitale. Secondo i dati definitivi diffusi dall\u2019emittente pubblica islandese RU\u2019V il \u201cs\u00ec\u201d ha vinto senza per\u00f2 raggiungere il distacco sperato per poter ribaltare i dati dei collegi periferici, da sempre pi\u00f9 scettici verso le politiche di Bruxelles. Al centro del dibattito politico non vi erano solo le questioni di natura monetaria, legate all\u2019inflazione e ai tassi di interesse, ma soprattutto la tutela della sovranit\u00e0 nazionale e la gestione delle acque territoriali. Il settore ittico, pilastro portante dell\u2019economia dell\u2019isola, si \u00e8 barricato a difesa delle proprie quote di pesca, temendo i vincoli ei regolamenti della politica comune europea. Inutili sono stati gli appelli del governo, che presentava la consultazione come un\u2019opportunit\u00e0 irripetibile per garantire maggiore stabilit\u00e0 geopolitica ed economica, specialmente in un contesto globale teso e segnato dalle forti pressioni nell\u2019area artica. Il voto non riguardava l\u2019ingresso immediato nell\u2019Ue, bens\u00ec il riavvio di un percorso negoziale interrotto nel 2013, che avrebbe comunque richiesto un secondo voto popolare sul trattato definitivo. Il verdetto congela invece il dossier per i prossimi anni, segnando una netta battuta d\u2019arresto per la strategia della coalizione di centrosinistra. Per Bruxelles si tratta di uno schiaffo simbolico, in un momento in cui la sicurezza dei confini settentrionali rimane un tema caldo. L\u2019Islanda riafferma cos\u00ec la sua forte identit\u00e0 e la volont\u00e0 di rimanere sola arbitra del proprio futuro e delle proprie risorse.<br \/>(ITALPRESS).<br \/>-Foto www.pexels.com-<\/p>\n<\/div>\n","protected":false},"excerpt":{"rendered":"<p>REYKJAVIK (ISLANDA) (ITALPRESS) \u2013 L\u2019Islanda sceglie di restare fuori dall\u2019Unione europea. Il referendum sulla ripresa dei negoziati ha infatti sancito la vittoria del \u201cno\u201d con il 52,8% dei voti contro il 47,2% del \u201cs\u00ec\u201d, un risultato che blocca le ambizioni europeiste della premier Kristr\u00f9n Frostad\u00f2ttir. Lo scrutinio delle schede, svoltosi nella notte, ha confermato un [&hellip;]<\/p>\n","protected":false},"author":16,"featured_media":84383,"comment_status":"closed","ping_status":"closed","sticky":false,"template":"","format":"standard","meta":{"jnews-multi-image_gallery":[],"jnews_single_post":[],"jnews_primary_category":[],"jnews_social_meta":[],"jnews_override_counter":[],"jnews_post_split":[],"footnotes":"","_members_access_role":[],"_members_access_error":""},"categories":[1129],"tags":[],"class_list":["post-84382","post","type-post","status-publish","format-standard","has-post-thumbnail","hentry","category-mondo"],"yoast_head":"<!-- This site is optimized with the Yoast SEO plugin v28.3 - https:\/\/yoast.com\/product\/yoast-seo-wordpress\/ -->\n<title>L\u2019Islanda resta fuori dall\u2019Ue, al referendum vince il no - Live Magazine<\/title>\n<meta name=\"robots\" content=\"index, follow, max-snippet:-1, max-image-preview:large, max-video-preview:-1\" \/>\n<link rel=\"canonical\" href=\"https:\/\/www.livemag.it\/index.php\/2026\/08\/30\/lislanda-resta-fuori-dallue-al-referendum-vince-il-no\/\" \/>\n<meta property=\"og:locale\" content=\"it_IT\" \/>\n<meta property=\"og:type\" content=\"article\" \/>\n<meta property=\"og:title\" content=\"L\u2019Islanda resta fuori dall\u2019Ue, al referendum vince il no - Live Magazine\" \/>\n<meta property=\"og:description\" content=\"REYKJAVIK (ISLANDA) (ITALPRESS) \u2013 L\u2019Islanda sceglie di restare fuori dall\u2019Unione europea. Il referendum sulla ripresa dei negoziati ha infatti sancito la vittoria del \u201cno\u201d con il 52,8% dei voti contro il 47,2% del \u201cs\u00ec\u201d, un risultato che blocca le ambizioni europeiste della premier Kristr\u00f9n Frostad\u00f2ttir. Lo scrutinio delle schede, svoltosi nella notte, ha confermato un [&hellip;]\" \/>\n<meta property=\"og:url\" content=\"https:\/\/www.livemag.it\/index.php\/2026\/08\/30\/lislanda-resta-fuori-dallue-al-referendum-vince-il-no\/\" \/>\n<meta property=\"og:site_name\" content=\"Live Magazine\" \/>\n<meta property=\"article:publisher\" content=\"https:\/\/www.facebook.com\/LiveMag\/\" \/>\n<meta property=\"article:published_time\" content=\"2026-08-30T15:04:35+00:00\" \/>\n<meta property=\"og:image\" content=\"https:\/\/www.livemag.it\/wp-content\/uploads\/2024\/02\/ograph.jpg\" \/>\n\t<meta property=\"og:image:width\" content=\"1200\" \/>\n\t<meta property=\"og:image:height\" content=\"675\" \/>\n\t<meta property=\"og:image:type\" content=\"image\/jpeg\" \/>\n<meta name=\"author\" content=\"italpress\" \/>\n<meta name=\"twitter:card\" content=\"summary_large_image\" \/>\n<meta name=\"twitter:creator\" content=\"@LiveNotizie\" \/>\n<meta name=\"twitter:site\" content=\"@LiveNotizie\" \/>\n<meta name=\"twitter:label1\" content=\"Scritto da\" \/>\n\t<meta name=\"twitter:data1\" content=\"italpress\" \/>\n\t<meta name=\"twitter:label2\" content=\"Tempo di lettura stimato\" \/>\n\t<meta name=\"twitter:data2\" content=\"2 minuti\" \/>\n<script type=\"application\/ld+json\" class=\"yoast-schema-graph\">{\"@context\":\"https:\\\/\\\/schema.org\",\"@graph\":[{\"@type\":\"Article\",\"@id\":\"https:\\\/\\\/www.livemag.it\\\/index.php\\\/2026\\\/08\\\/30\\\/lislanda-resta-fuori-dallue-al-referendum-vince-il-no\\\/#article\",\"isPartOf\":{\"@id\":\"https:\\\/\\\/www.livemag.it\\\/index.php\\\/2026\\\/08\\\/30\\\/lislanda-resta-fuori-dallue-al-referendum-vince-il-no\\\/\"},\"author\":{\"name\":\"italpress\",\"@id\":\"https:\\\/\\\/www.livemag.it\\\/#\\\/schema\\\/person\\\/b62c5f44451fdcdaeb0afe6c2424e73c\"},\"headline\":\"L\u2019Islanda resta fuori dall\u2019Ue, al referendum vince il no\",\"datePublished\":\"2026-08-30T15:04:35+00:00\",\"mainEntityOfPage\":{\"@id\":\"https:\\\/\\\/www.livemag.it\\\/index.php\\\/2026\\\/08\\\/30\\\/lislanda-resta-fuori-dallue-al-referendum-vince-il-no\\\/\"},\"wordCount\":325,\"publisher\":{\"@id\":\"https:\\\/\\\/www.livemag.it\\\/#organization\"},\"image\":{\"@id\":\"https:\\\/\\\/www.livemag.it\\\/index.php\\\/2026\\\/08\\\/30\\\/lislanda-resta-fuori-dallue-al-referendum-vince-il-no\\\/#primaryimage\"},\"thumbnailUrl\":\"https:\\\/\\\/www.livemag.it\\\/wp-content\\\/uploads\\\/2026\\\/08\\\/20260830_0788.jpg\",\"articleSection\":[\"Mondo\"],\"inLanguage\":\"it-IT\"},{\"@type\":\"WebPage\",\"@id\":\"https:\\\/\\\/www.livemag.it\\\/index.php\\\/2026\\\/08\\\/30\\\/lislanda-resta-fuori-dallue-al-referendum-vince-il-no\\\/\",\"url\":\"https:\\\/\\\/www.livemag.it\\\/index.php\\\/2026\\\/08\\\/30\\\/lislanda-resta-fuori-dallue-al-referendum-vince-il-no\\\/\",\"name\":\"L\u2019Islanda resta fuori dall\u2019Ue, al referendum vince il no - Live Magazine\",\"isPartOf\":{\"@id\":\"https:\\\/\\\/www.livemag.it\\\/#website\"},\"primaryImageOfPage\":{\"@id\":\"https:\\\/\\\/www.livemag.it\\\/index.php\\\/2026\\\/08\\\/30\\\/lislanda-resta-fuori-dallue-al-referendum-vince-il-no\\\/#primaryimage\"},\"image\":{\"@id\":\"https:\\\/\\\/www.livemag.it\\\/index.php\\\/2026\\\/08\\\/30\\\/lislanda-resta-fuori-dallue-al-referendum-vince-il-no\\\/#primaryimage\"},\"thumbnailUrl\":\"https:\\\/\\\/www.livemag.it\\\/wp-content\\\/uploads\\\/2026\\\/08\\\/20260830_0788.jpg\",\"datePublished\":\"2026-08-30T15:04:35+00:00\",\"breadcrumb\":{\"@id\":\"https:\\\/\\\/www.livemag.it\\\/index.php\\\/2026\\\/08\\\/30\\\/lislanda-resta-fuori-dallue-al-referendum-vince-il-no\\\/#breadcrumb\"},\"inLanguage\":\"it-IT\",\"potentialAction\":[{\"@type\":\"ReadAction\",\"target\":[\"https:\\\/\\\/www.livemag.it\\\/index.php\\\/2026\\\/08\\\/30\\\/lislanda-resta-fuori-dallue-al-referendum-vince-il-no\\\/\"]}]},{\"@type\":\"ImageObject\",\"inLanguage\":\"it-IT\",\"@id\":\"https:\\\/\\\/www.livemag.it\\\/index.php\\\/2026\\\/08\\\/30\\\/lislanda-resta-fuori-dallue-al-referendum-vince-il-no\\\/#primaryimage\",\"url\":\"https:\\\/\\\/www.livemag.it\\\/wp-content\\\/uploads\\\/2026\\\/08\\\/20260830_0788.jpg\",\"contentUrl\":\"https:\\\/\\\/www.livemag.it\\\/wp-content\\\/uploads\\\/2026\\\/08\\\/20260830_0788.jpg\",\"width\":1000,\"height\":608},{\"@type\":\"BreadcrumbList\",\"@id\":\"https:\\\/\\\/www.livemag.it\\\/index.php\\\/2026\\\/08\\\/30\\\/lislanda-resta-fuori-dallue-al-referendum-vince-il-no\\\/#breadcrumb\",\"itemListElement\":[{\"@type\":\"ListItem\",\"position\":1,\"name\":\"Home\",\"item\":\"https:\\\/\\\/www.livemag.it\\\/\"},{\"@type\":\"ListItem\",\"position\":2,\"name\":\"L\u2019Islanda resta fuori dall\u2019Ue, al referendum vince il no\"}]},{\"@type\":\"WebSite\",\"@id\":\"https:\\\/\\\/www.livemag.it\\\/#website\",\"url\":\"https:\\\/\\\/www.livemag.it\\\/\",\"name\":\"Live Magazine\",\"description\":\"Varie ed eventi\",\"publisher\":{\"@id\":\"https:\\\/\\\/www.livemag.it\\\/#organization\"},\"potentialAction\":[{\"@type\":\"SearchAction\",\"target\":{\"@type\":\"EntryPoint\",\"urlTemplate\":\"https:\\\/\\\/www.livemag.it\\\/?s={search_term_string}\"},\"query-input\":{\"@type\":\"PropertyValueSpecification\",\"valueRequired\":true,\"valueName\":\"search_term_string\"}}],\"inLanguage\":\"it-IT\"},{\"@type\":\"Organization\",\"@id\":\"https:\\\/\\\/www.livemag.it\\\/#organization\",\"name\":\"LiveMag\",\"alternateName\":\"LiveMag News ed eventi\",\"url\":\"https:\\\/\\\/www.livemag.it\\\/\",\"logo\":{\"@type\":\"ImageObject\",\"inLanguage\":\"it-IT\",\"@id\":\"https:\\\/\\\/www.livemag.it\\\/#\\\/schema\\\/logo\\\/image\\\/\",\"url\":\"https:\\\/\\\/www.livemag.it\\\/wp-content\\\/uploads\\\/2024\\\/02\\\/immagine-sito.jpg\",\"contentUrl\":\"https:\\\/\\\/www.livemag.it\\\/wp-content\\\/uploads\\\/2024\\\/02\\\/immagine-sito.jpg\",\"width\":696,\"height\":696,\"caption\":\"LiveMag\"},\"image\":{\"@id\":\"https:\\\/\\\/www.livemag.it\\\/#\\\/schema\\\/logo\\\/image\\\/\"},\"sameAs\":[\"https:\\\/\\\/www.facebook.com\\\/LiveMag\\\/\",\"https:\\\/\\\/x.com\\\/LiveNotizie\",\"https:\\\/\\\/www.instagram.com\\\/livemag\\\/\"]},{\"@type\":\"Person\",\"@id\":\"https:\\\/\\\/www.livemag.it\\\/#\\\/schema\\\/person\\\/b62c5f44451fdcdaeb0afe6c2424e73c\",\"name\":\"italpress\",\"image\":{\"@type\":\"ImageObject\",\"inLanguage\":\"it-IT\",\"@id\":\"https:\\\/\\\/secure.gravatar.com\\\/avatar\\\/b6a21695fc713ce7ee312cf57c97e2e641feb365be72d8745574d3c3e2b59066?s=96&r=g\",\"url\":\"https:\\\/\\\/secure.gravatar.com\\\/avatar\\\/b6a21695fc713ce7ee312cf57c97e2e641feb365be72d8745574d3c3e2b59066?s=96&r=g\",\"contentUrl\":\"https:\\\/\\\/secure.gravatar.com\\\/avatar\\\/b6a21695fc713ce7ee312cf57c97e2e641feb365be72d8745574d3c3e2b59066?s=96&r=g\",\"caption\":\"italpress\"},\"description\":\"Italpress \u00e8 un'agenzia di stampa italiana a carattere nazionale.\",\"url\":\"https:\\\/\\\/www.livemag.it\\\/index.php\\\/author\\\/italpress\\\/\"}]}<\/script>\n<!-- \/ Yoast SEO plugin. -->","yoast_head_json":{"title":"L\u2019Islanda resta fuori dall\u2019Ue, al referendum vince il no - Live Magazine","robots":{"index":"index","follow":"follow","max-snippet":"max-snippet:-1","max-image-preview":"max-image-preview:large","max-video-preview":"max-video-preview:-1"},"canonical":"https:\/\/www.livemag.it\/index.php\/2026\/08\/30\/lislanda-resta-fuori-dallue-al-referendum-vince-il-no\/","og_locale":"it_IT","og_type":"article","og_title":"L\u2019Islanda resta fuori dall\u2019Ue, al referendum vince il no - Live Magazine","og_description":"REYKJAVIK (ISLANDA) (ITALPRESS) \u2013 L\u2019Islanda sceglie di restare fuori dall\u2019Unione europea. Il referendum sulla ripresa dei negoziati ha infatti sancito la vittoria del \u201cno\u201d con il 52,8% dei voti contro il 47,2% del \u201cs\u00ec\u201d, un risultato che blocca le ambizioni europeiste della premier Kristr\u00f9n Frostad\u00f2ttir. Lo scrutinio delle schede, svoltosi nella notte, ha confermato un [&hellip;]","og_url":"https:\/\/www.livemag.it\/index.php\/2026\/08\/30\/lislanda-resta-fuori-dallue-al-referendum-vince-il-no\/","og_site_name":"Live Magazine","article_publisher":"https:\/\/www.facebook.com\/LiveMag\/","article_published_time":"2026-08-30T15:04:35+00:00","og_image":[{"width":1200,"height":675,"url":"https:\/\/www.livemag.it\/wp-content\/uploads\/2024\/02\/ograph.jpg","type":"image\/jpeg"}],"author":"italpress","twitter_card":"summary_large_image","twitter_creator":"@LiveNotizie","twitter_site":"@LiveNotizie","twitter_misc":{"Scritto da":"italpress","Tempo di lettura stimato":"2 minuti"},"schema":{"@context":"https:\/\/schema.org","@graph":[{"@type":"Article","@id":"https:\/\/www.livemag.it\/index.php\/2026\/08\/30\/lislanda-resta-fuori-dallue-al-referendum-vince-il-no\/#article","isPartOf":{"@id":"https:\/\/www.livemag.it\/index.php\/2026\/08\/30\/lislanda-resta-fuori-dallue-al-referendum-vince-il-no\/"},"author":{"name":"italpress","@id":"https:\/\/www.livemag.it\/#\/schema\/person\/b62c5f44451fdcdaeb0afe6c2424e73c"},"headline":"L\u2019Islanda resta fuori dall\u2019Ue, al referendum vince il no","datePublished":"2026-08-30T15:04:35+00:00","mainEntityOfPage":{"@id":"https:\/\/www.livemag.it\/index.php\/2026\/08\/30\/lislanda-resta-fuori-dallue-al-referendum-vince-il-no\/"},"wordCount":325,"publisher":{"@id":"https:\/\/www.livemag.it\/#organization"},"image":{"@id":"https:\/\/www.livemag.it\/index.php\/2026\/08\/30\/lislanda-resta-fuori-dallue-al-referendum-vince-il-no\/#primaryimage"},"thumbnailUrl":"https:\/\/www.livemag.it\/wp-content\/uploads\/2026\/08\/20260830_0788.jpg","articleSection":["Mondo"],"inLanguage":"it-IT"},{"@type":"WebPage","@id":"https:\/\/www.livemag.it\/index.php\/2026\/08\/30\/lislanda-resta-fuori-dallue-al-referendum-vince-il-no\/","url":"https:\/\/www.livemag.it\/index.php\/2026\/08\/30\/lislanda-resta-fuori-dallue-al-referendum-vince-il-no\/","name":"L\u2019Islanda resta fuori dall\u2019Ue, al referendum vince il no - Live Magazine","isPartOf":{"@id":"https:\/\/www.livemag.it\/#website"},"primaryImageOfPage":{"@id":"https:\/\/www.livemag.it\/index.php\/2026\/08\/30\/lislanda-resta-fuori-dallue-al-referendum-vince-il-no\/#primaryimage"},"image":{"@id":"https:\/\/www.livemag.it\/index.php\/2026\/08\/30\/lislanda-resta-fuori-dallue-al-referendum-vince-il-no\/#primaryimage"},"thumbnailUrl":"https:\/\/www.livemag.it\/wp-content\/uploads\/2026\/08\/20260830_0788.jpg","datePublished":"2026-08-30T15:04:35+00:00","breadcrumb":{"@id":"https:\/\/www.livemag.it\/index.php\/2026\/08\/30\/lislanda-resta-fuori-dallue-al-referendum-vince-il-no\/#breadcrumb"},"inLanguage":"it-IT","potentialAction":[{"@type":"ReadAction","target":["https:\/\/www.livemag.it\/index.php\/2026\/08\/30\/lislanda-resta-fuori-dallue-al-referendum-vince-il-no\/"]}]},{"@type":"ImageObject","inLanguage":"it-IT","@id":"https:\/\/www.livemag.it\/index.php\/2026\/08\/30\/lislanda-resta-fuori-dallue-al-referendum-vince-il-no\/#primaryimage","url":"https:\/\/www.livemag.it\/wp-content\/uploads\/2026\/08\/20260830_0788.jpg","contentUrl":"https:\/\/www.livemag.it\/wp-content\/uploads\/2026\/08\/20260830_0788.jpg","width":1000,"height":608},{"@type":"BreadcrumbList","@id":"https:\/\/www.livemag.it\/index.php\/2026\/08\/30\/lislanda-resta-fuori-dallue-al-referendum-vince-il-no\/#breadcrumb","itemListElement":[{"@type":"ListItem","position":1,"name":"Home","item":"https:\/\/www.livemag.it\/"},{"@type":"ListItem","position":2,"name":"L\u2019Islanda resta fuori dall\u2019Ue, al referendum vince il no"}]},{"@type":"WebSite","@id":"https:\/\/www.livemag.it\/#website","url":"https:\/\/www.livemag.it\/","name":"Live Magazine","description":"Varie ed eventi","publisher":{"@id":"https:\/\/www.livemag.it\/#organization"},"potentialAction":[{"@type":"SearchAction","target":{"@type":"EntryPoint","urlTemplate":"https:\/\/www.livemag.it\/?s={search_term_string}"},"query-input":{"@type":"PropertyValueSpecification","valueRequired":true,"valueName":"search_term_string"}}],"inLanguage":"it-IT"},{"@type":"Organization","@id":"https:\/\/www.livemag.it\/#organization","name":"LiveMag","alternateName":"LiveMag News ed eventi","url":"https:\/\/www.livemag.it\/","logo":{"@type":"ImageObject","inLanguage":"it-IT","@id":"https:\/\/www.livemag.it\/#\/schema\/logo\/image\/","url":"https:\/\/www.livemag.it\/wp-content\/uploads\/2024\/02\/immagine-sito.jpg","contentUrl":"https:\/\/www.livemag.it\/wp-content\/uploads\/2024\/02\/immagine-sito.jpg","width":696,"height":696,"caption":"LiveMag"},"image":{"@id":"https:\/\/www.livemag.it\/#\/schema\/logo\/image\/"},"sameAs":["https:\/\/www.facebook.com\/LiveMag\/","https:\/\/x.com\/LiveNotizie","https:\/\/www.instagram.com\/livemag\/"]},{"@type":"Person","@id":"https:\/\/www.livemag.it\/#\/schema\/person\/b62c5f44451fdcdaeb0afe6c2424e73c","name":"italpress","image":{"@type":"ImageObject","inLanguage":"it-IT","@id":"https:\/\/secure.gravatar.com\/avatar\/b6a21695fc713ce7ee312cf57c97e2e641feb365be72d8745574d3c3e2b59066?s=96&r=g","url":"https:\/\/secure.gravatar.com\/avatar\/b6a21695fc713ce7ee312cf57c97e2e641feb365be72d8745574d3c3e2b59066?s=96&r=g","contentUrl":"https:\/\/secure.gravatar.com\/avatar\/b6a21695fc713ce7ee312cf57c97e2e641feb365be72d8745574d3c3e2b59066?s=96&r=g","caption":"italpress"},"description":"Italpress \u00e8 un'agenzia di stampa italiana a carattere nazionale.","url":"https:\/\/www.livemag.it\/index.php\/author\/italpress\/"}]}},"jetpack_featured_media_url":"https:\/\/www.livemag.it\/wp-content\/uploads\/2026\/08\/20260830_0788.jpg","_links":{"self":[{"href":"https:\/\/www.livemag.it\/index.php\/wp-json\/wp\/v2\/posts\/84382","targetHints":{"allow":["GET"]}}],"collection":[{"href":"https:\/\/www.livemag.it\/index.php\/wp-json\/wp\/v2\/posts"}],"about":[{"href":"https:\/\/www.livemag.it\/index.php\/wp-json\/wp\/v2\/types\/post"}],"author":[{"embeddable":true,"href":"https:\/\/www.livemag.it\/index.php\/wp-json\/wp\/v2\/users\/16"}],"replies":[{"embeddable":true,"href":"https:\/\/www.livemag.it\/index.php\/wp-json\/wp\/v2\/comments?post=84382"}],"version-history":[{"count":0,"href":"https:\/\/www.livemag.it\/index.php\/wp-json\/wp\/v2\/posts\/84382\/revisions"}],"wp:featuredmedia":[{"embeddable":true,"href":"https:\/\/www.livemag.it\/index.php\/wp-json\/wp\/v2\/media\/84383"}],"wp:attachment":[{"href":"https:\/\/www.livemag.it\/index.php\/wp-json\/wp\/v2\/media?parent=84382"}],"wp:term":[{"taxonomy":"category","embeddable":true,"href":"https:\/\/www.livemag.it\/index.php\/wp-json\/wp\/v2\/categories?post=84382"},{"taxonomy":"post_tag","embeddable":true,"href":"https:\/\/www.livemag.it\/index.php\/wp-json\/wp\/v2\/tags?post=84382"}],"curies":[{"name":"wp","href":"https:\/\/api.w.org\/{rel}","templated":true}]}}