{"id":7625,"date":"2019-07-13T08:10:03","date_gmt":"2019-07-13T06:10:03","guid":{"rendered":"http:\/\/lapulceonline.it\/?p=7625"},"modified":"2019-07-13T08:10:03","modified_gmt":"2019-07-13T06:10:03","slug":"musei-e-musica-allombra-di-napoleone","status":"publish","type":"post","link":"https:\/\/www.livemag.it\/index.php\/2019\/07\/13\/musei-e-musica-allombra-di-napoleone\/","title":{"rendered":"Musei e Musica all&#8217;ombra di Napoleone"},"content":{"rendered":"\n<p>L\u2019ultimo appuntamento con la Rassegna \u201cMusei &amp; Musica\u201d \u00e8 stato \u201csotto le stelle\u201d.  Gioved\u00ec 11 luglio la manifestazione, nata da un\u2019idea di CulturAle ASM Costruire Insieme, la Citt\u00e0 di  Alessandria, il Concorso internazionale di Chitarra Classica Michele Pittaluga e la Giovent\u00f9 Musicale,  prender\u00e0 il via a partire dalle ore 21, con un fitto programma di momenti suggestivi, nello splendido  scenario del Marengo Museum.<br> Gli ingredienti per la serata sono stati  ancora la Musica Classica di giovani artisti che si stanno  affermando sempre pi\u00f9 nel panorama musicale, il Marengo Museum, le bellezze e le peculiarit\u00e0 del territorio alessandrino, le sue eccellenze.<br><br>Il programma della serata ha visto un momento dedicato alla<br> \u201cbellezza\u201d, con  la partecipazione dell\u2019Associazione \u201cAbilitando\u201d con il suo Presidente Paolo Robutti e la Societ\u00e0 Italiana Disability Manager, con la rappresentante alessandrina Paola  Testa.<br> A seguire, il concerto del Trio Quodlibet, gruppo di giovani artisti che si \u00e8 costituito al Conservatorio della Svizzera Italiana di Lugano. Mariechristine Lopez, violino, Virginia Luca, viola, e Fabio Fausone al  violoncello.<br><br> In passerella gli abiti Anfossi Moda Alessandria, i \u201cGioielli dalla Terra\u201d di<br> Elisabetta Donadio e altro ancora.<br> E&#8217; un modo originale per vivere i musei e rendere pi\u00f9 &#8216;famigliari&#8217; alcuni luoghi della cultura.<\/p>\n\n\n\n<ul class=\"wp-block-gallery columns-3 is-cropped wp-block-gallery-1 is-layout-flex wp-block-gallery-is-layout-flex\"><li class=\"blocks-gallery-item\"><figure><a href=\"https:\/\/i2.wp.com\/lapulceonline.it\/wp-content\/uploads\/2019\/07\/marengo-moda-1.jpeg?fit=1024%2C576\"><img decoding=\"async\" src=\"https:\/\/i2.wp.com\/lapulceonline.it\/wp-content\/uploads\/2019\/07\/marengo-moda-1.jpeg?fit=1024%2C576\" alt=\"\" data-id=\"7627\" data-link=\"http:\/\/lapulceonline.it\/?attachment_id=7627\" class=\"wp-image-7627\"\/><\/a><\/figure><\/li><li class=\"blocks-gallery-item\"><figure><a href=\"https:\/\/i2.wp.com\/lapulceonline.it\/wp-content\/uploads\/2019\/07\/marengo-moda-2.jpeg?fit=1024%2C684\"><img decoding=\"async\" src=\"https:\/\/i2.wp.com\/lapulceonline.it\/wp-content\/uploads\/2019\/07\/marengo-moda-2.jpeg?fit=1024%2C684\" alt=\"\" data-id=\"7628\" data-link=\"http:\/\/lapulceonline.it\/?attachment_id=7628\" class=\"wp-image-7628\"\/><\/a><\/figure><\/li><li class=\"blocks-gallery-item\"><figure><a href=\"https:\/\/i0.wp.com\/lapulceonline.it\/wp-content\/uploads\/2019\/07\/marengo-moda-3.jpeg?fit=768%2C1024\"><img decoding=\"async\" src=\"https:\/\/i0.wp.com\/lapulceonline.it\/wp-content\/uploads\/2019\/07\/marengo-moda-3.jpeg?fit=768%2C1024\" alt=\"\" data-id=\"7629\" data-link=\"http:\/\/lapulceonline.it\/?attachment_id=7629\" class=\"wp-image-7629\"\/><\/a><\/figure><\/li><li class=\"blocks-gallery-item\"><figure><a href=\"https:\/\/i1.wp.com\/lapulceonline.it\/wp-content\/uploads\/2019\/07\/marengo-moda-4.jpeg?fit=1024%2C575\"><img decoding=\"async\" src=\"https:\/\/i1.wp.com\/lapulceonline.it\/wp-content\/uploads\/2019\/07\/marengo-moda-4.jpeg?fit=1024%2C575\" alt=\"\" data-id=\"7630\" data-link=\"http:\/\/lapulceonline.it\/?attachment_id=7630\" class=\"wp-image-7630\"\/><\/a><\/figure><\/li><li class=\"blocks-gallery-item\"><figure><a href=\"https:\/\/i2.wp.com\/lapulceonline.it\/wp-content\/uploads\/2019\/07\/marengo-moda-5.jpeg?fit=766%2C1024\"><img decoding=\"async\" src=\"https:\/\/i2.wp.com\/lapulceonline.it\/wp-content\/uploads\/2019\/07\/marengo-moda-5.jpeg?fit=766%2C1024\" alt=\"\" data-id=\"7631\" data-link=\"http:\/\/lapulceonline.it\/?attachment_id=7631\" class=\"wp-image-7631\"\/><\/a><\/figure><\/li><li class=\"blocks-gallery-item\"><figure><a href=\"https:\/\/i0.wp.com\/lapulceonline.it\/wp-content\/uploads\/2019\/07\/marengo-moda-6.jpeg?fit=684%2C1024\"><img decoding=\"async\" src=\"https:\/\/i0.wp.com\/lapulceonline.it\/wp-content\/uploads\/2019\/07\/marengo-moda-6.jpeg?fit=684%2C1024\" alt=\"\" data-id=\"7632\" data-link=\"http:\/\/lapulceonline.it\/?attachment_id=7632\" class=\"wp-image-7632\"\/><\/a><\/figure><\/li><li class=\"blocks-gallery-item\"><figure><a href=\"https:\/\/i1.wp.com\/lapulceonline.it\/wp-content\/uploads\/2019\/07\/marengo-moda-7.jpeg?fit=684%2C1024\"><img decoding=\"async\" src=\"https:\/\/i1.wp.com\/lapulceonline.it\/wp-content\/uploads\/2019\/07\/marengo-moda-7.jpeg?fit=684%2C1024\" alt=\"\" data-id=\"7633\" data-link=\"http:\/\/lapulceonline.it\/?attachment_id=7633\" class=\"wp-image-7633\"\/><\/a><\/figure><\/li><li class=\"blocks-gallery-item\"><figure><a href=\"https:\/\/i0.wp.com\/lapulceonline.it\/wp-content\/uploads\/2019\/07\/marengo-moda-8.jpeg?fit=520%2C1024\"><img decoding=\"async\" src=\"https:\/\/i0.wp.com\/lapulceonline.it\/wp-content\/uploads\/2019\/07\/marengo-moda-8.jpeg?fit=520%2C1024\" alt=\"\" data-id=\"7634\" data-link=\"http:\/\/lapulceonline.it\/?attachment_id=7634\" class=\"wp-image-7634\"\/><\/a><\/figure><\/li><li class=\"blocks-gallery-item\"><figure><a href=\"https:\/\/i1.wp.com\/lapulceonline.it\/wp-content\/uploads\/2019\/07\/marengo-moda-9.jpeg?fit=553%2C1024\"><img decoding=\"async\" src=\"https:\/\/i1.wp.com\/lapulceonline.it\/wp-content\/uploads\/2019\/07\/marengo-moda-9.jpeg?fit=553%2C1024\" alt=\"\" data-id=\"7635\" data-link=\"http:\/\/lapulceonline.it\/?attachment_id=7635\" class=\"wp-image-7635\"\/><\/a><\/figure><\/li><li class=\"blocks-gallery-item\"><figure><a href=\"https:\/\/i1.wp.com\/lapulceonline.it\/wp-content\/uploads\/2019\/07\/marengo-moda-10.jpeg?fit=684%2C1024\"><img decoding=\"async\" src=\"https:\/\/i1.wp.com\/lapulceonline.it\/wp-content\/uploads\/2019\/07\/marengo-moda-10.jpeg?fit=684%2C1024\" alt=\"\" data-id=\"7636\" data-link=\"http:\/\/lapulceonline.it\/?attachment_id=7636\" class=\"wp-image-7636\"\/><\/a><\/figure><\/li><\/ul>\n","protected":false},"excerpt":{"rendered":"<p>L\u2019ultimo appuntamento con la Rassegna \u201cMusei &amp; Musica\u201d \u00e8 stato \u201csotto le stelle\u201d. Gioved\u00ec 11 luglio la manifestazione, nata da un\u2019idea di CulturAle ASM Costruire Insieme, la Citt\u00e0 di Alessandria, il Concorso internazionale di Chitarra Classica Michele Pittaluga e la Giovent\u00f9 Musicale, prender\u00e0 il via a partire dalle ore 21, con un fitto programma di [&hellip;]<\/p>\n","protected":false},"author":1,"featured_media":7637,"comment_status":"open","ping_status":"open","sticky":false,"template":"","format":"standard","meta":{"jnews-multi-image_gallery":[],"jnews_single_post":[],"jnews_primary_category":[],"jnews_social_meta":[],"jnews_override_counter":[],"jnews_post_split":[],"footnotes":""},"categories":[9],"tags":[33,34],"class_list":["post-7625","post","type-post","status-publish","format-standard","has-post-thumbnail","hentry","category-costume-e-societa","tag-marengo","tag-sfilata"],"yoast_head":"<!-- This site is optimized with the Yoast SEO plugin v27.4 - https:\/\/yoast.com\/product\/yoast-seo-wordpress\/ -->\n<title>Musei e Musica all&#039;ombra di Napoleone - Live Magazine<\/title>\n<meta name=\"robots\" content=\"index, follow, max-snippet:-1, max-image-preview:large, max-video-preview:-1\" \/>\n<link rel=\"canonical\" href=\"https:\/\/www.livemag.it\/index.php\/2019\/07\/13\/musei-e-musica-allombra-di-napoleone\/\" \/>\n<meta property=\"og:locale\" content=\"it_IT\" \/>\n<meta property=\"og:type\" content=\"article\" \/>\n<meta property=\"og:title\" content=\"Musei e Musica all&#039;ombra di Napoleone - Live Magazine\" \/>\n<meta property=\"og:description\" content=\"L\u2019ultimo appuntamento con la Rassegna \u201cMusei &amp; Musica\u201d \u00e8 stato \u201csotto le stelle\u201d. Gioved\u00ec 11 luglio la manifestazione, nata da un\u2019idea di CulturAle ASM Costruire Insieme, la Citt\u00e0 di Alessandria, il Concorso internazionale di Chitarra Classica Michele Pittaluga e la Giovent\u00f9 Musicale, prender\u00e0 il via a partire dalle ore 21, con un fitto programma di [&hellip;]\" \/>\n<meta property=\"og:url\" content=\"https:\/\/www.livemag.it\/index.php\/2019\/07\/13\/musei-e-musica-allombra-di-napoleone\/\" \/>\n<meta property=\"og:site_name\" content=\"Live Magazine\" \/>\n<meta property=\"article:publisher\" content=\"https:\/\/www.facebook.com\/LiveMag\/\" \/>\n<meta property=\"article:published_time\" content=\"2019-07-13T06:10:03+00:00\" \/>\n<meta property=\"og:image\" content=\"https:\/\/www.livemag.it\/wp-content\/uploads\/2024\/02\/ograph.jpg\" \/>\n\t<meta property=\"og:image:width\" content=\"1200\" \/>\n\t<meta property=\"og:image:height\" content=\"675\" \/>\n\t<meta property=\"og:image:type\" content=\"image\/jpeg\" \/>\n<meta name=\"author\" content=\"Redazione\" \/>\n<meta name=\"twitter:card\" content=\"summary_large_image\" \/>\n<meta name=\"twitter:creator\" content=\"@LiveNotizie\" \/>\n<meta name=\"twitter:site\" content=\"@LiveNotizie\" \/>\n<meta name=\"twitter:label1\" content=\"Scritto da\" \/>\n\t<meta name=\"twitter:data1\" content=\"Redazione\" \/>\n\t<meta name=\"twitter:label2\" content=\"Tempo di lettura stimato\" \/>\n\t<meta name=\"twitter:data2\" content=\"1 minuto\" \/>\n<script type=\"application\/ld+json\" class=\"yoast-schema-graph\">{\"@context\":\"https:\\\/\\\/schema.org\",\"@graph\":[{\"@type\":\"Article\",\"@id\":\"https:\\\/\\\/www.livemag.it\\\/index.php\\\/2019\\\/07\\\/13\\\/musei-e-musica-allombra-di-napoleone\\\/#article\",\"isPartOf\":{\"@id\":\"https:\\\/\\\/www.livemag.it\\\/index.php\\\/2019\\\/07\\\/13\\\/musei-e-musica-allombra-di-napoleone\\\/\"},\"author\":{\"name\":\"Redazione\",\"@id\":\"https:\\\/\\\/www.livemag.it\\\/#\\\/schema\\\/person\\\/7191e402a6eb1110174f9d71f53edea9\"},\"headline\":\"Musei e Musica all&#8217;ombra di Napoleone\",\"datePublished\":\"2019-07-13T06:10:03+00:00\",\"mainEntityOfPage\":{\"@id\":\"https:\\\/\\\/www.livemag.it\\\/index.php\\\/2019\\\/07\\\/13\\\/musei-e-musica-allombra-di-napoleone\\\/\"},\"wordCount\":206,\"commentCount\":0,\"publisher\":{\"@id\":\"https:\\\/\\\/www.livemag.it\\\/#organization\"},\"image\":{\"@id\":\"https:\\\/\\\/www.livemag.it\\\/index.php\\\/2019\\\/07\\\/13\\\/musei-e-musica-allombra-di-napoleone\\\/#primaryimage\"},\"thumbnailUrl\":\"\",\"keywords\":[\"marengo\",\"sfilata\"],\"articleSection\":[\"Costume e Societ\u00e0\"],\"inLanguage\":\"it-IT\",\"potentialAction\":[{\"@type\":\"CommentAction\",\"name\":\"Comment\",\"target\":[\"https:\\\/\\\/www.livemag.it\\\/index.php\\\/2019\\\/07\\\/13\\\/musei-e-musica-allombra-di-napoleone\\\/#respond\"]}]},{\"@type\":\"WebPage\",\"@id\":\"https:\\\/\\\/www.livemag.it\\\/index.php\\\/2019\\\/07\\\/13\\\/musei-e-musica-allombra-di-napoleone\\\/\",\"url\":\"https:\\\/\\\/www.livemag.it\\\/index.php\\\/2019\\\/07\\\/13\\\/musei-e-musica-allombra-di-napoleone\\\/\",\"name\":\"Musei e Musica all'ombra di Napoleone - Live Magazine\",\"isPartOf\":{\"@id\":\"https:\\\/\\\/www.livemag.it\\\/#website\"},\"primaryImageOfPage\":{\"@id\":\"https:\\\/\\\/www.livemag.it\\\/index.php\\\/2019\\\/07\\\/13\\\/musei-e-musica-allombra-di-napoleone\\\/#primaryimage\"},\"image\":{\"@id\":\"https:\\\/\\\/www.livemag.it\\\/index.php\\\/2019\\\/07\\\/13\\\/musei-e-musica-allombra-di-napoleone\\\/#primaryimage\"},\"thumbnailUrl\":\"\",\"datePublished\":\"2019-07-13T06:10:03+00:00\",\"breadcrumb\":{\"@id\":\"https:\\\/\\\/www.livemag.it\\\/index.php\\\/2019\\\/07\\\/13\\\/musei-e-musica-allombra-di-napoleone\\\/#breadcrumb\"},\"inLanguage\":\"it-IT\",\"potentialAction\":[{\"@type\":\"ReadAction\",\"target\":[\"https:\\\/\\\/www.livemag.it\\\/index.php\\\/2019\\\/07\\\/13\\\/musei-e-musica-allombra-di-napoleone\\\/\"]}]},{\"@type\":\"ImageObject\",\"inLanguage\":\"it-IT\",\"@id\":\"https:\\\/\\\/www.livemag.it\\\/index.php\\\/2019\\\/07\\\/13\\\/musei-e-musica-allombra-di-napoleone\\\/#primaryimage\",\"url\":\"\",\"contentUrl\":\"\"},{\"@type\":\"BreadcrumbList\",\"@id\":\"https:\\\/\\\/www.livemag.it\\\/index.php\\\/2019\\\/07\\\/13\\\/musei-e-musica-allombra-di-napoleone\\\/#breadcrumb\",\"itemListElement\":[{\"@type\":\"ListItem\",\"position\":1,\"name\":\"Home\",\"item\":\"https:\\\/\\\/www.livemag.it\\\/\"},{\"@type\":\"ListItem\",\"position\":2,\"name\":\"Musei e Musica all&#8217;ombra di Napoleone\"}]},{\"@type\":\"WebSite\",\"@id\":\"https:\\\/\\\/www.livemag.it\\\/#website\",\"url\":\"https:\\\/\\\/www.livemag.it\\\/\",\"name\":\"Live Magazine\",\"description\":\"Varie ed eventi\",\"publisher\":{\"@id\":\"https:\\\/\\\/www.livemag.it\\\/#organization\"},\"potentialAction\":[{\"@type\":\"SearchAction\",\"target\":{\"@type\":\"EntryPoint\",\"urlTemplate\":\"https:\\\/\\\/www.livemag.it\\\/?s={search_term_string}\"},\"query-input\":{\"@type\":\"PropertyValueSpecification\",\"valueRequired\":true,\"valueName\":\"search_term_string\"}}],\"inLanguage\":\"it-IT\"},{\"@type\":\"Organization\",\"@id\":\"https:\\\/\\\/www.livemag.it\\\/#organization\",\"name\":\"LiveMag\",\"alternateName\":\"LiveMag News ed eventi\",\"url\":\"https:\\\/\\\/www.livemag.it\\\/\",\"logo\":{\"@type\":\"ImageObject\",\"inLanguage\":\"it-IT\",\"@id\":\"https:\\\/\\\/www.livemag.it\\\/#\\\/schema\\\/logo\\\/image\\\/\",\"url\":\"https:\\\/\\\/www.livemag.it\\\/wp-content\\\/uploads\\\/2024\\\/02\\\/immagine-sito.jpg\",\"contentUrl\":\"https:\\\/\\\/www.livemag.it\\\/wp-content\\\/uploads\\\/2024\\\/02\\\/immagine-sito.jpg\",\"width\":696,\"height\":696,\"caption\":\"LiveMag\"},\"image\":{\"@id\":\"https:\\\/\\\/www.livemag.it\\\/#\\\/schema\\\/logo\\\/image\\\/\"},\"sameAs\":[\"https:\\\/\\\/www.facebook.com\\\/LiveMag\\\/\",\"https:\\\/\\\/x.com\\\/LiveNotizie\",\"https:\\\/\\\/www.instagram.com\\\/livemag\\\/\"]},{\"@type\":\"Person\",\"@id\":\"https:\\\/\\\/www.livemag.it\\\/#\\\/schema\\\/person\\\/7191e402a6eb1110174f9d71f53edea9\",\"name\":\"Redazione\",\"image\":{\"@type\":\"ImageObject\",\"inLanguage\":\"it-IT\",\"@id\":\"https:\\\/\\\/secure.gravatar.com\\\/avatar\\\/b20eb33510695f1259c3f61c8dfc966b174a5d33f605fb2d514d9b271222597e?s=96&r=g\",\"url\":\"https:\\\/\\\/secure.gravatar.com\\\/avatar\\\/b20eb33510695f1259c3f61c8dfc966b174a5d33f605fb2d514d9b271222597e?s=96&r=g\",\"contentUrl\":\"https:\\\/\\\/secure.gravatar.com\\\/avatar\\\/b20eb33510695f1259c3f61c8dfc966b174a5d33f605fb2d514d9b271222597e?s=96&r=g\",\"caption\":\"Redazione\"},\"url\":\"https:\\\/\\\/www.livemag.it\\\/index.php\\\/author\\\/admin6640\\\/\"}]}<\/script>\n<!-- \/ Yoast SEO plugin. -->","yoast_head_json":{"title":"Musei e Musica all'ombra di Napoleone - Live Magazine","robots":{"index":"index","follow":"follow","max-snippet":"max-snippet:-1","max-image-preview":"max-image-preview:large","max-video-preview":"max-video-preview:-1"},"canonical":"https:\/\/www.livemag.it\/index.php\/2019\/07\/13\/musei-e-musica-allombra-di-napoleone\/","og_locale":"it_IT","og_type":"article","og_title":"Musei e Musica all'ombra di Napoleone - Live Magazine","og_description":"L\u2019ultimo appuntamento con la Rassegna \u201cMusei &amp; Musica\u201d \u00e8 stato \u201csotto le stelle\u201d. Gioved\u00ec 11 luglio la manifestazione, nata da un\u2019idea di CulturAle ASM Costruire Insieme, la Citt\u00e0 di Alessandria, il Concorso internazionale di Chitarra Classica Michele Pittaluga e la Giovent\u00f9 Musicale, prender\u00e0 il via a partire dalle ore 21, con un fitto programma di [&hellip;]","og_url":"https:\/\/www.livemag.it\/index.php\/2019\/07\/13\/musei-e-musica-allombra-di-napoleone\/","og_site_name":"Live Magazine","article_publisher":"https:\/\/www.facebook.com\/LiveMag\/","article_published_time":"2019-07-13T06:10:03+00:00","og_image":[{"width":1200,"height":675,"url":"https:\/\/www.livemag.it\/wp-content\/uploads\/2024\/02\/ograph.jpg","type":"image\/jpeg"}],"author":"Redazione","twitter_card":"summary_large_image","twitter_creator":"@LiveNotizie","twitter_site":"@LiveNotizie","twitter_misc":{"Scritto da":"Redazione","Tempo di lettura stimato":"1 minuto"},"schema":{"@context":"https:\/\/schema.org","@graph":[{"@type":"Article","@id":"https:\/\/www.livemag.it\/index.php\/2019\/07\/13\/musei-e-musica-allombra-di-napoleone\/#article","isPartOf":{"@id":"https:\/\/www.livemag.it\/index.php\/2019\/07\/13\/musei-e-musica-allombra-di-napoleone\/"},"author":{"name":"Redazione","@id":"https:\/\/www.livemag.it\/#\/schema\/person\/7191e402a6eb1110174f9d71f53edea9"},"headline":"Musei e Musica all&#8217;ombra di Napoleone","datePublished":"2019-07-13T06:10:03+00:00","mainEntityOfPage":{"@id":"https:\/\/www.livemag.it\/index.php\/2019\/07\/13\/musei-e-musica-allombra-di-napoleone\/"},"wordCount":206,"commentCount":0,"publisher":{"@id":"https:\/\/www.livemag.it\/#organization"},"image":{"@id":"https:\/\/www.livemag.it\/index.php\/2019\/07\/13\/musei-e-musica-allombra-di-napoleone\/#primaryimage"},"thumbnailUrl":"","keywords":["marengo","sfilata"],"articleSection":["Costume e Societ\u00e0"],"inLanguage":"it-IT","potentialAction":[{"@type":"CommentAction","name":"Comment","target":["https:\/\/www.livemag.it\/index.php\/2019\/07\/13\/musei-e-musica-allombra-di-napoleone\/#respond"]}]},{"@type":"WebPage","@id":"https:\/\/www.livemag.it\/index.php\/2019\/07\/13\/musei-e-musica-allombra-di-napoleone\/","url":"https:\/\/www.livemag.it\/index.php\/2019\/07\/13\/musei-e-musica-allombra-di-napoleone\/","name":"Musei e Musica all'ombra di Napoleone - Live Magazine","isPartOf":{"@id":"https:\/\/www.livemag.it\/#website"},"primaryImageOfPage":{"@id":"https:\/\/www.livemag.it\/index.php\/2019\/07\/13\/musei-e-musica-allombra-di-napoleone\/#primaryimage"},"image":{"@id":"https:\/\/www.livemag.it\/index.php\/2019\/07\/13\/musei-e-musica-allombra-di-napoleone\/#primaryimage"},"thumbnailUrl":"","datePublished":"2019-07-13T06:10:03+00:00","breadcrumb":{"@id":"https:\/\/www.livemag.it\/index.php\/2019\/07\/13\/musei-e-musica-allombra-di-napoleone\/#breadcrumb"},"inLanguage":"it-IT","potentialAction":[{"@type":"ReadAction","target":["https:\/\/www.livemag.it\/index.php\/2019\/07\/13\/musei-e-musica-allombra-di-napoleone\/"]}]},{"@type":"ImageObject","inLanguage":"it-IT","@id":"https:\/\/www.livemag.it\/index.php\/2019\/07\/13\/musei-e-musica-allombra-di-napoleone\/#primaryimage","url":"","contentUrl":""},{"@type":"BreadcrumbList","@id":"https:\/\/www.livemag.it\/index.php\/2019\/07\/13\/musei-e-musica-allombra-di-napoleone\/#breadcrumb","itemListElement":[{"@type":"ListItem","position":1,"name":"Home","item":"https:\/\/www.livemag.it\/"},{"@type":"ListItem","position":2,"name":"Musei e Musica all&#8217;ombra di Napoleone"}]},{"@type":"WebSite","@id":"https:\/\/www.livemag.it\/#website","url":"https:\/\/www.livemag.it\/","name":"Live Magazine","description":"Varie ed eventi","publisher":{"@id":"https:\/\/www.livemag.it\/#organization"},"potentialAction":[{"@type":"SearchAction","target":{"@type":"EntryPoint","urlTemplate":"https:\/\/www.livemag.it\/?s={search_term_string}"},"query-input":{"@type":"PropertyValueSpecification","valueRequired":true,"valueName":"search_term_string"}}],"inLanguage":"it-IT"},{"@type":"Organization","@id":"https:\/\/www.livemag.it\/#organization","name":"LiveMag","alternateName":"LiveMag News ed eventi","url":"https:\/\/www.livemag.it\/","logo":{"@type":"ImageObject","inLanguage":"it-IT","@id":"https:\/\/www.livemag.it\/#\/schema\/logo\/image\/","url":"https:\/\/www.livemag.it\/wp-content\/uploads\/2024\/02\/immagine-sito.jpg","contentUrl":"https:\/\/www.livemag.it\/wp-content\/uploads\/2024\/02\/immagine-sito.jpg","width":696,"height":696,"caption":"LiveMag"},"image":{"@id":"https:\/\/www.livemag.it\/#\/schema\/logo\/image\/"},"sameAs":["https:\/\/www.facebook.com\/LiveMag\/","https:\/\/x.com\/LiveNotizie","https:\/\/www.instagram.com\/livemag\/"]},{"@type":"Person","@id":"https:\/\/www.livemag.it\/#\/schema\/person\/7191e402a6eb1110174f9d71f53edea9","name":"Redazione","image":{"@type":"ImageObject","inLanguage":"it-IT","@id":"https:\/\/secure.gravatar.com\/avatar\/b20eb33510695f1259c3f61c8dfc966b174a5d33f605fb2d514d9b271222597e?s=96&r=g","url":"https:\/\/secure.gravatar.com\/avatar\/b20eb33510695f1259c3f61c8dfc966b174a5d33f605fb2d514d9b271222597e?s=96&r=g","contentUrl":"https:\/\/secure.gravatar.com\/avatar\/b20eb33510695f1259c3f61c8dfc966b174a5d33f605fb2d514d9b271222597e?s=96&r=g","caption":"Redazione"},"url":"https:\/\/www.livemag.it\/index.php\/author\/admin6640\/"}]}},"jetpack_featured_media_url":"","_links":{"self":[{"href":"https:\/\/www.livemag.it\/index.php\/wp-json\/wp\/v2\/posts\/7625","targetHints":{"allow":["GET"]}}],"collection":[{"href":"https:\/\/www.livemag.it\/index.php\/wp-json\/wp\/v2\/posts"}],"about":[{"href":"https:\/\/www.livemag.it\/index.php\/wp-json\/wp\/v2\/types\/post"}],"author":[{"embeddable":true,"href":"https:\/\/www.livemag.it\/index.php\/wp-json\/wp\/v2\/users\/1"}],"replies":[{"embeddable":true,"href":"https:\/\/www.livemag.it\/index.php\/wp-json\/wp\/v2\/comments?post=7625"}],"version-history":[{"count":0,"href":"https:\/\/www.livemag.it\/index.php\/wp-json\/wp\/v2\/posts\/7625\/revisions"}],"wp:featuredmedia":[{"embeddable":true,"href":"https:\/\/www.livemag.it\/index.php\/wp-json\/"}],"wp:attachment":[{"href":"https:\/\/www.livemag.it\/index.php\/wp-json\/wp\/v2\/media?parent=7625"}],"wp:term":[{"taxonomy":"category","embeddable":true,"href":"https:\/\/www.livemag.it\/index.php\/wp-json\/wp\/v2\/categories?post=7625"},{"taxonomy":"post_tag","embeddable":true,"href":"https:\/\/www.livemag.it\/index.php\/wp-json\/wp\/v2\/tags?post=7625"}],"curies":[{"name":"wp","href":"https:\/\/api.w.org\/{rel}","templated":true}]}}