{"id":7544,"date":"2019-06-03T21:27:55","date_gmt":"2019-06-03T19:27:55","guid":{"rendered":"http:\/\/lapulceonline.it\/?p=7544"},"modified":"2019-06-03T21:27:55","modified_gmt":"2019-06-03T19:27:55","slug":"anche-don-bosco-imbavagliato-dalle-femministe","status":"publish","type":"post","link":"https:\/\/www.livemag.it\/index.php\/2019\/06\/03\/anche-don-bosco-imbavagliato-dalle-femministe\/","title":{"rendered":"Anche Don Bosco imbavagliato dalle femministe"},"content":{"rendered":"\n<p>Ci risiamo. Dopo il busto di Mafalda di Savoia imbavagliata da un foulard fucsia &#8211; simbolo della ribellione femminista sudamericana &#8211; le Non Una di Meno hanno gayzzato anche la stata di Don Bosco. Stesso pa\u00f1uelo, stesso colore. Con l&#8217;aggiunta di uno chiccosissimo ombrellino di carta.<\/p>\n\n\n\n<p>L&#8217;ira funesta del consigliere Carmine Passalacqua non si \u00e8 fatta attendere: <\/p>\n\n\n\n<blockquote class=\"wp-block-quote is-layout-flow wp-block-quote-is-layout-flow\"><p><em> E di nuovo ad offendere la sacra memoria di San Giovanni Bosco all&#8217;ex Asilo Monserrato?&#8230;. Si&#8230;. Proprio cos\u00ec&#8230;.. La statua nel cortile delle Salesiane \u00e8 oggetto di derisione e diciamolo pure di blasfemia, perch\u00e9 son tutte brave ad offendere la Chiesa cattolica&#8230;. Provate ad andare in una Moschea a fare altrettanto&#8230;. Vergogna e squallore al di fuori del Pride alessandrino, tanto celebrato quale festa per migliaia di persone. Lo sanno di questo? <\/em><\/p><cite>Carmine Passalacqua<\/cite><\/blockquote>\n","protected":false},"excerpt":{"rendered":"<p>Ci risiamo. Dopo il busto di Mafalda di Savoia imbavagliata da un foulard fucsia &#8211; simbolo della ribellione femminista sudamericana &#8211; le Non Una di Meno hanno gayzzato anche la stata di Don Bosco. Stesso pa\u00f1uelo, stesso colore. Con l&#8217;aggiunta di uno chiccosissimo ombrellino di carta. L&#8217;ira funesta del consigliere Carmine Passalacqua non si \u00e8 [&hellip;]<\/p>\n","protected":false},"author":1,"featured_media":7545,"comment_status":"open","ping_status":"open","sticky":false,"template":"","format":"standard","meta":{"jnews-multi-image_gallery":[],"jnews_single_post":[],"jnews_primary_category":[],"jnews_social_meta":[],"jnews_override_counter":[],"jnews_post_split":[],"footnotes":""},"categories":[9],"tags":[27,18,19,28],"class_list":["post-7544","post","type-post","status-publish","format-standard","has-post-thumbnail","hentry","category-costume-e-societa","tag-don-bosco","tag-gay-pride","tag-non-una-di-meno","tag-passalacqua"],"yoast_head":"<!-- This site is optimized with the Yoast SEO plugin v27.5 - https:\/\/yoast.com\/product\/yoast-seo-wordpress\/ -->\n<title>Anche Don Bosco imbavagliato dalle femministe - Live Magazine<\/title>\n<meta name=\"robots\" content=\"index, follow, max-snippet:-1, max-image-preview:large, max-video-preview:-1\" \/>\n<link rel=\"canonical\" href=\"https:\/\/www.livemag.it\/index.php\/2019\/06\/03\/anche-don-bosco-imbavagliato-dalle-femministe\/\" \/>\n<meta property=\"og:locale\" content=\"it_IT\" \/>\n<meta property=\"og:type\" content=\"article\" \/>\n<meta property=\"og:title\" content=\"Anche Don Bosco imbavagliato dalle femministe - Live Magazine\" \/>\n<meta property=\"og:description\" content=\"Ci risiamo. Dopo il busto di Mafalda di Savoia imbavagliata da un foulard fucsia &#8211; simbolo della ribellione femminista sudamericana &#8211; le Non Una di Meno hanno gayzzato anche la stata di Don Bosco. Stesso pa\u00f1uelo, stesso colore. Con l&#8217;aggiunta di uno chiccosissimo ombrellino di carta. L&#8217;ira funesta del consigliere Carmine Passalacqua non si \u00e8 [&hellip;]\" \/>\n<meta property=\"og:url\" content=\"https:\/\/www.livemag.it\/index.php\/2019\/06\/03\/anche-don-bosco-imbavagliato-dalle-femministe\/\" \/>\n<meta property=\"og:site_name\" content=\"Live Magazine\" \/>\n<meta property=\"article:publisher\" content=\"https:\/\/www.facebook.com\/LiveMag\/\" \/>\n<meta property=\"article:published_time\" content=\"2019-06-03T19:27:55+00:00\" \/>\n<meta property=\"og:image\" content=\"https:\/\/www.livemag.it\/wp-content\/uploads\/2024\/02\/ograph.jpg\" \/>\n\t<meta property=\"og:image:width\" content=\"1200\" \/>\n\t<meta property=\"og:image:height\" content=\"675\" \/>\n\t<meta property=\"og:image:type\" content=\"image\/jpeg\" \/>\n<meta name=\"author\" content=\"Redazione\" \/>\n<meta name=\"twitter:card\" content=\"summary_large_image\" \/>\n<meta name=\"twitter:creator\" content=\"@LiveNotizie\" \/>\n<meta name=\"twitter:site\" content=\"@LiveNotizie\" \/>\n<meta name=\"twitter:label1\" content=\"Scritto da\" \/>\n\t<meta name=\"twitter:data1\" content=\"Redazione\" \/>\n\t<meta name=\"twitter:label2\" content=\"Tempo di lettura stimato\" \/>\n\t<meta name=\"twitter:data2\" content=\"1 minuto\" \/>\n<script type=\"application\/ld+json\" class=\"yoast-schema-graph\">{\"@context\":\"https:\\\/\\\/schema.org\",\"@graph\":[{\"@type\":\"Article\",\"@id\":\"https:\\\/\\\/www.livemag.it\\\/index.php\\\/2019\\\/06\\\/03\\\/anche-don-bosco-imbavagliato-dalle-femministe\\\/#article\",\"isPartOf\":{\"@id\":\"https:\\\/\\\/www.livemag.it\\\/index.php\\\/2019\\\/06\\\/03\\\/anche-don-bosco-imbavagliato-dalle-femministe\\\/\"},\"author\":{\"name\":\"Redazione\",\"@id\":\"https:\\\/\\\/www.livemag.it\\\/#\\\/schema\\\/person\\\/7191e402a6eb1110174f9d71f53edea9\"},\"headline\":\"Anche Don Bosco imbavagliato dalle femministe\",\"datePublished\":\"2019-06-03T19:27:55+00:00\",\"mainEntityOfPage\":{\"@id\":\"https:\\\/\\\/www.livemag.it\\\/index.php\\\/2019\\\/06\\\/03\\\/anche-don-bosco-imbavagliato-dalle-femministe\\\/\"},\"wordCount\":139,\"commentCount\":0,\"publisher\":{\"@id\":\"https:\\\/\\\/www.livemag.it\\\/#organization\"},\"image\":{\"@id\":\"https:\\\/\\\/www.livemag.it\\\/index.php\\\/2019\\\/06\\\/03\\\/anche-don-bosco-imbavagliato-dalle-femministe\\\/#primaryimage\"},\"thumbnailUrl\":\"\",\"keywords\":[\"don bosco\",\"gay pride\",\"non una di meno\",\"passalacqua\"],\"articleSection\":[\"Costume e Societ\u00e0\"],\"inLanguage\":\"it-IT\",\"potentialAction\":[{\"@type\":\"CommentAction\",\"name\":\"Comment\",\"target\":[\"https:\\\/\\\/www.livemag.it\\\/index.php\\\/2019\\\/06\\\/03\\\/anche-don-bosco-imbavagliato-dalle-femministe\\\/#respond\"]}]},{\"@type\":\"WebPage\",\"@id\":\"https:\\\/\\\/www.livemag.it\\\/index.php\\\/2019\\\/06\\\/03\\\/anche-don-bosco-imbavagliato-dalle-femministe\\\/\",\"url\":\"https:\\\/\\\/www.livemag.it\\\/index.php\\\/2019\\\/06\\\/03\\\/anche-don-bosco-imbavagliato-dalle-femministe\\\/\",\"name\":\"Anche Don Bosco imbavagliato dalle femministe - Live Magazine\",\"isPartOf\":{\"@id\":\"https:\\\/\\\/www.livemag.it\\\/#website\"},\"primaryImageOfPage\":{\"@id\":\"https:\\\/\\\/www.livemag.it\\\/index.php\\\/2019\\\/06\\\/03\\\/anche-don-bosco-imbavagliato-dalle-femministe\\\/#primaryimage\"},\"image\":{\"@id\":\"https:\\\/\\\/www.livemag.it\\\/index.php\\\/2019\\\/06\\\/03\\\/anche-don-bosco-imbavagliato-dalle-femministe\\\/#primaryimage\"},\"thumbnailUrl\":\"\",\"datePublished\":\"2019-06-03T19:27:55+00:00\",\"breadcrumb\":{\"@id\":\"https:\\\/\\\/www.livemag.it\\\/index.php\\\/2019\\\/06\\\/03\\\/anche-don-bosco-imbavagliato-dalle-femministe\\\/#breadcrumb\"},\"inLanguage\":\"it-IT\",\"potentialAction\":[{\"@type\":\"ReadAction\",\"target\":[\"https:\\\/\\\/www.livemag.it\\\/index.php\\\/2019\\\/06\\\/03\\\/anche-don-bosco-imbavagliato-dalle-femministe\\\/\"]}]},{\"@type\":\"ImageObject\",\"inLanguage\":\"it-IT\",\"@id\":\"https:\\\/\\\/www.livemag.it\\\/index.php\\\/2019\\\/06\\\/03\\\/anche-don-bosco-imbavagliato-dalle-femministe\\\/#primaryimage\",\"url\":\"\",\"contentUrl\":\"\"},{\"@type\":\"BreadcrumbList\",\"@id\":\"https:\\\/\\\/www.livemag.it\\\/index.php\\\/2019\\\/06\\\/03\\\/anche-don-bosco-imbavagliato-dalle-femministe\\\/#breadcrumb\",\"itemListElement\":[{\"@type\":\"ListItem\",\"position\":1,\"name\":\"Home\",\"item\":\"https:\\\/\\\/www.livemag.it\\\/\"},{\"@type\":\"ListItem\",\"position\":2,\"name\":\"Anche Don Bosco imbavagliato dalle femministe\"}]},{\"@type\":\"WebSite\",\"@id\":\"https:\\\/\\\/www.livemag.it\\\/#website\",\"url\":\"https:\\\/\\\/www.livemag.it\\\/\",\"name\":\"Live Magazine\",\"description\":\"Varie ed eventi\",\"publisher\":{\"@id\":\"https:\\\/\\\/www.livemag.it\\\/#organization\"},\"potentialAction\":[{\"@type\":\"SearchAction\",\"target\":{\"@type\":\"EntryPoint\",\"urlTemplate\":\"https:\\\/\\\/www.livemag.it\\\/?s={search_term_string}\"},\"query-input\":{\"@type\":\"PropertyValueSpecification\",\"valueRequired\":true,\"valueName\":\"search_term_string\"}}],\"inLanguage\":\"it-IT\"},{\"@type\":\"Organization\",\"@id\":\"https:\\\/\\\/www.livemag.it\\\/#organization\",\"name\":\"LiveMag\",\"alternateName\":\"LiveMag News ed eventi\",\"url\":\"https:\\\/\\\/www.livemag.it\\\/\",\"logo\":{\"@type\":\"ImageObject\",\"inLanguage\":\"it-IT\",\"@id\":\"https:\\\/\\\/www.livemag.it\\\/#\\\/schema\\\/logo\\\/image\\\/\",\"url\":\"https:\\\/\\\/www.livemag.it\\\/wp-content\\\/uploads\\\/2024\\\/02\\\/immagine-sito.jpg\",\"contentUrl\":\"https:\\\/\\\/www.livemag.it\\\/wp-content\\\/uploads\\\/2024\\\/02\\\/immagine-sito.jpg\",\"width\":696,\"height\":696,\"caption\":\"LiveMag\"},\"image\":{\"@id\":\"https:\\\/\\\/www.livemag.it\\\/#\\\/schema\\\/logo\\\/image\\\/\"},\"sameAs\":[\"https:\\\/\\\/www.facebook.com\\\/LiveMag\\\/\",\"https:\\\/\\\/x.com\\\/LiveNotizie\",\"https:\\\/\\\/www.instagram.com\\\/livemag\\\/\"]},{\"@type\":\"Person\",\"@id\":\"https:\\\/\\\/www.livemag.it\\\/#\\\/schema\\\/person\\\/7191e402a6eb1110174f9d71f53edea9\",\"name\":\"Redazione\",\"image\":{\"@type\":\"ImageObject\",\"inLanguage\":\"it-IT\",\"@id\":\"https:\\\/\\\/secure.gravatar.com\\\/avatar\\\/b20eb33510695f1259c3f61c8dfc966b174a5d33f605fb2d514d9b271222597e?s=96&r=g\",\"url\":\"https:\\\/\\\/secure.gravatar.com\\\/avatar\\\/b20eb33510695f1259c3f61c8dfc966b174a5d33f605fb2d514d9b271222597e?s=96&r=g\",\"contentUrl\":\"https:\\\/\\\/secure.gravatar.com\\\/avatar\\\/b20eb33510695f1259c3f61c8dfc966b174a5d33f605fb2d514d9b271222597e?s=96&r=g\",\"caption\":\"Redazione\"},\"url\":\"https:\\\/\\\/www.livemag.it\\\/index.php\\\/author\\\/admin6640\\\/\"}]}<\/script>\n<!-- \/ Yoast SEO plugin. -->","yoast_head_json":{"title":"Anche Don Bosco imbavagliato dalle femministe - Live Magazine","robots":{"index":"index","follow":"follow","max-snippet":"max-snippet:-1","max-image-preview":"max-image-preview:large","max-video-preview":"max-video-preview:-1"},"canonical":"https:\/\/www.livemag.it\/index.php\/2019\/06\/03\/anche-don-bosco-imbavagliato-dalle-femministe\/","og_locale":"it_IT","og_type":"article","og_title":"Anche Don Bosco imbavagliato dalle femministe - Live Magazine","og_description":"Ci risiamo. Dopo il busto di Mafalda di Savoia imbavagliata da un foulard fucsia &#8211; simbolo della ribellione femminista sudamericana &#8211; le Non Una di Meno hanno gayzzato anche la stata di Don Bosco. Stesso pa\u00f1uelo, stesso colore. Con l&#8217;aggiunta di uno chiccosissimo ombrellino di carta. L&#8217;ira funesta del consigliere Carmine Passalacqua non si \u00e8 [&hellip;]","og_url":"https:\/\/www.livemag.it\/index.php\/2019\/06\/03\/anche-don-bosco-imbavagliato-dalle-femministe\/","og_site_name":"Live Magazine","article_publisher":"https:\/\/www.facebook.com\/LiveMag\/","article_published_time":"2019-06-03T19:27:55+00:00","og_image":[{"width":1200,"height":675,"url":"https:\/\/www.livemag.it\/wp-content\/uploads\/2024\/02\/ograph.jpg","type":"image\/jpeg"}],"author":"Redazione","twitter_card":"summary_large_image","twitter_creator":"@LiveNotizie","twitter_site":"@LiveNotizie","twitter_misc":{"Scritto da":"Redazione","Tempo di lettura stimato":"1 minuto"},"schema":{"@context":"https:\/\/schema.org","@graph":[{"@type":"Article","@id":"https:\/\/www.livemag.it\/index.php\/2019\/06\/03\/anche-don-bosco-imbavagliato-dalle-femministe\/#article","isPartOf":{"@id":"https:\/\/www.livemag.it\/index.php\/2019\/06\/03\/anche-don-bosco-imbavagliato-dalle-femministe\/"},"author":{"name":"Redazione","@id":"https:\/\/www.livemag.it\/#\/schema\/person\/7191e402a6eb1110174f9d71f53edea9"},"headline":"Anche Don Bosco imbavagliato dalle femministe","datePublished":"2019-06-03T19:27:55+00:00","mainEntityOfPage":{"@id":"https:\/\/www.livemag.it\/index.php\/2019\/06\/03\/anche-don-bosco-imbavagliato-dalle-femministe\/"},"wordCount":139,"commentCount":0,"publisher":{"@id":"https:\/\/www.livemag.it\/#organization"},"image":{"@id":"https:\/\/www.livemag.it\/index.php\/2019\/06\/03\/anche-don-bosco-imbavagliato-dalle-femministe\/#primaryimage"},"thumbnailUrl":"","keywords":["don bosco","gay pride","non una di meno","passalacqua"],"articleSection":["Costume e Societ\u00e0"],"inLanguage":"it-IT","potentialAction":[{"@type":"CommentAction","name":"Comment","target":["https:\/\/www.livemag.it\/index.php\/2019\/06\/03\/anche-don-bosco-imbavagliato-dalle-femministe\/#respond"]}]},{"@type":"WebPage","@id":"https:\/\/www.livemag.it\/index.php\/2019\/06\/03\/anche-don-bosco-imbavagliato-dalle-femministe\/","url":"https:\/\/www.livemag.it\/index.php\/2019\/06\/03\/anche-don-bosco-imbavagliato-dalle-femministe\/","name":"Anche Don Bosco imbavagliato dalle femministe - Live Magazine","isPartOf":{"@id":"https:\/\/www.livemag.it\/#website"},"primaryImageOfPage":{"@id":"https:\/\/www.livemag.it\/index.php\/2019\/06\/03\/anche-don-bosco-imbavagliato-dalle-femministe\/#primaryimage"},"image":{"@id":"https:\/\/www.livemag.it\/index.php\/2019\/06\/03\/anche-don-bosco-imbavagliato-dalle-femministe\/#primaryimage"},"thumbnailUrl":"","datePublished":"2019-06-03T19:27:55+00:00","breadcrumb":{"@id":"https:\/\/www.livemag.it\/index.php\/2019\/06\/03\/anche-don-bosco-imbavagliato-dalle-femministe\/#breadcrumb"},"inLanguage":"it-IT","potentialAction":[{"@type":"ReadAction","target":["https:\/\/www.livemag.it\/index.php\/2019\/06\/03\/anche-don-bosco-imbavagliato-dalle-femministe\/"]}]},{"@type":"ImageObject","inLanguage":"it-IT","@id":"https:\/\/www.livemag.it\/index.php\/2019\/06\/03\/anche-don-bosco-imbavagliato-dalle-femministe\/#primaryimage","url":"","contentUrl":""},{"@type":"BreadcrumbList","@id":"https:\/\/www.livemag.it\/index.php\/2019\/06\/03\/anche-don-bosco-imbavagliato-dalle-femministe\/#breadcrumb","itemListElement":[{"@type":"ListItem","position":1,"name":"Home","item":"https:\/\/www.livemag.it\/"},{"@type":"ListItem","position":2,"name":"Anche Don Bosco imbavagliato dalle femministe"}]},{"@type":"WebSite","@id":"https:\/\/www.livemag.it\/#website","url":"https:\/\/www.livemag.it\/","name":"Live Magazine","description":"Varie ed eventi","publisher":{"@id":"https:\/\/www.livemag.it\/#organization"},"potentialAction":[{"@type":"SearchAction","target":{"@type":"EntryPoint","urlTemplate":"https:\/\/www.livemag.it\/?s={search_term_string}"},"query-input":{"@type":"PropertyValueSpecification","valueRequired":true,"valueName":"search_term_string"}}],"inLanguage":"it-IT"},{"@type":"Organization","@id":"https:\/\/www.livemag.it\/#organization","name":"LiveMag","alternateName":"LiveMag News ed eventi","url":"https:\/\/www.livemag.it\/","logo":{"@type":"ImageObject","inLanguage":"it-IT","@id":"https:\/\/www.livemag.it\/#\/schema\/logo\/image\/","url":"https:\/\/www.livemag.it\/wp-content\/uploads\/2024\/02\/immagine-sito.jpg","contentUrl":"https:\/\/www.livemag.it\/wp-content\/uploads\/2024\/02\/immagine-sito.jpg","width":696,"height":696,"caption":"LiveMag"},"image":{"@id":"https:\/\/www.livemag.it\/#\/schema\/logo\/image\/"},"sameAs":["https:\/\/www.facebook.com\/LiveMag\/","https:\/\/x.com\/LiveNotizie","https:\/\/www.instagram.com\/livemag\/"]},{"@type":"Person","@id":"https:\/\/www.livemag.it\/#\/schema\/person\/7191e402a6eb1110174f9d71f53edea9","name":"Redazione","image":{"@type":"ImageObject","inLanguage":"it-IT","@id":"https:\/\/secure.gravatar.com\/avatar\/b20eb33510695f1259c3f61c8dfc966b174a5d33f605fb2d514d9b271222597e?s=96&r=g","url":"https:\/\/secure.gravatar.com\/avatar\/b20eb33510695f1259c3f61c8dfc966b174a5d33f605fb2d514d9b271222597e?s=96&r=g","contentUrl":"https:\/\/secure.gravatar.com\/avatar\/b20eb33510695f1259c3f61c8dfc966b174a5d33f605fb2d514d9b271222597e?s=96&r=g","caption":"Redazione"},"url":"https:\/\/www.livemag.it\/index.php\/author\/admin6640\/"}]}},"jetpack_featured_media_url":"","_links":{"self":[{"href":"https:\/\/www.livemag.it\/index.php\/wp-json\/wp\/v2\/posts\/7544","targetHints":{"allow":["GET"]}}],"collection":[{"href":"https:\/\/www.livemag.it\/index.php\/wp-json\/wp\/v2\/posts"}],"about":[{"href":"https:\/\/www.livemag.it\/index.php\/wp-json\/wp\/v2\/types\/post"}],"author":[{"embeddable":true,"href":"https:\/\/www.livemag.it\/index.php\/wp-json\/wp\/v2\/users\/1"}],"replies":[{"embeddable":true,"href":"https:\/\/www.livemag.it\/index.php\/wp-json\/wp\/v2\/comments?post=7544"}],"version-history":[{"count":0,"href":"https:\/\/www.livemag.it\/index.php\/wp-json\/wp\/v2\/posts\/7544\/revisions"}],"wp:featuredmedia":[{"embeddable":true,"href":"https:\/\/www.livemag.it\/index.php\/wp-json\/"}],"wp:attachment":[{"href":"https:\/\/www.livemag.it\/index.php\/wp-json\/wp\/v2\/media?parent=7544"}],"wp:term":[{"taxonomy":"category","embeddable":true,"href":"https:\/\/www.livemag.it\/index.php\/wp-json\/wp\/v2\/categories?post=7544"},{"taxonomy":"post_tag","embeddable":true,"href":"https:\/\/www.livemag.it\/index.php\/wp-json\/wp\/v2\/tags?post=7544"}],"curies":[{"name":"wp","href":"https:\/\/api.w.org\/{rel}","templated":true}]}}