{"id":75340,"date":"2026-05-01T07:54:24","date_gmt":"2026-05-01T05:54:24","guid":{"rendered":"https:\/\/www.livemag.it\/?p=75340"},"modified":"2026-05-01T07:55:09","modified_gmt":"2026-05-01T05:55:09","slug":"tulipani-di-seta-nera-al-via-la-19esima-edizione","status":"publish","type":"post","link":"https:\/\/www.livemag.it\/index.php\/2026\/05\/01\/tulipani-di-seta-nera-al-via-la-19esima-edizione\/","title":{"rendered":"Tulipani di seta nera, al via la 19esima edizione"},"content":{"rendered":"\n<p>Torna nella Capitale, per la sua diciannovesima edizione, il&nbsp;<strong>Festival Internazionale della Cinematografia Sociale&nbsp;<\/strong><em><strong>Tulipani di Seta Nera<\/strong><\/em>, presieduto da Diego Righini e diretto da Paola Tassone. L\u2019appuntamento \u00e8 dal&nbsp;<strong>7 al 10 maggio<\/strong>&nbsp;presso il&nbsp;<strong>The Space Cinema Moderno di Roma<\/strong>, per quattro giornate di proiezioni, incontri e occasioni di confronto dedicate al cinema che racconta il sociale.&nbsp;<\/p>\n\n\n\n<p>Un Festival che, nel corso degli anni, ha saputo evolversi ampliando il proprio sguardo sul mondo, portando sul grande schermo storie spesso invisibili ma profondamente necessarie. Al centro, la volont\u00e0 di esplorare la complessit\u00e0 dell\u2019esperienza umana attraverso il linguaggio universale del cinema.<\/p>\n\n\n\n<p><strong>Sono oltre settanta le opere in programma<\/strong>&nbsp;tra&nbsp;<strong>Cortometraggi<\/strong>,<strong>Documentari<\/strong>&nbsp;e&nbsp;<strong>#SocialClip<\/strong>. Un\u2019edizione che mette al centro le persone, nella loro unicit\u00e0 e nelle molteplici esperienze di vita, valorizzando pluralit\u00e0 di contesti e prospettive. I titoli selezionati, provenienti da tutto il mondo, affrontano temi di grande attualit\u00e0 come legalit\u00e0, inclusione, disagio giovanile, violenza di genere, sicurezza sul lavoro e sostenibilit\u00e0.<\/p>\n\n\n\n<p>\u201c<em>Tulipani di Seta Nera<\/em>&nbsp;\u00e8 un Festival che ha saputo anticipare il cambiamento, portando sullo schermo temi sociali prima che diventassero centrali nel dibattito pubblico e istituzionale \u2013 dichiara il Presidente Diego Righini. Ogni edizione rappresenta una fotografia del presente: uno spazio in cui il cinema d\u00e0 voce a realt\u00e0 spesso invisibili e interpreta le urgenze del nostro tempo. Attraverso le storie raccontate, promuoviamo uno sguardo pi\u00f9 consapevole, inclusivo e partecipe, capace di generare emozione e riflessione. \u00c8 nel racconto, infatti, che risiede la possibilit\u00e0 di una reale evoluzione culturale. Oggi, i conflitti in Ucraina e in Iran, insieme alle conseguenze economiche che ne derivano, impongono ai governi europei \u2013 e quindi anche a quello italiano di Giorgia Meloni \u2013 una rinnovata attenzione verso le fasce pi\u00f9 fragili della societ\u00e0. In questo contesto, la nostra rassegna si fa interprete del presente, raccontando attraverso il cinema ci\u00f2 di cui c\u2019\u00e8 concretamente bisogno e offrendo uno sguardo capace di orientare il cambiamento\u201d.<\/p>\n\n\n\n<p>Soddisfazione anche da parte di Paola Tassone, direttrice artistica della sezione cortometraggi: \u201cLa qualit\u00e0 delle opere selezionate \u00e8 particolarmente elevata e restituisce una proposta ricca e articolata, capace di attraversare generi diversi. Tra i finalisti figura anche un musical, scelta ancora poco frequente nel panorama del cortometraggio italiano, sostenuta con convinzione dalla giuria e dal Maestro Vince Tempera. Il programma della 19\u00aa edizione si distingue per ampiezza e qualit\u00e0 cinematografica, con la presenza di opere internazionali di grande rilievo, come&nbsp;<em>Mistake<\/em>di Honey Lauren, presentato in anteprima europea. Un racconto intenso e personale che invita a riflettere sul significato dell\u2019accettazione e della complessit\u00e0 umana. Elemento distintivo di questa edizione \u00e8 inoltre la significativa presenza delle nuove generazioni, sia tra le persone che dirigono le opere sia tra il pubblico in sala: sguardi freschi e linguaggi espressivi contemporanei, con numerose opere prime. A questo si affianca la partecipazione attiva di studenti e studentesse, protagonisti di un importante percorso di alfabetizzazione al cinema sociale\u201d.<\/p>\n\n\n\n<p>Sono&nbsp;<strong>540<\/strong>&nbsp;le opere iscritte al concorso, suddivise in tre sezioni:&nbsp;<strong>400 cortometraggi<\/strong>,&nbsp;<strong>80 documentari<\/strong>&nbsp;e&nbsp;<strong>60 #socialclip<\/strong>, provenienti dall\u2019Italia e da numerosi Paesi del mondo. Un dato che conferma la crescente dimensione internazionale del Festival.<\/p>\n\n\n\n<p>Le proiezioni, in concorso e fuori concorso, saranno articolate in tre sezioni:&nbsp;<strong>Cortometraggi<\/strong>, con la direzione artistica di&nbsp;<strong>Paola Tassone<\/strong>&nbsp;e la giuria presieduta da&nbsp;<strong>Massimiliano Bruno<\/strong>;&nbsp;<strong>Documentari<\/strong>, diretti da&nbsp;<strong>Christian Carmosino Mereu<\/strong>&nbsp;con giuria presieduta da&nbsp;<strong>Simone Manetti<\/strong>;&nbsp;<strong>#SocialClip<\/strong>, con la direzione artistica di&nbsp;<strong>Igor Righetti<\/strong>&nbsp;e la giuria presieduta da&nbsp;<strong>Silvia Salemi<\/strong>.&nbsp;<\/p>\n\n\n\n<p><strong>Le giurie di sezione<\/strong>,&nbsp;<strong>i finalisti, le nomination, le serate evento e gli appuntamenti collaterali sono riportati nel file in allegato<\/strong>.&nbsp;<\/p>\n\n\n\n<p>Il programma completo, che verr\u00e0 reso noto nei prossimi giorni, sar\u00e0 arricchito dalla partecipazione di protagonisti del cinema, dello spettacolo e della cultura, con incontri, dibattiti e momenti di approfondimento. Durante la rassegna verranno assegnati i Premi tecnici, i Premi Sorriso legati ai partner culturali e il Premio Sorriso Rai Cinema Channel, consegnato dai testimonial 2026 Antonia Liskova e Alessio Vassallo.<\/p>\n\n\n\n<p>Ampio spazio \u00e8 dedicato anche alle nuove generazioni con \u201c<strong>Tulipani Fuoriclasse \u2013 Talenti in Erba<\/strong>\u201d, progetto realizzato nell\u2019ambito del Piano Nazionale Cinema e Immagini per la Scuola promosso da MiC e MI. L\u2019iniziativa coinvolge studenti e studentesse dell\u2019Istituto Cine-TV Roberto Rossellini, dell\u2019Istituto Amerigo Vespucci di Roma e, per la scuola primaria, dell\u2019IP Giovanni Merlini di Viterbo. La fase finale vedr\u00e0 i partecipanti protagonisti durante il Festival, con la consegna dei riconoscimenti \u201cSorriso Tulipani Fuoriclasse \u2013 Talenti in Erba Giovani\u201d e \u201cGiovanissimi\u201d. Un percorso che conferma il valore del cinema come strumento di cittadinanza attiva, crescita personale e consapevolezza sociale.<\/p>\n\n\n\n<p><strong>I vincitori della 19\u00aa edizione<\/strong>&nbsp;saranno premiati&nbsp;<strong>domenica 10 maggio nel corso del Gran Gal\u00e0 del Sociale<\/strong>, condotto da&nbsp;<strong>Lorena&nbsp;Bianchetti<\/strong>&nbsp;e trasmesso&nbsp;<strong>marted\u00ec 17 luglio in seconda serata su Rai 2<\/strong>. Durante la serata saranno inoltre assegnati riconoscimenti a personalit\u00e0 e opere distintesi per il loro impegno sociale.<\/p>\n\n\n\n<p>Presieduto da Diego Righini e realizzato dall\u2019associazione di promozione sociale \u201cUniversit\u00e0 Cerca Lavoro\u201d, su idea di Paola Tassone, il Festival nasce con l\u2019obiettivo di promuovere e diffondere una cultura dell\u2019inclusione, della tutela dei diritti e della valorizzazione delle diversit\u00e0.<\/p>\n\n\n\n<p><\/p>\n","protected":false},"excerpt":{"rendered":"<p>Torna nella Capitale, per la sua diciannovesima edizione, il&nbsp;Festival Internazionale della Cinematografia Sociale&nbsp;Tulipani di Seta Nera, presieduto da Diego Righini e diretto da Paola Tassone. L\u2019appuntamento \u00e8 dal&nbsp;7 al 10 maggio&nbsp;presso il&nbsp;The Space Cinema Moderno di Roma, per quattro giornate di proiezioni, incontri e occasioni di confronto dedicate al cinema che racconta il sociale.&nbsp; Un [&hellip;]<\/p>\n","protected":false},"author":1,"featured_media":75341,"comment_status":"open","ping_status":"open","sticky":false,"template":"","format":"standard","meta":{"jnews-multi-image_gallery":[],"jnews_single_post":{"format":"standard"},"jnews_primary_category":[],"jnews_social_meta":[],"jnews_override_counter":[],"jnews_post_split":[],"footnotes":""},"categories":[152,1],"tags":[6771],"class_list":["post-75340","post","type-post","status-publish","format-standard","has-post-thumbnail","hentry","category-events","category-senza-categoria","tag-tulipani-di-seta-nera"],"yoast_head":"<!-- This site is optimized with the Yoast SEO plugin v27.5 - https:\/\/yoast.com\/product\/yoast-seo-wordpress\/ -->\n<title>Tulipani di seta nera, al via la 19esima edizione - Live Magazine<\/title>\n<meta name=\"robots\" content=\"index, follow, max-snippet:-1, max-image-preview:large, max-video-preview:-1\" \/>\n<link rel=\"canonical\" href=\"https:\/\/www.livemag.it\/index.php\/2026\/05\/01\/tulipani-di-seta-nera-al-via-la-19esima-edizione\/\" \/>\n<meta property=\"og:locale\" content=\"it_IT\" \/>\n<meta property=\"og:type\" content=\"article\" \/>\n<meta property=\"og:title\" content=\"Tulipani di seta nera, al via la 19esima edizione - Live Magazine\" \/>\n<meta property=\"og:description\" content=\"Torna nella Capitale, per la sua diciannovesima edizione, il&nbsp;Festival Internazionale della Cinematografia Sociale&nbsp;Tulipani di Seta Nera, presieduto da Diego Righini e diretto da Paola Tassone. L\u2019appuntamento \u00e8 dal&nbsp;7 al 10 maggio&nbsp;presso il&nbsp;The Space Cinema Moderno di Roma, per quattro giornate di proiezioni, incontri e occasioni di confronto dedicate al cinema che racconta il sociale.&nbsp; Un [&hellip;]\" \/>\n<meta property=\"og:url\" content=\"https:\/\/www.livemag.it\/index.php\/2026\/05\/01\/tulipani-di-seta-nera-al-via-la-19esima-edizione\/\" \/>\n<meta property=\"og:site_name\" content=\"Live Magazine\" \/>\n<meta property=\"article:publisher\" content=\"https:\/\/www.facebook.com\/LiveMag\/\" \/>\n<meta property=\"article:published_time\" content=\"2026-05-01T05:54:24+00:00\" \/>\n<meta property=\"article:modified_time\" content=\"2026-05-01T05:55:09+00:00\" \/>\n<meta property=\"og:image\" content=\"https:\/\/www.livemag.it\/wp-content\/uploads\/2026\/05\/IMG_4190.jpeg\" \/>\n\t<meta property=\"og:image:width\" content=\"1500\" \/>\n\t<meta property=\"og:image:height\" content=\"1001\" \/>\n\t<meta property=\"og:image:type\" content=\"image\/jpeg\" \/>\n<meta name=\"author\" content=\"Redazione\" \/>\n<meta name=\"twitter:card\" content=\"summary_large_image\" \/>\n<meta name=\"twitter:creator\" content=\"@LiveNotizie\" \/>\n<meta name=\"twitter:site\" content=\"@LiveNotizie\" \/>\n<meta name=\"twitter:label1\" content=\"Scritto da\" \/>\n\t<meta name=\"twitter:data1\" content=\"Redazione\" \/>\n\t<meta name=\"twitter:label2\" content=\"Tempo di lettura stimato\" \/>\n\t<meta name=\"twitter:data2\" content=\"5 minuti\" \/>\n<script type=\"application\/ld+json\" class=\"yoast-schema-graph\">{\"@context\":\"https:\\\/\\\/schema.org\",\"@graph\":[{\"@type\":\"Article\",\"@id\":\"https:\\\/\\\/www.livemag.it\\\/index.php\\\/2026\\\/05\\\/01\\\/tulipani-di-seta-nera-al-via-la-19esima-edizione\\\/#article\",\"isPartOf\":{\"@id\":\"https:\\\/\\\/www.livemag.it\\\/index.php\\\/2026\\\/05\\\/01\\\/tulipani-di-seta-nera-al-via-la-19esima-edizione\\\/\"},\"author\":{\"name\":\"Redazione\",\"@id\":\"https:\\\/\\\/www.livemag.it\\\/#\\\/schema\\\/person\\\/7191e402a6eb1110174f9d71f53edea9\"},\"headline\":\"Tulipani di seta nera, al via la 19esima edizione\",\"datePublished\":\"2026-05-01T05:54:24+00:00\",\"dateModified\":\"2026-05-01T05:55:09+00:00\",\"mainEntityOfPage\":{\"@id\":\"https:\\\/\\\/www.livemag.it\\\/index.php\\\/2026\\\/05\\\/01\\\/tulipani-di-seta-nera-al-via-la-19esima-edizione\\\/\"},\"wordCount\":879,\"commentCount\":0,\"publisher\":{\"@id\":\"https:\\\/\\\/www.livemag.it\\\/#organization\"},\"image\":{\"@id\":\"https:\\\/\\\/www.livemag.it\\\/index.php\\\/2026\\\/05\\\/01\\\/tulipani-di-seta-nera-al-via-la-19esima-edizione\\\/#primaryimage\"},\"thumbnailUrl\":\"https:\\\/\\\/www.livemag.it\\\/wp-content\\\/uploads\\\/2026\\\/05\\\/IMG_4190.jpeg\",\"keywords\":[\"Tulipani di seta nera\"],\"articleSection\":[\"events\"],\"inLanguage\":\"it-IT\",\"potentialAction\":[{\"@type\":\"CommentAction\",\"name\":\"Comment\",\"target\":[\"https:\\\/\\\/www.livemag.it\\\/index.php\\\/2026\\\/05\\\/01\\\/tulipani-di-seta-nera-al-via-la-19esima-edizione\\\/#respond\"]}]},{\"@type\":\"WebPage\",\"@id\":\"https:\\\/\\\/www.livemag.it\\\/index.php\\\/2026\\\/05\\\/01\\\/tulipani-di-seta-nera-al-via-la-19esima-edizione\\\/\",\"url\":\"https:\\\/\\\/www.livemag.it\\\/index.php\\\/2026\\\/05\\\/01\\\/tulipani-di-seta-nera-al-via-la-19esima-edizione\\\/\",\"name\":\"Tulipani di seta nera, al via la 19esima edizione - Live Magazine\",\"isPartOf\":{\"@id\":\"https:\\\/\\\/www.livemag.it\\\/#website\"},\"primaryImageOfPage\":{\"@id\":\"https:\\\/\\\/www.livemag.it\\\/index.php\\\/2026\\\/05\\\/01\\\/tulipani-di-seta-nera-al-via-la-19esima-edizione\\\/#primaryimage\"},\"image\":{\"@id\":\"https:\\\/\\\/www.livemag.it\\\/index.php\\\/2026\\\/05\\\/01\\\/tulipani-di-seta-nera-al-via-la-19esima-edizione\\\/#primaryimage\"},\"thumbnailUrl\":\"https:\\\/\\\/www.livemag.it\\\/wp-content\\\/uploads\\\/2026\\\/05\\\/IMG_4190.jpeg\",\"datePublished\":\"2026-05-01T05:54:24+00:00\",\"dateModified\":\"2026-05-01T05:55:09+00:00\",\"breadcrumb\":{\"@id\":\"https:\\\/\\\/www.livemag.it\\\/index.php\\\/2026\\\/05\\\/01\\\/tulipani-di-seta-nera-al-via-la-19esima-edizione\\\/#breadcrumb\"},\"inLanguage\":\"it-IT\",\"potentialAction\":[{\"@type\":\"ReadAction\",\"target\":[\"https:\\\/\\\/www.livemag.it\\\/index.php\\\/2026\\\/05\\\/01\\\/tulipani-di-seta-nera-al-via-la-19esima-edizione\\\/\"]}]},{\"@type\":\"ImageObject\",\"inLanguage\":\"it-IT\",\"@id\":\"https:\\\/\\\/www.livemag.it\\\/index.php\\\/2026\\\/05\\\/01\\\/tulipani-di-seta-nera-al-via-la-19esima-edizione\\\/#primaryimage\",\"url\":\"https:\\\/\\\/www.livemag.it\\\/wp-content\\\/uploads\\\/2026\\\/05\\\/IMG_4190.jpeg\",\"contentUrl\":\"https:\\\/\\\/www.livemag.it\\\/wp-content\\\/uploads\\\/2026\\\/05\\\/IMG_4190.jpeg\",\"width\":1500,\"height\":1001},{\"@type\":\"BreadcrumbList\",\"@id\":\"https:\\\/\\\/www.livemag.it\\\/index.php\\\/2026\\\/05\\\/01\\\/tulipani-di-seta-nera-al-via-la-19esima-edizione\\\/#breadcrumb\",\"itemListElement\":[{\"@type\":\"ListItem\",\"position\":1,\"name\":\"Home\",\"item\":\"https:\\\/\\\/www.livemag.it\\\/\"},{\"@type\":\"ListItem\",\"position\":2,\"name\":\"Tulipani di seta nera, al via la 19esima edizione\"}]},{\"@type\":\"WebSite\",\"@id\":\"https:\\\/\\\/www.livemag.it\\\/#website\",\"url\":\"https:\\\/\\\/www.livemag.it\\\/\",\"name\":\"Live Magazine\",\"description\":\"Varie ed eventi\",\"publisher\":{\"@id\":\"https:\\\/\\\/www.livemag.it\\\/#organization\"},\"potentialAction\":[{\"@type\":\"SearchAction\",\"target\":{\"@type\":\"EntryPoint\",\"urlTemplate\":\"https:\\\/\\\/www.livemag.it\\\/?s={search_term_string}\"},\"query-input\":{\"@type\":\"PropertyValueSpecification\",\"valueRequired\":true,\"valueName\":\"search_term_string\"}}],\"inLanguage\":\"it-IT\"},{\"@type\":\"Organization\",\"@id\":\"https:\\\/\\\/www.livemag.it\\\/#organization\",\"name\":\"LiveMag\",\"alternateName\":\"LiveMag News ed eventi\",\"url\":\"https:\\\/\\\/www.livemag.it\\\/\",\"logo\":{\"@type\":\"ImageObject\",\"inLanguage\":\"it-IT\",\"@id\":\"https:\\\/\\\/www.livemag.it\\\/#\\\/schema\\\/logo\\\/image\\\/\",\"url\":\"https:\\\/\\\/www.livemag.it\\\/wp-content\\\/uploads\\\/2024\\\/02\\\/immagine-sito.jpg\",\"contentUrl\":\"https:\\\/\\\/www.livemag.it\\\/wp-content\\\/uploads\\\/2024\\\/02\\\/immagine-sito.jpg\",\"width\":696,\"height\":696,\"caption\":\"LiveMag\"},\"image\":{\"@id\":\"https:\\\/\\\/www.livemag.it\\\/#\\\/schema\\\/logo\\\/image\\\/\"},\"sameAs\":[\"https:\\\/\\\/www.facebook.com\\\/LiveMag\\\/\",\"https:\\\/\\\/x.com\\\/LiveNotizie\",\"https:\\\/\\\/www.instagram.com\\\/livemag\\\/\"]},{\"@type\":\"Person\",\"@id\":\"https:\\\/\\\/www.livemag.it\\\/#\\\/schema\\\/person\\\/7191e402a6eb1110174f9d71f53edea9\",\"name\":\"Redazione\",\"image\":{\"@type\":\"ImageObject\",\"inLanguage\":\"it-IT\",\"@id\":\"https:\\\/\\\/secure.gravatar.com\\\/avatar\\\/b20eb33510695f1259c3f61c8dfc966b174a5d33f605fb2d514d9b271222597e?s=96&r=g\",\"url\":\"https:\\\/\\\/secure.gravatar.com\\\/avatar\\\/b20eb33510695f1259c3f61c8dfc966b174a5d33f605fb2d514d9b271222597e?s=96&r=g\",\"contentUrl\":\"https:\\\/\\\/secure.gravatar.com\\\/avatar\\\/b20eb33510695f1259c3f61c8dfc966b174a5d33f605fb2d514d9b271222597e?s=96&r=g\",\"caption\":\"Redazione\"},\"url\":\"https:\\\/\\\/www.livemag.it\\\/index.php\\\/author\\\/admin6640\\\/\"}]}<\/script>\n<!-- \/ Yoast SEO plugin. -->","yoast_head_json":{"title":"Tulipani di seta nera, al via la 19esima edizione - Live Magazine","robots":{"index":"index","follow":"follow","max-snippet":"max-snippet:-1","max-image-preview":"max-image-preview:large","max-video-preview":"max-video-preview:-1"},"canonical":"https:\/\/www.livemag.it\/index.php\/2026\/05\/01\/tulipani-di-seta-nera-al-via-la-19esima-edizione\/","og_locale":"it_IT","og_type":"article","og_title":"Tulipani di seta nera, al via la 19esima edizione - Live Magazine","og_description":"Torna nella Capitale, per la sua diciannovesima edizione, il&nbsp;Festival Internazionale della Cinematografia Sociale&nbsp;Tulipani di Seta Nera, presieduto da Diego Righini e diretto da Paola Tassone. L\u2019appuntamento \u00e8 dal&nbsp;7 al 10 maggio&nbsp;presso il&nbsp;The Space Cinema Moderno di Roma, per quattro giornate di proiezioni, incontri e occasioni di confronto dedicate al cinema che racconta il sociale.&nbsp; Un [&hellip;]","og_url":"https:\/\/www.livemag.it\/index.php\/2026\/05\/01\/tulipani-di-seta-nera-al-via-la-19esima-edizione\/","og_site_name":"Live Magazine","article_publisher":"https:\/\/www.facebook.com\/LiveMag\/","article_published_time":"2026-05-01T05:54:24+00:00","article_modified_time":"2026-05-01T05:55:09+00:00","og_image":[{"width":1500,"height":1001,"url":"https:\/\/www.livemag.it\/wp-content\/uploads\/2026\/05\/IMG_4190.jpeg","type":"image\/jpeg"}],"author":"Redazione","twitter_card":"summary_large_image","twitter_creator":"@LiveNotizie","twitter_site":"@LiveNotizie","twitter_misc":{"Scritto da":"Redazione","Tempo di lettura stimato":"5 minuti"},"schema":{"@context":"https:\/\/schema.org","@graph":[{"@type":"Article","@id":"https:\/\/www.livemag.it\/index.php\/2026\/05\/01\/tulipani-di-seta-nera-al-via-la-19esima-edizione\/#article","isPartOf":{"@id":"https:\/\/www.livemag.it\/index.php\/2026\/05\/01\/tulipani-di-seta-nera-al-via-la-19esima-edizione\/"},"author":{"name":"Redazione","@id":"https:\/\/www.livemag.it\/#\/schema\/person\/7191e402a6eb1110174f9d71f53edea9"},"headline":"Tulipani di seta nera, al via la 19esima edizione","datePublished":"2026-05-01T05:54:24+00:00","dateModified":"2026-05-01T05:55:09+00:00","mainEntityOfPage":{"@id":"https:\/\/www.livemag.it\/index.php\/2026\/05\/01\/tulipani-di-seta-nera-al-via-la-19esima-edizione\/"},"wordCount":879,"commentCount":0,"publisher":{"@id":"https:\/\/www.livemag.it\/#organization"},"image":{"@id":"https:\/\/www.livemag.it\/index.php\/2026\/05\/01\/tulipani-di-seta-nera-al-via-la-19esima-edizione\/#primaryimage"},"thumbnailUrl":"https:\/\/www.livemag.it\/wp-content\/uploads\/2026\/05\/IMG_4190.jpeg","keywords":["Tulipani di seta nera"],"articleSection":["events"],"inLanguage":"it-IT","potentialAction":[{"@type":"CommentAction","name":"Comment","target":["https:\/\/www.livemag.it\/index.php\/2026\/05\/01\/tulipani-di-seta-nera-al-via-la-19esima-edizione\/#respond"]}]},{"@type":"WebPage","@id":"https:\/\/www.livemag.it\/index.php\/2026\/05\/01\/tulipani-di-seta-nera-al-via-la-19esima-edizione\/","url":"https:\/\/www.livemag.it\/index.php\/2026\/05\/01\/tulipani-di-seta-nera-al-via-la-19esima-edizione\/","name":"Tulipani di seta nera, al via la 19esima edizione - Live Magazine","isPartOf":{"@id":"https:\/\/www.livemag.it\/#website"},"primaryImageOfPage":{"@id":"https:\/\/www.livemag.it\/index.php\/2026\/05\/01\/tulipani-di-seta-nera-al-via-la-19esima-edizione\/#primaryimage"},"image":{"@id":"https:\/\/www.livemag.it\/index.php\/2026\/05\/01\/tulipani-di-seta-nera-al-via-la-19esima-edizione\/#primaryimage"},"thumbnailUrl":"https:\/\/www.livemag.it\/wp-content\/uploads\/2026\/05\/IMG_4190.jpeg","datePublished":"2026-05-01T05:54:24+00:00","dateModified":"2026-05-01T05:55:09+00:00","breadcrumb":{"@id":"https:\/\/www.livemag.it\/index.php\/2026\/05\/01\/tulipani-di-seta-nera-al-via-la-19esima-edizione\/#breadcrumb"},"inLanguage":"it-IT","potentialAction":[{"@type":"ReadAction","target":["https:\/\/www.livemag.it\/index.php\/2026\/05\/01\/tulipani-di-seta-nera-al-via-la-19esima-edizione\/"]}]},{"@type":"ImageObject","inLanguage":"it-IT","@id":"https:\/\/www.livemag.it\/index.php\/2026\/05\/01\/tulipani-di-seta-nera-al-via-la-19esima-edizione\/#primaryimage","url":"https:\/\/www.livemag.it\/wp-content\/uploads\/2026\/05\/IMG_4190.jpeg","contentUrl":"https:\/\/www.livemag.it\/wp-content\/uploads\/2026\/05\/IMG_4190.jpeg","width":1500,"height":1001},{"@type":"BreadcrumbList","@id":"https:\/\/www.livemag.it\/index.php\/2026\/05\/01\/tulipani-di-seta-nera-al-via-la-19esima-edizione\/#breadcrumb","itemListElement":[{"@type":"ListItem","position":1,"name":"Home","item":"https:\/\/www.livemag.it\/"},{"@type":"ListItem","position":2,"name":"Tulipani di seta nera, al via la 19esima edizione"}]},{"@type":"WebSite","@id":"https:\/\/www.livemag.it\/#website","url":"https:\/\/www.livemag.it\/","name":"Live Magazine","description":"Varie ed eventi","publisher":{"@id":"https:\/\/www.livemag.it\/#organization"},"potentialAction":[{"@type":"SearchAction","target":{"@type":"EntryPoint","urlTemplate":"https:\/\/www.livemag.it\/?s={search_term_string}"},"query-input":{"@type":"PropertyValueSpecification","valueRequired":true,"valueName":"search_term_string"}}],"inLanguage":"it-IT"},{"@type":"Organization","@id":"https:\/\/www.livemag.it\/#organization","name":"LiveMag","alternateName":"LiveMag News ed eventi","url":"https:\/\/www.livemag.it\/","logo":{"@type":"ImageObject","inLanguage":"it-IT","@id":"https:\/\/www.livemag.it\/#\/schema\/logo\/image\/","url":"https:\/\/www.livemag.it\/wp-content\/uploads\/2024\/02\/immagine-sito.jpg","contentUrl":"https:\/\/www.livemag.it\/wp-content\/uploads\/2024\/02\/immagine-sito.jpg","width":696,"height":696,"caption":"LiveMag"},"image":{"@id":"https:\/\/www.livemag.it\/#\/schema\/logo\/image\/"},"sameAs":["https:\/\/www.facebook.com\/LiveMag\/","https:\/\/x.com\/LiveNotizie","https:\/\/www.instagram.com\/livemag\/"]},{"@type":"Person","@id":"https:\/\/www.livemag.it\/#\/schema\/person\/7191e402a6eb1110174f9d71f53edea9","name":"Redazione","image":{"@type":"ImageObject","inLanguage":"it-IT","@id":"https:\/\/secure.gravatar.com\/avatar\/b20eb33510695f1259c3f61c8dfc966b174a5d33f605fb2d514d9b271222597e?s=96&r=g","url":"https:\/\/secure.gravatar.com\/avatar\/b20eb33510695f1259c3f61c8dfc966b174a5d33f605fb2d514d9b271222597e?s=96&r=g","contentUrl":"https:\/\/secure.gravatar.com\/avatar\/b20eb33510695f1259c3f61c8dfc966b174a5d33f605fb2d514d9b271222597e?s=96&r=g","caption":"Redazione"},"url":"https:\/\/www.livemag.it\/index.php\/author\/admin6640\/"}]}},"jetpack_featured_media_url":"https:\/\/www.livemag.it\/wp-content\/uploads\/2026\/05\/IMG_4190.jpeg","_links":{"self":[{"href":"https:\/\/www.livemag.it\/index.php\/wp-json\/wp\/v2\/posts\/75340","targetHints":{"allow":["GET"]}}],"collection":[{"href":"https:\/\/www.livemag.it\/index.php\/wp-json\/wp\/v2\/posts"}],"about":[{"href":"https:\/\/www.livemag.it\/index.php\/wp-json\/wp\/v2\/types\/post"}],"author":[{"embeddable":true,"href":"https:\/\/www.livemag.it\/index.php\/wp-json\/wp\/v2\/users\/1"}],"replies":[{"embeddable":true,"href":"https:\/\/www.livemag.it\/index.php\/wp-json\/wp\/v2\/comments?post=75340"}],"version-history":[{"count":1,"href":"https:\/\/www.livemag.it\/index.php\/wp-json\/wp\/v2\/posts\/75340\/revisions"}],"predecessor-version":[{"id":75342,"href":"https:\/\/www.livemag.it\/index.php\/wp-json\/wp\/v2\/posts\/75340\/revisions\/75342"}],"wp:featuredmedia":[{"embeddable":true,"href":"https:\/\/www.livemag.it\/index.php\/wp-json\/wp\/v2\/media\/75341"}],"wp:attachment":[{"href":"https:\/\/www.livemag.it\/index.php\/wp-json\/wp\/v2\/media?parent=75340"}],"wp:term":[{"taxonomy":"category","embeddable":true,"href":"https:\/\/www.livemag.it\/index.php\/wp-json\/wp\/v2\/categories?post=75340"},{"taxonomy":"post_tag","embeddable":true,"href":"https:\/\/www.livemag.it\/index.php\/wp-json\/wp\/v2\/tags?post=75340"}],"curies":[{"name":"wp","href":"https:\/\/api.w.org\/{rel}","templated":true}]}}