{"id":75324,"date":"2026-04-30T21:03:07","date_gmt":"2026-04-30T19:03:07","guid":{"rendered":"https:\/\/www.livemag.it\/index.php\/2026\/04\/30\/via-libera-dal-cdm-al-piano-casa-meloni-poniamo-basi-contro-emergenza-abitativa\/"},"modified":"2026-04-30T21:03:07","modified_gmt":"2026-04-30T19:03:07","slug":"via-libera-dal-cdm-al-piano-casa-meloni-poniamo-basi-contro-emergenza-abitativa","status":"publish","type":"post","link":"https:\/\/www.livemag.it\/index.php\/2026\/04\/30\/via-libera-dal-cdm-al-piano-casa-meloni-poniamo-basi-contro-emergenza-abitativa\/","title":{"rendered":"Via libera dal Cdm al Piano Casa, Meloni \u201cPoniamo basi contro emergenza abitativa\u201d"},"content":{"rendered":"<div>\n<p>ROMA (ITALPRESS) \u2013 Il Consiglio dei ministri ha approvato il decreto legge con le \u201cdisposizioni urgenti per la realizzazione del Piano Casa\u201d.<br \/>\u201cIl Consiglio dei Ministri ha approvato un provvedimento che ci sta particolarmente a cuore, corposo, articolato che affronta una delle priorit\u00e0 pi\u00f9 sentito dai cittadini, il tema della casa, la possibilit\u00e0 di accedere ad un alloggio di qualit\u00e0 a prezzi accessibili, la casa \u00e8 un bene primario\u201d, ha detto il presidente del Consiglio, Giorgia Meloni, nel corso della conferenza stampa al termine del Cdm.<br \/>\u201cIl problema\u201d dell\u2019emergenza abitativa esiste ovunque, \u201cnon riguarda solamente le grandi citt\u00e0 come Milano, Roma, Firenze, Napoli, il problema esiste ovunque, anche nelle grandi citt\u00e0 del sud \u2013 ha spiegato Meloni -. Noi pensiamo che lo Stato debba da una parte chiaramente porsi il tema di come rafforzare la risposta dell\u2019edilizia residenziale pubblica, ma dall\u2019altro debba anche rispondere a questa necessit\u00e0 \u2013 ha aggiunto \u2013 che si rivolge a una fetta di popolazione diversa, ed \u00e8 quello che facciamo con questo decreto legge che pone le basi per realizzare, in Italia, un vasto piano casa in grado di rispondere a questo ed ad altri problemi legati alla casa\u201d.<br \/>Il presidente del Consiglio ha ringraziato \u201cil ministro Salvini, il ministro Foti per il lavoro fatto, il ministero dell\u2019Economia e delle Finanze, il presidente dell\u2019Anci Manfredi, il presidente della Conferenza delle Regioni, Massimiliano Fedriga\u201d.<br \/>\u201cSulla questione della casa si pu\u00f2 lavorare tutti insieme, indipendentemente dall\u2019appartenenza politica \u2013 ha sottolineato il premier -. Questo provvedimento poggia su tre pilastri: il primo prevede interventi straordinari per il recupero e la manutenzione del patrimonio gi\u00e0 esistente di edilizia residenziale pubblica, l\u2019obiettivo che ci diamo \u00e8 quello di rendere disponibili 60 mila alloggi che oggi non si possono assegnare, per questo prevediamo un miliardo e 700 milioni, pi\u00f9 4,8 miliardi che sono stanziati per la rigenerazione urbana, dopo di che immaginiamo la nomina di un commissario straordinario, e una serie di meccanismi per quanto riguarda la casa a riscatto\u201d.<br \/>\u201cIl secondo pilastro \u00e8 una concentrazione e semplificazione di tutte le risorse nazionali, europee destinate all\u2019emergenza abitativa in un unico strumento, parliamo di oltre 3,6 miliardi di euro che vogliamo concentrare su obiettivi comuni \u2013 ha spiegato ancora Meloni -. Il terzo pilastro rappresenta una innovazione e crea le condizioni per coinvolgere anche robusti investimenti privati nell\u2019attuazione di questo piano casa. Non ragioniamo sui fondi pubblici, abbiamo immaginato che lo Stato assicura al privato che vuole investire semplificazioni burocratiche, procedure veloci\u201d.<\/p>\n<p>\u2013 Foto IPA Agency \u2013<\/p>\n<p>(ITALPRESS).<\/p>\n<\/div>\n","protected":false},"excerpt":{"rendered":"<p>ROMA (ITALPRESS) \u2013 Il Consiglio dei ministri ha approvato il decreto legge con le \u201cdisposizioni urgenti per la realizzazione del Piano Casa\u201d.\u201cIl Consiglio dei Ministri ha approvato un provvedimento che ci sta particolarmente a cuore, corposo, articolato che affronta una delle priorit\u00e0 pi\u00f9 sentito dai cittadini, il tema della casa, la possibilit\u00e0 di accedere ad [&hellip;]<\/p>\n","protected":false},"author":16,"featured_media":75326,"comment_status":"closed","ping_status":"closed","sticky":false,"template":"","format":"standard","meta":{"jnews-multi-image_gallery":[],"jnews_single_post":[],"jnews_primary_category":[],"jnews_social_meta":[],"jnews_override_counter":[],"jnews_post_split":[],"footnotes":""},"categories":[1129],"tags":[],"class_list":["post-75324","post","type-post","status-publish","format-standard","has-post-thumbnail","hentry","category-mondo"],"yoast_head":"<!-- This site is optimized with the Yoast SEO plugin v27.5 - https:\/\/yoast.com\/product\/yoast-seo-wordpress\/ -->\n<title>Via libera dal Cdm al Piano Casa, Meloni \u201cPoniamo basi contro emergenza abitativa\u201d - Live Magazine<\/title>\n<meta name=\"robots\" content=\"index, follow, max-snippet:-1, max-image-preview:large, max-video-preview:-1\" \/>\n<link rel=\"canonical\" href=\"https:\/\/www.livemag.it\/index.php\/2026\/04\/30\/via-libera-dal-cdm-al-piano-casa-meloni-poniamo-basi-contro-emergenza-abitativa\/\" \/>\n<meta property=\"og:locale\" content=\"it_IT\" \/>\n<meta property=\"og:type\" content=\"article\" \/>\n<meta property=\"og:title\" content=\"Via libera dal Cdm al Piano Casa, Meloni \u201cPoniamo basi contro emergenza abitativa\u201d - Live Magazine\" \/>\n<meta property=\"og:description\" content=\"ROMA (ITALPRESS) \u2013 Il Consiglio dei ministri ha approvato il decreto legge con le \u201cdisposizioni urgenti per la realizzazione del Piano Casa\u201d.\u201cIl Consiglio dei Ministri ha approvato un provvedimento che ci sta particolarmente a cuore, corposo, articolato che affronta una delle priorit\u00e0 pi\u00f9 sentito dai cittadini, il tema della casa, la possibilit\u00e0 di accedere ad [&hellip;]\" \/>\n<meta property=\"og:url\" content=\"https:\/\/www.livemag.it\/index.php\/2026\/04\/30\/via-libera-dal-cdm-al-piano-casa-meloni-poniamo-basi-contro-emergenza-abitativa\/\" \/>\n<meta property=\"og:site_name\" content=\"Live Magazine\" \/>\n<meta property=\"article:publisher\" content=\"https:\/\/www.facebook.com\/LiveMag\/\" \/>\n<meta property=\"article:published_time\" content=\"2026-04-30T19:03:07+00:00\" \/>\n<meta property=\"og:image\" content=\"https:\/\/www.livemag.it\/wp-content\/uploads\/2024\/02\/ograph.jpg\" \/>\n\t<meta property=\"og:image:width\" content=\"1200\" \/>\n\t<meta property=\"og:image:height\" content=\"675\" \/>\n\t<meta property=\"og:image:type\" content=\"image\/jpeg\" \/>\n<meta name=\"author\" content=\"italpress\" \/>\n<meta name=\"twitter:card\" content=\"summary_large_image\" \/>\n<meta name=\"twitter:creator\" content=\"@LiveNotizie\" \/>\n<meta name=\"twitter:site\" content=\"@LiveNotizie\" \/>\n<meta name=\"twitter:label1\" content=\"Scritto da\" \/>\n\t<meta name=\"twitter:data1\" content=\"italpress\" \/>\n\t<meta name=\"twitter:label2\" content=\"Tempo di lettura stimato\" \/>\n\t<meta name=\"twitter:data2\" content=\"2 minuti\" \/>\n<script type=\"application\/ld+json\" class=\"yoast-schema-graph\">{\"@context\":\"https:\\\/\\\/schema.org\",\"@graph\":[{\"@type\":\"Article\",\"@id\":\"https:\\\/\\\/www.livemag.it\\\/index.php\\\/2026\\\/04\\\/30\\\/via-libera-dal-cdm-al-piano-casa-meloni-poniamo-basi-contro-emergenza-abitativa\\\/#article\",\"isPartOf\":{\"@id\":\"https:\\\/\\\/www.livemag.it\\\/index.php\\\/2026\\\/04\\\/30\\\/via-libera-dal-cdm-al-piano-casa-meloni-poniamo-basi-contro-emergenza-abitativa\\\/\"},\"author\":{\"name\":\"italpress\",\"@id\":\"https:\\\/\\\/www.livemag.it\\\/#\\\/schema\\\/person\\\/b62c5f44451fdcdaeb0afe6c2424e73c\"},\"headline\":\"Via libera dal Cdm al Piano Casa, Meloni \u201cPoniamo basi contro emergenza abitativa\u201d\",\"datePublished\":\"2026-04-30T19:03:07+00:00\",\"mainEntityOfPage\":{\"@id\":\"https:\\\/\\\/www.livemag.it\\\/index.php\\\/2026\\\/04\\\/30\\\/via-libera-dal-cdm-al-piano-casa-meloni-poniamo-basi-contro-emergenza-abitativa\\\/\"},\"wordCount\":422,\"publisher\":{\"@id\":\"https:\\\/\\\/www.livemag.it\\\/#organization\"},\"image\":{\"@id\":\"https:\\\/\\\/www.livemag.it\\\/index.php\\\/2026\\\/04\\\/30\\\/via-libera-dal-cdm-al-piano-casa-meloni-poniamo-basi-contro-emergenza-abitativa\\\/#primaryimage\"},\"thumbnailUrl\":\"https:\\\/\\\/www.livemag.it\\\/wp-content\\\/uploads\\\/2026\\\/04\\\/20260430_2914.jpg\",\"articleSection\":[\"Mondo\"],\"inLanguage\":\"it-IT\"},{\"@type\":\"WebPage\",\"@id\":\"https:\\\/\\\/www.livemag.it\\\/index.php\\\/2026\\\/04\\\/30\\\/via-libera-dal-cdm-al-piano-casa-meloni-poniamo-basi-contro-emergenza-abitativa\\\/\",\"url\":\"https:\\\/\\\/www.livemag.it\\\/index.php\\\/2026\\\/04\\\/30\\\/via-libera-dal-cdm-al-piano-casa-meloni-poniamo-basi-contro-emergenza-abitativa\\\/\",\"name\":\"Via libera dal Cdm al Piano Casa, Meloni \u201cPoniamo basi contro emergenza abitativa\u201d - Live Magazine\",\"isPartOf\":{\"@id\":\"https:\\\/\\\/www.livemag.it\\\/#website\"},\"primaryImageOfPage\":{\"@id\":\"https:\\\/\\\/www.livemag.it\\\/index.php\\\/2026\\\/04\\\/30\\\/via-libera-dal-cdm-al-piano-casa-meloni-poniamo-basi-contro-emergenza-abitativa\\\/#primaryimage\"},\"image\":{\"@id\":\"https:\\\/\\\/www.livemag.it\\\/index.php\\\/2026\\\/04\\\/30\\\/via-libera-dal-cdm-al-piano-casa-meloni-poniamo-basi-contro-emergenza-abitativa\\\/#primaryimage\"},\"thumbnailUrl\":\"https:\\\/\\\/www.livemag.it\\\/wp-content\\\/uploads\\\/2026\\\/04\\\/20260430_2914.jpg\",\"datePublished\":\"2026-04-30T19:03:07+00:00\",\"breadcrumb\":{\"@id\":\"https:\\\/\\\/www.livemag.it\\\/index.php\\\/2026\\\/04\\\/30\\\/via-libera-dal-cdm-al-piano-casa-meloni-poniamo-basi-contro-emergenza-abitativa\\\/#breadcrumb\"},\"inLanguage\":\"it-IT\",\"potentialAction\":[{\"@type\":\"ReadAction\",\"target\":[\"https:\\\/\\\/www.livemag.it\\\/index.php\\\/2026\\\/04\\\/30\\\/via-libera-dal-cdm-al-piano-casa-meloni-poniamo-basi-contro-emergenza-abitativa\\\/\"]}]},{\"@type\":\"ImageObject\",\"inLanguage\":\"it-IT\",\"@id\":\"https:\\\/\\\/www.livemag.it\\\/index.php\\\/2026\\\/04\\\/30\\\/via-libera-dal-cdm-al-piano-casa-meloni-poniamo-basi-contro-emergenza-abitativa\\\/#primaryimage\",\"url\":\"https:\\\/\\\/www.livemag.it\\\/wp-content\\\/uploads\\\/2026\\\/04\\\/20260430_2914.jpg\",\"contentUrl\":\"https:\\\/\\\/www.livemag.it\\\/wp-content\\\/uploads\\\/2026\\\/04\\\/20260430_2914.jpg\",\"width\":1200,\"height\":799},{\"@type\":\"BreadcrumbList\",\"@id\":\"https:\\\/\\\/www.livemag.it\\\/index.php\\\/2026\\\/04\\\/30\\\/via-libera-dal-cdm-al-piano-casa-meloni-poniamo-basi-contro-emergenza-abitativa\\\/#breadcrumb\",\"itemListElement\":[{\"@type\":\"ListItem\",\"position\":1,\"name\":\"Home\",\"item\":\"https:\\\/\\\/www.livemag.it\\\/\"},{\"@type\":\"ListItem\",\"position\":2,\"name\":\"Via libera dal Cdm al Piano Casa, Meloni \u201cPoniamo basi contro emergenza abitativa\u201d\"}]},{\"@type\":\"WebSite\",\"@id\":\"https:\\\/\\\/www.livemag.it\\\/#website\",\"url\":\"https:\\\/\\\/www.livemag.it\\\/\",\"name\":\"Live Magazine\",\"description\":\"Varie ed eventi\",\"publisher\":{\"@id\":\"https:\\\/\\\/www.livemag.it\\\/#organization\"},\"potentialAction\":[{\"@type\":\"SearchAction\",\"target\":{\"@type\":\"EntryPoint\",\"urlTemplate\":\"https:\\\/\\\/www.livemag.it\\\/?s={search_term_string}\"},\"query-input\":{\"@type\":\"PropertyValueSpecification\",\"valueRequired\":true,\"valueName\":\"search_term_string\"}}],\"inLanguage\":\"it-IT\"},{\"@type\":\"Organization\",\"@id\":\"https:\\\/\\\/www.livemag.it\\\/#organization\",\"name\":\"LiveMag\",\"alternateName\":\"LiveMag News ed eventi\",\"url\":\"https:\\\/\\\/www.livemag.it\\\/\",\"logo\":{\"@type\":\"ImageObject\",\"inLanguage\":\"it-IT\",\"@id\":\"https:\\\/\\\/www.livemag.it\\\/#\\\/schema\\\/logo\\\/image\\\/\",\"url\":\"https:\\\/\\\/www.livemag.it\\\/wp-content\\\/uploads\\\/2024\\\/02\\\/immagine-sito.jpg\",\"contentUrl\":\"https:\\\/\\\/www.livemag.it\\\/wp-content\\\/uploads\\\/2024\\\/02\\\/immagine-sito.jpg\",\"width\":696,\"height\":696,\"caption\":\"LiveMag\"},\"image\":{\"@id\":\"https:\\\/\\\/www.livemag.it\\\/#\\\/schema\\\/logo\\\/image\\\/\"},\"sameAs\":[\"https:\\\/\\\/www.facebook.com\\\/LiveMag\\\/\",\"https:\\\/\\\/x.com\\\/LiveNotizie\",\"https:\\\/\\\/www.instagram.com\\\/livemag\\\/\"]},{\"@type\":\"Person\",\"@id\":\"https:\\\/\\\/www.livemag.it\\\/#\\\/schema\\\/person\\\/b62c5f44451fdcdaeb0afe6c2424e73c\",\"name\":\"italpress\",\"image\":{\"@type\":\"ImageObject\",\"inLanguage\":\"it-IT\",\"@id\":\"https:\\\/\\\/secure.gravatar.com\\\/avatar\\\/b6a21695fc713ce7ee312cf57c97e2e641feb365be72d8745574d3c3e2b59066?s=96&r=g\",\"url\":\"https:\\\/\\\/secure.gravatar.com\\\/avatar\\\/b6a21695fc713ce7ee312cf57c97e2e641feb365be72d8745574d3c3e2b59066?s=96&r=g\",\"contentUrl\":\"https:\\\/\\\/secure.gravatar.com\\\/avatar\\\/b6a21695fc713ce7ee312cf57c97e2e641feb365be72d8745574d3c3e2b59066?s=96&r=g\",\"caption\":\"italpress\"},\"description\":\"Italpress \u00e8 un'agenzia di stampa italiana a carattere nazionale.\",\"url\":\"https:\\\/\\\/www.livemag.it\\\/index.php\\\/author\\\/italpress\\\/\"}]}<\/script>\n<!-- \/ Yoast SEO plugin. -->","yoast_head_json":{"title":"Via libera dal Cdm al Piano Casa, Meloni \u201cPoniamo basi contro emergenza abitativa\u201d - Live Magazine","robots":{"index":"index","follow":"follow","max-snippet":"max-snippet:-1","max-image-preview":"max-image-preview:large","max-video-preview":"max-video-preview:-1"},"canonical":"https:\/\/www.livemag.it\/index.php\/2026\/04\/30\/via-libera-dal-cdm-al-piano-casa-meloni-poniamo-basi-contro-emergenza-abitativa\/","og_locale":"it_IT","og_type":"article","og_title":"Via libera dal Cdm al Piano Casa, Meloni \u201cPoniamo basi contro emergenza abitativa\u201d - Live Magazine","og_description":"ROMA (ITALPRESS) \u2013 Il Consiglio dei ministri ha approvato il decreto legge con le \u201cdisposizioni urgenti per la realizzazione del Piano Casa\u201d.\u201cIl Consiglio dei Ministri ha approvato un provvedimento che ci sta particolarmente a cuore, corposo, articolato che affronta una delle priorit\u00e0 pi\u00f9 sentito dai cittadini, il tema della casa, la possibilit\u00e0 di accedere ad [&hellip;]","og_url":"https:\/\/www.livemag.it\/index.php\/2026\/04\/30\/via-libera-dal-cdm-al-piano-casa-meloni-poniamo-basi-contro-emergenza-abitativa\/","og_site_name":"Live Magazine","article_publisher":"https:\/\/www.facebook.com\/LiveMag\/","article_published_time":"2026-04-30T19:03:07+00:00","og_image":[{"width":1200,"height":675,"url":"https:\/\/www.livemag.it\/wp-content\/uploads\/2024\/02\/ograph.jpg","type":"image\/jpeg"}],"author":"italpress","twitter_card":"summary_large_image","twitter_creator":"@LiveNotizie","twitter_site":"@LiveNotizie","twitter_misc":{"Scritto da":"italpress","Tempo di lettura stimato":"2 minuti"},"schema":{"@context":"https:\/\/schema.org","@graph":[{"@type":"Article","@id":"https:\/\/www.livemag.it\/index.php\/2026\/04\/30\/via-libera-dal-cdm-al-piano-casa-meloni-poniamo-basi-contro-emergenza-abitativa\/#article","isPartOf":{"@id":"https:\/\/www.livemag.it\/index.php\/2026\/04\/30\/via-libera-dal-cdm-al-piano-casa-meloni-poniamo-basi-contro-emergenza-abitativa\/"},"author":{"name":"italpress","@id":"https:\/\/www.livemag.it\/#\/schema\/person\/b62c5f44451fdcdaeb0afe6c2424e73c"},"headline":"Via libera dal Cdm al Piano Casa, Meloni \u201cPoniamo basi contro emergenza abitativa\u201d","datePublished":"2026-04-30T19:03:07+00:00","mainEntityOfPage":{"@id":"https:\/\/www.livemag.it\/index.php\/2026\/04\/30\/via-libera-dal-cdm-al-piano-casa-meloni-poniamo-basi-contro-emergenza-abitativa\/"},"wordCount":422,"publisher":{"@id":"https:\/\/www.livemag.it\/#organization"},"image":{"@id":"https:\/\/www.livemag.it\/index.php\/2026\/04\/30\/via-libera-dal-cdm-al-piano-casa-meloni-poniamo-basi-contro-emergenza-abitativa\/#primaryimage"},"thumbnailUrl":"https:\/\/www.livemag.it\/wp-content\/uploads\/2026\/04\/20260430_2914.jpg","articleSection":["Mondo"],"inLanguage":"it-IT"},{"@type":"WebPage","@id":"https:\/\/www.livemag.it\/index.php\/2026\/04\/30\/via-libera-dal-cdm-al-piano-casa-meloni-poniamo-basi-contro-emergenza-abitativa\/","url":"https:\/\/www.livemag.it\/index.php\/2026\/04\/30\/via-libera-dal-cdm-al-piano-casa-meloni-poniamo-basi-contro-emergenza-abitativa\/","name":"Via libera dal Cdm al Piano Casa, Meloni \u201cPoniamo basi contro emergenza abitativa\u201d - Live Magazine","isPartOf":{"@id":"https:\/\/www.livemag.it\/#website"},"primaryImageOfPage":{"@id":"https:\/\/www.livemag.it\/index.php\/2026\/04\/30\/via-libera-dal-cdm-al-piano-casa-meloni-poniamo-basi-contro-emergenza-abitativa\/#primaryimage"},"image":{"@id":"https:\/\/www.livemag.it\/index.php\/2026\/04\/30\/via-libera-dal-cdm-al-piano-casa-meloni-poniamo-basi-contro-emergenza-abitativa\/#primaryimage"},"thumbnailUrl":"https:\/\/www.livemag.it\/wp-content\/uploads\/2026\/04\/20260430_2914.jpg","datePublished":"2026-04-30T19:03:07+00:00","breadcrumb":{"@id":"https:\/\/www.livemag.it\/index.php\/2026\/04\/30\/via-libera-dal-cdm-al-piano-casa-meloni-poniamo-basi-contro-emergenza-abitativa\/#breadcrumb"},"inLanguage":"it-IT","potentialAction":[{"@type":"ReadAction","target":["https:\/\/www.livemag.it\/index.php\/2026\/04\/30\/via-libera-dal-cdm-al-piano-casa-meloni-poniamo-basi-contro-emergenza-abitativa\/"]}]},{"@type":"ImageObject","inLanguage":"it-IT","@id":"https:\/\/www.livemag.it\/index.php\/2026\/04\/30\/via-libera-dal-cdm-al-piano-casa-meloni-poniamo-basi-contro-emergenza-abitativa\/#primaryimage","url":"https:\/\/www.livemag.it\/wp-content\/uploads\/2026\/04\/20260430_2914.jpg","contentUrl":"https:\/\/www.livemag.it\/wp-content\/uploads\/2026\/04\/20260430_2914.jpg","width":1200,"height":799},{"@type":"BreadcrumbList","@id":"https:\/\/www.livemag.it\/index.php\/2026\/04\/30\/via-libera-dal-cdm-al-piano-casa-meloni-poniamo-basi-contro-emergenza-abitativa\/#breadcrumb","itemListElement":[{"@type":"ListItem","position":1,"name":"Home","item":"https:\/\/www.livemag.it\/"},{"@type":"ListItem","position":2,"name":"Via libera dal Cdm al Piano Casa, Meloni \u201cPoniamo basi contro emergenza abitativa\u201d"}]},{"@type":"WebSite","@id":"https:\/\/www.livemag.it\/#website","url":"https:\/\/www.livemag.it\/","name":"Live Magazine","description":"Varie ed eventi","publisher":{"@id":"https:\/\/www.livemag.it\/#organization"},"potentialAction":[{"@type":"SearchAction","target":{"@type":"EntryPoint","urlTemplate":"https:\/\/www.livemag.it\/?s={search_term_string}"},"query-input":{"@type":"PropertyValueSpecification","valueRequired":true,"valueName":"search_term_string"}}],"inLanguage":"it-IT"},{"@type":"Organization","@id":"https:\/\/www.livemag.it\/#organization","name":"LiveMag","alternateName":"LiveMag News ed eventi","url":"https:\/\/www.livemag.it\/","logo":{"@type":"ImageObject","inLanguage":"it-IT","@id":"https:\/\/www.livemag.it\/#\/schema\/logo\/image\/","url":"https:\/\/www.livemag.it\/wp-content\/uploads\/2024\/02\/immagine-sito.jpg","contentUrl":"https:\/\/www.livemag.it\/wp-content\/uploads\/2024\/02\/immagine-sito.jpg","width":696,"height":696,"caption":"LiveMag"},"image":{"@id":"https:\/\/www.livemag.it\/#\/schema\/logo\/image\/"},"sameAs":["https:\/\/www.facebook.com\/LiveMag\/","https:\/\/x.com\/LiveNotizie","https:\/\/www.instagram.com\/livemag\/"]},{"@type":"Person","@id":"https:\/\/www.livemag.it\/#\/schema\/person\/b62c5f44451fdcdaeb0afe6c2424e73c","name":"italpress","image":{"@type":"ImageObject","inLanguage":"it-IT","@id":"https:\/\/secure.gravatar.com\/avatar\/b6a21695fc713ce7ee312cf57c97e2e641feb365be72d8745574d3c3e2b59066?s=96&r=g","url":"https:\/\/secure.gravatar.com\/avatar\/b6a21695fc713ce7ee312cf57c97e2e641feb365be72d8745574d3c3e2b59066?s=96&r=g","contentUrl":"https:\/\/secure.gravatar.com\/avatar\/b6a21695fc713ce7ee312cf57c97e2e641feb365be72d8745574d3c3e2b59066?s=96&r=g","caption":"italpress"},"description":"Italpress \u00e8 un'agenzia di stampa italiana a carattere nazionale.","url":"https:\/\/www.livemag.it\/index.php\/author\/italpress\/"}]}},"jetpack_featured_media_url":"https:\/\/www.livemag.it\/wp-content\/uploads\/2026\/04\/20260430_2914.jpg","_links":{"self":[{"href":"https:\/\/www.livemag.it\/index.php\/wp-json\/wp\/v2\/posts\/75324","targetHints":{"allow":["GET"]}}],"collection":[{"href":"https:\/\/www.livemag.it\/index.php\/wp-json\/wp\/v2\/posts"}],"about":[{"href":"https:\/\/www.livemag.it\/index.php\/wp-json\/wp\/v2\/types\/post"}],"author":[{"embeddable":true,"href":"https:\/\/www.livemag.it\/index.php\/wp-json\/wp\/v2\/users\/16"}],"replies":[{"embeddable":true,"href":"https:\/\/www.livemag.it\/index.php\/wp-json\/wp\/v2\/comments?post=75324"}],"version-history":[{"count":0,"href":"https:\/\/www.livemag.it\/index.php\/wp-json\/wp\/v2\/posts\/75324\/revisions"}],"wp:featuredmedia":[{"embeddable":true,"href":"https:\/\/www.livemag.it\/index.php\/wp-json\/wp\/v2\/media\/75326"}],"wp:attachment":[{"href":"https:\/\/www.livemag.it\/index.php\/wp-json\/wp\/v2\/media?parent=75324"}],"wp:term":[{"taxonomy":"category","embeddable":true,"href":"https:\/\/www.livemag.it\/index.php\/wp-json\/wp\/v2\/categories?post=75324"},{"taxonomy":"post_tag","embeddable":true,"href":"https:\/\/www.livemag.it\/index.php\/wp-json\/wp\/v2\/tags?post=75324"}],"curies":[{"name":"wp","href":"https:\/\/api.w.org\/{rel}","templated":true}]}}