{"id":75275,"date":"2026-04-30T18:02:58","date_gmt":"2026-04-30T16:02:58","guid":{"rendered":"https:\/\/www.livemag.it\/index.php\/2026\/04\/30\/stati-generali-dellamiloidosi-cardiaca-focus-su-diagnosi-precoce-e-innovazione\/"},"modified":"2026-04-30T18:02:58","modified_gmt":"2026-04-30T16:02:58","slug":"stati-generali-dellamiloidosi-cardiaca-focus-su-diagnosi-precoce-e-innovazione","status":"publish","type":"post","link":"https:\/\/www.livemag.it\/index.php\/2026\/04\/30\/stati-generali-dellamiloidosi-cardiaca-focus-su-diagnosi-precoce-e-innovazione\/","title":{"rendered":"Stati Generali dell\u2019Amiloidosi Cardiaca, focus su diagnosi precoce e innovazione"},"content":{"rendered":"<div>\n<p>ROMA (ITALPRESS) \u2013 Si sono svolti oggi a Roma presso la Sala Zuccari del Senato della Repubblica gli Stati Generali dell\u2019Amiloidosi Cardiaca, evento promosso su iniziativa della senatrice Elena Murelli, Membro 10^ Commissione e Presidente dell\u2019Intergruppo Parlamentare sulle Malattie Cardio, Cerebro e Vascolari, che ha riunito Istituzioni, clinici, societ\u00e0 scientifiche e associazioni di pazienti, al fine di gettare le basi per un confronto sulla promozione della diagnosi precoce della patologia, sul consolidamento di modelli di presa in carico strutturati e sulla valorizzazione dell\u2019innovazione a supporto delle pratiche cliniche, in quanto snodi prioritari per una gestione della patologia centrata sul paziente.<br \/>Nel corso dell\u2019iniziativa, realizzata con il contributo non condizionante di Bayer Italia, \u00e8 stata ribadita l\u2019urgenza di rafforzare la capacit\u00e0 del sistema salute di intercettare precocemente i pazienti. In questo quadro, la senatrice Elena Murelli ha sottolineato come \u00abl\u2019amiloidosi cardiaca richieda oggi un\u2019attenzione istituzionale proporzionata alla complessit\u00e0 della patologia e all\u2019impatto che essa produce sui pazienti e sulle loro famiglie. E\u2019 necessario valorizzare indirizzi e politiche che rendano pi\u00f9 tempestiva la diagnosi e pi\u00f9 efficaci i modelli di presa in carico, rafforzando i percorsi di cura e l\u2019integrazione tra territorio e centri di riferimento. E\u2019 inoltre essenziale promuovere strumenti di governance capaci di ridurre le disomogeneit\u00e0 territoriali e garantire continuit\u00e0 assistenziale lungo l\u2019intero patient journey\u00bb.<br \/>Marco Salvatore, Direttore della Struttura Interdipartimentale Malattie Rare Senza Diagnosi del Centro Nazionale Malattie Rare dell\u2019Istituto Superiore di Sanit\u00e0, durante il suo intervento sul ruolo della disponibilit\u00e0 dei dati clinici, ha evidenziato che \u00abil registro nazionale dedicato rappresenta un\u2019infrastruttura essenziale per produrre evidenze utili alla programmazione sanitaria. La collaborazione tra Istituto Superiore di Sanit\u00e0, ANMCO e SIC, attraverso cui \u00e8 stato promosso il registro dedicato, permette di costruire una base dati condivisa che potr\u00e0 essere utilizzata per monitorare l\u2019impatto delle strategie assistenziali\u00bb.<br \/>Il confronto ha richiamato la centralit\u00e0 della rete e della definizione di regole condivise per rendere il modello Hub &amp; Spoke \u2013 di raccordo tra centri di riferimento e quelli periferici \u2013 effettivamente operativo. Fabrizio Oliva, Past President ANMCO, ha richiamato come \u00abl\u2019implementazione del PDTA promosso da ANMCO e SIC rappresenta uno strumento per rendere omogenei i flussi di invio e contro-invio dei pazienti tra centri di riferimento e medicina territoriale e definire con chiarezza i ruoli del team multidisciplinare. Consolidare un raccordo funzionale tra centri significa ridurre le disomogeneit\u00e0 territoriali e rendere pi\u00f9 tempestivo l\u2019accesso del paziente al percorso di cura\u00bb.<br \/>\u00abLa diagnosi precoce richiede regole operative applicabili nella pratica clinica territoriale, capaci di trasformare il sospetto in un percorso strutturato \u2013 ha sottolineato Giuseppe Limongelli, Direttore del Centro Coordinamento Malattie Rare della Regione Campania e Delegato SIC \u2013 diffondere la cultura del sospetto implica rendere sistematico il riconoscimento delle red flags patologiche e considerare anche la fragilit\u00e0 funzionale come elemento clinico utile a sviluppare approfondimenti diagnostici\u00bb.<br \/>E\u2019 stato poi approfondito il ruolo della telemedicina come leva organizzativa per garantire maggiore continuit\u00e0 assistenziale. Francesco Cappelli, Referente del Centro per lo Studio e la Cura dell\u2019Amiloidosi A.O.U Careggi Firenze ha evidenziato come \u00abla telemedicina rappresenta uno strumento utile per rafforzare la presa in carico e il follow-up clinico, migliorando il raccordo tra i diversi livelli assistenziali e riducendo eventuali discontinuit\u00e0 nella gestione del paziente. Se integrata in modo strutturato nei processi clinici, consente di rafforzare la risposta assistenziale, soprattutto nei centri ad alto volume\u00bb. Un ulteriore focus ha riguardato il contributo dell\u2019Intelligenza Artificiale nel rafforzare i processi clinici lungo il patient journey. \u00abL\u2019IA pu\u00f2 supportare la stratificazione del rischio patologico attraverso un\u2019organizzazione strutturata dei dati, ma l\u2019innovazione produce impatto solo se \u00e8 governata e integrata nella pratica clinica \u2013 ha sottolineato Giovanni Palladini, Professore Ordinario di Biochimica Clinica e Biologia Molecolare Clinica dell\u2019Universit\u00e0 di Pavia \u2013 per questo la formazione degli operatori sanitari e la definizione di modelli che garantiscano diagnosi precoci sono condizioni abilitanti imprescindibili che migliorano, nel complesso, l\u2019adozione della tecnologia lungo il percorso di cura\u00bb.<br \/>Attraverso l\u2019evento \u00e8 stata sottolineata l\u2019importanza di sostenere l\u2019impegno condiviso di rafforzare la diagnosi precoce e la governance dei percorsi patologici, fornendo una base operativa finalizzata a strutturare modelli assistenziali capaci di mettere al centro il paziente nel percorso di cura e tutelarne la qualit\u00e0 di vita.<br \/>-foto ufficio stampa Esperia Advocacy \u2013 <br \/>(ITALPRESS).<\/p>\n<\/div>\n","protected":false},"excerpt":{"rendered":"<p>ROMA (ITALPRESS) \u2013 Si sono svolti oggi a Roma presso la Sala Zuccari del Senato della Repubblica gli Stati Generali dell\u2019Amiloidosi Cardiaca, evento promosso su iniziativa della senatrice Elena Murelli, Membro 10^ Commissione e Presidente dell\u2019Intergruppo Parlamentare sulle Malattie Cardio, Cerebro e Vascolari, che ha riunito Istituzioni, clinici, societ\u00e0 scientifiche e associazioni di pazienti, al [&hellip;]<\/p>\n","protected":false},"author":16,"featured_media":75276,"comment_status":"closed","ping_status":"closed","sticky":false,"template":"","format":"standard","meta":{"jnews-multi-image_gallery":[],"jnews_single_post":[],"jnews_primary_category":[],"jnews_social_meta":[],"jnews_override_counter":[],"jnews_post_split":[],"footnotes":""},"categories":[1129],"tags":[],"class_list":["post-75275","post","type-post","status-publish","format-standard","has-post-thumbnail","hentry","category-mondo"],"yoast_head":"<!-- This site is optimized with the Yoast SEO plugin v27.5 - https:\/\/yoast.com\/product\/yoast-seo-wordpress\/ -->\n<title>Stati Generali dell\u2019Amiloidosi Cardiaca, focus su diagnosi precoce e innovazione - Live Magazine<\/title>\n<meta name=\"robots\" content=\"index, follow, max-snippet:-1, max-image-preview:large, max-video-preview:-1\" \/>\n<link rel=\"canonical\" href=\"https:\/\/www.livemag.it\/index.php\/2026\/04\/30\/stati-generali-dellamiloidosi-cardiaca-focus-su-diagnosi-precoce-e-innovazione\/\" \/>\n<meta property=\"og:locale\" content=\"it_IT\" \/>\n<meta property=\"og:type\" content=\"article\" \/>\n<meta property=\"og:title\" content=\"Stati Generali dell\u2019Amiloidosi Cardiaca, focus su diagnosi precoce e innovazione - Live Magazine\" \/>\n<meta property=\"og:description\" content=\"ROMA (ITALPRESS) \u2013 Si sono svolti oggi a Roma presso la Sala Zuccari del Senato della Repubblica gli Stati Generali dell\u2019Amiloidosi Cardiaca, evento promosso su iniziativa della senatrice Elena Murelli, Membro 10^ Commissione e Presidente dell\u2019Intergruppo Parlamentare sulle Malattie Cardio, Cerebro e Vascolari, che ha riunito Istituzioni, clinici, societ\u00e0 scientifiche e associazioni di pazienti, al [&hellip;]\" \/>\n<meta property=\"og:url\" content=\"https:\/\/www.livemag.it\/index.php\/2026\/04\/30\/stati-generali-dellamiloidosi-cardiaca-focus-su-diagnosi-precoce-e-innovazione\/\" \/>\n<meta property=\"og:site_name\" content=\"Live Magazine\" \/>\n<meta property=\"article:publisher\" content=\"https:\/\/www.facebook.com\/LiveMag\/\" \/>\n<meta property=\"article:published_time\" content=\"2026-04-30T16:02:58+00:00\" \/>\n<meta property=\"og:image\" content=\"https:\/\/www.livemag.it\/wp-content\/uploads\/2024\/02\/ograph.jpg\" \/>\n\t<meta property=\"og:image:width\" content=\"1200\" \/>\n\t<meta property=\"og:image:height\" content=\"675\" \/>\n\t<meta property=\"og:image:type\" content=\"image\/jpeg\" \/>\n<meta name=\"author\" content=\"italpress\" \/>\n<meta name=\"twitter:card\" content=\"summary_large_image\" \/>\n<meta name=\"twitter:creator\" content=\"@LiveNotizie\" \/>\n<meta name=\"twitter:site\" content=\"@LiveNotizie\" \/>\n<meta name=\"twitter:label1\" content=\"Scritto da\" \/>\n\t<meta name=\"twitter:data1\" content=\"italpress\" \/>\n\t<meta name=\"twitter:label2\" content=\"Tempo di lettura stimato\" \/>\n\t<meta name=\"twitter:data2\" content=\"4 minuti\" \/>\n<script type=\"application\/ld+json\" class=\"yoast-schema-graph\">{\"@context\":\"https:\\\/\\\/schema.org\",\"@graph\":[{\"@type\":\"Article\",\"@id\":\"https:\\\/\\\/www.livemag.it\\\/index.php\\\/2026\\\/04\\\/30\\\/stati-generali-dellamiloidosi-cardiaca-focus-su-diagnosi-precoce-e-innovazione\\\/#article\",\"isPartOf\":{\"@id\":\"https:\\\/\\\/www.livemag.it\\\/index.php\\\/2026\\\/04\\\/30\\\/stati-generali-dellamiloidosi-cardiaca-focus-su-diagnosi-precoce-e-innovazione\\\/\"},\"author\":{\"name\":\"italpress\",\"@id\":\"https:\\\/\\\/www.livemag.it\\\/#\\\/schema\\\/person\\\/b62c5f44451fdcdaeb0afe6c2424e73c\"},\"headline\":\"Stati Generali dell\u2019Amiloidosi Cardiaca, focus su diagnosi precoce e innovazione\",\"datePublished\":\"2026-04-30T16:02:58+00:00\",\"mainEntityOfPage\":{\"@id\":\"https:\\\/\\\/www.livemag.it\\\/index.php\\\/2026\\\/04\\\/30\\\/stati-generali-dellamiloidosi-cardiaca-focus-su-diagnosi-precoce-e-innovazione\\\/\"},\"wordCount\":724,\"publisher\":{\"@id\":\"https:\\\/\\\/www.livemag.it\\\/#organization\"},\"image\":{\"@id\":\"https:\\\/\\\/www.livemag.it\\\/index.php\\\/2026\\\/04\\\/30\\\/stati-generali-dellamiloidosi-cardiaca-focus-su-diagnosi-precoce-e-innovazione\\\/#primaryimage\"},\"thumbnailUrl\":\"https:\\\/\\\/www.livemag.it\\\/wp-content\\\/uploads\\\/2026\\\/04\\\/20260430_2237.jpg\",\"articleSection\":[\"Mondo\"],\"inLanguage\":\"it-IT\"},{\"@type\":\"WebPage\",\"@id\":\"https:\\\/\\\/www.livemag.it\\\/index.php\\\/2026\\\/04\\\/30\\\/stati-generali-dellamiloidosi-cardiaca-focus-su-diagnosi-precoce-e-innovazione\\\/\",\"url\":\"https:\\\/\\\/www.livemag.it\\\/index.php\\\/2026\\\/04\\\/30\\\/stati-generali-dellamiloidosi-cardiaca-focus-su-diagnosi-precoce-e-innovazione\\\/\",\"name\":\"Stati Generali dell\u2019Amiloidosi Cardiaca, focus su diagnosi precoce e innovazione - Live Magazine\",\"isPartOf\":{\"@id\":\"https:\\\/\\\/www.livemag.it\\\/#website\"},\"primaryImageOfPage\":{\"@id\":\"https:\\\/\\\/www.livemag.it\\\/index.php\\\/2026\\\/04\\\/30\\\/stati-generali-dellamiloidosi-cardiaca-focus-su-diagnosi-precoce-e-innovazione\\\/#primaryimage\"},\"image\":{\"@id\":\"https:\\\/\\\/www.livemag.it\\\/index.php\\\/2026\\\/04\\\/30\\\/stati-generali-dellamiloidosi-cardiaca-focus-su-diagnosi-precoce-e-innovazione\\\/#primaryimage\"},\"thumbnailUrl\":\"https:\\\/\\\/www.livemag.it\\\/wp-content\\\/uploads\\\/2026\\\/04\\\/20260430_2237.jpg\",\"datePublished\":\"2026-04-30T16:02:58+00:00\",\"breadcrumb\":{\"@id\":\"https:\\\/\\\/www.livemag.it\\\/index.php\\\/2026\\\/04\\\/30\\\/stati-generali-dellamiloidosi-cardiaca-focus-su-diagnosi-precoce-e-innovazione\\\/#breadcrumb\"},\"inLanguage\":\"it-IT\",\"potentialAction\":[{\"@type\":\"ReadAction\",\"target\":[\"https:\\\/\\\/www.livemag.it\\\/index.php\\\/2026\\\/04\\\/30\\\/stati-generali-dellamiloidosi-cardiaca-focus-su-diagnosi-precoce-e-innovazione\\\/\"]}]},{\"@type\":\"ImageObject\",\"inLanguage\":\"it-IT\",\"@id\":\"https:\\\/\\\/www.livemag.it\\\/index.php\\\/2026\\\/04\\\/30\\\/stati-generali-dellamiloidosi-cardiaca-focus-su-diagnosi-precoce-e-innovazione\\\/#primaryimage\",\"url\":\"https:\\\/\\\/www.livemag.it\\\/wp-content\\\/uploads\\\/2026\\\/04\\\/20260430_2237.jpg\",\"contentUrl\":\"https:\\\/\\\/www.livemag.it\\\/wp-content\\\/uploads\\\/2026\\\/04\\\/20260430_2237.jpg\",\"width\":1600,\"height\":1066},{\"@type\":\"BreadcrumbList\",\"@id\":\"https:\\\/\\\/www.livemag.it\\\/index.php\\\/2026\\\/04\\\/30\\\/stati-generali-dellamiloidosi-cardiaca-focus-su-diagnosi-precoce-e-innovazione\\\/#breadcrumb\",\"itemListElement\":[{\"@type\":\"ListItem\",\"position\":1,\"name\":\"Home\",\"item\":\"https:\\\/\\\/www.livemag.it\\\/\"},{\"@type\":\"ListItem\",\"position\":2,\"name\":\"Stati Generali dell\u2019Amiloidosi Cardiaca, focus su diagnosi precoce e innovazione\"}]},{\"@type\":\"WebSite\",\"@id\":\"https:\\\/\\\/www.livemag.it\\\/#website\",\"url\":\"https:\\\/\\\/www.livemag.it\\\/\",\"name\":\"Live Magazine\",\"description\":\"Varie ed eventi\",\"publisher\":{\"@id\":\"https:\\\/\\\/www.livemag.it\\\/#organization\"},\"potentialAction\":[{\"@type\":\"SearchAction\",\"target\":{\"@type\":\"EntryPoint\",\"urlTemplate\":\"https:\\\/\\\/www.livemag.it\\\/?s={search_term_string}\"},\"query-input\":{\"@type\":\"PropertyValueSpecification\",\"valueRequired\":true,\"valueName\":\"search_term_string\"}}],\"inLanguage\":\"it-IT\"},{\"@type\":\"Organization\",\"@id\":\"https:\\\/\\\/www.livemag.it\\\/#organization\",\"name\":\"LiveMag\",\"alternateName\":\"LiveMag News ed eventi\",\"url\":\"https:\\\/\\\/www.livemag.it\\\/\",\"logo\":{\"@type\":\"ImageObject\",\"inLanguage\":\"it-IT\",\"@id\":\"https:\\\/\\\/www.livemag.it\\\/#\\\/schema\\\/logo\\\/image\\\/\",\"url\":\"https:\\\/\\\/www.livemag.it\\\/wp-content\\\/uploads\\\/2024\\\/02\\\/immagine-sito.jpg\",\"contentUrl\":\"https:\\\/\\\/www.livemag.it\\\/wp-content\\\/uploads\\\/2024\\\/02\\\/immagine-sito.jpg\",\"width\":696,\"height\":696,\"caption\":\"LiveMag\"},\"image\":{\"@id\":\"https:\\\/\\\/www.livemag.it\\\/#\\\/schema\\\/logo\\\/image\\\/\"},\"sameAs\":[\"https:\\\/\\\/www.facebook.com\\\/LiveMag\\\/\",\"https:\\\/\\\/x.com\\\/LiveNotizie\",\"https:\\\/\\\/www.instagram.com\\\/livemag\\\/\"]},{\"@type\":\"Person\",\"@id\":\"https:\\\/\\\/www.livemag.it\\\/#\\\/schema\\\/person\\\/b62c5f44451fdcdaeb0afe6c2424e73c\",\"name\":\"italpress\",\"image\":{\"@type\":\"ImageObject\",\"inLanguage\":\"it-IT\",\"@id\":\"https:\\\/\\\/secure.gravatar.com\\\/avatar\\\/b6a21695fc713ce7ee312cf57c97e2e641feb365be72d8745574d3c3e2b59066?s=96&r=g\",\"url\":\"https:\\\/\\\/secure.gravatar.com\\\/avatar\\\/b6a21695fc713ce7ee312cf57c97e2e641feb365be72d8745574d3c3e2b59066?s=96&r=g\",\"contentUrl\":\"https:\\\/\\\/secure.gravatar.com\\\/avatar\\\/b6a21695fc713ce7ee312cf57c97e2e641feb365be72d8745574d3c3e2b59066?s=96&r=g\",\"caption\":\"italpress\"},\"description\":\"Italpress \u00e8 un'agenzia di stampa italiana a carattere nazionale.\",\"url\":\"https:\\\/\\\/www.livemag.it\\\/index.php\\\/author\\\/italpress\\\/\"}]}<\/script>\n<!-- \/ Yoast SEO plugin. -->","yoast_head_json":{"title":"Stati Generali dell\u2019Amiloidosi Cardiaca, focus su diagnosi precoce e innovazione - Live Magazine","robots":{"index":"index","follow":"follow","max-snippet":"max-snippet:-1","max-image-preview":"max-image-preview:large","max-video-preview":"max-video-preview:-1"},"canonical":"https:\/\/www.livemag.it\/index.php\/2026\/04\/30\/stati-generali-dellamiloidosi-cardiaca-focus-su-diagnosi-precoce-e-innovazione\/","og_locale":"it_IT","og_type":"article","og_title":"Stati Generali dell\u2019Amiloidosi Cardiaca, focus su diagnosi precoce e innovazione - Live Magazine","og_description":"ROMA (ITALPRESS) \u2013 Si sono svolti oggi a Roma presso la Sala Zuccari del Senato della Repubblica gli Stati Generali dell\u2019Amiloidosi Cardiaca, evento promosso su iniziativa della senatrice Elena Murelli, Membro 10^ Commissione e Presidente dell\u2019Intergruppo Parlamentare sulle Malattie Cardio, Cerebro e Vascolari, che ha riunito Istituzioni, clinici, societ\u00e0 scientifiche e associazioni di pazienti, al [&hellip;]","og_url":"https:\/\/www.livemag.it\/index.php\/2026\/04\/30\/stati-generali-dellamiloidosi-cardiaca-focus-su-diagnosi-precoce-e-innovazione\/","og_site_name":"Live Magazine","article_publisher":"https:\/\/www.facebook.com\/LiveMag\/","article_published_time":"2026-04-30T16:02:58+00:00","og_image":[{"width":1200,"height":675,"url":"https:\/\/www.livemag.it\/wp-content\/uploads\/2024\/02\/ograph.jpg","type":"image\/jpeg"}],"author":"italpress","twitter_card":"summary_large_image","twitter_creator":"@LiveNotizie","twitter_site":"@LiveNotizie","twitter_misc":{"Scritto da":"italpress","Tempo di lettura stimato":"4 minuti"},"schema":{"@context":"https:\/\/schema.org","@graph":[{"@type":"Article","@id":"https:\/\/www.livemag.it\/index.php\/2026\/04\/30\/stati-generali-dellamiloidosi-cardiaca-focus-su-diagnosi-precoce-e-innovazione\/#article","isPartOf":{"@id":"https:\/\/www.livemag.it\/index.php\/2026\/04\/30\/stati-generali-dellamiloidosi-cardiaca-focus-su-diagnosi-precoce-e-innovazione\/"},"author":{"name":"italpress","@id":"https:\/\/www.livemag.it\/#\/schema\/person\/b62c5f44451fdcdaeb0afe6c2424e73c"},"headline":"Stati Generali dell\u2019Amiloidosi Cardiaca, focus su diagnosi precoce e innovazione","datePublished":"2026-04-30T16:02:58+00:00","mainEntityOfPage":{"@id":"https:\/\/www.livemag.it\/index.php\/2026\/04\/30\/stati-generali-dellamiloidosi-cardiaca-focus-su-diagnosi-precoce-e-innovazione\/"},"wordCount":724,"publisher":{"@id":"https:\/\/www.livemag.it\/#organization"},"image":{"@id":"https:\/\/www.livemag.it\/index.php\/2026\/04\/30\/stati-generali-dellamiloidosi-cardiaca-focus-su-diagnosi-precoce-e-innovazione\/#primaryimage"},"thumbnailUrl":"https:\/\/www.livemag.it\/wp-content\/uploads\/2026\/04\/20260430_2237.jpg","articleSection":["Mondo"],"inLanguage":"it-IT"},{"@type":"WebPage","@id":"https:\/\/www.livemag.it\/index.php\/2026\/04\/30\/stati-generali-dellamiloidosi-cardiaca-focus-su-diagnosi-precoce-e-innovazione\/","url":"https:\/\/www.livemag.it\/index.php\/2026\/04\/30\/stati-generali-dellamiloidosi-cardiaca-focus-su-diagnosi-precoce-e-innovazione\/","name":"Stati Generali dell\u2019Amiloidosi Cardiaca, focus su diagnosi precoce e innovazione - Live Magazine","isPartOf":{"@id":"https:\/\/www.livemag.it\/#website"},"primaryImageOfPage":{"@id":"https:\/\/www.livemag.it\/index.php\/2026\/04\/30\/stati-generali-dellamiloidosi-cardiaca-focus-su-diagnosi-precoce-e-innovazione\/#primaryimage"},"image":{"@id":"https:\/\/www.livemag.it\/index.php\/2026\/04\/30\/stati-generali-dellamiloidosi-cardiaca-focus-su-diagnosi-precoce-e-innovazione\/#primaryimage"},"thumbnailUrl":"https:\/\/www.livemag.it\/wp-content\/uploads\/2026\/04\/20260430_2237.jpg","datePublished":"2026-04-30T16:02:58+00:00","breadcrumb":{"@id":"https:\/\/www.livemag.it\/index.php\/2026\/04\/30\/stati-generali-dellamiloidosi-cardiaca-focus-su-diagnosi-precoce-e-innovazione\/#breadcrumb"},"inLanguage":"it-IT","potentialAction":[{"@type":"ReadAction","target":["https:\/\/www.livemag.it\/index.php\/2026\/04\/30\/stati-generali-dellamiloidosi-cardiaca-focus-su-diagnosi-precoce-e-innovazione\/"]}]},{"@type":"ImageObject","inLanguage":"it-IT","@id":"https:\/\/www.livemag.it\/index.php\/2026\/04\/30\/stati-generali-dellamiloidosi-cardiaca-focus-su-diagnosi-precoce-e-innovazione\/#primaryimage","url":"https:\/\/www.livemag.it\/wp-content\/uploads\/2026\/04\/20260430_2237.jpg","contentUrl":"https:\/\/www.livemag.it\/wp-content\/uploads\/2026\/04\/20260430_2237.jpg","width":1600,"height":1066},{"@type":"BreadcrumbList","@id":"https:\/\/www.livemag.it\/index.php\/2026\/04\/30\/stati-generali-dellamiloidosi-cardiaca-focus-su-diagnosi-precoce-e-innovazione\/#breadcrumb","itemListElement":[{"@type":"ListItem","position":1,"name":"Home","item":"https:\/\/www.livemag.it\/"},{"@type":"ListItem","position":2,"name":"Stati Generali dell\u2019Amiloidosi Cardiaca, focus su diagnosi precoce e innovazione"}]},{"@type":"WebSite","@id":"https:\/\/www.livemag.it\/#website","url":"https:\/\/www.livemag.it\/","name":"Live Magazine","description":"Varie ed eventi","publisher":{"@id":"https:\/\/www.livemag.it\/#organization"},"potentialAction":[{"@type":"SearchAction","target":{"@type":"EntryPoint","urlTemplate":"https:\/\/www.livemag.it\/?s={search_term_string}"},"query-input":{"@type":"PropertyValueSpecification","valueRequired":true,"valueName":"search_term_string"}}],"inLanguage":"it-IT"},{"@type":"Organization","@id":"https:\/\/www.livemag.it\/#organization","name":"LiveMag","alternateName":"LiveMag News ed eventi","url":"https:\/\/www.livemag.it\/","logo":{"@type":"ImageObject","inLanguage":"it-IT","@id":"https:\/\/www.livemag.it\/#\/schema\/logo\/image\/","url":"https:\/\/www.livemag.it\/wp-content\/uploads\/2024\/02\/immagine-sito.jpg","contentUrl":"https:\/\/www.livemag.it\/wp-content\/uploads\/2024\/02\/immagine-sito.jpg","width":696,"height":696,"caption":"LiveMag"},"image":{"@id":"https:\/\/www.livemag.it\/#\/schema\/logo\/image\/"},"sameAs":["https:\/\/www.facebook.com\/LiveMag\/","https:\/\/x.com\/LiveNotizie","https:\/\/www.instagram.com\/livemag\/"]},{"@type":"Person","@id":"https:\/\/www.livemag.it\/#\/schema\/person\/b62c5f44451fdcdaeb0afe6c2424e73c","name":"italpress","image":{"@type":"ImageObject","inLanguage":"it-IT","@id":"https:\/\/secure.gravatar.com\/avatar\/b6a21695fc713ce7ee312cf57c97e2e641feb365be72d8745574d3c3e2b59066?s=96&r=g","url":"https:\/\/secure.gravatar.com\/avatar\/b6a21695fc713ce7ee312cf57c97e2e641feb365be72d8745574d3c3e2b59066?s=96&r=g","contentUrl":"https:\/\/secure.gravatar.com\/avatar\/b6a21695fc713ce7ee312cf57c97e2e641feb365be72d8745574d3c3e2b59066?s=96&r=g","caption":"italpress"},"description":"Italpress \u00e8 un'agenzia di stampa italiana a carattere nazionale.","url":"https:\/\/www.livemag.it\/index.php\/author\/italpress\/"}]}},"jetpack_featured_media_url":"https:\/\/www.livemag.it\/wp-content\/uploads\/2026\/04\/20260430_2237.jpg","_links":{"self":[{"href":"https:\/\/www.livemag.it\/index.php\/wp-json\/wp\/v2\/posts\/75275","targetHints":{"allow":["GET"]}}],"collection":[{"href":"https:\/\/www.livemag.it\/index.php\/wp-json\/wp\/v2\/posts"}],"about":[{"href":"https:\/\/www.livemag.it\/index.php\/wp-json\/wp\/v2\/types\/post"}],"author":[{"embeddable":true,"href":"https:\/\/www.livemag.it\/index.php\/wp-json\/wp\/v2\/users\/16"}],"replies":[{"embeddable":true,"href":"https:\/\/www.livemag.it\/index.php\/wp-json\/wp\/v2\/comments?post=75275"}],"version-history":[{"count":0,"href":"https:\/\/www.livemag.it\/index.php\/wp-json\/wp\/v2\/posts\/75275\/revisions"}],"wp:featuredmedia":[{"embeddable":true,"href":"https:\/\/www.livemag.it\/index.php\/wp-json\/wp\/v2\/media\/75276"}],"wp:attachment":[{"href":"https:\/\/www.livemag.it\/index.php\/wp-json\/wp\/v2\/media?parent=75275"}],"wp:term":[{"taxonomy":"category","embeddable":true,"href":"https:\/\/www.livemag.it\/index.php\/wp-json\/wp\/v2\/categories?post=75275"},{"taxonomy":"post_tag","embeddable":true,"href":"https:\/\/www.livemag.it\/index.php\/wp-json\/wp\/v2\/tags?post=75275"}],"curies":[{"name":"wp","href":"https:\/\/api.w.org\/{rel}","templated":true}]}}