{"id":75239,"date":"2026-04-30T12:03:01","date_gmt":"2026-04-30T10:03:01","guid":{"rendered":"https:\/\/www.livemag.it\/index.php\/2026\/04\/30\/la-sfida-della-logistica-delleuropa-orientale-passa-dalla-romania\/"},"modified":"2026-04-30T12:03:01","modified_gmt":"2026-04-30T10:03:01","slug":"la-sfida-della-logistica-delleuropa-orientale-passa-dalla-romania","status":"publish","type":"post","link":"https:\/\/www.livemag.it\/index.php\/2026\/04\/30\/la-sfida-della-logistica-delleuropa-orientale-passa-dalla-romania\/","title":{"rendered":"La sfida della logistica dell\u2019Europa orientale passa dalla Romania"},"content":{"rendered":"<div>\n<p>BUCAREST (ITALPRESS) \u2013 Autorit\u00e0 italiane e romene, insieme ai rappresentanti di 80 imprese selezionate multinazionali e ad alcuni ospiti di rilievo, hanno partecipato alla presentazione dell\u2019iniziativa Constanta-Bucharest Inland Port Corridor: The Future of Logistics &amp; Customs in Romania. L\u2019evento, organizzato dalla Federazione Patronale degli Industriali e degli Imprenditori della Romania (FPIAR) e da Confindustria Romania, si configura gi\u00e0 oggi come uno dei contributi progettuali pi\u00f9 significativi promossi dall\u2019imprenditoria italiana in Romania nei settori dei trasporti e delle dogane.<br \/>Prima dell\u2019avvio dei lavori, gli ospiti hanno avuto l\u2019opportunit\u00e0 di partecipare a una visita guidata presso il punto doganale situato all\u2019interno del moderno Centro Logistico EUROCCOPER, potendo cos\u00ec constatare direttamente il livello di organizzazione e l\u2019efficienza operativa che caratterizzano questa iniziativa.<br \/>I lavori sono stati aperti dai saluti istituzionali del Presidente di Confindustria Romania, Andrea Allocco, seguiti dall\u2019intervento di Federico Mozzi, Responsabile dell\u2019Ufficio Economico- Commerciale dell\u2019Ambasciata d\u2019Italia a Bucarest. Nel suo intervento, il Presidente Allocco ha inoltre rivolto un sentito ringraziamento al Presidente e fondatore di EUROCCOPER, Aldo Roccon, imprenditore lungimirante che gi\u00e0 nel 1994, con risorse proprie, aveva intuito l\u2019importanza di un sistema doganale moderno, coordinato e flessibile, capace di rispondere in modo efficace alle esigenze delle imprese.<br \/>La trasformazione dei sistemi logistici rappresenta oggi una delle principali leve strategiche per la competitivit\u00e0 economica di un Paese. In questo contesto, la Romania si trova in una posizione particolarmente favorevole, grazie alla presenza del porto di Constanta \u2013 uno dei principali gateway marittimi del Mar Nero \u2013 e al ruolo sempre pi\u00f9 rilevante di Bucarest come centro economico, industriale e commerciale. L\u2019iniziativa nasce con l\u2019obiettivo di esplorare una visione evoluta della logistica nazionale, fondata sullo sviluppo di un modello di Inland Port, in grado di estendere le funzionalit\u00e0 del porto marittimo verso l\u2019entroterra, avvicinando i servizi logistici, doganali e operativi ai principali poli industriali e ai centri di consumo. In tale prospettiva, il collegamento strutturato tra Constanta e Bucarest rappresenta non solo un miglioramento operativo, ma una vera e propria trasformazione infrastrutturale.<br \/>Elemento centrale di questa visione \u00e8 la prossimit\u00e0 delle istituzioni, e in particolare delle autorit\u00e0 doganali, ai nodi logistici e produttivi. La presenza diretta e integrata delle dogane nei punti strategici consente infatti una significativa accelerazione dei processi, una maggiore efficienza nei controlli e una sensibile riduzione delle complessit\u00e0 burocratiche, contribuendo a rendere l\u2019intero sistema pi\u00f9 competitivo e attrattivo per gli operatori economici. Attraverso il confronto tra istituzioni, autorit\u00e0 doganali, operatori logistici e imprese industriali, sono stati analizzati i benefici concreti di tale approccio: riduzione dei tempi di transito, ottimizzazione dei costi, maggiore prevedibilit\u00e0 dei flussi e semplificazione delle procedure. Sono state inoltre approfondite le implicazioni in termini di digitalizzazione, coordinamento tra gli attori della filiera e sviluppo di servizi a valore aggiunto.<br \/>Tali tematiche sono state oggetto degli interventi di: Claudiu Ardeleanu, Direttore Generale della General Directorate for Customs Procedures and Excise Goods; Adriana Palasan, Vicepresidente di Arilog; Rocco Ferri, Consigliere di Presidenza della Federazione FPIAR con delega alla Logistica e alle Dogane; Catalin Putineanu, Ceo di IB Cargo; Daniel Enache, Director After Sales Supply Chain Central &amp; Eastern Europe di DACIA; Daniel Fulas, Ceo di Euroccoper SA; Erdinc Akbay, Direttore di KocZer Romania; Marius Gaita, Customs Manager \u2013 Customs Procedures and Operational Tools di Euroccoper SA; Victor Sraer, Managing Partner di Otto Broker.<br \/>Particolare attenzione \u00e8 stata dedicata al ruolo strategico di Bucarest all\u2019interno dei corridoi TEN-T dell\u2019Unione Europea, elemento che rafforza ulteriormente il potenziale della capitale come nodo logistico integrato a livello continentale. In questo scenario, la Romania pu\u00f2 ambire a diventare un hub di riferimento non solo per i flussi nazionali, ma anche per quelli regionali.<br \/>Infine, l\u2019evento ha offerto una prospettiva sulle opportunit\u00e0 future legate ai nuovi equilibri economici dell\u2019Europa orientale, inclusi i processi di ricostruzione dell\u2019Ucraina.<br \/>-foto ufficio stampa Confindustria Romania- <br \/>(ITALPRESS).<\/p>\n<\/div>\n","protected":false},"excerpt":{"rendered":"<p>BUCAREST (ITALPRESS) \u2013 Autorit\u00e0 italiane e romene, insieme ai rappresentanti di 80 imprese selezionate multinazionali e ad alcuni ospiti di rilievo, hanno partecipato alla presentazione dell\u2019iniziativa Constanta-Bucharest Inland Port Corridor: The Future of Logistics &amp; Customs in Romania. L\u2019evento, organizzato dalla Federazione Patronale degli Industriali e degli Imprenditori della Romania (FPIAR) e da Confindustria Romania, [&hellip;]<\/p>\n","protected":false},"author":16,"featured_media":75240,"comment_status":"closed","ping_status":"closed","sticky":false,"template":"","format":"standard","meta":{"jnews-multi-image_gallery":[],"jnews_single_post":[],"jnews_primary_category":[],"jnews_social_meta":[],"jnews_override_counter":[],"jnews_post_split":[],"footnotes":""},"categories":[1129],"tags":[],"class_list":["post-75239","post","type-post","status-publish","format-standard","has-post-thumbnail","hentry","category-mondo"],"yoast_head":"<!-- This site is optimized with the Yoast SEO plugin v27.5 - https:\/\/yoast.com\/product\/yoast-seo-wordpress\/ -->\n<title>La sfida della logistica dell\u2019Europa orientale passa dalla Romania - Live Magazine<\/title>\n<meta name=\"robots\" content=\"index, follow, max-snippet:-1, max-image-preview:large, max-video-preview:-1\" \/>\n<link rel=\"canonical\" href=\"https:\/\/www.livemag.it\/index.php\/2026\/04\/30\/la-sfida-della-logistica-delleuropa-orientale-passa-dalla-romania\/\" \/>\n<meta property=\"og:locale\" content=\"it_IT\" \/>\n<meta property=\"og:type\" content=\"article\" \/>\n<meta property=\"og:title\" content=\"La sfida della logistica dell\u2019Europa orientale passa dalla Romania - Live Magazine\" \/>\n<meta property=\"og:description\" content=\"BUCAREST (ITALPRESS) \u2013 Autorit\u00e0 italiane e romene, insieme ai rappresentanti di 80 imprese selezionate multinazionali e ad alcuni ospiti di rilievo, hanno partecipato alla presentazione dell\u2019iniziativa Constanta-Bucharest Inland Port Corridor: The Future of Logistics &amp; Customs in Romania. L\u2019evento, organizzato dalla Federazione Patronale degli Industriali e degli Imprenditori della Romania (FPIAR) e da Confindustria Romania, [&hellip;]\" \/>\n<meta property=\"og:url\" content=\"https:\/\/www.livemag.it\/index.php\/2026\/04\/30\/la-sfida-della-logistica-delleuropa-orientale-passa-dalla-romania\/\" \/>\n<meta property=\"og:site_name\" content=\"Live Magazine\" \/>\n<meta property=\"article:publisher\" content=\"https:\/\/www.facebook.com\/LiveMag\/\" \/>\n<meta property=\"article:published_time\" content=\"2026-04-30T10:03:01+00:00\" \/>\n<meta property=\"og:image\" content=\"https:\/\/www.livemag.it\/wp-content\/uploads\/2024\/02\/ograph.jpg\" \/>\n\t<meta property=\"og:image:width\" content=\"1200\" \/>\n\t<meta property=\"og:image:height\" content=\"675\" \/>\n\t<meta property=\"og:image:type\" content=\"image\/jpeg\" \/>\n<meta name=\"author\" content=\"italpress\" \/>\n<meta name=\"twitter:card\" content=\"summary_large_image\" \/>\n<meta name=\"twitter:creator\" content=\"@LiveNotizie\" \/>\n<meta name=\"twitter:site\" content=\"@LiveNotizie\" \/>\n<meta name=\"twitter:label1\" content=\"Scritto da\" \/>\n\t<meta name=\"twitter:data1\" content=\"italpress\" \/>\n\t<meta name=\"twitter:label2\" content=\"Tempo di lettura stimato\" \/>\n\t<meta name=\"twitter:data2\" content=\"3 minuti\" \/>\n<script type=\"application\/ld+json\" class=\"yoast-schema-graph\">{\"@context\":\"https:\\\/\\\/schema.org\",\"@graph\":[{\"@type\":\"Article\",\"@id\":\"https:\\\/\\\/www.livemag.it\\\/index.php\\\/2026\\\/04\\\/30\\\/la-sfida-della-logistica-delleuropa-orientale-passa-dalla-romania\\\/#article\",\"isPartOf\":{\"@id\":\"https:\\\/\\\/www.livemag.it\\\/index.php\\\/2026\\\/04\\\/30\\\/la-sfida-della-logistica-delleuropa-orientale-passa-dalla-romania\\\/\"},\"author\":{\"name\":\"italpress\",\"@id\":\"https:\\\/\\\/www.livemag.it\\\/#\\\/schema\\\/person\\\/b62c5f44451fdcdaeb0afe6c2424e73c\"},\"headline\":\"La sfida della logistica dell\u2019Europa orientale passa dalla Romania\",\"datePublished\":\"2026-04-30T10:03:01+00:00\",\"mainEntityOfPage\":{\"@id\":\"https:\\\/\\\/www.livemag.it\\\/index.php\\\/2026\\\/04\\\/30\\\/la-sfida-della-logistica-delleuropa-orientale-passa-dalla-romania\\\/\"},\"wordCount\":651,\"publisher\":{\"@id\":\"https:\\\/\\\/www.livemag.it\\\/#organization\"},\"image\":{\"@id\":\"https:\\\/\\\/www.livemag.it\\\/index.php\\\/2026\\\/04\\\/30\\\/la-sfida-della-logistica-delleuropa-orientale-passa-dalla-romania\\\/#primaryimage\"},\"thumbnailUrl\":\"https:\\\/\\\/www.livemag.it\\\/wp-content\\\/uploads\\\/2026\\\/04\\\/20260430_0434.jpg\",\"articleSection\":[\"Mondo\"],\"inLanguage\":\"it-IT\"},{\"@type\":\"WebPage\",\"@id\":\"https:\\\/\\\/www.livemag.it\\\/index.php\\\/2026\\\/04\\\/30\\\/la-sfida-della-logistica-delleuropa-orientale-passa-dalla-romania\\\/\",\"url\":\"https:\\\/\\\/www.livemag.it\\\/index.php\\\/2026\\\/04\\\/30\\\/la-sfida-della-logistica-delleuropa-orientale-passa-dalla-romania\\\/\",\"name\":\"La sfida della logistica dell\u2019Europa orientale passa dalla Romania - Live Magazine\",\"isPartOf\":{\"@id\":\"https:\\\/\\\/www.livemag.it\\\/#website\"},\"primaryImageOfPage\":{\"@id\":\"https:\\\/\\\/www.livemag.it\\\/index.php\\\/2026\\\/04\\\/30\\\/la-sfida-della-logistica-delleuropa-orientale-passa-dalla-romania\\\/#primaryimage\"},\"image\":{\"@id\":\"https:\\\/\\\/www.livemag.it\\\/index.php\\\/2026\\\/04\\\/30\\\/la-sfida-della-logistica-delleuropa-orientale-passa-dalla-romania\\\/#primaryimage\"},\"thumbnailUrl\":\"https:\\\/\\\/www.livemag.it\\\/wp-content\\\/uploads\\\/2026\\\/04\\\/20260430_0434.jpg\",\"datePublished\":\"2026-04-30T10:03:01+00:00\",\"breadcrumb\":{\"@id\":\"https:\\\/\\\/www.livemag.it\\\/index.php\\\/2026\\\/04\\\/30\\\/la-sfida-della-logistica-delleuropa-orientale-passa-dalla-romania\\\/#breadcrumb\"},\"inLanguage\":\"it-IT\",\"potentialAction\":[{\"@type\":\"ReadAction\",\"target\":[\"https:\\\/\\\/www.livemag.it\\\/index.php\\\/2026\\\/04\\\/30\\\/la-sfida-della-logistica-delleuropa-orientale-passa-dalla-romania\\\/\"]}]},{\"@type\":\"ImageObject\",\"inLanguage\":\"it-IT\",\"@id\":\"https:\\\/\\\/www.livemag.it\\\/index.php\\\/2026\\\/04\\\/30\\\/la-sfida-della-logistica-delleuropa-orientale-passa-dalla-romania\\\/#primaryimage\",\"url\":\"https:\\\/\\\/www.livemag.it\\\/wp-content\\\/uploads\\\/2026\\\/04\\\/20260430_0434.jpg\",\"contentUrl\":\"https:\\\/\\\/www.livemag.it\\\/wp-content\\\/uploads\\\/2026\\\/04\\\/20260430_0434.jpg\",\"width\":1200,\"height\":800},{\"@type\":\"BreadcrumbList\",\"@id\":\"https:\\\/\\\/www.livemag.it\\\/index.php\\\/2026\\\/04\\\/30\\\/la-sfida-della-logistica-delleuropa-orientale-passa-dalla-romania\\\/#breadcrumb\",\"itemListElement\":[{\"@type\":\"ListItem\",\"position\":1,\"name\":\"Home\",\"item\":\"https:\\\/\\\/www.livemag.it\\\/\"},{\"@type\":\"ListItem\",\"position\":2,\"name\":\"La sfida della logistica dell\u2019Europa orientale passa dalla Romania\"}]},{\"@type\":\"WebSite\",\"@id\":\"https:\\\/\\\/www.livemag.it\\\/#website\",\"url\":\"https:\\\/\\\/www.livemag.it\\\/\",\"name\":\"Live Magazine\",\"description\":\"Varie ed eventi\",\"publisher\":{\"@id\":\"https:\\\/\\\/www.livemag.it\\\/#organization\"},\"potentialAction\":[{\"@type\":\"SearchAction\",\"target\":{\"@type\":\"EntryPoint\",\"urlTemplate\":\"https:\\\/\\\/www.livemag.it\\\/?s={search_term_string}\"},\"query-input\":{\"@type\":\"PropertyValueSpecification\",\"valueRequired\":true,\"valueName\":\"search_term_string\"}}],\"inLanguage\":\"it-IT\"},{\"@type\":\"Organization\",\"@id\":\"https:\\\/\\\/www.livemag.it\\\/#organization\",\"name\":\"LiveMag\",\"alternateName\":\"LiveMag News ed eventi\",\"url\":\"https:\\\/\\\/www.livemag.it\\\/\",\"logo\":{\"@type\":\"ImageObject\",\"inLanguage\":\"it-IT\",\"@id\":\"https:\\\/\\\/www.livemag.it\\\/#\\\/schema\\\/logo\\\/image\\\/\",\"url\":\"https:\\\/\\\/www.livemag.it\\\/wp-content\\\/uploads\\\/2024\\\/02\\\/immagine-sito.jpg\",\"contentUrl\":\"https:\\\/\\\/www.livemag.it\\\/wp-content\\\/uploads\\\/2024\\\/02\\\/immagine-sito.jpg\",\"width\":696,\"height\":696,\"caption\":\"LiveMag\"},\"image\":{\"@id\":\"https:\\\/\\\/www.livemag.it\\\/#\\\/schema\\\/logo\\\/image\\\/\"},\"sameAs\":[\"https:\\\/\\\/www.facebook.com\\\/LiveMag\\\/\",\"https:\\\/\\\/x.com\\\/LiveNotizie\",\"https:\\\/\\\/www.instagram.com\\\/livemag\\\/\"]},{\"@type\":\"Person\",\"@id\":\"https:\\\/\\\/www.livemag.it\\\/#\\\/schema\\\/person\\\/b62c5f44451fdcdaeb0afe6c2424e73c\",\"name\":\"italpress\",\"image\":{\"@type\":\"ImageObject\",\"inLanguage\":\"it-IT\",\"@id\":\"https:\\\/\\\/secure.gravatar.com\\\/avatar\\\/b6a21695fc713ce7ee312cf57c97e2e641feb365be72d8745574d3c3e2b59066?s=96&r=g\",\"url\":\"https:\\\/\\\/secure.gravatar.com\\\/avatar\\\/b6a21695fc713ce7ee312cf57c97e2e641feb365be72d8745574d3c3e2b59066?s=96&r=g\",\"contentUrl\":\"https:\\\/\\\/secure.gravatar.com\\\/avatar\\\/b6a21695fc713ce7ee312cf57c97e2e641feb365be72d8745574d3c3e2b59066?s=96&r=g\",\"caption\":\"italpress\"},\"description\":\"Italpress \u00e8 un'agenzia di stampa italiana a carattere nazionale.\",\"url\":\"https:\\\/\\\/www.livemag.it\\\/index.php\\\/author\\\/italpress\\\/\"}]}<\/script>\n<!-- \/ Yoast SEO plugin. -->","yoast_head_json":{"title":"La sfida della logistica dell\u2019Europa orientale passa dalla Romania - Live Magazine","robots":{"index":"index","follow":"follow","max-snippet":"max-snippet:-1","max-image-preview":"max-image-preview:large","max-video-preview":"max-video-preview:-1"},"canonical":"https:\/\/www.livemag.it\/index.php\/2026\/04\/30\/la-sfida-della-logistica-delleuropa-orientale-passa-dalla-romania\/","og_locale":"it_IT","og_type":"article","og_title":"La sfida della logistica dell\u2019Europa orientale passa dalla Romania - Live Magazine","og_description":"BUCAREST (ITALPRESS) \u2013 Autorit\u00e0 italiane e romene, insieme ai rappresentanti di 80 imprese selezionate multinazionali e ad alcuni ospiti di rilievo, hanno partecipato alla presentazione dell\u2019iniziativa Constanta-Bucharest Inland Port Corridor: The Future of Logistics &amp; Customs in Romania. L\u2019evento, organizzato dalla Federazione Patronale degli Industriali e degli Imprenditori della Romania (FPIAR) e da Confindustria Romania, [&hellip;]","og_url":"https:\/\/www.livemag.it\/index.php\/2026\/04\/30\/la-sfida-della-logistica-delleuropa-orientale-passa-dalla-romania\/","og_site_name":"Live Magazine","article_publisher":"https:\/\/www.facebook.com\/LiveMag\/","article_published_time":"2026-04-30T10:03:01+00:00","og_image":[{"width":1200,"height":675,"url":"https:\/\/www.livemag.it\/wp-content\/uploads\/2024\/02\/ograph.jpg","type":"image\/jpeg"}],"author":"italpress","twitter_card":"summary_large_image","twitter_creator":"@LiveNotizie","twitter_site":"@LiveNotizie","twitter_misc":{"Scritto da":"italpress","Tempo di lettura stimato":"3 minuti"},"schema":{"@context":"https:\/\/schema.org","@graph":[{"@type":"Article","@id":"https:\/\/www.livemag.it\/index.php\/2026\/04\/30\/la-sfida-della-logistica-delleuropa-orientale-passa-dalla-romania\/#article","isPartOf":{"@id":"https:\/\/www.livemag.it\/index.php\/2026\/04\/30\/la-sfida-della-logistica-delleuropa-orientale-passa-dalla-romania\/"},"author":{"name":"italpress","@id":"https:\/\/www.livemag.it\/#\/schema\/person\/b62c5f44451fdcdaeb0afe6c2424e73c"},"headline":"La sfida della logistica dell\u2019Europa orientale passa dalla Romania","datePublished":"2026-04-30T10:03:01+00:00","mainEntityOfPage":{"@id":"https:\/\/www.livemag.it\/index.php\/2026\/04\/30\/la-sfida-della-logistica-delleuropa-orientale-passa-dalla-romania\/"},"wordCount":651,"publisher":{"@id":"https:\/\/www.livemag.it\/#organization"},"image":{"@id":"https:\/\/www.livemag.it\/index.php\/2026\/04\/30\/la-sfida-della-logistica-delleuropa-orientale-passa-dalla-romania\/#primaryimage"},"thumbnailUrl":"https:\/\/www.livemag.it\/wp-content\/uploads\/2026\/04\/20260430_0434.jpg","articleSection":["Mondo"],"inLanguage":"it-IT"},{"@type":"WebPage","@id":"https:\/\/www.livemag.it\/index.php\/2026\/04\/30\/la-sfida-della-logistica-delleuropa-orientale-passa-dalla-romania\/","url":"https:\/\/www.livemag.it\/index.php\/2026\/04\/30\/la-sfida-della-logistica-delleuropa-orientale-passa-dalla-romania\/","name":"La sfida della logistica dell\u2019Europa orientale passa dalla Romania - Live Magazine","isPartOf":{"@id":"https:\/\/www.livemag.it\/#website"},"primaryImageOfPage":{"@id":"https:\/\/www.livemag.it\/index.php\/2026\/04\/30\/la-sfida-della-logistica-delleuropa-orientale-passa-dalla-romania\/#primaryimage"},"image":{"@id":"https:\/\/www.livemag.it\/index.php\/2026\/04\/30\/la-sfida-della-logistica-delleuropa-orientale-passa-dalla-romania\/#primaryimage"},"thumbnailUrl":"https:\/\/www.livemag.it\/wp-content\/uploads\/2026\/04\/20260430_0434.jpg","datePublished":"2026-04-30T10:03:01+00:00","breadcrumb":{"@id":"https:\/\/www.livemag.it\/index.php\/2026\/04\/30\/la-sfida-della-logistica-delleuropa-orientale-passa-dalla-romania\/#breadcrumb"},"inLanguage":"it-IT","potentialAction":[{"@type":"ReadAction","target":["https:\/\/www.livemag.it\/index.php\/2026\/04\/30\/la-sfida-della-logistica-delleuropa-orientale-passa-dalla-romania\/"]}]},{"@type":"ImageObject","inLanguage":"it-IT","@id":"https:\/\/www.livemag.it\/index.php\/2026\/04\/30\/la-sfida-della-logistica-delleuropa-orientale-passa-dalla-romania\/#primaryimage","url":"https:\/\/www.livemag.it\/wp-content\/uploads\/2026\/04\/20260430_0434.jpg","contentUrl":"https:\/\/www.livemag.it\/wp-content\/uploads\/2026\/04\/20260430_0434.jpg","width":1200,"height":800},{"@type":"BreadcrumbList","@id":"https:\/\/www.livemag.it\/index.php\/2026\/04\/30\/la-sfida-della-logistica-delleuropa-orientale-passa-dalla-romania\/#breadcrumb","itemListElement":[{"@type":"ListItem","position":1,"name":"Home","item":"https:\/\/www.livemag.it\/"},{"@type":"ListItem","position":2,"name":"La sfida della logistica dell\u2019Europa orientale passa dalla Romania"}]},{"@type":"WebSite","@id":"https:\/\/www.livemag.it\/#website","url":"https:\/\/www.livemag.it\/","name":"Live Magazine","description":"Varie ed eventi","publisher":{"@id":"https:\/\/www.livemag.it\/#organization"},"potentialAction":[{"@type":"SearchAction","target":{"@type":"EntryPoint","urlTemplate":"https:\/\/www.livemag.it\/?s={search_term_string}"},"query-input":{"@type":"PropertyValueSpecification","valueRequired":true,"valueName":"search_term_string"}}],"inLanguage":"it-IT"},{"@type":"Organization","@id":"https:\/\/www.livemag.it\/#organization","name":"LiveMag","alternateName":"LiveMag News ed eventi","url":"https:\/\/www.livemag.it\/","logo":{"@type":"ImageObject","inLanguage":"it-IT","@id":"https:\/\/www.livemag.it\/#\/schema\/logo\/image\/","url":"https:\/\/www.livemag.it\/wp-content\/uploads\/2024\/02\/immagine-sito.jpg","contentUrl":"https:\/\/www.livemag.it\/wp-content\/uploads\/2024\/02\/immagine-sito.jpg","width":696,"height":696,"caption":"LiveMag"},"image":{"@id":"https:\/\/www.livemag.it\/#\/schema\/logo\/image\/"},"sameAs":["https:\/\/www.facebook.com\/LiveMag\/","https:\/\/x.com\/LiveNotizie","https:\/\/www.instagram.com\/livemag\/"]},{"@type":"Person","@id":"https:\/\/www.livemag.it\/#\/schema\/person\/b62c5f44451fdcdaeb0afe6c2424e73c","name":"italpress","image":{"@type":"ImageObject","inLanguage":"it-IT","@id":"https:\/\/secure.gravatar.com\/avatar\/b6a21695fc713ce7ee312cf57c97e2e641feb365be72d8745574d3c3e2b59066?s=96&r=g","url":"https:\/\/secure.gravatar.com\/avatar\/b6a21695fc713ce7ee312cf57c97e2e641feb365be72d8745574d3c3e2b59066?s=96&r=g","contentUrl":"https:\/\/secure.gravatar.com\/avatar\/b6a21695fc713ce7ee312cf57c97e2e641feb365be72d8745574d3c3e2b59066?s=96&r=g","caption":"italpress"},"description":"Italpress \u00e8 un'agenzia di stampa italiana a carattere nazionale.","url":"https:\/\/www.livemag.it\/index.php\/author\/italpress\/"}]}},"jetpack_featured_media_url":"https:\/\/www.livemag.it\/wp-content\/uploads\/2026\/04\/20260430_0434.jpg","_links":{"self":[{"href":"https:\/\/www.livemag.it\/index.php\/wp-json\/wp\/v2\/posts\/75239","targetHints":{"allow":["GET"]}}],"collection":[{"href":"https:\/\/www.livemag.it\/index.php\/wp-json\/wp\/v2\/posts"}],"about":[{"href":"https:\/\/www.livemag.it\/index.php\/wp-json\/wp\/v2\/types\/post"}],"author":[{"embeddable":true,"href":"https:\/\/www.livemag.it\/index.php\/wp-json\/wp\/v2\/users\/16"}],"replies":[{"embeddable":true,"href":"https:\/\/www.livemag.it\/index.php\/wp-json\/wp\/v2\/comments?post=75239"}],"version-history":[{"count":0,"href":"https:\/\/www.livemag.it\/index.php\/wp-json\/wp\/v2\/posts\/75239\/revisions"}],"wp:featuredmedia":[{"embeddable":true,"href":"https:\/\/www.livemag.it\/index.php\/wp-json\/wp\/v2\/media\/75240"}],"wp:attachment":[{"href":"https:\/\/www.livemag.it\/index.php\/wp-json\/wp\/v2\/media?parent=75239"}],"wp:term":[{"taxonomy":"category","embeddable":true,"href":"https:\/\/www.livemag.it\/index.php\/wp-json\/wp\/v2\/categories?post=75239"},{"taxonomy":"post_tag","embeddable":true,"href":"https:\/\/www.livemag.it\/index.php\/wp-json\/wp\/v2\/tags?post=75239"}],"curies":[{"name":"wp","href":"https:\/\/api.w.org\/{rel}","templated":true}]}}