{"id":75231,"date":"2026-04-30T12:02:53","date_gmt":"2026-04-30T10:02:53","guid":{"rendered":"https:\/\/www.livemag.it\/index.php\/2026\/04\/30\/rimpasto-giunta-in-sicilia-barbagallo-si-tratta-di-occupazione-delle-poltrone\/"},"modified":"2026-04-30T12:02:53","modified_gmt":"2026-04-30T10:02:53","slug":"rimpasto-giunta-in-sicilia-barbagallo-si-tratta-di-occupazione-delle-poltrone","status":"publish","type":"post","link":"https:\/\/www.livemag.it\/index.php\/2026\/04\/30\/rimpasto-giunta-in-sicilia-barbagallo-si-tratta-di-occupazione-delle-poltrone\/","title":{"rendered":"<div>Rimpasto giunta in Sicilia, Barbagallo &#8220;Si tratta di occupazione delle poltrone&#8221;<\/div>"},"content":{"rendered":"<p>    <video-js id=\"videojs69f360fbee19a\" class=\"vjs-big-play-centered\" controls preload=\"auto\" playsinline data-setup='{\"fluid\": true}'>\r\n        <source src=\"https:\/\/video.italpress.com\/play\/mp4\/video\/jW0W\" type=\"video\/mp4\" \/>\r\n    <\/video-js>\r\n           <br \/>\n<\/p>\n<div> PALERMO (ITALPRESS) &#8211; &#8220;Rimpasto giunta? Noi abbiamo parlato da subito di sagra della poltrona, perch\u00e9 non c&#8217;\u00e8 pi\u00f9 una visione, un&#8217;idea di sviluppo della Sicilia, un&#8217;idea vera di governo rispetto alle tante emergenze: dall&#8217;acqua e ai rifiuti al dramma del lavoro proprio alla vigilia del primo maggio. L&#8217;idea \u00e8 quella dell&#8217;occupazione delle poltrone; addirittura la scadenza del 30 aprile pare che si sia celebrata per occupare in tempo gli ultimi posti degli uffici di gabinetto che rischiavano altrimenti di non essere assegnati. Noi riteniamo ormai questa esperienza conclusa e chiediamo a Schifani oggi pi\u00f9 che mai di rimettere il mandato&#8221;. Cos\u00ec il segretario regionale, Anthony Barbagallo, a margine della commemorazione, giorno del 44esimo anniversario dell&#8217;omicidio per mano mafiosa, di Pio La Torre e del suo collaboratore e autista Rosario Di Salvo, che si \u00e8 svolta in via Li Muli. &#8220;Marcello Caruso in sostituzione di Daniela Faraoni come assessore alla salute? Questo rende l&#8217;idea ancor di pi\u00f9 di quanto Schifani sia ormai lontano dalla realt\u00e0 e lontano dai problemi dalle problematiche e dal contesto siciliano. Col dramma che c&#8217;\u00e8 sulla sanit\u00e0 siciliana, le lungaggini nelle liste d&#8217;attesa, i drammi nei pronto soccorsi, gli ospedali e i medici che mancano nei territori, toglie il secondo tecnico dopo la Volo, che certamente erano degli operatori del settore, per mettere Caruso, che avr\u00e0 magari tanti pregi, ma certamente non crediamo che sia un manager e un politico che abbia competenze particolari sulla sanit\u00e0&#8221;.<\/p>\n<p>xd6\/trl\/mca1<\/p><\/div>\n","protected":false},"excerpt":{"rendered":"<p>PALERMO (ITALPRESS) &#8211; &#8220;Rimpasto giunta? Noi abbiamo parlato da subito di sagra della poltrona, perch\u00e9 non c&#8217;\u00e8 pi\u00f9 una visione, un&#8217;idea di sviluppo della Sicilia, un&#8217;idea vera di governo rispetto alle tante emergenze: dall&#8217;acqua e ai rifiuti al dramma del lavoro proprio alla vigilia del primo maggio. L&#8217;idea \u00e8 quella dell&#8217;occupazione delle poltrone; addirittura la [&hellip;]<\/p>\n","protected":false},"author":16,"featured_media":75232,"comment_status":"closed","ping_status":"closed","sticky":false,"template":"","format":"video","meta":{"jnews-multi-image_gallery":[],"jnews_single_post":[],"jnews_primary_category":[],"jnews_social_meta":[],"jnews_override_counter":[],"jnews_post_split":[],"footnotes":""},"categories":[1171],"tags":[],"class_list":["post-75231","post","type-post","status-publish","format-video","has-post-thumbnail","hentry","category-video","post_format-post-format-video"],"yoast_head":"<!-- This site is optimized with the Yoast SEO plugin v27.5 - https:\/\/yoast.com\/product\/yoast-seo-wordpress\/ -->\n<title>Rimpasto giunta in Sicilia, Barbagallo &quot;Si tratta di occupazione delle poltrone&quot; - Live Magazine<\/title>\n<meta name=\"robots\" content=\"index, follow, max-snippet:-1, max-image-preview:large, max-video-preview:-1\" \/>\n<link rel=\"canonical\" href=\"https:\/\/www.livemag.it\/index.php\/2026\/04\/30\/rimpasto-giunta-in-sicilia-barbagallo-si-tratta-di-occupazione-delle-poltrone\/\" \/>\n<meta property=\"og:locale\" content=\"it_IT\" \/>\n<meta property=\"og:type\" content=\"article\" \/>\n<meta property=\"og:title\" content=\"Rimpasto giunta in Sicilia, Barbagallo &quot;Si tratta di occupazione delle poltrone&quot; - Live Magazine\" \/>\n<meta property=\"og:description\" content=\"PALERMO (ITALPRESS) &#8211; &#8220;Rimpasto giunta? Noi abbiamo parlato da subito di sagra della poltrona, perch\u00e9 non c&#8217;\u00e8 pi\u00f9 una visione, un&#8217;idea di sviluppo della Sicilia, un&#8217;idea vera di governo rispetto alle tante emergenze: dall&#8217;acqua e ai rifiuti al dramma del lavoro proprio alla vigilia del primo maggio. L&#8217;idea \u00e8 quella dell&#8217;occupazione delle poltrone; addirittura la [&hellip;]\" \/>\n<meta property=\"og:url\" content=\"https:\/\/www.livemag.it\/index.php\/2026\/04\/30\/rimpasto-giunta-in-sicilia-barbagallo-si-tratta-di-occupazione-delle-poltrone\/\" \/>\n<meta property=\"og:site_name\" content=\"Live Magazine\" \/>\n<meta property=\"article:publisher\" content=\"https:\/\/www.facebook.com\/LiveMag\/\" \/>\n<meta property=\"article:published_time\" content=\"2026-04-30T10:02:53+00:00\" \/>\n<meta property=\"og:image\" content=\"https:\/\/www.livemag.it\/wp-content\/uploads\/2024\/02\/ograph.jpg\" \/>\n\t<meta property=\"og:image:width\" content=\"1200\" \/>\n\t<meta property=\"og:image:height\" content=\"675\" \/>\n\t<meta property=\"og:image:type\" content=\"image\/jpeg\" \/>\n<meta name=\"author\" content=\"italpress\" \/>\n<meta name=\"twitter:card\" content=\"summary_large_image\" \/>\n<meta name=\"twitter:creator\" content=\"@LiveNotizie\" \/>\n<meta name=\"twitter:site\" content=\"@LiveNotizie\" \/>\n<meta name=\"twitter:label1\" content=\"Scritto da\" \/>\n\t<meta name=\"twitter:data1\" content=\"italpress\" \/>\n\t<meta name=\"twitter:label2\" content=\"Tempo di lettura stimato\" \/>\n\t<meta name=\"twitter:data2\" content=\"1 minuto\" \/>\n<script type=\"application\/ld+json\" class=\"yoast-schema-graph\">{\"@context\":\"https:\\\/\\\/schema.org\",\"@graph\":[{\"@type\":\"Article\",\"@id\":\"https:\\\/\\\/www.livemag.it\\\/index.php\\\/2026\\\/04\\\/30\\\/rimpasto-giunta-in-sicilia-barbagallo-si-tratta-di-occupazione-delle-poltrone\\\/#article\",\"isPartOf\":{\"@id\":\"https:\\\/\\\/www.livemag.it\\\/index.php\\\/2026\\\/04\\\/30\\\/rimpasto-giunta-in-sicilia-barbagallo-si-tratta-di-occupazione-delle-poltrone\\\/\"},\"author\":{\"name\":\"italpress\",\"@id\":\"https:\\\/\\\/www.livemag.it\\\/#\\\/schema\\\/person\\\/b62c5f44451fdcdaeb0afe6c2424e73c\"},\"headline\":\"Rimpasto giunta in Sicilia, Barbagallo &#8220;Si tratta di occupazione delle poltrone&#8221;\",\"datePublished\":\"2026-04-30T10:02:53+00:00\",\"mainEntityOfPage\":{\"@id\":\"https:\\\/\\\/www.livemag.it\\\/index.php\\\/2026\\\/04\\\/30\\\/rimpasto-giunta-in-sicilia-barbagallo-si-tratta-di-occupazione-delle-poltrone\\\/\"},\"wordCount\":270,\"publisher\":{\"@id\":\"https:\\\/\\\/www.livemag.it\\\/#organization\"},\"image\":{\"@id\":\"https:\\\/\\\/www.livemag.it\\\/index.php\\\/2026\\\/04\\\/30\\\/rimpasto-giunta-in-sicilia-barbagallo-si-tratta-di-occupazione-delle-poltrone\\\/#primaryimage\"},\"thumbnailUrl\":\"https:\\\/\\\/www.livemag.it\\\/wp-content\\\/uploads\\\/2026\\\/04\\\/jW0W.jpg\",\"articleSection\":[\"Video\"],\"inLanguage\":\"it-IT\"},{\"@type\":\"WebPage\",\"@id\":\"https:\\\/\\\/www.livemag.it\\\/index.php\\\/2026\\\/04\\\/30\\\/rimpasto-giunta-in-sicilia-barbagallo-si-tratta-di-occupazione-delle-poltrone\\\/\",\"url\":\"https:\\\/\\\/www.livemag.it\\\/index.php\\\/2026\\\/04\\\/30\\\/rimpasto-giunta-in-sicilia-barbagallo-si-tratta-di-occupazione-delle-poltrone\\\/\",\"name\":\"Rimpasto giunta in Sicilia, Barbagallo \\\"Si tratta di occupazione delle poltrone\\\" - Live Magazine\",\"isPartOf\":{\"@id\":\"https:\\\/\\\/www.livemag.it\\\/#website\"},\"primaryImageOfPage\":{\"@id\":\"https:\\\/\\\/www.livemag.it\\\/index.php\\\/2026\\\/04\\\/30\\\/rimpasto-giunta-in-sicilia-barbagallo-si-tratta-di-occupazione-delle-poltrone\\\/#primaryimage\"},\"image\":{\"@id\":\"https:\\\/\\\/www.livemag.it\\\/index.php\\\/2026\\\/04\\\/30\\\/rimpasto-giunta-in-sicilia-barbagallo-si-tratta-di-occupazione-delle-poltrone\\\/#primaryimage\"},\"thumbnailUrl\":\"https:\\\/\\\/www.livemag.it\\\/wp-content\\\/uploads\\\/2026\\\/04\\\/jW0W.jpg\",\"datePublished\":\"2026-04-30T10:02:53+00:00\",\"breadcrumb\":{\"@id\":\"https:\\\/\\\/www.livemag.it\\\/index.php\\\/2026\\\/04\\\/30\\\/rimpasto-giunta-in-sicilia-barbagallo-si-tratta-di-occupazione-delle-poltrone\\\/#breadcrumb\"},\"inLanguage\":\"it-IT\",\"potentialAction\":[{\"@type\":\"ReadAction\",\"target\":[\"https:\\\/\\\/www.livemag.it\\\/index.php\\\/2026\\\/04\\\/30\\\/rimpasto-giunta-in-sicilia-barbagallo-si-tratta-di-occupazione-delle-poltrone\\\/\"]}]},{\"@type\":\"ImageObject\",\"inLanguage\":\"it-IT\",\"@id\":\"https:\\\/\\\/www.livemag.it\\\/index.php\\\/2026\\\/04\\\/30\\\/rimpasto-giunta-in-sicilia-barbagallo-si-tratta-di-occupazione-delle-poltrone\\\/#primaryimage\",\"url\":\"https:\\\/\\\/www.livemag.it\\\/wp-content\\\/uploads\\\/2026\\\/04\\\/jW0W.jpg\",\"contentUrl\":\"https:\\\/\\\/www.livemag.it\\\/wp-content\\\/uploads\\\/2026\\\/04\\\/jW0W.jpg\",\"width\":1920,\"height\":1080},{\"@type\":\"BreadcrumbList\",\"@id\":\"https:\\\/\\\/www.livemag.it\\\/index.php\\\/2026\\\/04\\\/30\\\/rimpasto-giunta-in-sicilia-barbagallo-si-tratta-di-occupazione-delle-poltrone\\\/#breadcrumb\",\"itemListElement\":[{\"@type\":\"ListItem\",\"position\":1,\"name\":\"Home\",\"item\":\"https:\\\/\\\/www.livemag.it\\\/\"},{\"@type\":\"ListItem\",\"position\":2,\"name\":\"Rimpasto giunta in Sicilia, Barbagallo &#8220;Si tratta di occupazione delle poltrone&#8221;\"}]},{\"@type\":\"WebSite\",\"@id\":\"https:\\\/\\\/www.livemag.it\\\/#website\",\"url\":\"https:\\\/\\\/www.livemag.it\\\/\",\"name\":\"Live Magazine\",\"description\":\"Varie ed eventi\",\"publisher\":{\"@id\":\"https:\\\/\\\/www.livemag.it\\\/#organization\"},\"potentialAction\":[{\"@type\":\"SearchAction\",\"target\":{\"@type\":\"EntryPoint\",\"urlTemplate\":\"https:\\\/\\\/www.livemag.it\\\/?s={search_term_string}\"},\"query-input\":{\"@type\":\"PropertyValueSpecification\",\"valueRequired\":true,\"valueName\":\"search_term_string\"}}],\"inLanguage\":\"it-IT\"},{\"@type\":\"Organization\",\"@id\":\"https:\\\/\\\/www.livemag.it\\\/#organization\",\"name\":\"LiveMag\",\"alternateName\":\"LiveMag News ed eventi\",\"url\":\"https:\\\/\\\/www.livemag.it\\\/\",\"logo\":{\"@type\":\"ImageObject\",\"inLanguage\":\"it-IT\",\"@id\":\"https:\\\/\\\/www.livemag.it\\\/#\\\/schema\\\/logo\\\/image\\\/\",\"url\":\"https:\\\/\\\/www.livemag.it\\\/wp-content\\\/uploads\\\/2024\\\/02\\\/immagine-sito.jpg\",\"contentUrl\":\"https:\\\/\\\/www.livemag.it\\\/wp-content\\\/uploads\\\/2024\\\/02\\\/immagine-sito.jpg\",\"width\":696,\"height\":696,\"caption\":\"LiveMag\"},\"image\":{\"@id\":\"https:\\\/\\\/www.livemag.it\\\/#\\\/schema\\\/logo\\\/image\\\/\"},\"sameAs\":[\"https:\\\/\\\/www.facebook.com\\\/LiveMag\\\/\",\"https:\\\/\\\/x.com\\\/LiveNotizie\",\"https:\\\/\\\/www.instagram.com\\\/livemag\\\/\"]},{\"@type\":\"Person\",\"@id\":\"https:\\\/\\\/www.livemag.it\\\/#\\\/schema\\\/person\\\/b62c5f44451fdcdaeb0afe6c2424e73c\",\"name\":\"italpress\",\"image\":{\"@type\":\"ImageObject\",\"inLanguage\":\"it-IT\",\"@id\":\"https:\\\/\\\/secure.gravatar.com\\\/avatar\\\/b6a21695fc713ce7ee312cf57c97e2e641feb365be72d8745574d3c3e2b59066?s=96&r=g\",\"url\":\"https:\\\/\\\/secure.gravatar.com\\\/avatar\\\/b6a21695fc713ce7ee312cf57c97e2e641feb365be72d8745574d3c3e2b59066?s=96&r=g\",\"contentUrl\":\"https:\\\/\\\/secure.gravatar.com\\\/avatar\\\/b6a21695fc713ce7ee312cf57c97e2e641feb365be72d8745574d3c3e2b59066?s=96&r=g\",\"caption\":\"italpress\"},\"description\":\"Italpress \u00e8 un'agenzia di stampa italiana a carattere nazionale.\",\"url\":\"https:\\\/\\\/www.livemag.it\\\/index.php\\\/author\\\/italpress\\\/\"}]}<\/script>\n<!-- \/ Yoast SEO plugin. -->","yoast_head_json":{"title":"Rimpasto giunta in Sicilia, Barbagallo \"Si tratta di occupazione delle poltrone\" - Live Magazine","robots":{"index":"index","follow":"follow","max-snippet":"max-snippet:-1","max-image-preview":"max-image-preview:large","max-video-preview":"max-video-preview:-1"},"canonical":"https:\/\/www.livemag.it\/index.php\/2026\/04\/30\/rimpasto-giunta-in-sicilia-barbagallo-si-tratta-di-occupazione-delle-poltrone\/","og_locale":"it_IT","og_type":"article","og_title":"Rimpasto giunta in Sicilia, Barbagallo \"Si tratta di occupazione delle poltrone\" - Live Magazine","og_description":"PALERMO (ITALPRESS) &#8211; &#8220;Rimpasto giunta? Noi abbiamo parlato da subito di sagra della poltrona, perch\u00e9 non c&#8217;\u00e8 pi\u00f9 una visione, un&#8217;idea di sviluppo della Sicilia, un&#8217;idea vera di governo rispetto alle tante emergenze: dall&#8217;acqua e ai rifiuti al dramma del lavoro proprio alla vigilia del primo maggio. L&#8217;idea \u00e8 quella dell&#8217;occupazione delle poltrone; addirittura la [&hellip;]","og_url":"https:\/\/www.livemag.it\/index.php\/2026\/04\/30\/rimpasto-giunta-in-sicilia-barbagallo-si-tratta-di-occupazione-delle-poltrone\/","og_site_name":"Live Magazine","article_publisher":"https:\/\/www.facebook.com\/LiveMag\/","article_published_time":"2026-04-30T10:02:53+00:00","og_image":[{"width":1200,"height":675,"url":"https:\/\/www.livemag.it\/wp-content\/uploads\/2024\/02\/ograph.jpg","type":"image\/jpeg"}],"author":"italpress","twitter_card":"summary_large_image","twitter_creator":"@LiveNotizie","twitter_site":"@LiveNotizie","twitter_misc":{"Scritto da":"italpress","Tempo di lettura stimato":"1 minuto"},"schema":{"@context":"https:\/\/schema.org","@graph":[{"@type":"Article","@id":"https:\/\/www.livemag.it\/index.php\/2026\/04\/30\/rimpasto-giunta-in-sicilia-barbagallo-si-tratta-di-occupazione-delle-poltrone\/#article","isPartOf":{"@id":"https:\/\/www.livemag.it\/index.php\/2026\/04\/30\/rimpasto-giunta-in-sicilia-barbagallo-si-tratta-di-occupazione-delle-poltrone\/"},"author":{"name":"italpress","@id":"https:\/\/www.livemag.it\/#\/schema\/person\/b62c5f44451fdcdaeb0afe6c2424e73c"},"headline":"Rimpasto giunta in Sicilia, Barbagallo &#8220;Si tratta di occupazione delle poltrone&#8221;","datePublished":"2026-04-30T10:02:53+00:00","mainEntityOfPage":{"@id":"https:\/\/www.livemag.it\/index.php\/2026\/04\/30\/rimpasto-giunta-in-sicilia-barbagallo-si-tratta-di-occupazione-delle-poltrone\/"},"wordCount":270,"publisher":{"@id":"https:\/\/www.livemag.it\/#organization"},"image":{"@id":"https:\/\/www.livemag.it\/index.php\/2026\/04\/30\/rimpasto-giunta-in-sicilia-barbagallo-si-tratta-di-occupazione-delle-poltrone\/#primaryimage"},"thumbnailUrl":"https:\/\/www.livemag.it\/wp-content\/uploads\/2026\/04\/jW0W.jpg","articleSection":["Video"],"inLanguage":"it-IT"},{"@type":"WebPage","@id":"https:\/\/www.livemag.it\/index.php\/2026\/04\/30\/rimpasto-giunta-in-sicilia-barbagallo-si-tratta-di-occupazione-delle-poltrone\/","url":"https:\/\/www.livemag.it\/index.php\/2026\/04\/30\/rimpasto-giunta-in-sicilia-barbagallo-si-tratta-di-occupazione-delle-poltrone\/","name":"Rimpasto giunta in Sicilia, Barbagallo \"Si tratta di occupazione delle poltrone\" - Live Magazine","isPartOf":{"@id":"https:\/\/www.livemag.it\/#website"},"primaryImageOfPage":{"@id":"https:\/\/www.livemag.it\/index.php\/2026\/04\/30\/rimpasto-giunta-in-sicilia-barbagallo-si-tratta-di-occupazione-delle-poltrone\/#primaryimage"},"image":{"@id":"https:\/\/www.livemag.it\/index.php\/2026\/04\/30\/rimpasto-giunta-in-sicilia-barbagallo-si-tratta-di-occupazione-delle-poltrone\/#primaryimage"},"thumbnailUrl":"https:\/\/www.livemag.it\/wp-content\/uploads\/2026\/04\/jW0W.jpg","datePublished":"2026-04-30T10:02:53+00:00","breadcrumb":{"@id":"https:\/\/www.livemag.it\/index.php\/2026\/04\/30\/rimpasto-giunta-in-sicilia-barbagallo-si-tratta-di-occupazione-delle-poltrone\/#breadcrumb"},"inLanguage":"it-IT","potentialAction":[{"@type":"ReadAction","target":["https:\/\/www.livemag.it\/index.php\/2026\/04\/30\/rimpasto-giunta-in-sicilia-barbagallo-si-tratta-di-occupazione-delle-poltrone\/"]}]},{"@type":"ImageObject","inLanguage":"it-IT","@id":"https:\/\/www.livemag.it\/index.php\/2026\/04\/30\/rimpasto-giunta-in-sicilia-barbagallo-si-tratta-di-occupazione-delle-poltrone\/#primaryimage","url":"https:\/\/www.livemag.it\/wp-content\/uploads\/2026\/04\/jW0W.jpg","contentUrl":"https:\/\/www.livemag.it\/wp-content\/uploads\/2026\/04\/jW0W.jpg","width":1920,"height":1080},{"@type":"BreadcrumbList","@id":"https:\/\/www.livemag.it\/index.php\/2026\/04\/30\/rimpasto-giunta-in-sicilia-barbagallo-si-tratta-di-occupazione-delle-poltrone\/#breadcrumb","itemListElement":[{"@type":"ListItem","position":1,"name":"Home","item":"https:\/\/www.livemag.it\/"},{"@type":"ListItem","position":2,"name":"Rimpasto giunta in Sicilia, Barbagallo &#8220;Si tratta di occupazione delle poltrone&#8221;"}]},{"@type":"WebSite","@id":"https:\/\/www.livemag.it\/#website","url":"https:\/\/www.livemag.it\/","name":"Live Magazine","description":"Varie ed eventi","publisher":{"@id":"https:\/\/www.livemag.it\/#organization"},"potentialAction":[{"@type":"SearchAction","target":{"@type":"EntryPoint","urlTemplate":"https:\/\/www.livemag.it\/?s={search_term_string}"},"query-input":{"@type":"PropertyValueSpecification","valueRequired":true,"valueName":"search_term_string"}}],"inLanguage":"it-IT"},{"@type":"Organization","@id":"https:\/\/www.livemag.it\/#organization","name":"LiveMag","alternateName":"LiveMag News ed eventi","url":"https:\/\/www.livemag.it\/","logo":{"@type":"ImageObject","inLanguage":"it-IT","@id":"https:\/\/www.livemag.it\/#\/schema\/logo\/image\/","url":"https:\/\/www.livemag.it\/wp-content\/uploads\/2024\/02\/immagine-sito.jpg","contentUrl":"https:\/\/www.livemag.it\/wp-content\/uploads\/2024\/02\/immagine-sito.jpg","width":696,"height":696,"caption":"LiveMag"},"image":{"@id":"https:\/\/www.livemag.it\/#\/schema\/logo\/image\/"},"sameAs":["https:\/\/www.facebook.com\/LiveMag\/","https:\/\/x.com\/LiveNotizie","https:\/\/www.instagram.com\/livemag\/"]},{"@type":"Person","@id":"https:\/\/www.livemag.it\/#\/schema\/person\/b62c5f44451fdcdaeb0afe6c2424e73c","name":"italpress","image":{"@type":"ImageObject","inLanguage":"it-IT","@id":"https:\/\/secure.gravatar.com\/avatar\/b6a21695fc713ce7ee312cf57c97e2e641feb365be72d8745574d3c3e2b59066?s=96&r=g","url":"https:\/\/secure.gravatar.com\/avatar\/b6a21695fc713ce7ee312cf57c97e2e641feb365be72d8745574d3c3e2b59066?s=96&r=g","contentUrl":"https:\/\/secure.gravatar.com\/avatar\/b6a21695fc713ce7ee312cf57c97e2e641feb365be72d8745574d3c3e2b59066?s=96&r=g","caption":"italpress"},"description":"Italpress \u00e8 un'agenzia di stampa italiana a carattere nazionale.","url":"https:\/\/www.livemag.it\/index.php\/author\/italpress\/"}]}},"jetpack_featured_media_url":"https:\/\/www.livemag.it\/wp-content\/uploads\/2026\/04\/jW0W.jpg","_links":{"self":[{"href":"https:\/\/www.livemag.it\/index.php\/wp-json\/wp\/v2\/posts\/75231","targetHints":{"allow":["GET"]}}],"collection":[{"href":"https:\/\/www.livemag.it\/index.php\/wp-json\/wp\/v2\/posts"}],"about":[{"href":"https:\/\/www.livemag.it\/index.php\/wp-json\/wp\/v2\/types\/post"}],"author":[{"embeddable":true,"href":"https:\/\/www.livemag.it\/index.php\/wp-json\/wp\/v2\/users\/16"}],"replies":[{"embeddable":true,"href":"https:\/\/www.livemag.it\/index.php\/wp-json\/wp\/v2\/comments?post=75231"}],"version-history":[{"count":0,"href":"https:\/\/www.livemag.it\/index.php\/wp-json\/wp\/v2\/posts\/75231\/revisions"}],"wp:featuredmedia":[{"embeddable":true,"href":"https:\/\/www.livemag.it\/index.php\/wp-json\/wp\/v2\/media\/75232"}],"wp:attachment":[{"href":"https:\/\/www.livemag.it\/index.php\/wp-json\/wp\/v2\/media?parent=75231"}],"wp:term":[{"taxonomy":"category","embeddable":true,"href":"https:\/\/www.livemag.it\/index.php\/wp-json\/wp\/v2\/categories?post=75231"},{"taxonomy":"post_tag","embeddable":true,"href":"https:\/\/www.livemag.it\/index.php\/wp-json\/wp\/v2\/tags?post=75231"}],"curies":[{"name":"wp","href":"https:\/\/api.w.org\/{rel}","templated":true}]}}