{"id":75214,"date":"2026-04-29T21:03:03","date_gmt":"2026-04-29T19:03:03","guid":{"rendered":"https:\/\/www.livemag.it\/index.php\/2026\/04\/29\/avio-lassemblea-approva-il-bilancio-2025-e-nomina-il-nuovo-cda-ranzo-ad-e-dg\/"},"modified":"2026-04-29T21:03:03","modified_gmt":"2026-04-29T19:03:03","slug":"avio-lassemblea-approva-il-bilancio-2025-e-nomina-il-nuovo-cda-ranzo-ad-e-dg","status":"publish","type":"post","link":"https:\/\/www.livemag.it\/index.php\/2026\/04\/29\/avio-lassemblea-approva-il-bilancio-2025-e-nomina-il-nuovo-cda-ranzo-ad-e-dg\/","title":{"rendered":"Avio, l\u2019Assemblea approva il Bilancio 2025 e nomina il nuovo Cda. Ranzo Ad e Dg"},"content":{"rendered":"<div>\n<p>ROMA (ITALPRESS) \u2013 L\u2019Assemblea ordinaria degli azionisti di Avio, azienda aerospaziale italiana, ha approvato, sotto la presidenza di Roberto Italia, con il voto favorevole di pi\u00f9 del 99% del capitale, il Bilancio di esercizio al 31 dicembre 2025, chiuso con un utile netto di 10.040.914 euro. L\u2019Assemblea ha inoltre approvato, con il voto favorevole di pi\u00f9 del 99% del capitale intervenuto in Assemblea, la proposta del Consiglio di Amministrazione di destinare l\u2019utile netto come segue: 6.800.000 euro a dividendo; 502.046 euro a riserva legale; 2.738.868 euro a utili portati a nuovo. Il dividendo unitario \u00e8 pari a 0,14846 euro (al lordo delle ritenute di legge) per ciascuna azione ordinaria in circolazione, al netto delle azioni proprie. Il dividendo sar\u00e0 messo in pagamento a partire dal 20 maggio 2026.<br \/>\nL\u2019Assemblea, inoltre, ha preso atto del bilancio consolidato di Avio al 31 dicembre 2025, comprensivo della Rendicontazione consolidata di Sostenibilit\u00e0 relativa all\u2019esercizio 2025.<br \/>\nCon riferimento alla Relazione sulla politica in materia di remunerazione e sui compensi corrisposti, l\u2019Assemblea, con il voto favorevole di circa il 97% del capitale intervenuto in Assemblea, ha approvato \u2013 con deliberazione vincolante \u2013 la Prima Sezione della Relazione contenente le politiche in materia di remunerazione della societ\u00e0; con il voto favorevole di circa il 98% del capitale intervenuto in Assemblea, ha deliberato in senso favorevole \u2013 con deliberazione non vincolante \u2013 in merito alla Seconda Sezione della Relazione avente ad oggetto i compensi corrisposti nell\u2019esercizio 2025 o ad essi relativi.<br \/>\nInoltre, l\u2019Assemblea ha approvato, con il voto favorevole di pi\u00f9 del 99% del capitale intervenuto, la proposta di determinare in 3 esercizi la durata dell\u2019incarico del Consiglio di Amministrazione e, pertanto, sino alla data dell\u2019Assemblea che sar\u00e0 convocata per l\u2019approvazione del bilancio al 31 dicembre 2028.<br \/>\nL\u2019Assemblea ha nominato quali componenti del Consiglio di Amministrazione: Roberto Italia, quale Presidente; consiglieri Giulio Ranzo, Stefano Ratti, Stefania Tomassi, Laura Pierallini, Heidi Shyu, Maria Elena Pisonero Ruiz, Raffaele Cappiello e Steven Duncan Wood.<br \/>\nL\u2019Assemblea ha nominato quali componenti del Collegio Sindacale \u2013 che rimarr\u00e0 in carica per il triennio 2026 \u2013 2028 e, pertanto, sino alla data di approvazione del bilancio al 31 dicembre 2028: Vito Di Battista, quale Presidente del Collegio Sindacale; Silvia Muzi, Sindaco Effettivo; Filippo Maria Invitti, Sindaco Effettivo; Marianna Tognoni, Sindaco Supplente; Roberto Cassader, Sindaco Supplente.<br \/>\nNella prima riunione che si \u00e8 svolta oggi, il Consiglio di Amministrazione ha nominato Amministratore Delegato Giulio Ranzo (nella foto), al quale ha attribuito i poteri di amministrazione della Societ\u00e0, fermo restando l\u2019incarico di Direttore Generale gi\u00e0 precedentemente conferito.<br \/>\nIl CdA ha, inoltre, fra l\u2019altro deliberato di confermare la nomina di Ranzo quale amministratore incaricato del sistema di controllo interno e di gestione dei rischi della Societ\u00e0; di confermare, con il parere favorevole del Collegio Sindacale, la nomina di Roberto Carassai quale Dirigente Preposto alla redazione dei documenti contabili societari ex art. 154-bis del TUF; di confermare la nomina di Nevio Quattrin quale Responsabile delle relazioni con gli investitori; di confermare la nomina di Giorgio Martellino quale Referente Informativo e quale Segretario del Consiglio di Amministrazione; di confermare la nomina di Letizia Macr\u00ec quale dirigente preposto alla gestione delle attivit\u00e0 strategiche della Societ\u00e0 ai sensi della normativa Golden Power. Il Consiglio ha, infine, previo parere favorevole del Collegio Sindacale, nominato quale Dirigente Preposto alla rendicontazione di sostenibilit\u00e0 Letizia Macr\u00ec, alla quale ha attribuito i pertinenti poteri e le responsabilit\u00e0 in materia di rendicontazione di sostenibilit\u00e0.<\/p>\n<p>\u2013 foto ufficio stampa Avio \u2013<br \/>\n(ITALPRESS).<\/p>\n<\/div>\n","protected":false},"excerpt":{"rendered":"<p>ROMA (ITALPRESS) \u2013 L\u2019Assemblea ordinaria degli azionisti di Avio, azienda aerospaziale italiana, ha approvato, sotto la presidenza di Roberto Italia, con il voto favorevole di pi\u00f9 del 99% del capitale, il Bilancio di esercizio al 31 dicembre 2025, chiuso con un utile netto di 10.040.914 euro. L\u2019Assemblea ha inoltre approvato, con il voto favorevole di [&hellip;]<\/p>\n","protected":false},"author":16,"featured_media":75215,"comment_status":"closed","ping_status":"closed","sticky":false,"template":"","format":"standard","meta":{"jnews-multi-image_gallery":[],"jnews_single_post":[],"jnews_primary_category":[],"jnews_social_meta":[],"jnews_override_counter":[],"jnews_post_split":[],"footnotes":""},"categories":[1129],"tags":[],"class_list":["post-75214","post","type-post","status-publish","format-standard","has-post-thumbnail","hentry","category-mondo"],"yoast_head":"<!-- This site is optimized with the Yoast SEO plugin v27.5 - https:\/\/yoast.com\/product\/yoast-seo-wordpress\/ -->\n<title>Avio, l\u2019Assemblea approva il Bilancio 2025 e nomina il nuovo Cda. Ranzo Ad e Dg - Live Magazine<\/title>\n<meta name=\"robots\" content=\"index, follow, max-snippet:-1, max-image-preview:large, max-video-preview:-1\" \/>\n<link rel=\"canonical\" href=\"https:\/\/www.livemag.it\/index.php\/2026\/04\/29\/avio-lassemblea-approva-il-bilancio-2025-e-nomina-il-nuovo-cda-ranzo-ad-e-dg\/\" \/>\n<meta property=\"og:locale\" content=\"it_IT\" \/>\n<meta property=\"og:type\" content=\"article\" \/>\n<meta property=\"og:title\" content=\"Avio, l\u2019Assemblea approva il Bilancio 2025 e nomina il nuovo Cda. Ranzo Ad e Dg - Live Magazine\" \/>\n<meta property=\"og:description\" content=\"ROMA (ITALPRESS) \u2013 L\u2019Assemblea ordinaria degli azionisti di Avio, azienda aerospaziale italiana, ha approvato, sotto la presidenza di Roberto Italia, con il voto favorevole di pi\u00f9 del 99% del capitale, il Bilancio di esercizio al 31 dicembre 2025, chiuso con un utile netto di 10.040.914 euro. L\u2019Assemblea ha inoltre approvato, con il voto favorevole di [&hellip;]\" \/>\n<meta property=\"og:url\" content=\"https:\/\/www.livemag.it\/index.php\/2026\/04\/29\/avio-lassemblea-approva-il-bilancio-2025-e-nomina-il-nuovo-cda-ranzo-ad-e-dg\/\" \/>\n<meta property=\"og:site_name\" content=\"Live Magazine\" \/>\n<meta property=\"article:publisher\" content=\"https:\/\/www.facebook.com\/LiveMag\/\" \/>\n<meta property=\"article:published_time\" content=\"2026-04-29T19:03:03+00:00\" \/>\n<meta property=\"og:image\" content=\"https:\/\/www.livemag.it\/wp-content\/uploads\/2024\/02\/ograph.jpg\" \/>\n\t<meta property=\"og:image:width\" content=\"1200\" \/>\n\t<meta property=\"og:image:height\" content=\"675\" \/>\n\t<meta property=\"og:image:type\" content=\"image\/jpeg\" \/>\n<meta name=\"author\" content=\"italpress\" \/>\n<meta name=\"twitter:card\" content=\"summary_large_image\" \/>\n<meta name=\"twitter:creator\" content=\"@LiveNotizie\" \/>\n<meta name=\"twitter:site\" content=\"@LiveNotizie\" \/>\n<meta name=\"twitter:label1\" content=\"Scritto da\" \/>\n\t<meta name=\"twitter:data1\" content=\"italpress\" \/>\n\t<meta name=\"twitter:label2\" content=\"Tempo di lettura stimato\" \/>\n\t<meta name=\"twitter:data2\" content=\"3 minuti\" \/>\n<script type=\"application\/ld+json\" class=\"yoast-schema-graph\">{\"@context\":\"https:\\\/\\\/schema.org\",\"@graph\":[{\"@type\":\"Article\",\"@id\":\"https:\\\/\\\/www.livemag.it\\\/index.php\\\/2026\\\/04\\\/29\\\/avio-lassemblea-approva-il-bilancio-2025-e-nomina-il-nuovo-cda-ranzo-ad-e-dg\\\/#article\",\"isPartOf\":{\"@id\":\"https:\\\/\\\/www.livemag.it\\\/index.php\\\/2026\\\/04\\\/29\\\/avio-lassemblea-approva-il-bilancio-2025-e-nomina-il-nuovo-cda-ranzo-ad-e-dg\\\/\"},\"author\":{\"name\":\"italpress\",\"@id\":\"https:\\\/\\\/www.livemag.it\\\/#\\\/schema\\\/person\\\/b62c5f44451fdcdaeb0afe6c2424e73c\"},\"headline\":\"Avio, l\u2019Assemblea approva il Bilancio 2025 e nomina il nuovo Cda. Ranzo Ad e Dg\",\"datePublished\":\"2026-04-29T19:03:03+00:00\",\"mainEntityOfPage\":{\"@id\":\"https:\\\/\\\/www.livemag.it\\\/index.php\\\/2026\\\/04\\\/29\\\/avio-lassemblea-approva-il-bilancio-2025-e-nomina-il-nuovo-cda-ranzo-ad-e-dg\\\/\"},\"wordCount\":566,\"publisher\":{\"@id\":\"https:\\\/\\\/www.livemag.it\\\/#organization\"},\"image\":{\"@id\":\"https:\\\/\\\/www.livemag.it\\\/index.php\\\/2026\\\/04\\\/29\\\/avio-lassemblea-approva-il-bilancio-2025-e-nomina-il-nuovo-cda-ranzo-ad-e-dg\\\/#primaryimage\"},\"thumbnailUrl\":\"https:\\\/\\\/www.livemag.it\\\/wp-content\\\/uploads\\\/2026\\\/04\\\/20260429_2188.jpg\",\"articleSection\":[\"Mondo\"],\"inLanguage\":\"it-IT\"},{\"@type\":\"WebPage\",\"@id\":\"https:\\\/\\\/www.livemag.it\\\/index.php\\\/2026\\\/04\\\/29\\\/avio-lassemblea-approva-il-bilancio-2025-e-nomina-il-nuovo-cda-ranzo-ad-e-dg\\\/\",\"url\":\"https:\\\/\\\/www.livemag.it\\\/index.php\\\/2026\\\/04\\\/29\\\/avio-lassemblea-approva-il-bilancio-2025-e-nomina-il-nuovo-cda-ranzo-ad-e-dg\\\/\",\"name\":\"Avio, l\u2019Assemblea approva il Bilancio 2025 e nomina il nuovo Cda. Ranzo Ad e Dg - Live Magazine\",\"isPartOf\":{\"@id\":\"https:\\\/\\\/www.livemag.it\\\/#website\"},\"primaryImageOfPage\":{\"@id\":\"https:\\\/\\\/www.livemag.it\\\/index.php\\\/2026\\\/04\\\/29\\\/avio-lassemblea-approva-il-bilancio-2025-e-nomina-il-nuovo-cda-ranzo-ad-e-dg\\\/#primaryimage\"},\"image\":{\"@id\":\"https:\\\/\\\/www.livemag.it\\\/index.php\\\/2026\\\/04\\\/29\\\/avio-lassemblea-approva-il-bilancio-2025-e-nomina-il-nuovo-cda-ranzo-ad-e-dg\\\/#primaryimage\"},\"thumbnailUrl\":\"https:\\\/\\\/www.livemag.it\\\/wp-content\\\/uploads\\\/2026\\\/04\\\/20260429_2188.jpg\",\"datePublished\":\"2026-04-29T19:03:03+00:00\",\"breadcrumb\":{\"@id\":\"https:\\\/\\\/www.livemag.it\\\/index.php\\\/2026\\\/04\\\/29\\\/avio-lassemblea-approva-il-bilancio-2025-e-nomina-il-nuovo-cda-ranzo-ad-e-dg\\\/#breadcrumb\"},\"inLanguage\":\"it-IT\",\"potentialAction\":[{\"@type\":\"ReadAction\",\"target\":[\"https:\\\/\\\/www.livemag.it\\\/index.php\\\/2026\\\/04\\\/29\\\/avio-lassemblea-approva-il-bilancio-2025-e-nomina-il-nuovo-cda-ranzo-ad-e-dg\\\/\"]}]},{\"@type\":\"ImageObject\",\"inLanguage\":\"it-IT\",\"@id\":\"https:\\\/\\\/www.livemag.it\\\/index.php\\\/2026\\\/04\\\/29\\\/avio-lassemblea-approva-il-bilancio-2025-e-nomina-il-nuovo-cda-ranzo-ad-e-dg\\\/#primaryimage\",\"url\":\"https:\\\/\\\/www.livemag.it\\\/wp-content\\\/uploads\\\/2026\\\/04\\\/20260429_2188.jpg\",\"contentUrl\":\"https:\\\/\\\/www.livemag.it\\\/wp-content\\\/uploads\\\/2026\\\/04\\\/20260429_2188.jpg\",\"width\":1024,\"height\":687},{\"@type\":\"BreadcrumbList\",\"@id\":\"https:\\\/\\\/www.livemag.it\\\/index.php\\\/2026\\\/04\\\/29\\\/avio-lassemblea-approva-il-bilancio-2025-e-nomina-il-nuovo-cda-ranzo-ad-e-dg\\\/#breadcrumb\",\"itemListElement\":[{\"@type\":\"ListItem\",\"position\":1,\"name\":\"Home\",\"item\":\"https:\\\/\\\/www.livemag.it\\\/\"},{\"@type\":\"ListItem\",\"position\":2,\"name\":\"Avio, l\u2019Assemblea approva il Bilancio 2025 e nomina il nuovo Cda. Ranzo Ad e Dg\"}]},{\"@type\":\"WebSite\",\"@id\":\"https:\\\/\\\/www.livemag.it\\\/#website\",\"url\":\"https:\\\/\\\/www.livemag.it\\\/\",\"name\":\"Live Magazine\",\"description\":\"Varie ed eventi\",\"publisher\":{\"@id\":\"https:\\\/\\\/www.livemag.it\\\/#organization\"},\"potentialAction\":[{\"@type\":\"SearchAction\",\"target\":{\"@type\":\"EntryPoint\",\"urlTemplate\":\"https:\\\/\\\/www.livemag.it\\\/?s={search_term_string}\"},\"query-input\":{\"@type\":\"PropertyValueSpecification\",\"valueRequired\":true,\"valueName\":\"search_term_string\"}}],\"inLanguage\":\"it-IT\"},{\"@type\":\"Organization\",\"@id\":\"https:\\\/\\\/www.livemag.it\\\/#organization\",\"name\":\"LiveMag\",\"alternateName\":\"LiveMag News ed eventi\",\"url\":\"https:\\\/\\\/www.livemag.it\\\/\",\"logo\":{\"@type\":\"ImageObject\",\"inLanguage\":\"it-IT\",\"@id\":\"https:\\\/\\\/www.livemag.it\\\/#\\\/schema\\\/logo\\\/image\\\/\",\"url\":\"https:\\\/\\\/www.livemag.it\\\/wp-content\\\/uploads\\\/2024\\\/02\\\/immagine-sito.jpg\",\"contentUrl\":\"https:\\\/\\\/www.livemag.it\\\/wp-content\\\/uploads\\\/2024\\\/02\\\/immagine-sito.jpg\",\"width\":696,\"height\":696,\"caption\":\"LiveMag\"},\"image\":{\"@id\":\"https:\\\/\\\/www.livemag.it\\\/#\\\/schema\\\/logo\\\/image\\\/\"},\"sameAs\":[\"https:\\\/\\\/www.facebook.com\\\/LiveMag\\\/\",\"https:\\\/\\\/x.com\\\/LiveNotizie\",\"https:\\\/\\\/www.instagram.com\\\/livemag\\\/\"]},{\"@type\":\"Person\",\"@id\":\"https:\\\/\\\/www.livemag.it\\\/#\\\/schema\\\/person\\\/b62c5f44451fdcdaeb0afe6c2424e73c\",\"name\":\"italpress\",\"image\":{\"@type\":\"ImageObject\",\"inLanguage\":\"it-IT\",\"@id\":\"https:\\\/\\\/secure.gravatar.com\\\/avatar\\\/b6a21695fc713ce7ee312cf57c97e2e641feb365be72d8745574d3c3e2b59066?s=96&r=g\",\"url\":\"https:\\\/\\\/secure.gravatar.com\\\/avatar\\\/b6a21695fc713ce7ee312cf57c97e2e641feb365be72d8745574d3c3e2b59066?s=96&r=g\",\"contentUrl\":\"https:\\\/\\\/secure.gravatar.com\\\/avatar\\\/b6a21695fc713ce7ee312cf57c97e2e641feb365be72d8745574d3c3e2b59066?s=96&r=g\",\"caption\":\"italpress\"},\"description\":\"Italpress \u00e8 un'agenzia di stampa italiana a carattere nazionale.\",\"url\":\"https:\\\/\\\/www.livemag.it\\\/index.php\\\/author\\\/italpress\\\/\"}]}<\/script>\n<!-- \/ Yoast SEO plugin. -->","yoast_head_json":{"title":"Avio, l\u2019Assemblea approva il Bilancio 2025 e nomina il nuovo Cda. Ranzo Ad e Dg - Live Magazine","robots":{"index":"index","follow":"follow","max-snippet":"max-snippet:-1","max-image-preview":"max-image-preview:large","max-video-preview":"max-video-preview:-1"},"canonical":"https:\/\/www.livemag.it\/index.php\/2026\/04\/29\/avio-lassemblea-approva-il-bilancio-2025-e-nomina-il-nuovo-cda-ranzo-ad-e-dg\/","og_locale":"it_IT","og_type":"article","og_title":"Avio, l\u2019Assemblea approva il Bilancio 2025 e nomina il nuovo Cda. Ranzo Ad e Dg - Live Magazine","og_description":"ROMA (ITALPRESS) \u2013 L\u2019Assemblea ordinaria degli azionisti di Avio, azienda aerospaziale italiana, ha approvato, sotto la presidenza di Roberto Italia, con il voto favorevole di pi\u00f9 del 99% del capitale, il Bilancio di esercizio al 31 dicembre 2025, chiuso con un utile netto di 10.040.914 euro. L\u2019Assemblea ha inoltre approvato, con il voto favorevole di [&hellip;]","og_url":"https:\/\/www.livemag.it\/index.php\/2026\/04\/29\/avio-lassemblea-approva-il-bilancio-2025-e-nomina-il-nuovo-cda-ranzo-ad-e-dg\/","og_site_name":"Live Magazine","article_publisher":"https:\/\/www.facebook.com\/LiveMag\/","article_published_time":"2026-04-29T19:03:03+00:00","og_image":[{"width":1200,"height":675,"url":"https:\/\/www.livemag.it\/wp-content\/uploads\/2024\/02\/ograph.jpg","type":"image\/jpeg"}],"author":"italpress","twitter_card":"summary_large_image","twitter_creator":"@LiveNotizie","twitter_site":"@LiveNotizie","twitter_misc":{"Scritto da":"italpress","Tempo di lettura stimato":"3 minuti"},"schema":{"@context":"https:\/\/schema.org","@graph":[{"@type":"Article","@id":"https:\/\/www.livemag.it\/index.php\/2026\/04\/29\/avio-lassemblea-approva-il-bilancio-2025-e-nomina-il-nuovo-cda-ranzo-ad-e-dg\/#article","isPartOf":{"@id":"https:\/\/www.livemag.it\/index.php\/2026\/04\/29\/avio-lassemblea-approva-il-bilancio-2025-e-nomina-il-nuovo-cda-ranzo-ad-e-dg\/"},"author":{"name":"italpress","@id":"https:\/\/www.livemag.it\/#\/schema\/person\/b62c5f44451fdcdaeb0afe6c2424e73c"},"headline":"Avio, l\u2019Assemblea approva il Bilancio 2025 e nomina il nuovo Cda. Ranzo Ad e Dg","datePublished":"2026-04-29T19:03:03+00:00","mainEntityOfPage":{"@id":"https:\/\/www.livemag.it\/index.php\/2026\/04\/29\/avio-lassemblea-approva-il-bilancio-2025-e-nomina-il-nuovo-cda-ranzo-ad-e-dg\/"},"wordCount":566,"publisher":{"@id":"https:\/\/www.livemag.it\/#organization"},"image":{"@id":"https:\/\/www.livemag.it\/index.php\/2026\/04\/29\/avio-lassemblea-approva-il-bilancio-2025-e-nomina-il-nuovo-cda-ranzo-ad-e-dg\/#primaryimage"},"thumbnailUrl":"https:\/\/www.livemag.it\/wp-content\/uploads\/2026\/04\/20260429_2188.jpg","articleSection":["Mondo"],"inLanguage":"it-IT"},{"@type":"WebPage","@id":"https:\/\/www.livemag.it\/index.php\/2026\/04\/29\/avio-lassemblea-approva-il-bilancio-2025-e-nomina-il-nuovo-cda-ranzo-ad-e-dg\/","url":"https:\/\/www.livemag.it\/index.php\/2026\/04\/29\/avio-lassemblea-approva-il-bilancio-2025-e-nomina-il-nuovo-cda-ranzo-ad-e-dg\/","name":"Avio, l\u2019Assemblea approva il Bilancio 2025 e nomina il nuovo Cda. Ranzo Ad e Dg - Live Magazine","isPartOf":{"@id":"https:\/\/www.livemag.it\/#website"},"primaryImageOfPage":{"@id":"https:\/\/www.livemag.it\/index.php\/2026\/04\/29\/avio-lassemblea-approva-il-bilancio-2025-e-nomina-il-nuovo-cda-ranzo-ad-e-dg\/#primaryimage"},"image":{"@id":"https:\/\/www.livemag.it\/index.php\/2026\/04\/29\/avio-lassemblea-approva-il-bilancio-2025-e-nomina-il-nuovo-cda-ranzo-ad-e-dg\/#primaryimage"},"thumbnailUrl":"https:\/\/www.livemag.it\/wp-content\/uploads\/2026\/04\/20260429_2188.jpg","datePublished":"2026-04-29T19:03:03+00:00","breadcrumb":{"@id":"https:\/\/www.livemag.it\/index.php\/2026\/04\/29\/avio-lassemblea-approva-il-bilancio-2025-e-nomina-il-nuovo-cda-ranzo-ad-e-dg\/#breadcrumb"},"inLanguage":"it-IT","potentialAction":[{"@type":"ReadAction","target":["https:\/\/www.livemag.it\/index.php\/2026\/04\/29\/avio-lassemblea-approva-il-bilancio-2025-e-nomina-il-nuovo-cda-ranzo-ad-e-dg\/"]}]},{"@type":"ImageObject","inLanguage":"it-IT","@id":"https:\/\/www.livemag.it\/index.php\/2026\/04\/29\/avio-lassemblea-approva-il-bilancio-2025-e-nomina-il-nuovo-cda-ranzo-ad-e-dg\/#primaryimage","url":"https:\/\/www.livemag.it\/wp-content\/uploads\/2026\/04\/20260429_2188.jpg","contentUrl":"https:\/\/www.livemag.it\/wp-content\/uploads\/2026\/04\/20260429_2188.jpg","width":1024,"height":687},{"@type":"BreadcrumbList","@id":"https:\/\/www.livemag.it\/index.php\/2026\/04\/29\/avio-lassemblea-approva-il-bilancio-2025-e-nomina-il-nuovo-cda-ranzo-ad-e-dg\/#breadcrumb","itemListElement":[{"@type":"ListItem","position":1,"name":"Home","item":"https:\/\/www.livemag.it\/"},{"@type":"ListItem","position":2,"name":"Avio, l\u2019Assemblea approva il Bilancio 2025 e nomina il nuovo Cda. Ranzo Ad e Dg"}]},{"@type":"WebSite","@id":"https:\/\/www.livemag.it\/#website","url":"https:\/\/www.livemag.it\/","name":"Live Magazine","description":"Varie ed eventi","publisher":{"@id":"https:\/\/www.livemag.it\/#organization"},"potentialAction":[{"@type":"SearchAction","target":{"@type":"EntryPoint","urlTemplate":"https:\/\/www.livemag.it\/?s={search_term_string}"},"query-input":{"@type":"PropertyValueSpecification","valueRequired":true,"valueName":"search_term_string"}}],"inLanguage":"it-IT"},{"@type":"Organization","@id":"https:\/\/www.livemag.it\/#organization","name":"LiveMag","alternateName":"LiveMag News ed eventi","url":"https:\/\/www.livemag.it\/","logo":{"@type":"ImageObject","inLanguage":"it-IT","@id":"https:\/\/www.livemag.it\/#\/schema\/logo\/image\/","url":"https:\/\/www.livemag.it\/wp-content\/uploads\/2024\/02\/immagine-sito.jpg","contentUrl":"https:\/\/www.livemag.it\/wp-content\/uploads\/2024\/02\/immagine-sito.jpg","width":696,"height":696,"caption":"LiveMag"},"image":{"@id":"https:\/\/www.livemag.it\/#\/schema\/logo\/image\/"},"sameAs":["https:\/\/www.facebook.com\/LiveMag\/","https:\/\/x.com\/LiveNotizie","https:\/\/www.instagram.com\/livemag\/"]},{"@type":"Person","@id":"https:\/\/www.livemag.it\/#\/schema\/person\/b62c5f44451fdcdaeb0afe6c2424e73c","name":"italpress","image":{"@type":"ImageObject","inLanguage":"it-IT","@id":"https:\/\/secure.gravatar.com\/avatar\/b6a21695fc713ce7ee312cf57c97e2e641feb365be72d8745574d3c3e2b59066?s=96&r=g","url":"https:\/\/secure.gravatar.com\/avatar\/b6a21695fc713ce7ee312cf57c97e2e641feb365be72d8745574d3c3e2b59066?s=96&r=g","contentUrl":"https:\/\/secure.gravatar.com\/avatar\/b6a21695fc713ce7ee312cf57c97e2e641feb365be72d8745574d3c3e2b59066?s=96&r=g","caption":"italpress"},"description":"Italpress \u00e8 un'agenzia di stampa italiana a carattere nazionale.","url":"https:\/\/www.livemag.it\/index.php\/author\/italpress\/"}]}},"jetpack_featured_media_url":"https:\/\/www.livemag.it\/wp-content\/uploads\/2026\/04\/20260429_2188.jpg","_links":{"self":[{"href":"https:\/\/www.livemag.it\/index.php\/wp-json\/wp\/v2\/posts\/75214","targetHints":{"allow":["GET"]}}],"collection":[{"href":"https:\/\/www.livemag.it\/index.php\/wp-json\/wp\/v2\/posts"}],"about":[{"href":"https:\/\/www.livemag.it\/index.php\/wp-json\/wp\/v2\/types\/post"}],"author":[{"embeddable":true,"href":"https:\/\/www.livemag.it\/index.php\/wp-json\/wp\/v2\/users\/16"}],"replies":[{"embeddable":true,"href":"https:\/\/www.livemag.it\/index.php\/wp-json\/wp\/v2\/comments?post=75214"}],"version-history":[{"count":0,"href":"https:\/\/www.livemag.it\/index.php\/wp-json\/wp\/v2\/posts\/75214\/revisions"}],"wp:featuredmedia":[{"embeddable":true,"href":"https:\/\/www.livemag.it\/index.php\/wp-json\/wp\/v2\/media\/75215"}],"wp:attachment":[{"href":"https:\/\/www.livemag.it\/index.php\/wp-json\/wp\/v2\/media?parent=75214"}],"wp:term":[{"taxonomy":"category","embeddable":true,"href":"https:\/\/www.livemag.it\/index.php\/wp-json\/wp\/v2\/categories?post=75214"},{"taxonomy":"post_tag","embeddable":true,"href":"https:\/\/www.livemag.it\/index.php\/wp-json\/wp\/v2\/tags?post=75214"}],"curies":[{"name":"wp","href":"https:\/\/api.w.org\/{rel}","templated":true}]}}