{"id":75208,"date":"2026-04-29T21:03:00","date_gmt":"2026-04-29T19:03:00","guid":{"rendered":"https:\/\/www.livemag.it\/index.php\/2026\/04\/29\/anas-gemme-dalle-sinergie-con-luniversita-piu-idee-e-competenze-innovative\/"},"modified":"2026-04-29T21:03:00","modified_gmt":"2026-04-29T19:03:00","slug":"anas-gemme-dalle-sinergie-con-luniversita-piu-idee-e-competenze-innovative","status":"publish","type":"post","link":"https:\/\/www.livemag.it\/index.php\/2026\/04\/29\/anas-gemme-dalle-sinergie-con-luniversita-piu-idee-e-competenze-innovative\/","title":{"rendered":"Anas, Gemme \u201cDalle sinergie con l\u2019Universit\u00e0 pi\u00f9 idee e competenze innovative\u201d"},"content":{"rendered":"<div>\n<p>BARI (ITALPRESS) \u2013 \u201cOggi comunicare non significa soltanto trasferire informazioni ma, innanzitutto, assumersi una responsabilit\u00e0 verso la societ\u00e0. Aziende come Anas e le universit\u00e0 hanno bisogno di un dialogo continuo e costruttivo. Gli anni universitari mi hanno formato prima come persona e poi come professionista. Le imprese portano esperienza concreta e capacit\u00e0 decisionale. Le universit\u00e0 portano metodo, analisi critica e innovazione. Quando questi mondi si incontrano nascono competenze solide e consapevoli\u201d. Lo ha detto l\u2019Amministratore delegato di Anas, Claudio Andrea Gemme, nel corso di una lectio magistralis dal titolo \u201cIl ruolo di Anas nel panorama economico nazionale. La comunicazione come strumento strategico per la mobilit\u00e0 del Paese\u201d che si \u00e8 svolta al Dipartimento di Economia, Management e Diritto dell\u2019Impresa (DEMDI) dell\u2019Universit\u00e0 degli Studi di Bari \u201cAldo Moro\u201d.<br \/>La lezione \u00e8 stata introdotta dal professor Corrado Crocetta, ordinario di Metodi Statistici per le decisioni aziendali, e aperta dai saluti della professoressa Paola Perchinunno, Coordinatrice del Corso di Laurea in Marketing e Comunicazione d\u2019Azienda.<br \/>Nel suo intervento l\u2019Ad Gemme ha illustrato il ruolo strategico dell\u2019azienda: \u201cNon parliamo di numeri ma di vite e in particolare di vite giovani\u201d nel mettere in evidenza come il 93% degli incidenti stradali dipenda dal fattore umano e la comunicazione sia oggi \u201cuno strumento di prevenzione e cambiamento culturale\u201d.<br \/>Tra le iniziative illustrate la campagna \u201cGuida e basta\u201d rivolta in particolare ai giovani e realizzata con linguaggi digitali e influencer. Ma il numero 1 dell\u2019Anas ha parlato anche dei progetti di manutenzione predittiva e monitoraggio intelligente delle infrastrutture (SHM) che entro il 2026 coinvolgeranno 850 ponti.<br \/>Massima attenzione all\u2019impegno sul territorio. \u201cQuello per la Puglia \u2013 ha detto Gemme \u2013 si traduce in un piano investimenti complessivo da 3,94 miliardi di euro destinati a nuove opere e alla manutenzione programmata. Di questa cifra 1,54 miliardi di euro riguardano interventi gi\u00e0 in corso o di prossimo avvio a testimonianza di una regione centrale nella nostra strategia di rinnovamento della rete. In Puglia \u2013 prosegue l\u2019Ad \u2013 gestiamo una rete complessa di 1.493 chilometri composta in gran parte da strade extraurbane principali. Per il 2026 prevediamo di confermare un budget di circa 44 milioni di euro per la manutenzione programmata. Si aggiungeranno 75,3 milioni per le nuove opere. Tra i 23 interventi strategici previsti, particolare rilevanza assumono le nove opere commissariate che interessano arterie vitali come la SS 275 \u201cdi Santa Maria di Leuca\u201d, la SS 16 \u201cAdriatica\u201d e la SS 89 \u201cGarganica\u201d.<br \/>Gemme ha poi fatto il punto sui lavori: \u201cNegli ultimi anni abbiamo destinato alla manutenzione programmata circa 366 milioni di euro: 148 milioni riguardano cantieri gi\u00e0 ultimati; altri 102 milioni sono relativi a interventi in esecuzione o pronti a partire. Ma non \u00e8 solo una questione di asfalto e cantieri: il nostro impegno si estende al monitoraggio costante di oltre 1.200 opere d\u2019arte su tutto il territorio regionale\u201d. \u201cIl nostro obiettivo \u2013 conclude Gemme \u2013 \u00e8 garantire ad ogni utente della strada un servizio sempre migliore in termini di comfort e sicurezza del viaggio\u201d.<\/p>\n<p>\u2013 foto ufficio stampa Anas \u2013<br \/>(ITALPRESS).<\/p>\n<\/div>\n","protected":false},"excerpt":{"rendered":"<p>BARI (ITALPRESS) \u2013 \u201cOggi comunicare non significa soltanto trasferire informazioni ma, innanzitutto, assumersi una responsabilit\u00e0 verso la societ\u00e0. Aziende come Anas e le universit\u00e0 hanno bisogno di un dialogo continuo e costruttivo. Gli anni universitari mi hanno formato prima come persona e poi come professionista. Le imprese portano esperienza concreta e capacit\u00e0 decisionale. Le universit\u00e0 [&hellip;]<\/p>\n","protected":false},"author":16,"featured_media":75209,"comment_status":"closed","ping_status":"closed","sticky":false,"template":"","format":"standard","meta":{"jnews-multi-image_gallery":[],"jnews_single_post":[],"jnews_primary_category":[],"jnews_social_meta":[],"jnews_override_counter":[],"jnews_post_split":[],"footnotes":""},"categories":[1129],"tags":[],"class_list":["post-75208","post","type-post","status-publish","format-standard","has-post-thumbnail","hentry","category-mondo"],"yoast_head":"<!-- This site is optimized with the Yoast SEO plugin v27.5 - https:\/\/yoast.com\/product\/yoast-seo-wordpress\/ -->\n<title>Anas, Gemme \u201cDalle sinergie con l\u2019Universit\u00e0 pi\u00f9 idee e competenze innovative\u201d - Live Magazine<\/title>\n<meta name=\"robots\" content=\"index, follow, max-snippet:-1, max-image-preview:large, max-video-preview:-1\" \/>\n<link rel=\"canonical\" href=\"https:\/\/www.livemag.it\/index.php\/2026\/04\/29\/anas-gemme-dalle-sinergie-con-luniversita-piu-idee-e-competenze-innovative\/\" \/>\n<meta property=\"og:locale\" content=\"it_IT\" \/>\n<meta property=\"og:type\" content=\"article\" \/>\n<meta property=\"og:title\" content=\"Anas, Gemme \u201cDalle sinergie con l\u2019Universit\u00e0 pi\u00f9 idee e competenze innovative\u201d - Live Magazine\" \/>\n<meta property=\"og:description\" content=\"BARI (ITALPRESS) \u2013 \u201cOggi comunicare non significa soltanto trasferire informazioni ma, innanzitutto, assumersi una responsabilit\u00e0 verso la societ\u00e0. Aziende come Anas e le universit\u00e0 hanno bisogno di un dialogo continuo e costruttivo. Gli anni universitari mi hanno formato prima come persona e poi come professionista. Le imprese portano esperienza concreta e capacit\u00e0 decisionale. Le universit\u00e0 [&hellip;]\" \/>\n<meta property=\"og:url\" content=\"https:\/\/www.livemag.it\/index.php\/2026\/04\/29\/anas-gemme-dalle-sinergie-con-luniversita-piu-idee-e-competenze-innovative\/\" \/>\n<meta property=\"og:site_name\" content=\"Live Magazine\" \/>\n<meta property=\"article:publisher\" content=\"https:\/\/www.facebook.com\/LiveMag\/\" \/>\n<meta property=\"article:published_time\" content=\"2026-04-29T19:03:00+00:00\" \/>\n<meta property=\"og:image\" content=\"https:\/\/www.livemag.it\/wp-content\/uploads\/2024\/02\/ograph.jpg\" \/>\n\t<meta property=\"og:image:width\" content=\"1200\" \/>\n\t<meta property=\"og:image:height\" content=\"675\" \/>\n\t<meta property=\"og:image:type\" content=\"image\/jpeg\" \/>\n<meta name=\"author\" content=\"italpress\" \/>\n<meta name=\"twitter:card\" content=\"summary_large_image\" \/>\n<meta name=\"twitter:creator\" content=\"@LiveNotizie\" \/>\n<meta name=\"twitter:site\" content=\"@LiveNotizie\" \/>\n<meta name=\"twitter:label1\" content=\"Scritto da\" \/>\n\t<meta name=\"twitter:data1\" content=\"italpress\" \/>\n\t<meta name=\"twitter:label2\" content=\"Tempo di lettura stimato\" \/>\n\t<meta name=\"twitter:data2\" content=\"2 minuti\" \/>\n<script type=\"application\/ld+json\" class=\"yoast-schema-graph\">{\"@context\":\"https:\\\/\\\/schema.org\",\"@graph\":[{\"@type\":\"Article\",\"@id\":\"https:\\\/\\\/www.livemag.it\\\/index.php\\\/2026\\\/04\\\/29\\\/anas-gemme-dalle-sinergie-con-luniversita-piu-idee-e-competenze-innovative\\\/#article\",\"isPartOf\":{\"@id\":\"https:\\\/\\\/www.livemag.it\\\/index.php\\\/2026\\\/04\\\/29\\\/anas-gemme-dalle-sinergie-con-luniversita-piu-idee-e-competenze-innovative\\\/\"},\"author\":{\"name\":\"italpress\",\"@id\":\"https:\\\/\\\/www.livemag.it\\\/#\\\/schema\\\/person\\\/b62c5f44451fdcdaeb0afe6c2424e73c\"},\"headline\":\"Anas, Gemme \u201cDalle sinergie con l\u2019Universit\u00e0 pi\u00f9 idee e competenze innovative\u201d\",\"datePublished\":\"2026-04-29T19:03:00+00:00\",\"mainEntityOfPage\":{\"@id\":\"https:\\\/\\\/www.livemag.it\\\/index.php\\\/2026\\\/04\\\/29\\\/anas-gemme-dalle-sinergie-con-luniversita-piu-idee-e-competenze-innovative\\\/\"},\"wordCount\":496,\"publisher\":{\"@id\":\"https:\\\/\\\/www.livemag.it\\\/#organization\"},\"image\":{\"@id\":\"https:\\\/\\\/www.livemag.it\\\/index.php\\\/2026\\\/04\\\/29\\\/anas-gemme-dalle-sinergie-con-luniversita-piu-idee-e-competenze-innovative\\\/#primaryimage\"},\"thumbnailUrl\":\"https:\\\/\\\/www.livemag.it\\\/wp-content\\\/uploads\\\/2026\\\/04\\\/20260429_1987.jpg\",\"articleSection\":[\"Mondo\"],\"inLanguage\":\"it-IT\"},{\"@type\":\"WebPage\",\"@id\":\"https:\\\/\\\/www.livemag.it\\\/index.php\\\/2026\\\/04\\\/29\\\/anas-gemme-dalle-sinergie-con-luniversita-piu-idee-e-competenze-innovative\\\/\",\"url\":\"https:\\\/\\\/www.livemag.it\\\/index.php\\\/2026\\\/04\\\/29\\\/anas-gemme-dalle-sinergie-con-luniversita-piu-idee-e-competenze-innovative\\\/\",\"name\":\"Anas, Gemme \u201cDalle sinergie con l\u2019Universit\u00e0 pi\u00f9 idee e competenze innovative\u201d - Live Magazine\",\"isPartOf\":{\"@id\":\"https:\\\/\\\/www.livemag.it\\\/#website\"},\"primaryImageOfPage\":{\"@id\":\"https:\\\/\\\/www.livemag.it\\\/index.php\\\/2026\\\/04\\\/29\\\/anas-gemme-dalle-sinergie-con-luniversita-piu-idee-e-competenze-innovative\\\/#primaryimage\"},\"image\":{\"@id\":\"https:\\\/\\\/www.livemag.it\\\/index.php\\\/2026\\\/04\\\/29\\\/anas-gemme-dalle-sinergie-con-luniversita-piu-idee-e-competenze-innovative\\\/#primaryimage\"},\"thumbnailUrl\":\"https:\\\/\\\/www.livemag.it\\\/wp-content\\\/uploads\\\/2026\\\/04\\\/20260429_1987.jpg\",\"datePublished\":\"2026-04-29T19:03:00+00:00\",\"breadcrumb\":{\"@id\":\"https:\\\/\\\/www.livemag.it\\\/index.php\\\/2026\\\/04\\\/29\\\/anas-gemme-dalle-sinergie-con-luniversita-piu-idee-e-competenze-innovative\\\/#breadcrumb\"},\"inLanguage\":\"it-IT\",\"potentialAction\":[{\"@type\":\"ReadAction\",\"target\":[\"https:\\\/\\\/www.livemag.it\\\/index.php\\\/2026\\\/04\\\/29\\\/anas-gemme-dalle-sinergie-con-luniversita-piu-idee-e-competenze-innovative\\\/\"]}]},{\"@type\":\"ImageObject\",\"inLanguage\":\"it-IT\",\"@id\":\"https:\\\/\\\/www.livemag.it\\\/index.php\\\/2026\\\/04\\\/29\\\/anas-gemme-dalle-sinergie-con-luniversita-piu-idee-e-competenze-innovative\\\/#primaryimage\",\"url\":\"https:\\\/\\\/www.livemag.it\\\/wp-content\\\/uploads\\\/2026\\\/04\\\/20260429_1987.jpg\",\"contentUrl\":\"https:\\\/\\\/www.livemag.it\\\/wp-content\\\/uploads\\\/2026\\\/04\\\/20260429_1987.jpg\",\"width\":1024,\"height\":768},{\"@type\":\"BreadcrumbList\",\"@id\":\"https:\\\/\\\/www.livemag.it\\\/index.php\\\/2026\\\/04\\\/29\\\/anas-gemme-dalle-sinergie-con-luniversita-piu-idee-e-competenze-innovative\\\/#breadcrumb\",\"itemListElement\":[{\"@type\":\"ListItem\",\"position\":1,\"name\":\"Home\",\"item\":\"https:\\\/\\\/www.livemag.it\\\/\"},{\"@type\":\"ListItem\",\"position\":2,\"name\":\"Anas, Gemme \u201cDalle sinergie con l\u2019Universit\u00e0 pi\u00f9 idee e competenze innovative\u201d\"}]},{\"@type\":\"WebSite\",\"@id\":\"https:\\\/\\\/www.livemag.it\\\/#website\",\"url\":\"https:\\\/\\\/www.livemag.it\\\/\",\"name\":\"Live Magazine\",\"description\":\"Varie ed eventi\",\"publisher\":{\"@id\":\"https:\\\/\\\/www.livemag.it\\\/#organization\"},\"potentialAction\":[{\"@type\":\"SearchAction\",\"target\":{\"@type\":\"EntryPoint\",\"urlTemplate\":\"https:\\\/\\\/www.livemag.it\\\/?s={search_term_string}\"},\"query-input\":{\"@type\":\"PropertyValueSpecification\",\"valueRequired\":true,\"valueName\":\"search_term_string\"}}],\"inLanguage\":\"it-IT\"},{\"@type\":\"Organization\",\"@id\":\"https:\\\/\\\/www.livemag.it\\\/#organization\",\"name\":\"LiveMag\",\"alternateName\":\"LiveMag News ed eventi\",\"url\":\"https:\\\/\\\/www.livemag.it\\\/\",\"logo\":{\"@type\":\"ImageObject\",\"inLanguage\":\"it-IT\",\"@id\":\"https:\\\/\\\/www.livemag.it\\\/#\\\/schema\\\/logo\\\/image\\\/\",\"url\":\"https:\\\/\\\/www.livemag.it\\\/wp-content\\\/uploads\\\/2024\\\/02\\\/immagine-sito.jpg\",\"contentUrl\":\"https:\\\/\\\/www.livemag.it\\\/wp-content\\\/uploads\\\/2024\\\/02\\\/immagine-sito.jpg\",\"width\":696,\"height\":696,\"caption\":\"LiveMag\"},\"image\":{\"@id\":\"https:\\\/\\\/www.livemag.it\\\/#\\\/schema\\\/logo\\\/image\\\/\"},\"sameAs\":[\"https:\\\/\\\/www.facebook.com\\\/LiveMag\\\/\",\"https:\\\/\\\/x.com\\\/LiveNotizie\",\"https:\\\/\\\/www.instagram.com\\\/livemag\\\/\"]},{\"@type\":\"Person\",\"@id\":\"https:\\\/\\\/www.livemag.it\\\/#\\\/schema\\\/person\\\/b62c5f44451fdcdaeb0afe6c2424e73c\",\"name\":\"italpress\",\"image\":{\"@type\":\"ImageObject\",\"inLanguage\":\"it-IT\",\"@id\":\"https:\\\/\\\/secure.gravatar.com\\\/avatar\\\/b6a21695fc713ce7ee312cf57c97e2e641feb365be72d8745574d3c3e2b59066?s=96&r=g\",\"url\":\"https:\\\/\\\/secure.gravatar.com\\\/avatar\\\/b6a21695fc713ce7ee312cf57c97e2e641feb365be72d8745574d3c3e2b59066?s=96&r=g\",\"contentUrl\":\"https:\\\/\\\/secure.gravatar.com\\\/avatar\\\/b6a21695fc713ce7ee312cf57c97e2e641feb365be72d8745574d3c3e2b59066?s=96&r=g\",\"caption\":\"italpress\"},\"description\":\"Italpress \u00e8 un'agenzia di stampa italiana a carattere nazionale.\",\"url\":\"https:\\\/\\\/www.livemag.it\\\/index.php\\\/author\\\/italpress\\\/\"}]}<\/script>\n<!-- \/ Yoast SEO plugin. -->","yoast_head_json":{"title":"Anas, Gemme \u201cDalle sinergie con l\u2019Universit\u00e0 pi\u00f9 idee e competenze innovative\u201d - Live Magazine","robots":{"index":"index","follow":"follow","max-snippet":"max-snippet:-1","max-image-preview":"max-image-preview:large","max-video-preview":"max-video-preview:-1"},"canonical":"https:\/\/www.livemag.it\/index.php\/2026\/04\/29\/anas-gemme-dalle-sinergie-con-luniversita-piu-idee-e-competenze-innovative\/","og_locale":"it_IT","og_type":"article","og_title":"Anas, Gemme \u201cDalle sinergie con l\u2019Universit\u00e0 pi\u00f9 idee e competenze innovative\u201d - Live Magazine","og_description":"BARI (ITALPRESS) \u2013 \u201cOggi comunicare non significa soltanto trasferire informazioni ma, innanzitutto, assumersi una responsabilit\u00e0 verso la societ\u00e0. Aziende come Anas e le universit\u00e0 hanno bisogno di un dialogo continuo e costruttivo. Gli anni universitari mi hanno formato prima come persona e poi come professionista. Le imprese portano esperienza concreta e capacit\u00e0 decisionale. Le universit\u00e0 [&hellip;]","og_url":"https:\/\/www.livemag.it\/index.php\/2026\/04\/29\/anas-gemme-dalle-sinergie-con-luniversita-piu-idee-e-competenze-innovative\/","og_site_name":"Live Magazine","article_publisher":"https:\/\/www.facebook.com\/LiveMag\/","article_published_time":"2026-04-29T19:03:00+00:00","og_image":[{"width":1200,"height":675,"url":"https:\/\/www.livemag.it\/wp-content\/uploads\/2024\/02\/ograph.jpg","type":"image\/jpeg"}],"author":"italpress","twitter_card":"summary_large_image","twitter_creator":"@LiveNotizie","twitter_site":"@LiveNotizie","twitter_misc":{"Scritto da":"italpress","Tempo di lettura stimato":"2 minuti"},"schema":{"@context":"https:\/\/schema.org","@graph":[{"@type":"Article","@id":"https:\/\/www.livemag.it\/index.php\/2026\/04\/29\/anas-gemme-dalle-sinergie-con-luniversita-piu-idee-e-competenze-innovative\/#article","isPartOf":{"@id":"https:\/\/www.livemag.it\/index.php\/2026\/04\/29\/anas-gemme-dalle-sinergie-con-luniversita-piu-idee-e-competenze-innovative\/"},"author":{"name":"italpress","@id":"https:\/\/www.livemag.it\/#\/schema\/person\/b62c5f44451fdcdaeb0afe6c2424e73c"},"headline":"Anas, Gemme \u201cDalle sinergie con l\u2019Universit\u00e0 pi\u00f9 idee e competenze innovative\u201d","datePublished":"2026-04-29T19:03:00+00:00","mainEntityOfPage":{"@id":"https:\/\/www.livemag.it\/index.php\/2026\/04\/29\/anas-gemme-dalle-sinergie-con-luniversita-piu-idee-e-competenze-innovative\/"},"wordCount":496,"publisher":{"@id":"https:\/\/www.livemag.it\/#organization"},"image":{"@id":"https:\/\/www.livemag.it\/index.php\/2026\/04\/29\/anas-gemme-dalle-sinergie-con-luniversita-piu-idee-e-competenze-innovative\/#primaryimage"},"thumbnailUrl":"https:\/\/www.livemag.it\/wp-content\/uploads\/2026\/04\/20260429_1987.jpg","articleSection":["Mondo"],"inLanguage":"it-IT"},{"@type":"WebPage","@id":"https:\/\/www.livemag.it\/index.php\/2026\/04\/29\/anas-gemme-dalle-sinergie-con-luniversita-piu-idee-e-competenze-innovative\/","url":"https:\/\/www.livemag.it\/index.php\/2026\/04\/29\/anas-gemme-dalle-sinergie-con-luniversita-piu-idee-e-competenze-innovative\/","name":"Anas, Gemme \u201cDalle sinergie con l\u2019Universit\u00e0 pi\u00f9 idee e competenze innovative\u201d - Live Magazine","isPartOf":{"@id":"https:\/\/www.livemag.it\/#website"},"primaryImageOfPage":{"@id":"https:\/\/www.livemag.it\/index.php\/2026\/04\/29\/anas-gemme-dalle-sinergie-con-luniversita-piu-idee-e-competenze-innovative\/#primaryimage"},"image":{"@id":"https:\/\/www.livemag.it\/index.php\/2026\/04\/29\/anas-gemme-dalle-sinergie-con-luniversita-piu-idee-e-competenze-innovative\/#primaryimage"},"thumbnailUrl":"https:\/\/www.livemag.it\/wp-content\/uploads\/2026\/04\/20260429_1987.jpg","datePublished":"2026-04-29T19:03:00+00:00","breadcrumb":{"@id":"https:\/\/www.livemag.it\/index.php\/2026\/04\/29\/anas-gemme-dalle-sinergie-con-luniversita-piu-idee-e-competenze-innovative\/#breadcrumb"},"inLanguage":"it-IT","potentialAction":[{"@type":"ReadAction","target":["https:\/\/www.livemag.it\/index.php\/2026\/04\/29\/anas-gemme-dalle-sinergie-con-luniversita-piu-idee-e-competenze-innovative\/"]}]},{"@type":"ImageObject","inLanguage":"it-IT","@id":"https:\/\/www.livemag.it\/index.php\/2026\/04\/29\/anas-gemme-dalle-sinergie-con-luniversita-piu-idee-e-competenze-innovative\/#primaryimage","url":"https:\/\/www.livemag.it\/wp-content\/uploads\/2026\/04\/20260429_1987.jpg","contentUrl":"https:\/\/www.livemag.it\/wp-content\/uploads\/2026\/04\/20260429_1987.jpg","width":1024,"height":768},{"@type":"BreadcrumbList","@id":"https:\/\/www.livemag.it\/index.php\/2026\/04\/29\/anas-gemme-dalle-sinergie-con-luniversita-piu-idee-e-competenze-innovative\/#breadcrumb","itemListElement":[{"@type":"ListItem","position":1,"name":"Home","item":"https:\/\/www.livemag.it\/"},{"@type":"ListItem","position":2,"name":"Anas, Gemme \u201cDalle sinergie con l\u2019Universit\u00e0 pi\u00f9 idee e competenze innovative\u201d"}]},{"@type":"WebSite","@id":"https:\/\/www.livemag.it\/#website","url":"https:\/\/www.livemag.it\/","name":"Live Magazine","description":"Varie ed eventi","publisher":{"@id":"https:\/\/www.livemag.it\/#organization"},"potentialAction":[{"@type":"SearchAction","target":{"@type":"EntryPoint","urlTemplate":"https:\/\/www.livemag.it\/?s={search_term_string}"},"query-input":{"@type":"PropertyValueSpecification","valueRequired":true,"valueName":"search_term_string"}}],"inLanguage":"it-IT"},{"@type":"Organization","@id":"https:\/\/www.livemag.it\/#organization","name":"LiveMag","alternateName":"LiveMag News ed eventi","url":"https:\/\/www.livemag.it\/","logo":{"@type":"ImageObject","inLanguage":"it-IT","@id":"https:\/\/www.livemag.it\/#\/schema\/logo\/image\/","url":"https:\/\/www.livemag.it\/wp-content\/uploads\/2024\/02\/immagine-sito.jpg","contentUrl":"https:\/\/www.livemag.it\/wp-content\/uploads\/2024\/02\/immagine-sito.jpg","width":696,"height":696,"caption":"LiveMag"},"image":{"@id":"https:\/\/www.livemag.it\/#\/schema\/logo\/image\/"},"sameAs":["https:\/\/www.facebook.com\/LiveMag\/","https:\/\/x.com\/LiveNotizie","https:\/\/www.instagram.com\/livemag\/"]},{"@type":"Person","@id":"https:\/\/www.livemag.it\/#\/schema\/person\/b62c5f44451fdcdaeb0afe6c2424e73c","name":"italpress","image":{"@type":"ImageObject","inLanguage":"it-IT","@id":"https:\/\/secure.gravatar.com\/avatar\/b6a21695fc713ce7ee312cf57c97e2e641feb365be72d8745574d3c3e2b59066?s=96&r=g","url":"https:\/\/secure.gravatar.com\/avatar\/b6a21695fc713ce7ee312cf57c97e2e641feb365be72d8745574d3c3e2b59066?s=96&r=g","contentUrl":"https:\/\/secure.gravatar.com\/avatar\/b6a21695fc713ce7ee312cf57c97e2e641feb365be72d8745574d3c3e2b59066?s=96&r=g","caption":"italpress"},"description":"Italpress \u00e8 un'agenzia di stampa italiana a carattere nazionale.","url":"https:\/\/www.livemag.it\/index.php\/author\/italpress\/"}]}},"jetpack_featured_media_url":"https:\/\/www.livemag.it\/wp-content\/uploads\/2026\/04\/20260429_1987.jpg","_links":{"self":[{"href":"https:\/\/www.livemag.it\/index.php\/wp-json\/wp\/v2\/posts\/75208","targetHints":{"allow":["GET"]}}],"collection":[{"href":"https:\/\/www.livemag.it\/index.php\/wp-json\/wp\/v2\/posts"}],"about":[{"href":"https:\/\/www.livemag.it\/index.php\/wp-json\/wp\/v2\/types\/post"}],"author":[{"embeddable":true,"href":"https:\/\/www.livemag.it\/index.php\/wp-json\/wp\/v2\/users\/16"}],"replies":[{"embeddable":true,"href":"https:\/\/www.livemag.it\/index.php\/wp-json\/wp\/v2\/comments?post=75208"}],"version-history":[{"count":0,"href":"https:\/\/www.livemag.it\/index.php\/wp-json\/wp\/v2\/posts\/75208\/revisions"}],"wp:featuredmedia":[{"embeddable":true,"href":"https:\/\/www.livemag.it\/index.php\/wp-json\/wp\/v2\/media\/75209"}],"wp:attachment":[{"href":"https:\/\/www.livemag.it\/index.php\/wp-json\/wp\/v2\/media?parent=75208"}],"wp:term":[{"taxonomy":"category","embeddable":true,"href":"https:\/\/www.livemag.it\/index.php\/wp-json\/wp\/v2\/categories?post=75208"},{"taxonomy":"post_tag","embeddable":true,"href":"https:\/\/www.livemag.it\/index.php\/wp-json\/wp\/v2\/tags?post=75208"}],"curies":[{"name":"wp","href":"https:\/\/api.w.org\/{rel}","templated":true}]}}