{"id":75194,"date":"2026-04-29T18:02:59","date_gmt":"2026-04-29T16:02:59","guid":{"rendered":"https:\/\/www.livemag.it\/index.php\/2026\/04\/29\/intesa-sanpaolo-a-vicenza-la-mostra-giorgia-lupi-lumanesimo-dei-dati\/"},"modified":"2026-04-29T18:02:59","modified_gmt":"2026-04-29T16:02:59","slug":"intesa-sanpaolo-a-vicenza-la-mostra-giorgia-lupi-lumanesimo-dei-dati","status":"publish","type":"post","link":"https:\/\/www.livemag.it\/index.php\/2026\/04\/29\/intesa-sanpaolo-a-vicenza-la-mostra-giorgia-lupi-lumanesimo-dei-dati\/","title":{"rendered":"Intesa Sanpaolo, a Vicenza la mostra \u201cGiorgia Lupi. L\u2019umanesimo dei dati\u201d"},"content":{"rendered":"<div>\n<p>VICENZA (ITALPRESS) \u2013 Intesa Sanpaolo apre al pubblico dal 30 aprile 2026 al 2 agosto 2026, nel suo museo delle Gallerie d\u2019Italia \u2013 Vicenza, \u201cGiorgia Lupi. L\u2019umanesimo dei dati\u201d, la prima mostra personale della celebre designer e partner di Pentagram Giorgia Lupi.<br \/>L\u2019esposizione, a cura di Associazione Illustri, racconta la visione di una delle pi\u00f9 importanti designer contemporanee attraverso un percorso espositivo che intreccia dati, memoria, empatia e narrazione visiva. La mostra conduce il pubblico dentro il processo creativo di Lupi, dove il disegno, la carta e il gesto manuale precedono la tecnologia digitale e ne amplificano poi la forza comunicativa.<br \/>Il progetto mette al centro il Data Humanism, l\u2019approccio con cui Giorgia Lupi restituisce ai dati una dimensione pi\u00f9 intima, qualitativa e umana. Le opere in mostra mostrano come numeri, pattern e visualizzazioni possano diventare storie capaci di parlare di esperienze personali e collettive, trasformando la complessit\u00e0 in comprensione e relazione.<br \/>Il percorso attraversa alcuni dei lavori pi\u00f9 noti dell\u2019autrice, da Dear Data a Bruises, da 1374 Days, fino a The Room of Change, Inequalities e La Lettura, offrendo uno sguardo ampio su un linguaggio progettuale che unisce ricerca, poesia e rigore. Ogni sala esplora un diverso modo di usare i dati per raccontare il mondo, mettendo in dialogo esperienze quotidiane, salute, memoria, cambiamento ambientale e interpretazione sociale.<br \/>La mostra invita inoltre il visitatore a partecipare attivamente, soprattutto nella sala dedicata all\u2019intelligenza artificiale, dove il pubblico \u00e8 chiamato a lasciare un pensiero, un segno o un disegno sul proprio rapporto con l\u2019IA. In questo modo il percorso non si limita a presentare opere, ma diventa uno spazio di riflessione condivisa sul rapporto tra tecnologia, creativit\u00e0 ed empatia.<br \/>Giorgia Lupi \u2013 L\u2019umanesimo dei dati propone cos\u00ec una visione alternativa alla cultura della pura prestazione tecnologica: un mondo fatto di scambio, lentezza, ascolto e relazione. Una mostra che non si limita a spiegare i dati, ma li trasforma in strumenti per riconoscere noi stessi e gli altri.<br \/>Michele Coppola, Executive Director Arte, Cultura e Beni Storici di Intesa Sanpaolo, afferma: \u201cLavorare con l\u2019Associazione Illustri significa attingere a un rigoglioso serbatoio di creativit\u00e0, arricchendo un percorso avviato insieme che porta alle Gallerie d\u2019Italia di Vicenza importanti protagonisti dell\u2019illustrazione. Il nuovo progetto \u00e8 dedicato a un\u2019artista e professionista di fama internazionale, l\u2019information designer Giorgia Lupi, la cui originale ricerca \u00e8 orientata a restituire dimensione artistica e umana al racconto di dati complessi. Le Gallerie d\u2019Italia si confermano spazio in cui la valorizzazione del patrimonio storico convive con l\u2019attenzione alle forme espressive pi\u00f9 innovative del presente, intercettando una riflessione necessaria su temi decisivi come l\u2019intelligenza artificiale e il ruolo dei dati nella societ\u00e0 contemporanea\u201d.<br \/>Il percorso espositivo prende avvio dal lavoro di ricerca e dagli sketchbook dell\u2019autrice, presentati per la prima volta al pubblico, e si sviluppa attraverso una selezione ampia e articolata di progetti che spaziano tra dimensione personale e globale. Tra questi, \u201cIncroci\u201d, realizzato con Ehren Shorday, esplora il rapporto tra memoria individuale e collettiva attraverso le linee temporali di 99 persone, mettendo in luce come esperienze uniche possano generare pattern condivisi.<br \/>Con \u201cBook of Life\u201d, creato per Moleskine Foundation, Lupi traduce la propria biografia in un\u2019opera su carta e tessile intima e meditativa: un taccuino ricostruito e cucito a mano, in cui ogni punto rappresenta un giorno di vita, arricchito da segni colorati che evidenziano momenti significativi.<br \/>Il progetto \u201cDear Data\u201d, realizzato con Stefanie Posavec e oggi parte della collezione permanente del MoMA di New York, trasforma la raccolta di dati personali in un rituale analogico e relazionale: cartoline disegnate a mano che raccontano abitudini, emozioni e micro-esperienze quotidiane.<br \/>Una dimensione ancora pi\u00f9 intima emerge in \u201cBruises\u201d, nato dalla collaborazione con la musicista Kaki King: una visualizzazione sensoriale che intreccia dati clinici e vissuti personali per raccontare il percorso di una malattia rara, trasformando numeri e osservazioni in un\u2019esperienza emotiva condivisa.<br \/>Il tema della malattia ritorna anche in \u201c1.374 days: my life with long Covid\u201d, pubblicato dal The New York Times e premiato nel 2025 con il Compasso d\u2019Oro ADI, dove Lupi documenta anni di sofferenza attraverso una stratificazione visiva di segni che rendono percepibile la complessit\u00e0 di una patologia cronica.<br \/>Accanto alla dimensione individuale, la mostra presenta progetti che affrontano questioni globali. \u201cThe Room of Change\u201d, realizzato per la XXII Triennale di Milano, \u00e8 un imponente arazzo di dati che racconta l\u2019evoluzione ambientale nel tempo, invitando il pubblico a osservare i cambiamenti da prospettive multiple.<br \/>Per la XXIV Triennale di Milano, con il progetto \u201cInequalities\u201d, Lupi sviluppa un\u2019identit\u00e0 visiva generativa basata sui dati, capace di comunicare temi complessi come istruzione, migrazioni e cambiamento climatico attraverso un linguaggio accessibile e dinamico.<br \/>Il lavoro editoriale per La Lettura del Corriere della Sera evidenzia invece un approccio narrativo e non lineare alla data visualization, in cui i dati diventano strumenti per generare nuove conoscenze e interpretazioni qualitative della realt\u00e0 sociale.<br \/>La mostra esplora inoltre la traduzione dei dati in forme tangibili. Nella collaborazione con &amp; Other Stories, le visualizzazioni diventano pattern tessili che raccontano le storie di figure pionieristiche come Ada Lovelace, Rachel Carson e Mae Jemison, trasformando i dati in abiti indossabili.<br \/>Con \u201cUnraveling Stories\u201d, realizzato per Well Woven, Lupi utilizza il linguaggio dei tappeti per catalogare e preservare 59 tecniche tessili tradizionali a rischio, mentre nella collaborazione con l\u2019artigiano maiorchino Huguet i dati musicali dei 24 Preludi di Fr\u00e8d\u00e8ric Chopin si trasformano in una collezione di piastrelle, fondendo matematica e percezione sensoriale.<br \/>Il percorso si conclude con una sezione interattiva che invita i visitatori a riflettere sul futuro e sul ruolo dell\u2019intelligenza artificiale, contribuendo attivamente alla costruzione di nuove narrazioni collettive. La mostra propone una riflessione attuale e necessaria: in un mondo sempre pi\u00f9 guidato dai numeri, \u00e8 fondamentale ricordare che i dati non sono solo informazioni, ma strumenti per comprendere la complessit\u00e0 dell\u2019esperienza umana.<br \/>La mostra sar\u00e0 accompagnata da un ciclo di incontri #INSIDE, pensati per approfondire i temi del progetto espositivo insieme a ospiti speciali, e da un programma di percorsi per scuole, famiglie e visitatori. Il racconto del percorso espositivo sar\u00e0 disponibile su APP Gallerie d\u2019Italia, la guida digitale gratuita dei musei di Intesa Sanpaolo, grazie alla quale l\u2019utente pu\u00f2 accedere a un\u2019esperienze di vista \u201cevolute\u201d.<br \/>Il museo di Vicenza, insieme a quelli di Milano, Napoli e Torino, \u00e8 parte del progetto museale Gallerie d\u2019Italia di Intesa Sanpaolo, guidato da Michele Coppola \u2013 Executive Director Arte, Cultura e Beni Storici della Banca e Direttore Generale Gallerie d\u2019Italia.<br \/>-foto ufficio stampa Intesa Sanpaolo \u2013<br \/>(ITALPRESS).<\/p>\n<\/div>\n","protected":false},"excerpt":{"rendered":"<p>VICENZA (ITALPRESS) \u2013 Intesa Sanpaolo apre al pubblico dal 30 aprile 2026 al 2 agosto 2026, nel suo museo delle Gallerie d\u2019Italia \u2013 Vicenza, \u201cGiorgia Lupi. L\u2019umanesimo dei dati\u201d, la prima mostra personale della celebre designer e partner di Pentagram Giorgia Lupi.L\u2019esposizione, a cura di Associazione Illustri, racconta la visione di una delle pi\u00f9 importanti [&hellip;]<\/p>\n","protected":false},"author":16,"featured_media":75195,"comment_status":"closed","ping_status":"closed","sticky":false,"template":"","format":"standard","meta":{"jnews-multi-image_gallery":[],"jnews_single_post":[],"jnews_primary_category":[],"jnews_social_meta":[],"jnews_override_counter":[],"jnews_post_split":[],"footnotes":""},"categories":[1129],"tags":[],"class_list":["post-75194","post","type-post","status-publish","format-standard","has-post-thumbnail","hentry","category-mondo"],"yoast_head":"<!-- This site is optimized with the Yoast SEO plugin v27.5 - https:\/\/yoast.com\/product\/yoast-seo-wordpress\/ -->\n<title>Intesa Sanpaolo, a Vicenza la mostra \u201cGiorgia Lupi. L\u2019umanesimo dei dati\u201d - Live Magazine<\/title>\n<meta name=\"robots\" content=\"index, follow, max-snippet:-1, max-image-preview:large, max-video-preview:-1\" \/>\n<link rel=\"canonical\" href=\"https:\/\/www.livemag.it\/index.php\/2026\/04\/29\/intesa-sanpaolo-a-vicenza-la-mostra-giorgia-lupi-lumanesimo-dei-dati\/\" \/>\n<meta property=\"og:locale\" content=\"it_IT\" \/>\n<meta property=\"og:type\" content=\"article\" \/>\n<meta property=\"og:title\" content=\"Intesa Sanpaolo, a Vicenza la mostra \u201cGiorgia Lupi. L\u2019umanesimo dei dati\u201d - Live Magazine\" \/>\n<meta property=\"og:description\" content=\"VICENZA (ITALPRESS) \u2013 Intesa Sanpaolo apre al pubblico dal 30 aprile 2026 al 2 agosto 2026, nel suo museo delle Gallerie d\u2019Italia \u2013 Vicenza, \u201cGiorgia Lupi. L\u2019umanesimo dei dati\u201d, la prima mostra personale della celebre designer e partner di Pentagram Giorgia Lupi.L\u2019esposizione, a cura di Associazione Illustri, racconta la visione di una delle pi\u00f9 importanti [&hellip;]\" \/>\n<meta property=\"og:url\" content=\"https:\/\/www.livemag.it\/index.php\/2026\/04\/29\/intesa-sanpaolo-a-vicenza-la-mostra-giorgia-lupi-lumanesimo-dei-dati\/\" \/>\n<meta property=\"og:site_name\" content=\"Live Magazine\" \/>\n<meta property=\"article:publisher\" content=\"https:\/\/www.facebook.com\/LiveMag\/\" \/>\n<meta property=\"article:published_time\" content=\"2026-04-29T16:02:59+00:00\" \/>\n<meta property=\"og:image\" content=\"https:\/\/www.livemag.it\/wp-content\/uploads\/2024\/02\/ograph.jpg\" \/>\n\t<meta property=\"og:image:width\" content=\"1200\" \/>\n\t<meta property=\"og:image:height\" content=\"675\" \/>\n\t<meta property=\"og:image:type\" content=\"image\/jpeg\" \/>\n<meta name=\"author\" content=\"italpress\" \/>\n<meta name=\"twitter:card\" content=\"summary_large_image\" \/>\n<meta name=\"twitter:creator\" content=\"@LiveNotizie\" \/>\n<meta name=\"twitter:site\" content=\"@LiveNotizie\" \/>\n<meta name=\"twitter:label1\" content=\"Scritto da\" \/>\n\t<meta name=\"twitter:data1\" content=\"italpress\" \/>\n\t<meta name=\"twitter:label2\" content=\"Tempo di lettura stimato\" \/>\n\t<meta name=\"twitter:data2\" content=\"5 minuti\" \/>\n<script type=\"application\/ld+json\" class=\"yoast-schema-graph\">{\"@context\":\"https:\\\/\\\/schema.org\",\"@graph\":[{\"@type\":\"Article\",\"@id\":\"https:\\\/\\\/www.livemag.it\\\/index.php\\\/2026\\\/04\\\/29\\\/intesa-sanpaolo-a-vicenza-la-mostra-giorgia-lupi-lumanesimo-dei-dati\\\/#article\",\"isPartOf\":{\"@id\":\"https:\\\/\\\/www.livemag.it\\\/index.php\\\/2026\\\/04\\\/29\\\/intesa-sanpaolo-a-vicenza-la-mostra-giorgia-lupi-lumanesimo-dei-dati\\\/\"},\"author\":{\"name\":\"italpress\",\"@id\":\"https:\\\/\\\/www.livemag.it\\\/#\\\/schema\\\/person\\\/b62c5f44451fdcdaeb0afe6c2424e73c\"},\"headline\":\"Intesa Sanpaolo, a Vicenza la mostra \u201cGiorgia Lupi. L\u2019umanesimo dei dati\u201d\",\"datePublished\":\"2026-04-29T16:02:59+00:00\",\"mainEntityOfPage\":{\"@id\":\"https:\\\/\\\/www.livemag.it\\\/index.php\\\/2026\\\/04\\\/29\\\/intesa-sanpaolo-a-vicenza-la-mostra-giorgia-lupi-lumanesimo-dei-dati\\\/\"},\"wordCount\":1099,\"publisher\":{\"@id\":\"https:\\\/\\\/www.livemag.it\\\/#organization\"},\"image\":{\"@id\":\"https:\\\/\\\/www.livemag.it\\\/index.php\\\/2026\\\/04\\\/29\\\/intesa-sanpaolo-a-vicenza-la-mostra-giorgia-lupi-lumanesimo-dei-dati\\\/#primaryimage\"},\"thumbnailUrl\":\"https:\\\/\\\/www.livemag.it\\\/wp-content\\\/uploads\\\/2026\\\/04\\\/20260429_1655.jpg\",\"articleSection\":[\"Mondo\"],\"inLanguage\":\"it-IT\"},{\"@type\":\"WebPage\",\"@id\":\"https:\\\/\\\/www.livemag.it\\\/index.php\\\/2026\\\/04\\\/29\\\/intesa-sanpaolo-a-vicenza-la-mostra-giorgia-lupi-lumanesimo-dei-dati\\\/\",\"url\":\"https:\\\/\\\/www.livemag.it\\\/index.php\\\/2026\\\/04\\\/29\\\/intesa-sanpaolo-a-vicenza-la-mostra-giorgia-lupi-lumanesimo-dei-dati\\\/\",\"name\":\"Intesa Sanpaolo, a Vicenza la mostra \u201cGiorgia Lupi. L\u2019umanesimo dei dati\u201d - Live Magazine\",\"isPartOf\":{\"@id\":\"https:\\\/\\\/www.livemag.it\\\/#website\"},\"primaryImageOfPage\":{\"@id\":\"https:\\\/\\\/www.livemag.it\\\/index.php\\\/2026\\\/04\\\/29\\\/intesa-sanpaolo-a-vicenza-la-mostra-giorgia-lupi-lumanesimo-dei-dati\\\/#primaryimage\"},\"image\":{\"@id\":\"https:\\\/\\\/www.livemag.it\\\/index.php\\\/2026\\\/04\\\/29\\\/intesa-sanpaolo-a-vicenza-la-mostra-giorgia-lupi-lumanesimo-dei-dati\\\/#primaryimage\"},\"thumbnailUrl\":\"https:\\\/\\\/www.livemag.it\\\/wp-content\\\/uploads\\\/2026\\\/04\\\/20260429_1655.jpg\",\"datePublished\":\"2026-04-29T16:02:59+00:00\",\"breadcrumb\":{\"@id\":\"https:\\\/\\\/www.livemag.it\\\/index.php\\\/2026\\\/04\\\/29\\\/intesa-sanpaolo-a-vicenza-la-mostra-giorgia-lupi-lumanesimo-dei-dati\\\/#breadcrumb\"},\"inLanguage\":\"it-IT\",\"potentialAction\":[{\"@type\":\"ReadAction\",\"target\":[\"https:\\\/\\\/www.livemag.it\\\/index.php\\\/2026\\\/04\\\/29\\\/intesa-sanpaolo-a-vicenza-la-mostra-giorgia-lupi-lumanesimo-dei-dati\\\/\"]}]},{\"@type\":\"ImageObject\",\"inLanguage\":\"it-IT\",\"@id\":\"https:\\\/\\\/www.livemag.it\\\/index.php\\\/2026\\\/04\\\/29\\\/intesa-sanpaolo-a-vicenza-la-mostra-giorgia-lupi-lumanesimo-dei-dati\\\/#primaryimage\",\"url\":\"https:\\\/\\\/www.livemag.it\\\/wp-content\\\/uploads\\\/2026\\\/04\\\/20260429_1655.jpg\",\"contentUrl\":\"https:\\\/\\\/www.livemag.it\\\/wp-content\\\/uploads\\\/2026\\\/04\\\/20260429_1655.jpg\",\"width\":1200,\"height\":800},{\"@type\":\"BreadcrumbList\",\"@id\":\"https:\\\/\\\/www.livemag.it\\\/index.php\\\/2026\\\/04\\\/29\\\/intesa-sanpaolo-a-vicenza-la-mostra-giorgia-lupi-lumanesimo-dei-dati\\\/#breadcrumb\",\"itemListElement\":[{\"@type\":\"ListItem\",\"position\":1,\"name\":\"Home\",\"item\":\"https:\\\/\\\/www.livemag.it\\\/\"},{\"@type\":\"ListItem\",\"position\":2,\"name\":\"Intesa Sanpaolo, a Vicenza la mostra \u201cGiorgia Lupi. L\u2019umanesimo dei dati\u201d\"}]},{\"@type\":\"WebSite\",\"@id\":\"https:\\\/\\\/www.livemag.it\\\/#website\",\"url\":\"https:\\\/\\\/www.livemag.it\\\/\",\"name\":\"Live Magazine\",\"description\":\"Varie ed eventi\",\"publisher\":{\"@id\":\"https:\\\/\\\/www.livemag.it\\\/#organization\"},\"potentialAction\":[{\"@type\":\"SearchAction\",\"target\":{\"@type\":\"EntryPoint\",\"urlTemplate\":\"https:\\\/\\\/www.livemag.it\\\/?s={search_term_string}\"},\"query-input\":{\"@type\":\"PropertyValueSpecification\",\"valueRequired\":true,\"valueName\":\"search_term_string\"}}],\"inLanguage\":\"it-IT\"},{\"@type\":\"Organization\",\"@id\":\"https:\\\/\\\/www.livemag.it\\\/#organization\",\"name\":\"LiveMag\",\"alternateName\":\"LiveMag News ed eventi\",\"url\":\"https:\\\/\\\/www.livemag.it\\\/\",\"logo\":{\"@type\":\"ImageObject\",\"inLanguage\":\"it-IT\",\"@id\":\"https:\\\/\\\/www.livemag.it\\\/#\\\/schema\\\/logo\\\/image\\\/\",\"url\":\"https:\\\/\\\/www.livemag.it\\\/wp-content\\\/uploads\\\/2024\\\/02\\\/immagine-sito.jpg\",\"contentUrl\":\"https:\\\/\\\/www.livemag.it\\\/wp-content\\\/uploads\\\/2024\\\/02\\\/immagine-sito.jpg\",\"width\":696,\"height\":696,\"caption\":\"LiveMag\"},\"image\":{\"@id\":\"https:\\\/\\\/www.livemag.it\\\/#\\\/schema\\\/logo\\\/image\\\/\"},\"sameAs\":[\"https:\\\/\\\/www.facebook.com\\\/LiveMag\\\/\",\"https:\\\/\\\/x.com\\\/LiveNotizie\",\"https:\\\/\\\/www.instagram.com\\\/livemag\\\/\"]},{\"@type\":\"Person\",\"@id\":\"https:\\\/\\\/www.livemag.it\\\/#\\\/schema\\\/person\\\/b62c5f44451fdcdaeb0afe6c2424e73c\",\"name\":\"italpress\",\"image\":{\"@type\":\"ImageObject\",\"inLanguage\":\"it-IT\",\"@id\":\"https:\\\/\\\/secure.gravatar.com\\\/avatar\\\/b6a21695fc713ce7ee312cf57c97e2e641feb365be72d8745574d3c3e2b59066?s=96&r=g\",\"url\":\"https:\\\/\\\/secure.gravatar.com\\\/avatar\\\/b6a21695fc713ce7ee312cf57c97e2e641feb365be72d8745574d3c3e2b59066?s=96&r=g\",\"contentUrl\":\"https:\\\/\\\/secure.gravatar.com\\\/avatar\\\/b6a21695fc713ce7ee312cf57c97e2e641feb365be72d8745574d3c3e2b59066?s=96&r=g\",\"caption\":\"italpress\"},\"description\":\"Italpress \u00e8 un'agenzia di stampa italiana a carattere nazionale.\",\"url\":\"https:\\\/\\\/www.livemag.it\\\/index.php\\\/author\\\/italpress\\\/\"}]}<\/script>\n<!-- \/ Yoast SEO plugin. -->","yoast_head_json":{"title":"Intesa Sanpaolo, a Vicenza la mostra \u201cGiorgia Lupi. L\u2019umanesimo dei dati\u201d - Live Magazine","robots":{"index":"index","follow":"follow","max-snippet":"max-snippet:-1","max-image-preview":"max-image-preview:large","max-video-preview":"max-video-preview:-1"},"canonical":"https:\/\/www.livemag.it\/index.php\/2026\/04\/29\/intesa-sanpaolo-a-vicenza-la-mostra-giorgia-lupi-lumanesimo-dei-dati\/","og_locale":"it_IT","og_type":"article","og_title":"Intesa Sanpaolo, a Vicenza la mostra \u201cGiorgia Lupi. L\u2019umanesimo dei dati\u201d - Live Magazine","og_description":"VICENZA (ITALPRESS) \u2013 Intesa Sanpaolo apre al pubblico dal 30 aprile 2026 al 2 agosto 2026, nel suo museo delle Gallerie d\u2019Italia \u2013 Vicenza, \u201cGiorgia Lupi. L\u2019umanesimo dei dati\u201d, la prima mostra personale della celebre designer e partner di Pentagram Giorgia Lupi.L\u2019esposizione, a cura di Associazione Illustri, racconta la visione di una delle pi\u00f9 importanti [&hellip;]","og_url":"https:\/\/www.livemag.it\/index.php\/2026\/04\/29\/intesa-sanpaolo-a-vicenza-la-mostra-giorgia-lupi-lumanesimo-dei-dati\/","og_site_name":"Live Magazine","article_publisher":"https:\/\/www.facebook.com\/LiveMag\/","article_published_time":"2026-04-29T16:02:59+00:00","og_image":[{"width":1200,"height":675,"url":"https:\/\/www.livemag.it\/wp-content\/uploads\/2024\/02\/ograph.jpg","type":"image\/jpeg"}],"author":"italpress","twitter_card":"summary_large_image","twitter_creator":"@LiveNotizie","twitter_site":"@LiveNotizie","twitter_misc":{"Scritto da":"italpress","Tempo di lettura stimato":"5 minuti"},"schema":{"@context":"https:\/\/schema.org","@graph":[{"@type":"Article","@id":"https:\/\/www.livemag.it\/index.php\/2026\/04\/29\/intesa-sanpaolo-a-vicenza-la-mostra-giorgia-lupi-lumanesimo-dei-dati\/#article","isPartOf":{"@id":"https:\/\/www.livemag.it\/index.php\/2026\/04\/29\/intesa-sanpaolo-a-vicenza-la-mostra-giorgia-lupi-lumanesimo-dei-dati\/"},"author":{"name":"italpress","@id":"https:\/\/www.livemag.it\/#\/schema\/person\/b62c5f44451fdcdaeb0afe6c2424e73c"},"headline":"Intesa Sanpaolo, a Vicenza la mostra \u201cGiorgia Lupi. L\u2019umanesimo dei dati\u201d","datePublished":"2026-04-29T16:02:59+00:00","mainEntityOfPage":{"@id":"https:\/\/www.livemag.it\/index.php\/2026\/04\/29\/intesa-sanpaolo-a-vicenza-la-mostra-giorgia-lupi-lumanesimo-dei-dati\/"},"wordCount":1099,"publisher":{"@id":"https:\/\/www.livemag.it\/#organization"},"image":{"@id":"https:\/\/www.livemag.it\/index.php\/2026\/04\/29\/intesa-sanpaolo-a-vicenza-la-mostra-giorgia-lupi-lumanesimo-dei-dati\/#primaryimage"},"thumbnailUrl":"https:\/\/www.livemag.it\/wp-content\/uploads\/2026\/04\/20260429_1655.jpg","articleSection":["Mondo"],"inLanguage":"it-IT"},{"@type":"WebPage","@id":"https:\/\/www.livemag.it\/index.php\/2026\/04\/29\/intesa-sanpaolo-a-vicenza-la-mostra-giorgia-lupi-lumanesimo-dei-dati\/","url":"https:\/\/www.livemag.it\/index.php\/2026\/04\/29\/intesa-sanpaolo-a-vicenza-la-mostra-giorgia-lupi-lumanesimo-dei-dati\/","name":"Intesa Sanpaolo, a Vicenza la mostra \u201cGiorgia Lupi. L\u2019umanesimo dei dati\u201d - Live Magazine","isPartOf":{"@id":"https:\/\/www.livemag.it\/#website"},"primaryImageOfPage":{"@id":"https:\/\/www.livemag.it\/index.php\/2026\/04\/29\/intesa-sanpaolo-a-vicenza-la-mostra-giorgia-lupi-lumanesimo-dei-dati\/#primaryimage"},"image":{"@id":"https:\/\/www.livemag.it\/index.php\/2026\/04\/29\/intesa-sanpaolo-a-vicenza-la-mostra-giorgia-lupi-lumanesimo-dei-dati\/#primaryimage"},"thumbnailUrl":"https:\/\/www.livemag.it\/wp-content\/uploads\/2026\/04\/20260429_1655.jpg","datePublished":"2026-04-29T16:02:59+00:00","breadcrumb":{"@id":"https:\/\/www.livemag.it\/index.php\/2026\/04\/29\/intesa-sanpaolo-a-vicenza-la-mostra-giorgia-lupi-lumanesimo-dei-dati\/#breadcrumb"},"inLanguage":"it-IT","potentialAction":[{"@type":"ReadAction","target":["https:\/\/www.livemag.it\/index.php\/2026\/04\/29\/intesa-sanpaolo-a-vicenza-la-mostra-giorgia-lupi-lumanesimo-dei-dati\/"]}]},{"@type":"ImageObject","inLanguage":"it-IT","@id":"https:\/\/www.livemag.it\/index.php\/2026\/04\/29\/intesa-sanpaolo-a-vicenza-la-mostra-giorgia-lupi-lumanesimo-dei-dati\/#primaryimage","url":"https:\/\/www.livemag.it\/wp-content\/uploads\/2026\/04\/20260429_1655.jpg","contentUrl":"https:\/\/www.livemag.it\/wp-content\/uploads\/2026\/04\/20260429_1655.jpg","width":1200,"height":800},{"@type":"BreadcrumbList","@id":"https:\/\/www.livemag.it\/index.php\/2026\/04\/29\/intesa-sanpaolo-a-vicenza-la-mostra-giorgia-lupi-lumanesimo-dei-dati\/#breadcrumb","itemListElement":[{"@type":"ListItem","position":1,"name":"Home","item":"https:\/\/www.livemag.it\/"},{"@type":"ListItem","position":2,"name":"Intesa Sanpaolo, a Vicenza la mostra \u201cGiorgia Lupi. L\u2019umanesimo dei dati\u201d"}]},{"@type":"WebSite","@id":"https:\/\/www.livemag.it\/#website","url":"https:\/\/www.livemag.it\/","name":"Live Magazine","description":"Varie ed eventi","publisher":{"@id":"https:\/\/www.livemag.it\/#organization"},"potentialAction":[{"@type":"SearchAction","target":{"@type":"EntryPoint","urlTemplate":"https:\/\/www.livemag.it\/?s={search_term_string}"},"query-input":{"@type":"PropertyValueSpecification","valueRequired":true,"valueName":"search_term_string"}}],"inLanguage":"it-IT"},{"@type":"Organization","@id":"https:\/\/www.livemag.it\/#organization","name":"LiveMag","alternateName":"LiveMag News ed eventi","url":"https:\/\/www.livemag.it\/","logo":{"@type":"ImageObject","inLanguage":"it-IT","@id":"https:\/\/www.livemag.it\/#\/schema\/logo\/image\/","url":"https:\/\/www.livemag.it\/wp-content\/uploads\/2024\/02\/immagine-sito.jpg","contentUrl":"https:\/\/www.livemag.it\/wp-content\/uploads\/2024\/02\/immagine-sito.jpg","width":696,"height":696,"caption":"LiveMag"},"image":{"@id":"https:\/\/www.livemag.it\/#\/schema\/logo\/image\/"},"sameAs":["https:\/\/www.facebook.com\/LiveMag\/","https:\/\/x.com\/LiveNotizie","https:\/\/www.instagram.com\/livemag\/"]},{"@type":"Person","@id":"https:\/\/www.livemag.it\/#\/schema\/person\/b62c5f44451fdcdaeb0afe6c2424e73c","name":"italpress","image":{"@type":"ImageObject","inLanguage":"it-IT","@id":"https:\/\/secure.gravatar.com\/avatar\/b6a21695fc713ce7ee312cf57c97e2e641feb365be72d8745574d3c3e2b59066?s=96&r=g","url":"https:\/\/secure.gravatar.com\/avatar\/b6a21695fc713ce7ee312cf57c97e2e641feb365be72d8745574d3c3e2b59066?s=96&r=g","contentUrl":"https:\/\/secure.gravatar.com\/avatar\/b6a21695fc713ce7ee312cf57c97e2e641feb365be72d8745574d3c3e2b59066?s=96&r=g","caption":"italpress"},"description":"Italpress \u00e8 un'agenzia di stampa italiana a carattere nazionale.","url":"https:\/\/www.livemag.it\/index.php\/author\/italpress\/"}]}},"jetpack_featured_media_url":"https:\/\/www.livemag.it\/wp-content\/uploads\/2026\/04\/20260429_1655.jpg","_links":{"self":[{"href":"https:\/\/www.livemag.it\/index.php\/wp-json\/wp\/v2\/posts\/75194","targetHints":{"allow":["GET"]}}],"collection":[{"href":"https:\/\/www.livemag.it\/index.php\/wp-json\/wp\/v2\/posts"}],"about":[{"href":"https:\/\/www.livemag.it\/index.php\/wp-json\/wp\/v2\/types\/post"}],"author":[{"embeddable":true,"href":"https:\/\/www.livemag.it\/index.php\/wp-json\/wp\/v2\/users\/16"}],"replies":[{"embeddable":true,"href":"https:\/\/www.livemag.it\/index.php\/wp-json\/wp\/v2\/comments?post=75194"}],"version-history":[{"count":0,"href":"https:\/\/www.livemag.it\/index.php\/wp-json\/wp\/v2\/posts\/75194\/revisions"}],"wp:featuredmedia":[{"embeddable":true,"href":"https:\/\/www.livemag.it\/index.php\/wp-json\/wp\/v2\/media\/75195"}],"wp:attachment":[{"href":"https:\/\/www.livemag.it\/index.php\/wp-json\/wp\/v2\/media?parent=75194"}],"wp:term":[{"taxonomy":"category","embeddable":true,"href":"https:\/\/www.livemag.it\/index.php\/wp-json\/wp\/v2\/categories?post=75194"},{"taxonomy":"post_tag","embeddable":true,"href":"https:\/\/www.livemag.it\/index.php\/wp-json\/wp\/v2\/tags?post=75194"}],"curies":[{"name":"wp","href":"https:\/\/api.w.org\/{rel}","templated":true}]}}