{"id":75176,"date":"2026-04-29T15:02:59","date_gmt":"2026-04-29T13:02:59","guid":{"rendered":"https:\/\/www.livemag.it\/index.php\/2026\/04\/29\/tajani-sullenergia-lunione-europea-deve-essere-piu-elastica\/"},"modified":"2026-04-29T15:02:59","modified_gmt":"2026-04-29T13:02:59","slug":"tajani-sullenergia-lunione-europea-deve-essere-piu-elastica","status":"publish","type":"post","link":"https:\/\/www.livemag.it\/index.php\/2026\/04\/29\/tajani-sullenergia-lunione-europea-deve-essere-piu-elastica\/","title":{"rendered":"<div>Tajani &#8220;Sull&#8217;energia l&#8217;Unione Europea deve essere pi\u00f9 elastica&#8221;<\/div>"},"content":{"rendered":"<p>    <video-js id=\"videojs69f23e67e91cd\" class=\"vjs-big-play-centered\" controls preload=\"auto\" playsinline data-setup='{\"fluid\": true}'>\r\n        <source src=\"https:\/\/video.italpress.com\/play\/mp4\/video\/2l8J\" type=\"video\/mp4\" \/>\r\n    <\/video-js>\r\n           <br \/>\n<\/p>\n<div> TORINO (ITALPRESS) &#8211; &#8220;Credo che ci debba essere pi\u00f9 elasticit\u00e0 da parte dell&#8217;Unione Europea soprattutto per quanto riguarda la questione energetica. Non credo che la proposta di liberalizzare gli aiuti di Stato possa essere utile, perch\u00e9 non essendoci armonizzazione fiscale si rischia di creare disequilibrio e fare della concorrenza sleale. Quindi credo che serva pi\u00f9 flessibilit\u00e0 e estendere alle spese per l&#8217;energia la possibilit\u00e0 di stare fuori dal patto, cos\u00ec come si pensa di fare per le spese per la Difesa&#8221;. Cos\u00ec il vicepremier e ministro degli Esteri, Antonio Tajani, a margine di un evento sull&#8217;export organizzato oggi a Torino.<\/p>\n<p>xn3\/ads\/azn\/mca2<\/p><\/div>\n","protected":false},"excerpt":{"rendered":"<p>TORINO (ITALPRESS) &#8211; &#8220;Credo che ci debba essere pi\u00f9 elasticit\u00e0 da parte dell&#8217;Unione Europea soprattutto per quanto riguarda la questione energetica. Non credo che la proposta di liberalizzare gli aiuti di Stato possa essere utile, perch\u00e9 non essendoci armonizzazione fiscale si rischia di creare disequilibrio e fare della concorrenza sleale. Quindi credo che serva pi\u00f9 [&hellip;]<\/p>\n","protected":false},"author":16,"featured_media":75177,"comment_status":"closed","ping_status":"closed","sticky":false,"template":"","format":"video","meta":{"jnews-multi-image_gallery":[],"jnews_single_post":[],"jnews_primary_category":[],"jnews_social_meta":[],"jnews_override_counter":[],"jnews_post_split":[],"footnotes":""},"categories":[1171],"tags":[],"class_list":["post-75176","post","type-post","status-publish","format-video","has-post-thumbnail","hentry","category-video","post_format-post-format-video"],"yoast_head":"<!-- This site is optimized with the Yoast SEO plugin v27.5 - https:\/\/yoast.com\/product\/yoast-seo-wordpress\/ -->\n<title>Tajani &quot;Sull&#039;energia l&#039;Unione Europea deve essere pi\u00f9 elastica&quot; - Live Magazine<\/title>\n<meta name=\"robots\" content=\"index, follow, max-snippet:-1, max-image-preview:large, max-video-preview:-1\" \/>\n<link rel=\"canonical\" href=\"https:\/\/www.livemag.it\/index.php\/2026\/04\/29\/tajani-sullenergia-lunione-europea-deve-essere-piu-elastica\/\" \/>\n<meta property=\"og:locale\" content=\"it_IT\" \/>\n<meta property=\"og:type\" content=\"article\" \/>\n<meta property=\"og:title\" content=\"Tajani &quot;Sull&#039;energia l&#039;Unione Europea deve essere pi\u00f9 elastica&quot; - Live Magazine\" \/>\n<meta property=\"og:description\" content=\"TORINO (ITALPRESS) &#8211; &#8220;Credo che ci debba essere pi\u00f9 elasticit\u00e0 da parte dell&#8217;Unione Europea soprattutto per quanto riguarda la questione energetica. Non credo che la proposta di liberalizzare gli aiuti di Stato possa essere utile, perch\u00e9 non essendoci armonizzazione fiscale si rischia di creare disequilibrio e fare della concorrenza sleale. Quindi credo che serva pi\u00f9 [&hellip;]\" \/>\n<meta property=\"og:url\" content=\"https:\/\/www.livemag.it\/index.php\/2026\/04\/29\/tajani-sullenergia-lunione-europea-deve-essere-piu-elastica\/\" \/>\n<meta property=\"og:site_name\" content=\"Live Magazine\" \/>\n<meta property=\"article:publisher\" content=\"https:\/\/www.facebook.com\/LiveMag\/\" \/>\n<meta property=\"article:published_time\" content=\"2026-04-29T13:02:59+00:00\" \/>\n<meta property=\"og:image\" content=\"https:\/\/www.livemag.it\/wp-content\/uploads\/2024\/02\/ograph.jpg\" \/>\n\t<meta property=\"og:image:width\" content=\"1200\" \/>\n\t<meta property=\"og:image:height\" content=\"675\" \/>\n\t<meta property=\"og:image:type\" content=\"image\/jpeg\" \/>\n<meta name=\"author\" content=\"italpress\" \/>\n<meta name=\"twitter:card\" content=\"summary_large_image\" \/>\n<meta name=\"twitter:creator\" content=\"@LiveNotizie\" \/>\n<meta name=\"twitter:site\" content=\"@LiveNotizie\" \/>\n<meta name=\"twitter:label1\" content=\"Scritto da\" \/>\n\t<meta name=\"twitter:data1\" content=\"italpress\" \/>\n\t<meta name=\"twitter:label2\" content=\"Tempo di lettura stimato\" \/>\n\t<meta name=\"twitter:data2\" content=\"1 minuto\" \/>\n<script type=\"application\/ld+json\" class=\"yoast-schema-graph\">{\"@context\":\"https:\\\/\\\/schema.org\",\"@graph\":[{\"@type\":\"Article\",\"@id\":\"https:\\\/\\\/www.livemag.it\\\/index.php\\\/2026\\\/04\\\/29\\\/tajani-sullenergia-lunione-europea-deve-essere-piu-elastica\\\/#article\",\"isPartOf\":{\"@id\":\"https:\\\/\\\/www.livemag.it\\\/index.php\\\/2026\\\/04\\\/29\\\/tajani-sullenergia-lunione-europea-deve-essere-piu-elastica\\\/\"},\"author\":{\"name\":\"italpress\",\"@id\":\"https:\\\/\\\/www.livemag.it\\\/#\\\/schema\\\/person\\\/b62c5f44451fdcdaeb0afe6c2424e73c\"},\"headline\":\"Tajani &#8220;Sull&#8217;energia l&#8217;Unione Europea deve essere pi\u00f9 elastica&#8221;\",\"datePublished\":\"2026-04-29T13:02:59+00:00\",\"mainEntityOfPage\":{\"@id\":\"https:\\\/\\\/www.livemag.it\\\/index.php\\\/2026\\\/04\\\/29\\\/tajani-sullenergia-lunione-europea-deve-essere-piu-elastica\\\/\"},\"wordCount\":129,\"publisher\":{\"@id\":\"https:\\\/\\\/www.livemag.it\\\/#organization\"},\"image\":{\"@id\":\"https:\\\/\\\/www.livemag.it\\\/index.php\\\/2026\\\/04\\\/29\\\/tajani-sullenergia-lunione-europea-deve-essere-piu-elastica\\\/#primaryimage\"},\"thumbnailUrl\":\"https:\\\/\\\/www.livemag.it\\\/wp-content\\\/uploads\\\/2026\\\/04\\\/2l8J.jpg\",\"articleSection\":[\"Video\"],\"inLanguage\":\"it-IT\"},{\"@type\":\"WebPage\",\"@id\":\"https:\\\/\\\/www.livemag.it\\\/index.php\\\/2026\\\/04\\\/29\\\/tajani-sullenergia-lunione-europea-deve-essere-piu-elastica\\\/\",\"url\":\"https:\\\/\\\/www.livemag.it\\\/index.php\\\/2026\\\/04\\\/29\\\/tajani-sullenergia-lunione-europea-deve-essere-piu-elastica\\\/\",\"name\":\"Tajani \\\"Sull'energia l'Unione Europea deve essere pi\u00f9 elastica\\\" - Live Magazine\",\"isPartOf\":{\"@id\":\"https:\\\/\\\/www.livemag.it\\\/#website\"},\"primaryImageOfPage\":{\"@id\":\"https:\\\/\\\/www.livemag.it\\\/index.php\\\/2026\\\/04\\\/29\\\/tajani-sullenergia-lunione-europea-deve-essere-piu-elastica\\\/#primaryimage\"},\"image\":{\"@id\":\"https:\\\/\\\/www.livemag.it\\\/index.php\\\/2026\\\/04\\\/29\\\/tajani-sullenergia-lunione-europea-deve-essere-piu-elastica\\\/#primaryimage\"},\"thumbnailUrl\":\"https:\\\/\\\/www.livemag.it\\\/wp-content\\\/uploads\\\/2026\\\/04\\\/2l8J.jpg\",\"datePublished\":\"2026-04-29T13:02:59+00:00\",\"breadcrumb\":{\"@id\":\"https:\\\/\\\/www.livemag.it\\\/index.php\\\/2026\\\/04\\\/29\\\/tajani-sullenergia-lunione-europea-deve-essere-piu-elastica\\\/#breadcrumb\"},\"inLanguage\":\"it-IT\",\"potentialAction\":[{\"@type\":\"ReadAction\",\"target\":[\"https:\\\/\\\/www.livemag.it\\\/index.php\\\/2026\\\/04\\\/29\\\/tajani-sullenergia-lunione-europea-deve-essere-piu-elastica\\\/\"]}]},{\"@type\":\"ImageObject\",\"inLanguage\":\"it-IT\",\"@id\":\"https:\\\/\\\/www.livemag.it\\\/index.php\\\/2026\\\/04\\\/29\\\/tajani-sullenergia-lunione-europea-deve-essere-piu-elastica\\\/#primaryimage\",\"url\":\"https:\\\/\\\/www.livemag.it\\\/wp-content\\\/uploads\\\/2026\\\/04\\\/2l8J.jpg\",\"contentUrl\":\"https:\\\/\\\/www.livemag.it\\\/wp-content\\\/uploads\\\/2026\\\/04\\\/2l8J.jpg\",\"width\":1920,\"height\":1080},{\"@type\":\"BreadcrumbList\",\"@id\":\"https:\\\/\\\/www.livemag.it\\\/index.php\\\/2026\\\/04\\\/29\\\/tajani-sullenergia-lunione-europea-deve-essere-piu-elastica\\\/#breadcrumb\",\"itemListElement\":[{\"@type\":\"ListItem\",\"position\":1,\"name\":\"Home\",\"item\":\"https:\\\/\\\/www.livemag.it\\\/\"},{\"@type\":\"ListItem\",\"position\":2,\"name\":\"Tajani &#8220;Sull&#8217;energia l&#8217;Unione Europea deve essere pi\u00f9 elastica&#8221;\"}]},{\"@type\":\"WebSite\",\"@id\":\"https:\\\/\\\/www.livemag.it\\\/#website\",\"url\":\"https:\\\/\\\/www.livemag.it\\\/\",\"name\":\"Live Magazine\",\"description\":\"Varie ed eventi\",\"publisher\":{\"@id\":\"https:\\\/\\\/www.livemag.it\\\/#organization\"},\"potentialAction\":[{\"@type\":\"SearchAction\",\"target\":{\"@type\":\"EntryPoint\",\"urlTemplate\":\"https:\\\/\\\/www.livemag.it\\\/?s={search_term_string}\"},\"query-input\":{\"@type\":\"PropertyValueSpecification\",\"valueRequired\":true,\"valueName\":\"search_term_string\"}}],\"inLanguage\":\"it-IT\"},{\"@type\":\"Organization\",\"@id\":\"https:\\\/\\\/www.livemag.it\\\/#organization\",\"name\":\"LiveMag\",\"alternateName\":\"LiveMag News ed eventi\",\"url\":\"https:\\\/\\\/www.livemag.it\\\/\",\"logo\":{\"@type\":\"ImageObject\",\"inLanguage\":\"it-IT\",\"@id\":\"https:\\\/\\\/www.livemag.it\\\/#\\\/schema\\\/logo\\\/image\\\/\",\"url\":\"https:\\\/\\\/www.livemag.it\\\/wp-content\\\/uploads\\\/2024\\\/02\\\/immagine-sito.jpg\",\"contentUrl\":\"https:\\\/\\\/www.livemag.it\\\/wp-content\\\/uploads\\\/2024\\\/02\\\/immagine-sito.jpg\",\"width\":696,\"height\":696,\"caption\":\"LiveMag\"},\"image\":{\"@id\":\"https:\\\/\\\/www.livemag.it\\\/#\\\/schema\\\/logo\\\/image\\\/\"},\"sameAs\":[\"https:\\\/\\\/www.facebook.com\\\/LiveMag\\\/\",\"https:\\\/\\\/x.com\\\/LiveNotizie\",\"https:\\\/\\\/www.instagram.com\\\/livemag\\\/\"]},{\"@type\":\"Person\",\"@id\":\"https:\\\/\\\/www.livemag.it\\\/#\\\/schema\\\/person\\\/b62c5f44451fdcdaeb0afe6c2424e73c\",\"name\":\"italpress\",\"image\":{\"@type\":\"ImageObject\",\"inLanguage\":\"it-IT\",\"@id\":\"https:\\\/\\\/secure.gravatar.com\\\/avatar\\\/b6a21695fc713ce7ee312cf57c97e2e641feb365be72d8745574d3c3e2b59066?s=96&r=g\",\"url\":\"https:\\\/\\\/secure.gravatar.com\\\/avatar\\\/b6a21695fc713ce7ee312cf57c97e2e641feb365be72d8745574d3c3e2b59066?s=96&r=g\",\"contentUrl\":\"https:\\\/\\\/secure.gravatar.com\\\/avatar\\\/b6a21695fc713ce7ee312cf57c97e2e641feb365be72d8745574d3c3e2b59066?s=96&r=g\",\"caption\":\"italpress\"},\"description\":\"Italpress \u00e8 un'agenzia di stampa italiana a carattere nazionale.\",\"url\":\"https:\\\/\\\/www.livemag.it\\\/index.php\\\/author\\\/italpress\\\/\"}]}<\/script>\n<!-- \/ Yoast SEO plugin. -->","yoast_head_json":{"title":"Tajani \"Sull'energia l'Unione Europea deve essere pi\u00f9 elastica\" - Live Magazine","robots":{"index":"index","follow":"follow","max-snippet":"max-snippet:-1","max-image-preview":"max-image-preview:large","max-video-preview":"max-video-preview:-1"},"canonical":"https:\/\/www.livemag.it\/index.php\/2026\/04\/29\/tajani-sullenergia-lunione-europea-deve-essere-piu-elastica\/","og_locale":"it_IT","og_type":"article","og_title":"Tajani \"Sull'energia l'Unione Europea deve essere pi\u00f9 elastica\" - Live Magazine","og_description":"TORINO (ITALPRESS) &#8211; &#8220;Credo che ci debba essere pi\u00f9 elasticit\u00e0 da parte dell&#8217;Unione Europea soprattutto per quanto riguarda la questione energetica. Non credo che la proposta di liberalizzare gli aiuti di Stato possa essere utile, perch\u00e9 non essendoci armonizzazione fiscale si rischia di creare disequilibrio e fare della concorrenza sleale. Quindi credo che serva pi\u00f9 [&hellip;]","og_url":"https:\/\/www.livemag.it\/index.php\/2026\/04\/29\/tajani-sullenergia-lunione-europea-deve-essere-piu-elastica\/","og_site_name":"Live Magazine","article_publisher":"https:\/\/www.facebook.com\/LiveMag\/","article_published_time":"2026-04-29T13:02:59+00:00","og_image":[{"width":1200,"height":675,"url":"https:\/\/www.livemag.it\/wp-content\/uploads\/2024\/02\/ograph.jpg","type":"image\/jpeg"}],"author":"italpress","twitter_card":"summary_large_image","twitter_creator":"@LiveNotizie","twitter_site":"@LiveNotizie","twitter_misc":{"Scritto da":"italpress","Tempo di lettura stimato":"1 minuto"},"schema":{"@context":"https:\/\/schema.org","@graph":[{"@type":"Article","@id":"https:\/\/www.livemag.it\/index.php\/2026\/04\/29\/tajani-sullenergia-lunione-europea-deve-essere-piu-elastica\/#article","isPartOf":{"@id":"https:\/\/www.livemag.it\/index.php\/2026\/04\/29\/tajani-sullenergia-lunione-europea-deve-essere-piu-elastica\/"},"author":{"name":"italpress","@id":"https:\/\/www.livemag.it\/#\/schema\/person\/b62c5f44451fdcdaeb0afe6c2424e73c"},"headline":"Tajani &#8220;Sull&#8217;energia l&#8217;Unione Europea deve essere pi\u00f9 elastica&#8221;","datePublished":"2026-04-29T13:02:59+00:00","mainEntityOfPage":{"@id":"https:\/\/www.livemag.it\/index.php\/2026\/04\/29\/tajani-sullenergia-lunione-europea-deve-essere-piu-elastica\/"},"wordCount":129,"publisher":{"@id":"https:\/\/www.livemag.it\/#organization"},"image":{"@id":"https:\/\/www.livemag.it\/index.php\/2026\/04\/29\/tajani-sullenergia-lunione-europea-deve-essere-piu-elastica\/#primaryimage"},"thumbnailUrl":"https:\/\/www.livemag.it\/wp-content\/uploads\/2026\/04\/2l8J.jpg","articleSection":["Video"],"inLanguage":"it-IT"},{"@type":"WebPage","@id":"https:\/\/www.livemag.it\/index.php\/2026\/04\/29\/tajani-sullenergia-lunione-europea-deve-essere-piu-elastica\/","url":"https:\/\/www.livemag.it\/index.php\/2026\/04\/29\/tajani-sullenergia-lunione-europea-deve-essere-piu-elastica\/","name":"Tajani \"Sull'energia l'Unione Europea deve essere pi\u00f9 elastica\" - Live Magazine","isPartOf":{"@id":"https:\/\/www.livemag.it\/#website"},"primaryImageOfPage":{"@id":"https:\/\/www.livemag.it\/index.php\/2026\/04\/29\/tajani-sullenergia-lunione-europea-deve-essere-piu-elastica\/#primaryimage"},"image":{"@id":"https:\/\/www.livemag.it\/index.php\/2026\/04\/29\/tajani-sullenergia-lunione-europea-deve-essere-piu-elastica\/#primaryimage"},"thumbnailUrl":"https:\/\/www.livemag.it\/wp-content\/uploads\/2026\/04\/2l8J.jpg","datePublished":"2026-04-29T13:02:59+00:00","breadcrumb":{"@id":"https:\/\/www.livemag.it\/index.php\/2026\/04\/29\/tajani-sullenergia-lunione-europea-deve-essere-piu-elastica\/#breadcrumb"},"inLanguage":"it-IT","potentialAction":[{"@type":"ReadAction","target":["https:\/\/www.livemag.it\/index.php\/2026\/04\/29\/tajani-sullenergia-lunione-europea-deve-essere-piu-elastica\/"]}]},{"@type":"ImageObject","inLanguage":"it-IT","@id":"https:\/\/www.livemag.it\/index.php\/2026\/04\/29\/tajani-sullenergia-lunione-europea-deve-essere-piu-elastica\/#primaryimage","url":"https:\/\/www.livemag.it\/wp-content\/uploads\/2026\/04\/2l8J.jpg","contentUrl":"https:\/\/www.livemag.it\/wp-content\/uploads\/2026\/04\/2l8J.jpg","width":1920,"height":1080},{"@type":"BreadcrumbList","@id":"https:\/\/www.livemag.it\/index.php\/2026\/04\/29\/tajani-sullenergia-lunione-europea-deve-essere-piu-elastica\/#breadcrumb","itemListElement":[{"@type":"ListItem","position":1,"name":"Home","item":"https:\/\/www.livemag.it\/"},{"@type":"ListItem","position":2,"name":"Tajani &#8220;Sull&#8217;energia l&#8217;Unione Europea deve essere pi\u00f9 elastica&#8221;"}]},{"@type":"WebSite","@id":"https:\/\/www.livemag.it\/#website","url":"https:\/\/www.livemag.it\/","name":"Live Magazine","description":"Varie ed eventi","publisher":{"@id":"https:\/\/www.livemag.it\/#organization"},"potentialAction":[{"@type":"SearchAction","target":{"@type":"EntryPoint","urlTemplate":"https:\/\/www.livemag.it\/?s={search_term_string}"},"query-input":{"@type":"PropertyValueSpecification","valueRequired":true,"valueName":"search_term_string"}}],"inLanguage":"it-IT"},{"@type":"Organization","@id":"https:\/\/www.livemag.it\/#organization","name":"LiveMag","alternateName":"LiveMag News ed eventi","url":"https:\/\/www.livemag.it\/","logo":{"@type":"ImageObject","inLanguage":"it-IT","@id":"https:\/\/www.livemag.it\/#\/schema\/logo\/image\/","url":"https:\/\/www.livemag.it\/wp-content\/uploads\/2024\/02\/immagine-sito.jpg","contentUrl":"https:\/\/www.livemag.it\/wp-content\/uploads\/2024\/02\/immagine-sito.jpg","width":696,"height":696,"caption":"LiveMag"},"image":{"@id":"https:\/\/www.livemag.it\/#\/schema\/logo\/image\/"},"sameAs":["https:\/\/www.facebook.com\/LiveMag\/","https:\/\/x.com\/LiveNotizie","https:\/\/www.instagram.com\/livemag\/"]},{"@type":"Person","@id":"https:\/\/www.livemag.it\/#\/schema\/person\/b62c5f44451fdcdaeb0afe6c2424e73c","name":"italpress","image":{"@type":"ImageObject","inLanguage":"it-IT","@id":"https:\/\/secure.gravatar.com\/avatar\/b6a21695fc713ce7ee312cf57c97e2e641feb365be72d8745574d3c3e2b59066?s=96&r=g","url":"https:\/\/secure.gravatar.com\/avatar\/b6a21695fc713ce7ee312cf57c97e2e641feb365be72d8745574d3c3e2b59066?s=96&r=g","contentUrl":"https:\/\/secure.gravatar.com\/avatar\/b6a21695fc713ce7ee312cf57c97e2e641feb365be72d8745574d3c3e2b59066?s=96&r=g","caption":"italpress"},"description":"Italpress \u00e8 un'agenzia di stampa italiana a carattere nazionale.","url":"https:\/\/www.livemag.it\/index.php\/author\/italpress\/"}]}},"jetpack_featured_media_url":"https:\/\/www.livemag.it\/wp-content\/uploads\/2026\/04\/2l8J.jpg","_links":{"self":[{"href":"https:\/\/www.livemag.it\/index.php\/wp-json\/wp\/v2\/posts\/75176","targetHints":{"allow":["GET"]}}],"collection":[{"href":"https:\/\/www.livemag.it\/index.php\/wp-json\/wp\/v2\/posts"}],"about":[{"href":"https:\/\/www.livemag.it\/index.php\/wp-json\/wp\/v2\/types\/post"}],"author":[{"embeddable":true,"href":"https:\/\/www.livemag.it\/index.php\/wp-json\/wp\/v2\/users\/16"}],"replies":[{"embeddable":true,"href":"https:\/\/www.livemag.it\/index.php\/wp-json\/wp\/v2\/comments?post=75176"}],"version-history":[{"count":0,"href":"https:\/\/www.livemag.it\/index.php\/wp-json\/wp\/v2\/posts\/75176\/revisions"}],"wp:featuredmedia":[{"embeddable":true,"href":"https:\/\/www.livemag.it\/index.php\/wp-json\/wp\/v2\/media\/75177"}],"wp:attachment":[{"href":"https:\/\/www.livemag.it\/index.php\/wp-json\/wp\/v2\/media?parent=75176"}],"wp:term":[{"taxonomy":"category","embeddable":true,"href":"https:\/\/www.livemag.it\/index.php\/wp-json\/wp\/v2\/categories?post=75176"},{"taxonomy":"post_tag","embeddable":true,"href":"https:\/\/www.livemag.it\/index.php\/wp-json\/wp\/v2\/tags?post=75176"}],"curies":[{"name":"wp","href":"https:\/\/api.w.org\/{rel}","templated":true}]}}