{"id":75166,"date":"2026-04-29T13:23:53","date_gmt":"2026-04-29T11:23:53","guid":{"rendered":"https:\/\/www.livemag.it\/?p=75166"},"modified":"2026-04-29T13:24:01","modified_gmt":"2026-04-29T11:24:01","slug":"oceanman-cattolica-emilia-romagna-e-la-regina-e-capitale-del-nuoto-in-mare-dal-22-al-24-maggio-2026","status":"publish","type":"post","link":"https:\/\/www.livemag.it\/index.php\/2026\/04\/29\/oceanman-cattolica-emilia-romagna-e-la-regina-e-capitale-del-nuoto-in-mare-dal-22-al-24-maggio-2026\/","title":{"rendered":"OCEANMAN Cattolica Emilia Romagna e la Regina \u00e8 capitale del nuoto in mare, dal 22 al 24 maggio 2026"},"content":{"rendered":"\n<h4 class=\"wp-block-heading\">Cattolica, a fine maggio 2026, torna capitale mondiale del nuoto in mare con OCEANMAN Cattolica Emilia Romagna. Gi\u00e0 lo scorso 20 aprile le iscrizioni erano davvero molte: quasi sold out la gara regina con 90% dei posti disponibili gi\u00e0 occupati da nuotatori di tutto il mondo (OCEANMAN, 10 km), tante presenze \u2013 82% \u2013 nella HALF OCEANMAN (5 km).<\/h4>\n\n\n\n<p>Sar\u00e0 un weekend indimenticabile, a Cattolica, all\u2019insegna dello sport, del mare e dell\u2019energia straordinaria che solo il circuito di nuoto in acque libere di riferimento al mondo sa sprigionare\u2026 e pure dell\u2019accoglienza, che a Cattolica e in tutta la Romagna \u00e8 sempre eccellente.<\/p>\n\n\n\n<h4 class=\"wp-block-heading\">Ad OCEANMAN si nuota in sicurezza, visto che ogni nuotatore nuota sempre con la sua boa. OCEANMAN Cattolica Emilia Romagna, in particolare, ha da sempre un dispositivo di sicurezza collaudato, che mette insieme volontari e professionisti del soccorso: moto d\u2019acqua con barelle, gommoni, soccoritori anche sulla terraferma. Anche chi nuota molto bene pu\u00f2 avere un momento di difficolt\u00e0, soprattutto i piccoli protagonisti di OCEANKIDS, ma non solo loro.<\/h4>\n\n\n\n<p>\u00c8 gi\u00e0 definito il programma: OCEANMAN Cattolica Emilia Romagna 2026 prender\u00e0 il via venerd\u00ec 22 maggio. La giornata si aprir\u00e0 alle ore 15:00 con la Conferenza Stampa ufficiale con organizzatori ed autorit\u00e0, seguita alle ore 19:00 dal Race Briefing, un appuntamento fondamentale dove verranno fornite tutte le informazioni tecniche e di sicurezza necessarie agli atleti per affrontare al meglio le sfide in mare. Dalle 15 di venerd\u00ec apre il vilaggio di OCEAMAN, dove ritirare il proprio pettorale, trovare informazioni\u2026 e tanti altri appassionati di nuoto.<\/p>\n\n\n\n<p>Sabato 23 maggio sar\u00e0 il \u201cGiorno di Gara 1\u201d, dedicato alla velocit\u00e0 e alla condivisione. Si parte alle 13:00 con la SPRINT (2km), per chi vuole testare i propri limiti sulla breve distanza, che poi tanto breve non \u00e8. Alle 16:00 spazio ai pi\u00f9 piccoli con la OCEANKIDS (500m). Alle 17:00 chiuder\u00e0 il pomeriggio la OCEANTEAMS (500m nuotati da tre atleti), la gara a squadre che esalta lo spirito di gruppo.<\/p>\n\n\n\n<p>Domenica 24 maggio sar\u00e0 invece il \u201cGrande Giorno\u201d, dedicato agli amanti della lunga distanza e della resistenza: Alle 10:00 scatter\u00e0 la prova regina, la OCEANMAN (10km). Alle 11:00 sar\u00e0 la volta della HALF OCEANMAN (5km).<\/p>\n\n\n\n<p>OCEANMAN Cattolica Emilia Romagna non \u00e8 solo una competizione, ma una vera e propria esperienza di vita. Per chi desidera vivere il weekend al massimo, l\u2019organizzazione ha previsto una promozione speciale: partecipando a due diverse competizioni, si otterr\u00e0 uno sconto sulla seconda iscrizione.<\/p>\n\n\n\n<p>Sole, mare e una competizione vibrante: Cattolica aspetta nuotatori ed accompagnatori per un\u2019esperienza che promette di restare nel cuore di ogni partecipante. Il programma completo \u00e8 disponibile sul sito ufficiale.<\/p>\n\n\n\n<p><\/p>\n\n\n\n<h4 class=\"wp-block-heading\"><em><a href=\"https:\/\/www.instagram.com\/oceanman_italy\/\">OCEANMAN Cattolica Emilia Romagna<\/a> accoglie fin dal 2020 nuotatori di ogni livello e provenienza, per unirsi in un\u2019emozionante celebrazione del nuoto e del cameratismo sportivo. Che si tratti di competere per il podio o semplicemente di godersi la bellezza del Mare Adriatico, i partecipanti all\u2019evento, grazie all\u2019ospitalit\u00e0 e alla convivialit\u00e0 romagnola, sono sicuri di creare ricordi duraturi e di stringere amicizie che spesso durano per tutta la vita.<\/em><\/h4>\n\n\n\n<p>Si sceglie tra i 10 km della OCEANMAN, i 5 km della Half OCEANMAN di domenica 24 maggio \u201926 ed i i 2 km della SPRINT di sabato 23 maggio. Non solo, sabato c\u2019\u00e8 anche una gara di 500 metri riservata ai pi\u00f9 giovani, OCEANKIDS ed una scatenata staffetta, OCEANTEAMS.<\/p>\n\n\n\n<p>Nata nel 2015, OCEANMAN \u00e8 la pi\u00f9 importante serie di competizioni a livello internazionale dedicata al nuoto \u201copen water\u201d (in acque libere) e l\u2019appuntamento in Romagna \u00e8 tra i pi\u00f9 partecipati dell\u2019intero calendario mondiale.<\/p>\n","protected":false},"excerpt":{"rendered":"<p>Cattolica, a fine maggio 2026, torna capitale mondiale del nuoto in mare con OCEANMAN Cattolica Emilia Romagna. Gi\u00e0 lo scorso 20 aprile le iscrizioni erano davvero molte: quasi sold out la gara regina con 90% dei posti disponibili gi\u00e0 occupati da nuotatori di tutto il mondo (OCEANMAN, 10 km), tante presenze \u2013 82% \u2013 nella [&hellip;]<\/p>\n","protected":false},"author":21,"featured_media":75167,"comment_status":"open","ping_status":"open","sticky":false,"template":"","format":"standard","meta":{"jnews-multi-image_gallery":[],"jnews_single_post":{"format":"standard"},"jnews_primary_category":[],"jnews_social_meta":[],"jnews_override_counter":[],"jnews_post_split":[],"footnotes":""},"categories":[1372],"tags":[1842],"class_list":["post-75166","post","type-post","status-publish","format-standard","has-post-thumbnail","hentry","category-good-life","tag-oceanman"],"yoast_head":"<!-- This site is optimized with the Yoast SEO plugin v27.5 - https:\/\/yoast.com\/product\/yoast-seo-wordpress\/ -->\n<title>OCEANMAN Cattolica Emilia Romagna e la Regina \u00e8 capitale del nuoto in mare, dal 22 al 24 maggio 2026 - Live Magazine<\/title>\n<meta name=\"description\" content=\"OCEANMAN Cattolica Emilia Romagna e la Regina \u00e8 capitale del nuoto in mare, dal 22 al 24 maggio 2026. Si tratta ...\" \/>\n<meta name=\"robots\" content=\"index, follow, max-snippet:-1, max-image-preview:large, max-video-preview:-1\" \/>\n<link rel=\"canonical\" href=\"https:\/\/www.livemag.it\/index.php\/2026\/04\/29\/oceanman-cattolica-emilia-romagna-e-la-regina-e-capitale-del-nuoto-in-mare-dal-22-al-24-maggio-2026\/\" \/>\n<meta property=\"og:locale\" content=\"it_IT\" \/>\n<meta property=\"og:type\" content=\"article\" \/>\n<meta property=\"og:title\" content=\"OCEANMAN Cattolica Emilia Romagna e la Regina \u00e8 capitale del nuoto in mare, dal 22 al 24 maggio 2026 - Live Magazine\" \/>\n<meta property=\"og:description\" content=\"OCEANMAN Cattolica Emilia Romagna e la Regina \u00e8 capitale del nuoto in mare, dal 22 al 24 maggio 2026. Si tratta ...\" \/>\n<meta property=\"og:url\" content=\"https:\/\/www.livemag.it\/index.php\/2026\/04\/29\/oceanman-cattolica-emilia-romagna-e-la-regina-e-capitale-del-nuoto-in-mare-dal-22-al-24-maggio-2026\/\" \/>\n<meta property=\"og:site_name\" content=\"Live Magazine\" \/>\n<meta property=\"article:publisher\" content=\"https:\/\/www.facebook.com\/LiveMag\/\" \/>\n<meta property=\"article:published_time\" content=\"2026-04-29T11:23:53+00:00\" \/>\n<meta property=\"article:modified_time\" content=\"2026-04-29T11:24:01+00:00\" \/>\n<meta property=\"og:image\" content=\"https:\/\/www.livemag.it\/wp-content\/uploads\/2026\/04\/mare.jpg\" \/>\n\t<meta property=\"og:image:width\" content=\"850\" \/>\n\t<meta property=\"og:image:height\" content=\"478\" \/>\n\t<meta property=\"og:image:type\" content=\"image\/jpeg\" \/>\n<meta name=\"author\" content=\"Lorenzo Tiezzi\" \/>\n<meta name=\"twitter:card\" content=\"summary_large_image\" \/>\n<meta name=\"twitter:creator\" content=\"@LiveNotizie\" \/>\n<meta name=\"twitter:site\" content=\"@LiveNotizie\" \/>\n<meta name=\"twitter:label1\" content=\"Scritto da\" \/>\n\t<meta name=\"twitter:data1\" content=\"Lorenzo Tiezzi\" \/>\n\t<meta name=\"twitter:label2\" content=\"Tempo di lettura stimato\" \/>\n\t<meta name=\"twitter:data2\" content=\"4 minuti\" \/>\n<script type=\"application\/ld+json\" class=\"yoast-schema-graph\">{\"@context\":\"https:\\\/\\\/schema.org\",\"@graph\":[{\"@type\":\"Article\",\"@id\":\"https:\\\/\\\/www.livemag.it\\\/index.php\\\/2026\\\/04\\\/29\\\/oceanman-cattolica-emilia-romagna-e-la-regina-e-capitale-del-nuoto-in-mare-dal-22-al-24-maggio-2026\\\/#article\",\"isPartOf\":{\"@id\":\"https:\\\/\\\/www.livemag.it\\\/index.php\\\/2026\\\/04\\\/29\\\/oceanman-cattolica-emilia-romagna-e-la-regina-e-capitale-del-nuoto-in-mare-dal-22-al-24-maggio-2026\\\/\"},\"author\":{\"name\":\"Lorenzo Tiezzi\",\"@id\":\"https:\\\/\\\/www.livemag.it\\\/#\\\/schema\\\/person\\\/c6fe2dde14ae4517f823e167a12354b6\"},\"headline\":\"OCEANMAN Cattolica Emilia Romagna e la Regina \u00e8 capitale del nuoto in mare, dal 22 al 24 maggio 2026\",\"datePublished\":\"2026-04-29T11:23:53+00:00\",\"dateModified\":\"2026-04-29T11:24:01+00:00\",\"mainEntityOfPage\":{\"@id\":\"https:\\\/\\\/www.livemag.it\\\/index.php\\\/2026\\\/04\\\/29\\\/oceanman-cattolica-emilia-romagna-e-la-regina-e-capitale-del-nuoto-in-mare-dal-22-al-24-maggio-2026\\\/\"},\"wordCount\":575,\"commentCount\":0,\"publisher\":{\"@id\":\"https:\\\/\\\/www.livemag.it\\\/#organization\"},\"image\":{\"@id\":\"https:\\\/\\\/www.livemag.it\\\/index.php\\\/2026\\\/04\\\/29\\\/oceanman-cattolica-emilia-romagna-e-la-regina-e-capitale-del-nuoto-in-mare-dal-22-al-24-maggio-2026\\\/#primaryimage\"},\"thumbnailUrl\":\"https:\\\/\\\/www.livemag.it\\\/wp-content\\\/uploads\\\/2026\\\/04\\\/mare.jpg\",\"keywords\":[\"oceanman\"],\"articleSection\":[\"Good Life\"],\"inLanguage\":\"it-IT\",\"potentialAction\":[{\"@type\":\"CommentAction\",\"name\":\"Comment\",\"target\":[\"https:\\\/\\\/www.livemag.it\\\/index.php\\\/2026\\\/04\\\/29\\\/oceanman-cattolica-emilia-romagna-e-la-regina-e-capitale-del-nuoto-in-mare-dal-22-al-24-maggio-2026\\\/#respond\"]}]},{\"@type\":\"WebPage\",\"@id\":\"https:\\\/\\\/www.livemag.it\\\/index.php\\\/2026\\\/04\\\/29\\\/oceanman-cattolica-emilia-romagna-e-la-regina-e-capitale-del-nuoto-in-mare-dal-22-al-24-maggio-2026\\\/\",\"url\":\"https:\\\/\\\/www.livemag.it\\\/index.php\\\/2026\\\/04\\\/29\\\/oceanman-cattolica-emilia-romagna-e-la-regina-e-capitale-del-nuoto-in-mare-dal-22-al-24-maggio-2026\\\/\",\"name\":\"OCEANMAN Cattolica Emilia Romagna e la Regina \u00e8 capitale del nuoto in mare, dal 22 al 24 maggio 2026 - Live Magazine\",\"isPartOf\":{\"@id\":\"https:\\\/\\\/www.livemag.it\\\/#website\"},\"primaryImageOfPage\":{\"@id\":\"https:\\\/\\\/www.livemag.it\\\/index.php\\\/2026\\\/04\\\/29\\\/oceanman-cattolica-emilia-romagna-e-la-regina-e-capitale-del-nuoto-in-mare-dal-22-al-24-maggio-2026\\\/#primaryimage\"},\"image\":{\"@id\":\"https:\\\/\\\/www.livemag.it\\\/index.php\\\/2026\\\/04\\\/29\\\/oceanman-cattolica-emilia-romagna-e-la-regina-e-capitale-del-nuoto-in-mare-dal-22-al-24-maggio-2026\\\/#primaryimage\"},\"thumbnailUrl\":\"https:\\\/\\\/www.livemag.it\\\/wp-content\\\/uploads\\\/2026\\\/04\\\/mare.jpg\",\"datePublished\":\"2026-04-29T11:23:53+00:00\",\"dateModified\":\"2026-04-29T11:24:01+00:00\",\"description\":\"OCEANMAN Cattolica Emilia Romagna e la Regina \u00e8 capitale del nuoto in mare, dal 22 al 24 maggio 2026. Si tratta ...\",\"breadcrumb\":{\"@id\":\"https:\\\/\\\/www.livemag.it\\\/index.php\\\/2026\\\/04\\\/29\\\/oceanman-cattolica-emilia-romagna-e-la-regina-e-capitale-del-nuoto-in-mare-dal-22-al-24-maggio-2026\\\/#breadcrumb\"},\"inLanguage\":\"it-IT\",\"potentialAction\":[{\"@type\":\"ReadAction\",\"target\":[\"https:\\\/\\\/www.livemag.it\\\/index.php\\\/2026\\\/04\\\/29\\\/oceanman-cattolica-emilia-romagna-e-la-regina-e-capitale-del-nuoto-in-mare-dal-22-al-24-maggio-2026\\\/\"]}]},{\"@type\":\"ImageObject\",\"inLanguage\":\"it-IT\",\"@id\":\"https:\\\/\\\/www.livemag.it\\\/index.php\\\/2026\\\/04\\\/29\\\/oceanman-cattolica-emilia-romagna-e-la-regina-e-capitale-del-nuoto-in-mare-dal-22-al-24-maggio-2026\\\/#primaryimage\",\"url\":\"https:\\\/\\\/www.livemag.it\\\/wp-content\\\/uploads\\\/2026\\\/04\\\/mare.jpg\",\"contentUrl\":\"https:\\\/\\\/www.livemag.it\\\/wp-content\\\/uploads\\\/2026\\\/04\\\/mare.jpg\",\"width\":850,\"height\":478},{\"@type\":\"BreadcrumbList\",\"@id\":\"https:\\\/\\\/www.livemag.it\\\/index.php\\\/2026\\\/04\\\/29\\\/oceanman-cattolica-emilia-romagna-e-la-regina-e-capitale-del-nuoto-in-mare-dal-22-al-24-maggio-2026\\\/#breadcrumb\",\"itemListElement\":[{\"@type\":\"ListItem\",\"position\":1,\"name\":\"Home\",\"item\":\"https:\\\/\\\/www.livemag.it\\\/\"},{\"@type\":\"ListItem\",\"position\":2,\"name\":\"OCEANMAN Cattolica Emilia Romagna e la Regina \u00e8 capitale del nuoto in mare, dal 22 al 24 maggio 2026\"}]},{\"@type\":\"WebSite\",\"@id\":\"https:\\\/\\\/www.livemag.it\\\/#website\",\"url\":\"https:\\\/\\\/www.livemag.it\\\/\",\"name\":\"Live Magazine\",\"description\":\"Varie ed eventi\",\"publisher\":{\"@id\":\"https:\\\/\\\/www.livemag.it\\\/#organization\"},\"potentialAction\":[{\"@type\":\"SearchAction\",\"target\":{\"@type\":\"EntryPoint\",\"urlTemplate\":\"https:\\\/\\\/www.livemag.it\\\/?s={search_term_string}\"},\"query-input\":{\"@type\":\"PropertyValueSpecification\",\"valueRequired\":true,\"valueName\":\"search_term_string\"}}],\"inLanguage\":\"it-IT\"},{\"@type\":\"Organization\",\"@id\":\"https:\\\/\\\/www.livemag.it\\\/#organization\",\"name\":\"LiveMag\",\"alternateName\":\"LiveMag News ed eventi\",\"url\":\"https:\\\/\\\/www.livemag.it\\\/\",\"logo\":{\"@type\":\"ImageObject\",\"inLanguage\":\"it-IT\",\"@id\":\"https:\\\/\\\/www.livemag.it\\\/#\\\/schema\\\/logo\\\/image\\\/\",\"url\":\"https:\\\/\\\/www.livemag.it\\\/wp-content\\\/uploads\\\/2024\\\/02\\\/immagine-sito.jpg\",\"contentUrl\":\"https:\\\/\\\/www.livemag.it\\\/wp-content\\\/uploads\\\/2024\\\/02\\\/immagine-sito.jpg\",\"width\":696,\"height\":696,\"caption\":\"LiveMag\"},\"image\":{\"@id\":\"https:\\\/\\\/www.livemag.it\\\/#\\\/schema\\\/logo\\\/image\\\/\"},\"sameAs\":[\"https:\\\/\\\/www.facebook.com\\\/LiveMag\\\/\",\"https:\\\/\\\/x.com\\\/LiveNotizie\",\"https:\\\/\\\/www.instagram.com\\\/livemag\\\/\"]},{\"@type\":\"Person\",\"@id\":\"https:\\\/\\\/www.livemag.it\\\/#\\\/schema\\\/person\\\/c6fe2dde14ae4517f823e167a12354b6\",\"name\":\"Lorenzo Tiezzi\",\"image\":{\"@type\":\"ImageObject\",\"inLanguage\":\"it-IT\",\"@id\":\"https:\\\/\\\/secure.gravatar.com\\\/avatar\\\/055a51cbe21ba6c03af667c75f797ec8642fe78050e8602547fec943f6500144?s=96&r=g\",\"url\":\"https:\\\/\\\/secure.gravatar.com\\\/avatar\\\/055a51cbe21ba6c03af667c75f797ec8642fe78050e8602547fec943f6500144?s=96&r=g\",\"contentUrl\":\"https:\\\/\\\/secure.gravatar.com\\\/avatar\\\/055a51cbe21ba6c03af667c75f797ec8642fe78050e8602547fec943f6500144?s=96&r=g\",\"caption\":\"Lorenzo Tiezzi\"},\"description\":\"giornalista, press office, pr\",\"url\":\"https:\\\/\\\/www.livemag.it\\\/index.php\\\/author\\\/lorenzo-tiezzi\\\/\"}]}<\/script>\n<!-- \/ Yoast SEO plugin. -->","yoast_head_json":{"title":"OCEANMAN Cattolica Emilia Romagna e la Regina \u00e8 capitale del nuoto in mare, dal 22 al 24 maggio 2026 - Live Magazine","description":"OCEANMAN Cattolica Emilia Romagna e la Regina \u00e8 capitale del nuoto in mare, dal 22 al 24 maggio 2026. Si tratta ...","robots":{"index":"index","follow":"follow","max-snippet":"max-snippet:-1","max-image-preview":"max-image-preview:large","max-video-preview":"max-video-preview:-1"},"canonical":"https:\/\/www.livemag.it\/index.php\/2026\/04\/29\/oceanman-cattolica-emilia-romagna-e-la-regina-e-capitale-del-nuoto-in-mare-dal-22-al-24-maggio-2026\/","og_locale":"it_IT","og_type":"article","og_title":"OCEANMAN Cattolica Emilia Romagna e la Regina \u00e8 capitale del nuoto in mare, dal 22 al 24 maggio 2026 - Live Magazine","og_description":"OCEANMAN Cattolica Emilia Romagna e la Regina \u00e8 capitale del nuoto in mare, dal 22 al 24 maggio 2026. Si tratta ...","og_url":"https:\/\/www.livemag.it\/index.php\/2026\/04\/29\/oceanman-cattolica-emilia-romagna-e-la-regina-e-capitale-del-nuoto-in-mare-dal-22-al-24-maggio-2026\/","og_site_name":"Live Magazine","article_publisher":"https:\/\/www.facebook.com\/LiveMag\/","article_published_time":"2026-04-29T11:23:53+00:00","article_modified_time":"2026-04-29T11:24:01+00:00","og_image":[{"width":850,"height":478,"url":"https:\/\/www.livemag.it\/wp-content\/uploads\/2026\/04\/mare.jpg","type":"image\/jpeg"}],"author":"Lorenzo Tiezzi","twitter_card":"summary_large_image","twitter_creator":"@LiveNotizie","twitter_site":"@LiveNotizie","twitter_misc":{"Scritto da":"Lorenzo Tiezzi","Tempo di lettura stimato":"4 minuti"},"schema":{"@context":"https:\/\/schema.org","@graph":[{"@type":"Article","@id":"https:\/\/www.livemag.it\/index.php\/2026\/04\/29\/oceanman-cattolica-emilia-romagna-e-la-regina-e-capitale-del-nuoto-in-mare-dal-22-al-24-maggio-2026\/#article","isPartOf":{"@id":"https:\/\/www.livemag.it\/index.php\/2026\/04\/29\/oceanman-cattolica-emilia-romagna-e-la-regina-e-capitale-del-nuoto-in-mare-dal-22-al-24-maggio-2026\/"},"author":{"name":"Lorenzo Tiezzi","@id":"https:\/\/www.livemag.it\/#\/schema\/person\/c6fe2dde14ae4517f823e167a12354b6"},"headline":"OCEANMAN Cattolica Emilia Romagna e la Regina \u00e8 capitale del nuoto in mare, dal 22 al 24 maggio 2026","datePublished":"2026-04-29T11:23:53+00:00","dateModified":"2026-04-29T11:24:01+00:00","mainEntityOfPage":{"@id":"https:\/\/www.livemag.it\/index.php\/2026\/04\/29\/oceanman-cattolica-emilia-romagna-e-la-regina-e-capitale-del-nuoto-in-mare-dal-22-al-24-maggio-2026\/"},"wordCount":575,"commentCount":0,"publisher":{"@id":"https:\/\/www.livemag.it\/#organization"},"image":{"@id":"https:\/\/www.livemag.it\/index.php\/2026\/04\/29\/oceanman-cattolica-emilia-romagna-e-la-regina-e-capitale-del-nuoto-in-mare-dal-22-al-24-maggio-2026\/#primaryimage"},"thumbnailUrl":"https:\/\/www.livemag.it\/wp-content\/uploads\/2026\/04\/mare.jpg","keywords":["oceanman"],"articleSection":["Good Life"],"inLanguage":"it-IT","potentialAction":[{"@type":"CommentAction","name":"Comment","target":["https:\/\/www.livemag.it\/index.php\/2026\/04\/29\/oceanman-cattolica-emilia-romagna-e-la-regina-e-capitale-del-nuoto-in-mare-dal-22-al-24-maggio-2026\/#respond"]}]},{"@type":"WebPage","@id":"https:\/\/www.livemag.it\/index.php\/2026\/04\/29\/oceanman-cattolica-emilia-romagna-e-la-regina-e-capitale-del-nuoto-in-mare-dal-22-al-24-maggio-2026\/","url":"https:\/\/www.livemag.it\/index.php\/2026\/04\/29\/oceanman-cattolica-emilia-romagna-e-la-regina-e-capitale-del-nuoto-in-mare-dal-22-al-24-maggio-2026\/","name":"OCEANMAN Cattolica Emilia Romagna e la Regina \u00e8 capitale del nuoto in mare, dal 22 al 24 maggio 2026 - Live Magazine","isPartOf":{"@id":"https:\/\/www.livemag.it\/#website"},"primaryImageOfPage":{"@id":"https:\/\/www.livemag.it\/index.php\/2026\/04\/29\/oceanman-cattolica-emilia-romagna-e-la-regina-e-capitale-del-nuoto-in-mare-dal-22-al-24-maggio-2026\/#primaryimage"},"image":{"@id":"https:\/\/www.livemag.it\/index.php\/2026\/04\/29\/oceanman-cattolica-emilia-romagna-e-la-regina-e-capitale-del-nuoto-in-mare-dal-22-al-24-maggio-2026\/#primaryimage"},"thumbnailUrl":"https:\/\/www.livemag.it\/wp-content\/uploads\/2026\/04\/mare.jpg","datePublished":"2026-04-29T11:23:53+00:00","dateModified":"2026-04-29T11:24:01+00:00","description":"OCEANMAN Cattolica Emilia Romagna e la Regina \u00e8 capitale del nuoto in mare, dal 22 al 24 maggio 2026. Si tratta ...","breadcrumb":{"@id":"https:\/\/www.livemag.it\/index.php\/2026\/04\/29\/oceanman-cattolica-emilia-romagna-e-la-regina-e-capitale-del-nuoto-in-mare-dal-22-al-24-maggio-2026\/#breadcrumb"},"inLanguage":"it-IT","potentialAction":[{"@type":"ReadAction","target":["https:\/\/www.livemag.it\/index.php\/2026\/04\/29\/oceanman-cattolica-emilia-romagna-e-la-regina-e-capitale-del-nuoto-in-mare-dal-22-al-24-maggio-2026\/"]}]},{"@type":"ImageObject","inLanguage":"it-IT","@id":"https:\/\/www.livemag.it\/index.php\/2026\/04\/29\/oceanman-cattolica-emilia-romagna-e-la-regina-e-capitale-del-nuoto-in-mare-dal-22-al-24-maggio-2026\/#primaryimage","url":"https:\/\/www.livemag.it\/wp-content\/uploads\/2026\/04\/mare.jpg","contentUrl":"https:\/\/www.livemag.it\/wp-content\/uploads\/2026\/04\/mare.jpg","width":850,"height":478},{"@type":"BreadcrumbList","@id":"https:\/\/www.livemag.it\/index.php\/2026\/04\/29\/oceanman-cattolica-emilia-romagna-e-la-regina-e-capitale-del-nuoto-in-mare-dal-22-al-24-maggio-2026\/#breadcrumb","itemListElement":[{"@type":"ListItem","position":1,"name":"Home","item":"https:\/\/www.livemag.it\/"},{"@type":"ListItem","position":2,"name":"OCEANMAN Cattolica Emilia Romagna e la Regina \u00e8 capitale del nuoto in mare, dal 22 al 24 maggio 2026"}]},{"@type":"WebSite","@id":"https:\/\/www.livemag.it\/#website","url":"https:\/\/www.livemag.it\/","name":"Live Magazine","description":"Varie ed eventi","publisher":{"@id":"https:\/\/www.livemag.it\/#organization"},"potentialAction":[{"@type":"SearchAction","target":{"@type":"EntryPoint","urlTemplate":"https:\/\/www.livemag.it\/?s={search_term_string}"},"query-input":{"@type":"PropertyValueSpecification","valueRequired":true,"valueName":"search_term_string"}}],"inLanguage":"it-IT"},{"@type":"Organization","@id":"https:\/\/www.livemag.it\/#organization","name":"LiveMag","alternateName":"LiveMag News ed eventi","url":"https:\/\/www.livemag.it\/","logo":{"@type":"ImageObject","inLanguage":"it-IT","@id":"https:\/\/www.livemag.it\/#\/schema\/logo\/image\/","url":"https:\/\/www.livemag.it\/wp-content\/uploads\/2024\/02\/immagine-sito.jpg","contentUrl":"https:\/\/www.livemag.it\/wp-content\/uploads\/2024\/02\/immagine-sito.jpg","width":696,"height":696,"caption":"LiveMag"},"image":{"@id":"https:\/\/www.livemag.it\/#\/schema\/logo\/image\/"},"sameAs":["https:\/\/www.facebook.com\/LiveMag\/","https:\/\/x.com\/LiveNotizie","https:\/\/www.instagram.com\/livemag\/"]},{"@type":"Person","@id":"https:\/\/www.livemag.it\/#\/schema\/person\/c6fe2dde14ae4517f823e167a12354b6","name":"Lorenzo Tiezzi","image":{"@type":"ImageObject","inLanguage":"it-IT","@id":"https:\/\/secure.gravatar.com\/avatar\/055a51cbe21ba6c03af667c75f797ec8642fe78050e8602547fec943f6500144?s=96&r=g","url":"https:\/\/secure.gravatar.com\/avatar\/055a51cbe21ba6c03af667c75f797ec8642fe78050e8602547fec943f6500144?s=96&r=g","contentUrl":"https:\/\/secure.gravatar.com\/avatar\/055a51cbe21ba6c03af667c75f797ec8642fe78050e8602547fec943f6500144?s=96&r=g","caption":"Lorenzo Tiezzi"},"description":"giornalista, press office, pr","url":"https:\/\/www.livemag.it\/index.php\/author\/lorenzo-tiezzi\/"}]}},"jetpack_featured_media_url":"https:\/\/www.livemag.it\/wp-content\/uploads\/2026\/04\/mare.jpg","_links":{"self":[{"href":"https:\/\/www.livemag.it\/index.php\/wp-json\/wp\/v2\/posts\/75166","targetHints":{"allow":["GET"]}}],"collection":[{"href":"https:\/\/www.livemag.it\/index.php\/wp-json\/wp\/v2\/posts"}],"about":[{"href":"https:\/\/www.livemag.it\/index.php\/wp-json\/wp\/v2\/types\/post"}],"author":[{"embeddable":true,"href":"https:\/\/www.livemag.it\/index.php\/wp-json\/wp\/v2\/users\/21"}],"replies":[{"embeddable":true,"href":"https:\/\/www.livemag.it\/index.php\/wp-json\/wp\/v2\/comments?post=75166"}],"version-history":[{"count":1,"href":"https:\/\/www.livemag.it\/index.php\/wp-json\/wp\/v2\/posts\/75166\/revisions"}],"predecessor-version":[{"id":75168,"href":"https:\/\/www.livemag.it\/index.php\/wp-json\/wp\/v2\/posts\/75166\/revisions\/75168"}],"wp:featuredmedia":[{"embeddable":true,"href":"https:\/\/www.livemag.it\/index.php\/wp-json\/wp\/v2\/media\/75167"}],"wp:attachment":[{"href":"https:\/\/www.livemag.it\/index.php\/wp-json\/wp\/v2\/media?parent=75166"}],"wp:term":[{"taxonomy":"category","embeddable":true,"href":"https:\/\/www.livemag.it\/index.php\/wp-json\/wp\/v2\/categories?post=75166"},{"taxonomy":"post_tag","embeddable":true,"href":"https:\/\/www.livemag.it\/index.php\/wp-json\/wp\/v2\/tags?post=75166"}],"curies":[{"name":"wp","href":"https:\/\/api.w.org\/{rel}","templated":true}]}}