{"id":75126,"date":"2026-04-28T21:02:59","date_gmt":"2026-04-28T19:02:59","guid":{"rendered":"https:\/\/www.livemag.it\/index.php\/2026\/04\/28\/via-libera-dal-consiglio-dei-ministri-al-decreto-lavoro-meloni-strategia-ampia\/"},"modified":"2026-04-28T21:02:59","modified_gmt":"2026-04-28T19:02:59","slug":"via-libera-dal-consiglio-dei-ministri-al-decreto-lavoro-meloni-strategia-ampia","status":"publish","type":"post","link":"https:\/\/www.livemag.it\/index.php\/2026\/04\/28\/via-libera-dal-consiglio-dei-ministri-al-decreto-lavoro-meloni-strategia-ampia\/","title":{"rendered":"Via libera dal Consiglio dei Ministri al decreto Lavoro, Meloni \u201cStrategia ampia\u201d"},"content":{"rendered":"<div>\n<p>ROMA (ITALPRESS) \u2013 Via libera del Consiglio dei ministri al nuovo decreto legge sul lavoro, varato in vista del Primo maggio.<br \/>\u201cIl decreto legge che abbiamo approvato \u00e8 un tassello di una strategia molto pi\u00f9 ampia che il governo ha portato avanti fin dal suo insediamento, che ha come obiettivo quello di sostenere la creazione di maggiore occupazione, ma anche di occupazione stabile e di qualit\u00e0. Strategia che sta dando i suoi frutti, se guardiamo ai dati che ci consentono di dire che, oggi pi\u00f9 di ieri, l\u2019Italia \u00e8 una Repubblica fondata sul lavoro\u201d, ha spiegato nel corso della conferenza stampa dopo il Cdm il presidente del Consiglio Giorgia Meloni.<br \/>\u201cIn questi anni abbiamo raggiunto il record di numero di occupati, il tasso di occupazione femminile non \u00e8 mai stato cos\u00ec alto, la disoccupazione \u2013 sia giovanile che generale \u2013 \u00e8 ai minimi dai sempre. In sostanza, \u00e8 aumentato il lavoro stabile diminuita la precariet\u00e0 \u2013 ha sottolineato il premier -. E\u2019 cresciuta la percentuale del Lavoro full time, \u00e8 diminuita quella del part-time e i numeri Istat certificano che, rispetto all\u2019inizio della legislatura, abbiamo quasi 1,2 milioni di occupati in pi\u00f9 e oltre 550 mila precari in meno\u201d.<br \/>Il decreto legge \u201cstanzia quasi un miliardo di euro per il rinnovo di alcuni importanti ed efficaci incentivi occupazionali, in particolare quelli legati all\u2019assunzione dei giovani under 35, all\u2019assunzione delle donne e dei lavoratori nell\u2019area Zes, ma con una novit\u00e0 che noi consideriamo molto importante \u2013 ha aggiunto Meloni -: a quegli incentivi si pu\u00f2 accedere solo ed esclusivamente se si riconosce e si applica ai propri lavoratori quello che noi definiamo il \u2018salario giust\u00f2\u201d, con cui \u201csi intende il trattamento economico complessivo che viene percepito dal lavoratore che non \u00e8 composto solamente dal salario orario, ma \u00e8 composto da tutti gli elementi economici che concorrono a formare il contratto in favore del lavoratore\u201d.<br \/>\u201cPer noi il parametro di riferimento per definire questo salario giusto sono i contratti collettivi nazionali stipulati dalle organizzazioni sindacali e datoriali pi\u00f9 rappresentative sul piano nazionale: significa che, grazie a queste norme, chi sottoscrive dei contratti pirata e chi sottopaga i lavoratori non avr\u00e0 diritto a incentivi pubblici sul lavoro \u2013 ha proseguito -. Con questo decreto diciamo s\u00ec al salario giusto e s\u00ec a una contrattazione di qualit\u00e0\u201d.<\/p>\n<p>\u2013 Foto IPA Agency \u2013<\/p>\n<p>(ITALPRESS).<\/p>\n<\/div>\n","protected":false},"excerpt":{"rendered":"<p>ROMA (ITALPRESS) \u2013 Via libera del Consiglio dei ministri al nuovo decreto legge sul lavoro, varato in vista del Primo maggio.\u201cIl decreto legge che abbiamo approvato \u00e8 un tassello di una strategia molto pi\u00f9 ampia che il governo ha portato avanti fin dal suo insediamento, che ha come obiettivo quello di sostenere la creazione di [&hellip;]<\/p>\n","protected":false},"author":16,"featured_media":75127,"comment_status":"closed","ping_status":"closed","sticky":false,"template":"","format":"standard","meta":{"jnews-multi-image_gallery":[],"jnews_single_post":[],"jnews_primary_category":[],"jnews_social_meta":[],"jnews_override_counter":[],"jnews_post_split":[],"footnotes":""},"categories":[1129],"tags":[],"class_list":["post-75126","post","type-post","status-publish","format-standard","has-post-thumbnail","hentry","category-mondo"],"yoast_head":"<!-- This site is optimized with the Yoast SEO plugin v27.5 - https:\/\/yoast.com\/product\/yoast-seo-wordpress\/ -->\n<title>Via libera dal Consiglio dei Ministri al decreto Lavoro, Meloni \u201cStrategia ampia\u201d - Live Magazine<\/title>\n<meta name=\"robots\" content=\"index, follow, max-snippet:-1, max-image-preview:large, max-video-preview:-1\" \/>\n<link rel=\"canonical\" href=\"https:\/\/www.livemag.it\/index.php\/2026\/04\/28\/via-libera-dal-consiglio-dei-ministri-al-decreto-lavoro-meloni-strategia-ampia\/\" \/>\n<meta property=\"og:locale\" content=\"it_IT\" \/>\n<meta property=\"og:type\" content=\"article\" \/>\n<meta property=\"og:title\" content=\"Via libera dal Consiglio dei Ministri al decreto Lavoro, Meloni \u201cStrategia ampia\u201d - Live Magazine\" \/>\n<meta property=\"og:description\" content=\"ROMA (ITALPRESS) \u2013 Via libera del Consiglio dei ministri al nuovo decreto legge sul lavoro, varato in vista del Primo maggio.\u201cIl decreto legge che abbiamo approvato \u00e8 un tassello di una strategia molto pi\u00f9 ampia che il governo ha portato avanti fin dal suo insediamento, che ha come obiettivo quello di sostenere la creazione di [&hellip;]\" \/>\n<meta property=\"og:url\" content=\"https:\/\/www.livemag.it\/index.php\/2026\/04\/28\/via-libera-dal-consiglio-dei-ministri-al-decreto-lavoro-meloni-strategia-ampia\/\" \/>\n<meta property=\"og:site_name\" content=\"Live Magazine\" \/>\n<meta property=\"article:publisher\" content=\"https:\/\/www.facebook.com\/LiveMag\/\" \/>\n<meta property=\"article:published_time\" content=\"2026-04-28T19:02:59+00:00\" \/>\n<meta property=\"og:image\" content=\"https:\/\/www.livemag.it\/wp-content\/uploads\/2024\/02\/ograph.jpg\" \/>\n\t<meta property=\"og:image:width\" content=\"1200\" \/>\n\t<meta property=\"og:image:height\" content=\"675\" \/>\n\t<meta property=\"og:image:type\" content=\"image\/jpeg\" \/>\n<meta name=\"author\" content=\"italpress\" \/>\n<meta name=\"twitter:card\" content=\"summary_large_image\" \/>\n<meta name=\"twitter:creator\" content=\"@LiveNotizie\" \/>\n<meta name=\"twitter:site\" content=\"@LiveNotizie\" \/>\n<meta name=\"twitter:label1\" content=\"Scritto da\" \/>\n\t<meta name=\"twitter:data1\" content=\"italpress\" \/>\n\t<meta name=\"twitter:label2\" content=\"Tempo di lettura stimato\" \/>\n\t<meta name=\"twitter:data2\" content=\"2 minuti\" \/>\n<script type=\"application\/ld+json\" class=\"yoast-schema-graph\">{\"@context\":\"https:\\\/\\\/schema.org\",\"@graph\":[{\"@type\":\"Article\",\"@id\":\"https:\\\/\\\/www.livemag.it\\\/index.php\\\/2026\\\/04\\\/28\\\/via-libera-dal-consiglio-dei-ministri-al-decreto-lavoro-meloni-strategia-ampia\\\/#article\",\"isPartOf\":{\"@id\":\"https:\\\/\\\/www.livemag.it\\\/index.php\\\/2026\\\/04\\\/28\\\/via-libera-dal-consiglio-dei-ministri-al-decreto-lavoro-meloni-strategia-ampia\\\/\"},\"author\":{\"name\":\"italpress\",\"@id\":\"https:\\\/\\\/www.livemag.it\\\/#\\\/schema\\\/person\\\/b62c5f44451fdcdaeb0afe6c2424e73c\"},\"headline\":\"Via libera dal Consiglio dei Ministri al decreto Lavoro, Meloni \u201cStrategia ampia\u201d\",\"datePublished\":\"2026-04-28T19:02:59+00:00\",\"mainEntityOfPage\":{\"@id\":\"https:\\\/\\\/www.livemag.it\\\/index.php\\\/2026\\\/04\\\/28\\\/via-libera-dal-consiglio-dei-ministri-al-decreto-lavoro-meloni-strategia-ampia\\\/\"},\"wordCount\":387,\"publisher\":{\"@id\":\"https:\\\/\\\/www.livemag.it\\\/#organization\"},\"image\":{\"@id\":\"https:\\\/\\\/www.livemag.it\\\/index.php\\\/2026\\\/04\\\/28\\\/via-libera-dal-consiglio-dei-ministri-al-decreto-lavoro-meloni-strategia-ampia\\\/#primaryimage\"},\"thumbnailUrl\":\"https:\\\/\\\/www.livemag.it\\\/wp-content\\\/uploads\\\/2026\\\/04\\\/20260428_2300.jpg\",\"articleSection\":[\"Mondo\"],\"inLanguage\":\"it-IT\"},{\"@type\":\"WebPage\",\"@id\":\"https:\\\/\\\/www.livemag.it\\\/index.php\\\/2026\\\/04\\\/28\\\/via-libera-dal-consiglio-dei-ministri-al-decreto-lavoro-meloni-strategia-ampia\\\/\",\"url\":\"https:\\\/\\\/www.livemag.it\\\/index.php\\\/2026\\\/04\\\/28\\\/via-libera-dal-consiglio-dei-ministri-al-decreto-lavoro-meloni-strategia-ampia\\\/\",\"name\":\"Via libera dal Consiglio dei Ministri al decreto Lavoro, Meloni \u201cStrategia ampia\u201d - Live Magazine\",\"isPartOf\":{\"@id\":\"https:\\\/\\\/www.livemag.it\\\/#website\"},\"primaryImageOfPage\":{\"@id\":\"https:\\\/\\\/www.livemag.it\\\/index.php\\\/2026\\\/04\\\/28\\\/via-libera-dal-consiglio-dei-ministri-al-decreto-lavoro-meloni-strategia-ampia\\\/#primaryimage\"},\"image\":{\"@id\":\"https:\\\/\\\/www.livemag.it\\\/index.php\\\/2026\\\/04\\\/28\\\/via-libera-dal-consiglio-dei-ministri-al-decreto-lavoro-meloni-strategia-ampia\\\/#primaryimage\"},\"thumbnailUrl\":\"https:\\\/\\\/www.livemag.it\\\/wp-content\\\/uploads\\\/2026\\\/04\\\/20260428_2300.jpg\",\"datePublished\":\"2026-04-28T19:02:59+00:00\",\"breadcrumb\":{\"@id\":\"https:\\\/\\\/www.livemag.it\\\/index.php\\\/2026\\\/04\\\/28\\\/via-libera-dal-consiglio-dei-ministri-al-decreto-lavoro-meloni-strategia-ampia\\\/#breadcrumb\"},\"inLanguage\":\"it-IT\",\"potentialAction\":[{\"@type\":\"ReadAction\",\"target\":[\"https:\\\/\\\/www.livemag.it\\\/index.php\\\/2026\\\/04\\\/28\\\/via-libera-dal-consiglio-dei-ministri-al-decreto-lavoro-meloni-strategia-ampia\\\/\"]}]},{\"@type\":\"ImageObject\",\"inLanguage\":\"it-IT\",\"@id\":\"https:\\\/\\\/www.livemag.it\\\/index.php\\\/2026\\\/04\\\/28\\\/via-libera-dal-consiglio-dei-ministri-al-decreto-lavoro-meloni-strategia-ampia\\\/#primaryimage\",\"url\":\"https:\\\/\\\/www.livemag.it\\\/wp-content\\\/uploads\\\/2026\\\/04\\\/20260428_2300.jpg\",\"contentUrl\":\"https:\\\/\\\/www.livemag.it\\\/wp-content\\\/uploads\\\/2026\\\/04\\\/20260428_2300.jpg\",\"width\":1200,\"height\":697},{\"@type\":\"BreadcrumbList\",\"@id\":\"https:\\\/\\\/www.livemag.it\\\/index.php\\\/2026\\\/04\\\/28\\\/via-libera-dal-consiglio-dei-ministri-al-decreto-lavoro-meloni-strategia-ampia\\\/#breadcrumb\",\"itemListElement\":[{\"@type\":\"ListItem\",\"position\":1,\"name\":\"Home\",\"item\":\"https:\\\/\\\/www.livemag.it\\\/\"},{\"@type\":\"ListItem\",\"position\":2,\"name\":\"Via libera dal Consiglio dei Ministri al decreto Lavoro, Meloni \u201cStrategia ampia\u201d\"}]},{\"@type\":\"WebSite\",\"@id\":\"https:\\\/\\\/www.livemag.it\\\/#website\",\"url\":\"https:\\\/\\\/www.livemag.it\\\/\",\"name\":\"Live Magazine\",\"description\":\"Varie ed eventi\",\"publisher\":{\"@id\":\"https:\\\/\\\/www.livemag.it\\\/#organization\"},\"potentialAction\":[{\"@type\":\"SearchAction\",\"target\":{\"@type\":\"EntryPoint\",\"urlTemplate\":\"https:\\\/\\\/www.livemag.it\\\/?s={search_term_string}\"},\"query-input\":{\"@type\":\"PropertyValueSpecification\",\"valueRequired\":true,\"valueName\":\"search_term_string\"}}],\"inLanguage\":\"it-IT\"},{\"@type\":\"Organization\",\"@id\":\"https:\\\/\\\/www.livemag.it\\\/#organization\",\"name\":\"LiveMag\",\"alternateName\":\"LiveMag News ed eventi\",\"url\":\"https:\\\/\\\/www.livemag.it\\\/\",\"logo\":{\"@type\":\"ImageObject\",\"inLanguage\":\"it-IT\",\"@id\":\"https:\\\/\\\/www.livemag.it\\\/#\\\/schema\\\/logo\\\/image\\\/\",\"url\":\"https:\\\/\\\/www.livemag.it\\\/wp-content\\\/uploads\\\/2024\\\/02\\\/immagine-sito.jpg\",\"contentUrl\":\"https:\\\/\\\/www.livemag.it\\\/wp-content\\\/uploads\\\/2024\\\/02\\\/immagine-sito.jpg\",\"width\":696,\"height\":696,\"caption\":\"LiveMag\"},\"image\":{\"@id\":\"https:\\\/\\\/www.livemag.it\\\/#\\\/schema\\\/logo\\\/image\\\/\"},\"sameAs\":[\"https:\\\/\\\/www.facebook.com\\\/LiveMag\\\/\",\"https:\\\/\\\/x.com\\\/LiveNotizie\",\"https:\\\/\\\/www.instagram.com\\\/livemag\\\/\"]},{\"@type\":\"Person\",\"@id\":\"https:\\\/\\\/www.livemag.it\\\/#\\\/schema\\\/person\\\/b62c5f44451fdcdaeb0afe6c2424e73c\",\"name\":\"italpress\",\"image\":{\"@type\":\"ImageObject\",\"inLanguage\":\"it-IT\",\"@id\":\"https:\\\/\\\/secure.gravatar.com\\\/avatar\\\/b6a21695fc713ce7ee312cf57c97e2e641feb365be72d8745574d3c3e2b59066?s=96&r=g\",\"url\":\"https:\\\/\\\/secure.gravatar.com\\\/avatar\\\/b6a21695fc713ce7ee312cf57c97e2e641feb365be72d8745574d3c3e2b59066?s=96&r=g\",\"contentUrl\":\"https:\\\/\\\/secure.gravatar.com\\\/avatar\\\/b6a21695fc713ce7ee312cf57c97e2e641feb365be72d8745574d3c3e2b59066?s=96&r=g\",\"caption\":\"italpress\"},\"description\":\"Italpress \u00e8 un'agenzia di stampa italiana a carattere nazionale.\",\"url\":\"https:\\\/\\\/www.livemag.it\\\/index.php\\\/author\\\/italpress\\\/\"}]}<\/script>\n<!-- \/ Yoast SEO plugin. -->","yoast_head_json":{"title":"Via libera dal Consiglio dei Ministri al decreto Lavoro, Meloni \u201cStrategia ampia\u201d - Live Magazine","robots":{"index":"index","follow":"follow","max-snippet":"max-snippet:-1","max-image-preview":"max-image-preview:large","max-video-preview":"max-video-preview:-1"},"canonical":"https:\/\/www.livemag.it\/index.php\/2026\/04\/28\/via-libera-dal-consiglio-dei-ministri-al-decreto-lavoro-meloni-strategia-ampia\/","og_locale":"it_IT","og_type":"article","og_title":"Via libera dal Consiglio dei Ministri al decreto Lavoro, Meloni \u201cStrategia ampia\u201d - Live Magazine","og_description":"ROMA (ITALPRESS) \u2013 Via libera del Consiglio dei ministri al nuovo decreto legge sul lavoro, varato in vista del Primo maggio.\u201cIl decreto legge che abbiamo approvato \u00e8 un tassello di una strategia molto pi\u00f9 ampia che il governo ha portato avanti fin dal suo insediamento, che ha come obiettivo quello di sostenere la creazione di [&hellip;]","og_url":"https:\/\/www.livemag.it\/index.php\/2026\/04\/28\/via-libera-dal-consiglio-dei-ministri-al-decreto-lavoro-meloni-strategia-ampia\/","og_site_name":"Live Magazine","article_publisher":"https:\/\/www.facebook.com\/LiveMag\/","article_published_time":"2026-04-28T19:02:59+00:00","og_image":[{"width":1200,"height":675,"url":"https:\/\/www.livemag.it\/wp-content\/uploads\/2024\/02\/ograph.jpg","type":"image\/jpeg"}],"author":"italpress","twitter_card":"summary_large_image","twitter_creator":"@LiveNotizie","twitter_site":"@LiveNotizie","twitter_misc":{"Scritto da":"italpress","Tempo di lettura stimato":"2 minuti"},"schema":{"@context":"https:\/\/schema.org","@graph":[{"@type":"Article","@id":"https:\/\/www.livemag.it\/index.php\/2026\/04\/28\/via-libera-dal-consiglio-dei-ministri-al-decreto-lavoro-meloni-strategia-ampia\/#article","isPartOf":{"@id":"https:\/\/www.livemag.it\/index.php\/2026\/04\/28\/via-libera-dal-consiglio-dei-ministri-al-decreto-lavoro-meloni-strategia-ampia\/"},"author":{"name":"italpress","@id":"https:\/\/www.livemag.it\/#\/schema\/person\/b62c5f44451fdcdaeb0afe6c2424e73c"},"headline":"Via libera dal Consiglio dei Ministri al decreto Lavoro, Meloni \u201cStrategia ampia\u201d","datePublished":"2026-04-28T19:02:59+00:00","mainEntityOfPage":{"@id":"https:\/\/www.livemag.it\/index.php\/2026\/04\/28\/via-libera-dal-consiglio-dei-ministri-al-decreto-lavoro-meloni-strategia-ampia\/"},"wordCount":387,"publisher":{"@id":"https:\/\/www.livemag.it\/#organization"},"image":{"@id":"https:\/\/www.livemag.it\/index.php\/2026\/04\/28\/via-libera-dal-consiglio-dei-ministri-al-decreto-lavoro-meloni-strategia-ampia\/#primaryimage"},"thumbnailUrl":"https:\/\/www.livemag.it\/wp-content\/uploads\/2026\/04\/20260428_2300.jpg","articleSection":["Mondo"],"inLanguage":"it-IT"},{"@type":"WebPage","@id":"https:\/\/www.livemag.it\/index.php\/2026\/04\/28\/via-libera-dal-consiglio-dei-ministri-al-decreto-lavoro-meloni-strategia-ampia\/","url":"https:\/\/www.livemag.it\/index.php\/2026\/04\/28\/via-libera-dal-consiglio-dei-ministri-al-decreto-lavoro-meloni-strategia-ampia\/","name":"Via libera dal Consiglio dei Ministri al decreto Lavoro, Meloni \u201cStrategia ampia\u201d - Live Magazine","isPartOf":{"@id":"https:\/\/www.livemag.it\/#website"},"primaryImageOfPage":{"@id":"https:\/\/www.livemag.it\/index.php\/2026\/04\/28\/via-libera-dal-consiglio-dei-ministri-al-decreto-lavoro-meloni-strategia-ampia\/#primaryimage"},"image":{"@id":"https:\/\/www.livemag.it\/index.php\/2026\/04\/28\/via-libera-dal-consiglio-dei-ministri-al-decreto-lavoro-meloni-strategia-ampia\/#primaryimage"},"thumbnailUrl":"https:\/\/www.livemag.it\/wp-content\/uploads\/2026\/04\/20260428_2300.jpg","datePublished":"2026-04-28T19:02:59+00:00","breadcrumb":{"@id":"https:\/\/www.livemag.it\/index.php\/2026\/04\/28\/via-libera-dal-consiglio-dei-ministri-al-decreto-lavoro-meloni-strategia-ampia\/#breadcrumb"},"inLanguage":"it-IT","potentialAction":[{"@type":"ReadAction","target":["https:\/\/www.livemag.it\/index.php\/2026\/04\/28\/via-libera-dal-consiglio-dei-ministri-al-decreto-lavoro-meloni-strategia-ampia\/"]}]},{"@type":"ImageObject","inLanguage":"it-IT","@id":"https:\/\/www.livemag.it\/index.php\/2026\/04\/28\/via-libera-dal-consiglio-dei-ministri-al-decreto-lavoro-meloni-strategia-ampia\/#primaryimage","url":"https:\/\/www.livemag.it\/wp-content\/uploads\/2026\/04\/20260428_2300.jpg","contentUrl":"https:\/\/www.livemag.it\/wp-content\/uploads\/2026\/04\/20260428_2300.jpg","width":1200,"height":697},{"@type":"BreadcrumbList","@id":"https:\/\/www.livemag.it\/index.php\/2026\/04\/28\/via-libera-dal-consiglio-dei-ministri-al-decreto-lavoro-meloni-strategia-ampia\/#breadcrumb","itemListElement":[{"@type":"ListItem","position":1,"name":"Home","item":"https:\/\/www.livemag.it\/"},{"@type":"ListItem","position":2,"name":"Via libera dal Consiglio dei Ministri al decreto Lavoro, Meloni \u201cStrategia ampia\u201d"}]},{"@type":"WebSite","@id":"https:\/\/www.livemag.it\/#website","url":"https:\/\/www.livemag.it\/","name":"Live Magazine","description":"Varie ed eventi","publisher":{"@id":"https:\/\/www.livemag.it\/#organization"},"potentialAction":[{"@type":"SearchAction","target":{"@type":"EntryPoint","urlTemplate":"https:\/\/www.livemag.it\/?s={search_term_string}"},"query-input":{"@type":"PropertyValueSpecification","valueRequired":true,"valueName":"search_term_string"}}],"inLanguage":"it-IT"},{"@type":"Organization","@id":"https:\/\/www.livemag.it\/#organization","name":"LiveMag","alternateName":"LiveMag News ed eventi","url":"https:\/\/www.livemag.it\/","logo":{"@type":"ImageObject","inLanguage":"it-IT","@id":"https:\/\/www.livemag.it\/#\/schema\/logo\/image\/","url":"https:\/\/www.livemag.it\/wp-content\/uploads\/2024\/02\/immagine-sito.jpg","contentUrl":"https:\/\/www.livemag.it\/wp-content\/uploads\/2024\/02\/immagine-sito.jpg","width":696,"height":696,"caption":"LiveMag"},"image":{"@id":"https:\/\/www.livemag.it\/#\/schema\/logo\/image\/"},"sameAs":["https:\/\/www.facebook.com\/LiveMag\/","https:\/\/x.com\/LiveNotizie","https:\/\/www.instagram.com\/livemag\/"]},{"@type":"Person","@id":"https:\/\/www.livemag.it\/#\/schema\/person\/b62c5f44451fdcdaeb0afe6c2424e73c","name":"italpress","image":{"@type":"ImageObject","inLanguage":"it-IT","@id":"https:\/\/secure.gravatar.com\/avatar\/b6a21695fc713ce7ee312cf57c97e2e641feb365be72d8745574d3c3e2b59066?s=96&r=g","url":"https:\/\/secure.gravatar.com\/avatar\/b6a21695fc713ce7ee312cf57c97e2e641feb365be72d8745574d3c3e2b59066?s=96&r=g","contentUrl":"https:\/\/secure.gravatar.com\/avatar\/b6a21695fc713ce7ee312cf57c97e2e641feb365be72d8745574d3c3e2b59066?s=96&r=g","caption":"italpress"},"description":"Italpress \u00e8 un'agenzia di stampa italiana a carattere nazionale.","url":"https:\/\/www.livemag.it\/index.php\/author\/italpress\/"}]}},"jetpack_featured_media_url":"https:\/\/www.livemag.it\/wp-content\/uploads\/2026\/04\/20260428_2300.jpg","_links":{"self":[{"href":"https:\/\/www.livemag.it\/index.php\/wp-json\/wp\/v2\/posts\/75126","targetHints":{"allow":["GET"]}}],"collection":[{"href":"https:\/\/www.livemag.it\/index.php\/wp-json\/wp\/v2\/posts"}],"about":[{"href":"https:\/\/www.livemag.it\/index.php\/wp-json\/wp\/v2\/types\/post"}],"author":[{"embeddable":true,"href":"https:\/\/www.livemag.it\/index.php\/wp-json\/wp\/v2\/users\/16"}],"replies":[{"embeddable":true,"href":"https:\/\/www.livemag.it\/index.php\/wp-json\/wp\/v2\/comments?post=75126"}],"version-history":[{"count":0,"href":"https:\/\/www.livemag.it\/index.php\/wp-json\/wp\/v2\/posts\/75126\/revisions"}],"wp:featuredmedia":[{"embeddable":true,"href":"https:\/\/www.livemag.it\/index.php\/wp-json\/wp\/v2\/media\/75127"}],"wp:attachment":[{"href":"https:\/\/www.livemag.it\/index.php\/wp-json\/wp\/v2\/media?parent=75126"}],"wp:term":[{"taxonomy":"category","embeddable":true,"href":"https:\/\/www.livemag.it\/index.php\/wp-json\/wp\/v2\/categories?post=75126"},{"taxonomy":"post_tag","embeddable":true,"href":"https:\/\/www.livemag.it\/index.php\/wp-json\/wp\/v2\/tags?post=75126"}],"curies":[{"name":"wp","href":"https:\/\/api.w.org\/{rel}","templated":true}]}}