{"id":75086,"date":"2026-04-28T18:02:51","date_gmt":"2026-04-28T16:02:51","guid":{"rendered":"https:\/\/www.livemag.it\/index.php\/2026\/04\/28\/renzi-a-bologna-fatti-vergognosi-il-25-aprile-e-la-festa-della-liberta\/"},"modified":"2026-04-28T18:02:51","modified_gmt":"2026-04-28T16:02:51","slug":"renzi-a-bologna-fatti-vergognosi-il-25-aprile-e-la-festa-della-liberta","status":"publish","type":"post","link":"https:\/\/www.livemag.it\/index.php\/2026\/04\/28\/renzi-a-bologna-fatti-vergognosi-il-25-aprile-e-la-festa-della-liberta\/","title":{"rendered":"<div>Renzi &#8220;A Bologna fatti vergognosi, il 25 aprile \u00e8 la festa della libert\u00e0&#8221;<\/div>"},"content":{"rendered":"<p>    <video-js id=\"videojs69f122c691867\" class=\"vjs-big-play-centered\" controls preload=\"auto\" playsinline data-setup='{\"fluid\": true}'>\r\n        <source src=\"https:\/\/video.italpress.com\/play\/mp4\/video\/rW86\" type=\"video\/mp4\" \/>\r\n    <\/video-js>\r\n           <br \/>\n<\/p>\n<div> BOLOGNA (ITALPRESS) &#8211; &#8220;Un giovanotto di 81 anni che il 25 aprile ha fatto una cosa bellissima, da bravo cittadino \u00e8 voluto scendere in piazza con le bandiere che rappresentano in questo momento il suo cuore, le bandiere di Italia, Europa e Ucraina, e questa \u00e8 la posizione anche di Italia Viva, noi vogliamo che l&#8217;Ucraina entri il prima possibile in Ue superando l&#8217;aggressione della Russia di Putin&#8221;. Lo ha detto il leader di Italia Viva, Matteo Renzi, che ha convocato una conferenza stampa a Bologna a seguito dell&#8217;allontanamento di un militante di Italia Viva dal corteo del 25 aprile. Tino Ferrari, ex docente dell&#8217;UniBo, \u00e8 stato fermato dal servizio d&#8217;ordine  perch\u00e9 aveva con s\u00e9 una bandiera dell&#8217;Ucraina. Sulla vicenda Renzi ha precisato la posizione del partito a margine dell&#8217;evento. &#8220;Di fronte a questo, il professor Ferrari \u00e8 stato bloccato da un violento che gli ha intimato di andarsene, siccome penso che questi fatti siano vergognosi, volevo dare un abbraccio al volo a Tino e a tutta la comunit\u00e0 di Italia Viva, e dire che il 25 aprile \u00e8 la festa della Liberazione e della libert\u00e0, contento che il sindaco Lepore e il presidente de Pascale abbiano dato la loro solidariet\u00e0 a tutti noi e a Tino&#8221;.<\/p>\n<p>xt1\/pc\/mca1<\/p><\/div>\n","protected":false},"excerpt":{"rendered":"<p>BOLOGNA (ITALPRESS) &#8211; &#8220;Un giovanotto di 81 anni che il 25 aprile ha fatto una cosa bellissima, da bravo cittadino \u00e8 voluto scendere in piazza con le bandiere che rappresentano in questo momento il suo cuore, le bandiere di Italia, Europa e Ucraina, e questa \u00e8 la posizione anche di Italia Viva, noi vogliamo che [&hellip;]<\/p>\n","protected":false},"author":16,"featured_media":75087,"comment_status":"closed","ping_status":"closed","sticky":false,"template":"","format":"video","meta":{"jnews-multi-image_gallery":[],"jnews_single_post":[],"jnews_primary_category":[],"jnews_social_meta":[],"jnews_override_counter":[],"jnews_post_split":[],"footnotes":""},"categories":[1171],"tags":[],"class_list":["post-75086","post","type-post","status-publish","format-video","has-post-thumbnail","hentry","category-video","post_format-post-format-video"],"yoast_head":"<!-- This site is optimized with the Yoast SEO plugin v27.5 - https:\/\/yoast.com\/product\/yoast-seo-wordpress\/ -->\n<title>Renzi &quot;A Bologna fatti vergognosi, il 25 aprile \u00e8 la festa della libert\u00e0&quot; - Live Magazine<\/title>\n<meta name=\"robots\" content=\"index, follow, max-snippet:-1, max-image-preview:large, max-video-preview:-1\" \/>\n<link rel=\"canonical\" href=\"https:\/\/www.livemag.it\/index.php\/2026\/04\/28\/renzi-a-bologna-fatti-vergognosi-il-25-aprile-e-la-festa-della-liberta\/\" \/>\n<meta property=\"og:locale\" content=\"it_IT\" \/>\n<meta property=\"og:type\" content=\"article\" \/>\n<meta property=\"og:title\" content=\"Renzi &quot;A Bologna fatti vergognosi, il 25 aprile \u00e8 la festa della libert\u00e0&quot; - Live Magazine\" \/>\n<meta property=\"og:description\" content=\"BOLOGNA (ITALPRESS) &#8211; &#8220;Un giovanotto di 81 anni che il 25 aprile ha fatto una cosa bellissima, da bravo cittadino \u00e8 voluto scendere in piazza con le bandiere che rappresentano in questo momento il suo cuore, le bandiere di Italia, Europa e Ucraina, e questa \u00e8 la posizione anche di Italia Viva, noi vogliamo che [&hellip;]\" \/>\n<meta property=\"og:url\" content=\"https:\/\/www.livemag.it\/index.php\/2026\/04\/28\/renzi-a-bologna-fatti-vergognosi-il-25-aprile-e-la-festa-della-liberta\/\" \/>\n<meta property=\"og:site_name\" content=\"Live Magazine\" \/>\n<meta property=\"article:publisher\" content=\"https:\/\/www.facebook.com\/LiveMag\/\" \/>\n<meta property=\"article:published_time\" content=\"2026-04-28T16:02:51+00:00\" \/>\n<meta property=\"og:image\" content=\"https:\/\/www.livemag.it\/wp-content\/uploads\/2024\/02\/ograph.jpg\" \/>\n\t<meta property=\"og:image:width\" content=\"1200\" \/>\n\t<meta property=\"og:image:height\" content=\"675\" \/>\n\t<meta property=\"og:image:type\" content=\"image\/jpeg\" \/>\n<meta name=\"author\" content=\"italpress\" \/>\n<meta name=\"twitter:card\" content=\"summary_large_image\" \/>\n<meta name=\"twitter:creator\" content=\"@LiveNotizie\" \/>\n<meta name=\"twitter:site\" content=\"@LiveNotizie\" \/>\n<meta name=\"twitter:label1\" content=\"Scritto da\" \/>\n\t<meta name=\"twitter:data1\" content=\"italpress\" \/>\n\t<meta name=\"twitter:label2\" content=\"Tempo di lettura stimato\" \/>\n\t<meta name=\"twitter:data2\" content=\"1 minuto\" \/>\n<script type=\"application\/ld+json\" class=\"yoast-schema-graph\">{\"@context\":\"https:\\\/\\\/schema.org\",\"@graph\":[{\"@type\":\"Article\",\"@id\":\"https:\\\/\\\/www.livemag.it\\\/index.php\\\/2026\\\/04\\\/28\\\/renzi-a-bologna-fatti-vergognosi-il-25-aprile-e-la-festa-della-liberta\\\/#article\",\"isPartOf\":{\"@id\":\"https:\\\/\\\/www.livemag.it\\\/index.php\\\/2026\\\/04\\\/28\\\/renzi-a-bologna-fatti-vergognosi-il-25-aprile-e-la-festa-della-liberta\\\/\"},\"author\":{\"name\":\"italpress\",\"@id\":\"https:\\\/\\\/www.livemag.it\\\/#\\\/schema\\\/person\\\/b62c5f44451fdcdaeb0afe6c2424e73c\"},\"headline\":\"Renzi &#8220;A Bologna fatti vergognosi, il 25 aprile \u00e8 la festa della libert\u00e0&#8221;\",\"datePublished\":\"2026-04-28T16:02:51+00:00\",\"mainEntityOfPage\":{\"@id\":\"https:\\\/\\\/www.livemag.it\\\/index.php\\\/2026\\\/04\\\/28\\\/renzi-a-bologna-fatti-vergognosi-il-25-aprile-e-la-festa-della-liberta\\\/\"},\"wordCount\":230,\"publisher\":{\"@id\":\"https:\\\/\\\/www.livemag.it\\\/#organization\"},\"image\":{\"@id\":\"https:\\\/\\\/www.livemag.it\\\/index.php\\\/2026\\\/04\\\/28\\\/renzi-a-bologna-fatti-vergognosi-il-25-aprile-e-la-festa-della-liberta\\\/#primaryimage\"},\"thumbnailUrl\":\"https:\\\/\\\/www.livemag.it\\\/wp-content\\\/uploads\\\/2026\\\/04\\\/rW86.jpg\",\"articleSection\":[\"Video\"],\"inLanguage\":\"it-IT\"},{\"@type\":\"WebPage\",\"@id\":\"https:\\\/\\\/www.livemag.it\\\/index.php\\\/2026\\\/04\\\/28\\\/renzi-a-bologna-fatti-vergognosi-il-25-aprile-e-la-festa-della-liberta\\\/\",\"url\":\"https:\\\/\\\/www.livemag.it\\\/index.php\\\/2026\\\/04\\\/28\\\/renzi-a-bologna-fatti-vergognosi-il-25-aprile-e-la-festa-della-liberta\\\/\",\"name\":\"Renzi \\\"A Bologna fatti vergognosi, il 25 aprile \u00e8 la festa della libert\u00e0\\\" - Live Magazine\",\"isPartOf\":{\"@id\":\"https:\\\/\\\/www.livemag.it\\\/#website\"},\"primaryImageOfPage\":{\"@id\":\"https:\\\/\\\/www.livemag.it\\\/index.php\\\/2026\\\/04\\\/28\\\/renzi-a-bologna-fatti-vergognosi-il-25-aprile-e-la-festa-della-liberta\\\/#primaryimage\"},\"image\":{\"@id\":\"https:\\\/\\\/www.livemag.it\\\/index.php\\\/2026\\\/04\\\/28\\\/renzi-a-bologna-fatti-vergognosi-il-25-aprile-e-la-festa-della-liberta\\\/#primaryimage\"},\"thumbnailUrl\":\"https:\\\/\\\/www.livemag.it\\\/wp-content\\\/uploads\\\/2026\\\/04\\\/rW86.jpg\",\"datePublished\":\"2026-04-28T16:02:51+00:00\",\"breadcrumb\":{\"@id\":\"https:\\\/\\\/www.livemag.it\\\/index.php\\\/2026\\\/04\\\/28\\\/renzi-a-bologna-fatti-vergognosi-il-25-aprile-e-la-festa-della-liberta\\\/#breadcrumb\"},\"inLanguage\":\"it-IT\",\"potentialAction\":[{\"@type\":\"ReadAction\",\"target\":[\"https:\\\/\\\/www.livemag.it\\\/index.php\\\/2026\\\/04\\\/28\\\/renzi-a-bologna-fatti-vergognosi-il-25-aprile-e-la-festa-della-liberta\\\/\"]}]},{\"@type\":\"ImageObject\",\"inLanguage\":\"it-IT\",\"@id\":\"https:\\\/\\\/www.livemag.it\\\/index.php\\\/2026\\\/04\\\/28\\\/renzi-a-bologna-fatti-vergognosi-il-25-aprile-e-la-festa-della-liberta\\\/#primaryimage\",\"url\":\"https:\\\/\\\/www.livemag.it\\\/wp-content\\\/uploads\\\/2026\\\/04\\\/rW86.jpg\",\"contentUrl\":\"https:\\\/\\\/www.livemag.it\\\/wp-content\\\/uploads\\\/2026\\\/04\\\/rW86.jpg\",\"width\":1920,\"height\":1080},{\"@type\":\"BreadcrumbList\",\"@id\":\"https:\\\/\\\/www.livemag.it\\\/index.php\\\/2026\\\/04\\\/28\\\/renzi-a-bologna-fatti-vergognosi-il-25-aprile-e-la-festa-della-liberta\\\/#breadcrumb\",\"itemListElement\":[{\"@type\":\"ListItem\",\"position\":1,\"name\":\"Home\",\"item\":\"https:\\\/\\\/www.livemag.it\\\/\"},{\"@type\":\"ListItem\",\"position\":2,\"name\":\"Renzi &#8220;A Bologna fatti vergognosi, il 25 aprile \u00e8 la festa della libert\u00e0&#8221;\"}]},{\"@type\":\"WebSite\",\"@id\":\"https:\\\/\\\/www.livemag.it\\\/#website\",\"url\":\"https:\\\/\\\/www.livemag.it\\\/\",\"name\":\"Live Magazine\",\"description\":\"Varie ed eventi\",\"publisher\":{\"@id\":\"https:\\\/\\\/www.livemag.it\\\/#organization\"},\"potentialAction\":[{\"@type\":\"SearchAction\",\"target\":{\"@type\":\"EntryPoint\",\"urlTemplate\":\"https:\\\/\\\/www.livemag.it\\\/?s={search_term_string}\"},\"query-input\":{\"@type\":\"PropertyValueSpecification\",\"valueRequired\":true,\"valueName\":\"search_term_string\"}}],\"inLanguage\":\"it-IT\"},{\"@type\":\"Organization\",\"@id\":\"https:\\\/\\\/www.livemag.it\\\/#organization\",\"name\":\"LiveMag\",\"alternateName\":\"LiveMag News ed eventi\",\"url\":\"https:\\\/\\\/www.livemag.it\\\/\",\"logo\":{\"@type\":\"ImageObject\",\"inLanguage\":\"it-IT\",\"@id\":\"https:\\\/\\\/www.livemag.it\\\/#\\\/schema\\\/logo\\\/image\\\/\",\"url\":\"https:\\\/\\\/www.livemag.it\\\/wp-content\\\/uploads\\\/2024\\\/02\\\/immagine-sito.jpg\",\"contentUrl\":\"https:\\\/\\\/www.livemag.it\\\/wp-content\\\/uploads\\\/2024\\\/02\\\/immagine-sito.jpg\",\"width\":696,\"height\":696,\"caption\":\"LiveMag\"},\"image\":{\"@id\":\"https:\\\/\\\/www.livemag.it\\\/#\\\/schema\\\/logo\\\/image\\\/\"},\"sameAs\":[\"https:\\\/\\\/www.facebook.com\\\/LiveMag\\\/\",\"https:\\\/\\\/x.com\\\/LiveNotizie\",\"https:\\\/\\\/www.instagram.com\\\/livemag\\\/\"]},{\"@type\":\"Person\",\"@id\":\"https:\\\/\\\/www.livemag.it\\\/#\\\/schema\\\/person\\\/b62c5f44451fdcdaeb0afe6c2424e73c\",\"name\":\"italpress\",\"image\":{\"@type\":\"ImageObject\",\"inLanguage\":\"it-IT\",\"@id\":\"https:\\\/\\\/secure.gravatar.com\\\/avatar\\\/b6a21695fc713ce7ee312cf57c97e2e641feb365be72d8745574d3c3e2b59066?s=96&r=g\",\"url\":\"https:\\\/\\\/secure.gravatar.com\\\/avatar\\\/b6a21695fc713ce7ee312cf57c97e2e641feb365be72d8745574d3c3e2b59066?s=96&r=g\",\"contentUrl\":\"https:\\\/\\\/secure.gravatar.com\\\/avatar\\\/b6a21695fc713ce7ee312cf57c97e2e641feb365be72d8745574d3c3e2b59066?s=96&r=g\",\"caption\":\"italpress\"},\"description\":\"Italpress \u00e8 un'agenzia di stampa italiana a carattere nazionale.\",\"url\":\"https:\\\/\\\/www.livemag.it\\\/index.php\\\/author\\\/italpress\\\/\"}]}<\/script>\n<!-- \/ Yoast SEO plugin. -->","yoast_head_json":{"title":"Renzi \"A Bologna fatti vergognosi, il 25 aprile \u00e8 la festa della libert\u00e0\" - Live Magazine","robots":{"index":"index","follow":"follow","max-snippet":"max-snippet:-1","max-image-preview":"max-image-preview:large","max-video-preview":"max-video-preview:-1"},"canonical":"https:\/\/www.livemag.it\/index.php\/2026\/04\/28\/renzi-a-bologna-fatti-vergognosi-il-25-aprile-e-la-festa-della-liberta\/","og_locale":"it_IT","og_type":"article","og_title":"Renzi \"A Bologna fatti vergognosi, il 25 aprile \u00e8 la festa della libert\u00e0\" - Live Magazine","og_description":"BOLOGNA (ITALPRESS) &#8211; &#8220;Un giovanotto di 81 anni che il 25 aprile ha fatto una cosa bellissima, da bravo cittadino \u00e8 voluto scendere in piazza con le bandiere che rappresentano in questo momento il suo cuore, le bandiere di Italia, Europa e Ucraina, e questa \u00e8 la posizione anche di Italia Viva, noi vogliamo che [&hellip;]","og_url":"https:\/\/www.livemag.it\/index.php\/2026\/04\/28\/renzi-a-bologna-fatti-vergognosi-il-25-aprile-e-la-festa-della-liberta\/","og_site_name":"Live Magazine","article_publisher":"https:\/\/www.facebook.com\/LiveMag\/","article_published_time":"2026-04-28T16:02:51+00:00","og_image":[{"width":1200,"height":675,"url":"https:\/\/www.livemag.it\/wp-content\/uploads\/2024\/02\/ograph.jpg","type":"image\/jpeg"}],"author":"italpress","twitter_card":"summary_large_image","twitter_creator":"@LiveNotizie","twitter_site":"@LiveNotizie","twitter_misc":{"Scritto da":"italpress","Tempo di lettura stimato":"1 minuto"},"schema":{"@context":"https:\/\/schema.org","@graph":[{"@type":"Article","@id":"https:\/\/www.livemag.it\/index.php\/2026\/04\/28\/renzi-a-bologna-fatti-vergognosi-il-25-aprile-e-la-festa-della-liberta\/#article","isPartOf":{"@id":"https:\/\/www.livemag.it\/index.php\/2026\/04\/28\/renzi-a-bologna-fatti-vergognosi-il-25-aprile-e-la-festa-della-liberta\/"},"author":{"name":"italpress","@id":"https:\/\/www.livemag.it\/#\/schema\/person\/b62c5f44451fdcdaeb0afe6c2424e73c"},"headline":"Renzi &#8220;A Bologna fatti vergognosi, il 25 aprile \u00e8 la festa della libert\u00e0&#8221;","datePublished":"2026-04-28T16:02:51+00:00","mainEntityOfPage":{"@id":"https:\/\/www.livemag.it\/index.php\/2026\/04\/28\/renzi-a-bologna-fatti-vergognosi-il-25-aprile-e-la-festa-della-liberta\/"},"wordCount":230,"publisher":{"@id":"https:\/\/www.livemag.it\/#organization"},"image":{"@id":"https:\/\/www.livemag.it\/index.php\/2026\/04\/28\/renzi-a-bologna-fatti-vergognosi-il-25-aprile-e-la-festa-della-liberta\/#primaryimage"},"thumbnailUrl":"https:\/\/www.livemag.it\/wp-content\/uploads\/2026\/04\/rW86.jpg","articleSection":["Video"],"inLanguage":"it-IT"},{"@type":"WebPage","@id":"https:\/\/www.livemag.it\/index.php\/2026\/04\/28\/renzi-a-bologna-fatti-vergognosi-il-25-aprile-e-la-festa-della-liberta\/","url":"https:\/\/www.livemag.it\/index.php\/2026\/04\/28\/renzi-a-bologna-fatti-vergognosi-il-25-aprile-e-la-festa-della-liberta\/","name":"Renzi \"A Bologna fatti vergognosi, il 25 aprile \u00e8 la festa della libert\u00e0\" - Live Magazine","isPartOf":{"@id":"https:\/\/www.livemag.it\/#website"},"primaryImageOfPage":{"@id":"https:\/\/www.livemag.it\/index.php\/2026\/04\/28\/renzi-a-bologna-fatti-vergognosi-il-25-aprile-e-la-festa-della-liberta\/#primaryimage"},"image":{"@id":"https:\/\/www.livemag.it\/index.php\/2026\/04\/28\/renzi-a-bologna-fatti-vergognosi-il-25-aprile-e-la-festa-della-liberta\/#primaryimage"},"thumbnailUrl":"https:\/\/www.livemag.it\/wp-content\/uploads\/2026\/04\/rW86.jpg","datePublished":"2026-04-28T16:02:51+00:00","breadcrumb":{"@id":"https:\/\/www.livemag.it\/index.php\/2026\/04\/28\/renzi-a-bologna-fatti-vergognosi-il-25-aprile-e-la-festa-della-liberta\/#breadcrumb"},"inLanguage":"it-IT","potentialAction":[{"@type":"ReadAction","target":["https:\/\/www.livemag.it\/index.php\/2026\/04\/28\/renzi-a-bologna-fatti-vergognosi-il-25-aprile-e-la-festa-della-liberta\/"]}]},{"@type":"ImageObject","inLanguage":"it-IT","@id":"https:\/\/www.livemag.it\/index.php\/2026\/04\/28\/renzi-a-bologna-fatti-vergognosi-il-25-aprile-e-la-festa-della-liberta\/#primaryimage","url":"https:\/\/www.livemag.it\/wp-content\/uploads\/2026\/04\/rW86.jpg","contentUrl":"https:\/\/www.livemag.it\/wp-content\/uploads\/2026\/04\/rW86.jpg","width":1920,"height":1080},{"@type":"BreadcrumbList","@id":"https:\/\/www.livemag.it\/index.php\/2026\/04\/28\/renzi-a-bologna-fatti-vergognosi-il-25-aprile-e-la-festa-della-liberta\/#breadcrumb","itemListElement":[{"@type":"ListItem","position":1,"name":"Home","item":"https:\/\/www.livemag.it\/"},{"@type":"ListItem","position":2,"name":"Renzi &#8220;A Bologna fatti vergognosi, il 25 aprile \u00e8 la festa della libert\u00e0&#8221;"}]},{"@type":"WebSite","@id":"https:\/\/www.livemag.it\/#website","url":"https:\/\/www.livemag.it\/","name":"Live Magazine","description":"Varie ed eventi","publisher":{"@id":"https:\/\/www.livemag.it\/#organization"},"potentialAction":[{"@type":"SearchAction","target":{"@type":"EntryPoint","urlTemplate":"https:\/\/www.livemag.it\/?s={search_term_string}"},"query-input":{"@type":"PropertyValueSpecification","valueRequired":true,"valueName":"search_term_string"}}],"inLanguage":"it-IT"},{"@type":"Organization","@id":"https:\/\/www.livemag.it\/#organization","name":"LiveMag","alternateName":"LiveMag News ed eventi","url":"https:\/\/www.livemag.it\/","logo":{"@type":"ImageObject","inLanguage":"it-IT","@id":"https:\/\/www.livemag.it\/#\/schema\/logo\/image\/","url":"https:\/\/www.livemag.it\/wp-content\/uploads\/2024\/02\/immagine-sito.jpg","contentUrl":"https:\/\/www.livemag.it\/wp-content\/uploads\/2024\/02\/immagine-sito.jpg","width":696,"height":696,"caption":"LiveMag"},"image":{"@id":"https:\/\/www.livemag.it\/#\/schema\/logo\/image\/"},"sameAs":["https:\/\/www.facebook.com\/LiveMag\/","https:\/\/x.com\/LiveNotizie","https:\/\/www.instagram.com\/livemag\/"]},{"@type":"Person","@id":"https:\/\/www.livemag.it\/#\/schema\/person\/b62c5f44451fdcdaeb0afe6c2424e73c","name":"italpress","image":{"@type":"ImageObject","inLanguage":"it-IT","@id":"https:\/\/secure.gravatar.com\/avatar\/b6a21695fc713ce7ee312cf57c97e2e641feb365be72d8745574d3c3e2b59066?s=96&r=g","url":"https:\/\/secure.gravatar.com\/avatar\/b6a21695fc713ce7ee312cf57c97e2e641feb365be72d8745574d3c3e2b59066?s=96&r=g","contentUrl":"https:\/\/secure.gravatar.com\/avatar\/b6a21695fc713ce7ee312cf57c97e2e641feb365be72d8745574d3c3e2b59066?s=96&r=g","caption":"italpress"},"description":"Italpress \u00e8 un'agenzia di stampa italiana a carattere nazionale.","url":"https:\/\/www.livemag.it\/index.php\/author\/italpress\/"}]}},"jetpack_featured_media_url":"https:\/\/www.livemag.it\/wp-content\/uploads\/2026\/04\/rW86.jpg","_links":{"self":[{"href":"https:\/\/www.livemag.it\/index.php\/wp-json\/wp\/v2\/posts\/75086","targetHints":{"allow":["GET"]}}],"collection":[{"href":"https:\/\/www.livemag.it\/index.php\/wp-json\/wp\/v2\/posts"}],"about":[{"href":"https:\/\/www.livemag.it\/index.php\/wp-json\/wp\/v2\/types\/post"}],"author":[{"embeddable":true,"href":"https:\/\/www.livemag.it\/index.php\/wp-json\/wp\/v2\/users\/16"}],"replies":[{"embeddable":true,"href":"https:\/\/www.livemag.it\/index.php\/wp-json\/wp\/v2\/comments?post=75086"}],"version-history":[{"count":0,"href":"https:\/\/www.livemag.it\/index.php\/wp-json\/wp\/v2\/posts\/75086\/revisions"}],"wp:featuredmedia":[{"embeddable":true,"href":"https:\/\/www.livemag.it\/index.php\/wp-json\/wp\/v2\/media\/75087"}],"wp:attachment":[{"href":"https:\/\/www.livemag.it\/index.php\/wp-json\/wp\/v2\/media?parent=75086"}],"wp:term":[{"taxonomy":"category","embeddable":true,"href":"https:\/\/www.livemag.it\/index.php\/wp-json\/wp\/v2\/categories?post=75086"},{"taxonomy":"post_tag","embeddable":true,"href":"https:\/\/www.livemag.it\/index.php\/wp-json\/wp\/v2\/tags?post=75086"}],"curies":[{"name":"wp","href":"https:\/\/api.w.org\/{rel}","templated":true}]}}