{"id":75035,"date":"2026-04-28T12:02:53","date_gmt":"2026-04-28T10:02:53","guid":{"rendered":"https:\/\/www.livemag.it\/index.php\/2026\/04\/28\/oddi-baglioni-costituire-ufficio-a-masaf-per-imprenditoria-femminile\/"},"modified":"2026-04-28T12:02:53","modified_gmt":"2026-04-28T10:02:53","slug":"oddi-baglioni-costituire-ufficio-a-masaf-per-imprenditoria-femminile","status":"publish","type":"post","link":"https:\/\/www.livemag.it\/index.php\/2026\/04\/28\/oddi-baglioni-costituire-ufficio-a-masaf-per-imprenditoria-femminile\/","title":{"rendered":"<div>Oddi Baglioni &#8220;Costituire ufficio a Masaf per imprenditoria femminile&#8221;<\/div>"},"content":{"rendered":"<p>    <video-js id=\"videojs69f0be957c471\" class=\"vjs-big-play-centered\" controls preload=\"auto\" playsinline data-setup='{\"fluid\": true}'>\r\n        <source src=\"https:\/\/video.italpress.com\/play\/mp4\/video\/AEPz\" type=\"video\/mp4\" \/>\r\n    <\/video-js>\r\n           <br \/>\n<\/p>\n<div> ROMA (ITALPRESS) &#8211; &#8220;La giornata di oggi si colloca nell&#8217;Anno Internazionale delle Donne Agricoltrici lanciato dalle Nazioni Unite. Le criticit\u00e0&#8221; che le donne devono affrontare in questo settore &#8220;sono diverse da paese a paese. In tutto il mondo, l&#8217;accesso ai terreni molte volte privilegia la parte maschile, in Italia le nostre imprenditrici ci sono, lavorano molto bene, sono molto innovative, ma hanno bisogno di supporto come tutto il mondo agricolo, quindi credito d&#8217;imposta, ma soprattutto piattaforme di distribuzione e informatica&#8221;, fino ad arrivare al &#8220;tema dell&#8217;intelligenza artificiale, su cui assolutamente \u00e8 necessario un nuovo tipo di formazione, perch\u00e9 quello che potrebbe essere un salto tecnologicamente avanzato, si potrebbe ritorcere contro a chi non \u00e8 formato per affrontarlo&#8221;. Cos\u00ec la presidente di Confagricoltura Donna, Alessandra Oddi Baglioni, a margine dell&#8217;evento &#8220;L&#8217;Agricoltura \u00e8 Donna. Leadership femminile per coltivare il futuro&#8221; a Roma. &#8220;La nostra richiesta alle istituzioni \u00e8 quella di costituire un ufficio ad hoc presso il Ministero dell&#8217;Agricoltura per occuparsi dell&#8217;imprenditoria femminile. In passato c&#8217;era, poi sono successe tante cose e non c&#8217;\u00e8 stato pi\u00f9&#8221;, ricorda. Per quanto riguarda l&#8217;accesso delle donne giovani al settore &#8220;c&#8217;\u00e8 gi\u00e0 stato un cambiamento: molte delle nostre socie sono giovani, istruite e tecnologicamente avanzate. Chiaramente tutto il settore soffre&#8221; della situazione geopolitica mondiale: &#8220;prima abbiamo avuto il Covid e poi le guerre, che danneggiano chi vuole intraprendere l&#8217;impresa. Ma non c&#8217;\u00e8 pi\u00f9 un divario&#8221; nell&#8217;accesso &#8220;tra donne o uomini. Il problema \u00e8 soltanto di avere gli strumenti adeguati&#8221;, conclude.<\/p>\n<p>xi2\/trl\/mca3<\/p><\/div>\n","protected":false},"excerpt":{"rendered":"<p>ROMA (ITALPRESS) &#8211; &#8220;La giornata di oggi si colloca nell&#8217;Anno Internazionale delle Donne Agricoltrici lanciato dalle Nazioni Unite. Le criticit\u00e0&#8221; che le donne devono affrontare in questo settore &#8220;sono diverse da paese a paese. In tutto il mondo, l&#8217;accesso ai terreni molte volte privilegia la parte maschile, in Italia le nostre imprenditrici ci sono, lavorano [&hellip;]<\/p>\n","protected":false},"author":16,"featured_media":75036,"comment_status":"closed","ping_status":"closed","sticky":false,"template":"","format":"video","meta":{"jnews-multi-image_gallery":[],"jnews_single_post":[],"jnews_primary_category":[],"jnews_social_meta":[],"jnews_override_counter":[],"jnews_post_split":[],"footnotes":""},"categories":[1171],"tags":[],"class_list":["post-75035","post","type-post","status-publish","format-video","has-post-thumbnail","hentry","category-video","post_format-post-format-video"],"yoast_head":"<!-- This site is optimized with the Yoast SEO plugin v27.5 - https:\/\/yoast.com\/product\/yoast-seo-wordpress\/ -->\n<title>Oddi Baglioni &quot;Costituire ufficio a Masaf per imprenditoria femminile&quot; - Live Magazine<\/title>\n<meta name=\"robots\" content=\"index, follow, max-snippet:-1, max-image-preview:large, max-video-preview:-1\" \/>\n<link rel=\"canonical\" href=\"https:\/\/www.livemag.it\/index.php\/2026\/04\/28\/oddi-baglioni-costituire-ufficio-a-masaf-per-imprenditoria-femminile\/\" \/>\n<meta property=\"og:locale\" content=\"it_IT\" \/>\n<meta property=\"og:type\" content=\"article\" \/>\n<meta property=\"og:title\" content=\"Oddi Baglioni &quot;Costituire ufficio a Masaf per imprenditoria femminile&quot; - Live Magazine\" \/>\n<meta property=\"og:description\" content=\"ROMA (ITALPRESS) &#8211; &#8220;La giornata di oggi si colloca nell&#8217;Anno Internazionale delle Donne Agricoltrici lanciato dalle Nazioni Unite. Le criticit\u00e0&#8221; che le donne devono affrontare in questo settore &#8220;sono diverse da paese a paese. In tutto il mondo, l&#8217;accesso ai terreni molte volte privilegia la parte maschile, in Italia le nostre imprenditrici ci sono, lavorano [&hellip;]\" \/>\n<meta property=\"og:url\" content=\"https:\/\/www.livemag.it\/index.php\/2026\/04\/28\/oddi-baglioni-costituire-ufficio-a-masaf-per-imprenditoria-femminile\/\" \/>\n<meta property=\"og:site_name\" content=\"Live Magazine\" \/>\n<meta property=\"article:publisher\" content=\"https:\/\/www.facebook.com\/LiveMag\/\" \/>\n<meta property=\"article:published_time\" content=\"2026-04-28T10:02:53+00:00\" \/>\n<meta property=\"og:image\" content=\"https:\/\/www.livemag.it\/wp-content\/uploads\/2024\/02\/ograph.jpg\" \/>\n\t<meta property=\"og:image:width\" content=\"1200\" \/>\n\t<meta property=\"og:image:height\" content=\"675\" \/>\n\t<meta property=\"og:image:type\" content=\"image\/jpeg\" \/>\n<meta name=\"author\" content=\"italpress\" \/>\n<meta name=\"twitter:card\" content=\"summary_large_image\" \/>\n<meta name=\"twitter:creator\" content=\"@LiveNotizie\" \/>\n<meta name=\"twitter:site\" content=\"@LiveNotizie\" \/>\n<meta name=\"twitter:label1\" content=\"Scritto da\" \/>\n\t<meta name=\"twitter:data1\" content=\"italpress\" \/>\n\t<meta name=\"twitter:label2\" content=\"Tempo di lettura stimato\" \/>\n\t<meta name=\"twitter:data2\" content=\"1 minuto\" \/>\n<script type=\"application\/ld+json\" class=\"yoast-schema-graph\">{\"@context\":\"https:\\\/\\\/schema.org\",\"@graph\":[{\"@type\":\"Article\",\"@id\":\"https:\\\/\\\/www.livemag.it\\\/index.php\\\/2026\\\/04\\\/28\\\/oddi-baglioni-costituire-ufficio-a-masaf-per-imprenditoria-femminile\\\/#article\",\"isPartOf\":{\"@id\":\"https:\\\/\\\/www.livemag.it\\\/index.php\\\/2026\\\/04\\\/28\\\/oddi-baglioni-costituire-ufficio-a-masaf-per-imprenditoria-femminile\\\/\"},\"author\":{\"name\":\"italpress\",\"@id\":\"https:\\\/\\\/www.livemag.it\\\/#\\\/schema\\\/person\\\/b62c5f44451fdcdaeb0afe6c2424e73c\"},\"headline\":\"Oddi Baglioni &#8220;Costituire ufficio a Masaf per imprenditoria femminile&#8221;\",\"datePublished\":\"2026-04-28T10:02:53+00:00\",\"mainEntityOfPage\":{\"@id\":\"https:\\\/\\\/www.livemag.it\\\/index.php\\\/2026\\\/04\\\/28\\\/oddi-baglioni-costituire-ufficio-a-masaf-per-imprenditoria-femminile\\\/\"},\"wordCount\":274,\"publisher\":{\"@id\":\"https:\\\/\\\/www.livemag.it\\\/#organization\"},\"image\":{\"@id\":\"https:\\\/\\\/www.livemag.it\\\/index.php\\\/2026\\\/04\\\/28\\\/oddi-baglioni-costituire-ufficio-a-masaf-per-imprenditoria-femminile\\\/#primaryimage\"},\"thumbnailUrl\":\"https:\\\/\\\/www.livemag.it\\\/wp-content\\\/uploads\\\/2026\\\/04\\\/AEPz.jpg\",\"articleSection\":[\"Video\"],\"inLanguage\":\"it-IT\"},{\"@type\":\"WebPage\",\"@id\":\"https:\\\/\\\/www.livemag.it\\\/index.php\\\/2026\\\/04\\\/28\\\/oddi-baglioni-costituire-ufficio-a-masaf-per-imprenditoria-femminile\\\/\",\"url\":\"https:\\\/\\\/www.livemag.it\\\/index.php\\\/2026\\\/04\\\/28\\\/oddi-baglioni-costituire-ufficio-a-masaf-per-imprenditoria-femminile\\\/\",\"name\":\"Oddi Baglioni \\\"Costituire ufficio a Masaf per imprenditoria femminile\\\" - Live Magazine\",\"isPartOf\":{\"@id\":\"https:\\\/\\\/www.livemag.it\\\/#website\"},\"primaryImageOfPage\":{\"@id\":\"https:\\\/\\\/www.livemag.it\\\/index.php\\\/2026\\\/04\\\/28\\\/oddi-baglioni-costituire-ufficio-a-masaf-per-imprenditoria-femminile\\\/#primaryimage\"},\"image\":{\"@id\":\"https:\\\/\\\/www.livemag.it\\\/index.php\\\/2026\\\/04\\\/28\\\/oddi-baglioni-costituire-ufficio-a-masaf-per-imprenditoria-femminile\\\/#primaryimage\"},\"thumbnailUrl\":\"https:\\\/\\\/www.livemag.it\\\/wp-content\\\/uploads\\\/2026\\\/04\\\/AEPz.jpg\",\"datePublished\":\"2026-04-28T10:02:53+00:00\",\"breadcrumb\":{\"@id\":\"https:\\\/\\\/www.livemag.it\\\/index.php\\\/2026\\\/04\\\/28\\\/oddi-baglioni-costituire-ufficio-a-masaf-per-imprenditoria-femminile\\\/#breadcrumb\"},\"inLanguage\":\"it-IT\",\"potentialAction\":[{\"@type\":\"ReadAction\",\"target\":[\"https:\\\/\\\/www.livemag.it\\\/index.php\\\/2026\\\/04\\\/28\\\/oddi-baglioni-costituire-ufficio-a-masaf-per-imprenditoria-femminile\\\/\"]}]},{\"@type\":\"ImageObject\",\"inLanguage\":\"it-IT\",\"@id\":\"https:\\\/\\\/www.livemag.it\\\/index.php\\\/2026\\\/04\\\/28\\\/oddi-baglioni-costituire-ufficio-a-masaf-per-imprenditoria-femminile\\\/#primaryimage\",\"url\":\"https:\\\/\\\/www.livemag.it\\\/wp-content\\\/uploads\\\/2026\\\/04\\\/AEPz.jpg\",\"contentUrl\":\"https:\\\/\\\/www.livemag.it\\\/wp-content\\\/uploads\\\/2026\\\/04\\\/AEPz.jpg\",\"width\":1920,\"height\":1080},{\"@type\":\"BreadcrumbList\",\"@id\":\"https:\\\/\\\/www.livemag.it\\\/index.php\\\/2026\\\/04\\\/28\\\/oddi-baglioni-costituire-ufficio-a-masaf-per-imprenditoria-femminile\\\/#breadcrumb\",\"itemListElement\":[{\"@type\":\"ListItem\",\"position\":1,\"name\":\"Home\",\"item\":\"https:\\\/\\\/www.livemag.it\\\/\"},{\"@type\":\"ListItem\",\"position\":2,\"name\":\"Oddi Baglioni &#8220;Costituire ufficio a Masaf per imprenditoria femminile&#8221;\"}]},{\"@type\":\"WebSite\",\"@id\":\"https:\\\/\\\/www.livemag.it\\\/#website\",\"url\":\"https:\\\/\\\/www.livemag.it\\\/\",\"name\":\"Live Magazine\",\"description\":\"Varie ed eventi\",\"publisher\":{\"@id\":\"https:\\\/\\\/www.livemag.it\\\/#organization\"},\"potentialAction\":[{\"@type\":\"SearchAction\",\"target\":{\"@type\":\"EntryPoint\",\"urlTemplate\":\"https:\\\/\\\/www.livemag.it\\\/?s={search_term_string}\"},\"query-input\":{\"@type\":\"PropertyValueSpecification\",\"valueRequired\":true,\"valueName\":\"search_term_string\"}}],\"inLanguage\":\"it-IT\"},{\"@type\":\"Organization\",\"@id\":\"https:\\\/\\\/www.livemag.it\\\/#organization\",\"name\":\"LiveMag\",\"alternateName\":\"LiveMag News ed eventi\",\"url\":\"https:\\\/\\\/www.livemag.it\\\/\",\"logo\":{\"@type\":\"ImageObject\",\"inLanguage\":\"it-IT\",\"@id\":\"https:\\\/\\\/www.livemag.it\\\/#\\\/schema\\\/logo\\\/image\\\/\",\"url\":\"https:\\\/\\\/www.livemag.it\\\/wp-content\\\/uploads\\\/2024\\\/02\\\/immagine-sito.jpg\",\"contentUrl\":\"https:\\\/\\\/www.livemag.it\\\/wp-content\\\/uploads\\\/2024\\\/02\\\/immagine-sito.jpg\",\"width\":696,\"height\":696,\"caption\":\"LiveMag\"},\"image\":{\"@id\":\"https:\\\/\\\/www.livemag.it\\\/#\\\/schema\\\/logo\\\/image\\\/\"},\"sameAs\":[\"https:\\\/\\\/www.facebook.com\\\/LiveMag\\\/\",\"https:\\\/\\\/x.com\\\/LiveNotizie\",\"https:\\\/\\\/www.instagram.com\\\/livemag\\\/\"]},{\"@type\":\"Person\",\"@id\":\"https:\\\/\\\/www.livemag.it\\\/#\\\/schema\\\/person\\\/b62c5f44451fdcdaeb0afe6c2424e73c\",\"name\":\"italpress\",\"image\":{\"@type\":\"ImageObject\",\"inLanguage\":\"it-IT\",\"@id\":\"https:\\\/\\\/secure.gravatar.com\\\/avatar\\\/b6a21695fc713ce7ee312cf57c97e2e641feb365be72d8745574d3c3e2b59066?s=96&r=g\",\"url\":\"https:\\\/\\\/secure.gravatar.com\\\/avatar\\\/b6a21695fc713ce7ee312cf57c97e2e641feb365be72d8745574d3c3e2b59066?s=96&r=g\",\"contentUrl\":\"https:\\\/\\\/secure.gravatar.com\\\/avatar\\\/b6a21695fc713ce7ee312cf57c97e2e641feb365be72d8745574d3c3e2b59066?s=96&r=g\",\"caption\":\"italpress\"},\"description\":\"Italpress \u00e8 un'agenzia di stampa italiana a carattere nazionale.\",\"url\":\"https:\\\/\\\/www.livemag.it\\\/index.php\\\/author\\\/italpress\\\/\"}]}<\/script>\n<!-- \/ Yoast SEO plugin. -->","yoast_head_json":{"title":"Oddi Baglioni \"Costituire ufficio a Masaf per imprenditoria femminile\" - Live Magazine","robots":{"index":"index","follow":"follow","max-snippet":"max-snippet:-1","max-image-preview":"max-image-preview:large","max-video-preview":"max-video-preview:-1"},"canonical":"https:\/\/www.livemag.it\/index.php\/2026\/04\/28\/oddi-baglioni-costituire-ufficio-a-masaf-per-imprenditoria-femminile\/","og_locale":"it_IT","og_type":"article","og_title":"Oddi Baglioni \"Costituire ufficio a Masaf per imprenditoria femminile\" - Live Magazine","og_description":"ROMA (ITALPRESS) &#8211; &#8220;La giornata di oggi si colloca nell&#8217;Anno Internazionale delle Donne Agricoltrici lanciato dalle Nazioni Unite. Le criticit\u00e0&#8221; che le donne devono affrontare in questo settore &#8220;sono diverse da paese a paese. In tutto il mondo, l&#8217;accesso ai terreni molte volte privilegia la parte maschile, in Italia le nostre imprenditrici ci sono, lavorano [&hellip;]","og_url":"https:\/\/www.livemag.it\/index.php\/2026\/04\/28\/oddi-baglioni-costituire-ufficio-a-masaf-per-imprenditoria-femminile\/","og_site_name":"Live Magazine","article_publisher":"https:\/\/www.facebook.com\/LiveMag\/","article_published_time":"2026-04-28T10:02:53+00:00","og_image":[{"width":1200,"height":675,"url":"https:\/\/www.livemag.it\/wp-content\/uploads\/2024\/02\/ograph.jpg","type":"image\/jpeg"}],"author":"italpress","twitter_card":"summary_large_image","twitter_creator":"@LiveNotizie","twitter_site":"@LiveNotizie","twitter_misc":{"Scritto da":"italpress","Tempo di lettura stimato":"1 minuto"},"schema":{"@context":"https:\/\/schema.org","@graph":[{"@type":"Article","@id":"https:\/\/www.livemag.it\/index.php\/2026\/04\/28\/oddi-baglioni-costituire-ufficio-a-masaf-per-imprenditoria-femminile\/#article","isPartOf":{"@id":"https:\/\/www.livemag.it\/index.php\/2026\/04\/28\/oddi-baglioni-costituire-ufficio-a-masaf-per-imprenditoria-femminile\/"},"author":{"name":"italpress","@id":"https:\/\/www.livemag.it\/#\/schema\/person\/b62c5f44451fdcdaeb0afe6c2424e73c"},"headline":"Oddi Baglioni &#8220;Costituire ufficio a Masaf per imprenditoria femminile&#8221;","datePublished":"2026-04-28T10:02:53+00:00","mainEntityOfPage":{"@id":"https:\/\/www.livemag.it\/index.php\/2026\/04\/28\/oddi-baglioni-costituire-ufficio-a-masaf-per-imprenditoria-femminile\/"},"wordCount":274,"publisher":{"@id":"https:\/\/www.livemag.it\/#organization"},"image":{"@id":"https:\/\/www.livemag.it\/index.php\/2026\/04\/28\/oddi-baglioni-costituire-ufficio-a-masaf-per-imprenditoria-femminile\/#primaryimage"},"thumbnailUrl":"https:\/\/www.livemag.it\/wp-content\/uploads\/2026\/04\/AEPz.jpg","articleSection":["Video"],"inLanguage":"it-IT"},{"@type":"WebPage","@id":"https:\/\/www.livemag.it\/index.php\/2026\/04\/28\/oddi-baglioni-costituire-ufficio-a-masaf-per-imprenditoria-femminile\/","url":"https:\/\/www.livemag.it\/index.php\/2026\/04\/28\/oddi-baglioni-costituire-ufficio-a-masaf-per-imprenditoria-femminile\/","name":"Oddi Baglioni \"Costituire ufficio a Masaf per imprenditoria femminile\" - Live Magazine","isPartOf":{"@id":"https:\/\/www.livemag.it\/#website"},"primaryImageOfPage":{"@id":"https:\/\/www.livemag.it\/index.php\/2026\/04\/28\/oddi-baglioni-costituire-ufficio-a-masaf-per-imprenditoria-femminile\/#primaryimage"},"image":{"@id":"https:\/\/www.livemag.it\/index.php\/2026\/04\/28\/oddi-baglioni-costituire-ufficio-a-masaf-per-imprenditoria-femminile\/#primaryimage"},"thumbnailUrl":"https:\/\/www.livemag.it\/wp-content\/uploads\/2026\/04\/AEPz.jpg","datePublished":"2026-04-28T10:02:53+00:00","breadcrumb":{"@id":"https:\/\/www.livemag.it\/index.php\/2026\/04\/28\/oddi-baglioni-costituire-ufficio-a-masaf-per-imprenditoria-femminile\/#breadcrumb"},"inLanguage":"it-IT","potentialAction":[{"@type":"ReadAction","target":["https:\/\/www.livemag.it\/index.php\/2026\/04\/28\/oddi-baglioni-costituire-ufficio-a-masaf-per-imprenditoria-femminile\/"]}]},{"@type":"ImageObject","inLanguage":"it-IT","@id":"https:\/\/www.livemag.it\/index.php\/2026\/04\/28\/oddi-baglioni-costituire-ufficio-a-masaf-per-imprenditoria-femminile\/#primaryimage","url":"https:\/\/www.livemag.it\/wp-content\/uploads\/2026\/04\/AEPz.jpg","contentUrl":"https:\/\/www.livemag.it\/wp-content\/uploads\/2026\/04\/AEPz.jpg","width":1920,"height":1080},{"@type":"BreadcrumbList","@id":"https:\/\/www.livemag.it\/index.php\/2026\/04\/28\/oddi-baglioni-costituire-ufficio-a-masaf-per-imprenditoria-femminile\/#breadcrumb","itemListElement":[{"@type":"ListItem","position":1,"name":"Home","item":"https:\/\/www.livemag.it\/"},{"@type":"ListItem","position":2,"name":"Oddi Baglioni &#8220;Costituire ufficio a Masaf per imprenditoria femminile&#8221;"}]},{"@type":"WebSite","@id":"https:\/\/www.livemag.it\/#website","url":"https:\/\/www.livemag.it\/","name":"Live Magazine","description":"Varie ed eventi","publisher":{"@id":"https:\/\/www.livemag.it\/#organization"},"potentialAction":[{"@type":"SearchAction","target":{"@type":"EntryPoint","urlTemplate":"https:\/\/www.livemag.it\/?s={search_term_string}"},"query-input":{"@type":"PropertyValueSpecification","valueRequired":true,"valueName":"search_term_string"}}],"inLanguage":"it-IT"},{"@type":"Organization","@id":"https:\/\/www.livemag.it\/#organization","name":"LiveMag","alternateName":"LiveMag News ed eventi","url":"https:\/\/www.livemag.it\/","logo":{"@type":"ImageObject","inLanguage":"it-IT","@id":"https:\/\/www.livemag.it\/#\/schema\/logo\/image\/","url":"https:\/\/www.livemag.it\/wp-content\/uploads\/2024\/02\/immagine-sito.jpg","contentUrl":"https:\/\/www.livemag.it\/wp-content\/uploads\/2024\/02\/immagine-sito.jpg","width":696,"height":696,"caption":"LiveMag"},"image":{"@id":"https:\/\/www.livemag.it\/#\/schema\/logo\/image\/"},"sameAs":["https:\/\/www.facebook.com\/LiveMag\/","https:\/\/x.com\/LiveNotizie","https:\/\/www.instagram.com\/livemag\/"]},{"@type":"Person","@id":"https:\/\/www.livemag.it\/#\/schema\/person\/b62c5f44451fdcdaeb0afe6c2424e73c","name":"italpress","image":{"@type":"ImageObject","inLanguage":"it-IT","@id":"https:\/\/secure.gravatar.com\/avatar\/b6a21695fc713ce7ee312cf57c97e2e641feb365be72d8745574d3c3e2b59066?s=96&r=g","url":"https:\/\/secure.gravatar.com\/avatar\/b6a21695fc713ce7ee312cf57c97e2e641feb365be72d8745574d3c3e2b59066?s=96&r=g","contentUrl":"https:\/\/secure.gravatar.com\/avatar\/b6a21695fc713ce7ee312cf57c97e2e641feb365be72d8745574d3c3e2b59066?s=96&r=g","caption":"italpress"},"description":"Italpress \u00e8 un'agenzia di stampa italiana a carattere nazionale.","url":"https:\/\/www.livemag.it\/index.php\/author\/italpress\/"}]}},"jetpack_featured_media_url":"https:\/\/www.livemag.it\/wp-content\/uploads\/2026\/04\/AEPz.jpg","_links":{"self":[{"href":"https:\/\/www.livemag.it\/index.php\/wp-json\/wp\/v2\/posts\/75035","targetHints":{"allow":["GET"]}}],"collection":[{"href":"https:\/\/www.livemag.it\/index.php\/wp-json\/wp\/v2\/posts"}],"about":[{"href":"https:\/\/www.livemag.it\/index.php\/wp-json\/wp\/v2\/types\/post"}],"author":[{"embeddable":true,"href":"https:\/\/www.livemag.it\/index.php\/wp-json\/wp\/v2\/users\/16"}],"replies":[{"embeddable":true,"href":"https:\/\/www.livemag.it\/index.php\/wp-json\/wp\/v2\/comments?post=75035"}],"version-history":[{"count":0,"href":"https:\/\/www.livemag.it\/index.php\/wp-json\/wp\/v2\/posts\/75035\/revisions"}],"wp:featuredmedia":[{"embeddable":true,"href":"https:\/\/www.livemag.it\/index.php\/wp-json\/wp\/v2\/media\/75036"}],"wp:attachment":[{"href":"https:\/\/www.livemag.it\/index.php\/wp-json\/wp\/v2\/media?parent=75035"}],"wp:term":[{"taxonomy":"category","embeddable":true,"href":"https:\/\/www.livemag.it\/index.php\/wp-json\/wp\/v2\/categories?post=75035"},{"taxonomy":"post_tag","embeddable":true,"href":"https:\/\/www.livemag.it\/index.php\/wp-json\/wp\/v2\/tags?post=75035"}],"curies":[{"name":"wp","href":"https:\/\/api.w.org\/{rel}","templated":true}]}}