{"id":75013,"date":"2026-04-27T21:02:52","date_gmt":"2026-04-27T19:02:52","guid":{"rendered":"https:\/\/www.livemag.it\/index.php\/2026\/04\/27\/25-aprile-sala-fatti-spiacevoli-troviamo-formule-per-festeggiare-meglio\/"},"modified":"2026-04-27T21:02:52","modified_gmt":"2026-04-27T19:02:52","slug":"25-aprile-sala-fatti-spiacevoli-troviamo-formule-per-festeggiare-meglio","status":"publish","type":"post","link":"https:\/\/www.livemag.it\/index.php\/2026\/04\/27\/25-aprile-sala-fatti-spiacevoli-troviamo-formule-per-festeggiare-meglio\/","title":{"rendered":"<div>25 Aprile, Sala &#8220;Fatti spiacevoli, troviamo formule per festeggiare meglio&#8221;<\/div>"},"content":{"rendered":"<p>    <video-js id=\"videojs69efe68fb6743\" class=\"vjs-big-play-centered\" controls preload=\"auto\" playsinline data-setup='{\"fluid\": true}'>\r\n        <source src=\"https:\/\/video.italpress.com\/play\/mp4\/video\/rWR6\" type=\"video\/mp4\" \/>\r\n    <\/video-js>\r\n           <br \/>\n<\/p>\n<div> MILANO (ITALPRESS) &#8211; &#8220;\u00c8 difficile commentare perch\u00e9 alla fine \u00e8 stato purtroppo spiacevole, essendo una delle giornate pi\u00f9 importanti di Milano ed \u00e8 un peccato&#8221;. Cos\u00ec il sindaco di Milano, Giuseppe Sala, ha commentato i fatti avvenuti al corteo del 25 aprile nel capoluogo lombardo, a margine della cerimonia di commemorazione di Gaetano Amoroso. &#8220;Io per commentare direi che proviamo ad andare avanti e pensiamo che l&#8217;anno prossimo ci sar\u00e0 un altro 25 aprile e ci auguriamo che non debba essere cos\u00ec per Milano, per i cittadini &#8211; ha proseguito &#8211; perch\u00e9 a fronte di situazioni spiacevoli ci sono state anche migliaia e migliaia di persone che hanno partecipato non solo pacificamente ma piacevolmente, che vogliono partecipare ogni anno, quindi io non \u00e8 che mi senta di aggiungere altro se non cerchiamo di pensare al fatto che i valori del 25 aprile rimangono immutati, l&#8217;anno prossimo sar\u00e0 un altro anno e per cui troviamo le formule per poter festeggiare il 25 aprile&#8221;.  Il primo cittadino ha poi ribadito: &#8220;noi la chiamiamo Festa della Liberazione ma&#8221; attualmente &#8220;non \u00e8 una festa, purtroppo \u00e8 un confronto, deve tornare ad essere una festa importantissima per il nostro Paese, in particolare per la nostra citt\u00e0 perch\u00e9, come abbiamo ricordato, qui la liberazione \u00e8 stata significativa, Milano non ha aspettato che arrivassero gli alleati, si \u00e8 subito mossa, si \u00e8 data da fare&#8221;. Quindi, &#8220;ripeto, spiacevole ma guardiamo avanti&#8221;, ha concluso. <\/p>\n<p>xm4\/pc\/mca3<\/p><\/div>\n","protected":false},"excerpt":{"rendered":"<p>MILANO (ITALPRESS) &#8211; &#8220;\u00c8 difficile commentare perch\u00e9 alla fine \u00e8 stato purtroppo spiacevole, essendo una delle giornate pi\u00f9 importanti di Milano ed \u00e8 un peccato&#8221;. Cos\u00ec il sindaco di Milano, Giuseppe Sala, ha commentato i fatti avvenuti al corteo del 25 aprile nel capoluogo lombardo, a margine della cerimonia di commemorazione di Gaetano Amoroso. &#8220;Io [&hellip;]<\/p>\n","protected":false},"author":16,"featured_media":75014,"comment_status":"closed","ping_status":"closed","sticky":false,"template":"","format":"video","meta":{"jnews-multi-image_gallery":[],"jnews_single_post":[],"jnews_primary_category":[],"jnews_social_meta":[],"jnews_override_counter":[],"jnews_post_split":[],"footnotes":""},"categories":[1171],"tags":[],"class_list":["post-75013","post","type-post","status-publish","format-video","has-post-thumbnail","hentry","category-video","post_format-post-format-video"],"yoast_head":"<!-- This site is optimized with the Yoast SEO plugin v27.4 - https:\/\/yoast.com\/product\/yoast-seo-wordpress\/ -->\n<title>25 Aprile, Sala &quot;Fatti spiacevoli, troviamo formule per festeggiare meglio&quot; - Live Magazine<\/title>\n<meta name=\"robots\" content=\"index, follow, max-snippet:-1, max-image-preview:large, max-video-preview:-1\" \/>\n<link rel=\"canonical\" href=\"https:\/\/www.livemag.it\/index.php\/2026\/04\/27\/25-aprile-sala-fatti-spiacevoli-troviamo-formule-per-festeggiare-meglio\/\" \/>\n<meta property=\"og:locale\" content=\"it_IT\" \/>\n<meta property=\"og:type\" content=\"article\" \/>\n<meta property=\"og:title\" content=\"25 Aprile, Sala &quot;Fatti spiacevoli, troviamo formule per festeggiare meglio&quot; - Live Magazine\" \/>\n<meta property=\"og:description\" content=\"MILANO (ITALPRESS) &#8211; &#8220;\u00c8 difficile commentare perch\u00e9 alla fine \u00e8 stato purtroppo spiacevole, essendo una delle giornate pi\u00f9 importanti di Milano ed \u00e8 un peccato&#8221;. Cos\u00ec il sindaco di Milano, Giuseppe Sala, ha commentato i fatti avvenuti al corteo del 25 aprile nel capoluogo lombardo, a margine della cerimonia di commemorazione di Gaetano Amoroso. &#8220;Io [&hellip;]\" \/>\n<meta property=\"og:url\" content=\"https:\/\/www.livemag.it\/index.php\/2026\/04\/27\/25-aprile-sala-fatti-spiacevoli-troviamo-formule-per-festeggiare-meglio\/\" \/>\n<meta property=\"og:site_name\" content=\"Live Magazine\" \/>\n<meta property=\"article:publisher\" content=\"https:\/\/www.facebook.com\/LiveMag\/\" \/>\n<meta property=\"article:published_time\" content=\"2026-04-27T19:02:52+00:00\" \/>\n<meta property=\"og:image\" content=\"https:\/\/www.livemag.it\/wp-content\/uploads\/2024\/02\/ograph.jpg\" \/>\n\t<meta property=\"og:image:width\" content=\"1200\" \/>\n\t<meta property=\"og:image:height\" content=\"675\" \/>\n\t<meta property=\"og:image:type\" content=\"image\/jpeg\" \/>\n<meta name=\"author\" content=\"italpress\" \/>\n<meta name=\"twitter:card\" content=\"summary_large_image\" \/>\n<meta name=\"twitter:creator\" content=\"@LiveNotizie\" \/>\n<meta name=\"twitter:site\" content=\"@LiveNotizie\" \/>\n<meta name=\"twitter:label1\" content=\"Scritto da\" \/>\n\t<meta name=\"twitter:data1\" content=\"italpress\" \/>\n\t<meta name=\"twitter:label2\" content=\"Tempo di lettura stimato\" \/>\n\t<meta name=\"twitter:data2\" content=\"1 minuto\" \/>\n<script type=\"application\/ld+json\" class=\"yoast-schema-graph\">{\"@context\":\"https:\\\/\\\/schema.org\",\"@graph\":[{\"@type\":\"Article\",\"@id\":\"https:\\\/\\\/www.livemag.it\\\/index.php\\\/2026\\\/04\\\/27\\\/25-aprile-sala-fatti-spiacevoli-troviamo-formule-per-festeggiare-meglio\\\/#article\",\"isPartOf\":{\"@id\":\"https:\\\/\\\/www.livemag.it\\\/index.php\\\/2026\\\/04\\\/27\\\/25-aprile-sala-fatti-spiacevoli-troviamo-formule-per-festeggiare-meglio\\\/\"},\"author\":{\"name\":\"italpress\",\"@id\":\"https:\\\/\\\/www.livemag.it\\\/#\\\/schema\\\/person\\\/b62c5f44451fdcdaeb0afe6c2424e73c\"},\"headline\":\"25 Aprile, Sala &#8220;Fatti spiacevoli, troviamo formule per festeggiare meglio&#8221;\",\"datePublished\":\"2026-04-27T19:02:52+00:00\",\"mainEntityOfPage\":{\"@id\":\"https:\\\/\\\/www.livemag.it\\\/index.php\\\/2026\\\/04\\\/27\\\/25-aprile-sala-fatti-spiacevoli-troviamo-formule-per-festeggiare-meglio\\\/\"},\"wordCount\":248,\"publisher\":{\"@id\":\"https:\\\/\\\/www.livemag.it\\\/#organization\"},\"image\":{\"@id\":\"https:\\\/\\\/www.livemag.it\\\/index.php\\\/2026\\\/04\\\/27\\\/25-aprile-sala-fatti-spiacevoli-troviamo-formule-per-festeggiare-meglio\\\/#primaryimage\"},\"thumbnailUrl\":\"https:\\\/\\\/www.livemag.it\\\/wp-content\\\/uploads\\\/2026\\\/04\\\/rWR6.jpg\",\"articleSection\":[\"Video\"],\"inLanguage\":\"it-IT\"},{\"@type\":\"WebPage\",\"@id\":\"https:\\\/\\\/www.livemag.it\\\/index.php\\\/2026\\\/04\\\/27\\\/25-aprile-sala-fatti-spiacevoli-troviamo-formule-per-festeggiare-meglio\\\/\",\"url\":\"https:\\\/\\\/www.livemag.it\\\/index.php\\\/2026\\\/04\\\/27\\\/25-aprile-sala-fatti-spiacevoli-troviamo-formule-per-festeggiare-meglio\\\/\",\"name\":\"25 Aprile, Sala \\\"Fatti spiacevoli, troviamo formule per festeggiare meglio\\\" - Live Magazine\",\"isPartOf\":{\"@id\":\"https:\\\/\\\/www.livemag.it\\\/#website\"},\"primaryImageOfPage\":{\"@id\":\"https:\\\/\\\/www.livemag.it\\\/index.php\\\/2026\\\/04\\\/27\\\/25-aprile-sala-fatti-spiacevoli-troviamo-formule-per-festeggiare-meglio\\\/#primaryimage\"},\"image\":{\"@id\":\"https:\\\/\\\/www.livemag.it\\\/index.php\\\/2026\\\/04\\\/27\\\/25-aprile-sala-fatti-spiacevoli-troviamo-formule-per-festeggiare-meglio\\\/#primaryimage\"},\"thumbnailUrl\":\"https:\\\/\\\/www.livemag.it\\\/wp-content\\\/uploads\\\/2026\\\/04\\\/rWR6.jpg\",\"datePublished\":\"2026-04-27T19:02:52+00:00\",\"breadcrumb\":{\"@id\":\"https:\\\/\\\/www.livemag.it\\\/index.php\\\/2026\\\/04\\\/27\\\/25-aprile-sala-fatti-spiacevoli-troviamo-formule-per-festeggiare-meglio\\\/#breadcrumb\"},\"inLanguage\":\"it-IT\",\"potentialAction\":[{\"@type\":\"ReadAction\",\"target\":[\"https:\\\/\\\/www.livemag.it\\\/index.php\\\/2026\\\/04\\\/27\\\/25-aprile-sala-fatti-spiacevoli-troviamo-formule-per-festeggiare-meglio\\\/\"]}]},{\"@type\":\"ImageObject\",\"inLanguage\":\"it-IT\",\"@id\":\"https:\\\/\\\/www.livemag.it\\\/index.php\\\/2026\\\/04\\\/27\\\/25-aprile-sala-fatti-spiacevoli-troviamo-formule-per-festeggiare-meglio\\\/#primaryimage\",\"url\":\"https:\\\/\\\/www.livemag.it\\\/wp-content\\\/uploads\\\/2026\\\/04\\\/rWR6.jpg\",\"contentUrl\":\"https:\\\/\\\/www.livemag.it\\\/wp-content\\\/uploads\\\/2026\\\/04\\\/rWR6.jpg\",\"width\":1920,\"height\":1080},{\"@type\":\"BreadcrumbList\",\"@id\":\"https:\\\/\\\/www.livemag.it\\\/index.php\\\/2026\\\/04\\\/27\\\/25-aprile-sala-fatti-spiacevoli-troviamo-formule-per-festeggiare-meglio\\\/#breadcrumb\",\"itemListElement\":[{\"@type\":\"ListItem\",\"position\":1,\"name\":\"Home\",\"item\":\"https:\\\/\\\/www.livemag.it\\\/\"},{\"@type\":\"ListItem\",\"position\":2,\"name\":\"25 Aprile, Sala &#8220;Fatti spiacevoli, troviamo formule per festeggiare meglio&#8221;\"}]},{\"@type\":\"WebSite\",\"@id\":\"https:\\\/\\\/www.livemag.it\\\/#website\",\"url\":\"https:\\\/\\\/www.livemag.it\\\/\",\"name\":\"Live Magazine\",\"description\":\"Varie ed eventi\",\"publisher\":{\"@id\":\"https:\\\/\\\/www.livemag.it\\\/#organization\"},\"potentialAction\":[{\"@type\":\"SearchAction\",\"target\":{\"@type\":\"EntryPoint\",\"urlTemplate\":\"https:\\\/\\\/www.livemag.it\\\/?s={search_term_string}\"},\"query-input\":{\"@type\":\"PropertyValueSpecification\",\"valueRequired\":true,\"valueName\":\"search_term_string\"}}],\"inLanguage\":\"it-IT\"},{\"@type\":\"Organization\",\"@id\":\"https:\\\/\\\/www.livemag.it\\\/#organization\",\"name\":\"LiveMag\",\"alternateName\":\"LiveMag News ed eventi\",\"url\":\"https:\\\/\\\/www.livemag.it\\\/\",\"logo\":{\"@type\":\"ImageObject\",\"inLanguage\":\"it-IT\",\"@id\":\"https:\\\/\\\/www.livemag.it\\\/#\\\/schema\\\/logo\\\/image\\\/\",\"url\":\"https:\\\/\\\/www.livemag.it\\\/wp-content\\\/uploads\\\/2024\\\/02\\\/immagine-sito.jpg\",\"contentUrl\":\"https:\\\/\\\/www.livemag.it\\\/wp-content\\\/uploads\\\/2024\\\/02\\\/immagine-sito.jpg\",\"width\":696,\"height\":696,\"caption\":\"LiveMag\"},\"image\":{\"@id\":\"https:\\\/\\\/www.livemag.it\\\/#\\\/schema\\\/logo\\\/image\\\/\"},\"sameAs\":[\"https:\\\/\\\/www.facebook.com\\\/LiveMag\\\/\",\"https:\\\/\\\/x.com\\\/LiveNotizie\",\"https:\\\/\\\/www.instagram.com\\\/livemag\\\/\"]},{\"@type\":\"Person\",\"@id\":\"https:\\\/\\\/www.livemag.it\\\/#\\\/schema\\\/person\\\/b62c5f44451fdcdaeb0afe6c2424e73c\",\"name\":\"italpress\",\"image\":{\"@type\":\"ImageObject\",\"inLanguage\":\"it-IT\",\"@id\":\"https:\\\/\\\/secure.gravatar.com\\\/avatar\\\/b6a21695fc713ce7ee312cf57c97e2e641feb365be72d8745574d3c3e2b59066?s=96&r=g\",\"url\":\"https:\\\/\\\/secure.gravatar.com\\\/avatar\\\/b6a21695fc713ce7ee312cf57c97e2e641feb365be72d8745574d3c3e2b59066?s=96&r=g\",\"contentUrl\":\"https:\\\/\\\/secure.gravatar.com\\\/avatar\\\/b6a21695fc713ce7ee312cf57c97e2e641feb365be72d8745574d3c3e2b59066?s=96&r=g\",\"caption\":\"italpress\"},\"description\":\"Italpress \u00e8 un'agenzia di stampa italiana a carattere nazionale.\",\"url\":\"https:\\\/\\\/www.livemag.it\\\/index.php\\\/author\\\/italpress\\\/\"}]}<\/script>\n<!-- \/ Yoast SEO plugin. -->","yoast_head_json":{"title":"25 Aprile, Sala \"Fatti spiacevoli, troviamo formule per festeggiare meglio\" - Live Magazine","robots":{"index":"index","follow":"follow","max-snippet":"max-snippet:-1","max-image-preview":"max-image-preview:large","max-video-preview":"max-video-preview:-1"},"canonical":"https:\/\/www.livemag.it\/index.php\/2026\/04\/27\/25-aprile-sala-fatti-spiacevoli-troviamo-formule-per-festeggiare-meglio\/","og_locale":"it_IT","og_type":"article","og_title":"25 Aprile, Sala \"Fatti spiacevoli, troviamo formule per festeggiare meglio\" - Live Magazine","og_description":"MILANO (ITALPRESS) &#8211; &#8220;\u00c8 difficile commentare perch\u00e9 alla fine \u00e8 stato purtroppo spiacevole, essendo una delle giornate pi\u00f9 importanti di Milano ed \u00e8 un peccato&#8221;. Cos\u00ec il sindaco di Milano, Giuseppe Sala, ha commentato i fatti avvenuti al corteo del 25 aprile nel capoluogo lombardo, a margine della cerimonia di commemorazione di Gaetano Amoroso. &#8220;Io [&hellip;]","og_url":"https:\/\/www.livemag.it\/index.php\/2026\/04\/27\/25-aprile-sala-fatti-spiacevoli-troviamo-formule-per-festeggiare-meglio\/","og_site_name":"Live Magazine","article_publisher":"https:\/\/www.facebook.com\/LiveMag\/","article_published_time":"2026-04-27T19:02:52+00:00","og_image":[{"width":1200,"height":675,"url":"https:\/\/www.livemag.it\/wp-content\/uploads\/2024\/02\/ograph.jpg","type":"image\/jpeg"}],"author":"italpress","twitter_card":"summary_large_image","twitter_creator":"@LiveNotizie","twitter_site":"@LiveNotizie","twitter_misc":{"Scritto da":"italpress","Tempo di lettura stimato":"1 minuto"},"schema":{"@context":"https:\/\/schema.org","@graph":[{"@type":"Article","@id":"https:\/\/www.livemag.it\/index.php\/2026\/04\/27\/25-aprile-sala-fatti-spiacevoli-troviamo-formule-per-festeggiare-meglio\/#article","isPartOf":{"@id":"https:\/\/www.livemag.it\/index.php\/2026\/04\/27\/25-aprile-sala-fatti-spiacevoli-troviamo-formule-per-festeggiare-meglio\/"},"author":{"name":"italpress","@id":"https:\/\/www.livemag.it\/#\/schema\/person\/b62c5f44451fdcdaeb0afe6c2424e73c"},"headline":"25 Aprile, Sala &#8220;Fatti spiacevoli, troviamo formule per festeggiare meglio&#8221;","datePublished":"2026-04-27T19:02:52+00:00","mainEntityOfPage":{"@id":"https:\/\/www.livemag.it\/index.php\/2026\/04\/27\/25-aprile-sala-fatti-spiacevoli-troviamo-formule-per-festeggiare-meglio\/"},"wordCount":248,"publisher":{"@id":"https:\/\/www.livemag.it\/#organization"},"image":{"@id":"https:\/\/www.livemag.it\/index.php\/2026\/04\/27\/25-aprile-sala-fatti-spiacevoli-troviamo-formule-per-festeggiare-meglio\/#primaryimage"},"thumbnailUrl":"https:\/\/www.livemag.it\/wp-content\/uploads\/2026\/04\/rWR6.jpg","articleSection":["Video"],"inLanguage":"it-IT"},{"@type":"WebPage","@id":"https:\/\/www.livemag.it\/index.php\/2026\/04\/27\/25-aprile-sala-fatti-spiacevoli-troviamo-formule-per-festeggiare-meglio\/","url":"https:\/\/www.livemag.it\/index.php\/2026\/04\/27\/25-aprile-sala-fatti-spiacevoli-troviamo-formule-per-festeggiare-meglio\/","name":"25 Aprile, Sala \"Fatti spiacevoli, troviamo formule per festeggiare meglio\" - Live Magazine","isPartOf":{"@id":"https:\/\/www.livemag.it\/#website"},"primaryImageOfPage":{"@id":"https:\/\/www.livemag.it\/index.php\/2026\/04\/27\/25-aprile-sala-fatti-spiacevoli-troviamo-formule-per-festeggiare-meglio\/#primaryimage"},"image":{"@id":"https:\/\/www.livemag.it\/index.php\/2026\/04\/27\/25-aprile-sala-fatti-spiacevoli-troviamo-formule-per-festeggiare-meglio\/#primaryimage"},"thumbnailUrl":"https:\/\/www.livemag.it\/wp-content\/uploads\/2026\/04\/rWR6.jpg","datePublished":"2026-04-27T19:02:52+00:00","breadcrumb":{"@id":"https:\/\/www.livemag.it\/index.php\/2026\/04\/27\/25-aprile-sala-fatti-spiacevoli-troviamo-formule-per-festeggiare-meglio\/#breadcrumb"},"inLanguage":"it-IT","potentialAction":[{"@type":"ReadAction","target":["https:\/\/www.livemag.it\/index.php\/2026\/04\/27\/25-aprile-sala-fatti-spiacevoli-troviamo-formule-per-festeggiare-meglio\/"]}]},{"@type":"ImageObject","inLanguage":"it-IT","@id":"https:\/\/www.livemag.it\/index.php\/2026\/04\/27\/25-aprile-sala-fatti-spiacevoli-troviamo-formule-per-festeggiare-meglio\/#primaryimage","url":"https:\/\/www.livemag.it\/wp-content\/uploads\/2026\/04\/rWR6.jpg","contentUrl":"https:\/\/www.livemag.it\/wp-content\/uploads\/2026\/04\/rWR6.jpg","width":1920,"height":1080},{"@type":"BreadcrumbList","@id":"https:\/\/www.livemag.it\/index.php\/2026\/04\/27\/25-aprile-sala-fatti-spiacevoli-troviamo-formule-per-festeggiare-meglio\/#breadcrumb","itemListElement":[{"@type":"ListItem","position":1,"name":"Home","item":"https:\/\/www.livemag.it\/"},{"@type":"ListItem","position":2,"name":"25 Aprile, Sala &#8220;Fatti spiacevoli, troviamo formule per festeggiare meglio&#8221;"}]},{"@type":"WebSite","@id":"https:\/\/www.livemag.it\/#website","url":"https:\/\/www.livemag.it\/","name":"Live Magazine","description":"Varie ed eventi","publisher":{"@id":"https:\/\/www.livemag.it\/#organization"},"potentialAction":[{"@type":"SearchAction","target":{"@type":"EntryPoint","urlTemplate":"https:\/\/www.livemag.it\/?s={search_term_string}"},"query-input":{"@type":"PropertyValueSpecification","valueRequired":true,"valueName":"search_term_string"}}],"inLanguage":"it-IT"},{"@type":"Organization","@id":"https:\/\/www.livemag.it\/#organization","name":"LiveMag","alternateName":"LiveMag News ed eventi","url":"https:\/\/www.livemag.it\/","logo":{"@type":"ImageObject","inLanguage":"it-IT","@id":"https:\/\/www.livemag.it\/#\/schema\/logo\/image\/","url":"https:\/\/www.livemag.it\/wp-content\/uploads\/2024\/02\/immagine-sito.jpg","contentUrl":"https:\/\/www.livemag.it\/wp-content\/uploads\/2024\/02\/immagine-sito.jpg","width":696,"height":696,"caption":"LiveMag"},"image":{"@id":"https:\/\/www.livemag.it\/#\/schema\/logo\/image\/"},"sameAs":["https:\/\/www.facebook.com\/LiveMag\/","https:\/\/x.com\/LiveNotizie","https:\/\/www.instagram.com\/livemag\/"]},{"@type":"Person","@id":"https:\/\/www.livemag.it\/#\/schema\/person\/b62c5f44451fdcdaeb0afe6c2424e73c","name":"italpress","image":{"@type":"ImageObject","inLanguage":"it-IT","@id":"https:\/\/secure.gravatar.com\/avatar\/b6a21695fc713ce7ee312cf57c97e2e641feb365be72d8745574d3c3e2b59066?s=96&r=g","url":"https:\/\/secure.gravatar.com\/avatar\/b6a21695fc713ce7ee312cf57c97e2e641feb365be72d8745574d3c3e2b59066?s=96&r=g","contentUrl":"https:\/\/secure.gravatar.com\/avatar\/b6a21695fc713ce7ee312cf57c97e2e641feb365be72d8745574d3c3e2b59066?s=96&r=g","caption":"italpress"},"description":"Italpress \u00e8 un'agenzia di stampa italiana a carattere nazionale.","url":"https:\/\/www.livemag.it\/index.php\/author\/italpress\/"}]}},"jetpack_featured_media_url":"https:\/\/www.livemag.it\/wp-content\/uploads\/2026\/04\/rWR6.jpg","_links":{"self":[{"href":"https:\/\/www.livemag.it\/index.php\/wp-json\/wp\/v2\/posts\/75013","targetHints":{"allow":["GET"]}}],"collection":[{"href":"https:\/\/www.livemag.it\/index.php\/wp-json\/wp\/v2\/posts"}],"about":[{"href":"https:\/\/www.livemag.it\/index.php\/wp-json\/wp\/v2\/types\/post"}],"author":[{"embeddable":true,"href":"https:\/\/www.livemag.it\/index.php\/wp-json\/wp\/v2\/users\/16"}],"replies":[{"embeddable":true,"href":"https:\/\/www.livemag.it\/index.php\/wp-json\/wp\/v2\/comments?post=75013"}],"version-history":[{"count":0,"href":"https:\/\/www.livemag.it\/index.php\/wp-json\/wp\/v2\/posts\/75013\/revisions"}],"wp:featuredmedia":[{"embeddable":true,"href":"https:\/\/www.livemag.it\/index.php\/wp-json\/wp\/v2\/media\/75014"}],"wp:attachment":[{"href":"https:\/\/www.livemag.it\/index.php\/wp-json\/wp\/v2\/media?parent=75013"}],"wp:term":[{"taxonomy":"category","embeddable":true,"href":"https:\/\/www.livemag.it\/index.php\/wp-json\/wp\/v2\/categories?post=75013"},{"taxonomy":"post_tag","embeddable":true,"href":"https:\/\/www.livemag.it\/index.php\/wp-json\/wp\/v2\/tags?post=75013"}],"curies":[{"name":"wp","href":"https:\/\/api.w.org\/{rel}","templated":true}]}}