{"id":75003,"date":"2026-04-27T18:03:01","date_gmt":"2026-04-27T16:03:01","guid":{"rendered":"https:\/\/www.livemag.it\/index.php\/2026\/04\/27\/unpli-premiazione-in-campidoglio-per-salva-la-tua-lingua-locale-sezione-scuola\/"},"modified":"2026-04-27T18:03:01","modified_gmt":"2026-04-27T16:03:01","slug":"unpli-premiazione-in-campidoglio-per-salva-la-tua-lingua-locale-sezione-scuola","status":"publish","type":"post","link":"https:\/\/www.livemag.it\/index.php\/2026\/04\/27\/unpli-premiazione-in-campidoglio-per-salva-la-tua-lingua-locale-sezione-scuola\/","title":{"rendered":"Unpli, premiazione in Campidoglio per \u201cSalva la tua lingua locale-Sezione Scuola\u201d"},"content":{"rendered":"<div>\n<p>ROMA (ITALPRESS) \u2013 Dirigenti scolastici, studenti e Pro Loco si sono riuniti nella sala Giulio Cesare in Campidoglio per la cerimonia di premiazione del concorso \u201cSalva la tua lingua locale\u201d, sezione scuola. Il premio letterario nazionale, giunto all\u2019undicesima edizione, \u00e8 promosso da Unpli \u2013 Unione Nazionale Pro Loco d\u2019Italia e Ali \u2013 Autonomie locali per l\u2019Italia, con la collaborazione del Centro Internazionale Eugenio Montale e, per la sezione scuola, dell\u2019Eip \u2013 Scuola Strumento di Pace. \u201cQuesta occasione \u00e8 importante per dare la possibilit\u00e0 ai giovani di incontrare i dialetti e le lingue locali. C\u2019\u00e8 stata una grande partecipazione e i numeri parlano chiaro: 1000 ragazzi coinvolti in oltre 90 istituti presenti, e questo \u00e8 il frutto del lavoro degli insegnanti. E\u2019 fondamentale che la lingua passi dai ragazzi e che venga mantenuta per il futuro\u201d, sottolinea Antonino La Spina, Presidente Unpli.<br \/>L\u2019iniziativa conferma anche quest\u2019anno il proprio valore culturale e formativo, coinvolgendo circa 90 istituti scolastici italiani e un istituto croato in un percorso dedicato alla tutela del patrimonio linguistico, alla memoria delle comunit\u00e0 e al dialogo tra le generazioni.<br \/>Le lingue locali e i dialetti rappresentano infatti una parte viva dell\u2019identit\u00e0 dei territori: custodiscono storie, tradizioni, modi di pensare e forme espressive che rischiano di perdersi se non vengono trasmesse ai pi\u00f9 giovani. Portarle nelle scuole significa riconoscere il loro valore educativo e rafforzare il legame tra studenti, famiglie e comunit\u00e0.<br \/>\u201cNon era scontato che partecipassero cos\u00ec tante scuole, che si sono cimentate un qualcosa che non tocca direttamente i ragazzi. Le scuole sono sempre pi\u00f9 multietniche e l\u2019impegno dei singoli per far conoscere la lingua del luogo in cui si vive \u00e8 un grande segno di pace\u201d, aggiunge Luca Abbruzzetti, presidente di ALI Lazio.<br \/>La mattinata in Campidoglio ha celebrato studenti, dirigenti scolastici, docenti referenti e Pro Loco che contribuiscono alla diffusione del Premio e alla promozione delle identit\u00e0 territoriali attraverso poesia, prosa e musica. \u201cI dialetti sono lo strumento per avvicinare i ragazzi a una realt\u00e0 pi\u00f9 materiale, a un mondo dove si viveva pi\u00f9 direttamente la giornata. Responsabilizzarsi della lingua \u00e8 importante: ci sono parole definite scatole vuote \u2013 come libert\u00e0, democrazia, amore e dolore \u2013 e noi dobbiamo riempirle di cose. Pi\u00f9 conosciamo parole e pi\u00f9 esprimiamo meglio i nostri pensieri\u201d, il pensiero di Elio Pecora, presidente della Giuria del Premio.<br \/>Dopo le premiazioni, sono stati consegnati il Premio \u201cCultori del dialetto e delle lingue locali\u201d al professor Francesco Avolio, docente di Linguistica all\u2019Universit\u00e0 dell\u2019Aquila, e il Premio \u201cTestimone del Genius Loci\u201d ad Angela Puglisi, presidente della Pro Loco di Novara di Sicilia. Riconoscimento anche alle Pro Loco UNPLI che si sono distinte nella diffusione del Premio e nel coinvolgimento degli istituti scolastici.<\/p>\n<p>\u2013 foto mec\/Italpress \u2013<br \/>(ITALPRESS).<\/p>\n<\/div>\n","protected":false},"excerpt":{"rendered":"<p>ROMA (ITALPRESS) \u2013 Dirigenti scolastici, studenti e Pro Loco si sono riuniti nella sala Giulio Cesare in Campidoglio per la cerimonia di premiazione del concorso \u201cSalva la tua lingua locale\u201d, sezione scuola. Il premio letterario nazionale, giunto all\u2019undicesima edizione, \u00e8 promosso da Unpli \u2013 Unione Nazionale Pro Loco d\u2019Italia e Ali \u2013 Autonomie locali per [&hellip;]<\/p>\n","protected":false},"author":16,"featured_media":75004,"comment_status":"closed","ping_status":"closed","sticky":false,"template":"","format":"standard","meta":{"jnews-multi-image_gallery":[],"jnews_single_post":[],"jnews_primary_category":[],"jnews_social_meta":[],"jnews_override_counter":[],"jnews_post_split":[],"footnotes":""},"categories":[1129],"tags":[],"class_list":["post-75003","post","type-post","status-publish","format-standard","has-post-thumbnail","hentry","category-mondo"],"yoast_head":"<!-- This site is optimized with the Yoast SEO plugin v27.4 - https:\/\/yoast.com\/product\/yoast-seo-wordpress\/ -->\n<title>Unpli, premiazione in Campidoglio per \u201cSalva la tua lingua locale-Sezione Scuola\u201d - Live Magazine<\/title>\n<meta name=\"robots\" content=\"index, follow, max-snippet:-1, max-image-preview:large, max-video-preview:-1\" \/>\n<link rel=\"canonical\" href=\"https:\/\/www.livemag.it\/index.php\/2026\/04\/27\/unpli-premiazione-in-campidoglio-per-salva-la-tua-lingua-locale-sezione-scuola\/\" \/>\n<meta property=\"og:locale\" content=\"it_IT\" \/>\n<meta property=\"og:type\" content=\"article\" \/>\n<meta property=\"og:title\" content=\"Unpli, premiazione in Campidoglio per \u201cSalva la tua lingua locale-Sezione Scuola\u201d - Live Magazine\" \/>\n<meta property=\"og:description\" content=\"ROMA (ITALPRESS) \u2013 Dirigenti scolastici, studenti e Pro Loco si sono riuniti nella sala Giulio Cesare in Campidoglio per la cerimonia di premiazione del concorso \u201cSalva la tua lingua locale\u201d, sezione scuola. Il premio letterario nazionale, giunto all\u2019undicesima edizione, \u00e8 promosso da Unpli \u2013 Unione Nazionale Pro Loco d\u2019Italia e Ali \u2013 Autonomie locali per [&hellip;]\" \/>\n<meta property=\"og:url\" content=\"https:\/\/www.livemag.it\/index.php\/2026\/04\/27\/unpli-premiazione-in-campidoglio-per-salva-la-tua-lingua-locale-sezione-scuola\/\" \/>\n<meta property=\"og:site_name\" content=\"Live Magazine\" \/>\n<meta property=\"article:publisher\" content=\"https:\/\/www.facebook.com\/LiveMag\/\" \/>\n<meta property=\"article:published_time\" content=\"2026-04-27T16:03:01+00:00\" \/>\n<meta property=\"og:image\" content=\"https:\/\/www.livemag.it\/wp-content\/uploads\/2024\/02\/ograph.jpg\" \/>\n\t<meta property=\"og:image:width\" content=\"1200\" \/>\n\t<meta property=\"og:image:height\" content=\"675\" \/>\n\t<meta property=\"og:image:type\" content=\"image\/jpeg\" \/>\n<meta name=\"author\" content=\"italpress\" \/>\n<meta name=\"twitter:card\" content=\"summary_large_image\" \/>\n<meta name=\"twitter:creator\" content=\"@LiveNotizie\" \/>\n<meta name=\"twitter:site\" content=\"@LiveNotizie\" \/>\n<meta name=\"twitter:label1\" content=\"Scritto da\" \/>\n\t<meta name=\"twitter:data1\" content=\"italpress\" \/>\n\t<meta name=\"twitter:label2\" content=\"Tempo di lettura stimato\" \/>\n\t<meta name=\"twitter:data2\" content=\"2 minuti\" \/>\n<script type=\"application\/ld+json\" class=\"yoast-schema-graph\">{\"@context\":\"https:\\\/\\\/schema.org\",\"@graph\":[{\"@type\":\"Article\",\"@id\":\"https:\\\/\\\/www.livemag.it\\\/index.php\\\/2026\\\/04\\\/27\\\/unpli-premiazione-in-campidoglio-per-salva-la-tua-lingua-locale-sezione-scuola\\\/#article\",\"isPartOf\":{\"@id\":\"https:\\\/\\\/www.livemag.it\\\/index.php\\\/2026\\\/04\\\/27\\\/unpli-premiazione-in-campidoglio-per-salva-la-tua-lingua-locale-sezione-scuola\\\/\"},\"author\":{\"name\":\"italpress\",\"@id\":\"https:\\\/\\\/www.livemag.it\\\/#\\\/schema\\\/person\\\/b62c5f44451fdcdaeb0afe6c2424e73c\"},\"headline\":\"Unpli, premiazione in Campidoglio per \u201cSalva la tua lingua locale-Sezione Scuola\u201d\",\"datePublished\":\"2026-04-27T16:03:01+00:00\",\"mainEntityOfPage\":{\"@id\":\"https:\\\/\\\/www.livemag.it\\\/index.php\\\/2026\\\/04\\\/27\\\/unpli-premiazione-in-campidoglio-per-salva-la-tua-lingua-locale-sezione-scuola\\\/\"},\"wordCount\":459,\"publisher\":{\"@id\":\"https:\\\/\\\/www.livemag.it\\\/#organization\"},\"image\":{\"@id\":\"https:\\\/\\\/www.livemag.it\\\/index.php\\\/2026\\\/04\\\/27\\\/unpli-premiazione-in-campidoglio-per-salva-la-tua-lingua-locale-sezione-scuola\\\/#primaryimage\"},\"thumbnailUrl\":\"https:\\\/\\\/www.livemag.it\\\/wp-content\\\/uploads\\\/2026\\\/04\\\/20260427_1977.jpg\",\"articleSection\":[\"Mondo\"],\"inLanguage\":\"it-IT\"},{\"@type\":\"WebPage\",\"@id\":\"https:\\\/\\\/www.livemag.it\\\/index.php\\\/2026\\\/04\\\/27\\\/unpli-premiazione-in-campidoglio-per-salva-la-tua-lingua-locale-sezione-scuola\\\/\",\"url\":\"https:\\\/\\\/www.livemag.it\\\/index.php\\\/2026\\\/04\\\/27\\\/unpli-premiazione-in-campidoglio-per-salva-la-tua-lingua-locale-sezione-scuola\\\/\",\"name\":\"Unpli, premiazione in Campidoglio per \u201cSalva la tua lingua locale-Sezione Scuola\u201d - Live Magazine\",\"isPartOf\":{\"@id\":\"https:\\\/\\\/www.livemag.it\\\/#website\"},\"primaryImageOfPage\":{\"@id\":\"https:\\\/\\\/www.livemag.it\\\/index.php\\\/2026\\\/04\\\/27\\\/unpli-premiazione-in-campidoglio-per-salva-la-tua-lingua-locale-sezione-scuola\\\/#primaryimage\"},\"image\":{\"@id\":\"https:\\\/\\\/www.livemag.it\\\/index.php\\\/2026\\\/04\\\/27\\\/unpli-premiazione-in-campidoglio-per-salva-la-tua-lingua-locale-sezione-scuola\\\/#primaryimage\"},\"thumbnailUrl\":\"https:\\\/\\\/www.livemag.it\\\/wp-content\\\/uploads\\\/2026\\\/04\\\/20260427_1977.jpg\",\"datePublished\":\"2026-04-27T16:03:01+00:00\",\"breadcrumb\":{\"@id\":\"https:\\\/\\\/www.livemag.it\\\/index.php\\\/2026\\\/04\\\/27\\\/unpli-premiazione-in-campidoglio-per-salva-la-tua-lingua-locale-sezione-scuola\\\/#breadcrumb\"},\"inLanguage\":\"it-IT\",\"potentialAction\":[{\"@type\":\"ReadAction\",\"target\":[\"https:\\\/\\\/www.livemag.it\\\/index.php\\\/2026\\\/04\\\/27\\\/unpli-premiazione-in-campidoglio-per-salva-la-tua-lingua-locale-sezione-scuola\\\/\"]}]},{\"@type\":\"ImageObject\",\"inLanguage\":\"it-IT\",\"@id\":\"https:\\\/\\\/www.livemag.it\\\/index.php\\\/2026\\\/04\\\/27\\\/unpli-premiazione-in-campidoglio-per-salva-la-tua-lingua-locale-sezione-scuola\\\/#primaryimage\",\"url\":\"https:\\\/\\\/www.livemag.it\\\/wp-content\\\/uploads\\\/2026\\\/04\\\/20260427_1977.jpg\",\"contentUrl\":\"https:\\\/\\\/www.livemag.it\\\/wp-content\\\/uploads\\\/2026\\\/04\\\/20260427_1977.jpg\",\"width\":1440,\"height\":1080},{\"@type\":\"BreadcrumbList\",\"@id\":\"https:\\\/\\\/www.livemag.it\\\/index.php\\\/2026\\\/04\\\/27\\\/unpli-premiazione-in-campidoglio-per-salva-la-tua-lingua-locale-sezione-scuola\\\/#breadcrumb\",\"itemListElement\":[{\"@type\":\"ListItem\",\"position\":1,\"name\":\"Home\",\"item\":\"https:\\\/\\\/www.livemag.it\\\/\"},{\"@type\":\"ListItem\",\"position\":2,\"name\":\"Unpli, premiazione in Campidoglio per \u201cSalva la tua lingua locale-Sezione Scuola\u201d\"}]},{\"@type\":\"WebSite\",\"@id\":\"https:\\\/\\\/www.livemag.it\\\/#website\",\"url\":\"https:\\\/\\\/www.livemag.it\\\/\",\"name\":\"Live Magazine\",\"description\":\"Varie ed eventi\",\"publisher\":{\"@id\":\"https:\\\/\\\/www.livemag.it\\\/#organization\"},\"potentialAction\":[{\"@type\":\"SearchAction\",\"target\":{\"@type\":\"EntryPoint\",\"urlTemplate\":\"https:\\\/\\\/www.livemag.it\\\/?s={search_term_string}\"},\"query-input\":{\"@type\":\"PropertyValueSpecification\",\"valueRequired\":true,\"valueName\":\"search_term_string\"}}],\"inLanguage\":\"it-IT\"},{\"@type\":\"Organization\",\"@id\":\"https:\\\/\\\/www.livemag.it\\\/#organization\",\"name\":\"LiveMag\",\"alternateName\":\"LiveMag News ed eventi\",\"url\":\"https:\\\/\\\/www.livemag.it\\\/\",\"logo\":{\"@type\":\"ImageObject\",\"inLanguage\":\"it-IT\",\"@id\":\"https:\\\/\\\/www.livemag.it\\\/#\\\/schema\\\/logo\\\/image\\\/\",\"url\":\"https:\\\/\\\/www.livemag.it\\\/wp-content\\\/uploads\\\/2024\\\/02\\\/immagine-sito.jpg\",\"contentUrl\":\"https:\\\/\\\/www.livemag.it\\\/wp-content\\\/uploads\\\/2024\\\/02\\\/immagine-sito.jpg\",\"width\":696,\"height\":696,\"caption\":\"LiveMag\"},\"image\":{\"@id\":\"https:\\\/\\\/www.livemag.it\\\/#\\\/schema\\\/logo\\\/image\\\/\"},\"sameAs\":[\"https:\\\/\\\/www.facebook.com\\\/LiveMag\\\/\",\"https:\\\/\\\/x.com\\\/LiveNotizie\",\"https:\\\/\\\/www.instagram.com\\\/livemag\\\/\"]},{\"@type\":\"Person\",\"@id\":\"https:\\\/\\\/www.livemag.it\\\/#\\\/schema\\\/person\\\/b62c5f44451fdcdaeb0afe6c2424e73c\",\"name\":\"italpress\",\"image\":{\"@type\":\"ImageObject\",\"inLanguage\":\"it-IT\",\"@id\":\"https:\\\/\\\/secure.gravatar.com\\\/avatar\\\/b6a21695fc713ce7ee312cf57c97e2e641feb365be72d8745574d3c3e2b59066?s=96&r=g\",\"url\":\"https:\\\/\\\/secure.gravatar.com\\\/avatar\\\/b6a21695fc713ce7ee312cf57c97e2e641feb365be72d8745574d3c3e2b59066?s=96&r=g\",\"contentUrl\":\"https:\\\/\\\/secure.gravatar.com\\\/avatar\\\/b6a21695fc713ce7ee312cf57c97e2e641feb365be72d8745574d3c3e2b59066?s=96&r=g\",\"caption\":\"italpress\"},\"description\":\"Italpress \u00e8 un'agenzia di stampa italiana a carattere nazionale.\",\"url\":\"https:\\\/\\\/www.livemag.it\\\/index.php\\\/author\\\/italpress\\\/\"}]}<\/script>\n<!-- \/ Yoast SEO plugin. -->","yoast_head_json":{"title":"Unpli, premiazione in Campidoglio per \u201cSalva la tua lingua locale-Sezione Scuola\u201d - Live Magazine","robots":{"index":"index","follow":"follow","max-snippet":"max-snippet:-1","max-image-preview":"max-image-preview:large","max-video-preview":"max-video-preview:-1"},"canonical":"https:\/\/www.livemag.it\/index.php\/2026\/04\/27\/unpli-premiazione-in-campidoglio-per-salva-la-tua-lingua-locale-sezione-scuola\/","og_locale":"it_IT","og_type":"article","og_title":"Unpli, premiazione in Campidoglio per \u201cSalva la tua lingua locale-Sezione Scuola\u201d - Live Magazine","og_description":"ROMA (ITALPRESS) \u2013 Dirigenti scolastici, studenti e Pro Loco si sono riuniti nella sala Giulio Cesare in Campidoglio per la cerimonia di premiazione del concorso \u201cSalva la tua lingua locale\u201d, sezione scuola. Il premio letterario nazionale, giunto all\u2019undicesima edizione, \u00e8 promosso da Unpli \u2013 Unione Nazionale Pro Loco d\u2019Italia e Ali \u2013 Autonomie locali per [&hellip;]","og_url":"https:\/\/www.livemag.it\/index.php\/2026\/04\/27\/unpli-premiazione-in-campidoglio-per-salva-la-tua-lingua-locale-sezione-scuola\/","og_site_name":"Live Magazine","article_publisher":"https:\/\/www.facebook.com\/LiveMag\/","article_published_time":"2026-04-27T16:03:01+00:00","og_image":[{"width":1200,"height":675,"url":"https:\/\/www.livemag.it\/wp-content\/uploads\/2024\/02\/ograph.jpg","type":"image\/jpeg"}],"author":"italpress","twitter_card":"summary_large_image","twitter_creator":"@LiveNotizie","twitter_site":"@LiveNotizie","twitter_misc":{"Scritto da":"italpress","Tempo di lettura stimato":"2 minuti"},"schema":{"@context":"https:\/\/schema.org","@graph":[{"@type":"Article","@id":"https:\/\/www.livemag.it\/index.php\/2026\/04\/27\/unpli-premiazione-in-campidoglio-per-salva-la-tua-lingua-locale-sezione-scuola\/#article","isPartOf":{"@id":"https:\/\/www.livemag.it\/index.php\/2026\/04\/27\/unpli-premiazione-in-campidoglio-per-salva-la-tua-lingua-locale-sezione-scuola\/"},"author":{"name":"italpress","@id":"https:\/\/www.livemag.it\/#\/schema\/person\/b62c5f44451fdcdaeb0afe6c2424e73c"},"headline":"Unpli, premiazione in Campidoglio per \u201cSalva la tua lingua locale-Sezione Scuola\u201d","datePublished":"2026-04-27T16:03:01+00:00","mainEntityOfPage":{"@id":"https:\/\/www.livemag.it\/index.php\/2026\/04\/27\/unpli-premiazione-in-campidoglio-per-salva-la-tua-lingua-locale-sezione-scuola\/"},"wordCount":459,"publisher":{"@id":"https:\/\/www.livemag.it\/#organization"},"image":{"@id":"https:\/\/www.livemag.it\/index.php\/2026\/04\/27\/unpli-premiazione-in-campidoglio-per-salva-la-tua-lingua-locale-sezione-scuola\/#primaryimage"},"thumbnailUrl":"https:\/\/www.livemag.it\/wp-content\/uploads\/2026\/04\/20260427_1977.jpg","articleSection":["Mondo"],"inLanguage":"it-IT"},{"@type":"WebPage","@id":"https:\/\/www.livemag.it\/index.php\/2026\/04\/27\/unpli-premiazione-in-campidoglio-per-salva-la-tua-lingua-locale-sezione-scuola\/","url":"https:\/\/www.livemag.it\/index.php\/2026\/04\/27\/unpli-premiazione-in-campidoglio-per-salva-la-tua-lingua-locale-sezione-scuola\/","name":"Unpli, premiazione in Campidoglio per \u201cSalva la tua lingua locale-Sezione Scuola\u201d - Live Magazine","isPartOf":{"@id":"https:\/\/www.livemag.it\/#website"},"primaryImageOfPage":{"@id":"https:\/\/www.livemag.it\/index.php\/2026\/04\/27\/unpli-premiazione-in-campidoglio-per-salva-la-tua-lingua-locale-sezione-scuola\/#primaryimage"},"image":{"@id":"https:\/\/www.livemag.it\/index.php\/2026\/04\/27\/unpli-premiazione-in-campidoglio-per-salva-la-tua-lingua-locale-sezione-scuola\/#primaryimage"},"thumbnailUrl":"https:\/\/www.livemag.it\/wp-content\/uploads\/2026\/04\/20260427_1977.jpg","datePublished":"2026-04-27T16:03:01+00:00","breadcrumb":{"@id":"https:\/\/www.livemag.it\/index.php\/2026\/04\/27\/unpli-premiazione-in-campidoglio-per-salva-la-tua-lingua-locale-sezione-scuola\/#breadcrumb"},"inLanguage":"it-IT","potentialAction":[{"@type":"ReadAction","target":["https:\/\/www.livemag.it\/index.php\/2026\/04\/27\/unpli-premiazione-in-campidoglio-per-salva-la-tua-lingua-locale-sezione-scuola\/"]}]},{"@type":"ImageObject","inLanguage":"it-IT","@id":"https:\/\/www.livemag.it\/index.php\/2026\/04\/27\/unpli-premiazione-in-campidoglio-per-salva-la-tua-lingua-locale-sezione-scuola\/#primaryimage","url":"https:\/\/www.livemag.it\/wp-content\/uploads\/2026\/04\/20260427_1977.jpg","contentUrl":"https:\/\/www.livemag.it\/wp-content\/uploads\/2026\/04\/20260427_1977.jpg","width":1440,"height":1080},{"@type":"BreadcrumbList","@id":"https:\/\/www.livemag.it\/index.php\/2026\/04\/27\/unpli-premiazione-in-campidoglio-per-salva-la-tua-lingua-locale-sezione-scuola\/#breadcrumb","itemListElement":[{"@type":"ListItem","position":1,"name":"Home","item":"https:\/\/www.livemag.it\/"},{"@type":"ListItem","position":2,"name":"Unpli, premiazione in Campidoglio per \u201cSalva la tua lingua locale-Sezione Scuola\u201d"}]},{"@type":"WebSite","@id":"https:\/\/www.livemag.it\/#website","url":"https:\/\/www.livemag.it\/","name":"Live Magazine","description":"Varie ed eventi","publisher":{"@id":"https:\/\/www.livemag.it\/#organization"},"potentialAction":[{"@type":"SearchAction","target":{"@type":"EntryPoint","urlTemplate":"https:\/\/www.livemag.it\/?s={search_term_string}"},"query-input":{"@type":"PropertyValueSpecification","valueRequired":true,"valueName":"search_term_string"}}],"inLanguage":"it-IT"},{"@type":"Organization","@id":"https:\/\/www.livemag.it\/#organization","name":"LiveMag","alternateName":"LiveMag News ed eventi","url":"https:\/\/www.livemag.it\/","logo":{"@type":"ImageObject","inLanguage":"it-IT","@id":"https:\/\/www.livemag.it\/#\/schema\/logo\/image\/","url":"https:\/\/www.livemag.it\/wp-content\/uploads\/2024\/02\/immagine-sito.jpg","contentUrl":"https:\/\/www.livemag.it\/wp-content\/uploads\/2024\/02\/immagine-sito.jpg","width":696,"height":696,"caption":"LiveMag"},"image":{"@id":"https:\/\/www.livemag.it\/#\/schema\/logo\/image\/"},"sameAs":["https:\/\/www.facebook.com\/LiveMag\/","https:\/\/x.com\/LiveNotizie","https:\/\/www.instagram.com\/livemag\/"]},{"@type":"Person","@id":"https:\/\/www.livemag.it\/#\/schema\/person\/b62c5f44451fdcdaeb0afe6c2424e73c","name":"italpress","image":{"@type":"ImageObject","inLanguage":"it-IT","@id":"https:\/\/secure.gravatar.com\/avatar\/b6a21695fc713ce7ee312cf57c97e2e641feb365be72d8745574d3c3e2b59066?s=96&r=g","url":"https:\/\/secure.gravatar.com\/avatar\/b6a21695fc713ce7ee312cf57c97e2e641feb365be72d8745574d3c3e2b59066?s=96&r=g","contentUrl":"https:\/\/secure.gravatar.com\/avatar\/b6a21695fc713ce7ee312cf57c97e2e641feb365be72d8745574d3c3e2b59066?s=96&r=g","caption":"italpress"},"description":"Italpress \u00e8 un'agenzia di stampa italiana a carattere nazionale.","url":"https:\/\/www.livemag.it\/index.php\/author\/italpress\/"}]}},"jetpack_featured_media_url":"https:\/\/www.livemag.it\/wp-content\/uploads\/2026\/04\/20260427_1977.jpg","_links":{"self":[{"href":"https:\/\/www.livemag.it\/index.php\/wp-json\/wp\/v2\/posts\/75003","targetHints":{"allow":["GET"]}}],"collection":[{"href":"https:\/\/www.livemag.it\/index.php\/wp-json\/wp\/v2\/posts"}],"about":[{"href":"https:\/\/www.livemag.it\/index.php\/wp-json\/wp\/v2\/types\/post"}],"author":[{"embeddable":true,"href":"https:\/\/www.livemag.it\/index.php\/wp-json\/wp\/v2\/users\/16"}],"replies":[{"embeddable":true,"href":"https:\/\/www.livemag.it\/index.php\/wp-json\/wp\/v2\/comments?post=75003"}],"version-history":[{"count":0,"href":"https:\/\/www.livemag.it\/index.php\/wp-json\/wp\/v2\/posts\/75003\/revisions"}],"wp:featuredmedia":[{"embeddable":true,"href":"https:\/\/www.livemag.it\/index.php\/wp-json\/wp\/v2\/media\/75004"}],"wp:attachment":[{"href":"https:\/\/www.livemag.it\/index.php\/wp-json\/wp\/v2\/media?parent=75003"}],"wp:term":[{"taxonomy":"category","embeddable":true,"href":"https:\/\/www.livemag.it\/index.php\/wp-json\/wp\/v2\/categories?post=75003"},{"taxonomy":"post_tag","embeddable":true,"href":"https:\/\/www.livemag.it\/index.php\/wp-json\/wp\/v2\/tags?post=75003"}],"curies":[{"name":"wp","href":"https:\/\/api.w.org\/{rel}","templated":true}]}}