{"id":74983,"date":"2026-04-27T15:02:59","date_gmt":"2026-04-27T13:02:59","guid":{"rendered":"https:\/\/www.livemag.it\/index.php\/2026\/04\/27\/urso-sul-taglio-delle-accise-valuteremo-in-cdm-cosa-fare\/"},"modified":"2026-04-27T15:02:59","modified_gmt":"2026-04-27T13:02:59","slug":"urso-sul-taglio-delle-accise-valuteremo-in-cdm-cosa-fare","status":"publish","type":"post","link":"https:\/\/www.livemag.it\/index.php\/2026\/04\/27\/urso-sul-taglio-delle-accise-valuteremo-in-cdm-cosa-fare\/","title":{"rendered":"Urso \u201cSul taglio delle accise valuteremo in Cdm cosa fare\u201d"},"content":{"rendered":"<div>\n<p>ROMA (ITALPRESS) \u2013 <em>\u201cNon anticipo mai i provvedimenti del governo, tanto pi\u00f9 quando siano complessivi. Abbiamo due riunioni del consiglio dei Ministri, una domani e una il 30 e in quella sede valuteremo cosa fare sul fronte dell\u2019energia. Nel frattempo stiamo lavorando in sede europea affinch\u00e8 proprio l\u2019energia, che \u00e8 la linea del fronte, sia quella in cui gli Stati possano utilizzare le risorse per dare una risposta al sistema produttivo e alle famiglie\u201d.<\/em> Cos\u00ec il ministro delle Imprese e del Made in Italy, Adolfo <strong>Urso,<\/strong> a margine della presentazione di Samoter, sulla possibile proroga del taglio delle accise sui carburanti.<br \/>\n<em>\u201cLa linea del fronte \u00e8 l\u2019energia, ma dietro vi sono altre problematiche, altrettanto importanti, se dovesse perdurare il blocco dello stretto di Hormuz, come quelle dell\u2019approvvigionamento di materie critiche fondamentali per alcune filiere produttive. Quindi siamo in campo, chiediamo all\u2019Europa di fornirci gli strumenti, di liberarci da lacci che oggi ci impediscono di agire come dovremmo in tempo congruo e con le modalit\u00e0 necessarie per fronteggiare quella che \u00e8 eveidente a tutti \u00e8 una grande emergenza\u201d<\/em>, ha aggiunto.<\/p>\n<p>-Foto: Ipa Agency-<\/p>\n<p>(ITALPRESS).<\/p>\n<\/div>\n","protected":false},"excerpt":{"rendered":"<p>ROMA (ITALPRESS) \u2013 \u201cNon anticipo mai i provvedimenti del governo, tanto pi\u00f9 quando siano complessivi. Abbiamo due riunioni del consiglio dei Ministri, una domani e una il 30 e in quella sede valuteremo cosa fare sul fronte dell\u2019energia. Nel frattempo stiamo lavorando in sede europea affinch\u00e8 proprio l\u2019energia, che \u00e8 la linea del fronte, sia [&hellip;]<\/p>\n","protected":false},"author":16,"featured_media":74984,"comment_status":"closed","ping_status":"closed","sticky":false,"template":"","format":"standard","meta":{"jnews-multi-image_gallery":[],"jnews_single_post":[],"jnews_primary_category":[],"jnews_social_meta":[],"jnews_override_counter":[],"jnews_post_split":[],"footnotes":""},"categories":[1129],"tags":[],"class_list":["post-74983","post","type-post","status-publish","format-standard","has-post-thumbnail","hentry","category-mondo"],"yoast_head":"<!-- This site is optimized with the Yoast SEO plugin v27.4 - https:\/\/yoast.com\/product\/yoast-seo-wordpress\/ -->\n<title>Urso \u201cSul taglio delle accise valuteremo in Cdm cosa fare\u201d - Live Magazine<\/title>\n<meta name=\"robots\" content=\"index, follow, max-snippet:-1, max-image-preview:large, max-video-preview:-1\" \/>\n<link rel=\"canonical\" href=\"https:\/\/www.livemag.it\/index.php\/2026\/04\/27\/urso-sul-taglio-delle-accise-valuteremo-in-cdm-cosa-fare\/\" \/>\n<meta property=\"og:locale\" content=\"it_IT\" \/>\n<meta property=\"og:type\" content=\"article\" \/>\n<meta property=\"og:title\" content=\"Urso \u201cSul taglio delle accise valuteremo in Cdm cosa fare\u201d - Live Magazine\" \/>\n<meta property=\"og:description\" content=\"ROMA (ITALPRESS) \u2013 \u201cNon anticipo mai i provvedimenti del governo, tanto pi\u00f9 quando siano complessivi. Abbiamo due riunioni del consiglio dei Ministri, una domani e una il 30 e in quella sede valuteremo cosa fare sul fronte dell\u2019energia. Nel frattempo stiamo lavorando in sede europea affinch\u00e8 proprio l\u2019energia, che \u00e8 la linea del fronte, sia [&hellip;]\" \/>\n<meta property=\"og:url\" content=\"https:\/\/www.livemag.it\/index.php\/2026\/04\/27\/urso-sul-taglio-delle-accise-valuteremo-in-cdm-cosa-fare\/\" \/>\n<meta property=\"og:site_name\" content=\"Live Magazine\" \/>\n<meta property=\"article:publisher\" content=\"https:\/\/www.facebook.com\/LiveMag\/\" \/>\n<meta property=\"article:published_time\" content=\"2026-04-27T13:02:59+00:00\" \/>\n<meta property=\"og:image\" content=\"https:\/\/www.livemag.it\/wp-content\/uploads\/2024\/02\/ograph.jpg\" \/>\n\t<meta property=\"og:image:width\" content=\"1200\" \/>\n\t<meta property=\"og:image:height\" content=\"675\" \/>\n\t<meta property=\"og:image:type\" content=\"image\/jpeg\" \/>\n<meta name=\"author\" content=\"italpress\" \/>\n<meta name=\"twitter:card\" content=\"summary_large_image\" \/>\n<meta name=\"twitter:creator\" content=\"@LiveNotizie\" \/>\n<meta name=\"twitter:site\" content=\"@LiveNotizie\" \/>\n<meta name=\"twitter:label1\" content=\"Scritto da\" \/>\n\t<meta name=\"twitter:data1\" content=\"italpress\" \/>\n\t<meta name=\"twitter:label2\" content=\"Tempo di lettura stimato\" \/>\n\t<meta name=\"twitter:data2\" content=\"1 minuto\" \/>\n<script type=\"application\/ld+json\" class=\"yoast-schema-graph\">{\"@context\":\"https:\\\/\\\/schema.org\",\"@graph\":[{\"@type\":\"Article\",\"@id\":\"https:\\\/\\\/www.livemag.it\\\/index.php\\\/2026\\\/04\\\/27\\\/urso-sul-taglio-delle-accise-valuteremo-in-cdm-cosa-fare\\\/#article\",\"isPartOf\":{\"@id\":\"https:\\\/\\\/www.livemag.it\\\/index.php\\\/2026\\\/04\\\/27\\\/urso-sul-taglio-delle-accise-valuteremo-in-cdm-cosa-fare\\\/\"},\"author\":{\"name\":\"italpress\",\"@id\":\"https:\\\/\\\/www.livemag.it\\\/#\\\/schema\\\/person\\\/b62c5f44451fdcdaeb0afe6c2424e73c\"},\"headline\":\"Urso \u201cSul taglio delle accise valuteremo in Cdm cosa fare\u201d\",\"datePublished\":\"2026-04-27T13:02:59+00:00\",\"mainEntityOfPage\":{\"@id\":\"https:\\\/\\\/www.livemag.it\\\/index.php\\\/2026\\\/04\\\/27\\\/urso-sul-taglio-delle-accise-valuteremo-in-cdm-cosa-fare\\\/\"},\"wordCount\":192,\"publisher\":{\"@id\":\"https:\\\/\\\/www.livemag.it\\\/#organization\"},\"image\":{\"@id\":\"https:\\\/\\\/www.livemag.it\\\/index.php\\\/2026\\\/04\\\/27\\\/urso-sul-taglio-delle-accise-valuteremo-in-cdm-cosa-fare\\\/#primaryimage\"},\"thumbnailUrl\":\"https:\\\/\\\/www.livemag.it\\\/wp-content\\\/uploads\\\/2026\\\/04\\\/20260427_0843.jpg\",\"articleSection\":[\"Mondo\"],\"inLanguage\":\"it-IT\"},{\"@type\":\"WebPage\",\"@id\":\"https:\\\/\\\/www.livemag.it\\\/index.php\\\/2026\\\/04\\\/27\\\/urso-sul-taglio-delle-accise-valuteremo-in-cdm-cosa-fare\\\/\",\"url\":\"https:\\\/\\\/www.livemag.it\\\/index.php\\\/2026\\\/04\\\/27\\\/urso-sul-taglio-delle-accise-valuteremo-in-cdm-cosa-fare\\\/\",\"name\":\"Urso \u201cSul taglio delle accise valuteremo in Cdm cosa fare\u201d - Live Magazine\",\"isPartOf\":{\"@id\":\"https:\\\/\\\/www.livemag.it\\\/#website\"},\"primaryImageOfPage\":{\"@id\":\"https:\\\/\\\/www.livemag.it\\\/index.php\\\/2026\\\/04\\\/27\\\/urso-sul-taglio-delle-accise-valuteremo-in-cdm-cosa-fare\\\/#primaryimage\"},\"image\":{\"@id\":\"https:\\\/\\\/www.livemag.it\\\/index.php\\\/2026\\\/04\\\/27\\\/urso-sul-taglio-delle-accise-valuteremo-in-cdm-cosa-fare\\\/#primaryimage\"},\"thumbnailUrl\":\"https:\\\/\\\/www.livemag.it\\\/wp-content\\\/uploads\\\/2026\\\/04\\\/20260427_0843.jpg\",\"datePublished\":\"2026-04-27T13:02:59+00:00\",\"breadcrumb\":{\"@id\":\"https:\\\/\\\/www.livemag.it\\\/index.php\\\/2026\\\/04\\\/27\\\/urso-sul-taglio-delle-accise-valuteremo-in-cdm-cosa-fare\\\/#breadcrumb\"},\"inLanguage\":\"it-IT\",\"potentialAction\":[{\"@type\":\"ReadAction\",\"target\":[\"https:\\\/\\\/www.livemag.it\\\/index.php\\\/2026\\\/04\\\/27\\\/urso-sul-taglio-delle-accise-valuteremo-in-cdm-cosa-fare\\\/\"]}]},{\"@type\":\"ImageObject\",\"inLanguage\":\"it-IT\",\"@id\":\"https:\\\/\\\/www.livemag.it\\\/index.php\\\/2026\\\/04\\\/27\\\/urso-sul-taglio-delle-accise-valuteremo-in-cdm-cosa-fare\\\/#primaryimage\",\"url\":\"https:\\\/\\\/www.livemag.it\\\/wp-content\\\/uploads\\\/2026\\\/04\\\/20260427_0843.jpg\",\"contentUrl\":\"https:\\\/\\\/www.livemag.it\\\/wp-content\\\/uploads\\\/2026\\\/04\\\/20260427_0843.jpg\",\"width\":830,\"height\":553},{\"@type\":\"BreadcrumbList\",\"@id\":\"https:\\\/\\\/www.livemag.it\\\/index.php\\\/2026\\\/04\\\/27\\\/urso-sul-taglio-delle-accise-valuteremo-in-cdm-cosa-fare\\\/#breadcrumb\",\"itemListElement\":[{\"@type\":\"ListItem\",\"position\":1,\"name\":\"Home\",\"item\":\"https:\\\/\\\/www.livemag.it\\\/\"},{\"@type\":\"ListItem\",\"position\":2,\"name\":\"Urso \u201cSul taglio delle accise valuteremo in Cdm cosa fare\u201d\"}]},{\"@type\":\"WebSite\",\"@id\":\"https:\\\/\\\/www.livemag.it\\\/#website\",\"url\":\"https:\\\/\\\/www.livemag.it\\\/\",\"name\":\"Live Magazine\",\"description\":\"Varie ed eventi\",\"publisher\":{\"@id\":\"https:\\\/\\\/www.livemag.it\\\/#organization\"},\"potentialAction\":[{\"@type\":\"SearchAction\",\"target\":{\"@type\":\"EntryPoint\",\"urlTemplate\":\"https:\\\/\\\/www.livemag.it\\\/?s={search_term_string}\"},\"query-input\":{\"@type\":\"PropertyValueSpecification\",\"valueRequired\":true,\"valueName\":\"search_term_string\"}}],\"inLanguage\":\"it-IT\"},{\"@type\":\"Organization\",\"@id\":\"https:\\\/\\\/www.livemag.it\\\/#organization\",\"name\":\"LiveMag\",\"alternateName\":\"LiveMag News ed eventi\",\"url\":\"https:\\\/\\\/www.livemag.it\\\/\",\"logo\":{\"@type\":\"ImageObject\",\"inLanguage\":\"it-IT\",\"@id\":\"https:\\\/\\\/www.livemag.it\\\/#\\\/schema\\\/logo\\\/image\\\/\",\"url\":\"https:\\\/\\\/www.livemag.it\\\/wp-content\\\/uploads\\\/2024\\\/02\\\/immagine-sito.jpg\",\"contentUrl\":\"https:\\\/\\\/www.livemag.it\\\/wp-content\\\/uploads\\\/2024\\\/02\\\/immagine-sito.jpg\",\"width\":696,\"height\":696,\"caption\":\"LiveMag\"},\"image\":{\"@id\":\"https:\\\/\\\/www.livemag.it\\\/#\\\/schema\\\/logo\\\/image\\\/\"},\"sameAs\":[\"https:\\\/\\\/www.facebook.com\\\/LiveMag\\\/\",\"https:\\\/\\\/x.com\\\/LiveNotizie\",\"https:\\\/\\\/www.instagram.com\\\/livemag\\\/\"]},{\"@type\":\"Person\",\"@id\":\"https:\\\/\\\/www.livemag.it\\\/#\\\/schema\\\/person\\\/b62c5f44451fdcdaeb0afe6c2424e73c\",\"name\":\"italpress\",\"image\":{\"@type\":\"ImageObject\",\"inLanguage\":\"it-IT\",\"@id\":\"https:\\\/\\\/secure.gravatar.com\\\/avatar\\\/b6a21695fc713ce7ee312cf57c97e2e641feb365be72d8745574d3c3e2b59066?s=96&r=g\",\"url\":\"https:\\\/\\\/secure.gravatar.com\\\/avatar\\\/b6a21695fc713ce7ee312cf57c97e2e641feb365be72d8745574d3c3e2b59066?s=96&r=g\",\"contentUrl\":\"https:\\\/\\\/secure.gravatar.com\\\/avatar\\\/b6a21695fc713ce7ee312cf57c97e2e641feb365be72d8745574d3c3e2b59066?s=96&r=g\",\"caption\":\"italpress\"},\"description\":\"Italpress \u00e8 un'agenzia di stampa italiana a carattere nazionale.\",\"url\":\"https:\\\/\\\/www.livemag.it\\\/index.php\\\/author\\\/italpress\\\/\"}]}<\/script>\n<!-- \/ Yoast SEO plugin. -->","yoast_head_json":{"title":"Urso \u201cSul taglio delle accise valuteremo in Cdm cosa fare\u201d - Live Magazine","robots":{"index":"index","follow":"follow","max-snippet":"max-snippet:-1","max-image-preview":"max-image-preview:large","max-video-preview":"max-video-preview:-1"},"canonical":"https:\/\/www.livemag.it\/index.php\/2026\/04\/27\/urso-sul-taglio-delle-accise-valuteremo-in-cdm-cosa-fare\/","og_locale":"it_IT","og_type":"article","og_title":"Urso \u201cSul taglio delle accise valuteremo in Cdm cosa fare\u201d - Live Magazine","og_description":"ROMA (ITALPRESS) \u2013 \u201cNon anticipo mai i provvedimenti del governo, tanto pi\u00f9 quando siano complessivi. Abbiamo due riunioni del consiglio dei Ministri, una domani e una il 30 e in quella sede valuteremo cosa fare sul fronte dell\u2019energia. Nel frattempo stiamo lavorando in sede europea affinch\u00e8 proprio l\u2019energia, che \u00e8 la linea del fronte, sia [&hellip;]","og_url":"https:\/\/www.livemag.it\/index.php\/2026\/04\/27\/urso-sul-taglio-delle-accise-valuteremo-in-cdm-cosa-fare\/","og_site_name":"Live Magazine","article_publisher":"https:\/\/www.facebook.com\/LiveMag\/","article_published_time":"2026-04-27T13:02:59+00:00","og_image":[{"width":1200,"height":675,"url":"https:\/\/www.livemag.it\/wp-content\/uploads\/2024\/02\/ograph.jpg","type":"image\/jpeg"}],"author":"italpress","twitter_card":"summary_large_image","twitter_creator":"@LiveNotizie","twitter_site":"@LiveNotizie","twitter_misc":{"Scritto da":"italpress","Tempo di lettura stimato":"1 minuto"},"schema":{"@context":"https:\/\/schema.org","@graph":[{"@type":"Article","@id":"https:\/\/www.livemag.it\/index.php\/2026\/04\/27\/urso-sul-taglio-delle-accise-valuteremo-in-cdm-cosa-fare\/#article","isPartOf":{"@id":"https:\/\/www.livemag.it\/index.php\/2026\/04\/27\/urso-sul-taglio-delle-accise-valuteremo-in-cdm-cosa-fare\/"},"author":{"name":"italpress","@id":"https:\/\/www.livemag.it\/#\/schema\/person\/b62c5f44451fdcdaeb0afe6c2424e73c"},"headline":"Urso \u201cSul taglio delle accise valuteremo in Cdm cosa fare\u201d","datePublished":"2026-04-27T13:02:59+00:00","mainEntityOfPage":{"@id":"https:\/\/www.livemag.it\/index.php\/2026\/04\/27\/urso-sul-taglio-delle-accise-valuteremo-in-cdm-cosa-fare\/"},"wordCount":192,"publisher":{"@id":"https:\/\/www.livemag.it\/#organization"},"image":{"@id":"https:\/\/www.livemag.it\/index.php\/2026\/04\/27\/urso-sul-taglio-delle-accise-valuteremo-in-cdm-cosa-fare\/#primaryimage"},"thumbnailUrl":"https:\/\/www.livemag.it\/wp-content\/uploads\/2026\/04\/20260427_0843.jpg","articleSection":["Mondo"],"inLanguage":"it-IT"},{"@type":"WebPage","@id":"https:\/\/www.livemag.it\/index.php\/2026\/04\/27\/urso-sul-taglio-delle-accise-valuteremo-in-cdm-cosa-fare\/","url":"https:\/\/www.livemag.it\/index.php\/2026\/04\/27\/urso-sul-taglio-delle-accise-valuteremo-in-cdm-cosa-fare\/","name":"Urso \u201cSul taglio delle accise valuteremo in Cdm cosa fare\u201d - Live Magazine","isPartOf":{"@id":"https:\/\/www.livemag.it\/#website"},"primaryImageOfPage":{"@id":"https:\/\/www.livemag.it\/index.php\/2026\/04\/27\/urso-sul-taglio-delle-accise-valuteremo-in-cdm-cosa-fare\/#primaryimage"},"image":{"@id":"https:\/\/www.livemag.it\/index.php\/2026\/04\/27\/urso-sul-taglio-delle-accise-valuteremo-in-cdm-cosa-fare\/#primaryimage"},"thumbnailUrl":"https:\/\/www.livemag.it\/wp-content\/uploads\/2026\/04\/20260427_0843.jpg","datePublished":"2026-04-27T13:02:59+00:00","breadcrumb":{"@id":"https:\/\/www.livemag.it\/index.php\/2026\/04\/27\/urso-sul-taglio-delle-accise-valuteremo-in-cdm-cosa-fare\/#breadcrumb"},"inLanguage":"it-IT","potentialAction":[{"@type":"ReadAction","target":["https:\/\/www.livemag.it\/index.php\/2026\/04\/27\/urso-sul-taglio-delle-accise-valuteremo-in-cdm-cosa-fare\/"]}]},{"@type":"ImageObject","inLanguage":"it-IT","@id":"https:\/\/www.livemag.it\/index.php\/2026\/04\/27\/urso-sul-taglio-delle-accise-valuteremo-in-cdm-cosa-fare\/#primaryimage","url":"https:\/\/www.livemag.it\/wp-content\/uploads\/2026\/04\/20260427_0843.jpg","contentUrl":"https:\/\/www.livemag.it\/wp-content\/uploads\/2026\/04\/20260427_0843.jpg","width":830,"height":553},{"@type":"BreadcrumbList","@id":"https:\/\/www.livemag.it\/index.php\/2026\/04\/27\/urso-sul-taglio-delle-accise-valuteremo-in-cdm-cosa-fare\/#breadcrumb","itemListElement":[{"@type":"ListItem","position":1,"name":"Home","item":"https:\/\/www.livemag.it\/"},{"@type":"ListItem","position":2,"name":"Urso \u201cSul taglio delle accise valuteremo in Cdm cosa fare\u201d"}]},{"@type":"WebSite","@id":"https:\/\/www.livemag.it\/#website","url":"https:\/\/www.livemag.it\/","name":"Live Magazine","description":"Varie ed eventi","publisher":{"@id":"https:\/\/www.livemag.it\/#organization"},"potentialAction":[{"@type":"SearchAction","target":{"@type":"EntryPoint","urlTemplate":"https:\/\/www.livemag.it\/?s={search_term_string}"},"query-input":{"@type":"PropertyValueSpecification","valueRequired":true,"valueName":"search_term_string"}}],"inLanguage":"it-IT"},{"@type":"Organization","@id":"https:\/\/www.livemag.it\/#organization","name":"LiveMag","alternateName":"LiveMag News ed eventi","url":"https:\/\/www.livemag.it\/","logo":{"@type":"ImageObject","inLanguage":"it-IT","@id":"https:\/\/www.livemag.it\/#\/schema\/logo\/image\/","url":"https:\/\/www.livemag.it\/wp-content\/uploads\/2024\/02\/immagine-sito.jpg","contentUrl":"https:\/\/www.livemag.it\/wp-content\/uploads\/2024\/02\/immagine-sito.jpg","width":696,"height":696,"caption":"LiveMag"},"image":{"@id":"https:\/\/www.livemag.it\/#\/schema\/logo\/image\/"},"sameAs":["https:\/\/www.facebook.com\/LiveMag\/","https:\/\/x.com\/LiveNotizie","https:\/\/www.instagram.com\/livemag\/"]},{"@type":"Person","@id":"https:\/\/www.livemag.it\/#\/schema\/person\/b62c5f44451fdcdaeb0afe6c2424e73c","name":"italpress","image":{"@type":"ImageObject","inLanguage":"it-IT","@id":"https:\/\/secure.gravatar.com\/avatar\/b6a21695fc713ce7ee312cf57c97e2e641feb365be72d8745574d3c3e2b59066?s=96&r=g","url":"https:\/\/secure.gravatar.com\/avatar\/b6a21695fc713ce7ee312cf57c97e2e641feb365be72d8745574d3c3e2b59066?s=96&r=g","contentUrl":"https:\/\/secure.gravatar.com\/avatar\/b6a21695fc713ce7ee312cf57c97e2e641feb365be72d8745574d3c3e2b59066?s=96&r=g","caption":"italpress"},"description":"Italpress \u00e8 un'agenzia di stampa italiana a carattere nazionale.","url":"https:\/\/www.livemag.it\/index.php\/author\/italpress\/"}]}},"jetpack_featured_media_url":"https:\/\/www.livemag.it\/wp-content\/uploads\/2026\/04\/20260427_0843.jpg","_links":{"self":[{"href":"https:\/\/www.livemag.it\/index.php\/wp-json\/wp\/v2\/posts\/74983","targetHints":{"allow":["GET"]}}],"collection":[{"href":"https:\/\/www.livemag.it\/index.php\/wp-json\/wp\/v2\/posts"}],"about":[{"href":"https:\/\/www.livemag.it\/index.php\/wp-json\/wp\/v2\/types\/post"}],"author":[{"embeddable":true,"href":"https:\/\/www.livemag.it\/index.php\/wp-json\/wp\/v2\/users\/16"}],"replies":[{"embeddable":true,"href":"https:\/\/www.livemag.it\/index.php\/wp-json\/wp\/v2\/comments?post=74983"}],"version-history":[{"count":0,"href":"https:\/\/www.livemag.it\/index.php\/wp-json\/wp\/v2\/posts\/74983\/revisions"}],"wp:featuredmedia":[{"embeddable":true,"href":"https:\/\/www.livemag.it\/index.php\/wp-json\/wp\/v2\/media\/74984"}],"wp:attachment":[{"href":"https:\/\/www.livemag.it\/index.php\/wp-json\/wp\/v2\/media?parent=74983"}],"wp:term":[{"taxonomy":"category","embeddable":true,"href":"https:\/\/www.livemag.it\/index.php\/wp-json\/wp\/v2\/categories?post=74983"},{"taxonomy":"post_tag","embeddable":true,"href":"https:\/\/www.livemag.it\/index.php\/wp-json\/wp\/v2\/tags?post=74983"}],"curies":[{"name":"wp","href":"https:\/\/api.w.org\/{rel}","templated":true}]}}