{"id":71722,"date":"2026-03-16T10:16:12","date_gmt":"2026-03-16T09:16:12","guid":{"rendered":"https:\/\/www.livemag.it\/?p=71722"},"modified":"2026-03-16T10:16:13","modified_gmt":"2026-03-16T09:16:13","slug":"sahara-e-il-nuovo-singolo-di-sebastian-bayl","status":"publish","type":"post","link":"https:\/\/www.livemag.it\/index.php\/2026\/03\/16\/sahara-e-il-nuovo-singolo-di-sebastian-bayl\/","title":{"rendered":"&#8220;Sahara&#8221; \u00e8 il nuovo singolo di Sebastian Bayl"},"content":{"rendered":"\n<p><strong>Sebastian Bayl<\/strong>, DJ e producer italiano, torna con una nuova musica:<strong> \u201cSahara\u201d<\/strong> su <strong>Gas Records<\/strong>.<\/p>\n\n\n\n<p>In parallelo ai suoi numerosi dj set nei club, ai progetti radiofonici e alle coinvolgenti attivit\u00e0 sui social, <strong>Sebastian Bayl<\/strong> presenta il suo nuovo singolo <strong>\u201cSahara\u201d<\/strong>, disponibile su tutti i digital stores dal 13 Marzo 2026.<\/p>\n\n\n\n<p><strong>\u201cSahara\u201d<\/strong> \u00e8 un viaggio sonoro che unisce due mondi: l\u2019energia profonda della melodic techno contemporanea e il fascino ipnotico delle sonorit\u00e0 arabeggianti.<br>La traccia si muove tra groove caldi e pulsazioni emotive, creando un\u2019atmosfera sospesa e magnetica, dove l\u2019Occidente incontra l\u2019Oriente.<\/p>\n\n\n\n<p>Ispirato al sound melodic-techno del 2025\u20132026, <strong>\u201cSahara\u201d<\/strong> fonde melodie evocative, texture cinematografiche e una ritmica elegante, pensata per creare una forte connessione sia nei club che in contesti pi\u00f9 introspettivi. Il brano racconta il presente guardando al futuro, trasformando la pista in un\u2019esperienza sensoriale unica ed energica.<\/p>\n\n\n\n<figure class=\"wp-block-embed is-type-rich is-provider-spotify wp-block-embed-spotify wp-embed-aspect-21-9 wp-has-aspect-ratio\"><div class=\"wp-block-embed__wrapper\">\n<iframe title=\"Spotify Embed: Sahara\" style=\"border-radius: 12px\" width=\"100%\" height=\"152\" frameborder=\"0\" allowfullscreen allow=\"autoplay; clipboard-write; encrypted-media; fullscreen; picture-in-picture\" loading=\"lazy\" src=\"https:\/\/open.spotify.com\/embed\/track\/3xIKSC3uCEs1RNCKulFhma?si=69c07685b17542a8&amp;utm_source=oembed\"><\/iframe>\n<\/div><\/figure>\n\n\n\n<p><\/p>\n\n\n\n<p><strong>Sebastian Bayl<\/strong> commenta cos\u00ec il suo nuovo singolo <strong>\u201cSahara\u201d<\/strong>:&nbsp;<br><br><em>\u201cVolevo creare un suono che parlasse delle mie due anime, e con Sahara ci sono riuscito.\u201d<\/em><\/p>\n\n\n\n<p><strong>Sebastian Bayl<\/strong> \u00e8 un DJ e producer italiano con oltre diciassette anni di esperienza nel settore dell\u2019intrattenimento notturno. Nel corso della sua carriera, ha conquistato importanti residenze e si \u00e8 esibito nei principali club e festival del Nord Italia, consolidando cos\u00ec una solida reputazione come performer.&nbsp; Riconosciuto a livello nazionale per i suoi remix e mashup, Sebastian \u00e8 apprezzato da colleghi e addetti ai lavori per la qualit\u00e0 e l\u2019originalit\u00e0 delle sue produzioni. Vanta numerose release ufficiali come producer e attualmente collabora con note emittenti radiofoniche, portando la sua selezione musicale a un pubblico sempre pi\u00f9 ampio.<br><\/p>\n\n\n\n<figure class=\"wp-block-image size-full is-resized\"><img fetchpriority=\"high\" decoding=\"async\" width=\"970\" height=\"970\" src=\"https:\/\/www.livemag.it\/wp-content\/uploads\/2026\/03\/image.jpeg\" alt=\"\" class=\"wp-image-71723\" style=\"width:684px;height:auto\" srcset=\"https:\/\/www.livemag.it\/wp-content\/uploads\/2026\/03\/image.jpeg 970w, https:\/\/www.livemag.it\/wp-content\/uploads\/2026\/03\/image-300x300.jpeg 300w, https:\/\/www.livemag.it\/wp-content\/uploads\/2026\/03\/image-150x150.jpeg 150w, https:\/\/www.livemag.it\/wp-content\/uploads\/2026\/03\/image-768x768.jpeg 768w, https:\/\/www.livemag.it\/wp-content\/uploads\/2026\/03\/image-75x75.jpeg 75w, https:\/\/www.livemag.it\/wp-content\/uploads\/2026\/03\/image-350x350.jpeg 350w, https:\/\/www.livemag.it\/wp-content\/uploads\/2026\/03\/image-750x750.jpeg 750w\" sizes=\"(max-width: 970px) 100vw, 970px\" \/><\/figure>\n\n\n\n<p><\/p>\n\n\n\n<p>Segui <strong>Sebastian Bayl<br><br><em>INSTAGRAM<\/em><\/strong><a href=\"https:\/\/www.instagram.com\/sebastianbayl\"><strong> <\/strong><\/a><a href=\"https:\/\/www.instagram.com\/sebastianbayl\" target=\"_blank\" rel=\"noreferrer noopener\"><strong>instagram.com\/sebastianbayl<br><\/strong><\/a><strong><em>TIKTOK <\/em><\/strong><a href=\"https:\/\/www.tiktok.com\/@sebastianbayl?_r=1&amp;_t=ZN-94NZQTbiUYI\" target=\"_blank\" rel=\"noreferrer noopener\"><strong>@sebastianbayl <\/strong><\/a><strong>\u00a0<br><em>SPOTIFY <\/em><\/strong><a href=\"http:\/\/tiny.cc\/5c40101\" target=\"_blank\" rel=\"noreferrer noopener\"><strong>http:\/\/tiny.cc\/5c40101<em><br><\/em><\/strong><\/a><strong><em>SOUNDCLOUD<\/em>\u00a0<\/strong><a href=\"http:\/\/tiny.cc\/6c40101\"><strong>http:\/\/ti<\/strong><\/a><strong><a href=\"http:\/\/tiny.cc\/6c40101\" target=\"_blank\" rel=\"noreferrer noopener\">n<\/a><\/strong><a href=\"http:\/\/tiny.cc\/6c40101\" target=\"_blank\" rel=\"noreferrer noopener\"><strong>y.cc\/6c40101<\/strong><\/a><\/p>\n","protected":false},"excerpt":{"rendered":"<p>Sebastian Bayl, DJ e producer italiano, torna con una nuova musica: \u201cSahara\u201d su Gas Records.<\/p>\n","protected":false},"author":15,"featured_media":71724,"comment_status":"open","ping_status":"open","sticky":false,"template":"","format":"standard","meta":{"jnews-multi-image_gallery":[],"jnews_single_post":{"format":"standard"},"jnews_primary_category":[],"jnews_social_meta":[],"jnews_override_counter":[],"jnews_post_split":[],"footnotes":""},"categories":[3,1],"tags":[288,761,8650,8648,8647],"class_list":["post-71722","post","type-post","status-publish","format-standard","has-post-thumbnail","hentry","category-livenews","category-senza-categoria","tag-andreascire","tag-gasrecords","tag-melodictechno","tag-sahara","tag-sebastianbayl"],"yoast_head":"<!-- This site is optimized with the Yoast SEO plugin v27.5 - https:\/\/yoast.com\/product\/yoast-seo-wordpress\/ -->\n<title>&quot;Sahara&quot; \u00e8 il nuovo singolo di Sebastian Bayl - Live Magazine<\/title>\n<meta name=\"description\" content=\"Sebastian Bayl, DJ e producer italiano, torna con una nuova musica:\u201cSahara\u201d su Gas Records.\" \/>\n<meta name=\"robots\" content=\"index, follow, max-snippet:-1, max-image-preview:large, max-video-preview:-1\" \/>\n<link rel=\"canonical\" href=\"https:\/\/www.livemag.it\/index.php\/2026\/03\/16\/sahara-e-il-nuovo-singolo-di-sebastian-bayl\/\" \/>\n<meta property=\"og:locale\" content=\"it_IT\" \/>\n<meta property=\"og:type\" content=\"article\" \/>\n<meta property=\"og:title\" content=\"&quot;Sahara&quot; \u00e8 il nuovo singolo di Sebastian Bayl - Live Magazine\" \/>\n<meta property=\"og:description\" content=\"Sebastian Bayl, DJ e producer italiano, torna con una nuova musica:\u201cSahara\u201d su Gas Records.\" \/>\n<meta property=\"og:url\" content=\"https:\/\/www.livemag.it\/index.php\/2026\/03\/16\/sahara-e-il-nuovo-singolo-di-sebastian-bayl\/\" \/>\n<meta property=\"og:site_name\" content=\"Live Magazine\" \/>\n<meta property=\"article:publisher\" content=\"https:\/\/www.facebook.com\/LiveMag\/\" \/>\n<meta property=\"article:published_time\" content=\"2026-03-16T09:16:12+00:00\" \/>\n<meta property=\"article:modified_time\" content=\"2026-03-16T09:16:13+00:00\" \/>\n<meta property=\"og:image\" content=\"https:\/\/www.livemag.it\/wp-content\/uploads\/2026\/03\/SEBASTIAN-BAYL-1-e1773652506363.jpg\" \/>\n\t<meta property=\"og:image:width\" content=\"1638\" \/>\n\t<meta property=\"og:image:height\" content=\"686\" \/>\n\t<meta property=\"og:image:type\" content=\"image\/jpeg\" \/>\n<meta name=\"author\" content=\"Andrea Scire\" \/>\n<meta name=\"twitter:card\" content=\"summary_large_image\" \/>\n<meta name=\"twitter:creator\" content=\"@LiveNotizie\" \/>\n<meta name=\"twitter:site\" content=\"@LiveNotizie\" \/>\n<meta name=\"twitter:label1\" content=\"Scritto da\" \/>\n\t<meta name=\"twitter:data1\" content=\"Andrea Scire\" \/>\n\t<meta name=\"twitter:label2\" content=\"Tempo di lettura stimato\" \/>\n\t<meta name=\"twitter:data2\" content=\"2 minuti\" \/>\n<script type=\"application\/ld+json\" class=\"yoast-schema-graph\">{\"@context\":\"https:\\\/\\\/schema.org\",\"@graph\":[{\"@type\":\"Article\",\"@id\":\"https:\\\/\\\/www.livemag.it\\\/index.php\\\/2026\\\/03\\\/16\\\/sahara-e-il-nuovo-singolo-di-sebastian-bayl\\\/#article\",\"isPartOf\":{\"@id\":\"https:\\\/\\\/www.livemag.it\\\/index.php\\\/2026\\\/03\\\/16\\\/sahara-e-il-nuovo-singolo-di-sebastian-bayl\\\/\"},\"author\":{\"name\":\"Andrea Scire\",\"@id\":\"https:\\\/\\\/www.livemag.it\\\/#\\\/schema\\\/person\\\/60e5cb820df047ab4e160a56cf4229ea\"},\"headline\":\"&#8220;Sahara&#8221; \u00e8 il nuovo singolo di Sebastian Bayl\",\"datePublished\":\"2026-03-16T09:16:12+00:00\",\"dateModified\":\"2026-03-16T09:16:13+00:00\",\"mainEntityOfPage\":{\"@id\":\"https:\\\/\\\/www.livemag.it\\\/index.php\\\/2026\\\/03\\\/16\\\/sahara-e-il-nuovo-singolo-di-sebastian-bayl\\\/\"},\"wordCount\":304,\"commentCount\":0,\"publisher\":{\"@id\":\"https:\\\/\\\/www.livemag.it\\\/#organization\"},\"image\":{\"@id\":\"https:\\\/\\\/www.livemag.it\\\/index.php\\\/2026\\\/03\\\/16\\\/sahara-e-il-nuovo-singolo-di-sebastian-bayl\\\/#primaryimage\"},\"thumbnailUrl\":\"https:\\\/\\\/www.livemag.it\\\/wp-content\\\/uploads\\\/2026\\\/03\\\/SEBASTIAN-BAYL-1-e1773652506363.jpg\",\"keywords\":[\"andreascire\",\"gasrecords\",\"melodictechno\",\"sahara\",\"sebastianbayl\"],\"articleSection\":[\"LiveNews\"],\"inLanguage\":\"it-IT\",\"potentialAction\":[{\"@type\":\"CommentAction\",\"name\":\"Comment\",\"target\":[\"https:\\\/\\\/www.livemag.it\\\/index.php\\\/2026\\\/03\\\/16\\\/sahara-e-il-nuovo-singolo-di-sebastian-bayl\\\/#respond\"]}]},{\"@type\":\"WebPage\",\"@id\":\"https:\\\/\\\/www.livemag.it\\\/index.php\\\/2026\\\/03\\\/16\\\/sahara-e-il-nuovo-singolo-di-sebastian-bayl\\\/\",\"url\":\"https:\\\/\\\/www.livemag.it\\\/index.php\\\/2026\\\/03\\\/16\\\/sahara-e-il-nuovo-singolo-di-sebastian-bayl\\\/\",\"name\":\"\\\"Sahara\\\" \u00e8 il nuovo singolo di Sebastian Bayl - Live Magazine\",\"isPartOf\":{\"@id\":\"https:\\\/\\\/www.livemag.it\\\/#website\"},\"primaryImageOfPage\":{\"@id\":\"https:\\\/\\\/www.livemag.it\\\/index.php\\\/2026\\\/03\\\/16\\\/sahara-e-il-nuovo-singolo-di-sebastian-bayl\\\/#primaryimage\"},\"image\":{\"@id\":\"https:\\\/\\\/www.livemag.it\\\/index.php\\\/2026\\\/03\\\/16\\\/sahara-e-il-nuovo-singolo-di-sebastian-bayl\\\/#primaryimage\"},\"thumbnailUrl\":\"https:\\\/\\\/www.livemag.it\\\/wp-content\\\/uploads\\\/2026\\\/03\\\/SEBASTIAN-BAYL-1-e1773652506363.jpg\",\"datePublished\":\"2026-03-16T09:16:12+00:00\",\"dateModified\":\"2026-03-16T09:16:13+00:00\",\"description\":\"Sebastian Bayl, DJ e producer italiano, torna con una nuova musica:\u201cSahara\u201d su Gas Records.\",\"breadcrumb\":{\"@id\":\"https:\\\/\\\/www.livemag.it\\\/index.php\\\/2026\\\/03\\\/16\\\/sahara-e-il-nuovo-singolo-di-sebastian-bayl\\\/#breadcrumb\"},\"inLanguage\":\"it-IT\",\"potentialAction\":[{\"@type\":\"ReadAction\",\"target\":[\"https:\\\/\\\/www.livemag.it\\\/index.php\\\/2026\\\/03\\\/16\\\/sahara-e-il-nuovo-singolo-di-sebastian-bayl\\\/\"]}]},{\"@type\":\"ImageObject\",\"inLanguage\":\"it-IT\",\"@id\":\"https:\\\/\\\/www.livemag.it\\\/index.php\\\/2026\\\/03\\\/16\\\/sahara-e-il-nuovo-singolo-di-sebastian-bayl\\\/#primaryimage\",\"url\":\"https:\\\/\\\/www.livemag.it\\\/wp-content\\\/uploads\\\/2026\\\/03\\\/SEBASTIAN-BAYL-1-e1773652506363.jpg\",\"contentUrl\":\"https:\\\/\\\/www.livemag.it\\\/wp-content\\\/uploads\\\/2026\\\/03\\\/SEBASTIAN-BAYL-1-e1773652506363.jpg\",\"width\":1638,\"height\":686},{\"@type\":\"BreadcrumbList\",\"@id\":\"https:\\\/\\\/www.livemag.it\\\/index.php\\\/2026\\\/03\\\/16\\\/sahara-e-il-nuovo-singolo-di-sebastian-bayl\\\/#breadcrumb\",\"itemListElement\":[{\"@type\":\"ListItem\",\"position\":1,\"name\":\"Home\",\"item\":\"https:\\\/\\\/www.livemag.it\\\/\"},{\"@type\":\"ListItem\",\"position\":2,\"name\":\"&#8220;Sahara&#8221; \u00e8 il nuovo singolo di Sebastian Bayl\"}]},{\"@type\":\"WebSite\",\"@id\":\"https:\\\/\\\/www.livemag.it\\\/#website\",\"url\":\"https:\\\/\\\/www.livemag.it\\\/\",\"name\":\"Live Magazine\",\"description\":\"Varie ed eventi\",\"publisher\":{\"@id\":\"https:\\\/\\\/www.livemag.it\\\/#organization\"},\"potentialAction\":[{\"@type\":\"SearchAction\",\"target\":{\"@type\":\"EntryPoint\",\"urlTemplate\":\"https:\\\/\\\/www.livemag.it\\\/?s={search_term_string}\"},\"query-input\":{\"@type\":\"PropertyValueSpecification\",\"valueRequired\":true,\"valueName\":\"search_term_string\"}}],\"inLanguage\":\"it-IT\"},{\"@type\":\"Organization\",\"@id\":\"https:\\\/\\\/www.livemag.it\\\/#organization\",\"name\":\"LiveMag\",\"alternateName\":\"LiveMag News ed eventi\",\"url\":\"https:\\\/\\\/www.livemag.it\\\/\",\"logo\":{\"@type\":\"ImageObject\",\"inLanguage\":\"it-IT\",\"@id\":\"https:\\\/\\\/www.livemag.it\\\/#\\\/schema\\\/logo\\\/image\\\/\",\"url\":\"https:\\\/\\\/www.livemag.it\\\/wp-content\\\/uploads\\\/2024\\\/02\\\/immagine-sito.jpg\",\"contentUrl\":\"https:\\\/\\\/www.livemag.it\\\/wp-content\\\/uploads\\\/2024\\\/02\\\/immagine-sito.jpg\",\"width\":696,\"height\":696,\"caption\":\"LiveMag\"},\"image\":{\"@id\":\"https:\\\/\\\/www.livemag.it\\\/#\\\/schema\\\/logo\\\/image\\\/\"},\"sameAs\":[\"https:\\\/\\\/www.facebook.com\\\/LiveMag\\\/\",\"https:\\\/\\\/x.com\\\/LiveNotizie\",\"https:\\\/\\\/www.instagram.com\\\/livemag\\\/\"]},{\"@type\":\"Person\",\"@id\":\"https:\\\/\\\/www.livemag.it\\\/#\\\/schema\\\/person\\\/60e5cb820df047ab4e160a56cf4229ea\",\"name\":\"Andrea Scire\",\"image\":{\"@type\":\"ImageObject\",\"inLanguage\":\"it-IT\",\"@id\":\"https:\\\/\\\/secure.gravatar.com\\\/avatar\\\/08ec75840313f583a4578d21efee2e5ef22e5a83438aefb997f1e41432614a94?s=96&r=g\",\"url\":\"https:\\\/\\\/secure.gravatar.com\\\/avatar\\\/08ec75840313f583a4578d21efee2e5ef22e5a83438aefb997f1e41432614a94?s=96&r=g\",\"contentUrl\":\"https:\\\/\\\/secure.gravatar.com\\\/avatar\\\/08ec75840313f583a4578d21efee2e5ef22e5a83438aefb997f1e41432614a94?s=96&r=g\",\"caption\":\"Andrea Scire\"},\"description\":\"addetto stampa, blogger\",\"url\":\"https:\\\/\\\/www.livemag.it\\\/index.php\\\/author\\\/andrea-scire\\\/\"}]}<\/script>\n<!-- \/ Yoast SEO plugin. -->","yoast_head_json":{"title":"\"Sahara\" \u00e8 il nuovo singolo di Sebastian Bayl - Live Magazine","description":"Sebastian Bayl, DJ e producer italiano, torna con una nuova musica:\u201cSahara\u201d su Gas Records.","robots":{"index":"index","follow":"follow","max-snippet":"max-snippet:-1","max-image-preview":"max-image-preview:large","max-video-preview":"max-video-preview:-1"},"canonical":"https:\/\/www.livemag.it\/index.php\/2026\/03\/16\/sahara-e-il-nuovo-singolo-di-sebastian-bayl\/","og_locale":"it_IT","og_type":"article","og_title":"\"Sahara\" \u00e8 il nuovo singolo di Sebastian Bayl - Live Magazine","og_description":"Sebastian Bayl, DJ e producer italiano, torna con una nuova musica:\u201cSahara\u201d su Gas Records.","og_url":"https:\/\/www.livemag.it\/index.php\/2026\/03\/16\/sahara-e-il-nuovo-singolo-di-sebastian-bayl\/","og_site_name":"Live Magazine","article_publisher":"https:\/\/www.facebook.com\/LiveMag\/","article_published_time":"2026-03-16T09:16:12+00:00","article_modified_time":"2026-03-16T09:16:13+00:00","og_image":[{"width":1638,"height":686,"url":"https:\/\/www.livemag.it\/wp-content\/uploads\/2026\/03\/SEBASTIAN-BAYL-1-e1773652506363.jpg","type":"image\/jpeg"}],"author":"Andrea Scire","twitter_card":"summary_large_image","twitter_creator":"@LiveNotizie","twitter_site":"@LiveNotizie","twitter_misc":{"Scritto da":"Andrea Scire","Tempo di lettura stimato":"2 minuti"},"schema":{"@context":"https:\/\/schema.org","@graph":[{"@type":"Article","@id":"https:\/\/www.livemag.it\/index.php\/2026\/03\/16\/sahara-e-il-nuovo-singolo-di-sebastian-bayl\/#article","isPartOf":{"@id":"https:\/\/www.livemag.it\/index.php\/2026\/03\/16\/sahara-e-il-nuovo-singolo-di-sebastian-bayl\/"},"author":{"name":"Andrea Scire","@id":"https:\/\/www.livemag.it\/#\/schema\/person\/60e5cb820df047ab4e160a56cf4229ea"},"headline":"&#8220;Sahara&#8221; \u00e8 il nuovo singolo di Sebastian Bayl","datePublished":"2026-03-16T09:16:12+00:00","dateModified":"2026-03-16T09:16:13+00:00","mainEntityOfPage":{"@id":"https:\/\/www.livemag.it\/index.php\/2026\/03\/16\/sahara-e-il-nuovo-singolo-di-sebastian-bayl\/"},"wordCount":304,"commentCount":0,"publisher":{"@id":"https:\/\/www.livemag.it\/#organization"},"image":{"@id":"https:\/\/www.livemag.it\/index.php\/2026\/03\/16\/sahara-e-il-nuovo-singolo-di-sebastian-bayl\/#primaryimage"},"thumbnailUrl":"https:\/\/www.livemag.it\/wp-content\/uploads\/2026\/03\/SEBASTIAN-BAYL-1-e1773652506363.jpg","keywords":["andreascire","gasrecords","melodictechno","sahara","sebastianbayl"],"articleSection":["LiveNews"],"inLanguage":"it-IT","potentialAction":[{"@type":"CommentAction","name":"Comment","target":["https:\/\/www.livemag.it\/index.php\/2026\/03\/16\/sahara-e-il-nuovo-singolo-di-sebastian-bayl\/#respond"]}]},{"@type":"WebPage","@id":"https:\/\/www.livemag.it\/index.php\/2026\/03\/16\/sahara-e-il-nuovo-singolo-di-sebastian-bayl\/","url":"https:\/\/www.livemag.it\/index.php\/2026\/03\/16\/sahara-e-il-nuovo-singolo-di-sebastian-bayl\/","name":"\"Sahara\" \u00e8 il nuovo singolo di Sebastian Bayl - Live Magazine","isPartOf":{"@id":"https:\/\/www.livemag.it\/#website"},"primaryImageOfPage":{"@id":"https:\/\/www.livemag.it\/index.php\/2026\/03\/16\/sahara-e-il-nuovo-singolo-di-sebastian-bayl\/#primaryimage"},"image":{"@id":"https:\/\/www.livemag.it\/index.php\/2026\/03\/16\/sahara-e-il-nuovo-singolo-di-sebastian-bayl\/#primaryimage"},"thumbnailUrl":"https:\/\/www.livemag.it\/wp-content\/uploads\/2026\/03\/SEBASTIAN-BAYL-1-e1773652506363.jpg","datePublished":"2026-03-16T09:16:12+00:00","dateModified":"2026-03-16T09:16:13+00:00","description":"Sebastian Bayl, DJ e producer italiano, torna con una nuova musica:\u201cSahara\u201d su Gas Records.","breadcrumb":{"@id":"https:\/\/www.livemag.it\/index.php\/2026\/03\/16\/sahara-e-il-nuovo-singolo-di-sebastian-bayl\/#breadcrumb"},"inLanguage":"it-IT","potentialAction":[{"@type":"ReadAction","target":["https:\/\/www.livemag.it\/index.php\/2026\/03\/16\/sahara-e-il-nuovo-singolo-di-sebastian-bayl\/"]}]},{"@type":"ImageObject","inLanguage":"it-IT","@id":"https:\/\/www.livemag.it\/index.php\/2026\/03\/16\/sahara-e-il-nuovo-singolo-di-sebastian-bayl\/#primaryimage","url":"https:\/\/www.livemag.it\/wp-content\/uploads\/2026\/03\/SEBASTIAN-BAYL-1-e1773652506363.jpg","contentUrl":"https:\/\/www.livemag.it\/wp-content\/uploads\/2026\/03\/SEBASTIAN-BAYL-1-e1773652506363.jpg","width":1638,"height":686},{"@type":"BreadcrumbList","@id":"https:\/\/www.livemag.it\/index.php\/2026\/03\/16\/sahara-e-il-nuovo-singolo-di-sebastian-bayl\/#breadcrumb","itemListElement":[{"@type":"ListItem","position":1,"name":"Home","item":"https:\/\/www.livemag.it\/"},{"@type":"ListItem","position":2,"name":"&#8220;Sahara&#8221; \u00e8 il nuovo singolo di Sebastian Bayl"}]},{"@type":"WebSite","@id":"https:\/\/www.livemag.it\/#website","url":"https:\/\/www.livemag.it\/","name":"Live Magazine","description":"Varie ed eventi","publisher":{"@id":"https:\/\/www.livemag.it\/#organization"},"potentialAction":[{"@type":"SearchAction","target":{"@type":"EntryPoint","urlTemplate":"https:\/\/www.livemag.it\/?s={search_term_string}"},"query-input":{"@type":"PropertyValueSpecification","valueRequired":true,"valueName":"search_term_string"}}],"inLanguage":"it-IT"},{"@type":"Organization","@id":"https:\/\/www.livemag.it\/#organization","name":"LiveMag","alternateName":"LiveMag News ed eventi","url":"https:\/\/www.livemag.it\/","logo":{"@type":"ImageObject","inLanguage":"it-IT","@id":"https:\/\/www.livemag.it\/#\/schema\/logo\/image\/","url":"https:\/\/www.livemag.it\/wp-content\/uploads\/2024\/02\/immagine-sito.jpg","contentUrl":"https:\/\/www.livemag.it\/wp-content\/uploads\/2024\/02\/immagine-sito.jpg","width":696,"height":696,"caption":"LiveMag"},"image":{"@id":"https:\/\/www.livemag.it\/#\/schema\/logo\/image\/"},"sameAs":["https:\/\/www.facebook.com\/LiveMag\/","https:\/\/x.com\/LiveNotizie","https:\/\/www.instagram.com\/livemag\/"]},{"@type":"Person","@id":"https:\/\/www.livemag.it\/#\/schema\/person\/60e5cb820df047ab4e160a56cf4229ea","name":"Andrea Scire","image":{"@type":"ImageObject","inLanguage":"it-IT","@id":"https:\/\/secure.gravatar.com\/avatar\/08ec75840313f583a4578d21efee2e5ef22e5a83438aefb997f1e41432614a94?s=96&r=g","url":"https:\/\/secure.gravatar.com\/avatar\/08ec75840313f583a4578d21efee2e5ef22e5a83438aefb997f1e41432614a94?s=96&r=g","contentUrl":"https:\/\/secure.gravatar.com\/avatar\/08ec75840313f583a4578d21efee2e5ef22e5a83438aefb997f1e41432614a94?s=96&r=g","caption":"Andrea Scire"},"description":"addetto stampa, blogger","url":"https:\/\/www.livemag.it\/index.php\/author\/andrea-scire\/"}]}},"jetpack_featured_media_url":"https:\/\/www.livemag.it\/wp-content\/uploads\/2026\/03\/SEBASTIAN-BAYL-1-e1773652506363.jpg","_links":{"self":[{"href":"https:\/\/www.livemag.it\/index.php\/wp-json\/wp\/v2\/posts\/71722","targetHints":{"allow":["GET"]}}],"collection":[{"href":"https:\/\/www.livemag.it\/index.php\/wp-json\/wp\/v2\/posts"}],"about":[{"href":"https:\/\/www.livemag.it\/index.php\/wp-json\/wp\/v2\/types\/post"}],"author":[{"embeddable":true,"href":"https:\/\/www.livemag.it\/index.php\/wp-json\/wp\/v2\/users\/15"}],"replies":[{"embeddable":true,"href":"https:\/\/www.livemag.it\/index.php\/wp-json\/wp\/v2\/comments?post=71722"}],"version-history":[{"count":1,"href":"https:\/\/www.livemag.it\/index.php\/wp-json\/wp\/v2\/posts\/71722\/revisions"}],"predecessor-version":[{"id":71725,"href":"https:\/\/www.livemag.it\/index.php\/wp-json\/wp\/v2\/posts\/71722\/revisions\/71725"}],"wp:featuredmedia":[{"embeddable":true,"href":"https:\/\/www.livemag.it\/index.php\/wp-json\/wp\/v2\/media\/71724"}],"wp:attachment":[{"href":"https:\/\/www.livemag.it\/index.php\/wp-json\/wp\/v2\/media?parent=71722"}],"wp:term":[{"taxonomy":"category","embeddable":true,"href":"https:\/\/www.livemag.it\/index.php\/wp-json\/wp\/v2\/categories?post=71722"},{"taxonomy":"post_tag","embeddable":true,"href":"https:\/\/www.livemag.it\/index.php\/wp-json\/wp\/v2\/tags?post=71722"}],"curies":[{"name":"wp","href":"https:\/\/api.w.org\/{rel}","templated":true}]}}