{"id":71712,"date":"2026-03-16T03:02:56","date_gmt":"2026-03-16T02:02:56","guid":{"rendered":"https:\/\/www.livemag.it\/index.php\/2026\/03\/16\/cortina-spegne-il-braciere-chiuse-le-paralimpiadi-di-milano-cortina-2026\/"},"modified":"2026-03-16T03:02:56","modified_gmt":"2026-03-16T02:02:56","slug":"cortina-spegne-il-braciere-chiuse-le-paralimpiadi-di-milano-cortina-2026","status":"publish","type":"post","link":"https:\/\/www.livemag.it\/index.php\/2026\/03\/16\/cortina-spegne-il-braciere-chiuse-le-paralimpiadi-di-milano-cortina-2026\/","title":{"rendered":"Cortina spegne il braciere: chiuse le Paralimpiadi di Milano-Cortina 2026"},"content":{"rendered":"<div>\n<p>CORTINA D\u2019AMPEZZO (ITALPRESS) \u2013 Una grande festa a Cortina d\u2019Ampezzo per chiudere i Giochi Paralimpici Invernali di Milano Cortina 2026. Lo spettaccolo \u00e8 iniziato sotto il nome di \u201cItalian Souvenir\u201d ed ha celebrato la ormai gi\u00e0 leggendaria avventura olimpica e paralimpica vissuta in Italia. \u201cAl centro c\u2019\u00e8 l\u2019essere umano \u2013 questa la spiegazione -, prima ancora dell\u2019atleta. Il suo viaggio, la sua scalata, la sua capacit\u00e0 di trasformare il limite in un traguardo. Qui ogni distinzione tra abilit\u00e0 e disabilit\u00e0 si dissolve, lasciando emergere il valore pi\u00f9 potente dello sport\u201d. E l\u2019inclusione \u00e8 stato il nucleo fondante di tutta la cerimonia. <br \/>Dopo l\u2019introduzione artistica, sei campioni paralimpici tra cui Melania Corradini, Josh Dueck, Simone Barlaam, Martina Caironi hanno portato la bandiera italiana, mentre l\u2019inno di Mameli \u00e8 stato cantato da Arisa. Successivamente Tina e Milo, le due mascotte di Milano Cortina 2026, sono entrate in scena per accompagnare la sfilata delle delegazioni, con Emanuel Perathoner che ha portato il tricolore chiudendo di fatto la parata. Assente Giorgia Meloni, fermata dal maltempo, ma la Premier ha voluto comunque lasciare un messaggio sui social:\u201dSi chiudono i Giochi Paralimpici Invernali di Milano Cortina 2026. Grazie a tutti i nostri atleti della Nazionale paralimpica per le emozioni e per i risultati straordinari che avete regalato all\u2019Italia. Con il vostro talento, la vostra determinazione e il vostro esempio avete reso orgogliosa tutta la Nazione. Grazie per aver portato in alto il Tricolore\u201d. <br \/>Durante la cerimonia \u00e8 intervenuto anche Giovanni Malag\u00f2, Presidente della Fondazione Milano Cortina 2026: \u201cDunque, che cosa portiamo a casa da Milano Cortina 2026? Ognuno di noi conserver\u00e0 ricordi personali ed emozioni preziose, che resteranno indimenticabili. Ma c\u2019\u00e8 una parola semplice che ci unisce tutti, senza distinzione di et\u00e0, condizione o nazionalit\u00e0. Questa parola \u00e8 speranza. La speranza che lo sport e i suoi valori possano contribuire a costruire un futuro migliore per l\u2019umanit\u00e0. In un tempo in cui i tamburi e le bandiere della guerra sembrano prevalere, noi abbiamo parlato insieme di pace, amicizia, rispetto e inclusione. Alle immagini di brutalit\u00e0 e distruzione abbiamo contrapposto quelle di una competizione leale capace di costruire solidariet\u00e0 e aprire nuovi orizzonti. Queste sono le bandiere per cui ci battiamo\u201d. Andrew Parsons, presidente del Comitato Paralimpico Internazionale, ha voluto lanciare un messaggio dai simili contenuti ringraziando l\u2019Italia: \u201cVoi paratleti avete saputo elevarvi sopra le pressioni globali, siete riusciti a concentrarvi su di voi e sul vostro sport, avete mostrato che l\u2019eccellenza non conosce confini. Ogni gara ha raccontato una storia, che continuer\u00e0 a ispirare tutti. Non ci sono stati investimenti solo sull\u2019accessibilit\u00e0, non \u00e8 un semplice upgrade, ma sul tipo di societ\u00e0 che vogliamo costruire. Ringrazio il Governo italiano e le regioni per aver investito in un futuro pi\u00f9 inclusivo. Ora tutti vedono capacit\u00e0 dove un tempo vedevano disabilit\u00e0, questa \u00e8 la vera eredit\u00e0 dei Giochi. Mentre la fiamma si spegne, lo spirito non svanisce, rimarr\u00e0 dentro di noi. Quando ci concentriamo sul potenziale umano lo sport pu\u00f2 unirci\u201d.<br \/>Nel finale, la delegazione italiana ha riconsegnato la bandiera paralimpica ad Andrew Parsons, passata poi al comitato delle French Alps 2030, che organizzer\u00e0 i prossimi Giochi. In chiusura  \u00e8 stata eseguita anche la Marsigliese per il passaggio di consegne e lo spegnimento dei due bracieri di Milano e Cortina che hanno chiuso, dopo le Olimpiadi, anche le Paralimpiadi di Milano-Cortina 2026.<br \/>\u2013 foto Ipa Agency \u2013<br \/>(ITALPRESS).<\/p>\n<\/div>\n","protected":false},"excerpt":{"rendered":"<p>CORTINA D\u2019AMPEZZO (ITALPRESS) \u2013 Una grande festa a Cortina d\u2019Ampezzo per chiudere i Giochi Paralimpici Invernali di Milano Cortina 2026. Lo spettaccolo \u00e8 iniziato sotto il nome di \u201cItalian Souvenir\u201d ed ha celebrato la ormai gi\u00e0 leggendaria avventura olimpica e paralimpica vissuta in Italia. \u201cAl centro c\u2019\u00e8 l\u2019essere umano \u2013 questa la spiegazione -, prima [&hellip;]<\/p>\n","protected":false},"author":16,"featured_media":71713,"comment_status":"closed","ping_status":"closed","sticky":false,"template":"","format":"standard","meta":{"jnews-multi-image_gallery":[],"jnews_single_post":[],"jnews_primary_category":[],"jnews_social_meta":[],"jnews_override_counter":[],"jnews_post_split":[],"footnotes":""},"categories":[1129],"tags":[],"class_list":["post-71712","post","type-post","status-publish","format-standard","has-post-thumbnail","hentry","category-mondo"],"yoast_head":"<!-- This site is optimized with the Yoast SEO plugin v27.5 - https:\/\/yoast.com\/product\/yoast-seo-wordpress\/ -->\n<title>Cortina spegne il braciere: chiuse le Paralimpiadi di Milano-Cortina 2026 - Live Magazine<\/title>\n<meta name=\"robots\" content=\"index, follow, max-snippet:-1, max-image-preview:large, max-video-preview:-1\" \/>\n<link rel=\"canonical\" href=\"https:\/\/www.livemag.it\/index.php\/2026\/03\/16\/cortina-spegne-il-braciere-chiuse-le-paralimpiadi-di-milano-cortina-2026\/\" \/>\n<meta property=\"og:locale\" content=\"it_IT\" \/>\n<meta property=\"og:type\" content=\"article\" \/>\n<meta property=\"og:title\" content=\"Cortina spegne il braciere: chiuse le Paralimpiadi di Milano-Cortina 2026 - Live Magazine\" \/>\n<meta property=\"og:description\" content=\"CORTINA D\u2019AMPEZZO (ITALPRESS) \u2013 Una grande festa a Cortina d\u2019Ampezzo per chiudere i Giochi Paralimpici Invernali di Milano Cortina 2026. Lo spettaccolo \u00e8 iniziato sotto il nome di \u201cItalian Souvenir\u201d ed ha celebrato la ormai gi\u00e0 leggendaria avventura olimpica e paralimpica vissuta in Italia. \u201cAl centro c\u2019\u00e8 l\u2019essere umano \u2013 questa la spiegazione -, prima [&hellip;]\" \/>\n<meta property=\"og:url\" content=\"https:\/\/www.livemag.it\/index.php\/2026\/03\/16\/cortina-spegne-il-braciere-chiuse-le-paralimpiadi-di-milano-cortina-2026\/\" \/>\n<meta property=\"og:site_name\" content=\"Live Magazine\" \/>\n<meta property=\"article:publisher\" content=\"https:\/\/www.facebook.com\/LiveMag\/\" \/>\n<meta property=\"article:published_time\" content=\"2026-03-16T02:02:56+00:00\" \/>\n<meta property=\"og:image\" content=\"https:\/\/www.livemag.it\/wp-content\/uploads\/2024\/02\/ograph.jpg\" \/>\n\t<meta property=\"og:image:width\" content=\"1200\" \/>\n\t<meta property=\"og:image:height\" content=\"675\" \/>\n\t<meta property=\"og:image:type\" content=\"image\/jpeg\" \/>\n<meta name=\"author\" content=\"italpress\" \/>\n<meta name=\"twitter:card\" content=\"summary_large_image\" \/>\n<meta name=\"twitter:creator\" content=\"@LiveNotizie\" \/>\n<meta name=\"twitter:site\" content=\"@LiveNotizie\" \/>\n<meta name=\"twitter:label1\" content=\"Scritto da\" \/>\n\t<meta name=\"twitter:data1\" content=\"italpress\" \/>\n\t<meta name=\"twitter:label2\" content=\"Tempo di lettura stimato\" \/>\n\t<meta name=\"twitter:data2\" content=\"3 minuti\" \/>\n<script type=\"application\/ld+json\" class=\"yoast-schema-graph\">{\"@context\":\"https:\\\/\\\/schema.org\",\"@graph\":[{\"@type\":\"Article\",\"@id\":\"https:\\\/\\\/www.livemag.it\\\/index.php\\\/2026\\\/03\\\/16\\\/cortina-spegne-il-braciere-chiuse-le-paralimpiadi-di-milano-cortina-2026\\\/#article\",\"isPartOf\":{\"@id\":\"https:\\\/\\\/www.livemag.it\\\/index.php\\\/2026\\\/03\\\/16\\\/cortina-spegne-il-braciere-chiuse-le-paralimpiadi-di-milano-cortina-2026\\\/\"},\"author\":{\"name\":\"italpress\",\"@id\":\"https:\\\/\\\/www.livemag.it\\\/#\\\/schema\\\/person\\\/b62c5f44451fdcdaeb0afe6c2424e73c\"},\"headline\":\"Cortina spegne il braciere: chiuse le Paralimpiadi di Milano-Cortina 2026\",\"datePublished\":\"2026-03-16T02:02:56+00:00\",\"mainEntityOfPage\":{\"@id\":\"https:\\\/\\\/www.livemag.it\\\/index.php\\\/2026\\\/03\\\/16\\\/cortina-spegne-il-braciere-chiuse-le-paralimpiadi-di-milano-cortina-2026\\\/\"},\"wordCount\":563,\"publisher\":{\"@id\":\"https:\\\/\\\/www.livemag.it\\\/#organization\"},\"image\":{\"@id\":\"https:\\\/\\\/www.livemag.it\\\/index.php\\\/2026\\\/03\\\/16\\\/cortina-spegne-il-braciere-chiuse-le-paralimpiadi-di-milano-cortina-2026\\\/#primaryimage\"},\"thumbnailUrl\":\"https:\\\/\\\/www.livemag.it\\\/wp-content\\\/uploads\\\/2026\\\/03\\\/20260315_2904.jpg\",\"articleSection\":[\"Mondo\"],\"inLanguage\":\"it-IT\"},{\"@type\":\"WebPage\",\"@id\":\"https:\\\/\\\/www.livemag.it\\\/index.php\\\/2026\\\/03\\\/16\\\/cortina-spegne-il-braciere-chiuse-le-paralimpiadi-di-milano-cortina-2026\\\/\",\"url\":\"https:\\\/\\\/www.livemag.it\\\/index.php\\\/2026\\\/03\\\/16\\\/cortina-spegne-il-braciere-chiuse-le-paralimpiadi-di-milano-cortina-2026\\\/\",\"name\":\"Cortina spegne il braciere: chiuse le Paralimpiadi di Milano-Cortina 2026 - Live Magazine\",\"isPartOf\":{\"@id\":\"https:\\\/\\\/www.livemag.it\\\/#website\"},\"primaryImageOfPage\":{\"@id\":\"https:\\\/\\\/www.livemag.it\\\/index.php\\\/2026\\\/03\\\/16\\\/cortina-spegne-il-braciere-chiuse-le-paralimpiadi-di-milano-cortina-2026\\\/#primaryimage\"},\"image\":{\"@id\":\"https:\\\/\\\/www.livemag.it\\\/index.php\\\/2026\\\/03\\\/16\\\/cortina-spegne-il-braciere-chiuse-le-paralimpiadi-di-milano-cortina-2026\\\/#primaryimage\"},\"thumbnailUrl\":\"https:\\\/\\\/www.livemag.it\\\/wp-content\\\/uploads\\\/2026\\\/03\\\/20260315_2904.jpg\",\"datePublished\":\"2026-03-16T02:02:56+00:00\",\"breadcrumb\":{\"@id\":\"https:\\\/\\\/www.livemag.it\\\/index.php\\\/2026\\\/03\\\/16\\\/cortina-spegne-il-braciere-chiuse-le-paralimpiadi-di-milano-cortina-2026\\\/#breadcrumb\"},\"inLanguage\":\"it-IT\",\"potentialAction\":[{\"@type\":\"ReadAction\",\"target\":[\"https:\\\/\\\/www.livemag.it\\\/index.php\\\/2026\\\/03\\\/16\\\/cortina-spegne-il-braciere-chiuse-le-paralimpiadi-di-milano-cortina-2026\\\/\"]}]},{\"@type\":\"ImageObject\",\"inLanguage\":\"it-IT\",\"@id\":\"https:\\\/\\\/www.livemag.it\\\/index.php\\\/2026\\\/03\\\/16\\\/cortina-spegne-il-braciere-chiuse-le-paralimpiadi-di-milano-cortina-2026\\\/#primaryimage\",\"url\":\"https:\\\/\\\/www.livemag.it\\\/wp-content\\\/uploads\\\/2026\\\/03\\\/20260315_2904.jpg\",\"contentUrl\":\"https:\\\/\\\/www.livemag.it\\\/wp-content\\\/uploads\\\/2026\\\/03\\\/20260315_2904.jpg\",\"width\":1200,\"height\":800},{\"@type\":\"BreadcrumbList\",\"@id\":\"https:\\\/\\\/www.livemag.it\\\/index.php\\\/2026\\\/03\\\/16\\\/cortina-spegne-il-braciere-chiuse-le-paralimpiadi-di-milano-cortina-2026\\\/#breadcrumb\",\"itemListElement\":[{\"@type\":\"ListItem\",\"position\":1,\"name\":\"Home\",\"item\":\"https:\\\/\\\/www.livemag.it\\\/\"},{\"@type\":\"ListItem\",\"position\":2,\"name\":\"Cortina spegne il braciere: chiuse le Paralimpiadi di Milano-Cortina 2026\"}]},{\"@type\":\"WebSite\",\"@id\":\"https:\\\/\\\/www.livemag.it\\\/#website\",\"url\":\"https:\\\/\\\/www.livemag.it\\\/\",\"name\":\"Live Magazine\",\"description\":\"Varie ed eventi\",\"publisher\":{\"@id\":\"https:\\\/\\\/www.livemag.it\\\/#organization\"},\"potentialAction\":[{\"@type\":\"SearchAction\",\"target\":{\"@type\":\"EntryPoint\",\"urlTemplate\":\"https:\\\/\\\/www.livemag.it\\\/?s={search_term_string}\"},\"query-input\":{\"@type\":\"PropertyValueSpecification\",\"valueRequired\":true,\"valueName\":\"search_term_string\"}}],\"inLanguage\":\"it-IT\"},{\"@type\":\"Organization\",\"@id\":\"https:\\\/\\\/www.livemag.it\\\/#organization\",\"name\":\"LiveMag\",\"alternateName\":\"LiveMag News ed eventi\",\"url\":\"https:\\\/\\\/www.livemag.it\\\/\",\"logo\":{\"@type\":\"ImageObject\",\"inLanguage\":\"it-IT\",\"@id\":\"https:\\\/\\\/www.livemag.it\\\/#\\\/schema\\\/logo\\\/image\\\/\",\"url\":\"https:\\\/\\\/www.livemag.it\\\/wp-content\\\/uploads\\\/2024\\\/02\\\/immagine-sito.jpg\",\"contentUrl\":\"https:\\\/\\\/www.livemag.it\\\/wp-content\\\/uploads\\\/2024\\\/02\\\/immagine-sito.jpg\",\"width\":696,\"height\":696,\"caption\":\"LiveMag\"},\"image\":{\"@id\":\"https:\\\/\\\/www.livemag.it\\\/#\\\/schema\\\/logo\\\/image\\\/\"},\"sameAs\":[\"https:\\\/\\\/www.facebook.com\\\/LiveMag\\\/\",\"https:\\\/\\\/x.com\\\/LiveNotizie\",\"https:\\\/\\\/www.instagram.com\\\/livemag\\\/\"]},{\"@type\":\"Person\",\"@id\":\"https:\\\/\\\/www.livemag.it\\\/#\\\/schema\\\/person\\\/b62c5f44451fdcdaeb0afe6c2424e73c\",\"name\":\"italpress\",\"image\":{\"@type\":\"ImageObject\",\"inLanguage\":\"it-IT\",\"@id\":\"https:\\\/\\\/secure.gravatar.com\\\/avatar\\\/b6a21695fc713ce7ee312cf57c97e2e641feb365be72d8745574d3c3e2b59066?s=96&r=g\",\"url\":\"https:\\\/\\\/secure.gravatar.com\\\/avatar\\\/b6a21695fc713ce7ee312cf57c97e2e641feb365be72d8745574d3c3e2b59066?s=96&r=g\",\"contentUrl\":\"https:\\\/\\\/secure.gravatar.com\\\/avatar\\\/b6a21695fc713ce7ee312cf57c97e2e641feb365be72d8745574d3c3e2b59066?s=96&r=g\",\"caption\":\"italpress\"},\"description\":\"Italpress \u00e8 un'agenzia di stampa italiana a carattere nazionale.\",\"url\":\"https:\\\/\\\/www.livemag.it\\\/index.php\\\/author\\\/italpress\\\/\"}]}<\/script>\n<!-- \/ Yoast SEO plugin. -->","yoast_head_json":{"title":"Cortina spegne il braciere: chiuse le Paralimpiadi di Milano-Cortina 2026 - Live Magazine","robots":{"index":"index","follow":"follow","max-snippet":"max-snippet:-1","max-image-preview":"max-image-preview:large","max-video-preview":"max-video-preview:-1"},"canonical":"https:\/\/www.livemag.it\/index.php\/2026\/03\/16\/cortina-spegne-il-braciere-chiuse-le-paralimpiadi-di-milano-cortina-2026\/","og_locale":"it_IT","og_type":"article","og_title":"Cortina spegne il braciere: chiuse le Paralimpiadi di Milano-Cortina 2026 - Live Magazine","og_description":"CORTINA D\u2019AMPEZZO (ITALPRESS) \u2013 Una grande festa a Cortina d\u2019Ampezzo per chiudere i Giochi Paralimpici Invernali di Milano Cortina 2026. Lo spettaccolo \u00e8 iniziato sotto il nome di \u201cItalian Souvenir\u201d ed ha celebrato la ormai gi\u00e0 leggendaria avventura olimpica e paralimpica vissuta in Italia. \u201cAl centro c\u2019\u00e8 l\u2019essere umano \u2013 questa la spiegazione -, prima [&hellip;]","og_url":"https:\/\/www.livemag.it\/index.php\/2026\/03\/16\/cortina-spegne-il-braciere-chiuse-le-paralimpiadi-di-milano-cortina-2026\/","og_site_name":"Live Magazine","article_publisher":"https:\/\/www.facebook.com\/LiveMag\/","article_published_time":"2026-03-16T02:02:56+00:00","og_image":[{"width":1200,"height":675,"url":"https:\/\/www.livemag.it\/wp-content\/uploads\/2024\/02\/ograph.jpg","type":"image\/jpeg"}],"author":"italpress","twitter_card":"summary_large_image","twitter_creator":"@LiveNotizie","twitter_site":"@LiveNotizie","twitter_misc":{"Scritto da":"italpress","Tempo di lettura stimato":"3 minuti"},"schema":{"@context":"https:\/\/schema.org","@graph":[{"@type":"Article","@id":"https:\/\/www.livemag.it\/index.php\/2026\/03\/16\/cortina-spegne-il-braciere-chiuse-le-paralimpiadi-di-milano-cortina-2026\/#article","isPartOf":{"@id":"https:\/\/www.livemag.it\/index.php\/2026\/03\/16\/cortina-spegne-il-braciere-chiuse-le-paralimpiadi-di-milano-cortina-2026\/"},"author":{"name":"italpress","@id":"https:\/\/www.livemag.it\/#\/schema\/person\/b62c5f44451fdcdaeb0afe6c2424e73c"},"headline":"Cortina spegne il braciere: chiuse le Paralimpiadi di Milano-Cortina 2026","datePublished":"2026-03-16T02:02:56+00:00","mainEntityOfPage":{"@id":"https:\/\/www.livemag.it\/index.php\/2026\/03\/16\/cortina-spegne-il-braciere-chiuse-le-paralimpiadi-di-milano-cortina-2026\/"},"wordCount":563,"publisher":{"@id":"https:\/\/www.livemag.it\/#organization"},"image":{"@id":"https:\/\/www.livemag.it\/index.php\/2026\/03\/16\/cortina-spegne-il-braciere-chiuse-le-paralimpiadi-di-milano-cortina-2026\/#primaryimage"},"thumbnailUrl":"https:\/\/www.livemag.it\/wp-content\/uploads\/2026\/03\/20260315_2904.jpg","articleSection":["Mondo"],"inLanguage":"it-IT"},{"@type":"WebPage","@id":"https:\/\/www.livemag.it\/index.php\/2026\/03\/16\/cortina-spegne-il-braciere-chiuse-le-paralimpiadi-di-milano-cortina-2026\/","url":"https:\/\/www.livemag.it\/index.php\/2026\/03\/16\/cortina-spegne-il-braciere-chiuse-le-paralimpiadi-di-milano-cortina-2026\/","name":"Cortina spegne il braciere: chiuse le Paralimpiadi di Milano-Cortina 2026 - Live Magazine","isPartOf":{"@id":"https:\/\/www.livemag.it\/#website"},"primaryImageOfPage":{"@id":"https:\/\/www.livemag.it\/index.php\/2026\/03\/16\/cortina-spegne-il-braciere-chiuse-le-paralimpiadi-di-milano-cortina-2026\/#primaryimage"},"image":{"@id":"https:\/\/www.livemag.it\/index.php\/2026\/03\/16\/cortina-spegne-il-braciere-chiuse-le-paralimpiadi-di-milano-cortina-2026\/#primaryimage"},"thumbnailUrl":"https:\/\/www.livemag.it\/wp-content\/uploads\/2026\/03\/20260315_2904.jpg","datePublished":"2026-03-16T02:02:56+00:00","breadcrumb":{"@id":"https:\/\/www.livemag.it\/index.php\/2026\/03\/16\/cortina-spegne-il-braciere-chiuse-le-paralimpiadi-di-milano-cortina-2026\/#breadcrumb"},"inLanguage":"it-IT","potentialAction":[{"@type":"ReadAction","target":["https:\/\/www.livemag.it\/index.php\/2026\/03\/16\/cortina-spegne-il-braciere-chiuse-le-paralimpiadi-di-milano-cortina-2026\/"]}]},{"@type":"ImageObject","inLanguage":"it-IT","@id":"https:\/\/www.livemag.it\/index.php\/2026\/03\/16\/cortina-spegne-il-braciere-chiuse-le-paralimpiadi-di-milano-cortina-2026\/#primaryimage","url":"https:\/\/www.livemag.it\/wp-content\/uploads\/2026\/03\/20260315_2904.jpg","contentUrl":"https:\/\/www.livemag.it\/wp-content\/uploads\/2026\/03\/20260315_2904.jpg","width":1200,"height":800},{"@type":"BreadcrumbList","@id":"https:\/\/www.livemag.it\/index.php\/2026\/03\/16\/cortina-spegne-il-braciere-chiuse-le-paralimpiadi-di-milano-cortina-2026\/#breadcrumb","itemListElement":[{"@type":"ListItem","position":1,"name":"Home","item":"https:\/\/www.livemag.it\/"},{"@type":"ListItem","position":2,"name":"Cortina spegne il braciere: chiuse le Paralimpiadi di Milano-Cortina 2026"}]},{"@type":"WebSite","@id":"https:\/\/www.livemag.it\/#website","url":"https:\/\/www.livemag.it\/","name":"Live Magazine","description":"Varie ed eventi","publisher":{"@id":"https:\/\/www.livemag.it\/#organization"},"potentialAction":[{"@type":"SearchAction","target":{"@type":"EntryPoint","urlTemplate":"https:\/\/www.livemag.it\/?s={search_term_string}"},"query-input":{"@type":"PropertyValueSpecification","valueRequired":true,"valueName":"search_term_string"}}],"inLanguage":"it-IT"},{"@type":"Organization","@id":"https:\/\/www.livemag.it\/#organization","name":"LiveMag","alternateName":"LiveMag News ed eventi","url":"https:\/\/www.livemag.it\/","logo":{"@type":"ImageObject","inLanguage":"it-IT","@id":"https:\/\/www.livemag.it\/#\/schema\/logo\/image\/","url":"https:\/\/www.livemag.it\/wp-content\/uploads\/2024\/02\/immagine-sito.jpg","contentUrl":"https:\/\/www.livemag.it\/wp-content\/uploads\/2024\/02\/immagine-sito.jpg","width":696,"height":696,"caption":"LiveMag"},"image":{"@id":"https:\/\/www.livemag.it\/#\/schema\/logo\/image\/"},"sameAs":["https:\/\/www.facebook.com\/LiveMag\/","https:\/\/x.com\/LiveNotizie","https:\/\/www.instagram.com\/livemag\/"]},{"@type":"Person","@id":"https:\/\/www.livemag.it\/#\/schema\/person\/b62c5f44451fdcdaeb0afe6c2424e73c","name":"italpress","image":{"@type":"ImageObject","inLanguage":"it-IT","@id":"https:\/\/secure.gravatar.com\/avatar\/b6a21695fc713ce7ee312cf57c97e2e641feb365be72d8745574d3c3e2b59066?s=96&r=g","url":"https:\/\/secure.gravatar.com\/avatar\/b6a21695fc713ce7ee312cf57c97e2e641feb365be72d8745574d3c3e2b59066?s=96&r=g","contentUrl":"https:\/\/secure.gravatar.com\/avatar\/b6a21695fc713ce7ee312cf57c97e2e641feb365be72d8745574d3c3e2b59066?s=96&r=g","caption":"italpress"},"description":"Italpress \u00e8 un'agenzia di stampa italiana a carattere nazionale.","url":"https:\/\/www.livemag.it\/index.php\/author\/italpress\/"}]}},"jetpack_featured_media_url":"https:\/\/www.livemag.it\/wp-content\/uploads\/2026\/03\/20260315_2904.jpg","_links":{"self":[{"href":"https:\/\/www.livemag.it\/index.php\/wp-json\/wp\/v2\/posts\/71712","targetHints":{"allow":["GET"]}}],"collection":[{"href":"https:\/\/www.livemag.it\/index.php\/wp-json\/wp\/v2\/posts"}],"about":[{"href":"https:\/\/www.livemag.it\/index.php\/wp-json\/wp\/v2\/types\/post"}],"author":[{"embeddable":true,"href":"https:\/\/www.livemag.it\/index.php\/wp-json\/wp\/v2\/users\/16"}],"replies":[{"embeddable":true,"href":"https:\/\/www.livemag.it\/index.php\/wp-json\/wp\/v2\/comments?post=71712"}],"version-history":[{"count":0,"href":"https:\/\/www.livemag.it\/index.php\/wp-json\/wp\/v2\/posts\/71712\/revisions"}],"wp:featuredmedia":[{"embeddable":true,"href":"https:\/\/www.livemag.it\/index.php\/wp-json\/wp\/v2\/media\/71713"}],"wp:attachment":[{"href":"https:\/\/www.livemag.it\/index.php\/wp-json\/wp\/v2\/media?parent=71712"}],"wp:term":[{"taxonomy":"category","embeddable":true,"href":"https:\/\/www.livemag.it\/index.php\/wp-json\/wp\/v2\/categories?post=71712"},{"taxonomy":"post_tag","embeddable":true,"href":"https:\/\/www.livemag.it\/index.php\/wp-json\/wp\/v2\/tags?post=71712"}],"curies":[{"name":"wp","href":"https:\/\/api.w.org\/{rel}","templated":true}]}}