{"id":71699,"date":"2026-03-15T18:15:53","date_gmt":"2026-03-15T17:15:53","guid":{"rendered":"https:\/\/www.livemag.it\/?p=71699"},"modified":"2026-03-30T15:09:39","modified_gmt":"2026-03-30T13:09:39","slug":"sanremo-top-alessandro-cucinotta-su-lultima-vera-serata-di-sanremo-2026","status":"publish","type":"post","link":"https:\/\/www.livemag.it\/index.php\/2026\/03\/15\/sanremo-top-alessandro-cucinotta-su-lultima-vera-serata-di-sanremo-2026\/","title":{"rendered":"Sanremo Top, Alessandro Cucinotta ci parla dell&#8217;ultima vera serata di Sanremo 2026"},"content":{"rendered":"\n<p><br>\u00c8 andata in onda la seconda e ultima puntata di Sanremo Top, riproposto su Rai 1 da Carlo Conti. Una trasmissione che arriva dopo il Festival e che prova a rispondere a una domanda semplice: cosa resta davvero delle canzoni di Sanremo?<\/p>\n\n\n\n<p>Alla conduzione c\u2019\u00e8 Carlo Conti, ormai completamente lanciato e sbottonato dal busto Sanremese.Sembra quasi essersi davvero divertito.<br>Accanto a lui Nino Frassica, che prova a rompere la linearit\u00e0 con il suo nonsense. A volte sembra fuori copione\u2026 ma proprio per questo riesce a creare quei momenti imprevedibili che tengono viva la serata.<\/p>\n\n\n\n<figure class=\"wp-block-video\"><video height=\"478\" style=\"aspect-ratio: 848 \/ 478;\" width=\"848\" controls src=\"https:\/\/www.livemag.it\/wp-content\/uploads\/2026\/03\/WhatsApp-Video-2026-03-15-at-12.12.58.mp4\"><\/video><\/figure>\n\n\n\n<p>Tra i momenti pi\u00f9 interessanti metto sicuramente Samurai Jay che tiene alta l&#8217;OSSESSIONE per il suo brano. Buona anche la presenza di Sayf, che mantiene una forte identit\u00e0 artistica anche fuori dal contesto competitivo del Festival.<br><\/p>\n\n\n\n<p>Top della serata? Le esibizioni che dimostrano che alcune canzoni funzionano anche senza la gara. Stranezza ? Il dono dell&#8217;ubiquit\u00e0 \u00e8 servito! Rossetto e Caff\u00e8 in contemporanea su due reti. Flop? Il ritmo del programma.<\/p>\n\n\n\n<p>Sanremo Top dovrebbe essere una festa della musica\u2026 ma a tratti sembra pi\u00f9 una lunga spiegazione delle classifiche, con alcune furbate discografiche<br><\/p>\n\n\n\n<p>Il punto per\u00f2 resta questo: Sanremo non finisce con la finale. \u00c8 nei mesi dopo che scopriamo quali canzoni restano davvero. E l\u00ec\u2026 non bastano le luci dell\u2019Ariston.<\/p>\n\n\n\n<p><\/p>\n","protected":false},"excerpt":{"rendered":"<p>\u00c8 andata in onda la seconda e ultima puntata di Sanremo Top, riproposto su Rai 1 da Carlo Conti. Una trasmissione che arriva dopo il Festival e che prova a rispondere a una domanda semplice: cosa resta davvero delle canzoni di Sanremo? Alla conduzione c\u2019\u00e8 Carlo Conti, ormai completamente lanciato e sbottonato dal busto Sanremese.Sembra [&hellip;]<\/p>\n","protected":false},"author":1,"featured_media":70601,"comment_status":"open","ping_status":"open","sticky":false,"template":"","format":"standard","meta":{"jnews-multi-image_gallery":[],"jnews_single_post":{"format":"standard"},"jnews_primary_category":[],"jnews_social_meta":[],"jnews_override_counter":[],"jnews_post_split":[],"footnotes":""},"categories":[9,8734,8,3],"tags":[4091,3274,8646,8645],"class_list":["post-71699","post","type-post","status-publish","format-standard","has-post-thumbnail","hentry","category-costume-e-societa","category-cuci-pillole","category-livemusic","category-livenews","tag-alessandro-cucinotta","tag-carlo-conti","tag-nino-frassica","tag-sayf"],"yoast_head":"<!-- This site is optimized with the Yoast SEO plugin v27.5 - https:\/\/yoast.com\/product\/yoast-seo-wordpress\/ -->\n<title>Sanremo Top, Alessandro Cucinotta ci parla dell&#039;ultima vera serata di Sanremo 2026 - Live Magazine<\/title>\n<meta name=\"description\" content=\"\u00c8 andata in onda la seconda e ultima puntata di Sanremo Top, riproposto su Rai 1 da Carlo Conti. Una trasmissione che arriva\" \/>\n<meta name=\"robots\" content=\"index, follow, max-snippet:-1, max-image-preview:large, max-video-preview:-1\" \/>\n<link rel=\"canonical\" href=\"https:\/\/www.livemag.it\/index.php\/2026\/03\/15\/sanremo-top-alessandro-cucinotta-su-lultima-vera-serata-di-sanremo-2026\/\" \/>\n<meta property=\"og:locale\" content=\"it_IT\" \/>\n<meta property=\"og:type\" content=\"article\" \/>\n<meta property=\"og:title\" content=\"Sanremo Top, Alessandro Cucinotta ci parla dell&#039;ultima vera serata di Sanremo 2026 - Live Magazine\" \/>\n<meta property=\"og:description\" content=\"\u00c8 andata in onda la seconda e ultima puntata di Sanremo Top, riproposto su Rai 1 da Carlo Conti. Una trasmissione che arriva\" \/>\n<meta property=\"og:url\" content=\"https:\/\/www.livemag.it\/index.php\/2026\/03\/15\/sanremo-top-alessandro-cucinotta-su-lultima-vera-serata-di-sanremo-2026\/\" \/>\n<meta property=\"og:site_name\" content=\"Live Magazine\" \/>\n<meta property=\"article:publisher\" content=\"https:\/\/www.facebook.com\/LiveMag\/\" \/>\n<meta property=\"article:published_time\" content=\"2026-03-15T17:15:53+00:00\" \/>\n<meta property=\"article:modified_time\" content=\"2026-03-30T13:09:39+00:00\" \/>\n<meta property=\"og:image\" content=\"https:\/\/www.livemag.it\/wp-content\/uploads\/2026\/03\/cucinotta04.jpeg\" \/>\n\t<meta property=\"og:image:width\" content=\"1557\" \/>\n\t<meta property=\"og:image:height\" content=\"1029\" \/>\n\t<meta property=\"og:image:type\" content=\"image\/jpeg\" \/>\n<meta name=\"author\" content=\"Redazione\" \/>\n<meta name=\"twitter:card\" content=\"summary_large_image\" \/>\n<meta name=\"twitter:creator\" content=\"@LiveNotizie\" \/>\n<meta name=\"twitter:site\" content=\"@LiveNotizie\" \/>\n<meta name=\"twitter:label1\" content=\"Scritto da\" \/>\n\t<meta name=\"twitter:data1\" content=\"Redazione\" \/>\n\t<meta name=\"twitter:label2\" content=\"Tempo di lettura stimato\" \/>\n\t<meta name=\"twitter:data2\" content=\"2 minuti\" \/>\n<script type=\"application\/ld+json\" class=\"yoast-schema-graph\">{\"@context\":\"https:\\\/\\\/schema.org\",\"@graph\":[{\"@type\":\"Article\",\"@id\":\"https:\\\/\\\/www.livemag.it\\\/index.php\\\/2026\\\/03\\\/15\\\/sanremo-top-alessandro-cucinotta-su-lultima-vera-serata-di-sanremo-2026\\\/#article\",\"isPartOf\":{\"@id\":\"https:\\\/\\\/www.livemag.it\\\/index.php\\\/2026\\\/03\\\/15\\\/sanremo-top-alessandro-cucinotta-su-lultima-vera-serata-di-sanremo-2026\\\/\"},\"author\":{\"name\":\"Redazione\",\"@id\":\"https:\\\/\\\/www.livemag.it\\\/#\\\/schema\\\/person\\\/7191e402a6eb1110174f9d71f53edea9\"},\"headline\":\"Sanremo Top, Alessandro Cucinotta ci parla dell&#8217;ultima vera serata di Sanremo 2026\",\"datePublished\":\"2026-03-15T17:15:53+00:00\",\"dateModified\":\"2026-03-30T13:09:39+00:00\",\"mainEntityOfPage\":{\"@id\":\"https:\\\/\\\/www.livemag.it\\\/index.php\\\/2026\\\/03\\\/15\\\/sanremo-top-alessandro-cucinotta-su-lultima-vera-serata-di-sanremo-2026\\\/\"},\"wordCount\":226,\"commentCount\":0,\"publisher\":{\"@id\":\"https:\\\/\\\/www.livemag.it\\\/#organization\"},\"image\":{\"@id\":\"https:\\\/\\\/www.livemag.it\\\/index.php\\\/2026\\\/03\\\/15\\\/sanremo-top-alessandro-cucinotta-su-lultima-vera-serata-di-sanremo-2026\\\/#primaryimage\"},\"thumbnailUrl\":\"https:\\\/\\\/www.livemag.it\\\/wp-content\\\/uploads\\\/2026\\\/03\\\/cucinotta04.jpeg\",\"keywords\":[\"Alessandro Cucinotta\",\"Carlo Conti\",\"Nino Frassica\",\"Sayf\"],\"articleSection\":[\"Costume e Societ\u00e0\",\"Cuci Pillole\",\"LiveMusic\",\"LiveNews\"],\"inLanguage\":\"it-IT\",\"potentialAction\":[{\"@type\":\"CommentAction\",\"name\":\"Comment\",\"target\":[\"https:\\\/\\\/www.livemag.it\\\/index.php\\\/2026\\\/03\\\/15\\\/sanremo-top-alessandro-cucinotta-su-lultima-vera-serata-di-sanremo-2026\\\/#respond\"]}]},{\"@type\":\"WebPage\",\"@id\":\"https:\\\/\\\/www.livemag.it\\\/index.php\\\/2026\\\/03\\\/15\\\/sanremo-top-alessandro-cucinotta-su-lultima-vera-serata-di-sanremo-2026\\\/\",\"url\":\"https:\\\/\\\/www.livemag.it\\\/index.php\\\/2026\\\/03\\\/15\\\/sanremo-top-alessandro-cucinotta-su-lultima-vera-serata-di-sanremo-2026\\\/\",\"name\":\"Sanremo Top, Alessandro Cucinotta ci parla dell'ultima vera serata di Sanremo 2026 - Live Magazine\",\"isPartOf\":{\"@id\":\"https:\\\/\\\/www.livemag.it\\\/#website\"},\"primaryImageOfPage\":{\"@id\":\"https:\\\/\\\/www.livemag.it\\\/index.php\\\/2026\\\/03\\\/15\\\/sanremo-top-alessandro-cucinotta-su-lultima-vera-serata-di-sanremo-2026\\\/#primaryimage\"},\"image\":{\"@id\":\"https:\\\/\\\/www.livemag.it\\\/index.php\\\/2026\\\/03\\\/15\\\/sanremo-top-alessandro-cucinotta-su-lultima-vera-serata-di-sanremo-2026\\\/#primaryimage\"},\"thumbnailUrl\":\"https:\\\/\\\/www.livemag.it\\\/wp-content\\\/uploads\\\/2026\\\/03\\\/cucinotta04.jpeg\",\"datePublished\":\"2026-03-15T17:15:53+00:00\",\"dateModified\":\"2026-03-30T13:09:39+00:00\",\"description\":\"\u00c8 andata in onda la seconda e ultima puntata di Sanremo Top, riproposto su Rai 1 da Carlo Conti. Una trasmissione che arriva\",\"breadcrumb\":{\"@id\":\"https:\\\/\\\/www.livemag.it\\\/index.php\\\/2026\\\/03\\\/15\\\/sanremo-top-alessandro-cucinotta-su-lultima-vera-serata-di-sanremo-2026\\\/#breadcrumb\"},\"inLanguage\":\"it-IT\",\"potentialAction\":[{\"@type\":\"ReadAction\",\"target\":[\"https:\\\/\\\/www.livemag.it\\\/index.php\\\/2026\\\/03\\\/15\\\/sanremo-top-alessandro-cucinotta-su-lultima-vera-serata-di-sanremo-2026\\\/\"]}]},{\"@type\":\"ImageObject\",\"inLanguage\":\"it-IT\",\"@id\":\"https:\\\/\\\/www.livemag.it\\\/index.php\\\/2026\\\/03\\\/15\\\/sanremo-top-alessandro-cucinotta-su-lultima-vera-serata-di-sanremo-2026\\\/#primaryimage\",\"url\":\"https:\\\/\\\/www.livemag.it\\\/wp-content\\\/uploads\\\/2026\\\/03\\\/cucinotta04.jpeg\",\"contentUrl\":\"https:\\\/\\\/www.livemag.it\\\/wp-content\\\/uploads\\\/2026\\\/03\\\/cucinotta04.jpeg\",\"width\":1557,\"height\":1029},{\"@type\":\"BreadcrumbList\",\"@id\":\"https:\\\/\\\/www.livemag.it\\\/index.php\\\/2026\\\/03\\\/15\\\/sanremo-top-alessandro-cucinotta-su-lultima-vera-serata-di-sanremo-2026\\\/#breadcrumb\",\"itemListElement\":[{\"@type\":\"ListItem\",\"position\":1,\"name\":\"Home\",\"item\":\"https:\\\/\\\/www.livemag.it\\\/\"},{\"@type\":\"ListItem\",\"position\":2,\"name\":\"Sanremo Top, Alessandro Cucinotta ci parla dell&#8217;ultima vera serata di Sanremo 2026\"}]},{\"@type\":\"WebSite\",\"@id\":\"https:\\\/\\\/www.livemag.it\\\/#website\",\"url\":\"https:\\\/\\\/www.livemag.it\\\/\",\"name\":\"Live Magazine\",\"description\":\"Varie ed eventi\",\"publisher\":{\"@id\":\"https:\\\/\\\/www.livemag.it\\\/#organization\"},\"potentialAction\":[{\"@type\":\"SearchAction\",\"target\":{\"@type\":\"EntryPoint\",\"urlTemplate\":\"https:\\\/\\\/www.livemag.it\\\/?s={search_term_string}\"},\"query-input\":{\"@type\":\"PropertyValueSpecification\",\"valueRequired\":true,\"valueName\":\"search_term_string\"}}],\"inLanguage\":\"it-IT\"},{\"@type\":\"Organization\",\"@id\":\"https:\\\/\\\/www.livemag.it\\\/#organization\",\"name\":\"LiveMag\",\"alternateName\":\"LiveMag News ed eventi\",\"url\":\"https:\\\/\\\/www.livemag.it\\\/\",\"logo\":{\"@type\":\"ImageObject\",\"inLanguage\":\"it-IT\",\"@id\":\"https:\\\/\\\/www.livemag.it\\\/#\\\/schema\\\/logo\\\/image\\\/\",\"url\":\"https:\\\/\\\/www.livemag.it\\\/wp-content\\\/uploads\\\/2024\\\/02\\\/immagine-sito.jpg\",\"contentUrl\":\"https:\\\/\\\/www.livemag.it\\\/wp-content\\\/uploads\\\/2024\\\/02\\\/immagine-sito.jpg\",\"width\":696,\"height\":696,\"caption\":\"LiveMag\"},\"image\":{\"@id\":\"https:\\\/\\\/www.livemag.it\\\/#\\\/schema\\\/logo\\\/image\\\/\"},\"sameAs\":[\"https:\\\/\\\/www.facebook.com\\\/LiveMag\\\/\",\"https:\\\/\\\/x.com\\\/LiveNotizie\",\"https:\\\/\\\/www.instagram.com\\\/livemag\\\/\"]},{\"@type\":\"Person\",\"@id\":\"https:\\\/\\\/www.livemag.it\\\/#\\\/schema\\\/person\\\/7191e402a6eb1110174f9d71f53edea9\",\"name\":\"Redazione\",\"image\":{\"@type\":\"ImageObject\",\"inLanguage\":\"it-IT\",\"@id\":\"https:\\\/\\\/secure.gravatar.com\\\/avatar\\\/b20eb33510695f1259c3f61c8dfc966b174a5d33f605fb2d514d9b271222597e?s=96&r=g\",\"url\":\"https:\\\/\\\/secure.gravatar.com\\\/avatar\\\/b20eb33510695f1259c3f61c8dfc966b174a5d33f605fb2d514d9b271222597e?s=96&r=g\",\"contentUrl\":\"https:\\\/\\\/secure.gravatar.com\\\/avatar\\\/b20eb33510695f1259c3f61c8dfc966b174a5d33f605fb2d514d9b271222597e?s=96&r=g\",\"caption\":\"Redazione\"},\"url\":\"https:\\\/\\\/www.livemag.it\\\/index.php\\\/author\\\/admin6640\\\/\"}]}<\/script>\n<!-- \/ Yoast SEO plugin. -->","yoast_head_json":{"title":"Sanremo Top, Alessandro Cucinotta ci parla dell'ultima vera serata di Sanremo 2026 - Live Magazine","description":"\u00c8 andata in onda la seconda e ultima puntata di Sanremo Top, riproposto su Rai 1 da Carlo Conti. Una trasmissione che arriva","robots":{"index":"index","follow":"follow","max-snippet":"max-snippet:-1","max-image-preview":"max-image-preview:large","max-video-preview":"max-video-preview:-1"},"canonical":"https:\/\/www.livemag.it\/index.php\/2026\/03\/15\/sanremo-top-alessandro-cucinotta-su-lultima-vera-serata-di-sanremo-2026\/","og_locale":"it_IT","og_type":"article","og_title":"Sanremo Top, Alessandro Cucinotta ci parla dell'ultima vera serata di Sanremo 2026 - Live Magazine","og_description":"\u00c8 andata in onda la seconda e ultima puntata di Sanremo Top, riproposto su Rai 1 da Carlo Conti. Una trasmissione che arriva","og_url":"https:\/\/www.livemag.it\/index.php\/2026\/03\/15\/sanremo-top-alessandro-cucinotta-su-lultima-vera-serata-di-sanremo-2026\/","og_site_name":"Live Magazine","article_publisher":"https:\/\/www.facebook.com\/LiveMag\/","article_published_time":"2026-03-15T17:15:53+00:00","article_modified_time":"2026-03-30T13:09:39+00:00","og_image":[{"width":1557,"height":1029,"url":"https:\/\/www.livemag.it\/wp-content\/uploads\/2026\/03\/cucinotta04.jpeg","type":"image\/jpeg"}],"author":"Redazione","twitter_card":"summary_large_image","twitter_creator":"@LiveNotizie","twitter_site":"@LiveNotizie","twitter_misc":{"Scritto da":"Redazione","Tempo di lettura stimato":"2 minuti"},"schema":{"@context":"https:\/\/schema.org","@graph":[{"@type":"Article","@id":"https:\/\/www.livemag.it\/index.php\/2026\/03\/15\/sanremo-top-alessandro-cucinotta-su-lultima-vera-serata-di-sanremo-2026\/#article","isPartOf":{"@id":"https:\/\/www.livemag.it\/index.php\/2026\/03\/15\/sanremo-top-alessandro-cucinotta-su-lultima-vera-serata-di-sanremo-2026\/"},"author":{"name":"Redazione","@id":"https:\/\/www.livemag.it\/#\/schema\/person\/7191e402a6eb1110174f9d71f53edea9"},"headline":"Sanremo Top, Alessandro Cucinotta ci parla dell&#8217;ultima vera serata di Sanremo 2026","datePublished":"2026-03-15T17:15:53+00:00","dateModified":"2026-03-30T13:09:39+00:00","mainEntityOfPage":{"@id":"https:\/\/www.livemag.it\/index.php\/2026\/03\/15\/sanremo-top-alessandro-cucinotta-su-lultima-vera-serata-di-sanremo-2026\/"},"wordCount":226,"commentCount":0,"publisher":{"@id":"https:\/\/www.livemag.it\/#organization"},"image":{"@id":"https:\/\/www.livemag.it\/index.php\/2026\/03\/15\/sanremo-top-alessandro-cucinotta-su-lultima-vera-serata-di-sanremo-2026\/#primaryimage"},"thumbnailUrl":"https:\/\/www.livemag.it\/wp-content\/uploads\/2026\/03\/cucinotta04.jpeg","keywords":["Alessandro Cucinotta","Carlo Conti","Nino Frassica","Sayf"],"articleSection":["Costume e Societ\u00e0","Cuci Pillole","LiveMusic","LiveNews"],"inLanguage":"it-IT","potentialAction":[{"@type":"CommentAction","name":"Comment","target":["https:\/\/www.livemag.it\/index.php\/2026\/03\/15\/sanremo-top-alessandro-cucinotta-su-lultima-vera-serata-di-sanremo-2026\/#respond"]}]},{"@type":"WebPage","@id":"https:\/\/www.livemag.it\/index.php\/2026\/03\/15\/sanremo-top-alessandro-cucinotta-su-lultima-vera-serata-di-sanremo-2026\/","url":"https:\/\/www.livemag.it\/index.php\/2026\/03\/15\/sanremo-top-alessandro-cucinotta-su-lultima-vera-serata-di-sanremo-2026\/","name":"Sanremo Top, Alessandro Cucinotta ci parla dell'ultima vera serata di Sanremo 2026 - Live Magazine","isPartOf":{"@id":"https:\/\/www.livemag.it\/#website"},"primaryImageOfPage":{"@id":"https:\/\/www.livemag.it\/index.php\/2026\/03\/15\/sanremo-top-alessandro-cucinotta-su-lultima-vera-serata-di-sanremo-2026\/#primaryimage"},"image":{"@id":"https:\/\/www.livemag.it\/index.php\/2026\/03\/15\/sanremo-top-alessandro-cucinotta-su-lultima-vera-serata-di-sanremo-2026\/#primaryimage"},"thumbnailUrl":"https:\/\/www.livemag.it\/wp-content\/uploads\/2026\/03\/cucinotta04.jpeg","datePublished":"2026-03-15T17:15:53+00:00","dateModified":"2026-03-30T13:09:39+00:00","description":"\u00c8 andata in onda la seconda e ultima puntata di Sanremo Top, riproposto su Rai 1 da Carlo Conti. Una trasmissione che arriva","breadcrumb":{"@id":"https:\/\/www.livemag.it\/index.php\/2026\/03\/15\/sanremo-top-alessandro-cucinotta-su-lultima-vera-serata-di-sanremo-2026\/#breadcrumb"},"inLanguage":"it-IT","potentialAction":[{"@type":"ReadAction","target":["https:\/\/www.livemag.it\/index.php\/2026\/03\/15\/sanremo-top-alessandro-cucinotta-su-lultima-vera-serata-di-sanremo-2026\/"]}]},{"@type":"ImageObject","inLanguage":"it-IT","@id":"https:\/\/www.livemag.it\/index.php\/2026\/03\/15\/sanremo-top-alessandro-cucinotta-su-lultima-vera-serata-di-sanremo-2026\/#primaryimage","url":"https:\/\/www.livemag.it\/wp-content\/uploads\/2026\/03\/cucinotta04.jpeg","contentUrl":"https:\/\/www.livemag.it\/wp-content\/uploads\/2026\/03\/cucinotta04.jpeg","width":1557,"height":1029},{"@type":"BreadcrumbList","@id":"https:\/\/www.livemag.it\/index.php\/2026\/03\/15\/sanremo-top-alessandro-cucinotta-su-lultima-vera-serata-di-sanremo-2026\/#breadcrumb","itemListElement":[{"@type":"ListItem","position":1,"name":"Home","item":"https:\/\/www.livemag.it\/"},{"@type":"ListItem","position":2,"name":"Sanremo Top, Alessandro Cucinotta ci parla dell&#8217;ultima vera serata di Sanremo 2026"}]},{"@type":"WebSite","@id":"https:\/\/www.livemag.it\/#website","url":"https:\/\/www.livemag.it\/","name":"Live Magazine","description":"Varie ed eventi","publisher":{"@id":"https:\/\/www.livemag.it\/#organization"},"potentialAction":[{"@type":"SearchAction","target":{"@type":"EntryPoint","urlTemplate":"https:\/\/www.livemag.it\/?s={search_term_string}"},"query-input":{"@type":"PropertyValueSpecification","valueRequired":true,"valueName":"search_term_string"}}],"inLanguage":"it-IT"},{"@type":"Organization","@id":"https:\/\/www.livemag.it\/#organization","name":"LiveMag","alternateName":"LiveMag News ed eventi","url":"https:\/\/www.livemag.it\/","logo":{"@type":"ImageObject","inLanguage":"it-IT","@id":"https:\/\/www.livemag.it\/#\/schema\/logo\/image\/","url":"https:\/\/www.livemag.it\/wp-content\/uploads\/2024\/02\/immagine-sito.jpg","contentUrl":"https:\/\/www.livemag.it\/wp-content\/uploads\/2024\/02\/immagine-sito.jpg","width":696,"height":696,"caption":"LiveMag"},"image":{"@id":"https:\/\/www.livemag.it\/#\/schema\/logo\/image\/"},"sameAs":["https:\/\/www.facebook.com\/LiveMag\/","https:\/\/x.com\/LiveNotizie","https:\/\/www.instagram.com\/livemag\/"]},{"@type":"Person","@id":"https:\/\/www.livemag.it\/#\/schema\/person\/7191e402a6eb1110174f9d71f53edea9","name":"Redazione","image":{"@type":"ImageObject","inLanguage":"it-IT","@id":"https:\/\/secure.gravatar.com\/avatar\/b20eb33510695f1259c3f61c8dfc966b174a5d33f605fb2d514d9b271222597e?s=96&r=g","url":"https:\/\/secure.gravatar.com\/avatar\/b20eb33510695f1259c3f61c8dfc966b174a5d33f605fb2d514d9b271222597e?s=96&r=g","contentUrl":"https:\/\/secure.gravatar.com\/avatar\/b20eb33510695f1259c3f61c8dfc966b174a5d33f605fb2d514d9b271222597e?s=96&r=g","caption":"Redazione"},"url":"https:\/\/www.livemag.it\/index.php\/author\/admin6640\/"}]}},"jetpack_featured_media_url":"https:\/\/www.livemag.it\/wp-content\/uploads\/2026\/03\/cucinotta04.jpeg","_links":{"self":[{"href":"https:\/\/www.livemag.it\/index.php\/wp-json\/wp\/v2\/posts\/71699","targetHints":{"allow":["GET"]}}],"collection":[{"href":"https:\/\/www.livemag.it\/index.php\/wp-json\/wp\/v2\/posts"}],"about":[{"href":"https:\/\/www.livemag.it\/index.php\/wp-json\/wp\/v2\/types\/post"}],"author":[{"embeddable":true,"href":"https:\/\/www.livemag.it\/index.php\/wp-json\/wp\/v2\/users\/1"}],"replies":[{"embeddable":true,"href":"https:\/\/www.livemag.it\/index.php\/wp-json\/wp\/v2\/comments?post=71699"}],"version-history":[{"count":2,"href":"https:\/\/www.livemag.it\/index.php\/wp-json\/wp\/v2\/posts\/71699\/revisions"}],"predecessor-version":[{"id":71703,"href":"https:\/\/www.livemag.it\/index.php\/wp-json\/wp\/v2\/posts\/71699\/revisions\/71703"}],"wp:featuredmedia":[{"embeddable":true,"href":"https:\/\/www.livemag.it\/index.php\/wp-json\/wp\/v2\/media\/70601"}],"wp:attachment":[{"href":"https:\/\/www.livemag.it\/index.php\/wp-json\/wp\/v2\/media?parent=71699"}],"wp:term":[{"taxonomy":"category","embeddable":true,"href":"https:\/\/www.livemag.it\/index.php\/wp-json\/wp\/v2\/categories?post=71699"},{"taxonomy":"post_tag","embeddable":true,"href":"https:\/\/www.livemag.it\/index.php\/wp-json\/wp\/v2\/tags?post=71699"}],"curies":[{"name":"wp","href":"https:\/\/api.w.org\/{rel}","templated":true}]}}