{"id":71697,"date":"2026-03-15T18:03:09","date_gmt":"2026-03-15T17:03:09","guid":{"rendered":"https:\/\/www.livemag.it\/index.php\/2026\/03\/15\/colpita-base-italiana-in-kuwait-nessun-ferito-tajaninon-ci-facciamo-intimorire\/"},"modified":"2026-03-15T18:03:09","modified_gmt":"2026-03-15T17:03:09","slug":"colpita-base-italiana-in-kuwait-nessun-ferito-tajaninon-ci-facciamo-intimorire","status":"publish","type":"post","link":"https:\/\/www.livemag.it\/index.php\/2026\/03\/15\/colpita-base-italiana-in-kuwait-nessun-ferito-tajaninon-ci-facciamo-intimorire\/","title":{"rendered":"Colpita base italiana in Kuwait, nessun ferito. Tajani\u201dNon ci facciamo intimorire\u201d"},"content":{"rendered":"<div>\n<p>ROMA (ITALPRESS) \u2013 \u201cQuesta mattina la base di Ali Al Salem, in Kuwait, che ospita capacit\u00e0 e personale americano e italiano, \u00e8 stata oggetto di un attacco con drone che ha colpito uno shelter, all\u2019interno del quale era ricoverato un velivolo a pilotaggio remoto della Task Force Air italiana, andato distrutto. Ho immediatamente sentito il Colonnello Mangini per sincerarmi delle condizioni del personale italiano presente nella base. Al momento dell\u2019attacco tutto il personale era in sicurezza e non \u00e8 stato coinvolto. Dell\u2019accaduto ho prontamente informato il Ministro della Difesa Crosetto, col quale sono in costante contatto per l\u2019aggiornamento continuo della situazione di tutti i nostri contingenti all\u2019estero\u201d. Cos\u00ec il capo di Stato maggiore della Difesa il generale Luciano Portolano, in una dichiarazione pubblicata su X dallo Stato maggiore della Difesa.<br \/>\u201cIl dispositivo italiano della Task Force Air era stato preventivamente alleggerito nei giorni scorsi, nell\u2019ambito delle misure adottate in relazione all\u2019evoluzione del quadro di sicurezza nell\u2019area. Il personale rimasto nella base \u00e8 impiegato per lo svolgimento delle attivit\u00e0 essenziali della missione. Il velivolo colpito costituiva un assetto indispensabile per lo svolgimento delle attivit\u00e0 operative ed era rimasto schierato nella base al fine di garantire la continuit\u00e0 delle operazioni. La situazione \u00e8 costantemente monitorata dal Capo di Stato maggiore della Difesa e dal Comando Operativo di Vertice Interforze (COVI), che mantengono un contatto continuo con i contingenti sul terreno\u201d, ha concluso Portolano.<br \/>Il ministro degli Esteri Antonio Tajani, intervenuto a \u201cDiario della domenica\u201d su Rete4, ha sottolineato che \u201cla base in Kuwait era gi\u00e0 stata attaccata pi\u00f9 volte e il numero del personale era stato ridotto. Questo attacco ha colpito un grande drone italiano ma nessun rischio per i nostri militari che erano gi\u00e0 al sicuro\u201d.  \u201cIl Kuwait \u2013 aggiunge \u2013 \u00e8 un obiettivo militare dell\u2019Iran per la presenza di basi americane noi stiamo riducendo il personale ma le missioni proseguono. Non ci facciamo intimorire perch\u00e8 arriva un drone. Manteniamo fede ai nostri impegni\u201d.<br \/>-foto Ipa Agency-<br \/>(ITALPRESS).<\/p>\n<\/div>\n","protected":false},"excerpt":{"rendered":"<p>ROMA (ITALPRESS) \u2013 \u201cQuesta mattina la base di Ali Al Salem, in Kuwait, che ospita capacit\u00e0 e personale americano e italiano, \u00e8 stata oggetto di un attacco con drone che ha colpito uno shelter, all\u2019interno del quale era ricoverato un velivolo a pilotaggio remoto della Task Force Air italiana, andato distrutto. Ho immediatamente sentito il [&hellip;]<\/p>\n","protected":false},"author":16,"featured_media":71698,"comment_status":"closed","ping_status":"closed","sticky":false,"template":"","format":"standard","meta":{"jnews-multi-image_gallery":[],"jnews_single_post":[],"jnews_primary_category":[],"jnews_social_meta":[],"jnews_override_counter":[],"jnews_post_split":[],"footnotes":""},"categories":[1129],"tags":[],"class_list":["post-71697","post","type-post","status-publish","format-standard","has-post-thumbnail","hentry","category-mondo"],"yoast_head":"<!-- This site is optimized with the Yoast SEO plugin v27.5 - https:\/\/yoast.com\/product\/yoast-seo-wordpress\/ -->\n<title>Colpita base italiana in Kuwait, nessun ferito. Tajani\u201dNon ci facciamo intimorire\u201d - Live Magazine<\/title>\n<meta name=\"robots\" content=\"index, follow, max-snippet:-1, max-image-preview:large, max-video-preview:-1\" \/>\n<link rel=\"canonical\" href=\"https:\/\/www.livemag.it\/index.php\/2026\/03\/15\/colpita-base-italiana-in-kuwait-nessun-ferito-tajaninon-ci-facciamo-intimorire\/\" \/>\n<meta property=\"og:locale\" content=\"it_IT\" \/>\n<meta property=\"og:type\" content=\"article\" \/>\n<meta property=\"og:title\" content=\"Colpita base italiana in Kuwait, nessun ferito. Tajani\u201dNon ci facciamo intimorire\u201d - Live Magazine\" \/>\n<meta property=\"og:description\" content=\"ROMA (ITALPRESS) \u2013 \u201cQuesta mattina la base di Ali Al Salem, in Kuwait, che ospita capacit\u00e0 e personale americano e italiano, \u00e8 stata oggetto di un attacco con drone che ha colpito uno shelter, all\u2019interno del quale era ricoverato un velivolo a pilotaggio remoto della Task Force Air italiana, andato distrutto. Ho immediatamente sentito il [&hellip;]\" \/>\n<meta property=\"og:url\" content=\"https:\/\/www.livemag.it\/index.php\/2026\/03\/15\/colpita-base-italiana-in-kuwait-nessun-ferito-tajaninon-ci-facciamo-intimorire\/\" \/>\n<meta property=\"og:site_name\" content=\"Live Magazine\" \/>\n<meta property=\"article:publisher\" content=\"https:\/\/www.facebook.com\/LiveMag\/\" \/>\n<meta property=\"article:published_time\" content=\"2026-03-15T17:03:09+00:00\" \/>\n<meta property=\"og:image\" content=\"https:\/\/www.livemag.it\/wp-content\/uploads\/2024\/02\/ograph.jpg\" \/>\n\t<meta property=\"og:image:width\" content=\"1200\" \/>\n\t<meta property=\"og:image:height\" content=\"675\" \/>\n\t<meta property=\"og:image:type\" content=\"image\/jpeg\" \/>\n<meta name=\"author\" content=\"italpress\" \/>\n<meta name=\"twitter:card\" content=\"summary_large_image\" \/>\n<meta name=\"twitter:creator\" content=\"@LiveNotizie\" \/>\n<meta name=\"twitter:site\" content=\"@LiveNotizie\" \/>\n<meta name=\"twitter:label1\" content=\"Scritto da\" \/>\n\t<meta name=\"twitter:data1\" content=\"italpress\" \/>\n\t<meta name=\"twitter:label2\" content=\"Tempo di lettura stimato\" \/>\n\t<meta name=\"twitter:data2\" content=\"2 minuti\" \/>\n<script type=\"application\/ld+json\" class=\"yoast-schema-graph\">{\"@context\":\"https:\\\/\\\/schema.org\",\"@graph\":[{\"@type\":\"Article\",\"@id\":\"https:\\\/\\\/www.livemag.it\\\/index.php\\\/2026\\\/03\\\/15\\\/colpita-base-italiana-in-kuwait-nessun-ferito-tajaninon-ci-facciamo-intimorire\\\/#article\",\"isPartOf\":{\"@id\":\"https:\\\/\\\/www.livemag.it\\\/index.php\\\/2026\\\/03\\\/15\\\/colpita-base-italiana-in-kuwait-nessun-ferito-tajaninon-ci-facciamo-intimorire\\\/\"},\"author\":{\"name\":\"italpress\",\"@id\":\"https:\\\/\\\/www.livemag.it\\\/#\\\/schema\\\/person\\\/b62c5f44451fdcdaeb0afe6c2424e73c\"},\"headline\":\"Colpita base italiana in Kuwait, nessun ferito. Tajani\u201dNon ci facciamo intimorire\u201d\",\"datePublished\":\"2026-03-15T17:03:09+00:00\",\"mainEntityOfPage\":{\"@id\":\"https:\\\/\\\/www.livemag.it\\\/index.php\\\/2026\\\/03\\\/15\\\/colpita-base-italiana-in-kuwait-nessun-ferito-tajaninon-ci-facciamo-intimorire\\\/\"},\"wordCount\":340,\"publisher\":{\"@id\":\"https:\\\/\\\/www.livemag.it\\\/#organization\"},\"image\":{\"@id\":\"https:\\\/\\\/www.livemag.it\\\/index.php\\\/2026\\\/03\\\/15\\\/colpita-base-italiana-in-kuwait-nessun-ferito-tajaninon-ci-facciamo-intimorire\\\/#primaryimage\"},\"thumbnailUrl\":\"https:\\\/\\\/www.livemag.it\\\/wp-content\\\/uploads\\\/2026\\\/03\\\/20260315_1395.jpg\",\"articleSection\":[\"Mondo\"],\"inLanguage\":\"it-IT\"},{\"@type\":\"WebPage\",\"@id\":\"https:\\\/\\\/www.livemag.it\\\/index.php\\\/2026\\\/03\\\/15\\\/colpita-base-italiana-in-kuwait-nessun-ferito-tajaninon-ci-facciamo-intimorire\\\/\",\"url\":\"https:\\\/\\\/www.livemag.it\\\/index.php\\\/2026\\\/03\\\/15\\\/colpita-base-italiana-in-kuwait-nessun-ferito-tajaninon-ci-facciamo-intimorire\\\/\",\"name\":\"Colpita base italiana in Kuwait, nessun ferito. Tajani\u201dNon ci facciamo intimorire\u201d - Live Magazine\",\"isPartOf\":{\"@id\":\"https:\\\/\\\/www.livemag.it\\\/#website\"},\"primaryImageOfPage\":{\"@id\":\"https:\\\/\\\/www.livemag.it\\\/index.php\\\/2026\\\/03\\\/15\\\/colpita-base-italiana-in-kuwait-nessun-ferito-tajaninon-ci-facciamo-intimorire\\\/#primaryimage\"},\"image\":{\"@id\":\"https:\\\/\\\/www.livemag.it\\\/index.php\\\/2026\\\/03\\\/15\\\/colpita-base-italiana-in-kuwait-nessun-ferito-tajaninon-ci-facciamo-intimorire\\\/#primaryimage\"},\"thumbnailUrl\":\"https:\\\/\\\/www.livemag.it\\\/wp-content\\\/uploads\\\/2026\\\/03\\\/20260315_1395.jpg\",\"datePublished\":\"2026-03-15T17:03:09+00:00\",\"breadcrumb\":{\"@id\":\"https:\\\/\\\/www.livemag.it\\\/index.php\\\/2026\\\/03\\\/15\\\/colpita-base-italiana-in-kuwait-nessun-ferito-tajaninon-ci-facciamo-intimorire\\\/#breadcrumb\"},\"inLanguage\":\"it-IT\",\"potentialAction\":[{\"@type\":\"ReadAction\",\"target\":[\"https:\\\/\\\/www.livemag.it\\\/index.php\\\/2026\\\/03\\\/15\\\/colpita-base-italiana-in-kuwait-nessun-ferito-tajaninon-ci-facciamo-intimorire\\\/\"]}]},{\"@type\":\"ImageObject\",\"inLanguage\":\"it-IT\",\"@id\":\"https:\\\/\\\/www.livemag.it\\\/index.php\\\/2026\\\/03\\\/15\\\/colpita-base-italiana-in-kuwait-nessun-ferito-tajaninon-ci-facciamo-intimorire\\\/#primaryimage\",\"url\":\"https:\\\/\\\/www.livemag.it\\\/wp-content\\\/uploads\\\/2026\\\/03\\\/20260315_1395.jpg\",\"contentUrl\":\"https:\\\/\\\/www.livemag.it\\\/wp-content\\\/uploads\\\/2026\\\/03\\\/20260315_1395.jpg\",\"width\":1200,\"height\":799},{\"@type\":\"BreadcrumbList\",\"@id\":\"https:\\\/\\\/www.livemag.it\\\/index.php\\\/2026\\\/03\\\/15\\\/colpita-base-italiana-in-kuwait-nessun-ferito-tajaninon-ci-facciamo-intimorire\\\/#breadcrumb\",\"itemListElement\":[{\"@type\":\"ListItem\",\"position\":1,\"name\":\"Home\",\"item\":\"https:\\\/\\\/www.livemag.it\\\/\"},{\"@type\":\"ListItem\",\"position\":2,\"name\":\"Colpita base italiana in Kuwait, nessun ferito. Tajani\u201dNon ci facciamo intimorire\u201d\"}]},{\"@type\":\"WebSite\",\"@id\":\"https:\\\/\\\/www.livemag.it\\\/#website\",\"url\":\"https:\\\/\\\/www.livemag.it\\\/\",\"name\":\"Live Magazine\",\"description\":\"Varie ed eventi\",\"publisher\":{\"@id\":\"https:\\\/\\\/www.livemag.it\\\/#organization\"},\"potentialAction\":[{\"@type\":\"SearchAction\",\"target\":{\"@type\":\"EntryPoint\",\"urlTemplate\":\"https:\\\/\\\/www.livemag.it\\\/?s={search_term_string}\"},\"query-input\":{\"@type\":\"PropertyValueSpecification\",\"valueRequired\":true,\"valueName\":\"search_term_string\"}}],\"inLanguage\":\"it-IT\"},{\"@type\":\"Organization\",\"@id\":\"https:\\\/\\\/www.livemag.it\\\/#organization\",\"name\":\"LiveMag\",\"alternateName\":\"LiveMag News ed eventi\",\"url\":\"https:\\\/\\\/www.livemag.it\\\/\",\"logo\":{\"@type\":\"ImageObject\",\"inLanguage\":\"it-IT\",\"@id\":\"https:\\\/\\\/www.livemag.it\\\/#\\\/schema\\\/logo\\\/image\\\/\",\"url\":\"https:\\\/\\\/www.livemag.it\\\/wp-content\\\/uploads\\\/2024\\\/02\\\/immagine-sito.jpg\",\"contentUrl\":\"https:\\\/\\\/www.livemag.it\\\/wp-content\\\/uploads\\\/2024\\\/02\\\/immagine-sito.jpg\",\"width\":696,\"height\":696,\"caption\":\"LiveMag\"},\"image\":{\"@id\":\"https:\\\/\\\/www.livemag.it\\\/#\\\/schema\\\/logo\\\/image\\\/\"},\"sameAs\":[\"https:\\\/\\\/www.facebook.com\\\/LiveMag\\\/\",\"https:\\\/\\\/x.com\\\/LiveNotizie\",\"https:\\\/\\\/www.instagram.com\\\/livemag\\\/\"]},{\"@type\":\"Person\",\"@id\":\"https:\\\/\\\/www.livemag.it\\\/#\\\/schema\\\/person\\\/b62c5f44451fdcdaeb0afe6c2424e73c\",\"name\":\"italpress\",\"image\":{\"@type\":\"ImageObject\",\"inLanguage\":\"it-IT\",\"@id\":\"https:\\\/\\\/secure.gravatar.com\\\/avatar\\\/b6a21695fc713ce7ee312cf57c97e2e641feb365be72d8745574d3c3e2b59066?s=96&r=g\",\"url\":\"https:\\\/\\\/secure.gravatar.com\\\/avatar\\\/b6a21695fc713ce7ee312cf57c97e2e641feb365be72d8745574d3c3e2b59066?s=96&r=g\",\"contentUrl\":\"https:\\\/\\\/secure.gravatar.com\\\/avatar\\\/b6a21695fc713ce7ee312cf57c97e2e641feb365be72d8745574d3c3e2b59066?s=96&r=g\",\"caption\":\"italpress\"},\"description\":\"Italpress \u00e8 un'agenzia di stampa italiana a carattere nazionale.\",\"url\":\"https:\\\/\\\/www.livemag.it\\\/index.php\\\/author\\\/italpress\\\/\"}]}<\/script>\n<!-- \/ Yoast SEO plugin. -->","yoast_head_json":{"title":"Colpita base italiana in Kuwait, nessun ferito. Tajani\u201dNon ci facciamo intimorire\u201d - Live Magazine","robots":{"index":"index","follow":"follow","max-snippet":"max-snippet:-1","max-image-preview":"max-image-preview:large","max-video-preview":"max-video-preview:-1"},"canonical":"https:\/\/www.livemag.it\/index.php\/2026\/03\/15\/colpita-base-italiana-in-kuwait-nessun-ferito-tajaninon-ci-facciamo-intimorire\/","og_locale":"it_IT","og_type":"article","og_title":"Colpita base italiana in Kuwait, nessun ferito. Tajani\u201dNon ci facciamo intimorire\u201d - Live Magazine","og_description":"ROMA (ITALPRESS) \u2013 \u201cQuesta mattina la base di Ali Al Salem, in Kuwait, che ospita capacit\u00e0 e personale americano e italiano, \u00e8 stata oggetto di un attacco con drone che ha colpito uno shelter, all\u2019interno del quale era ricoverato un velivolo a pilotaggio remoto della Task Force Air italiana, andato distrutto. Ho immediatamente sentito il [&hellip;]","og_url":"https:\/\/www.livemag.it\/index.php\/2026\/03\/15\/colpita-base-italiana-in-kuwait-nessun-ferito-tajaninon-ci-facciamo-intimorire\/","og_site_name":"Live Magazine","article_publisher":"https:\/\/www.facebook.com\/LiveMag\/","article_published_time":"2026-03-15T17:03:09+00:00","og_image":[{"width":1200,"height":675,"url":"https:\/\/www.livemag.it\/wp-content\/uploads\/2024\/02\/ograph.jpg","type":"image\/jpeg"}],"author":"italpress","twitter_card":"summary_large_image","twitter_creator":"@LiveNotizie","twitter_site":"@LiveNotizie","twitter_misc":{"Scritto da":"italpress","Tempo di lettura stimato":"2 minuti"},"schema":{"@context":"https:\/\/schema.org","@graph":[{"@type":"Article","@id":"https:\/\/www.livemag.it\/index.php\/2026\/03\/15\/colpita-base-italiana-in-kuwait-nessun-ferito-tajaninon-ci-facciamo-intimorire\/#article","isPartOf":{"@id":"https:\/\/www.livemag.it\/index.php\/2026\/03\/15\/colpita-base-italiana-in-kuwait-nessun-ferito-tajaninon-ci-facciamo-intimorire\/"},"author":{"name":"italpress","@id":"https:\/\/www.livemag.it\/#\/schema\/person\/b62c5f44451fdcdaeb0afe6c2424e73c"},"headline":"Colpita base italiana in Kuwait, nessun ferito. Tajani\u201dNon ci facciamo intimorire\u201d","datePublished":"2026-03-15T17:03:09+00:00","mainEntityOfPage":{"@id":"https:\/\/www.livemag.it\/index.php\/2026\/03\/15\/colpita-base-italiana-in-kuwait-nessun-ferito-tajaninon-ci-facciamo-intimorire\/"},"wordCount":340,"publisher":{"@id":"https:\/\/www.livemag.it\/#organization"},"image":{"@id":"https:\/\/www.livemag.it\/index.php\/2026\/03\/15\/colpita-base-italiana-in-kuwait-nessun-ferito-tajaninon-ci-facciamo-intimorire\/#primaryimage"},"thumbnailUrl":"https:\/\/www.livemag.it\/wp-content\/uploads\/2026\/03\/20260315_1395.jpg","articleSection":["Mondo"],"inLanguage":"it-IT"},{"@type":"WebPage","@id":"https:\/\/www.livemag.it\/index.php\/2026\/03\/15\/colpita-base-italiana-in-kuwait-nessun-ferito-tajaninon-ci-facciamo-intimorire\/","url":"https:\/\/www.livemag.it\/index.php\/2026\/03\/15\/colpita-base-italiana-in-kuwait-nessun-ferito-tajaninon-ci-facciamo-intimorire\/","name":"Colpita base italiana in Kuwait, nessun ferito. Tajani\u201dNon ci facciamo intimorire\u201d - Live Magazine","isPartOf":{"@id":"https:\/\/www.livemag.it\/#website"},"primaryImageOfPage":{"@id":"https:\/\/www.livemag.it\/index.php\/2026\/03\/15\/colpita-base-italiana-in-kuwait-nessun-ferito-tajaninon-ci-facciamo-intimorire\/#primaryimage"},"image":{"@id":"https:\/\/www.livemag.it\/index.php\/2026\/03\/15\/colpita-base-italiana-in-kuwait-nessun-ferito-tajaninon-ci-facciamo-intimorire\/#primaryimage"},"thumbnailUrl":"https:\/\/www.livemag.it\/wp-content\/uploads\/2026\/03\/20260315_1395.jpg","datePublished":"2026-03-15T17:03:09+00:00","breadcrumb":{"@id":"https:\/\/www.livemag.it\/index.php\/2026\/03\/15\/colpita-base-italiana-in-kuwait-nessun-ferito-tajaninon-ci-facciamo-intimorire\/#breadcrumb"},"inLanguage":"it-IT","potentialAction":[{"@type":"ReadAction","target":["https:\/\/www.livemag.it\/index.php\/2026\/03\/15\/colpita-base-italiana-in-kuwait-nessun-ferito-tajaninon-ci-facciamo-intimorire\/"]}]},{"@type":"ImageObject","inLanguage":"it-IT","@id":"https:\/\/www.livemag.it\/index.php\/2026\/03\/15\/colpita-base-italiana-in-kuwait-nessun-ferito-tajaninon-ci-facciamo-intimorire\/#primaryimage","url":"https:\/\/www.livemag.it\/wp-content\/uploads\/2026\/03\/20260315_1395.jpg","contentUrl":"https:\/\/www.livemag.it\/wp-content\/uploads\/2026\/03\/20260315_1395.jpg","width":1200,"height":799},{"@type":"BreadcrumbList","@id":"https:\/\/www.livemag.it\/index.php\/2026\/03\/15\/colpita-base-italiana-in-kuwait-nessun-ferito-tajaninon-ci-facciamo-intimorire\/#breadcrumb","itemListElement":[{"@type":"ListItem","position":1,"name":"Home","item":"https:\/\/www.livemag.it\/"},{"@type":"ListItem","position":2,"name":"Colpita base italiana in Kuwait, nessun ferito. Tajani\u201dNon ci facciamo intimorire\u201d"}]},{"@type":"WebSite","@id":"https:\/\/www.livemag.it\/#website","url":"https:\/\/www.livemag.it\/","name":"Live Magazine","description":"Varie ed eventi","publisher":{"@id":"https:\/\/www.livemag.it\/#organization"},"potentialAction":[{"@type":"SearchAction","target":{"@type":"EntryPoint","urlTemplate":"https:\/\/www.livemag.it\/?s={search_term_string}"},"query-input":{"@type":"PropertyValueSpecification","valueRequired":true,"valueName":"search_term_string"}}],"inLanguage":"it-IT"},{"@type":"Organization","@id":"https:\/\/www.livemag.it\/#organization","name":"LiveMag","alternateName":"LiveMag News ed eventi","url":"https:\/\/www.livemag.it\/","logo":{"@type":"ImageObject","inLanguage":"it-IT","@id":"https:\/\/www.livemag.it\/#\/schema\/logo\/image\/","url":"https:\/\/www.livemag.it\/wp-content\/uploads\/2024\/02\/immagine-sito.jpg","contentUrl":"https:\/\/www.livemag.it\/wp-content\/uploads\/2024\/02\/immagine-sito.jpg","width":696,"height":696,"caption":"LiveMag"},"image":{"@id":"https:\/\/www.livemag.it\/#\/schema\/logo\/image\/"},"sameAs":["https:\/\/www.facebook.com\/LiveMag\/","https:\/\/x.com\/LiveNotizie","https:\/\/www.instagram.com\/livemag\/"]},{"@type":"Person","@id":"https:\/\/www.livemag.it\/#\/schema\/person\/b62c5f44451fdcdaeb0afe6c2424e73c","name":"italpress","image":{"@type":"ImageObject","inLanguage":"it-IT","@id":"https:\/\/secure.gravatar.com\/avatar\/b6a21695fc713ce7ee312cf57c97e2e641feb365be72d8745574d3c3e2b59066?s=96&r=g","url":"https:\/\/secure.gravatar.com\/avatar\/b6a21695fc713ce7ee312cf57c97e2e641feb365be72d8745574d3c3e2b59066?s=96&r=g","contentUrl":"https:\/\/secure.gravatar.com\/avatar\/b6a21695fc713ce7ee312cf57c97e2e641feb365be72d8745574d3c3e2b59066?s=96&r=g","caption":"italpress"},"description":"Italpress \u00e8 un'agenzia di stampa italiana a carattere nazionale.","url":"https:\/\/www.livemag.it\/index.php\/author\/italpress\/"}]}},"jetpack_featured_media_url":"https:\/\/www.livemag.it\/wp-content\/uploads\/2026\/03\/20260315_1395.jpg","_links":{"self":[{"href":"https:\/\/www.livemag.it\/index.php\/wp-json\/wp\/v2\/posts\/71697","targetHints":{"allow":["GET"]}}],"collection":[{"href":"https:\/\/www.livemag.it\/index.php\/wp-json\/wp\/v2\/posts"}],"about":[{"href":"https:\/\/www.livemag.it\/index.php\/wp-json\/wp\/v2\/types\/post"}],"author":[{"embeddable":true,"href":"https:\/\/www.livemag.it\/index.php\/wp-json\/wp\/v2\/users\/16"}],"replies":[{"embeddable":true,"href":"https:\/\/www.livemag.it\/index.php\/wp-json\/wp\/v2\/comments?post=71697"}],"version-history":[{"count":0,"href":"https:\/\/www.livemag.it\/index.php\/wp-json\/wp\/v2\/posts\/71697\/revisions"}],"wp:featuredmedia":[{"embeddable":true,"href":"https:\/\/www.livemag.it\/index.php\/wp-json\/wp\/v2\/media\/71698"}],"wp:attachment":[{"href":"https:\/\/www.livemag.it\/index.php\/wp-json\/wp\/v2\/media?parent=71697"}],"wp:term":[{"taxonomy":"category","embeddable":true,"href":"https:\/\/www.livemag.it\/index.php\/wp-json\/wp\/v2\/categories?post=71697"},{"taxonomy":"post_tag","embeddable":true,"href":"https:\/\/www.livemag.it\/index.php\/wp-json\/wp\/v2\/tags?post=71697"}],"curies":[{"name":"wp","href":"https:\/\/api.w.org\/{rel}","templated":true}]}}