{"id":71657,"date":"2026-03-14T21:03:01","date_gmt":"2026-03-14T20:03:01","guid":{"rendered":"https:\/\/www.livemag.it\/index.php\/2026\/03\/14\/referendum-varchi-vincera-il-si-riforma-restituira-rispetto-a-magistratura\/"},"modified":"2026-03-14T21:03:01","modified_gmt":"2026-03-14T20:03:01","slug":"referendum-varchi-vincera-il-si-riforma-restituira-rispetto-a-magistratura","status":"publish","type":"post","link":"https:\/\/www.livemag.it\/index.php\/2026\/03\/14\/referendum-varchi-vincera-il-si-riforma-restituira-rispetto-a-magistratura\/","title":{"rendered":"<div>Referendum, Varchi &#8220;Vincer\u00e0 il S\u00ec, riforma restituir\u00e0 rispetto a magistratura&#8221;<\/div>"},"content":{"rendered":"<p>    <video-js id=\"videojs69f28b2ade3be\" class=\"vjs-big-play-centered\" controls preload=\"auto\" playsinline data-setup='{\"fluid\": true}'>\r\n        <source src=\"https:\/\/video.italpress.com\/play\/mp4\/video\/4yGx\" type=\"video\/mp4\" \/>\r\n    <\/video-js>\r\n           <br \/>\n<\/p>\n<div> PALERMO (ITALPRESS) &#8211; &#8220;Vincer\u00e0 il s\u00ec, manca l&#8217;ultima settimana, una campagna elettorale incessante, una campagna elettorale che ci ha visti impegnati nelle strade, nelle piazze, in ogni momento di aggregazione per spiegare agli italiani il senso pi\u00f9 profondo di questa riforma, lontano dalle fake news, sui punti cardine, quindi separazione delle carriere, doppio CSM, alta corte disciplinare per evitare una giustizia domestica forse un po&#8217; troppo clemente, e il sorteggio: il punto principale, non a caso quello che sta suscitando pi\u00f9 proteste da parte della magistratura organizzata in correnti, perch\u00e9 sono proprio quelle che con il sorteggio spariranno o comunque non avranno pi\u00f9 la funzione di lottizzazione che hanno avuto finora&#8221;. Cos\u00ec Carolina Varchi, deputata alla Camera per Fratelli d&#8217;Italia, a margine di un incontro sulla riforma costituzionale della giustizia, a Palermo. &#8220;Se ci preoccupa una rimonta del no? No, devo dire che parlando con tantissimi cittadini non l&#8217;abbiamo percepita questa rimonta &#8211; ha aggiunto Varchi -. L&#8217;opposizione sostiene che questa riforma indebolisca la magistratura? Al contrario questa \u00e8 una riforma che accrescer\u00e0 la credibilit\u00e0 della magistratura che \u00e8 stata purtroppo minata nel profondo con alcuni scandali che non hanno trovato da parte della magistratura quella reazione che ci si aspettava, che gli italiani si aspettavano. Questa riforma contribuir\u00e0 a restituire alla magistratura, nei cui confronti noi abbiamo grande fiducia, grande rispetto e grande ammirazione, tutta la credibilit\u00e0 che serve affinch\u00e9 gli italiani possano riprendere ad avere fiducia nella giustizia&#8221;. xd6\/vbo\/mca1<\/div>\n","protected":false},"excerpt":{"rendered":"<p>PALERMO (ITALPRESS) &#8211; &#8220;Vincer\u00e0 il s\u00ec, manca l&#8217;ultima settimana, una campagna elettorale incessante, una campagna elettorale che ci ha visti impegnati nelle strade, nelle piazze, in ogni momento di aggregazione per spiegare agli italiani il senso pi\u00f9 profondo di questa riforma, lontano dalle fake news, sui punti cardine, quindi separazione delle carriere, doppio CSM, alta [&hellip;]<\/p>\n","protected":false},"author":16,"featured_media":71658,"comment_status":"closed","ping_status":"closed","sticky":false,"template":"","format":"video","meta":{"jnews-multi-image_gallery":[],"jnews_single_post":[],"jnews_primary_category":[],"jnews_social_meta":[],"jnews_override_counter":[],"jnews_post_split":[],"footnotes":""},"categories":[1171],"tags":[],"class_list":["post-71657","post","type-post","status-publish","format-video","has-post-thumbnail","hentry","category-video","post_format-post-format-video"],"yoast_head":"<!-- This site is optimized with the Yoast SEO plugin v27.5 - https:\/\/yoast.com\/product\/yoast-seo-wordpress\/ -->\n<title>Referendum, Varchi &quot;Vincer\u00e0 il S\u00ec, riforma restituir\u00e0 rispetto a magistratura&quot; - Live Magazine<\/title>\n<meta name=\"robots\" content=\"index, follow, max-snippet:-1, max-image-preview:large, max-video-preview:-1\" \/>\n<link rel=\"canonical\" href=\"https:\/\/www.livemag.it\/index.php\/2026\/03\/14\/referendum-varchi-vincera-il-si-riforma-restituira-rispetto-a-magistratura\/\" \/>\n<meta property=\"og:locale\" content=\"it_IT\" \/>\n<meta property=\"og:type\" content=\"article\" \/>\n<meta property=\"og:title\" content=\"Referendum, Varchi &quot;Vincer\u00e0 il S\u00ec, riforma restituir\u00e0 rispetto a magistratura&quot; - Live Magazine\" \/>\n<meta property=\"og:description\" content=\"PALERMO (ITALPRESS) &#8211; &#8220;Vincer\u00e0 il s\u00ec, manca l&#8217;ultima settimana, una campagna elettorale incessante, una campagna elettorale che ci ha visti impegnati nelle strade, nelle piazze, in ogni momento di aggregazione per spiegare agli italiani il senso pi\u00f9 profondo di questa riforma, lontano dalle fake news, sui punti cardine, quindi separazione delle carriere, doppio CSM, alta [&hellip;]\" \/>\n<meta property=\"og:url\" content=\"https:\/\/www.livemag.it\/index.php\/2026\/03\/14\/referendum-varchi-vincera-il-si-riforma-restituira-rispetto-a-magistratura\/\" \/>\n<meta property=\"og:site_name\" content=\"Live Magazine\" \/>\n<meta property=\"article:publisher\" content=\"https:\/\/www.facebook.com\/LiveMag\/\" \/>\n<meta property=\"article:published_time\" content=\"2026-03-14T20:03:01+00:00\" \/>\n<meta property=\"og:image\" content=\"https:\/\/www.livemag.it\/wp-content\/uploads\/2024\/02\/ograph.jpg\" \/>\n\t<meta property=\"og:image:width\" content=\"1200\" \/>\n\t<meta property=\"og:image:height\" content=\"675\" \/>\n\t<meta property=\"og:image:type\" content=\"image\/jpeg\" \/>\n<meta name=\"author\" content=\"italpress\" \/>\n<meta name=\"twitter:card\" content=\"summary_large_image\" \/>\n<meta name=\"twitter:creator\" content=\"@LiveNotizie\" \/>\n<meta name=\"twitter:site\" content=\"@LiveNotizie\" \/>\n<meta name=\"twitter:label1\" content=\"Scritto da\" \/>\n\t<meta name=\"twitter:data1\" content=\"italpress\" \/>\n\t<meta name=\"twitter:label2\" content=\"Tempo di lettura stimato\" \/>\n\t<meta name=\"twitter:data2\" content=\"1 minuto\" \/>\n<script type=\"application\/ld+json\" class=\"yoast-schema-graph\">{\"@context\":\"https:\\\/\\\/schema.org\",\"@graph\":[{\"@type\":\"Article\",\"@id\":\"https:\\\/\\\/www.livemag.it\\\/index.php\\\/2026\\\/03\\\/14\\\/referendum-varchi-vincera-il-si-riforma-restituira-rispetto-a-magistratura\\\/#article\",\"isPartOf\":{\"@id\":\"https:\\\/\\\/www.livemag.it\\\/index.php\\\/2026\\\/03\\\/14\\\/referendum-varchi-vincera-il-si-riforma-restituira-rispetto-a-magistratura\\\/\"},\"author\":{\"name\":\"italpress\",\"@id\":\"https:\\\/\\\/www.livemag.it\\\/#\\\/schema\\\/person\\\/b62c5f44451fdcdaeb0afe6c2424e73c\"},\"headline\":\"Referendum, Varchi &#8220;Vincer\u00e0 il S\u00ec, riforma restituir\u00e0 rispetto a magistratura&#8221;\",\"datePublished\":\"2026-03-14T20:03:01+00:00\",\"mainEntityOfPage\":{\"@id\":\"https:\\\/\\\/www.livemag.it\\\/index.php\\\/2026\\\/03\\\/14\\\/referendum-varchi-vincera-il-si-riforma-restituira-rispetto-a-magistratura\\\/\"},\"wordCount\":266,\"publisher\":{\"@id\":\"https:\\\/\\\/www.livemag.it\\\/#organization\"},\"image\":{\"@id\":\"https:\\\/\\\/www.livemag.it\\\/index.php\\\/2026\\\/03\\\/14\\\/referendum-varchi-vincera-il-si-riforma-restituira-rispetto-a-magistratura\\\/#primaryimage\"},\"thumbnailUrl\":\"https:\\\/\\\/www.livemag.it\\\/wp-content\\\/uploads\\\/2026\\\/03\\\/4yGx.jpg\",\"articleSection\":[\"Video\"],\"inLanguage\":\"it-IT\"},{\"@type\":\"WebPage\",\"@id\":\"https:\\\/\\\/www.livemag.it\\\/index.php\\\/2026\\\/03\\\/14\\\/referendum-varchi-vincera-il-si-riforma-restituira-rispetto-a-magistratura\\\/\",\"url\":\"https:\\\/\\\/www.livemag.it\\\/index.php\\\/2026\\\/03\\\/14\\\/referendum-varchi-vincera-il-si-riforma-restituira-rispetto-a-magistratura\\\/\",\"name\":\"Referendum, Varchi \\\"Vincer\u00e0 il S\u00ec, riforma restituir\u00e0 rispetto a magistratura\\\" - Live Magazine\",\"isPartOf\":{\"@id\":\"https:\\\/\\\/www.livemag.it\\\/#website\"},\"primaryImageOfPage\":{\"@id\":\"https:\\\/\\\/www.livemag.it\\\/index.php\\\/2026\\\/03\\\/14\\\/referendum-varchi-vincera-il-si-riforma-restituira-rispetto-a-magistratura\\\/#primaryimage\"},\"image\":{\"@id\":\"https:\\\/\\\/www.livemag.it\\\/index.php\\\/2026\\\/03\\\/14\\\/referendum-varchi-vincera-il-si-riforma-restituira-rispetto-a-magistratura\\\/#primaryimage\"},\"thumbnailUrl\":\"https:\\\/\\\/www.livemag.it\\\/wp-content\\\/uploads\\\/2026\\\/03\\\/4yGx.jpg\",\"datePublished\":\"2026-03-14T20:03:01+00:00\",\"breadcrumb\":{\"@id\":\"https:\\\/\\\/www.livemag.it\\\/index.php\\\/2026\\\/03\\\/14\\\/referendum-varchi-vincera-il-si-riforma-restituira-rispetto-a-magistratura\\\/#breadcrumb\"},\"inLanguage\":\"it-IT\",\"potentialAction\":[{\"@type\":\"ReadAction\",\"target\":[\"https:\\\/\\\/www.livemag.it\\\/index.php\\\/2026\\\/03\\\/14\\\/referendum-varchi-vincera-il-si-riforma-restituira-rispetto-a-magistratura\\\/\"]}]},{\"@type\":\"ImageObject\",\"inLanguage\":\"it-IT\",\"@id\":\"https:\\\/\\\/www.livemag.it\\\/index.php\\\/2026\\\/03\\\/14\\\/referendum-varchi-vincera-il-si-riforma-restituira-rispetto-a-magistratura\\\/#primaryimage\",\"url\":\"https:\\\/\\\/www.livemag.it\\\/wp-content\\\/uploads\\\/2026\\\/03\\\/4yGx.jpg\",\"contentUrl\":\"https:\\\/\\\/www.livemag.it\\\/wp-content\\\/uploads\\\/2026\\\/03\\\/4yGx.jpg\",\"width\":1920,\"height\":1080},{\"@type\":\"BreadcrumbList\",\"@id\":\"https:\\\/\\\/www.livemag.it\\\/index.php\\\/2026\\\/03\\\/14\\\/referendum-varchi-vincera-il-si-riforma-restituira-rispetto-a-magistratura\\\/#breadcrumb\",\"itemListElement\":[{\"@type\":\"ListItem\",\"position\":1,\"name\":\"Home\",\"item\":\"https:\\\/\\\/www.livemag.it\\\/\"},{\"@type\":\"ListItem\",\"position\":2,\"name\":\"Referendum, Varchi &#8220;Vincer\u00e0 il S\u00ec, riforma restituir\u00e0 rispetto a magistratura&#8221;\"}]},{\"@type\":\"WebSite\",\"@id\":\"https:\\\/\\\/www.livemag.it\\\/#website\",\"url\":\"https:\\\/\\\/www.livemag.it\\\/\",\"name\":\"Live Magazine\",\"description\":\"Varie ed eventi\",\"publisher\":{\"@id\":\"https:\\\/\\\/www.livemag.it\\\/#organization\"},\"potentialAction\":[{\"@type\":\"SearchAction\",\"target\":{\"@type\":\"EntryPoint\",\"urlTemplate\":\"https:\\\/\\\/www.livemag.it\\\/?s={search_term_string}\"},\"query-input\":{\"@type\":\"PropertyValueSpecification\",\"valueRequired\":true,\"valueName\":\"search_term_string\"}}],\"inLanguage\":\"it-IT\"},{\"@type\":\"Organization\",\"@id\":\"https:\\\/\\\/www.livemag.it\\\/#organization\",\"name\":\"LiveMag\",\"alternateName\":\"LiveMag News ed eventi\",\"url\":\"https:\\\/\\\/www.livemag.it\\\/\",\"logo\":{\"@type\":\"ImageObject\",\"inLanguage\":\"it-IT\",\"@id\":\"https:\\\/\\\/www.livemag.it\\\/#\\\/schema\\\/logo\\\/image\\\/\",\"url\":\"https:\\\/\\\/www.livemag.it\\\/wp-content\\\/uploads\\\/2024\\\/02\\\/immagine-sito.jpg\",\"contentUrl\":\"https:\\\/\\\/www.livemag.it\\\/wp-content\\\/uploads\\\/2024\\\/02\\\/immagine-sito.jpg\",\"width\":696,\"height\":696,\"caption\":\"LiveMag\"},\"image\":{\"@id\":\"https:\\\/\\\/www.livemag.it\\\/#\\\/schema\\\/logo\\\/image\\\/\"},\"sameAs\":[\"https:\\\/\\\/www.facebook.com\\\/LiveMag\\\/\",\"https:\\\/\\\/x.com\\\/LiveNotizie\",\"https:\\\/\\\/www.instagram.com\\\/livemag\\\/\"]},{\"@type\":\"Person\",\"@id\":\"https:\\\/\\\/www.livemag.it\\\/#\\\/schema\\\/person\\\/b62c5f44451fdcdaeb0afe6c2424e73c\",\"name\":\"italpress\",\"image\":{\"@type\":\"ImageObject\",\"inLanguage\":\"it-IT\",\"@id\":\"https:\\\/\\\/secure.gravatar.com\\\/avatar\\\/b6a21695fc713ce7ee312cf57c97e2e641feb365be72d8745574d3c3e2b59066?s=96&r=g\",\"url\":\"https:\\\/\\\/secure.gravatar.com\\\/avatar\\\/b6a21695fc713ce7ee312cf57c97e2e641feb365be72d8745574d3c3e2b59066?s=96&r=g\",\"contentUrl\":\"https:\\\/\\\/secure.gravatar.com\\\/avatar\\\/b6a21695fc713ce7ee312cf57c97e2e641feb365be72d8745574d3c3e2b59066?s=96&r=g\",\"caption\":\"italpress\"},\"description\":\"Italpress \u00e8 un'agenzia di stampa italiana a carattere nazionale.\",\"url\":\"https:\\\/\\\/www.livemag.it\\\/index.php\\\/author\\\/italpress\\\/\"}]}<\/script>\n<!-- \/ Yoast SEO plugin. -->","yoast_head_json":{"title":"Referendum, Varchi \"Vincer\u00e0 il S\u00ec, riforma restituir\u00e0 rispetto a magistratura\" - Live Magazine","robots":{"index":"index","follow":"follow","max-snippet":"max-snippet:-1","max-image-preview":"max-image-preview:large","max-video-preview":"max-video-preview:-1"},"canonical":"https:\/\/www.livemag.it\/index.php\/2026\/03\/14\/referendum-varchi-vincera-il-si-riforma-restituira-rispetto-a-magistratura\/","og_locale":"it_IT","og_type":"article","og_title":"Referendum, Varchi \"Vincer\u00e0 il S\u00ec, riforma restituir\u00e0 rispetto a magistratura\" - Live Magazine","og_description":"PALERMO (ITALPRESS) &#8211; &#8220;Vincer\u00e0 il s\u00ec, manca l&#8217;ultima settimana, una campagna elettorale incessante, una campagna elettorale che ci ha visti impegnati nelle strade, nelle piazze, in ogni momento di aggregazione per spiegare agli italiani il senso pi\u00f9 profondo di questa riforma, lontano dalle fake news, sui punti cardine, quindi separazione delle carriere, doppio CSM, alta [&hellip;]","og_url":"https:\/\/www.livemag.it\/index.php\/2026\/03\/14\/referendum-varchi-vincera-il-si-riforma-restituira-rispetto-a-magistratura\/","og_site_name":"Live Magazine","article_publisher":"https:\/\/www.facebook.com\/LiveMag\/","article_published_time":"2026-03-14T20:03:01+00:00","og_image":[{"width":1200,"height":675,"url":"https:\/\/www.livemag.it\/wp-content\/uploads\/2024\/02\/ograph.jpg","type":"image\/jpeg"}],"author":"italpress","twitter_card":"summary_large_image","twitter_creator":"@LiveNotizie","twitter_site":"@LiveNotizie","twitter_misc":{"Scritto da":"italpress","Tempo di lettura stimato":"1 minuto"},"schema":{"@context":"https:\/\/schema.org","@graph":[{"@type":"Article","@id":"https:\/\/www.livemag.it\/index.php\/2026\/03\/14\/referendum-varchi-vincera-il-si-riforma-restituira-rispetto-a-magistratura\/#article","isPartOf":{"@id":"https:\/\/www.livemag.it\/index.php\/2026\/03\/14\/referendum-varchi-vincera-il-si-riforma-restituira-rispetto-a-magistratura\/"},"author":{"name":"italpress","@id":"https:\/\/www.livemag.it\/#\/schema\/person\/b62c5f44451fdcdaeb0afe6c2424e73c"},"headline":"Referendum, Varchi &#8220;Vincer\u00e0 il S\u00ec, riforma restituir\u00e0 rispetto a magistratura&#8221;","datePublished":"2026-03-14T20:03:01+00:00","mainEntityOfPage":{"@id":"https:\/\/www.livemag.it\/index.php\/2026\/03\/14\/referendum-varchi-vincera-il-si-riforma-restituira-rispetto-a-magistratura\/"},"wordCount":266,"publisher":{"@id":"https:\/\/www.livemag.it\/#organization"},"image":{"@id":"https:\/\/www.livemag.it\/index.php\/2026\/03\/14\/referendum-varchi-vincera-il-si-riforma-restituira-rispetto-a-magistratura\/#primaryimage"},"thumbnailUrl":"https:\/\/www.livemag.it\/wp-content\/uploads\/2026\/03\/4yGx.jpg","articleSection":["Video"],"inLanguage":"it-IT"},{"@type":"WebPage","@id":"https:\/\/www.livemag.it\/index.php\/2026\/03\/14\/referendum-varchi-vincera-il-si-riforma-restituira-rispetto-a-magistratura\/","url":"https:\/\/www.livemag.it\/index.php\/2026\/03\/14\/referendum-varchi-vincera-il-si-riforma-restituira-rispetto-a-magistratura\/","name":"Referendum, Varchi \"Vincer\u00e0 il S\u00ec, riforma restituir\u00e0 rispetto a magistratura\" - Live Magazine","isPartOf":{"@id":"https:\/\/www.livemag.it\/#website"},"primaryImageOfPage":{"@id":"https:\/\/www.livemag.it\/index.php\/2026\/03\/14\/referendum-varchi-vincera-il-si-riforma-restituira-rispetto-a-magistratura\/#primaryimage"},"image":{"@id":"https:\/\/www.livemag.it\/index.php\/2026\/03\/14\/referendum-varchi-vincera-il-si-riforma-restituira-rispetto-a-magistratura\/#primaryimage"},"thumbnailUrl":"https:\/\/www.livemag.it\/wp-content\/uploads\/2026\/03\/4yGx.jpg","datePublished":"2026-03-14T20:03:01+00:00","breadcrumb":{"@id":"https:\/\/www.livemag.it\/index.php\/2026\/03\/14\/referendum-varchi-vincera-il-si-riforma-restituira-rispetto-a-magistratura\/#breadcrumb"},"inLanguage":"it-IT","potentialAction":[{"@type":"ReadAction","target":["https:\/\/www.livemag.it\/index.php\/2026\/03\/14\/referendum-varchi-vincera-il-si-riforma-restituira-rispetto-a-magistratura\/"]}]},{"@type":"ImageObject","inLanguage":"it-IT","@id":"https:\/\/www.livemag.it\/index.php\/2026\/03\/14\/referendum-varchi-vincera-il-si-riforma-restituira-rispetto-a-magistratura\/#primaryimage","url":"https:\/\/www.livemag.it\/wp-content\/uploads\/2026\/03\/4yGx.jpg","contentUrl":"https:\/\/www.livemag.it\/wp-content\/uploads\/2026\/03\/4yGx.jpg","width":1920,"height":1080},{"@type":"BreadcrumbList","@id":"https:\/\/www.livemag.it\/index.php\/2026\/03\/14\/referendum-varchi-vincera-il-si-riforma-restituira-rispetto-a-magistratura\/#breadcrumb","itemListElement":[{"@type":"ListItem","position":1,"name":"Home","item":"https:\/\/www.livemag.it\/"},{"@type":"ListItem","position":2,"name":"Referendum, Varchi &#8220;Vincer\u00e0 il S\u00ec, riforma restituir\u00e0 rispetto a magistratura&#8221;"}]},{"@type":"WebSite","@id":"https:\/\/www.livemag.it\/#website","url":"https:\/\/www.livemag.it\/","name":"Live Magazine","description":"Varie ed eventi","publisher":{"@id":"https:\/\/www.livemag.it\/#organization"},"potentialAction":[{"@type":"SearchAction","target":{"@type":"EntryPoint","urlTemplate":"https:\/\/www.livemag.it\/?s={search_term_string}"},"query-input":{"@type":"PropertyValueSpecification","valueRequired":true,"valueName":"search_term_string"}}],"inLanguage":"it-IT"},{"@type":"Organization","@id":"https:\/\/www.livemag.it\/#organization","name":"LiveMag","alternateName":"LiveMag News ed eventi","url":"https:\/\/www.livemag.it\/","logo":{"@type":"ImageObject","inLanguage":"it-IT","@id":"https:\/\/www.livemag.it\/#\/schema\/logo\/image\/","url":"https:\/\/www.livemag.it\/wp-content\/uploads\/2024\/02\/immagine-sito.jpg","contentUrl":"https:\/\/www.livemag.it\/wp-content\/uploads\/2024\/02\/immagine-sito.jpg","width":696,"height":696,"caption":"LiveMag"},"image":{"@id":"https:\/\/www.livemag.it\/#\/schema\/logo\/image\/"},"sameAs":["https:\/\/www.facebook.com\/LiveMag\/","https:\/\/x.com\/LiveNotizie","https:\/\/www.instagram.com\/livemag\/"]},{"@type":"Person","@id":"https:\/\/www.livemag.it\/#\/schema\/person\/b62c5f44451fdcdaeb0afe6c2424e73c","name":"italpress","image":{"@type":"ImageObject","inLanguage":"it-IT","@id":"https:\/\/secure.gravatar.com\/avatar\/b6a21695fc713ce7ee312cf57c97e2e641feb365be72d8745574d3c3e2b59066?s=96&r=g","url":"https:\/\/secure.gravatar.com\/avatar\/b6a21695fc713ce7ee312cf57c97e2e641feb365be72d8745574d3c3e2b59066?s=96&r=g","contentUrl":"https:\/\/secure.gravatar.com\/avatar\/b6a21695fc713ce7ee312cf57c97e2e641feb365be72d8745574d3c3e2b59066?s=96&r=g","caption":"italpress"},"description":"Italpress \u00e8 un'agenzia di stampa italiana a carattere nazionale.","url":"https:\/\/www.livemag.it\/index.php\/author\/italpress\/"}]}},"jetpack_featured_media_url":"https:\/\/www.livemag.it\/wp-content\/uploads\/2026\/03\/4yGx.jpg","_links":{"self":[{"href":"https:\/\/www.livemag.it\/index.php\/wp-json\/wp\/v2\/posts\/71657","targetHints":{"allow":["GET"]}}],"collection":[{"href":"https:\/\/www.livemag.it\/index.php\/wp-json\/wp\/v2\/posts"}],"about":[{"href":"https:\/\/www.livemag.it\/index.php\/wp-json\/wp\/v2\/types\/post"}],"author":[{"embeddable":true,"href":"https:\/\/www.livemag.it\/index.php\/wp-json\/wp\/v2\/users\/16"}],"replies":[{"embeddable":true,"href":"https:\/\/www.livemag.it\/index.php\/wp-json\/wp\/v2\/comments?post=71657"}],"version-history":[{"count":0,"href":"https:\/\/www.livemag.it\/index.php\/wp-json\/wp\/v2\/posts\/71657\/revisions"}],"wp:featuredmedia":[{"embeddable":true,"href":"https:\/\/www.livemag.it\/index.php\/wp-json\/wp\/v2\/media\/71658"}],"wp:attachment":[{"href":"https:\/\/www.livemag.it\/index.php\/wp-json\/wp\/v2\/media?parent=71657"}],"wp:term":[{"taxonomy":"category","embeddable":true,"href":"https:\/\/www.livemag.it\/index.php\/wp-json\/wp\/v2\/categories?post=71657"},{"taxonomy":"post_tag","embeddable":true,"href":"https:\/\/www.livemag.it\/index.php\/wp-json\/wp\/v2\/tags?post=71657"}],"curies":[{"name":"wp","href":"https:\/\/api.w.org\/{rel}","templated":true}]}}