{"id":71627,"date":"2026-03-14T00:55:58","date_gmt":"2026-03-13T23:55:58","guid":{"rendered":"https:\/\/www.livemag.it\/?p=71627"},"modified":"2026-03-14T00:56:06","modified_gmt":"2026-03-13T23:56:06","slug":"la-celebrazione-degli-800-anni-di-san-francesco-ad-assisi","status":"publish","type":"post","link":"https:\/\/www.livemag.it\/index.php\/2026\/03\/14\/la-celebrazione-degli-800-anni-di-san-francesco-ad-assisi\/","title":{"rendered":"La celebrazione degli 800 anni di San Francesco ad Assisi"},"content":{"rendered":"\n<h2 class=\"wp-block-heading\">La collaborazione tra religiosi ed esperti digitali ha creato un sistema efficiente per le celebrazioni storiche in Umbria<\/h2>\n\n\n\n<p>Nel corso del <strong>2026<\/strong>, la citt\u00e0 di <strong>Assisi<\/strong> \u00e8 diventata il fulcro di un evento epocale per commemorare gli <strong>800 anni<\/strong> dalla scomparsa di <strong>San Francesco<\/strong>. Fino al <strong>22 marzo<\/strong>, i fedeli hanno la possibilit\u00e0 di partecipare all&#8217;eccezionale ostensione pubblica delle spoglie mortali del <strong>Patrono d&#8217;Italia<\/strong> presso la chiesa inferiore della <strong>Basilica di San Francesco<\/strong>. Questa iniziativa, che ha preso il via il <strong>22 febbraio<\/strong>, rappresenta un momento di altissima spiritualit\u00e0 e riflessione, attirando una moltitudine di visitatori da ogni angolo del pianeta. Come sottolineato da <strong>fra Giulio Cesareo<\/strong>, portavoce della comunit\u00e0 dei frati: <em>&#8220;La nostra comunit\u00e0 francescana \u00e8 molto felice di essersi affidata a dei professionisti come Marco Marchesi e il team di \u2018Prenota un posto\u2019 nella gestione informatica delle prenotazioni della venerazione delle spoglie mortali di San Francesco&#8221;<\/em>.<\/p>\n\n\n\n<h3 class=\"wp-block-heading\">Tecnologia e gestione dei flussi dei pellegrini<\/h3>\n\n\n\n<p>L&#8217;organizzazione di un appuntamento di tale portata internazionale ha richiesto una sinergia perfetta tra le autorit\u00e0 religiose, civili e il <strong>Comitato nazionale per l\u2019ottavo centenario della morte di San Francesco<\/strong>. Per gestire l&#8217;enorme afflusso e garantire la sicurezza, le spoglie sono state spostate dalla cripta fin sotto l\u2019altare papale, rendendo l&#8217;accesso fluido e ordinato. <strong>Fra\u2019 Giulio Cesareo<\/strong> ha spiegato che la natura dell&#8217;evento richiedeva una competenza specifica: <em>&#8220;\u00c8 un evento unico per il significato, le caratteristiche, la durata e il numero di pellegrini: per questo la sua complessit\u00e0 e delicatezza richiedeva una gestione efficace e flessibile. In \u2018Prenota un posto\u2019 abbiamo trovato un partner affidabile e competente a questo riguardo&#8221;<\/em>. Grazie a questa collaborazione, \u00e8 stato possibile coordinare i tempi di ingresso e le turnazioni, evitando attese estenuanti e sovraffollamenti nella citt\u00e0 umbra.<\/p>\n\n\n<div class=\"wp-block-image\">\n<figure class=\"aligncenter size-full\"><img fetchpriority=\"high\" decoding=\"async\" width=\"751\" height=\"1000\" src=\"https:\/\/www.livemag.it\/wp-content\/uploads\/2026\/03\/MG_8453.jpg\" alt=\"\" class=\"wp-image-71630\" srcset=\"https:\/\/www.livemag.it\/wp-content\/uploads\/2026\/03\/MG_8453.jpg 751w, https:\/\/www.livemag.it\/wp-content\/uploads\/2026\/03\/MG_8453-225x300.jpg 225w\" sizes=\"(max-width: 751px) 100vw, 751px\" \/><\/figure>\n<\/div>\n\n\n<h3 class=\"wp-block-heading\">Il successo dell&#8217;app PrenotaUnPosto e i numeri dell&#8217;evento<\/h3>\n\n\n\n<p>Il sistema digitale che ha permesso il corretto svolgimento delle visite \u00e8 stato ideato da <strong>Marco Marchesi<\/strong>, professionista di <strong>Bergamo<\/strong> e creatore dell&#8217;app <strong>PrenotaUnPosto<\/strong>. Lo strumento tecnologico ha permesso di processare finora oltre <strong>450.000 prenotazioni<\/strong>, dimostrando come l&#8217;innovazione possa supportare la tradizione religiosa. <strong>Marco Marchesi<\/strong> ha dichiarato: <em>&#8220;Essere stato scelto dai Frati (Minori Conventuali) del Sacro Convento rappresenta per me un grande onore e una profonda responsabilit\u00e0&#8221;<\/em>. Lo sviluppatore ha poi aggiunto che <em>&#8220;La piattaforma \u00e8 stata progettata per semplificare e rendere trasparente l\u2019accesso agli eventi, consentendo una gestione ordinata dei partecipanti, una distribuzione controllata delle presenze e una comunicazione chiara con il pubblico&#8221;<\/em>. L&#8217;integrazione di questa soluzione informatica ha assicurato a ogni pellegrino un&#8217;esperienza di preghiera serena e consapevole, confermando <strong>Assisi<\/strong> come centro universale di accoglienza e dialogo.<\/p>\n","protected":false},"excerpt":{"rendered":"<p>La collaborazione tra religiosi ed esperti digitali ha creato un sistema efficiente per le celebrazioni storiche in Umbria Nel corso del 2026, la citt\u00e0 di Assisi \u00e8 diventata il fulcro di un evento epocale per commemorare gli 800 anni dalla scomparsa di San Francesco. Fino al 22 marzo, i fedeli hanno la possibilit\u00e0 di partecipare [&hellip;]<\/p>\n","protected":false},"author":20,"featured_media":71629,"comment_status":"open","ping_status":"open","sticky":false,"template":"","format":"standard","meta":{"jnews-multi-image_gallery":[],"jnews_single_post":{"format":"standard"},"jnews_primary_category":[],"jnews_social_meta":[],"jnews_override_counter":[],"jnews_post_split":[],"footnotes":""},"categories":[3],"tags":[4027,8644,8643,6580,4026,2856],"class_list":["post-71627","post","type-post","status-publish","format-standard","has-post-thumbnail","hentry","category-livenews","tag-assisi","tag-marco-marchesi","tag-prenota-un-posto","tag-religione","tag-san-francesco","tag-tecnologia"],"yoast_head":"<!-- This site is optimized with the Yoast SEO plugin v27.5 - https:\/\/yoast.com\/product\/yoast-seo-wordpress\/ -->\n<title>La celebrazione degli 800 anni di San Francesco ad Assisi<\/title>\n<meta name=\"description\" content=\"Nel corso del 2026, la citt\u00e0 di Assisi \u00e8 diventata il fulcro di un evento epocale per commemorare gli 800 anni dalla scomparsa\" \/>\n<meta name=\"robots\" content=\"index, follow, max-snippet:-1, max-image-preview:large, max-video-preview:-1\" \/>\n<link rel=\"canonical\" href=\"https:\/\/www.livemag.it\/index.php\/2026\/03\/14\/la-celebrazione-degli-800-anni-di-san-francesco-ad-assisi\/\" \/>\n<meta property=\"og:locale\" content=\"it_IT\" \/>\n<meta property=\"og:type\" content=\"article\" \/>\n<meta property=\"og:title\" content=\"La celebrazione degli 800 anni di San Francesco ad Assisi\" \/>\n<meta property=\"og:description\" content=\"Nel corso del 2026, la citt\u00e0 di Assisi \u00e8 diventata il fulcro di un evento epocale per commemorare gli 800 anni dalla scomparsa\" \/>\n<meta property=\"og:url\" content=\"https:\/\/www.livemag.it\/index.php\/2026\/03\/14\/la-celebrazione-degli-800-anni-di-san-francesco-ad-assisi\/\" \/>\n<meta property=\"og:site_name\" content=\"Live Magazine\" \/>\n<meta property=\"article:publisher\" content=\"https:\/\/www.facebook.com\/LiveMag\/\" \/>\n<meta property=\"article:published_time\" content=\"2026-03-13T23:55:58+00:00\" \/>\n<meta property=\"article:modified_time\" content=\"2026-03-13T23:56:06+00:00\" \/>\n<meta property=\"og:image\" content=\"https:\/\/www.livemag.it\/wp-content\/uploads\/2026\/03\/MG_3168.jpg\" \/>\n\t<meta property=\"og:image:width\" content=\"1000\" \/>\n\t<meta property=\"og:image:height\" content=\"667\" \/>\n\t<meta property=\"og:image:type\" content=\"image\/jpeg\" \/>\n<meta name=\"author\" content=\"Mario Altomura\" \/>\n<meta name=\"twitter:card\" content=\"summary_large_image\" \/>\n<meta name=\"twitter:title\" content=\"La celebrazione degli 800 anni di San Francesco ad Assisi\" \/>\n<meta name=\"twitter:description\" content=\"Nel corso del 2026, la citt\u00e0 di Assisi \u00e8 diventata il fulcro di un evento epocale per commemorare gli 800 anni dalla scomparsa\" \/>\n<meta name=\"twitter:image\" content=\"https:\/\/www.livemag.it\/wp-content\/uploads\/2026\/03\/MG_3168.jpg\" \/>\n<meta name=\"twitter:creator\" content=\"@LiveNotizie\" \/>\n<meta name=\"twitter:site\" content=\"@LiveNotizie\" \/>\n<meta name=\"twitter:label1\" content=\"Scritto da\" \/>\n\t<meta name=\"twitter:data1\" content=\"Mario Altomura\" \/>\n\t<meta name=\"twitter:label2\" content=\"Tempo di lettura stimato\" \/>\n\t<meta name=\"twitter:data2\" content=\"3 minuti\" \/>\n<script type=\"application\/ld+json\" class=\"yoast-schema-graph\">{\"@context\":\"https:\\\/\\\/schema.org\",\"@graph\":[{\"@type\":\"Article\",\"@id\":\"https:\\\/\\\/www.livemag.it\\\/index.php\\\/2026\\\/03\\\/14\\\/la-celebrazione-degli-800-anni-di-san-francesco-ad-assisi\\\/#article\",\"isPartOf\":{\"@id\":\"https:\\\/\\\/www.livemag.it\\\/index.php\\\/2026\\\/03\\\/14\\\/la-celebrazione-degli-800-anni-di-san-francesco-ad-assisi\\\/\"},\"author\":{\"name\":\"Mario Altomura\",\"@id\":\"https:\\\/\\\/www.livemag.it\\\/#\\\/schema\\\/person\\\/cc097583ef7f4da9e9fe62e8b552ab72\"},\"headline\":\"La celebrazione degli 800 anni di San Francesco ad Assisi\",\"datePublished\":\"2026-03-13T23:55:58+00:00\",\"dateModified\":\"2026-03-13T23:56:06+00:00\",\"mainEntityOfPage\":{\"@id\":\"https:\\\/\\\/www.livemag.it\\\/index.php\\\/2026\\\/03\\\/14\\\/la-celebrazione-degli-800-anni-di-san-francesco-ad-assisi\\\/\"},\"wordCount\":438,\"commentCount\":0,\"publisher\":{\"@id\":\"https:\\\/\\\/www.livemag.it\\\/#organization\"},\"image\":{\"@id\":\"https:\\\/\\\/www.livemag.it\\\/index.php\\\/2026\\\/03\\\/14\\\/la-celebrazione-degli-800-anni-di-san-francesco-ad-assisi\\\/#primaryimage\"},\"thumbnailUrl\":\"https:\\\/\\\/www.livemag.it\\\/wp-content\\\/uploads\\\/2026\\\/03\\\/MG_3168.jpg\",\"keywords\":[\"Assisi\",\"Marco Marchesi\",\"Prenota un posto\",\"religione\",\"San Francesco\",\"tecnologia\"],\"articleSection\":[\"LiveNews\"],\"inLanguage\":\"it-IT\",\"potentialAction\":[{\"@type\":\"CommentAction\",\"name\":\"Comment\",\"target\":[\"https:\\\/\\\/www.livemag.it\\\/index.php\\\/2026\\\/03\\\/14\\\/la-celebrazione-degli-800-anni-di-san-francesco-ad-assisi\\\/#respond\"]}]},{\"@type\":\"WebPage\",\"@id\":\"https:\\\/\\\/www.livemag.it\\\/index.php\\\/2026\\\/03\\\/14\\\/la-celebrazione-degli-800-anni-di-san-francesco-ad-assisi\\\/\",\"url\":\"https:\\\/\\\/www.livemag.it\\\/index.php\\\/2026\\\/03\\\/14\\\/la-celebrazione-degli-800-anni-di-san-francesco-ad-assisi\\\/\",\"name\":\"La celebrazione degli 800 anni di San Francesco ad Assisi\",\"isPartOf\":{\"@id\":\"https:\\\/\\\/www.livemag.it\\\/#website\"},\"primaryImageOfPage\":{\"@id\":\"https:\\\/\\\/www.livemag.it\\\/index.php\\\/2026\\\/03\\\/14\\\/la-celebrazione-degli-800-anni-di-san-francesco-ad-assisi\\\/#primaryimage\"},\"image\":{\"@id\":\"https:\\\/\\\/www.livemag.it\\\/index.php\\\/2026\\\/03\\\/14\\\/la-celebrazione-degli-800-anni-di-san-francesco-ad-assisi\\\/#primaryimage\"},\"thumbnailUrl\":\"https:\\\/\\\/www.livemag.it\\\/wp-content\\\/uploads\\\/2026\\\/03\\\/MG_3168.jpg\",\"datePublished\":\"2026-03-13T23:55:58+00:00\",\"dateModified\":\"2026-03-13T23:56:06+00:00\",\"description\":\"Nel corso del 2026, la citt\u00e0 di Assisi \u00e8 diventata il fulcro di un evento epocale per commemorare gli 800 anni dalla scomparsa\",\"breadcrumb\":{\"@id\":\"https:\\\/\\\/www.livemag.it\\\/index.php\\\/2026\\\/03\\\/14\\\/la-celebrazione-degli-800-anni-di-san-francesco-ad-assisi\\\/#breadcrumb\"},\"inLanguage\":\"it-IT\",\"potentialAction\":[{\"@type\":\"ReadAction\",\"target\":[\"https:\\\/\\\/www.livemag.it\\\/index.php\\\/2026\\\/03\\\/14\\\/la-celebrazione-degli-800-anni-di-san-francesco-ad-assisi\\\/\"]}]},{\"@type\":\"ImageObject\",\"inLanguage\":\"it-IT\",\"@id\":\"https:\\\/\\\/www.livemag.it\\\/index.php\\\/2026\\\/03\\\/14\\\/la-celebrazione-degli-800-anni-di-san-francesco-ad-assisi\\\/#primaryimage\",\"url\":\"https:\\\/\\\/www.livemag.it\\\/wp-content\\\/uploads\\\/2026\\\/03\\\/MG_3168.jpg\",\"contentUrl\":\"https:\\\/\\\/www.livemag.it\\\/wp-content\\\/uploads\\\/2026\\\/03\\\/MG_3168.jpg\",\"width\":1000,\"height\":667},{\"@type\":\"BreadcrumbList\",\"@id\":\"https:\\\/\\\/www.livemag.it\\\/index.php\\\/2026\\\/03\\\/14\\\/la-celebrazione-degli-800-anni-di-san-francesco-ad-assisi\\\/#breadcrumb\",\"itemListElement\":[{\"@type\":\"ListItem\",\"position\":1,\"name\":\"Home\",\"item\":\"https:\\\/\\\/www.livemag.it\\\/\"},{\"@type\":\"ListItem\",\"position\":2,\"name\":\"La celebrazione degli 800 anni di San Francesco ad Assisi\"}]},{\"@type\":\"WebSite\",\"@id\":\"https:\\\/\\\/www.livemag.it\\\/#website\",\"url\":\"https:\\\/\\\/www.livemag.it\\\/\",\"name\":\"Live Magazine\",\"description\":\"Varie ed eventi\",\"publisher\":{\"@id\":\"https:\\\/\\\/www.livemag.it\\\/#organization\"},\"potentialAction\":[{\"@type\":\"SearchAction\",\"target\":{\"@type\":\"EntryPoint\",\"urlTemplate\":\"https:\\\/\\\/www.livemag.it\\\/?s={search_term_string}\"},\"query-input\":{\"@type\":\"PropertyValueSpecification\",\"valueRequired\":true,\"valueName\":\"search_term_string\"}}],\"inLanguage\":\"it-IT\"},{\"@type\":\"Organization\",\"@id\":\"https:\\\/\\\/www.livemag.it\\\/#organization\",\"name\":\"LiveMag\",\"alternateName\":\"LiveMag News ed eventi\",\"url\":\"https:\\\/\\\/www.livemag.it\\\/\",\"logo\":{\"@type\":\"ImageObject\",\"inLanguage\":\"it-IT\",\"@id\":\"https:\\\/\\\/www.livemag.it\\\/#\\\/schema\\\/logo\\\/image\\\/\",\"url\":\"https:\\\/\\\/www.livemag.it\\\/wp-content\\\/uploads\\\/2024\\\/02\\\/immagine-sito.jpg\",\"contentUrl\":\"https:\\\/\\\/www.livemag.it\\\/wp-content\\\/uploads\\\/2024\\\/02\\\/immagine-sito.jpg\",\"width\":696,\"height\":696,\"caption\":\"LiveMag\"},\"image\":{\"@id\":\"https:\\\/\\\/www.livemag.it\\\/#\\\/schema\\\/logo\\\/image\\\/\"},\"sameAs\":[\"https:\\\/\\\/www.facebook.com\\\/LiveMag\\\/\",\"https:\\\/\\\/x.com\\\/LiveNotizie\",\"https:\\\/\\\/www.instagram.com\\\/livemag\\\/\"]},{\"@type\":\"Person\",\"@id\":\"https:\\\/\\\/www.livemag.it\\\/#\\\/schema\\\/person\\\/cc097583ef7f4da9e9fe62e8b552ab72\",\"name\":\"Mario Altomura\",\"image\":{\"@type\":\"ImageObject\",\"inLanguage\":\"it-IT\",\"@id\":\"https:\\\/\\\/secure.gravatar.com\\\/avatar\\\/3c7d3ce72a2bed6bab5e3681d59712a49247bdd227b4ef67de56814084f945dd?s=96&r=g\",\"url\":\"https:\\\/\\\/secure.gravatar.com\\\/avatar\\\/3c7d3ce72a2bed6bab5e3681d59712a49247bdd227b4ef67de56814084f945dd?s=96&r=g\",\"contentUrl\":\"https:\\\/\\\/secure.gravatar.com\\\/avatar\\\/3c7d3ce72a2bed6bab5e3681d59712a49247bdd227b4ef67de56814084f945dd?s=96&r=g\",\"caption\":\"Mario Altomura\"},\"description\":\"fotografo celebrity\",\"url\":\"https:\\\/\\\/www.livemag.it\\\/index.php\\\/author\\\/fabio-scarpati\\\/\"}]}<\/script>\n<!-- \/ Yoast SEO plugin. -->","yoast_head_json":{"title":"La celebrazione degli 800 anni di San Francesco ad Assisi","description":"Nel corso del 2026, la citt\u00e0 di Assisi \u00e8 diventata il fulcro di un evento epocale per commemorare gli 800 anni dalla scomparsa","robots":{"index":"index","follow":"follow","max-snippet":"max-snippet:-1","max-image-preview":"max-image-preview:large","max-video-preview":"max-video-preview:-1"},"canonical":"https:\/\/www.livemag.it\/index.php\/2026\/03\/14\/la-celebrazione-degli-800-anni-di-san-francesco-ad-assisi\/","og_locale":"it_IT","og_type":"article","og_title":"La celebrazione degli 800 anni di San Francesco ad Assisi","og_description":"Nel corso del 2026, la citt\u00e0 di Assisi \u00e8 diventata il fulcro di un evento epocale per commemorare gli 800 anni dalla scomparsa","og_url":"https:\/\/www.livemag.it\/index.php\/2026\/03\/14\/la-celebrazione-degli-800-anni-di-san-francesco-ad-assisi\/","og_site_name":"Live Magazine","article_publisher":"https:\/\/www.facebook.com\/LiveMag\/","article_published_time":"2026-03-13T23:55:58+00:00","article_modified_time":"2026-03-13T23:56:06+00:00","og_image":[{"width":1000,"height":667,"url":"https:\/\/www.livemag.it\/wp-content\/uploads\/2026\/03\/MG_3168.jpg","type":"image\/jpeg"}],"author":"Mario Altomura","twitter_card":"summary_large_image","twitter_title":"La celebrazione degli 800 anni di San Francesco ad Assisi","twitter_description":"Nel corso del 2026, la citt\u00e0 di Assisi \u00e8 diventata il fulcro di un evento epocale per commemorare gli 800 anni dalla scomparsa","twitter_image":"https:\/\/www.livemag.it\/wp-content\/uploads\/2026\/03\/MG_3168.jpg","twitter_creator":"@LiveNotizie","twitter_site":"@LiveNotizie","twitter_misc":{"Scritto da":"Mario Altomura","Tempo di lettura stimato":"3 minuti"},"schema":{"@context":"https:\/\/schema.org","@graph":[{"@type":"Article","@id":"https:\/\/www.livemag.it\/index.php\/2026\/03\/14\/la-celebrazione-degli-800-anni-di-san-francesco-ad-assisi\/#article","isPartOf":{"@id":"https:\/\/www.livemag.it\/index.php\/2026\/03\/14\/la-celebrazione-degli-800-anni-di-san-francesco-ad-assisi\/"},"author":{"name":"Mario Altomura","@id":"https:\/\/www.livemag.it\/#\/schema\/person\/cc097583ef7f4da9e9fe62e8b552ab72"},"headline":"La celebrazione degli 800 anni di San Francesco ad Assisi","datePublished":"2026-03-13T23:55:58+00:00","dateModified":"2026-03-13T23:56:06+00:00","mainEntityOfPage":{"@id":"https:\/\/www.livemag.it\/index.php\/2026\/03\/14\/la-celebrazione-degli-800-anni-di-san-francesco-ad-assisi\/"},"wordCount":438,"commentCount":0,"publisher":{"@id":"https:\/\/www.livemag.it\/#organization"},"image":{"@id":"https:\/\/www.livemag.it\/index.php\/2026\/03\/14\/la-celebrazione-degli-800-anni-di-san-francesco-ad-assisi\/#primaryimage"},"thumbnailUrl":"https:\/\/www.livemag.it\/wp-content\/uploads\/2026\/03\/MG_3168.jpg","keywords":["Assisi","Marco Marchesi","Prenota un posto","religione","San Francesco","tecnologia"],"articleSection":["LiveNews"],"inLanguage":"it-IT","potentialAction":[{"@type":"CommentAction","name":"Comment","target":["https:\/\/www.livemag.it\/index.php\/2026\/03\/14\/la-celebrazione-degli-800-anni-di-san-francesco-ad-assisi\/#respond"]}]},{"@type":"WebPage","@id":"https:\/\/www.livemag.it\/index.php\/2026\/03\/14\/la-celebrazione-degli-800-anni-di-san-francesco-ad-assisi\/","url":"https:\/\/www.livemag.it\/index.php\/2026\/03\/14\/la-celebrazione-degli-800-anni-di-san-francesco-ad-assisi\/","name":"La celebrazione degli 800 anni di San Francesco ad Assisi","isPartOf":{"@id":"https:\/\/www.livemag.it\/#website"},"primaryImageOfPage":{"@id":"https:\/\/www.livemag.it\/index.php\/2026\/03\/14\/la-celebrazione-degli-800-anni-di-san-francesco-ad-assisi\/#primaryimage"},"image":{"@id":"https:\/\/www.livemag.it\/index.php\/2026\/03\/14\/la-celebrazione-degli-800-anni-di-san-francesco-ad-assisi\/#primaryimage"},"thumbnailUrl":"https:\/\/www.livemag.it\/wp-content\/uploads\/2026\/03\/MG_3168.jpg","datePublished":"2026-03-13T23:55:58+00:00","dateModified":"2026-03-13T23:56:06+00:00","description":"Nel corso del 2026, la citt\u00e0 di Assisi \u00e8 diventata il fulcro di un evento epocale per commemorare gli 800 anni dalla scomparsa","breadcrumb":{"@id":"https:\/\/www.livemag.it\/index.php\/2026\/03\/14\/la-celebrazione-degli-800-anni-di-san-francesco-ad-assisi\/#breadcrumb"},"inLanguage":"it-IT","potentialAction":[{"@type":"ReadAction","target":["https:\/\/www.livemag.it\/index.php\/2026\/03\/14\/la-celebrazione-degli-800-anni-di-san-francesco-ad-assisi\/"]}]},{"@type":"ImageObject","inLanguage":"it-IT","@id":"https:\/\/www.livemag.it\/index.php\/2026\/03\/14\/la-celebrazione-degli-800-anni-di-san-francesco-ad-assisi\/#primaryimage","url":"https:\/\/www.livemag.it\/wp-content\/uploads\/2026\/03\/MG_3168.jpg","contentUrl":"https:\/\/www.livemag.it\/wp-content\/uploads\/2026\/03\/MG_3168.jpg","width":1000,"height":667},{"@type":"BreadcrumbList","@id":"https:\/\/www.livemag.it\/index.php\/2026\/03\/14\/la-celebrazione-degli-800-anni-di-san-francesco-ad-assisi\/#breadcrumb","itemListElement":[{"@type":"ListItem","position":1,"name":"Home","item":"https:\/\/www.livemag.it\/"},{"@type":"ListItem","position":2,"name":"La celebrazione degli 800 anni di San Francesco ad Assisi"}]},{"@type":"WebSite","@id":"https:\/\/www.livemag.it\/#website","url":"https:\/\/www.livemag.it\/","name":"Live Magazine","description":"Varie ed eventi","publisher":{"@id":"https:\/\/www.livemag.it\/#organization"},"potentialAction":[{"@type":"SearchAction","target":{"@type":"EntryPoint","urlTemplate":"https:\/\/www.livemag.it\/?s={search_term_string}"},"query-input":{"@type":"PropertyValueSpecification","valueRequired":true,"valueName":"search_term_string"}}],"inLanguage":"it-IT"},{"@type":"Organization","@id":"https:\/\/www.livemag.it\/#organization","name":"LiveMag","alternateName":"LiveMag News ed eventi","url":"https:\/\/www.livemag.it\/","logo":{"@type":"ImageObject","inLanguage":"it-IT","@id":"https:\/\/www.livemag.it\/#\/schema\/logo\/image\/","url":"https:\/\/www.livemag.it\/wp-content\/uploads\/2024\/02\/immagine-sito.jpg","contentUrl":"https:\/\/www.livemag.it\/wp-content\/uploads\/2024\/02\/immagine-sito.jpg","width":696,"height":696,"caption":"LiveMag"},"image":{"@id":"https:\/\/www.livemag.it\/#\/schema\/logo\/image\/"},"sameAs":["https:\/\/www.facebook.com\/LiveMag\/","https:\/\/x.com\/LiveNotizie","https:\/\/www.instagram.com\/livemag\/"]},{"@type":"Person","@id":"https:\/\/www.livemag.it\/#\/schema\/person\/cc097583ef7f4da9e9fe62e8b552ab72","name":"Mario Altomura","image":{"@type":"ImageObject","inLanguage":"it-IT","@id":"https:\/\/secure.gravatar.com\/avatar\/3c7d3ce72a2bed6bab5e3681d59712a49247bdd227b4ef67de56814084f945dd?s=96&r=g","url":"https:\/\/secure.gravatar.com\/avatar\/3c7d3ce72a2bed6bab5e3681d59712a49247bdd227b4ef67de56814084f945dd?s=96&r=g","contentUrl":"https:\/\/secure.gravatar.com\/avatar\/3c7d3ce72a2bed6bab5e3681d59712a49247bdd227b4ef67de56814084f945dd?s=96&r=g","caption":"Mario Altomura"},"description":"fotografo celebrity","url":"https:\/\/www.livemag.it\/index.php\/author\/fabio-scarpati\/"}]}},"jetpack_featured_media_url":"https:\/\/www.livemag.it\/wp-content\/uploads\/2026\/03\/MG_3168.jpg","_links":{"self":[{"href":"https:\/\/www.livemag.it\/index.php\/wp-json\/wp\/v2\/posts\/71627","targetHints":{"allow":["GET"]}}],"collection":[{"href":"https:\/\/www.livemag.it\/index.php\/wp-json\/wp\/v2\/posts"}],"about":[{"href":"https:\/\/www.livemag.it\/index.php\/wp-json\/wp\/v2\/types\/post"}],"author":[{"embeddable":true,"href":"https:\/\/www.livemag.it\/index.php\/wp-json\/wp\/v2\/users\/20"}],"replies":[{"embeddable":true,"href":"https:\/\/www.livemag.it\/index.php\/wp-json\/wp\/v2\/comments?post=71627"}],"version-history":[{"count":3,"href":"https:\/\/www.livemag.it\/index.php\/wp-json\/wp\/v2\/posts\/71627\/revisions"}],"predecessor-version":[{"id":71632,"href":"https:\/\/www.livemag.it\/index.php\/wp-json\/wp\/v2\/posts\/71627\/revisions\/71632"}],"wp:featuredmedia":[{"embeddable":true,"href":"https:\/\/www.livemag.it\/index.php\/wp-json\/wp\/v2\/media\/71629"}],"wp:attachment":[{"href":"https:\/\/www.livemag.it\/index.php\/wp-json\/wp\/v2\/media?parent=71627"}],"wp:term":[{"taxonomy":"category","embeddable":true,"href":"https:\/\/www.livemag.it\/index.php\/wp-json\/wp\/v2\/categories?post=71627"},{"taxonomy":"post_tag","embeddable":true,"href":"https:\/\/www.livemag.it\/index.php\/wp-json\/wp\/v2\/tags?post=71627"}],"curies":[{"name":"wp","href":"https:\/\/api.w.org\/{rel}","templated":true}]}}