{"id":71611,"date":"2026-03-13T21:02:58","date_gmt":"2026-03-13T20:02:58","guid":{"rendered":"https:\/\/www.livemag.it\/index.php\/2026\/03\/13\/crisi-climatica-in-montagna-meno-neve-e-piu-impianti-chiusi\/"},"modified":"2026-03-13T21:02:58","modified_gmt":"2026-03-13T20:02:58","slug":"crisi-climatica-in-montagna-meno-neve-e-piu-impianti-chiusi","status":"publish","type":"post","link":"https:\/\/www.livemag.it\/index.php\/2026\/03\/13\/crisi-climatica-in-montagna-meno-neve-e-piu-impianti-chiusi\/","title":{"rendered":"Crisi climatica in montagna, meno neve e pi\u00f9 impianti chiusi"},"content":{"rendered":"<p>    <video-js id=\"videojs69f21b8a004db\" class=\"vjs-big-play-centered\" controls preload=\"auto\" playsinline data-setup='{\"fluid\": true}'>\r\n        <source src=\"https:\/\/video.italpress.com\/play\/mp4\/video\/wq28\" type=\"video\/mp4\" \/>\r\n    <\/video-js>\r\n           <br \/>\n<\/p>\n<div> ROMA (ITALPRESS) &#8211; Il cambiamento climatico sta trasformando le montagne italiane. Temperature pi\u00f9 alte, ghiacciai in ritirata e nevicate sempre pi\u00f9 irregolari stanno mettendo in difficolt\u00e0 il turismo invernale tradizionale. Sulle Alpi, ad esempio, la stagione della neve oggi dura fino a un mese in meno rispetto a cinquant\u2019anni fa, mentre tra il 1982 e il 2020 si \u00e8 registrato anche un calo superiore al 30% della profondit\u00e0 del manto nevoso e delle riserve d\u2019acqua contenute nella neve.<br \/>\nNonostante questo scenario, secondo il nuovo report Nevediversa 2026 di Legambiente circa il 90% dei fondi pubblici destinati al turismo montano continua a finanziare il \u201csistema neve\u201d, mentre alle strategie di riconversione e alla diversificazione dell\u2019offerta turistica restano poche risorse.<br \/>\nIntanto i segnali della crisi climatica sono sempre pi\u00f9 evidenti. In Italia si contano 273 impianti sciistici ormai dismessi e 247 edifici turistici abbandonati o sottoutilizzati tra alberghi, residence e strutture ricettive. Allo stesso tempo cresce il ricorso all\u2019innevamento artificiale, con 169 bacini dedicati alla produzione di neve tecnica distribuiti soprattutto lungo l\u2019arco alpino.<br \/>\nIl cambiamento del clima mette in discussione anche il futuro dei grandi eventi sportivi. Secondo diversi studi, nei prossimi trent\u2019anni quasi la met\u00e0 delle sedi olimpiche invernali potrebbe perdere l\u2019affidabilit\u00e0 climatica necessaria per ospitare le gare.<br \/>\nPer Legambiente \u00e8 quindi necessario ripensare il turismo di montagna: puntare su attivit\u00e0 diverse dallo sci, adattarsi alla crisi climatica e coinvolgere le comunit\u00e0 locali, per garantire un futuro sostenibile ai territori montani.<br \/>\ngsl<\/div>\n","protected":false},"excerpt":{"rendered":"<p>ROMA (ITALPRESS) &#8211; Il cambiamento climatico sta trasformando le montagne italiane. Temperature pi\u00f9 alte, ghiacciai in ritirata e nevicate sempre pi\u00f9 irregolari stanno mettendo in difficolt\u00e0 il turismo invernale tradizionale. Sulle Alpi, ad esempio, la stagione della neve oggi dura fino a un mese in meno rispetto a cinquant\u2019anni fa, mentre tra il 1982 e [&hellip;]<\/p>\n","protected":false},"author":16,"featured_media":71612,"comment_status":"closed","ping_status":"closed","sticky":false,"template":"","format":"video","meta":{"jnews-multi-image_gallery":[],"jnews_single_post":[],"jnews_primary_category":[],"jnews_social_meta":[],"jnews_override_counter":[],"jnews_post_split":[],"footnotes":""},"categories":[1171],"tags":[],"class_list":["post-71611","post","type-post","status-publish","format-video","has-post-thumbnail","hentry","category-video","post_format-post-format-video"],"yoast_head":"<!-- This site is optimized with the Yoast SEO plugin v27.5 - https:\/\/yoast.com\/product\/yoast-seo-wordpress\/ -->\n<title>Crisi climatica in montagna, meno neve e pi\u00f9 impianti chiusi - Live Magazine<\/title>\n<meta name=\"robots\" content=\"index, follow, max-snippet:-1, max-image-preview:large, max-video-preview:-1\" \/>\n<link rel=\"canonical\" href=\"https:\/\/www.livemag.it\/index.php\/2026\/03\/13\/crisi-climatica-in-montagna-meno-neve-e-piu-impianti-chiusi\/\" \/>\n<meta property=\"og:locale\" content=\"it_IT\" \/>\n<meta property=\"og:type\" content=\"article\" \/>\n<meta property=\"og:title\" content=\"Crisi climatica in montagna, meno neve e pi\u00f9 impianti chiusi - Live Magazine\" \/>\n<meta property=\"og:description\" content=\"ROMA (ITALPRESS) &#8211; Il cambiamento climatico sta trasformando le montagne italiane. Temperature pi\u00f9 alte, ghiacciai in ritirata e nevicate sempre pi\u00f9 irregolari stanno mettendo in difficolt\u00e0 il turismo invernale tradizionale. Sulle Alpi, ad esempio, la stagione della neve oggi dura fino a un mese in meno rispetto a cinquant\u2019anni fa, mentre tra il 1982 e [&hellip;]\" \/>\n<meta property=\"og:url\" content=\"https:\/\/www.livemag.it\/index.php\/2026\/03\/13\/crisi-climatica-in-montagna-meno-neve-e-piu-impianti-chiusi\/\" \/>\n<meta property=\"og:site_name\" content=\"Live Magazine\" \/>\n<meta property=\"article:publisher\" content=\"https:\/\/www.facebook.com\/LiveMag\/\" \/>\n<meta property=\"article:published_time\" content=\"2026-03-13T20:02:58+00:00\" \/>\n<meta property=\"og:image\" content=\"https:\/\/www.livemag.it\/wp-content\/uploads\/2024\/02\/ograph.jpg\" \/>\n\t<meta property=\"og:image:width\" content=\"1200\" \/>\n\t<meta property=\"og:image:height\" content=\"675\" \/>\n\t<meta property=\"og:image:type\" content=\"image\/jpeg\" \/>\n<meta name=\"author\" content=\"italpress\" \/>\n<meta name=\"twitter:card\" content=\"summary_large_image\" \/>\n<meta name=\"twitter:creator\" content=\"@LiveNotizie\" \/>\n<meta name=\"twitter:site\" content=\"@LiveNotizie\" \/>\n<meta name=\"twitter:label1\" content=\"Scritto da\" \/>\n\t<meta name=\"twitter:data1\" content=\"italpress\" \/>\n\t<meta name=\"twitter:label2\" content=\"Tempo di lettura stimato\" \/>\n\t<meta name=\"twitter:data2\" content=\"1 minuto\" \/>\n<script type=\"application\/ld+json\" class=\"yoast-schema-graph\">{\"@context\":\"https:\\\/\\\/schema.org\",\"@graph\":[{\"@type\":\"Article\",\"@id\":\"https:\\\/\\\/www.livemag.it\\\/index.php\\\/2026\\\/03\\\/13\\\/crisi-climatica-in-montagna-meno-neve-e-piu-impianti-chiusi\\\/#article\",\"isPartOf\":{\"@id\":\"https:\\\/\\\/www.livemag.it\\\/index.php\\\/2026\\\/03\\\/13\\\/crisi-climatica-in-montagna-meno-neve-e-piu-impianti-chiusi\\\/\"},\"author\":{\"name\":\"italpress\",\"@id\":\"https:\\\/\\\/www.livemag.it\\\/#\\\/schema\\\/person\\\/b62c5f44451fdcdaeb0afe6c2424e73c\"},\"headline\":\"Crisi climatica in montagna, meno neve e pi\u00f9 impianti chiusi\",\"datePublished\":\"2026-03-13T20:02:58+00:00\",\"mainEntityOfPage\":{\"@id\":\"https:\\\/\\\/www.livemag.it\\\/index.php\\\/2026\\\/03\\\/13\\\/crisi-climatica-in-montagna-meno-neve-e-piu-impianti-chiusi\\\/\"},\"wordCount\":260,\"publisher\":{\"@id\":\"https:\\\/\\\/www.livemag.it\\\/#organization\"},\"image\":{\"@id\":\"https:\\\/\\\/www.livemag.it\\\/index.php\\\/2026\\\/03\\\/13\\\/crisi-climatica-in-montagna-meno-neve-e-piu-impianti-chiusi\\\/#primaryimage\"},\"thumbnailUrl\":\"https:\\\/\\\/www.livemag.it\\\/wp-content\\\/uploads\\\/2026\\\/03\\\/wq28.jpg\",\"articleSection\":[\"Video\"],\"inLanguage\":\"it-IT\"},{\"@type\":\"WebPage\",\"@id\":\"https:\\\/\\\/www.livemag.it\\\/index.php\\\/2026\\\/03\\\/13\\\/crisi-climatica-in-montagna-meno-neve-e-piu-impianti-chiusi\\\/\",\"url\":\"https:\\\/\\\/www.livemag.it\\\/index.php\\\/2026\\\/03\\\/13\\\/crisi-climatica-in-montagna-meno-neve-e-piu-impianti-chiusi\\\/\",\"name\":\"Crisi climatica in montagna, meno neve e pi\u00f9 impianti chiusi - Live Magazine\",\"isPartOf\":{\"@id\":\"https:\\\/\\\/www.livemag.it\\\/#website\"},\"primaryImageOfPage\":{\"@id\":\"https:\\\/\\\/www.livemag.it\\\/index.php\\\/2026\\\/03\\\/13\\\/crisi-climatica-in-montagna-meno-neve-e-piu-impianti-chiusi\\\/#primaryimage\"},\"image\":{\"@id\":\"https:\\\/\\\/www.livemag.it\\\/index.php\\\/2026\\\/03\\\/13\\\/crisi-climatica-in-montagna-meno-neve-e-piu-impianti-chiusi\\\/#primaryimage\"},\"thumbnailUrl\":\"https:\\\/\\\/www.livemag.it\\\/wp-content\\\/uploads\\\/2026\\\/03\\\/wq28.jpg\",\"datePublished\":\"2026-03-13T20:02:58+00:00\",\"breadcrumb\":{\"@id\":\"https:\\\/\\\/www.livemag.it\\\/index.php\\\/2026\\\/03\\\/13\\\/crisi-climatica-in-montagna-meno-neve-e-piu-impianti-chiusi\\\/#breadcrumb\"},\"inLanguage\":\"it-IT\",\"potentialAction\":[{\"@type\":\"ReadAction\",\"target\":[\"https:\\\/\\\/www.livemag.it\\\/index.php\\\/2026\\\/03\\\/13\\\/crisi-climatica-in-montagna-meno-neve-e-piu-impianti-chiusi\\\/\"]}]},{\"@type\":\"ImageObject\",\"inLanguage\":\"it-IT\",\"@id\":\"https:\\\/\\\/www.livemag.it\\\/index.php\\\/2026\\\/03\\\/13\\\/crisi-climatica-in-montagna-meno-neve-e-piu-impianti-chiusi\\\/#primaryimage\",\"url\":\"https:\\\/\\\/www.livemag.it\\\/wp-content\\\/uploads\\\/2026\\\/03\\\/wq28.jpg\",\"contentUrl\":\"https:\\\/\\\/www.livemag.it\\\/wp-content\\\/uploads\\\/2026\\\/03\\\/wq28.jpg\",\"width\":1920,\"height\":1080},{\"@type\":\"BreadcrumbList\",\"@id\":\"https:\\\/\\\/www.livemag.it\\\/index.php\\\/2026\\\/03\\\/13\\\/crisi-climatica-in-montagna-meno-neve-e-piu-impianti-chiusi\\\/#breadcrumb\",\"itemListElement\":[{\"@type\":\"ListItem\",\"position\":1,\"name\":\"Home\",\"item\":\"https:\\\/\\\/www.livemag.it\\\/\"},{\"@type\":\"ListItem\",\"position\":2,\"name\":\"Crisi climatica in montagna, meno neve e pi\u00f9 impianti chiusi\"}]},{\"@type\":\"WebSite\",\"@id\":\"https:\\\/\\\/www.livemag.it\\\/#website\",\"url\":\"https:\\\/\\\/www.livemag.it\\\/\",\"name\":\"Live Magazine\",\"description\":\"Varie ed eventi\",\"publisher\":{\"@id\":\"https:\\\/\\\/www.livemag.it\\\/#organization\"},\"potentialAction\":[{\"@type\":\"SearchAction\",\"target\":{\"@type\":\"EntryPoint\",\"urlTemplate\":\"https:\\\/\\\/www.livemag.it\\\/?s={search_term_string}\"},\"query-input\":{\"@type\":\"PropertyValueSpecification\",\"valueRequired\":true,\"valueName\":\"search_term_string\"}}],\"inLanguage\":\"it-IT\"},{\"@type\":\"Organization\",\"@id\":\"https:\\\/\\\/www.livemag.it\\\/#organization\",\"name\":\"LiveMag\",\"alternateName\":\"LiveMag News ed eventi\",\"url\":\"https:\\\/\\\/www.livemag.it\\\/\",\"logo\":{\"@type\":\"ImageObject\",\"inLanguage\":\"it-IT\",\"@id\":\"https:\\\/\\\/www.livemag.it\\\/#\\\/schema\\\/logo\\\/image\\\/\",\"url\":\"https:\\\/\\\/www.livemag.it\\\/wp-content\\\/uploads\\\/2024\\\/02\\\/immagine-sito.jpg\",\"contentUrl\":\"https:\\\/\\\/www.livemag.it\\\/wp-content\\\/uploads\\\/2024\\\/02\\\/immagine-sito.jpg\",\"width\":696,\"height\":696,\"caption\":\"LiveMag\"},\"image\":{\"@id\":\"https:\\\/\\\/www.livemag.it\\\/#\\\/schema\\\/logo\\\/image\\\/\"},\"sameAs\":[\"https:\\\/\\\/www.facebook.com\\\/LiveMag\\\/\",\"https:\\\/\\\/x.com\\\/LiveNotizie\",\"https:\\\/\\\/www.instagram.com\\\/livemag\\\/\"]},{\"@type\":\"Person\",\"@id\":\"https:\\\/\\\/www.livemag.it\\\/#\\\/schema\\\/person\\\/b62c5f44451fdcdaeb0afe6c2424e73c\",\"name\":\"italpress\",\"image\":{\"@type\":\"ImageObject\",\"inLanguage\":\"it-IT\",\"@id\":\"https:\\\/\\\/secure.gravatar.com\\\/avatar\\\/b6a21695fc713ce7ee312cf57c97e2e641feb365be72d8745574d3c3e2b59066?s=96&r=g\",\"url\":\"https:\\\/\\\/secure.gravatar.com\\\/avatar\\\/b6a21695fc713ce7ee312cf57c97e2e641feb365be72d8745574d3c3e2b59066?s=96&r=g\",\"contentUrl\":\"https:\\\/\\\/secure.gravatar.com\\\/avatar\\\/b6a21695fc713ce7ee312cf57c97e2e641feb365be72d8745574d3c3e2b59066?s=96&r=g\",\"caption\":\"italpress\"},\"description\":\"Italpress \u00e8 un'agenzia di stampa italiana a carattere nazionale.\",\"url\":\"https:\\\/\\\/www.livemag.it\\\/index.php\\\/author\\\/italpress\\\/\"}]}<\/script>\n<!-- \/ Yoast SEO plugin. -->","yoast_head_json":{"title":"Crisi climatica in montagna, meno neve e pi\u00f9 impianti chiusi - Live Magazine","robots":{"index":"index","follow":"follow","max-snippet":"max-snippet:-1","max-image-preview":"max-image-preview:large","max-video-preview":"max-video-preview:-1"},"canonical":"https:\/\/www.livemag.it\/index.php\/2026\/03\/13\/crisi-climatica-in-montagna-meno-neve-e-piu-impianti-chiusi\/","og_locale":"it_IT","og_type":"article","og_title":"Crisi climatica in montagna, meno neve e pi\u00f9 impianti chiusi - Live Magazine","og_description":"ROMA (ITALPRESS) &#8211; Il cambiamento climatico sta trasformando le montagne italiane. Temperature pi\u00f9 alte, ghiacciai in ritirata e nevicate sempre pi\u00f9 irregolari stanno mettendo in difficolt\u00e0 il turismo invernale tradizionale. Sulle Alpi, ad esempio, la stagione della neve oggi dura fino a un mese in meno rispetto a cinquant\u2019anni fa, mentre tra il 1982 e [&hellip;]","og_url":"https:\/\/www.livemag.it\/index.php\/2026\/03\/13\/crisi-climatica-in-montagna-meno-neve-e-piu-impianti-chiusi\/","og_site_name":"Live Magazine","article_publisher":"https:\/\/www.facebook.com\/LiveMag\/","article_published_time":"2026-03-13T20:02:58+00:00","og_image":[{"width":1200,"height":675,"url":"https:\/\/www.livemag.it\/wp-content\/uploads\/2024\/02\/ograph.jpg","type":"image\/jpeg"}],"author":"italpress","twitter_card":"summary_large_image","twitter_creator":"@LiveNotizie","twitter_site":"@LiveNotizie","twitter_misc":{"Scritto da":"italpress","Tempo di lettura stimato":"1 minuto"},"schema":{"@context":"https:\/\/schema.org","@graph":[{"@type":"Article","@id":"https:\/\/www.livemag.it\/index.php\/2026\/03\/13\/crisi-climatica-in-montagna-meno-neve-e-piu-impianti-chiusi\/#article","isPartOf":{"@id":"https:\/\/www.livemag.it\/index.php\/2026\/03\/13\/crisi-climatica-in-montagna-meno-neve-e-piu-impianti-chiusi\/"},"author":{"name":"italpress","@id":"https:\/\/www.livemag.it\/#\/schema\/person\/b62c5f44451fdcdaeb0afe6c2424e73c"},"headline":"Crisi climatica in montagna, meno neve e pi\u00f9 impianti chiusi","datePublished":"2026-03-13T20:02:58+00:00","mainEntityOfPage":{"@id":"https:\/\/www.livemag.it\/index.php\/2026\/03\/13\/crisi-climatica-in-montagna-meno-neve-e-piu-impianti-chiusi\/"},"wordCount":260,"publisher":{"@id":"https:\/\/www.livemag.it\/#organization"},"image":{"@id":"https:\/\/www.livemag.it\/index.php\/2026\/03\/13\/crisi-climatica-in-montagna-meno-neve-e-piu-impianti-chiusi\/#primaryimage"},"thumbnailUrl":"https:\/\/www.livemag.it\/wp-content\/uploads\/2026\/03\/wq28.jpg","articleSection":["Video"],"inLanguage":"it-IT"},{"@type":"WebPage","@id":"https:\/\/www.livemag.it\/index.php\/2026\/03\/13\/crisi-climatica-in-montagna-meno-neve-e-piu-impianti-chiusi\/","url":"https:\/\/www.livemag.it\/index.php\/2026\/03\/13\/crisi-climatica-in-montagna-meno-neve-e-piu-impianti-chiusi\/","name":"Crisi climatica in montagna, meno neve e pi\u00f9 impianti chiusi - Live Magazine","isPartOf":{"@id":"https:\/\/www.livemag.it\/#website"},"primaryImageOfPage":{"@id":"https:\/\/www.livemag.it\/index.php\/2026\/03\/13\/crisi-climatica-in-montagna-meno-neve-e-piu-impianti-chiusi\/#primaryimage"},"image":{"@id":"https:\/\/www.livemag.it\/index.php\/2026\/03\/13\/crisi-climatica-in-montagna-meno-neve-e-piu-impianti-chiusi\/#primaryimage"},"thumbnailUrl":"https:\/\/www.livemag.it\/wp-content\/uploads\/2026\/03\/wq28.jpg","datePublished":"2026-03-13T20:02:58+00:00","breadcrumb":{"@id":"https:\/\/www.livemag.it\/index.php\/2026\/03\/13\/crisi-climatica-in-montagna-meno-neve-e-piu-impianti-chiusi\/#breadcrumb"},"inLanguage":"it-IT","potentialAction":[{"@type":"ReadAction","target":["https:\/\/www.livemag.it\/index.php\/2026\/03\/13\/crisi-climatica-in-montagna-meno-neve-e-piu-impianti-chiusi\/"]}]},{"@type":"ImageObject","inLanguage":"it-IT","@id":"https:\/\/www.livemag.it\/index.php\/2026\/03\/13\/crisi-climatica-in-montagna-meno-neve-e-piu-impianti-chiusi\/#primaryimage","url":"https:\/\/www.livemag.it\/wp-content\/uploads\/2026\/03\/wq28.jpg","contentUrl":"https:\/\/www.livemag.it\/wp-content\/uploads\/2026\/03\/wq28.jpg","width":1920,"height":1080},{"@type":"BreadcrumbList","@id":"https:\/\/www.livemag.it\/index.php\/2026\/03\/13\/crisi-climatica-in-montagna-meno-neve-e-piu-impianti-chiusi\/#breadcrumb","itemListElement":[{"@type":"ListItem","position":1,"name":"Home","item":"https:\/\/www.livemag.it\/"},{"@type":"ListItem","position":2,"name":"Crisi climatica in montagna, meno neve e pi\u00f9 impianti chiusi"}]},{"@type":"WebSite","@id":"https:\/\/www.livemag.it\/#website","url":"https:\/\/www.livemag.it\/","name":"Live Magazine","description":"Varie ed eventi","publisher":{"@id":"https:\/\/www.livemag.it\/#organization"},"potentialAction":[{"@type":"SearchAction","target":{"@type":"EntryPoint","urlTemplate":"https:\/\/www.livemag.it\/?s={search_term_string}"},"query-input":{"@type":"PropertyValueSpecification","valueRequired":true,"valueName":"search_term_string"}}],"inLanguage":"it-IT"},{"@type":"Organization","@id":"https:\/\/www.livemag.it\/#organization","name":"LiveMag","alternateName":"LiveMag News ed eventi","url":"https:\/\/www.livemag.it\/","logo":{"@type":"ImageObject","inLanguage":"it-IT","@id":"https:\/\/www.livemag.it\/#\/schema\/logo\/image\/","url":"https:\/\/www.livemag.it\/wp-content\/uploads\/2024\/02\/immagine-sito.jpg","contentUrl":"https:\/\/www.livemag.it\/wp-content\/uploads\/2024\/02\/immagine-sito.jpg","width":696,"height":696,"caption":"LiveMag"},"image":{"@id":"https:\/\/www.livemag.it\/#\/schema\/logo\/image\/"},"sameAs":["https:\/\/www.facebook.com\/LiveMag\/","https:\/\/x.com\/LiveNotizie","https:\/\/www.instagram.com\/livemag\/"]},{"@type":"Person","@id":"https:\/\/www.livemag.it\/#\/schema\/person\/b62c5f44451fdcdaeb0afe6c2424e73c","name":"italpress","image":{"@type":"ImageObject","inLanguage":"it-IT","@id":"https:\/\/secure.gravatar.com\/avatar\/b6a21695fc713ce7ee312cf57c97e2e641feb365be72d8745574d3c3e2b59066?s=96&r=g","url":"https:\/\/secure.gravatar.com\/avatar\/b6a21695fc713ce7ee312cf57c97e2e641feb365be72d8745574d3c3e2b59066?s=96&r=g","contentUrl":"https:\/\/secure.gravatar.com\/avatar\/b6a21695fc713ce7ee312cf57c97e2e641feb365be72d8745574d3c3e2b59066?s=96&r=g","caption":"italpress"},"description":"Italpress \u00e8 un'agenzia di stampa italiana a carattere nazionale.","url":"https:\/\/www.livemag.it\/index.php\/author\/italpress\/"}]}},"jetpack_featured_media_url":"https:\/\/www.livemag.it\/wp-content\/uploads\/2026\/03\/wq28.jpg","_links":{"self":[{"href":"https:\/\/www.livemag.it\/index.php\/wp-json\/wp\/v2\/posts\/71611","targetHints":{"allow":["GET"]}}],"collection":[{"href":"https:\/\/www.livemag.it\/index.php\/wp-json\/wp\/v2\/posts"}],"about":[{"href":"https:\/\/www.livemag.it\/index.php\/wp-json\/wp\/v2\/types\/post"}],"author":[{"embeddable":true,"href":"https:\/\/www.livemag.it\/index.php\/wp-json\/wp\/v2\/users\/16"}],"replies":[{"embeddable":true,"href":"https:\/\/www.livemag.it\/index.php\/wp-json\/wp\/v2\/comments?post=71611"}],"version-history":[{"count":0,"href":"https:\/\/www.livemag.it\/index.php\/wp-json\/wp\/v2\/posts\/71611\/revisions"}],"wp:featuredmedia":[{"embeddable":true,"href":"https:\/\/www.livemag.it\/index.php\/wp-json\/wp\/v2\/media\/71612"}],"wp:attachment":[{"href":"https:\/\/www.livemag.it\/index.php\/wp-json\/wp\/v2\/media?parent=71611"}],"wp:term":[{"taxonomy":"category","embeddable":true,"href":"https:\/\/www.livemag.it\/index.php\/wp-json\/wp\/v2\/categories?post=71611"},{"taxonomy":"post_tag","embeddable":true,"href":"https:\/\/www.livemag.it\/index.php\/wp-json\/wp\/v2\/tags?post=71611"}],"curies":[{"name":"wp","href":"https:\/\/api.w.org\/{rel}","templated":true}]}}