{"id":71609,"date":"2026-03-13T21:02:55","date_gmt":"2026-03-13T20:02:55","guid":{"rendered":"https:\/\/www.livemag.it\/index.php\/2026\/03\/13\/traghetti-inquinanti-litalia-prima-in-europa-per-emissioni\/"},"modified":"2026-03-13T21:02:55","modified_gmt":"2026-03-13T20:02:55","slug":"traghetti-inquinanti-litalia-prima-in-europa-per-emissioni","status":"publish","type":"post","link":"https:\/\/www.livemag.it\/index.php\/2026\/03\/13\/traghetti-inquinanti-litalia-prima-in-europa-per-emissioni\/","title":{"rendered":"Traghetti inquinanti, l\u2019Italia prima in Europa per emissioni"},"content":{"rendered":"<p>    <video-js id=\"videojs69f22fe7e8b3f\" class=\"vjs-big-play-centered\" controls preload=\"auto\" playsinline data-setup='{\"fluid\": true}'>\r\n        <source src=\"https:\/\/video.italpress.com\/play\/mp4\/video\/xr8B\" type=\"video\/mp4\" \/>\r\n    <\/video-js>\r\n           <br \/>\n<\/p>\n<div> ROMA (ITALPRESS) &#8211; I traghetti sono una componente fondamentale del trasporto marittimo europeo, ma rappresentano anche una fonte significativa di emissioni. Secondo un\u2019analisi dell\u2019organizzazione Transport &amp; Environment, in Europa oltre mille traghetti producono ogni anno circa 13,4 milioni di tonnellate di CO\u2082, l\u2019equivalente delle emissioni di 6,6 milioni di automobili.<br \/>\nA guidare la classifica \u00e8 proprio l\u2019Italia, con 2,4 milioni di tonnellate di CO\u2082, davanti a Spagna e Grecia. Il peso maggiore deriva soprattutto dal traffico domestico e dalle soste nei porti. Non a caso quattro scali italiani \u2013 Genova, Livorno, Palermo e Civitavecchia \u2013 figurano tra i primi dieci porti europei per emissioni legate ai traghetti.<br \/>\nGran parte dell\u2019inquinamento si concentra nel Mediterraneo, dove operano numerose rotte interne e navi spesso datate: l\u2019et\u00e0 media della flotta europea \u00e8 di circa 26 anni, segno che il rinnovo delle imbarcazioni diventa sempre pi\u00f9 urgente.<br \/>\nUna possibile soluzione \u00e8 l\u2019elettrificazione. Secondo lo studio, entro il 2035 circa il 60% dei traghetti europei potrebbe essere convertito all\u2019elettrico, con una riduzione delle emissioni di CO\u2082 fino al 42%. Si tratta di una transizione facilitata dal fatto che i traghetti percorrono rotte brevi e prevedibili, caratteristiche che rendono pi\u00f9 semplice l\u2019utilizzo delle batterie.<br \/>\nIn Italia il potenziale \u00e8 particolarmente elevato. La flotta conta 167 traghetti e gi\u00e0 oggi oltre la met\u00e0 potrebbe essere sostituita con navi completamente elettriche, mentre un\u2019ulteriore quota potrebbe funzionare con sistemi ibridi.<br \/>\nLa sfida principale riguarda per\u00f2 le infrastrutture nei porti, che dovranno dotarsi di sistemi di ricarica adeguati. Secondo gli esperti, con il calo dei costi delle batterie e il progressivo rinnovo delle flotte, l\u2019elettrificazione dei traghetti potrebbe diventare non solo una scelta ambientale, ma anche economicamente conveniente, contribuendo a ridurre l\u2019inquinamento e migliorare la qualit\u00e0 dell\u2019aria nelle citt\u00e0 portuali.<br \/>\ngsl<\/div>\n","protected":false},"excerpt":{"rendered":"<p>ROMA (ITALPRESS) &#8211; I traghetti sono una componente fondamentale del trasporto marittimo europeo, ma rappresentano anche una fonte significativa di emissioni. Secondo un\u2019analisi dell\u2019organizzazione Transport &amp; Environment, in Europa oltre mille traghetti producono ogni anno circa 13,4 milioni di tonnellate di CO\u2082, l\u2019equivalente delle emissioni di 6,6 milioni di automobili. A guidare la classifica \u00e8 [&hellip;]<\/p>\n","protected":false},"author":16,"featured_media":71610,"comment_status":"closed","ping_status":"closed","sticky":false,"template":"","format":"video","meta":{"jnews-multi-image_gallery":[],"jnews_single_post":[],"jnews_primary_category":[],"jnews_social_meta":[],"jnews_override_counter":[],"jnews_post_split":[],"footnotes":""},"categories":[1171],"tags":[],"class_list":["post-71609","post","type-post","status-publish","format-video","has-post-thumbnail","hentry","category-video","post_format-post-format-video"],"yoast_head":"<!-- This site is optimized with the Yoast SEO plugin v27.5 - https:\/\/yoast.com\/product\/yoast-seo-wordpress\/ -->\n<title>Traghetti inquinanti, l\u2019Italia prima in Europa per emissioni - Live Magazine<\/title>\n<meta name=\"robots\" content=\"index, follow, max-snippet:-1, max-image-preview:large, max-video-preview:-1\" \/>\n<link rel=\"canonical\" href=\"https:\/\/www.livemag.it\/index.php\/2026\/03\/13\/traghetti-inquinanti-litalia-prima-in-europa-per-emissioni\/\" \/>\n<meta property=\"og:locale\" content=\"it_IT\" \/>\n<meta property=\"og:type\" content=\"article\" \/>\n<meta property=\"og:title\" content=\"Traghetti inquinanti, l\u2019Italia prima in Europa per emissioni - Live Magazine\" \/>\n<meta property=\"og:description\" content=\"ROMA (ITALPRESS) &#8211; I traghetti sono una componente fondamentale del trasporto marittimo europeo, ma rappresentano anche una fonte significativa di emissioni. Secondo un\u2019analisi dell\u2019organizzazione Transport &amp; Environment, in Europa oltre mille traghetti producono ogni anno circa 13,4 milioni di tonnellate di CO\u2082, l\u2019equivalente delle emissioni di 6,6 milioni di automobili. A guidare la classifica \u00e8 [&hellip;]\" \/>\n<meta property=\"og:url\" content=\"https:\/\/www.livemag.it\/index.php\/2026\/03\/13\/traghetti-inquinanti-litalia-prima-in-europa-per-emissioni\/\" \/>\n<meta property=\"og:site_name\" content=\"Live Magazine\" \/>\n<meta property=\"article:publisher\" content=\"https:\/\/www.facebook.com\/LiveMag\/\" \/>\n<meta property=\"article:published_time\" content=\"2026-03-13T20:02:55+00:00\" \/>\n<meta property=\"og:image\" content=\"https:\/\/www.livemag.it\/wp-content\/uploads\/2024\/02\/ograph.jpg\" \/>\n\t<meta property=\"og:image:width\" content=\"1200\" \/>\n\t<meta property=\"og:image:height\" content=\"675\" \/>\n\t<meta property=\"og:image:type\" content=\"image\/jpeg\" \/>\n<meta name=\"author\" content=\"italpress\" \/>\n<meta name=\"twitter:card\" content=\"summary_large_image\" \/>\n<meta name=\"twitter:creator\" content=\"@LiveNotizie\" \/>\n<meta name=\"twitter:site\" content=\"@LiveNotizie\" \/>\n<meta name=\"twitter:label1\" content=\"Scritto da\" \/>\n\t<meta name=\"twitter:data1\" content=\"italpress\" \/>\n\t<meta name=\"twitter:label2\" content=\"Tempo di lettura stimato\" \/>\n\t<meta name=\"twitter:data2\" content=\"2 minuti\" \/>\n<script type=\"application\/ld+json\" class=\"yoast-schema-graph\">{\"@context\":\"https:\\\/\\\/schema.org\",\"@graph\":[{\"@type\":\"Article\",\"@id\":\"https:\\\/\\\/www.livemag.it\\\/index.php\\\/2026\\\/03\\\/13\\\/traghetti-inquinanti-litalia-prima-in-europa-per-emissioni\\\/#article\",\"isPartOf\":{\"@id\":\"https:\\\/\\\/www.livemag.it\\\/index.php\\\/2026\\\/03\\\/13\\\/traghetti-inquinanti-litalia-prima-in-europa-per-emissioni\\\/\"},\"author\":{\"name\":\"italpress\",\"@id\":\"https:\\\/\\\/www.livemag.it\\\/#\\\/schema\\\/person\\\/b62c5f44451fdcdaeb0afe6c2424e73c\"},\"headline\":\"Traghetti inquinanti, l\u2019Italia prima in Europa per emissioni\",\"datePublished\":\"2026-03-13T20:02:55+00:00\",\"mainEntityOfPage\":{\"@id\":\"https:\\\/\\\/www.livemag.it\\\/index.php\\\/2026\\\/03\\\/13\\\/traghetti-inquinanti-litalia-prima-in-europa-per-emissioni\\\/\"},\"wordCount\":311,\"publisher\":{\"@id\":\"https:\\\/\\\/www.livemag.it\\\/#organization\"},\"image\":{\"@id\":\"https:\\\/\\\/www.livemag.it\\\/index.php\\\/2026\\\/03\\\/13\\\/traghetti-inquinanti-litalia-prima-in-europa-per-emissioni\\\/#primaryimage\"},\"thumbnailUrl\":\"https:\\\/\\\/www.livemag.it\\\/wp-content\\\/uploads\\\/2026\\\/03\\\/xr8B.jpg\",\"articleSection\":[\"Video\"],\"inLanguage\":\"it-IT\"},{\"@type\":\"WebPage\",\"@id\":\"https:\\\/\\\/www.livemag.it\\\/index.php\\\/2026\\\/03\\\/13\\\/traghetti-inquinanti-litalia-prima-in-europa-per-emissioni\\\/\",\"url\":\"https:\\\/\\\/www.livemag.it\\\/index.php\\\/2026\\\/03\\\/13\\\/traghetti-inquinanti-litalia-prima-in-europa-per-emissioni\\\/\",\"name\":\"Traghetti inquinanti, l\u2019Italia prima in Europa per emissioni - Live Magazine\",\"isPartOf\":{\"@id\":\"https:\\\/\\\/www.livemag.it\\\/#website\"},\"primaryImageOfPage\":{\"@id\":\"https:\\\/\\\/www.livemag.it\\\/index.php\\\/2026\\\/03\\\/13\\\/traghetti-inquinanti-litalia-prima-in-europa-per-emissioni\\\/#primaryimage\"},\"image\":{\"@id\":\"https:\\\/\\\/www.livemag.it\\\/index.php\\\/2026\\\/03\\\/13\\\/traghetti-inquinanti-litalia-prima-in-europa-per-emissioni\\\/#primaryimage\"},\"thumbnailUrl\":\"https:\\\/\\\/www.livemag.it\\\/wp-content\\\/uploads\\\/2026\\\/03\\\/xr8B.jpg\",\"datePublished\":\"2026-03-13T20:02:55+00:00\",\"breadcrumb\":{\"@id\":\"https:\\\/\\\/www.livemag.it\\\/index.php\\\/2026\\\/03\\\/13\\\/traghetti-inquinanti-litalia-prima-in-europa-per-emissioni\\\/#breadcrumb\"},\"inLanguage\":\"it-IT\",\"potentialAction\":[{\"@type\":\"ReadAction\",\"target\":[\"https:\\\/\\\/www.livemag.it\\\/index.php\\\/2026\\\/03\\\/13\\\/traghetti-inquinanti-litalia-prima-in-europa-per-emissioni\\\/\"]}]},{\"@type\":\"ImageObject\",\"inLanguage\":\"it-IT\",\"@id\":\"https:\\\/\\\/www.livemag.it\\\/index.php\\\/2026\\\/03\\\/13\\\/traghetti-inquinanti-litalia-prima-in-europa-per-emissioni\\\/#primaryimage\",\"url\":\"https:\\\/\\\/www.livemag.it\\\/wp-content\\\/uploads\\\/2026\\\/03\\\/xr8B.jpg\",\"contentUrl\":\"https:\\\/\\\/www.livemag.it\\\/wp-content\\\/uploads\\\/2026\\\/03\\\/xr8B.jpg\",\"width\":1920,\"height\":1080},{\"@type\":\"BreadcrumbList\",\"@id\":\"https:\\\/\\\/www.livemag.it\\\/index.php\\\/2026\\\/03\\\/13\\\/traghetti-inquinanti-litalia-prima-in-europa-per-emissioni\\\/#breadcrumb\",\"itemListElement\":[{\"@type\":\"ListItem\",\"position\":1,\"name\":\"Home\",\"item\":\"https:\\\/\\\/www.livemag.it\\\/\"},{\"@type\":\"ListItem\",\"position\":2,\"name\":\"Traghetti inquinanti, l\u2019Italia prima in Europa per emissioni\"}]},{\"@type\":\"WebSite\",\"@id\":\"https:\\\/\\\/www.livemag.it\\\/#website\",\"url\":\"https:\\\/\\\/www.livemag.it\\\/\",\"name\":\"Live Magazine\",\"description\":\"Varie ed eventi\",\"publisher\":{\"@id\":\"https:\\\/\\\/www.livemag.it\\\/#organization\"},\"potentialAction\":[{\"@type\":\"SearchAction\",\"target\":{\"@type\":\"EntryPoint\",\"urlTemplate\":\"https:\\\/\\\/www.livemag.it\\\/?s={search_term_string}\"},\"query-input\":{\"@type\":\"PropertyValueSpecification\",\"valueRequired\":true,\"valueName\":\"search_term_string\"}}],\"inLanguage\":\"it-IT\"},{\"@type\":\"Organization\",\"@id\":\"https:\\\/\\\/www.livemag.it\\\/#organization\",\"name\":\"LiveMag\",\"alternateName\":\"LiveMag News ed eventi\",\"url\":\"https:\\\/\\\/www.livemag.it\\\/\",\"logo\":{\"@type\":\"ImageObject\",\"inLanguage\":\"it-IT\",\"@id\":\"https:\\\/\\\/www.livemag.it\\\/#\\\/schema\\\/logo\\\/image\\\/\",\"url\":\"https:\\\/\\\/www.livemag.it\\\/wp-content\\\/uploads\\\/2024\\\/02\\\/immagine-sito.jpg\",\"contentUrl\":\"https:\\\/\\\/www.livemag.it\\\/wp-content\\\/uploads\\\/2024\\\/02\\\/immagine-sito.jpg\",\"width\":696,\"height\":696,\"caption\":\"LiveMag\"},\"image\":{\"@id\":\"https:\\\/\\\/www.livemag.it\\\/#\\\/schema\\\/logo\\\/image\\\/\"},\"sameAs\":[\"https:\\\/\\\/www.facebook.com\\\/LiveMag\\\/\",\"https:\\\/\\\/x.com\\\/LiveNotizie\",\"https:\\\/\\\/www.instagram.com\\\/livemag\\\/\"]},{\"@type\":\"Person\",\"@id\":\"https:\\\/\\\/www.livemag.it\\\/#\\\/schema\\\/person\\\/b62c5f44451fdcdaeb0afe6c2424e73c\",\"name\":\"italpress\",\"image\":{\"@type\":\"ImageObject\",\"inLanguage\":\"it-IT\",\"@id\":\"https:\\\/\\\/secure.gravatar.com\\\/avatar\\\/b6a21695fc713ce7ee312cf57c97e2e641feb365be72d8745574d3c3e2b59066?s=96&r=g\",\"url\":\"https:\\\/\\\/secure.gravatar.com\\\/avatar\\\/b6a21695fc713ce7ee312cf57c97e2e641feb365be72d8745574d3c3e2b59066?s=96&r=g\",\"contentUrl\":\"https:\\\/\\\/secure.gravatar.com\\\/avatar\\\/b6a21695fc713ce7ee312cf57c97e2e641feb365be72d8745574d3c3e2b59066?s=96&r=g\",\"caption\":\"italpress\"},\"description\":\"Italpress \u00e8 un'agenzia di stampa italiana a carattere nazionale.\",\"url\":\"https:\\\/\\\/www.livemag.it\\\/index.php\\\/author\\\/italpress\\\/\"}]}<\/script>\n<!-- \/ Yoast SEO plugin. -->","yoast_head_json":{"title":"Traghetti inquinanti, l\u2019Italia prima in Europa per emissioni - Live Magazine","robots":{"index":"index","follow":"follow","max-snippet":"max-snippet:-1","max-image-preview":"max-image-preview:large","max-video-preview":"max-video-preview:-1"},"canonical":"https:\/\/www.livemag.it\/index.php\/2026\/03\/13\/traghetti-inquinanti-litalia-prima-in-europa-per-emissioni\/","og_locale":"it_IT","og_type":"article","og_title":"Traghetti inquinanti, l\u2019Italia prima in Europa per emissioni - Live Magazine","og_description":"ROMA (ITALPRESS) &#8211; I traghetti sono una componente fondamentale del trasporto marittimo europeo, ma rappresentano anche una fonte significativa di emissioni. Secondo un\u2019analisi dell\u2019organizzazione Transport &amp; Environment, in Europa oltre mille traghetti producono ogni anno circa 13,4 milioni di tonnellate di CO\u2082, l\u2019equivalente delle emissioni di 6,6 milioni di automobili. A guidare la classifica \u00e8 [&hellip;]","og_url":"https:\/\/www.livemag.it\/index.php\/2026\/03\/13\/traghetti-inquinanti-litalia-prima-in-europa-per-emissioni\/","og_site_name":"Live Magazine","article_publisher":"https:\/\/www.facebook.com\/LiveMag\/","article_published_time":"2026-03-13T20:02:55+00:00","og_image":[{"width":1200,"height":675,"url":"https:\/\/www.livemag.it\/wp-content\/uploads\/2024\/02\/ograph.jpg","type":"image\/jpeg"}],"author":"italpress","twitter_card":"summary_large_image","twitter_creator":"@LiveNotizie","twitter_site":"@LiveNotizie","twitter_misc":{"Scritto da":"italpress","Tempo di lettura stimato":"2 minuti"},"schema":{"@context":"https:\/\/schema.org","@graph":[{"@type":"Article","@id":"https:\/\/www.livemag.it\/index.php\/2026\/03\/13\/traghetti-inquinanti-litalia-prima-in-europa-per-emissioni\/#article","isPartOf":{"@id":"https:\/\/www.livemag.it\/index.php\/2026\/03\/13\/traghetti-inquinanti-litalia-prima-in-europa-per-emissioni\/"},"author":{"name":"italpress","@id":"https:\/\/www.livemag.it\/#\/schema\/person\/b62c5f44451fdcdaeb0afe6c2424e73c"},"headline":"Traghetti inquinanti, l\u2019Italia prima in Europa per emissioni","datePublished":"2026-03-13T20:02:55+00:00","mainEntityOfPage":{"@id":"https:\/\/www.livemag.it\/index.php\/2026\/03\/13\/traghetti-inquinanti-litalia-prima-in-europa-per-emissioni\/"},"wordCount":311,"publisher":{"@id":"https:\/\/www.livemag.it\/#organization"},"image":{"@id":"https:\/\/www.livemag.it\/index.php\/2026\/03\/13\/traghetti-inquinanti-litalia-prima-in-europa-per-emissioni\/#primaryimage"},"thumbnailUrl":"https:\/\/www.livemag.it\/wp-content\/uploads\/2026\/03\/xr8B.jpg","articleSection":["Video"],"inLanguage":"it-IT"},{"@type":"WebPage","@id":"https:\/\/www.livemag.it\/index.php\/2026\/03\/13\/traghetti-inquinanti-litalia-prima-in-europa-per-emissioni\/","url":"https:\/\/www.livemag.it\/index.php\/2026\/03\/13\/traghetti-inquinanti-litalia-prima-in-europa-per-emissioni\/","name":"Traghetti inquinanti, l\u2019Italia prima in Europa per emissioni - Live Magazine","isPartOf":{"@id":"https:\/\/www.livemag.it\/#website"},"primaryImageOfPage":{"@id":"https:\/\/www.livemag.it\/index.php\/2026\/03\/13\/traghetti-inquinanti-litalia-prima-in-europa-per-emissioni\/#primaryimage"},"image":{"@id":"https:\/\/www.livemag.it\/index.php\/2026\/03\/13\/traghetti-inquinanti-litalia-prima-in-europa-per-emissioni\/#primaryimage"},"thumbnailUrl":"https:\/\/www.livemag.it\/wp-content\/uploads\/2026\/03\/xr8B.jpg","datePublished":"2026-03-13T20:02:55+00:00","breadcrumb":{"@id":"https:\/\/www.livemag.it\/index.php\/2026\/03\/13\/traghetti-inquinanti-litalia-prima-in-europa-per-emissioni\/#breadcrumb"},"inLanguage":"it-IT","potentialAction":[{"@type":"ReadAction","target":["https:\/\/www.livemag.it\/index.php\/2026\/03\/13\/traghetti-inquinanti-litalia-prima-in-europa-per-emissioni\/"]}]},{"@type":"ImageObject","inLanguage":"it-IT","@id":"https:\/\/www.livemag.it\/index.php\/2026\/03\/13\/traghetti-inquinanti-litalia-prima-in-europa-per-emissioni\/#primaryimage","url":"https:\/\/www.livemag.it\/wp-content\/uploads\/2026\/03\/xr8B.jpg","contentUrl":"https:\/\/www.livemag.it\/wp-content\/uploads\/2026\/03\/xr8B.jpg","width":1920,"height":1080},{"@type":"BreadcrumbList","@id":"https:\/\/www.livemag.it\/index.php\/2026\/03\/13\/traghetti-inquinanti-litalia-prima-in-europa-per-emissioni\/#breadcrumb","itemListElement":[{"@type":"ListItem","position":1,"name":"Home","item":"https:\/\/www.livemag.it\/"},{"@type":"ListItem","position":2,"name":"Traghetti inquinanti, l\u2019Italia prima in Europa per emissioni"}]},{"@type":"WebSite","@id":"https:\/\/www.livemag.it\/#website","url":"https:\/\/www.livemag.it\/","name":"Live Magazine","description":"Varie ed eventi","publisher":{"@id":"https:\/\/www.livemag.it\/#organization"},"potentialAction":[{"@type":"SearchAction","target":{"@type":"EntryPoint","urlTemplate":"https:\/\/www.livemag.it\/?s={search_term_string}"},"query-input":{"@type":"PropertyValueSpecification","valueRequired":true,"valueName":"search_term_string"}}],"inLanguage":"it-IT"},{"@type":"Organization","@id":"https:\/\/www.livemag.it\/#organization","name":"LiveMag","alternateName":"LiveMag News ed eventi","url":"https:\/\/www.livemag.it\/","logo":{"@type":"ImageObject","inLanguage":"it-IT","@id":"https:\/\/www.livemag.it\/#\/schema\/logo\/image\/","url":"https:\/\/www.livemag.it\/wp-content\/uploads\/2024\/02\/immagine-sito.jpg","contentUrl":"https:\/\/www.livemag.it\/wp-content\/uploads\/2024\/02\/immagine-sito.jpg","width":696,"height":696,"caption":"LiveMag"},"image":{"@id":"https:\/\/www.livemag.it\/#\/schema\/logo\/image\/"},"sameAs":["https:\/\/www.facebook.com\/LiveMag\/","https:\/\/x.com\/LiveNotizie","https:\/\/www.instagram.com\/livemag\/"]},{"@type":"Person","@id":"https:\/\/www.livemag.it\/#\/schema\/person\/b62c5f44451fdcdaeb0afe6c2424e73c","name":"italpress","image":{"@type":"ImageObject","inLanguage":"it-IT","@id":"https:\/\/secure.gravatar.com\/avatar\/b6a21695fc713ce7ee312cf57c97e2e641feb365be72d8745574d3c3e2b59066?s=96&r=g","url":"https:\/\/secure.gravatar.com\/avatar\/b6a21695fc713ce7ee312cf57c97e2e641feb365be72d8745574d3c3e2b59066?s=96&r=g","contentUrl":"https:\/\/secure.gravatar.com\/avatar\/b6a21695fc713ce7ee312cf57c97e2e641feb365be72d8745574d3c3e2b59066?s=96&r=g","caption":"italpress"},"description":"Italpress \u00e8 un'agenzia di stampa italiana a carattere nazionale.","url":"https:\/\/www.livemag.it\/index.php\/author\/italpress\/"}]}},"jetpack_featured_media_url":"https:\/\/www.livemag.it\/wp-content\/uploads\/2026\/03\/xr8B.jpg","_links":{"self":[{"href":"https:\/\/www.livemag.it\/index.php\/wp-json\/wp\/v2\/posts\/71609","targetHints":{"allow":["GET"]}}],"collection":[{"href":"https:\/\/www.livemag.it\/index.php\/wp-json\/wp\/v2\/posts"}],"about":[{"href":"https:\/\/www.livemag.it\/index.php\/wp-json\/wp\/v2\/types\/post"}],"author":[{"embeddable":true,"href":"https:\/\/www.livemag.it\/index.php\/wp-json\/wp\/v2\/users\/16"}],"replies":[{"embeddable":true,"href":"https:\/\/www.livemag.it\/index.php\/wp-json\/wp\/v2\/comments?post=71609"}],"version-history":[{"count":0,"href":"https:\/\/www.livemag.it\/index.php\/wp-json\/wp\/v2\/posts\/71609\/revisions"}],"wp:featuredmedia":[{"embeddable":true,"href":"https:\/\/www.livemag.it\/index.php\/wp-json\/wp\/v2\/media\/71610"}],"wp:attachment":[{"href":"https:\/\/www.livemag.it\/index.php\/wp-json\/wp\/v2\/media?parent=71609"}],"wp:term":[{"taxonomy":"category","embeddable":true,"href":"https:\/\/www.livemag.it\/index.php\/wp-json\/wp\/v2\/categories?post=71609"},{"taxonomy":"post_tag","embeddable":true,"href":"https:\/\/www.livemag.it\/index.php\/wp-json\/wp\/v2\/tags?post=71609"}],"curies":[{"name":"wp","href":"https:\/\/api.w.org\/{rel}","templated":true}]}}